{"id":14832,"date":"2019-02-18T14:24:32","date_gmt":"2019-02-18T11:24:32","guid":{"rendered":"https:\/\/mdu.edu.az\/mdu-aliml-rinin-2019-dzu-ild-yeni-d-rs-v-saiti\/"},"modified":"2019-02-18T14:24:32","modified_gmt":"2019-02-18T11:24:32","slug":"mdu-aliml-rinin-2019-dzu-ild-yeni-d-rs-v-saiti","status":"publish","type":"post","link":"https:\/\/mdu.edu.az\/ru\/mdu-aliml-rinin-2019-dzu-ild-yeni-d-rs-v-saiti\/","title":{"rendered":"MDU aliml\u0259rinin 2019-cu ild\u0259 yeni d\u0259rs v\u0259saiti"},"content":{"rendered":"<p style=\"text-align: center;\"><span style=\"color: #0000ff;\"><span style=\"font-family: 'times new roman', times; font-size: 14pt; color: #000000;\"><b><span style=\"color: blue;\">MDU aliml\u0259rinin 2019-cu ild\u0259 yeni d\u0259rs v\u0259saiti<\/span><\/b><\/span><span style=\"font-family: 'times new roman', times; font-size: 12pt; color: #000000;\"><b>&nbsp;<\/b><\/span><\/span><\/p>\n<p style=\"text-align: justify; text-indent: 27pt; line-height: 150%;\"><span style=\"color: #000000; font-family: 'times new roman', times; font-size: 12pt;\">Ming\u0259&ccedil;evir D&ouml;vl\u0259t Universitetinin aliml\u0259rinin &ldquo;Xarici dill\u0259r&rdquo; kafedras\u0131n\u0131n dosenti, p.f.d., Zenfira Mirs\u0259f\u0259r q\u0131z\u0131 \u018fzizovan\u0131n v\u0259 &ldquo;Pedaqogika v\u0259 psixologiya&rdquo; kafedras\u0131n\u0131n ba\u015f m&uuml;\u0259llimi, p.f.d. Sahib H&uuml;mm\u0259t o\u011flu \u018fliyevin yeni haz\u0131rlad\u0131qlar\u0131 &ldquo;Az\u0259rbaycan m\u0259kt\u0259b v\u0259 pedaqoji fikir tarixi&rdquo; adl\u0131 D\u0259rs v\u0259saiti n\u0259\u015fr olunub. D\u0259rs v\u0259saiti pedaqoji t\u0259may&uuml;ll&uuml; ali m\u0259kt\u0259bl\u0259rd\u0259 t\u0259hsil alan t\u0259l\u0259b\u0259l\u0259ri Az\u0259rbaycan xalq\u0131n\u0131n z\u0259ngin pedaqoji irsi, t\u0259lim, t\u0259hsil, t\u0259rbiy\u0259 n\u0259z\u0259riyy\u0259si v\u0259 t\u0259cr&uuml;b\u0259sinin tarixi il\u0259 tan\u0131\u015f edir, eyni zamanda onlarda m\u0259kt\u0259b v\u0259 pedaqoji fikir tarixinin &ouml;yr\u0259nilm\u0259sin\u0259 dair bilikl\u0259rin z\u0259nginl\u0259\u015fdirilm\u0259sin\u0259 xidm\u0259t edir. <\/span><\/p>\n<p style=\"text-align: justify; text-indent: 27pt; line-height: 150%;\"><span style=\"color: #000000; font-family: 'times new roman', times; font-size: 12pt;\">M&uuml;\u0259llifl\u0259rin fikrinc\u0259, Az\u0259rbaycan&ccedil;&uuml;nasl\u0131q anlam\u0131n\u0131n m\u0259zmun &ccedil;alar\u0131 geni&ccedil; v\u0259 r\u0259ngar\u0259ngdir. Az\u0259rbaycanda m\u0259kt\u0259b v\u0259 pedaqoji fikir tarixi bu m\u0259zmuna daxil olan \u0259sas istiqam\u0259tl\u0259rd\u0259n biridir. M\u0259n\u0259vi m\u0259d\u0259niyy\u0259tin formala\u015fmas\u0131na xidm\u0259t ed\u0259n pedaqiji fikirl\u0259r, ideyalar, \u0259m\u0259li i\u015fl\u0259r c\u0259miyy\u0259tin inki\u015faf\u0131na t\u0259kan ver\u0259n t\u0259m\u0259l rolunu oynam\u0131\u015f, \u0259srl\u0259r &ouml;td&uuml;kc\u0259 t\u0259rkibind\u0259 &ldquo;M\u0259kt\u0259b v\u0259 pedaqiji fikir tarixi&rdquo; adlanan elm sah\u0259si yaranm\u0131\u015fd\u0131r. <\/span><\/p>\n<p style=\"text-align: justify; text-indent: 27pt; line-height: 150%;\"><span style=\"color: #000000; font-family: 'times new roman', times; font-size: 12pt;\">&ldquo;M&uuml;rt\u0259cim n\u0259\u015friyyat\u0131nda&rdquo; n\u0259\u015fr olunan d\u0259rs v\u0259saiti pedaqoji t\u0259may&uuml;ll&uuml; ali t\u0259hsil m&uuml;\u0259ssis\u0259l\u0259rinin m&uuml;\u0259llim, doktorant, dissertant, magistrant v\u0259 bakalvrlar\u0131 &uuml;&ccedil;&uuml;n n\u0259z\u0259rd\u0259 tutulmu\u015fdur. &ldquo;Az\u0259rbaycan m\u0259kt\u0259b v\u0259 pedaqoji fikir tarixi&rdquo; adl\u0131 D\u0259rs v\u0259saiti 10 f\u0259sild\u0259n ibar\u0259t olmaqla, onun \u0259rs\u0259y\u0259 g\u0259lm\u0259sind\u0259 36 z\u0259ngin \u0259d\u0259biyyatdan istifad\u0259 olunmu\u015fdur. <\/span><\/p>\n<p style=\"margin-top: 0cm; margin-right: 0cm; margin-bottom: 0.0001pt; text-align: justify; text-indent: 35.45pt; line-height: 150%; background: white;\"><span style=\"font-family: 'times new roman', times; font-size: 12pt; color: #000000;\">&ldquo;Az\u0259rbaycan m\u0259kt\u0259b v\u0259 pedaqoji fikir tarixi&rdquo; adl\u0131 D\u0259rs v\u0259saitinin elmi redaktoru pedaqogika &uuml;zr\u0259 f\u0259ls\u0259f\u0259 doktoru, dosent Akif Hac\u0131yev, r\u0259y&ccedil;il\u0259r G\u0259nc\u0259 D&ouml;vl\u0259t Universitetinin &ldquo;Pedaqogika&rdquo; kafedras\u0131n\u0131n m&uuml;diri, professor, pedaqogika elml\u0259ri doktoru \u015eahin Ta\u011f\u0131yev, Ming\u0259&ccedil;evir D&ouml;vl\u0259t Universitetinin &ldquo;Pedaqogika v\u0259 psixologiya&rdquo; kafedras\u0131n\u0131n m&uuml;diri, pedaqogika &uuml;zr\u0259 f\u0259ls\u0259f\u0259 doktoru, dosent Sahib M\u0259mm\u0259dov, Ming\u0259&ccedil;evir D&ouml;vl\u0259t Universitetinin Pedaqoji fak&uuml;lt\u0259sinin dekan\u0131, tarix &uuml;zr\u0259 f\u0259ls\u0259f\u0259 doktoru, dosent Nizami Zeynalov v\u0259 Az\u0259rbaycan D&ouml;vl\u0259t \u0130qtisad Universitetinin Zaqatala filial\u0131n\u0131n dosenti, tarix &uuml;zr\u0259 f\u0259ls\u0259f\u0259 doktoru Camal Alxasov olmu\u015fdur.&nbsp;&nbsp;&nbsp;<\/span><\/p>\n<p style=\"text-align: justify; text-indent: 27pt; line-height: 150%;\"><span style=\"font-family: 'times new roman', times; font-size: 12pt; color: #000000;\"><span style=\"color: black; background: white;\">D\u0259rs v\u0259saiti Az\u0259rbaycan Respublikas\u0131 T\u0259hsil Nazirliyinin 1108 n&ouml;mr\u0259li 08.12.2015-ci il tarixli &ldquo;T\u0259dris v\u0259saitl\u0259rin\u0259 n\u0259\u015fr h&uuml;ququnun (qrif) verilm\u0259si m\u0259s\u0259l\u0259l\u0259rinin t\u0259nziml\u0259nm\u0259si bar\u0259d\u0259&rdquo; \u0259mrin\u0259 m&uuml;vafiq olaraq Ming\u0259&ccedil;evir D&ouml;vl\u0259t Universiteti Elmi \u015euras\u0131n\u0131n <\/span><span style=\"color: black;\">04 dekabr 2018-ci il tarixli 4 sayl\u0131 q\u0259rar\u0131 v\u0259 universitetin rektorunun 12 dekabr 2018-ci il tarixli 182 sayl\u0131 \u0259mril\u0259 <span style=\"background: white;\">t\u0259sdiq edilmi\u015fdir.<\/span><\/span><\/span><\/p>\n<p>{phocagallery view=category|categoryid=112|limitstart=0|limitcount=0}<\/p>","protected":false},"excerpt":{"rendered":"<p>MDU aliml\u0259rinin 2019-cu ild\u0259 yeni d\u0259rs v\u0259saiti&nbsp; Ming\u0259&ccedil;evir D&ouml;vl\u0259t Universitetinin aliml\u0259rinin &ldquo;Xarici dill\u0259r&rdquo; kafedras\u0131n\u0131n dosenti, p.f.d., Zenfira Mirs\u0259f\u0259r q\u0131z\u0131 \u018fzizovan\u0131n v\u0259 &ldquo;Pedaqogika v\u0259 psixologiya&rdquo; kafedras\u0131n\u0131n ba\u015f m&uuml;\u0259llimi, p.f.d. Sahib H&uuml;mm\u0259t o\u011flu \u018fliyevin yeni haz\u0131rlad\u0131qlar\u0131 &ldquo;Az\u0259rbaycan m\u0259kt\u0259b v\u0259 pedaqoji fikir tarixi&rdquo; adl\u0131 D\u0259rs v\u0259saiti n\u0259\u015fr olunub. D\u0259rs v\u0259saiti pedaqoji t\u0259may&uuml;ll&uuml; ali m\u0259kt\u0259bl\u0259rd\u0259 t\u0259hsil alan t\u0259l\u0259b\u0259l\u0259ri Az\u0259rbaycan [&hellip;]<\/p>\n","protected":false},"author":1,"featured_media":0,"comment_status":"open","ping_status":"open","sticky":false,"template":"","format":"standard","meta":{"_eb_attr":"","ocean_post_layout":"","ocean_both_sidebars_style":"","ocean_both_sidebars_content_width":0,"ocean_both_sidebars_sidebars_width":0,"ocean_sidebar":"","ocean_second_sidebar":"","ocean_disable_margins":"enable","ocean_add_body_class":"","ocean_shortcode_before_top_bar":"","ocean_shortcode_after_top_bar":"","ocean_shortcode_before_header":"","ocean_shortcode_after_header":"","ocean_has_shortcode":"","ocean_shortcode_after_title":"","ocean_shortcode_before_footer_widgets":"","ocean_shortcode_after_footer_widgets":"","ocean_shortcode_before_footer_bottom":"","ocean_shortcode_after_footer_bottom":"","ocean_display_top_bar":"default","ocean_display_header":"default","ocean_header_style":"","ocean_center_header_left_menu":"","ocean_custom_header_template":"","ocean_custom_logo":0,"ocean_custom_retina_logo":0,"ocean_custom_logo_max_width":0,"ocean_custom_logo_tablet_max_width":0,"ocean_custom_logo_mobile_max_width":0,"ocean_custom_logo_max_height":0,"ocean_custom_logo_tablet_max_height":0,"ocean_custom_logo_mobile_max_height":0,"ocean_header_custom_menu":"","ocean_menu_typo_font_family":"","ocean_menu_typo_font_subset":"","ocean_menu_typo_font_size":0,"ocean_menu_typo_font_size_tablet":0,"ocean_menu_typo_font_size_mobile":0,"ocean_menu_typo_font_size_unit":"px","ocean_menu_typo_font_weight":"","ocean_menu_typo_font_weight_tablet":"","ocean_menu_typo_font_weight_mobile":"","ocean_menu_typo_transform":"","ocean_menu_typo_transform_tablet":"","ocean_menu_typo_transform_mobile":"","ocean_menu_typo_line_height":0,"ocean_menu_typo_line_height_tablet":0,"ocean_menu_typo_line_height_mobile":0,"ocean_menu_typo_line_height_unit":"","ocean_menu_typo_spacing":0,"ocean_menu_typo_spacing_tablet":0,"ocean_menu_typo_spacing_mobile":0,"ocean_menu_typo_spacing_unit":"","ocean_menu_link_color":"","ocean_menu_link_color_hover":"","ocean_menu_link_color_active":"","ocean_menu_link_background":"","ocean_menu_link_hover_background":"","ocean_menu_link_active_background":"","ocean_menu_social_links_bg":"","ocean_menu_social_hover_links_bg":"","ocean_menu_social_links_color":"","ocean_menu_social_hover_links_color":"","ocean_disable_title":"default","ocean_disable_heading":"default","ocean_post_title":"","ocean_post_subheading":"","ocean_post_title_style":"","ocean_post_title_background_color":"","ocean_post_title_background":0,"ocean_post_title_bg_image_position":"","ocean_post_title_bg_image_attachment":"","ocean_post_title_bg_image_repeat":"","ocean_post_title_bg_image_size":"","ocean_post_title_height":0,"ocean_post_title_bg_overlay":0.5,"ocean_post_title_bg_overlay_color":"","ocean_disable_breadcrumbs":"default","ocean_breadcrumbs_color":"","ocean_breadcrumbs_separator_color":"","ocean_breadcrumbs_links_color":"","ocean_breadcrumbs_links_hover_color":"","ocean_display_footer_widgets":"default","ocean_display_footer_bottom":"default","ocean_custom_footer_template":"","ocean_post_oembed":"","ocean_post_self_hosted_media":"","ocean_post_video_embed":"","ocean_link_format":"","ocean_link_format_target":"self","ocean_quote_format":"","ocean_quote_format_link":"post","ocean_gallery_link_images":"on","ocean_gallery_id":[],"footnotes":""},"categories":[63],"tags":[],"class_list":["post-14832","post","type-post","status-publish","format-standard","hentry","category-khaebaerlaer-az","entry"],"_links":{"self":[{"href":"https:\/\/mdu.edu.az\/ru\/wp-json\/wp\/v2\/posts\/14832","targetHints":{"allow":["GET"]}}],"collection":[{"href":"https:\/\/mdu.edu.az\/ru\/wp-json\/wp\/v2\/posts"}],"about":[{"href":"https:\/\/mdu.edu.az\/ru\/wp-json\/wp\/v2\/types\/post"}],"author":[{"embeddable":true,"href":"https:\/\/mdu.edu.az\/ru\/wp-json\/wp\/v2\/users\/1"}],"replies":[{"embeddable":true,"href":"https:\/\/mdu.edu.az\/ru\/wp-json\/wp\/v2\/comments?post=14832"}],"version-history":[{"count":0,"href":"https:\/\/mdu.edu.az\/ru\/wp-json\/wp\/v2\/posts\/14832\/revisions"}],"wp:attachment":[{"href":"https:\/\/mdu.edu.az\/ru\/wp-json\/wp\/v2\/media?parent=14832"}],"wp:term":[{"taxonomy":"category","embeddable":true,"href":"https:\/\/mdu.edu.az\/ru\/wp-json\/wp\/v2\/categories?post=14832"},{"taxonomy":"post_tag","embeddable":true,"href":"https:\/\/mdu.edu.az\/ru\/wp-json\/wp\/v2\/tags?post=14832"}],"curies":[{"name":"wp","href":"https:\/\/api.w.org\/{rel}","templated":true}]}}