{"id":14839,"date":"2019-03-01T10:32:28","date_gmt":"2019-03-01T07:32:28","guid":{"rendered":"https:\/\/mdu.edu.az\/mdu-da-khodzal-soyzh-r-m-il-ba-l-d-yirmi-masa\/"},"modified":"2019-03-01T10:32:28","modified_gmt":"2019-03-01T07:32:28","slug":"mdu-da-khodzal-soyzh-r-m-il-ba-l-d-yirmi-masa","status":"publish","type":"post","link":"https:\/\/mdu.edu.az\/ru\/mdu-da-khodzal-soyzh-r-m-il-ba-l-d-yirmi-masa\/","title":{"rendered":"MDU-da Xocal\u0131 soyq\u0131r\u0131m\u0131 il\u0259 ba\u011fl\u0131 d\u0259yirmi masa"},"content":{"rendered":"<p style=\"margin-bottom: 0.0001pt; text-align: center;\"><span style=\"font-family: 'times new roman', times; font-size: 14pt; color: #0000ff;\"><b><span style=\"line-height: 115%; font-family: 'Times New Roman', serif;\">MDU-da Xocal\u0131 soyq\u0131r\u0131m\u0131 il\u0259 ba\u011fl\u0131 d\u0259yirmi masa<\/span><\/b><\/span><\/p>\n<p style=\"margin-bottom: 0.0001pt; text-align: justify; text-indent: 1cm;\"><span style=\"line-height: 115%; color: #000000; font-family: 'times new roman', times; font-size: 12pt;\">Ming\u0259&ccedil;evir D&ouml;vl\u0259t Universiteti T\u0259l\u0259b\u0259 G\u0259ncl\u0259r T\u0259\u015fkilat\u0131 v\u0259 \u0130qtisadiyyat v\u0259 idar\u0259etm\u0259 fak&uuml;lt\u0259si T\u0259l\u0259b\u0259 Elmi C\u0259miyy\u0259ti birg\u0259 Xocal\u0131 soyq\u0131r\u0131m\u0131n\u0131n 27-ci ild&ouml;n&uuml;m&uuml;n\u0259 h\u0259sr olunan &ldquo;Xocal\u0131 haray\u0131&rdquo; adl\u0131 D\u0259yirmi masa ke&ccedil;iribl\u0259r. <\/span><\/p>\n<p style=\"margin-bottom: 0.0001pt; text-align: justify; text-indent: 1cm;\"><span style=\"line-height: 115%; color: #000000; font-family: 'times new roman', times; font-size: 12pt;\">\u018fvv\u0259lc\u0259 faci\u0259 qurbanlar\u0131n\u0131n xatir\u0259si bir d\u0259qiq\u0259lik s&uuml;kutla yad&nbsp; edilib. <\/span><\/p>\n<p style=\"margin-bottom: 0.0001pt; text-align: justify; text-indent: 1cm;\"><span style=\"line-height: 115%; color: #000000; font-family: 'times new roman', times; font-size: 12pt;\">T\u0259dbiri giri\u015f s&ouml;z&uuml; il\u0259 \u0130qtisadiyyat v\u0259 idar\u0259etm\u0259 fak&uuml;lt\u0259sinin dekan\u0131, dosent N&uuml;\u015fab\u0259 Q\u0259dimli a&ccedil;\u0131b. N.Q\u0259dimli 1992-ci il fevral\u0131n 25-d\u0259n 26-na ke&ccedil;\u0259n gec\u0259 Az\u0259rbaycan\u0131n tarixind\u0259 qanl\u0131 hadis\u0259nin ba\u015f verdiyini qeyd edib. Bildirib ki, erm\u0259ni canil\u0259ri \u0259li silahs\u0131z \u0259haliy\u0259 qar\u015f\u0131 q\u0259ddarl\u0131qla, v\u0259h\u015filikl\u0259 soyq\u0131r\u0131m\u0131 akt\u0131 h\u0259yata ke&ccedil;iribl\u0259r. Xocal\u0131 faci\u0259si t\u0259kc\u0259 Az\u0259rbaycan xalq\u0131na qar\u015f\u0131 t&ouml;r\u0259dilmi\u015f q\u0259tliam deyil, insanl\u0131\u011fa qar\u015f\u0131 bir cinay\u0259tdir. Bu faci\u0259 n\u0259tic\u0259sind\u0259 613 n\u0259f\u0259r h\u0259yat\u0131n\u0131 itirib, 8 ail\u0259 tamamil\u0259 m\u0259hv edilib, 1275 n\u0259f\u0259r \u0259sir d&uuml;\u015f&uuml;b, onlarla ail\u0259 ba\u015fs\u0131z qal\u0131b. <\/span><\/p>\n<p style=\"margin-bottom: 0.0001pt; text-align: justify; text-indent: 1cm;\"><span style=\"line-height: 115%; color: #000000; font-family: 'times new roman', times; font-size: 12pt;\">D\u0259yirmi masaya d\u0259v\u0259t olunan Xocal\u0131 soyq\u0131r\u0131m\u0131n\u0131n canl\u0131 \u015fahidi Ming\u0259&ccedil;evir D&ouml;vl\u0259t Universitetinin &ldquo;Humanitar f\u0259nl\u0259r&rdquo; kafedras\u0131n\u0131n Tarix m&uuml;\u0259llimi Tahir\u0259 Quliyeva hadis\u0259 il\u0259 ba\u011fl\u0131 ac\u0131 xatir\u0259l\u0259rini i\u015ftirak&ccedil;\u0131larla b&ouml;l&uuml;\u015f&uuml;b. O, qanl\u0131 olay\u0131n ill\u0259r ke&ccedil;m\u0259sin\u0259 baxmayaraq, sa\u011f qalan h\u0259r bir Xocal\u0131 sakininin daxilind\u0259 ya\u015fad\u0131\u011f\u0131n\u0131 deyib. T.Quliyeva Xocal\u0131dak\u0131 erm\u0259ni v\u0259h\u015filikl\u0259rinin h\u0259l\u0259 1988-ci ild\u0259n ba\u015flad\u0131\u011f\u0131n\u0131 s&ouml;yl\u0259yib, ayr\u0131-ayr\u0131 vaxtlarda silahlanm\u0131\u015f erm\u0259ni quldurlar\u0131n\u0131n sad\u0259 xalq\u0131 q\u0259tl\u0259 yetirdiyini vur\u011fulay\u0131b. <\/span><\/p>\n<p style=\"margin-bottom: 0.0001pt; text-align: justify; text-indent: 1cm;\"><span style=\"line-height: 115%; color: #000000; font-family: 'times new roman', times; font-size: 12pt;\">T.Quliyeva bildirib ki, Xocal\u0131ya &uuml;&ccedil; istiqam\u0259td\u0259n h&uuml;cum edildiyind\u0259n \u0259hali \u018fsg\u0259ran istiqam\u0259tind\u0259 qa&ccedil;ma\u011fa m\u0259cbur olub. Bu istiqam\u0259td\u0259 qa&ccedil;an xocal\u0131lar A\u011fdam rayonu il\u0259 qon\u015fu olan \u018fsg\u0259ran rayonunun Nax&ccedil;\u0131vanik k\u0259ndi yax\u0131nl\u0131\u011f\u0131nda erm\u0259ni silahl\u0131 d\u0259st\u0259l\u0259ri t\u0259r\u0259find\u0259n g&uuml;ll\u0259boran edilib. O, Xocal\u0131 q\u0259tliam\u0131n\u0131n \u0259vv\u0259lc\u0259d\u0259n haz\u0131rlanm\u0131\u015f plan \u0259sas\u0131nda h\u0259yata ke&ccedil;irilm\u0259sind\u0259n b\u0259hs ed\u0259rk\u0259n yerli \u0259halinin t\u0259rksilah edilm\u0259sini x&uuml;susil\u0259 vur\u011fulay\u0131b. G&uuml;nahs\u0131z xalq\u0131 q\u0131rmaqla yana\u015f\u0131, c\u0259s\u0259dl\u0259rin t\u0259hqir olunmas\u0131ndan dan\u0131\u015fark\u0259n hadis\u0259 \u015fahidi bel\u0259 v\u0259h\u015filiyin insan t\u0259r\u0259find\u0259n t&ouml;r\u0259dilm\u0259sinin m&uuml;mk&uuml;ns&uuml;z oldu\u011funu deyib. &Ccedil;\u0131x\u0131\u015f\u0131n\u0131n sonunda T.Quliyeva Xocal\u0131 soyq\u0131r\u0131m\u0131n\u0131 unutma\u011f\u0131n olduqca &ccedil;\u0259tin oldu\u011funu, i\u015ftirak&ccedil;\u0131lara hadis\u0259ni daim xat\u0131rlama\u011f\u0131 t&ouml;vsiyy\u0259 edib.<\/span><\/p>\n<p style=\"margin-bottom: 0.0001pt; text-align: justify; text-indent: 1cm;\"><span style=\"line-height: 115%; color: #000000; font-family: 'times new roman', times; font-size: 12pt;\">Ming\u0259&ccedil;evir D&ouml;vl\u0259t Universiteti T\u0259l\u0259b\u0259 G\u0259ncl\u0259r T\u0259\u015fkilat\u0131n\u0131n s\u0259dri Samrin Xanlayev erm\u0259ni terrorunun tarixi k&ouml;kl\u0259rind\u0259n dan\u0131\u015f\u0131b. O deyib ki, erm\u0259ni terror&ccedil;ulu\u011funun h\u0259r zaman bizim &uuml;&ccedil;&uuml;n t\u0259hdid obyekti oldu\u011funu unutmamal\u0131, onunla ciddi \u015f\u0259kild\u0259 m&uuml;bariz\u0259 aparmal\u0131y\u0131q. Xocal\u0131 soyq\u0131r\u0131m\u0131ndan 27 il &ouml;ts\u0259 d\u0259, onun a\u011fr\u0131-ac\u0131lar\u0131 q\u0259lbimizd\u0259 ya\u015fay\u0131r. Erm\u0259nil\u0259rin Xocal\u0131n\u0131n dinc sakinl\u0259rin\u0259 qanl\u0131 divan tutmalar\u0131n\u0131n d\u0259h\u015f\u0259tl\u0259ri yadda\u015flardan silinm\u0259yib v\u0259 he&ccedil; zaman silinm\u0259y\u0259c\u0259k. Xocal\u0131 soyq\u0131r\u0131m\u0131 XX \u0259srin Xat\u0131n, Xirosima, Naqasaki v\u0259 Sonqmi kimi faci\u0259l\u0259ri il\u0259 bir s\u0131rada durur. Aylarla m&uuml;hasir\u0259d\u0259 saxlan\u0131lan Xocal\u0131 \u015f\u0259h\u0259ri erm\u0259ni fa\u015fistl\u0259ri v\u0259 onlar\u0131n havadarlar\u0131 t\u0259r\u0259find\u0259n bir gec\u0259nin i&ccedil;ind\u0259 yerl\u0259-yeksan edildi. Bu qanl\u0131 aksiya zaman\u0131 dinc \u0259haliy\u0259 amans\u0131zl\u0131qla divan tutuldu. Samrin Xanlayev qeyd etdi ki, Xocal\u0131 faci\u0259si t\u0259kc\u0259 xocal\u0131l\u0131lara qar\u015f\u0131 deyil, t&uuml;rk d&uuml;nyas\u0131na, b&uuml;t&uuml;n insanl\u0131\u011fa qar\u015f\u0131 d\u0259h\u015f\u0259tli cinay\u0259tdir. Bu d\u0259h\u015f\u0259tli faci\u0259 bar\u0259d\u0259 d&uuml;nya ictimaiyy\u0259tin\u0259 daha \u0259trafl\u0131 m\u0259lumatlar\u0131n verilm\u0259si &ccedil;ox &ouml;n\u0259mlidir. Heyd\u0259r \u018fliyev Fondunun vitse-prezidenti Leyla \u018fliyevan\u0131n t\u0259\u015f\u0259bb&uuml;s&uuml; il\u0259 h\u0259yata ke&ccedil;iril\u0259n &ldquo;Xocal\u0131ya \u0259dal\u0259t!&rdquo; kampaniyas\u0131 &ccedil;\u0259r&ccedil;iv\u0259sind\u0259 h\u0259yata ke&ccedil;iril\u0259n i\u015fl\u0259r bu bax\u0131mdan m&uuml;h&uuml;m \u0259h\u0259miyy\u0259t k\u0259sb edib. Az\u0259rbaycan xalq\u0131 Xocal\u0131 faci\u0259sini unutmur v\u0259 unutmayacaq. S.Xanlayev Xocal\u0131 soyq\u0131r\u0131m\u0131n\u0131n d&uuml;nyada tan\u0131nmas\u0131 istiqam\u0259tind\u0259 imzalanm\u0131\u015f m&uuml;h&uuml;m d&ouml;vl\u0259t s\u0259n\u0259dl\u0259rini xat\u0131rlad\u0131b v\u0259 bu i\u015fd\u0259 g\u0259ncl\u0259rin &uuml;z\u0259rin\u0259 d&uuml;\u015f\u0259n vacib m\u0259qamlar\u0131 diqq\u0259t\u0259 &ccedil;atd\u0131r\u0131b.<\/span><\/p>\n<p style=\"margin-bottom: 0.0001pt; text-align: justify; text-indent: 1cm;\"><span style=\"line-height: 115%; color: #000000; font-family: 'times new roman', times; font-size: 12pt;\">T\u0259dbird\u0259 &ldquo;\u0130qtisadiyyat&rdquo; kafedras\u0131n\u0131n m&uuml;diri, dosent C\u0259mil\u0259 Musayeva, \u0130qtisadiyyat v\u0259 idar\u0259etm\u0259 fak&uuml;lt\u0259sinin dekan m&uuml;avini, ba\u015f m&uuml;\u0259llim Nazim Nift\u0259liyev t\u0259l\u0259b\u0259l\u0259rd\u0259n TO17 sayl\u0131 qrupun t\u0259l\u0259b\u0259si L\u0259man M&uuml;rs\u0259lova, M16 sayl\u0131 qrupun t\u0259l\u0259b\u0259si M&uuml;bar\u0259k Ayd\u0259mirov, fak&uuml;lt\u0259 T\u0259l\u0259b\u0259 Elmi C\u0259miyy\u0259tinin s\u0259dri, TO17 sayl\u0131 qrupun t\u0259l\u0259b\u0259si N\u0259zmiyy\u0259 \u0130smay\u0131lova &ccedil;\u0131x\u0131\u015f edib, fikirl\u0259rini b&ouml;l&uuml;\u015f&uuml;bl\u0259r.<span style=\"background: white;\"> D\u0259yirmi masa i\u015ftirak\u015f\u0131lar\u0131 1992-ci il fevral ay\u0131n\u0131n 25-d\u0259n 26-na gec\u0259n gec\u0259 Erm\u0259nistan silahl\u0131 birl\u0259\u015fm\u0259l\u0259rinin Az\u0259rbaycan xalq\u0131na qar\u015f\u0131 n&ouml;vb\u0259ti qanl\u0131 t\u0259cav&uuml;z\u0259 \u0259l ataraq tarixd\u0259 misli g&ouml;r&uuml;nm\u0259mi\u015f Xocal\u0131 soyq\u0131r\u0131m\u0131n\u0131 t&ouml;r\u0259tm\u0259l\u0259ri, Xocal\u0131 \u015f\u0259h\u0259rinin minl\u0259rl\u0259 \u0259liyal\u0131n m&uuml;lki \u0259halisi m&uuml;asir h\u0259rbi texnika il\u0259 silahlanm\u0131\u015f d&uuml;\u015fm\u0259nin q\u0259fil v\u0259 amans\u0131z h&uuml;cumuna m\u0259ruz qalmas\u0131, y&uuml;zl\u0259rl\u0259 g&uuml;nahs\u0131z insan\u0131n k&uuml;tl\u0259vi \u015f\u0259kild\u0259 m\u0259hv edilm\u0259si, qocalar, qad\u0131nlar, u\u015faqlar, h\u0259tta k&ouml;rp\u0259l\u0259rin \u0259n d\u0259h\u015f\u0259tli &uuml;sul v\u0259 vasit\u0259l\u0259rl\u0259 q\u0259tl\u0259 yetirilm\u0259si, \u0259halinin \u0259ks\u0259riyy\u0259tinin girov g&ouml;t&uuml;r&uuml;l\u0259r\u0259k insanl\u0131\u011fa s\u0131\u011fmayan h\u0259qar\u0259t v\u0259 t\u0259hqirl\u0259rl\u0259 &uuml;zl\u0259\u015fdikl\u0259rini xat\u0131rlatd\u0131lar. Bu tarixi h\u0259r bir v\u0259t\u0259nda\u015f\u0131n x&uuml;susil\u0259 g\u0259ncl\u0259rin bilm\u0259sini t&ouml;vsiyy\u0259 ed\u0259r\u0259k, eyni zamanda bu hadis\u0259l\u0259ri Az\u0259rbaycan\u0131n Respublikas\u0131n\u0131n \u0259razi b&uuml;t&ouml;vl&uuml;y&uuml; yolunda, xalq\u0131m\u0131z\u0131n m&uuml;st\u0259qillik yolunda apard\u0131\u011f\u0131 m&uuml;bariz\u0259nin \u0259sas\u0131 kimi, xalq\u0131n q\u0259hr\u0259manl\u0131\u011f\u0131n\u0131n, c\u0259sar\u0259tinin n&uuml;mayi\u015fi kimi xat\u0131rlama\u011f\u0131n \u0259h\u0259miyy\u0259tini bildirdil\u0259r.<\/span><\/span><\/p>\n<p style=\"margin-bottom: 0.0001pt; text-align: justify; text-indent: 1cm;\"><span style=\"line-height: 115%; color: #000000; font-family: 'times new roman', times; font-size: 12pt;\">Sonda D\u0259yirmi masa i\u015ftirak&ccedil;\u0131lar\u0131na Xocal\u0131 soyq\u0131r\u0131m\u0131n\u0131 \u0259ks etdir\u0259n video&ccedil;arx n&uuml;mayi\u015f olunub. &nbsp;<\/span><\/p>\n<p>{phocagallery view=category|categoryid=115|limitstart=0|limitcount=0}<\/p>","protected":false},"excerpt":{"rendered":"<p>MDU-da Xocal\u0131 soyq\u0131r\u0131m\u0131 il\u0259 ba\u011fl\u0131 d\u0259yirmi masa Ming\u0259&ccedil;evir D&ouml;vl\u0259t Universiteti T\u0259l\u0259b\u0259 G\u0259ncl\u0259r T\u0259\u015fkilat\u0131 v\u0259 \u0130qtisadiyyat v\u0259 idar\u0259etm\u0259 fak&uuml;lt\u0259si T\u0259l\u0259b\u0259 Elmi C\u0259miyy\u0259ti birg\u0259 Xocal\u0131 soyq\u0131r\u0131m\u0131n\u0131n 27-ci ild&ouml;n&uuml;m&uuml;n\u0259 h\u0259sr olunan &ldquo;Xocal\u0131 haray\u0131&rdquo; adl\u0131 D\u0259yirmi masa ke&ccedil;iribl\u0259r. \u018fvv\u0259lc\u0259 faci\u0259 qurbanlar\u0131n\u0131n xatir\u0259si bir d\u0259qiq\u0259lik s&uuml;kutla yad&nbsp; edilib. T\u0259dbiri giri\u015f s&ouml;z&uuml; il\u0259 \u0130qtisadiyyat v\u0259 idar\u0259etm\u0259 fak&uuml;lt\u0259sinin dekan\u0131, dosent N&uuml;\u015fab\u0259 Q\u0259dimli [&hellip;]<\/p>\n","protected":false},"author":1,"featured_media":0,"comment_status":"open","ping_status":"open","sticky":false,"template":"","format":"standard","meta":{"_eb_attr":"","ocean_post_layout":"","ocean_both_sidebars_style":"","ocean_both_sidebars_content_width":0,"ocean_both_sidebars_sidebars_width":0,"ocean_sidebar":"","ocean_second_sidebar":"","ocean_disable_margins":"enable","ocean_add_body_class":"","ocean_shortcode_before_top_bar":"","ocean_shortcode_after_top_bar":"","ocean_shortcode_before_header":"","ocean_shortcode_after_header":"","ocean_has_shortcode":"","ocean_shortcode_after_title":"","ocean_shortcode_before_footer_widgets":"","ocean_shortcode_after_footer_widgets":"","ocean_shortcode_before_footer_bottom":"","ocean_shortcode_after_footer_bottom":"","ocean_display_top_bar":"default","ocean_display_header":"default","ocean_header_style":"","ocean_center_header_left_menu":"","ocean_custom_header_template":"","ocean_custom_logo":0,"ocean_custom_retina_logo":0,"ocean_custom_logo_max_width":0,"ocean_custom_logo_tablet_max_width":0,"ocean_custom_logo_mobile_max_width":0,"ocean_custom_logo_max_height":0,"ocean_custom_logo_tablet_max_height":0,"ocean_custom_logo_mobile_max_height":0,"ocean_header_custom_menu":"","ocean_menu_typo_font_family":"","ocean_menu_typo_font_subset":"","ocean_menu_typo_font_size":0,"ocean_menu_typo_font_size_tablet":0,"ocean_menu_typo_font_size_mobile":0,"ocean_menu_typo_font_size_unit":"px","ocean_menu_typo_font_weight":"","ocean_menu_typo_font_weight_tablet":"","ocean_menu_typo_font_weight_mobile":"","ocean_menu_typo_transform":"","ocean_menu_typo_transform_tablet":"","ocean_menu_typo_transform_mobile":"","ocean_menu_typo_line_height":0,"ocean_menu_typo_line_height_tablet":0,"ocean_menu_typo_line_height_mobile":0,"ocean_menu_typo_line_height_unit":"","ocean_menu_typo_spacing":0,"ocean_menu_typo_spacing_tablet":0,"ocean_menu_typo_spacing_mobile":0,"ocean_menu_typo_spacing_unit":"","ocean_menu_link_color":"","ocean_menu_link_color_hover":"","ocean_menu_link_color_active":"","ocean_menu_link_background":"","ocean_menu_link_hover_background":"","ocean_menu_link_active_background":"","ocean_menu_social_links_bg":"","ocean_menu_social_hover_links_bg":"","ocean_menu_social_links_color":"","ocean_menu_social_hover_links_color":"","ocean_disable_title":"default","ocean_disable_heading":"default","ocean_post_title":"","ocean_post_subheading":"","ocean_post_title_style":"","ocean_post_title_background_color":"","ocean_post_title_background":0,"ocean_post_title_bg_image_position":"","ocean_post_title_bg_image_attachment":"","ocean_post_title_bg_image_repeat":"","ocean_post_title_bg_image_size":"","ocean_post_title_height":0,"ocean_post_title_bg_overlay":0.5,"ocean_post_title_bg_overlay_color":"","ocean_disable_breadcrumbs":"default","ocean_breadcrumbs_color":"","ocean_breadcrumbs_separator_color":"","ocean_breadcrumbs_links_color":"","ocean_breadcrumbs_links_hover_color":"","ocean_display_footer_widgets":"default","ocean_display_footer_bottom":"default","ocean_custom_footer_template":"","ocean_post_oembed":"","ocean_post_self_hosted_media":"","ocean_post_video_embed":"","ocean_link_format":"","ocean_link_format_target":"self","ocean_quote_format":"","ocean_quote_format_link":"post","ocean_gallery_link_images":"on","ocean_gallery_id":[],"footnotes":""},"categories":[63],"tags":[],"class_list":["post-14839","post","type-post","status-publish","format-standard","hentry","category-khaebaerlaer-az","entry"],"_links":{"self":[{"href":"https:\/\/mdu.edu.az\/ru\/wp-json\/wp\/v2\/posts\/14839","targetHints":{"allow":["GET"]}}],"collection":[{"href":"https:\/\/mdu.edu.az\/ru\/wp-json\/wp\/v2\/posts"}],"about":[{"href":"https:\/\/mdu.edu.az\/ru\/wp-json\/wp\/v2\/types\/post"}],"author":[{"embeddable":true,"href":"https:\/\/mdu.edu.az\/ru\/wp-json\/wp\/v2\/users\/1"}],"replies":[{"embeddable":true,"href":"https:\/\/mdu.edu.az\/ru\/wp-json\/wp\/v2\/comments?post=14839"}],"version-history":[{"count":0,"href":"https:\/\/mdu.edu.az\/ru\/wp-json\/wp\/v2\/posts\/14839\/revisions"}],"wp:attachment":[{"href":"https:\/\/mdu.edu.az\/ru\/wp-json\/wp\/v2\/media?parent=14839"}],"wp:term":[{"taxonomy":"category","embeddable":true,"href":"https:\/\/mdu.edu.az\/ru\/wp-json\/wp\/v2\/categories?post=14839"},{"taxonomy":"post_tag","embeddable":true,"href":"https:\/\/mdu.edu.az\/ru\/wp-json\/wp\/v2\/tags?post=14839"}],"curies":[{"name":"wp","href":"https:\/\/api.w.org\/{rel}","templated":true}]}}