{"id":14854,"date":"2019-03-18T09:47:40","date_gmt":"2019-03-18T06:47:40","guid":{"rendered":"https:\/\/mdu.edu.az\/ki-ik-akademiya-zh-l-dz-y-haz-rlanan-aliml-r-mdu-v-tekhniki-humanitar-lisey-birzh-elm-zh-n-n-geyd-etdil-r\/"},"modified":"2019-03-18T09:47:40","modified_gmt":"2019-03-18T06:47:40","slug":"ki-ik-akademiya-zh-l-dz-y-haz-rlanan-aliml-r-mdu-v-tekhniki-humanitar-lisey-birzh-elm-zh-n-n-geyd-etdil-r","status":"publish","type":"post","link":"https:\/\/mdu.edu.az\/ru\/ki-ik-akademiya-zh-l-dz-y-haz-rlanan-aliml-r-mdu-v-tekhniki-humanitar-lisey-birzh-elm-zh-n-n-geyd-etdil-r\/","title":{"rendered":"\u201cKi\u00e7ik Akademiya\u201d &#8211; g\u0259l\u0259c\u0259y\u0259 haz\u0131rlanan aliml\u0259r  MDU v\u0259 Texniki-Humanitar lisey birg\u0259 \u201cElm g\u00fcn\u00fc\u201dn\u00fc qeyd etdil\u0259r"},"content":{"rendered":"<p style=\"text-indent: 35.45pt; text-align: center;\"><strong><span style=\"font-family: 'times new roman', times; font-size: 14pt; color: #0000ff;\">&ldquo;Ki&ccedil;ik Akademiya&rdquo; &#8211; g\u0259l\u0259c\u0259y\u0259 haz\u0131rlanan aliml\u0259r<\/span><\/strong><\/p>\n<p style=\"text-indent: 35.45pt; text-align: center;\"><strong><span style=\"font-family: 'times new roman', times; font-size: 14pt; color: #0000ff;\">MDU v\u0259 Texniki-Humanitar lisey birg\u0259 &ldquo;Elm g&uuml;n&uuml;&rdquo;n&uuml; qeyd etdil\u0259r<\/span><\/strong><\/p>\n<p style=\"text-align: justify; text-indent: 35.45pt;\"><span style=\"font-family: 'times new roman', times; font-size: 12pt; color: #000000;\">Ming\u0259&ccedil;evir \u015f\u0259h\u0259r Texniki-Humanitar liseyd\u0259 Ming\u0259&ccedil;evir D&ouml;vl\u0259t Universiteti M&uuml;h\u0259ndislik fak&uuml;lt\u0259si Ming\u0259&ccedil;evir \u015f\u0259h\u0259r Texniki-Humanitar liseyi il\u0259 birlikd\u0259 &ldquo;Elm g&uuml;n&uuml;&rdquo;n\u0259 h\u0259sr olunmu\u015f &ldquo;G\u0259nclik v\u0259 elm&rdquo; m&ouml;vzusunda elmi konfrans ke&ccedil;irilmi\u015fdir.<\/span><\/p>\n<p style=\"text-align: justify; text-indent: 35.45pt;\"><span style=\"font-family: 'times new roman', times; font-size: 12pt; color: #000000;\">T\u0259dbiri giri\u015f s&ouml;z&uuml; il\u0259 Ming\u0259&ccedil;evir D&ouml;vl\u0259t Universitetinin rektoru Akif Hac\u0131yev a&ccedil;\u0131b. Bildirib ki, Az\u0259rbaycan Respublikas\u0131nda &ldquo;Elm g&uuml;n&uuml;&rdquo;n&uuml;n t\u0259sis edilm\u0259si haqq\u0131nda Az\u0259rbaycan Respublikas\u0131 Prezidenti \u0130lham \u018fliyev 9 aprel 2018-ci il tarixd\u0259 c\u0259miyy\u0259tin inki\u015faf\u0131nda elmin \u0259h\u0259miyy\u0259tini n\u0259z\u0259r\u0259 alaraq h\u0259r il mart\u0131n 27-si Az\u0259rbaycan Respublikas\u0131nda &ldquo;Elm g&uuml;n&uuml;&rdquo; kimi qeyd edilm\u0259si il\u0259 ba\u011fl\u0131 s\u0259r\u0259ncam imzalay\u0131b. Buna uy\u011fun olaraq Ming\u0259&ccedil;evir D&ouml;vl\u0259t Universiteti \u015f\u0259h\u0259rimizin Texniki-Humanitar liseyin Ki&ccedil;ik Akademiyas\u0131 il\u0259 birlikd\u0259 konfrans ke&ccedil;irm\u0259y\u0259 q\u0259rar verdi. Universitetimizin bir ne&ccedil;\u0259 aliminin elmi r\u0259hb\u0259rliyi il\u0259 birg\u0259 \u015fagirdl\u0259r m&ouml;vzu g&ouml;t&uuml;rm&uuml;\u015f v\u0259 t\u0259dqiqat i\u015fin\u0259 ba\u015flam\u0131\u015flar. M\u0259n elml\u0259-t\u0259hsilin inteqrasiyas\u0131 istiqam\u0259tind\u0259 h\u0259yata ke&ccedil;iril\u0259n layih\u0259l\u0259ri u\u011furlu say\u0131ram. Bu g&uuml;n &ouml;lk\u0259mizd\u0259 elm v\u0259 t\u0259hsil sah\u0259sind\u0259 h\u0259yata ke&ccedil;iril\u0259n islahatlar bu istiqam\u0259td\u0259 m&ouml;vcud yana\u015fmalar\u0131 da xeyli d\u0259yi\u015fir. M\u0259s\u0259l\u0259n, art\u0131q orta m\u0259kt\u0259bl\u0259rd\u0259 t\u0259hsil \u015fagirdl\u0259r\u0259 t\u0259kc\u0259 bilik verm\u0259yi deyil, onlarda m&uuml;\u0259yy\u0259n bacar\u0131q v\u0259 v\u0259rdi\u015fl\u0259rin inki\u015faf etdirilm\u0259sini d\u0259 t\u0259l\u0259b edir. T\u0259bii ki, haz\u0131rda T\u0259hsil Nazirliyinin apard\u0131\u011f\u0131 islahat\u0131n da \u0259sas m\u0259qs\u0259di t\u0259lim prosesind\u0259 \u015fagirdin t\u0259f\u0259kk&uuml;r&uuml;n&uuml;n inki\u015faf\u0131 &uuml;&ccedil;&uuml;n ona bilik &ouml;t&uuml;rm\u0259k deyil, bilik qazanmaq &uuml;&ccedil;&uuml;n \u015f\u0259rait yaratmaqd\u0131r. Sonda rektor Akif Hac\u0131yev konfrans\u0131n i\u015find\u0259 \u015fagirdl\u0259r\u0259 u\u011furlar arzulay\u0131b.<\/span><\/p>\n<p style=\"text-align: justify; text-indent: 35.45pt;\"><span style=\"font-family: 'times new roman', times; font-size: 12pt; color: #000000;\">Sonra Texniki-Humanitar liseyin direktoru Nail\u0259 M\u0259mm\u0259dova &ccedil;\u0131x\u0131\u015f ed\u0259r\u0259k bildirdi ki, m\u0259qs\u0259dimiz \u015fagirdl\u0259r aras\u0131nda elmi-t\u0259dqiqat f\u0259aliyy\u0259tin\u0259 meyilli olan istedadl\u0131 \u015fagirdl\u0259ri vaxt\u0131nda a\u015fkara &ccedil;\u0131xarmaq, m&ouml;vcud yarad\u0131c\u0131l\u0131q potensiallar\u0131 n\u0259z\u0259r\u0259 almaqla onlar\u0131n g\u0259l\u0259c\u0259k pe\u015f\u0259 istiqam\u0259tl\u0259rini m&uuml;\u0259yy\u0259nl\u0259\u015fdirm\u0259k, \u015fagirdl\u0259rd\u0259 elmi yarad\u0131c\u0131l\u0131\u011fa maraq yaratmaq, onlar\u0131n t\u0259dqiqat&ccedil;\u0131l\u0131q bacar\u0131qlar\u0131n\u0131 inki\u015faf etdirm\u0259k, \u015fagirdl\u0259rd\u0259 elmi d&uuml;nyag&ouml;r&uuml;\u015f formala\u015fd\u0131r\u0131lmas\u0131 istiqam\u0259tind\u0259 sistemli i\u015f aparmaq, tan\u0131nm\u0131\u015f alim v\u0259 m&uuml;t\u0259x\u0259ssisl\u0259ri istedadl\u0131 \u015fagirdl\u0259rl\u0259 i\u015f\u0259 c\u0259lb etm\u0259k, \u015fagirdl\u0259rin elmi c\u0259miyy\u0259tl\u0259rd\u0259, intellektual klub v\u0259 d\u0259rn\u0259kl\u0259rd\u0259 t\u0259\u015fkilatlanmas\u0131n\u0131 t\u0259min etm\u0259k v\u0259 t\u0259dqiqat&ccedil;\u0131l\u0131q bacar\u0131\u011f\u0131 il\u0259 f\u0259ql\u0259n\u0259n \u015fagirdl\u0259rd\u0259 elmi m\u0259ruz\u0259 il\u0259 &ccedil;\u0131x\u0131\u015f etm\u0259k, referatlar haz\u0131rlamaq, birg\u0259 elmi layih\u0259l\u0259rd\u0259 i\u015ftirak etm\u0259k v\u0259rdi\u015fl\u0259ri formala\u015fd\u0131r\u0131lmas\u0131na \u0259lveri\u015fli \u015f\u0259rait yaratmaqd\u0131r.<\/span><\/p>\n<p style=\"text-align: justify; text-indent: 35.45pt;\"><span style=\"font-family: 'times new roman', times; font-size: 12pt; color: #000000;\">Sonra m\u0259ruz\u0259l\u0259r dinl\u0259nilib. Texniki-Humanitar liseyin XI t\u0259bi\u0259t sinif \u015fagirdi R&ouml;ya Elgiz q\u0131z\u0131 C\u0259bray\u0131lova &ldquo;Ming\u0259&ccedil;evir Az\u0259rbaycan\u0131n energetika-s\u0259naye m\u0259rk\u0259zidir&rdquo; (elmi r\u0259hb\u0259r tex.f.d., dosent Mahir \u0130smay\u0131lov), XI t\u0259bi\u0259t sinif \u015fagirdi Zeyn\u0259b R&uuml;bail q\u0131z\u0131 Abbaszad\u0259 &ldquo;Bionika elminin nailiyy\u0259tl\u0259ri v\u0259 perspektivl\u0259ri&rdquo; (elmi r\u0259hb\u0259r k.f.d., dosent M\u0259hy\u0259ddin Mehdiyev), XI texniki sinif \u015fagirdi Kamil\u0259 R&uuml;f\u0259t q\u0131z\u0131 Yusifova &ldquo;Ozon qat\u0131n\u0131n qorunmas\u0131 problemi&rdquo; (elmi r\u0259hb\u0259r tex.f.d., dosent V&uuml;qar Mustafayev), X t\u0259bi\u0259t sinif \u015fagirdi \u018fman\u0259t Cavid q\u0131z\u0131 \u0130brahimova &ldquo;N\u0259qliyyat\u0131n \u0259traf m&uuml;hit\u0259 m\u0259nfi t\u0259sirinin aradan qald\u0131r\u0131lmas\u0131 yollar\u0131&rdquo; (elmi r\u0259hb\u0259r k.f.d., dosent P\u0259rvan\u0259 S\u0259f\u0259rova), XI texniki sinif \u015fagirdi El&ccedil;in S\u0259buhi o\u011flu S\u0259limov &ldquo;Beyn\u0259lxalq da\u015f\u0131malar\u0131n t\u0259\u015fkili sisteml\u0259rind\u0259 avtomobil n\u0259qliyyat\u0131ndan istifad\u0259nin b\u0259zi m\u0259s\u0259l\u0259l\u0259ri&rdquo; (elmi r\u0259hb\u0259r tex.f.d., dosent \u015eahsuvar Heyd\u0259rov) m&ouml;vzular\u0131nda m\u0259ruz\u0259 il\u0259 &ccedil;\u0131x\u0131\u015f edibl\u0259r. \u015eagirdl\u0259rin aktual m&ouml;vzu se&ccedil;iml\u0259ri, m&uuml;st\u0259qil, s\u0259lis &ccedil;\u0131x\u0131\u015flar\u0131 konfrans i\u015ftirak&ccedil;\u0131lar\u0131 t\u0259r\u0259find\u0259n y&uuml;ks\u0259k qiym\u0259tl\u0259ndirilib.<\/span><\/p>\n<p style=\"text-align: justify; text-indent: 35.45pt;\"><span style=\"font-family: 'times new roman', times; font-size: 12pt; color: #000000;\">Ming\u0259&ccedil;evir D&ouml;vl\u0259t Universitetinin rektoru Akif Hac\u0131yev, Ming\u0259&ccedil;evir \u015f\u0259h\u0259r T\u0259hsil \u015e&ouml;b\u0259sinin m&uuml;diri Sahib M\u0259mm\u0259dov, Texniki-Humanitar liseyin direktoru Nail\u0259 M\u0259mm\u0259dova c\u0131x\u0131\u015f edibl\u0259r. \u015eagirdl\u0259r\u0259 v\u0259 onlar\u0131n r\u0259hb\u0259rl\u0259rin\u0259 t\u0259\u015f\u0259kk&uuml;rl\u0259rini bildiribl\u0259r. Nail\u0259 M\u0259mm\u0259dova h\u0259m&ccedil;inin liseyin u\u011furlar\u0131ndan s&ouml;z a&ccedil;\u0131b, \u015fagirdl\u0259rin \u0259ld\u0259 etdikl\u0259ri nailiyy\u0259tl\u0259rd\u0259n dan\u0131\u015f\u0131b.<\/span><\/p>\n<p>{phocagallery view=category|categoryid=121|limitstart=0|limitcount=0}<\/p>\n<p style=\"text-align: center;\"><span style=\"font-family: 'times new roman', times; font-size: 12pt; color: #000000;\"><b><span style=\"color: blue;\"><\/span><\/b><\/span><\/p>","protected":false},"excerpt":{"rendered":"<p>&ldquo;Ki&ccedil;ik Akademiya&rdquo; &#8211; g\u0259l\u0259c\u0259y\u0259 haz\u0131rlanan aliml\u0259r MDU v\u0259 Texniki-Humanitar lisey birg\u0259 &ldquo;Elm g&uuml;n&uuml;&rdquo;n&uuml; qeyd etdil\u0259r Ming\u0259&ccedil;evir \u015f\u0259h\u0259r Texniki-Humanitar liseyd\u0259 Ming\u0259&ccedil;evir D&ouml;vl\u0259t Universiteti M&uuml;h\u0259ndislik fak&uuml;lt\u0259si Ming\u0259&ccedil;evir \u015f\u0259h\u0259r Texniki-Humanitar liseyi il\u0259 birlikd\u0259 &ldquo;Elm g&uuml;n&uuml;&rdquo;n\u0259 h\u0259sr olunmu\u015f &ldquo;G\u0259nclik v\u0259 elm&rdquo; m&ouml;vzusunda elmi konfrans ke&ccedil;irilmi\u015fdir. T\u0259dbiri giri\u015f s&ouml;z&uuml; il\u0259 Ming\u0259&ccedil;evir D&ouml;vl\u0259t Universitetinin rektoru Akif Hac\u0131yev a&ccedil;\u0131b. Bildirib ki, Az\u0259rbaycan [&hellip;]<\/p>\n","protected":false},"author":1,"featured_media":0,"comment_status":"open","ping_status":"open","sticky":false,"template":"","format":"standard","meta":{"_eb_attr":"","ocean_post_layout":"","ocean_both_sidebars_style":"","ocean_both_sidebars_content_width":0,"ocean_both_sidebars_sidebars_width":0,"ocean_sidebar":"","ocean_second_sidebar":"","ocean_disable_margins":"enable","ocean_add_body_class":"","ocean_shortcode_before_top_bar":"","ocean_shortcode_after_top_bar":"","ocean_shortcode_before_header":"","ocean_shortcode_after_header":"","ocean_has_shortcode":"","ocean_shortcode_after_title":"","ocean_shortcode_before_footer_widgets":"","ocean_shortcode_after_footer_widgets":"","ocean_shortcode_before_footer_bottom":"","ocean_shortcode_after_footer_bottom":"","ocean_display_top_bar":"default","ocean_display_header":"default","ocean_header_style":"","ocean_center_header_left_menu":"","ocean_custom_header_template":"","ocean_custom_logo":0,"ocean_custom_retina_logo":0,"ocean_custom_logo_max_width":0,"ocean_custom_logo_tablet_max_width":0,"ocean_custom_logo_mobile_max_width":0,"ocean_custom_logo_max_height":0,"ocean_custom_logo_tablet_max_height":0,"ocean_custom_logo_mobile_max_height":0,"ocean_header_custom_menu":"","ocean_menu_typo_font_family":"","ocean_menu_typo_font_subset":"","ocean_menu_typo_font_size":0,"ocean_menu_typo_font_size_tablet":0,"ocean_menu_typo_font_size_mobile":0,"ocean_menu_typo_font_size_unit":"px","ocean_menu_typo_font_weight":"","ocean_menu_typo_font_weight_tablet":"","ocean_menu_typo_font_weight_mobile":"","ocean_menu_typo_transform":"","ocean_menu_typo_transform_tablet":"","ocean_menu_typo_transform_mobile":"","ocean_menu_typo_line_height":0,"ocean_menu_typo_line_height_tablet":0,"ocean_menu_typo_line_height_mobile":0,"ocean_menu_typo_line_height_unit":"","ocean_menu_typo_spacing":0,"ocean_menu_typo_spacing_tablet":0,"ocean_menu_typo_spacing_mobile":0,"ocean_menu_typo_spacing_unit":"","ocean_menu_link_color":"","ocean_menu_link_color_hover":"","ocean_menu_link_color_active":"","ocean_menu_link_background":"","ocean_menu_link_hover_background":"","ocean_menu_link_active_background":"","ocean_menu_social_links_bg":"","ocean_menu_social_hover_links_bg":"","ocean_menu_social_links_color":"","ocean_menu_social_hover_links_color":"","ocean_disable_title":"default","ocean_disable_heading":"default","ocean_post_title":"","ocean_post_subheading":"","ocean_post_title_style":"","ocean_post_title_background_color":"","ocean_post_title_background":0,"ocean_post_title_bg_image_position":"","ocean_post_title_bg_image_attachment":"","ocean_post_title_bg_image_repeat":"","ocean_post_title_bg_image_size":"","ocean_post_title_height":0,"ocean_post_title_bg_overlay":0.5,"ocean_post_title_bg_overlay_color":"","ocean_disable_breadcrumbs":"default","ocean_breadcrumbs_color":"","ocean_breadcrumbs_separator_color":"","ocean_breadcrumbs_links_color":"","ocean_breadcrumbs_links_hover_color":"","ocean_display_footer_widgets":"default","ocean_display_footer_bottom":"default","ocean_custom_footer_template":"","ocean_post_oembed":"","ocean_post_self_hosted_media":"","ocean_post_video_embed":"","ocean_link_format":"","ocean_link_format_target":"self","ocean_quote_format":"","ocean_quote_format_link":"post","ocean_gallery_link_images":"on","ocean_gallery_id":[],"footnotes":""},"categories":[63],"tags":[],"class_list":["post-14854","post","type-post","status-publish","format-standard","hentry","category-khaebaerlaer-az","entry"],"_links":{"self":[{"href":"https:\/\/mdu.edu.az\/ru\/wp-json\/wp\/v2\/posts\/14854","targetHints":{"allow":["GET"]}}],"collection":[{"href":"https:\/\/mdu.edu.az\/ru\/wp-json\/wp\/v2\/posts"}],"about":[{"href":"https:\/\/mdu.edu.az\/ru\/wp-json\/wp\/v2\/types\/post"}],"author":[{"embeddable":true,"href":"https:\/\/mdu.edu.az\/ru\/wp-json\/wp\/v2\/users\/1"}],"replies":[{"embeddable":true,"href":"https:\/\/mdu.edu.az\/ru\/wp-json\/wp\/v2\/comments?post=14854"}],"version-history":[{"count":0,"href":"https:\/\/mdu.edu.az\/ru\/wp-json\/wp\/v2\/posts\/14854\/revisions"}],"wp:attachment":[{"href":"https:\/\/mdu.edu.az\/ru\/wp-json\/wp\/v2\/media?parent=14854"}],"wp:term":[{"taxonomy":"category","embeddable":true,"href":"https:\/\/mdu.edu.az\/ru\/wp-json\/wp\/v2\/categories?post=14854"},{"taxonomy":"post_tag","embeddable":true,"href":"https:\/\/mdu.edu.az\/ru\/wp-json\/wp\/v2\/tags?post=14854"}],"curies":[{"name":"wp","href":"https:\/\/api.w.org\/{rel}","templated":true}]}}