{"id":14900,"date":"2019-05-08T12:00:44","date_gmt":"2019-05-08T09:00:44","guid":{"rendered":"https:\/\/mdu.edu.az\/mummilli-lider-heyd-r-liyevin-anadan-olmas-n-n-96-dz-ild-n-m-n-h-sr-olunmu-az-rbaydzanda-ali-t-hsilin-beyn-lmil-ll-dirilm-si-v-r-zhab-tliliyin-y-ks-ldilm-si-istizham-tl-ri-m-vzusunda-beyn-lkhalzh-elmi\/"},"modified":"2019-05-08T12:00:44","modified_gmt":"2019-05-08T09:00:44","slug":"mummilli-lider-heyd-r-liyevin-anadan-olmas-n-n-96-dz-ild-n-m-n-h-sr-olunmu-az-rbaydzanda-ali-t-hsilin-beyn-lmil-ll-dirilm-si-v-r-zhab-tliliyin-y-ks-ldilm-si-istizham-tl-ri-m-vzusunda-beyn-lkhalzh-elmi","status":"publish","type":"post","link":"https:\/\/mdu.edu.az\/ru\/mummilli-lider-heyd-r-liyevin-anadan-olmas-n-n-96-dz-ild-n-m-n-h-sr-olunmu-az-rbaydzanda-ali-t-hsilin-beyn-lmil-ll-dirilm-si-v-r-zhab-tliliyin-y-ks-ldilm-si-istizham-tl-ri-m-vzusunda-beyn-lkhalzh-elmi\/","title":{"rendered":"\u00dcmummilli Lider Heyd\u0259r \u018fliyevin anadan olmas\u0131n\u0131n 96-c\u0131 ild\u00f6n\u00fcm\u00fcn\u0259 h\u0259sr olunmu\u015f \u201cAz\u0259rbaycanda ali t\u0259hsilin beyn\u0259lmil\u0259ll\u0259\u015fdirilm\u0259si v\u0259 r\u0259qab\u0259tliliyin y\u00fcks\u0259ldilm\u0259si istiqam\u0259tl\u0259ri\u201d m\u00f6vzusunda beyn\u0259lxalq elmi-praktiki konfrans"},"content":{"rendered":"<p style=\"margin-bottom: 7.5pt; text-align: center; line-height: 15pt; background: white;\"><span style=\"font-family: 'times new roman', times; color: #0000ff; font-size: 14pt;\"><b><span style=\"font-size: 12pt; font-family: 'Times New Roman', serif; color: blue; letter-spacing: 0.6pt;\">&Uuml;mummilli Lider Heyd\u0259r \u018fliyevin anadan olmas\u0131n\u0131n 96-c\u0131 ild&ouml;n&uuml;m&uuml;n\u0259 h\u0259sr olunmu\u015f <\/span><\/b><\/span><\/p>\n<p style=\"margin-bottom: 7.5pt; text-align: center; line-height: 15pt; background: white;\"><span style=\"font-family: 'times new roman', times; color: #0000ff; font-size: 14pt;\"><b><span style=\"font-size: 12pt; font-family: 'Times New Roman', serif; color: blue; letter-spacing: 0.6pt;\">&ldquo;Az\u0259rbaycanda ali t\u0259hsilin beyn\u0259lmil\u0259ll\u0259\u015fdirilm\u0259si v\u0259 r\u0259qab\u0259tliliyin y&uuml;ks\u0259ldilm\u0259si istiqam\u0259tl\u0259ri&rdquo; <\/span><\/b><\/span><\/p>\n<p style=\"margin-bottom: 7.5pt; text-align: center; line-height: 15pt; background: white;\"><span style=\"font-family: 'times new roman', times; color: #0000ff; font-size: 14pt;\"><b><span style=\"font-size: 12pt; font-family: 'Times New Roman', serif; color: blue; letter-spacing: 0.6pt;\">m&ouml;vzusunda beyn\u0259lxalq elmi-praktiki konfrans<\/span><\/b><\/span><\/p>\n<p style=\"margin-bottom: 0.0001pt; text-align: justify; text-indent: 1cm; line-height: normal; background: white;\"><span style=\"font-size: 12pt;\"><span style=\"font-size: 12pt; font-family: 'Times New Roman', serif; color: black;\">Bak\u0131 Biznes Universitetind\u0259 2-3 may 2019-cu il tarixd\u0259 &Uuml;mummilli Lider Heyd\u0259r \u018fliyevin anadan olmas\u0131n\u0131n 96-c\u0131 ild&ouml;n&uuml;m&uuml;n\u0259 h\u0259sr olunmu\u015f &ldquo;Az\u0259rbaycanda ali t\u0259hsilin beyn\u0259lmil\u0259ll\u0259\u015fdirilm\u0259si v\u0259 r\u0259qab\u0259tliliyin y&uuml;ks\u0259ldilm\u0259si istiqam\u0259tl\u0259ri&rdquo; m&ouml;vzusunda beyn\u0259lxalq elmi-praktiki konfrans ke&ccedil;irilib. <\/span><span style=\"font-size: 12pt; font-family: 'Times New Roman', serif; color: black;\">Konfrans\u0131n m\u0259qs\u0259di ali t\u0259hsilin beyn\u0259lmil\u0259ll\u0259\u015fdirilm\u0259si v\u0259 r\u0259qab\u0259tliliyin y&uuml;ks\u0259ldilm\u0259si, t\u0259hsil sisteminin inki\u015faf\u0131n\u0131n n\u0259tic\u0259l\u0259rinin t\u0259hlil edilm\u0259si v\u0259 perspektivd\u0259 bu prosesin daha u\u011furla davam etdirilm\u0259si &uuml;&ccedil;&uuml;n qar\u015f\u0131ya qoyulan v\u0259zif\u0259l\u0259rin h\u0259lli yollar\u0131n\u0131 m&uuml;\u0259yy\u0259nl\u0259\u015fdirm\u0259kd\u0259n ibar\u0259tdir. Konfrans\u0131 Bak\u0131 Biznes Universitetinin rektoru, iqtisad elm\u0259ri doktoru professor \u0130bad Abbasov giri\u015f s&ouml;z&uuml; il\u0259 a&ccedil;araq t\u0259dbir i\u015ftirak&ccedil;\u0131lar\u0131n\u0131 salamlad\u0131 v\u0259 konfrans\u0131n aktuall\u0131\u011f\u0131, m\u0259qs\u0259di, mahiyy\u0259ti, m&uuml;zakir\u0259 olunacaq m\u0259s\u0259l\u0259l\u0259rd\u0259n q\u0131sa \u015f\u0259kild\u0259 b\u0259hs etdi. Sonra o, konfrans\u0131n gedi\u015fat\u0131na u\u011furlar arzulad\u0131.<\/span><\/span><\/p>\n<p style=\"margin-bottom: 0.0001pt; text-align: justify; text-indent: 1cm; line-height: normal; background: white;\"><span style=\"font-family: 'times new roman', times; color: #000000; font-size: 12pt;\"><span style=\"font-size: 12pt; font-family: 'Times New Roman', serif; color: black;\">Konfransda <\/span><span style=\"font-size: 12pt; font-family: 'Times New Roman', serif; color: black;\">i<\/span><span style=\"font-size: 12pt; font-family: 'Times New Roman', serif; color: black;\">nsan kapital\u0131n\u0131n formala\u015fd\u0131r\u0131lmas\u0131 v\u0259 t\u0259hsilin inki\u015faf istiqam\u0259tl\u0259ri, ali t\u0259hsil sistemind\u0259 beyn\u0259lxalq r\u0259qab\u0259tlilik v\u0259 t\u0259hsilin keyfiyy\u0259t t\u0259minat\u0131 m\u0259s\u0259l\u0259l\u0259ri, Heyd\u0259r \u018fliyev v\u0259 m&uuml;asir Az\u0259rbaycan\u0131n sosial inki\u015faf\u0131, t\u0259hsilin beyn\u0259lmill\u0259\u015fdirilm\u0259sinin prioritet istiqam\u0259tl\u0259ri v\u0259 h\u0259m&ccedil;inin g\u0259nc t\u0259dqiqat&ccedil;\u0131lar\u0131n apard\u0131qlar\u0131 ara\u015fd\u0131rmalarla ba\u011fl\u0131 m&uuml;zakir\u0259l\u0259r n\u0259z\u0259rd\u0259 tutulmu\u015fdur.<\/span><\/span><\/p>\n<p style=\"margin-bottom: 0.0001pt; text-align: justify; text-indent: 1cm; line-height: normal; background: white;\"><span style=\"font-family: 'times new roman', times; color: #000000; font-size: 12pt;\"><span style=\"font-size: 12pt; font-family: 'Times New Roman', serif; color: black;\">T\u0259dbird\u0259 6 &ouml;lk\u0259nin 9 ali t\u0259hsil m&uuml;\u0259ssis\u0259sind\u0259n 12 n\u0259f\u0259r alim-t\u0259dqiqat&ccedil;\u0131 i\u015ftirak edi<\/span><span style=\"font-size: 12pt; font-family: 'Times New Roman', serif; color: black;\">b<\/span><span style=\"font-size: 12pt; font-family: 'Times New Roman', serif; color: black;\">. Konfransda AMEA-n\u0131n h\u0259qiqi &uuml;zv&uuml;, i.e.d., professor Ziyad S\u0259m\u0259dzad\u0259, AMEA-n\u0131n m&uuml;xbir &uuml;zv&uuml;, i.e.d., professor Akif Musayev, AMEA-n\u0131n m&uuml;xbir &uuml;zv&uuml;, i.e.d., professor, \u018fm\u0259kdar Elm Xadimi \u018fli Nuriyev, D&ouml;vl\u0259t Neft \u015eirk\u0259tinin vitse-prezidenti i.e.d.,<\/span><span style=\"font-size: 12pt; font-family: 'Times New Roman', serif; color: black;\"> <\/span><span style=\"font-size: 12pt; font-family: 'Times New Roman', serif; color: black;\">S&uuml;leyman Qas\u0131mov, Bak\u0131 Biznes Universitetinin kafedra m&uuml;dirl\u0259ri i.e.d.,<\/span><span style=\"font-size: 12pt; font-family: 'Times New Roman', serif; color: black;\"> <\/span><span style=\"font-size: 12pt; font-family: 'Times New Roman', serif; color: black;\">prof.<\/span><span style=\"font-size: 12pt; font-family: 'Times New Roman', serif; color: black;\"> <\/span><span style=\"font-size: 12pt; font-family: 'Times New Roman', serif; color: black;\">S\u0259lim M&uuml;sl&uuml;mov, i.e.d., prof. \u0130slam \u0130brahimov, YAP Yasamal rayon t\u0259\u015fkilat\u0131n\u0131n s\u0259dri, dos. Ta\u011f\u0131 \u018fhm\u0259dov, h\u0259m&ccedil;inin Rusiya Federasiyas\u0131ndan, \u0130ngilt\u0259r\u0259d\u0259n, Bolqar\u0131standan, Litvada<\/span><span style=\"font-size: 12pt; font-family: 'Times New Roman', serif; color: black;\">n<\/span><span style=\"font-size: 12pt; font-family: 'Times New Roman', serif; color: black;\">, Ukraynadan, G&uuml;rc&uuml;stan Respublikas\u0131ndan v\u0259 dig\u0259r &ouml;lk\u0259l\u0259rd\u0259n g\u0259l\u0259n tan\u0131nm\u0131\u015f alim-t\u0259dqiqat&ccedil;\u0131lar m&ouml;vzu \u0259traf\u0131nda maraql\u0131 m\u0259ruz\u0259l\u0259r edi<\/span><span style=\"font-size: 12pt; font-family: 'Times New Roman', serif; color: black;\">b<\/span><span style=\"font-size: 12pt; font-family: 'Times New Roman', serif; color: black;\">l\u0259r. Konfrans alim-t\u0259dqiqat&ccedil;\u0131lar\u0131n &ccedil;\u0131x\u0131\u015flar\u0131 il\u0259 &ouml;z i\u015fini davam etdir<\/span><span style=\"font-size: 12pt; font-family: 'Times New Roman', serif; color: black;\">ib<\/span><span style=\"font-size: 12pt; font-family: 'Times New Roman', serif; color: black;\">.<\/span><\/span><\/p>\n<p style=\"margin-bottom: 0.0001pt; text-align: justify; text-indent: 1cm; line-height: normal; background: white;\"><span style=\"font-family: 'times new roman', times; color: #000000; font-size: 12pt;\"><span style=\"font-size: 12pt; font-family: 'Times New Roman', serif; color: black;\">Konfransda Ming\u0259&ccedil;evir D&ouml;vl\u0259t Universitetini <\/span><span style=\"font-size: 12pt; font-family: 'Times New Roman', serif; color: black; background: white;\">TKTNM-nin direktoru S\u0259bin\u0259 Quliyeva, EQAC layih\u0259sinin universitet &uuml;zr\u0259 meneceri, Beyn\u0259lxalq \u0259laq\u0259l\u0259r sektorunun r\u0259hb\u0259ri, EQAC layih\u0259sinin universitet &uuml;zr\u0259 meneceri Samir\u0259 \u018fhm\u0259dova, EQAC layih\u0259sinin &uuml;zv&uuml; Karyera M\u0259rk\u0259zinin direktoru &Uuml;zeyir Zeynalov t\u0259msil edibl\u0259r. <\/span><\/span><\/p>\n<p style=\"margin-bottom: 0.0001pt; text-align: justify; text-indent: 1cm; line-height: normal; background: white;\"><span style=\"font-family: 'times new roman', times; color: #000000; background: white; font-size: 12pt;\">B&ouml;lm\u0259 iclaslar\u0131nda S\u0259bin\u0259 Quliyeva &ldquo;T\u0259hsilin keyfiyy\u0259ti ali t\u0259hsil m&uuml;\u0259ssis\u0259sinin s\u0259n\u0259r\u0259li f\u0259aliyy\u0259tinin t\u0259minat\u0131 kimi&rdquo;, &Uuml;zeyir Zeynalov v\u0259 Samir\u0259 \u018fhm\u0259dova &ldquo;Az\u0259rbaycan ali m\u0259kt\u0259bl\u0259rind\u0259 keyfiyy\u0259t t\u0259minat\u0131 sisteminin qurulmas\u0131: probleml\u0259r v\u0259 perspektivl\u0259r&rdquo; m&ouml;vzular\u0131nda &ccedil;\u0131x\u0131\u015f edibl\u0259r.<\/span><\/p>\n<p>{phocagallery view=category|categoryid=143|limitstart=0|limitcount=0}<\/p>\n<p style=\"margin-bottom: 0.0001pt; text-align: justify; text-indent: 1cm; line-height: normal; background: white;\">&nbsp;<\/p>","protected":false},"excerpt":{"rendered":"<p>&Uuml;mummilli Lider Heyd\u0259r \u018fliyevin anadan olmas\u0131n\u0131n 96-c\u0131 ild&ouml;n&uuml;m&uuml;n\u0259 h\u0259sr olunmu\u015f &ldquo;Az\u0259rbaycanda ali t\u0259hsilin beyn\u0259lmil\u0259ll\u0259\u015fdirilm\u0259si v\u0259 r\u0259qab\u0259tliliyin y&uuml;ks\u0259ldilm\u0259si istiqam\u0259tl\u0259ri&rdquo; m&ouml;vzusunda beyn\u0259lxalq elmi-praktiki konfrans Bak\u0131 Biznes Universitetind\u0259 2-3 may 2019-cu il tarixd\u0259 &Uuml;mummilli Lider Heyd\u0259r \u018fliyevin anadan olmas\u0131n\u0131n 96-c\u0131 ild&ouml;n&uuml;m&uuml;n\u0259 h\u0259sr olunmu\u015f &ldquo;Az\u0259rbaycanda ali t\u0259hsilin beyn\u0259lmil\u0259ll\u0259\u015fdirilm\u0259si v\u0259 r\u0259qab\u0259tliliyin y&uuml;ks\u0259ldilm\u0259si istiqam\u0259tl\u0259ri&rdquo; m&ouml;vzusunda beyn\u0259lxalq elmi-praktiki konfrans ke&ccedil;irilib. Konfrans\u0131n m\u0259qs\u0259di [&hellip;]<\/p>\n","protected":false},"author":1,"featured_media":0,"comment_status":"open","ping_status":"open","sticky":false,"template":"","format":"standard","meta":{"_eb_attr":"","ocean_post_layout":"","ocean_both_sidebars_style":"","ocean_both_sidebars_content_width":0,"ocean_both_sidebars_sidebars_width":0,"ocean_sidebar":"","ocean_second_sidebar":"","ocean_disable_margins":"enable","ocean_add_body_class":"","ocean_shortcode_before_top_bar":"","ocean_shortcode_after_top_bar":"","ocean_shortcode_before_header":"","ocean_shortcode_after_header":"","ocean_has_shortcode":"","ocean_shortcode_after_title":"","ocean_shortcode_before_footer_widgets":"","ocean_shortcode_after_footer_widgets":"","ocean_shortcode_before_footer_bottom":"","ocean_shortcode_after_footer_bottom":"","ocean_display_top_bar":"default","ocean_display_header":"default","ocean_header_style":"","ocean_center_header_left_menu":"","ocean_custom_header_template":"","ocean_custom_logo":0,"ocean_custom_retina_logo":0,"ocean_custom_logo_max_width":0,"ocean_custom_logo_tablet_max_width":0,"ocean_custom_logo_mobile_max_width":0,"ocean_custom_logo_max_height":0,"ocean_custom_logo_tablet_max_height":0,"ocean_custom_logo_mobile_max_height":0,"ocean_header_custom_menu":"","ocean_menu_typo_font_family":"","ocean_menu_typo_font_subset":"","ocean_menu_typo_font_size":0,"ocean_menu_typo_font_size_tablet":0,"ocean_menu_typo_font_size_mobile":0,"ocean_menu_typo_font_size_unit":"px","ocean_menu_typo_font_weight":"","ocean_menu_typo_font_weight_tablet":"","ocean_menu_typo_font_weight_mobile":"","ocean_menu_typo_transform":"","ocean_menu_typo_transform_tablet":"","ocean_menu_typo_transform_mobile":"","ocean_menu_typo_line_height":0,"ocean_menu_typo_line_height_tablet":0,"ocean_menu_typo_line_height_mobile":0,"ocean_menu_typo_line_height_unit":"","ocean_menu_typo_spacing":0,"ocean_menu_typo_spacing_tablet":0,"ocean_menu_typo_spacing_mobile":0,"ocean_menu_typo_spacing_unit":"","ocean_menu_link_color":"","ocean_menu_link_color_hover":"","ocean_menu_link_color_active":"","ocean_menu_link_background":"","ocean_menu_link_hover_background":"","ocean_menu_link_active_background":"","ocean_menu_social_links_bg":"","ocean_menu_social_hover_links_bg":"","ocean_menu_social_links_color":"","ocean_menu_social_hover_links_color":"","ocean_disable_title":"default","ocean_disable_heading":"default","ocean_post_title":"","ocean_post_subheading":"","ocean_post_title_style":"","ocean_post_title_background_color":"","ocean_post_title_background":0,"ocean_post_title_bg_image_position":"","ocean_post_title_bg_image_attachment":"","ocean_post_title_bg_image_repeat":"","ocean_post_title_bg_image_size":"","ocean_post_title_height":0,"ocean_post_title_bg_overlay":0.5,"ocean_post_title_bg_overlay_color":"","ocean_disable_breadcrumbs":"default","ocean_breadcrumbs_color":"","ocean_breadcrumbs_separator_color":"","ocean_breadcrumbs_links_color":"","ocean_breadcrumbs_links_hover_color":"","ocean_display_footer_widgets":"default","ocean_display_footer_bottom":"default","ocean_custom_footer_template":"","ocean_post_oembed":"","ocean_post_self_hosted_media":"","ocean_post_video_embed":"","ocean_link_format":"","ocean_link_format_target":"self","ocean_quote_format":"","ocean_quote_format_link":"post","ocean_gallery_link_images":"on","ocean_gallery_id":[],"footnotes":""},"categories":[63],"tags":[],"class_list":["post-14900","post","type-post","status-publish","format-standard","hentry","category-khaebaerlaer-az","entry"],"_links":{"self":[{"href":"https:\/\/mdu.edu.az\/ru\/wp-json\/wp\/v2\/posts\/14900","targetHints":{"allow":["GET"]}}],"collection":[{"href":"https:\/\/mdu.edu.az\/ru\/wp-json\/wp\/v2\/posts"}],"about":[{"href":"https:\/\/mdu.edu.az\/ru\/wp-json\/wp\/v2\/types\/post"}],"author":[{"embeddable":true,"href":"https:\/\/mdu.edu.az\/ru\/wp-json\/wp\/v2\/users\/1"}],"replies":[{"embeddable":true,"href":"https:\/\/mdu.edu.az\/ru\/wp-json\/wp\/v2\/comments?post=14900"}],"version-history":[{"count":0,"href":"https:\/\/mdu.edu.az\/ru\/wp-json\/wp\/v2\/posts\/14900\/revisions"}],"wp:attachment":[{"href":"https:\/\/mdu.edu.az\/ru\/wp-json\/wp\/v2\/media?parent=14900"}],"wp:term":[{"taxonomy":"category","embeddable":true,"href":"https:\/\/mdu.edu.az\/ru\/wp-json\/wp\/v2\/categories?post=14900"},{"taxonomy":"post_tag","embeddable":true,"href":"https:\/\/mdu.edu.az\/ru\/wp-json\/wp\/v2\/tags?post=14900"}],"curies":[{"name":"wp","href":"https:\/\/api.w.org\/{rel}","templated":true}]}}