{"id":14947,"date":"2019-07-10T14:55:34","date_gmt":"2019-07-10T11:55:34","guid":{"rendered":"https:\/\/mdu.edu.az\/mdu-da-n-dzib-ziyali-layigli-v-t-nda-sevimli-m-llim-m-drik-el-a-saggali-mirz-zh-mayevin-80-illik-yubileyi-geyd-olunub\/"},"modified":"2019-07-10T14:55:34","modified_gmt":"2019-07-10T11:55:34","slug":"mdu-da-n-dzib-ziyali-layigli-v-t-nda-sevimli-m-llim-m-drik-el-a-saggali-mirz-zh-mayevin-80-illik-yubileyi-geyd-olunub","status":"publish","type":"post","link":"https:\/\/mdu.edu.az\/ru\/mdu-da-n-dzib-ziyali-layigli-v-t-nda-sevimli-m-llim-m-drik-el-a-saggali-mirz-zh-mayevin-80-illik-yubileyi-geyd-olunub\/","title":{"rendered":"MDU-da n\u0259cib ziyali, layiqli v\u0259t\u0259nda\u015f, sevimli m\u00fc\u0259llim, m\u00fcdrik el a\u011fsaqqali  Mirz\u0259 G\u00fcmayevin 80 illik yubileyi qeyd olunub"},"content":{"rendered":"<p style=\"margin-top: 0cm; margin-right: 0cm; margin-bottom: 4.5pt; text-align: center; background: white;\"><span style=\"font-family: 'times new roman', times; font-size: 14pt; color: #0000ff;\"><b><span style=\"color: blue;\">MDU-da <\/span><span style=\"color: blue;\">n\u0259cib ziyali, layiqli v\u0259t\u0259nda\u015f, sevimli m&uuml;\u0259llim, m&uuml;drik el a\u011fsaqqali<\/span><\/b><span style=\"color: blue;\"> <\/span><\/span><\/p>\n<p style=\"margin-top: 0cm; margin-right: 0cm; margin-bottom: 4.5pt; text-align: center; background: white;\"><span style=\"font-family: 'times new roman', times; font-size: 14pt; color: #0000ff;\"><b><span style=\"color: blue;\">Mirz\u0259 G&uuml;mayevin 80 illik yubileyi qeyd olunub<\/span><\/b><\/span><\/p>\n<p style=\"margin-top: 0cm; margin-right: 0cm; margin-bottom: 4.5pt; text-align: justify; background: white;\"><span style=\"color: #000000; font-family: 'times new roman', times; font-size: 12pt;\"><\/span><\/p>\n<p style=\"margin-top: 0cm; margin-right: 0cm; margin-bottom: 0.0001pt; text-align: justify; text-indent: 1cm; background: white;\"><span style=\"color: #000000; font-family: 'times new roman', times; font-size: 12pt;\">1 iyul 2019-cu il tarixd\u0259 Ming\u0259&ccedil;evir D&ouml;vl\u0259t Universitetind\u0259 &ldquo;Mexanika&rdquo; kafedras\u0131n\u0131n ba\u015f m&uuml;\u0259llimi Mirz\u0259 H\u0259s\u0259n o\u011flu Gumayevin anadan olmas\u0131n\u0131n 80 illik yubileyi m&uuml;nasib\u0259til\u0259 t\u0259nt\u0259n\u0259li t\u0259dbir ke&ccedil;irilib. <\/span><\/p>\n<p style=\"margin-top: 0cm; margin-right: 0cm; margin-bottom: 0.0001pt; text-align: justify; text-indent: 1cm; background: white;\"><span style=\"color: #000000; font-family: 'times new roman', times; font-size: 12pt;\">T\u0259dbiri giri\u015f s&ouml;z&uuml; il\u0259 Ming\u0259&ccedil;evir D&ouml;vl\u0259t Universitetinin rektoru Akif Hac\u0131yev a&ccedil;\u0131b. Mirz\u0259 Gumayevin ke&ccedil;diyi h\u0259yat yoluna v\u0259 Ming\u0259&ccedil;evird\u0259 m&uuml;t\u0259x\u0259ssis v\u0259 m&uuml;\u0259llim kimi f\u0259aliyy\u0259tind\u0259n s&ouml;z a&ccedil;\u0131b.&nbsp;&nbsp;&nbsp;&nbsp; <\/span><\/p>\n<p style=\"margin-top: 0cm; margin-right: 0cm; margin-bottom: 0.0001pt; text-align: justify; text-indent: 1cm; background: white;\"><span style=\"font-family: 'times new roman', times; font-size: 12pt; color: #000000;\"><span style=\"color: #1d2129;\">Qeyd edib ki, h\u0259r bir xalq &ouml;z&uuml;n&uuml;n g&ouml;rk\u0259mli, istedadl\u0131 \u015f\u0259xsiyy\u0259tl\u0259ri, elm v\u0259 m\u0259d\u0259niyy\u0259t adamlar\u0131, siyasi xadiml\u0259ri il\u0259 q&uuml;rur duyur, onlar\u0131n xatir\u0259sini daim \u0259ziz saxlay\u0131r. <\/span><span style=\"color: #1d2129;\">Bu bax\u0131mdan, Az\u0259rbaycan xalq\u0131 xo\u015fb\u0259xt say\u0131la bil\u0259r, &ccedil;&uuml;nki &ouml;lk\u0259miz bir &ccedil;ox sah\u0259l\u0259rd\u0259 istedadl\u0131 \u015f\u0259xsiyy\u0259tl\u0259r yetirib. Bel\u0259 \u015f\u0259xsiyy\u0259tl\u0259rd\u0259n, m&uuml;bariz ziyal\u0131lardan biri d\u0259 (55 illik \u0259m\u0259k f\u0259liyy\u0259tinin) 51 ild\u0259n art\u0131q pedaqoji f\u0259aliyy\u0259ti olan, y&uuml;zl\u0259rl\u0259 m&uuml;t\u0259x\u0259ssis &#8211; m&uuml;h\u0259ndis yeti\u015fdir\u0259n, 80 ya\u015f\u0131n\u0131 haqlayan m&uuml;h\u0259ndis-pedaqoq, Ming\u0259&ccedil;evir D&ouml;vl\u0259t Universitetinin ba\u015f m&uuml;\u0259llimi Gumayev Mirz\u0259 H\u0259s\u0259n o\u011fludur.<\/span><\/span><\/p>\n<p style=\"margin-top: 0cm; margin-right: 0cm; margin-bottom: 0.0001pt; text-align: justify; text-indent: 1cm; background: white;\"><span style=\"font-family: 'times new roman', times; font-size: 12pt; color: #000000;\"><span style=\"color: #1d2129;\">Akif Hac\u0131yev bildirib ki, insan\u0131n &ouml;z&uuml;n&uuml;d\u0259rki, subyektin b\u0259\u015f\u0259riyy\u0259t v\u0259 c\u0259miyy\u0259t adl\u0131 obyekt qar\u015f\u0131s\u0131ndak\u0131 m\u0259suliyy\u0259tinin, v\u0259zif\u0259 borcunun d\u0259rki \u0259n vacib h\u0259yat \u015f\u0259rtl\u0259rind\u0259n biridir. <\/span><span style=\"color: #1d2129;\">Mirz\u0259 m&uuml;\u0259llimi uzun m&uuml;dd\u0259t tan\u0131d\u0131\u011f\u0131mdan, \u0259minlikl\u0259 bildirir\u0259m ki, o bir ziyal\u0131 kimi &ouml;z&uuml;n&uuml; d\u0259rk ed\u0259nl\u0259rd\u0259ndir! Onun \u015f\u0259xsiyy\u0259tind\u0259 humanistlik, s\u0259daq\u0259t, pak m\u0259n\u0259viyyat, f\u0259dakarl\u0131q, t\u0259vaz&ouml;karl\u0131q, xeyirxahl\u0131q v\u0259 s. bu kimi ziyal\u0131ya m\u0259xsus ali m\u0259n\u0259vi keyfiyy\u0259tl\u0259r, pedaqoqa layiq \u0259xlaqi normalar v\u0259hd\u0259t \u015f\u0259klind\u0259 &ouml;z \u0259ksini tap\u0131b.<\/span><span style=\"color: #1d2129;\"> Mirz\u0259 Gumayevin z\u0259ngin h\u0259yat yolu, elmi-pedaqoji f\u0259aliyy\u0259ti h\u0259r bir az\u0259rbaycanl\u0131da, x&uuml;sus\u0259n d\u0259 onun &ccedil;al\u0131\u015fd\u0131\u011f\u0131 kollektivd\u0259, yeti\u015fdirdiyi m&uuml;h\u0259ndisl\u0259r sferas\u0131nda, d\u0259rs dediyi t\u0259l\u0259b\u0259 m&uuml;hitind\u0259 f\u0259r\u0259h hissi do\u011fura bil\u0259r.<\/span><\/span><\/p>\n<p style=\"margin-top: 0cm; margin-right: 0cm; margin-bottom: 0.0001pt; text-align: justify; text-indent: 1cm; background: white;\"><span style=\"font-family: 'times new roman', times; font-size: 12pt; color: #000000;\"><span style=\"color: #1d2129;\">Sonra M&uuml;h\u0259ndislik fak&uuml;lt\u0259sinin dekan\u0131, dosent V&uuml;qar Mustafayev Mirz\u0259 Gumayevi yubileyi m&uuml;nasib\u0259til\u0259 t\u0259brik edib. Qeyd edib ki, Mirz\u0259 G&uuml;mayev g&ouml;z\u0259l pedaqoq v\u0259 sevimli m&uuml;\u0259llimdir. <\/span><span style=\"color: #1d2129;\">Mirz\u0259 m&uuml;\u0259llim &ouml;z t\u0259l\u0259b\u0259l\u0259rin\u0259 t\u0259kc\u0259 elm &ouml;yr\u0259tm\u0259mi\u015f, bir ata kimi onlara qay\u011f\u0131 v\u0259 xeyirxah m&uuml;nasib\u0259t g&ouml;st\u0259rmi\u015f, onlar\u0131n pe\u015f\u0259kar ixtisas&ccedil;\u0131 kimi yeti\u015fm\u0259si &uuml;&ccedil;&uuml;n b&uuml;t&uuml;n imkanlardan istifad\u0259 etmi\u015fdir. Mirz\u0259 G&uuml;mayev istedadl\u0131 g\u0259ncl\u0259rin hamisidir. O, t\u0259kc\u0259 &ouml;z t\u0259l\u0259b\u0259l\u0259rinin deyil, bir &ccedil;ox dig\u0259r pe\u015f\u0259 sahibl\u0259rinin bir pedaqoq, alim, r\u0259hb\u0259r i\u015f&ccedil;i kimi formala\u015fmas\u0131nda \u0259v\u0259siz xidm\u0259t g&ouml;st\u0259rmi\u015fdir.<\/span><\/span><\/p>\n<p style=\"margin-top: 0cm; margin-right: 0cm; margin-bottom: 0.0001pt; text-align: justify; text-indent: 1cm; background: white;\"><span style=\"font-family: 'times new roman', times; font-size: 12pt; color: #000000;\"><span style=\"color: #1d2129;\">V&uuml;qar Mustafayev bildirib ki, Mirz\u0259 m&uuml;\u0259llim 51 ildir ki, h\u0259m m&uuml;h\u0259ndis, h\u0259m d\u0259 pedaqoqdur. <\/span><span style=\"color: #1d2129;\">Y&uuml;zl\u0259rl\u0259 t\u0259l\u0259b\u0259l\u0259r\u0259 d\u0259rs deyib, \u0259xlaq\u0131, m\u0259n\u0259viyyat\u0131, y&uuml;ks\u0259k pe\u015f\u0259karl\u0131\u011f\u0131 il\u0259 onlar\u0131n &uuml;r\u0259kl\u0259rin\u0259 yol tap\u0131b. Bu t\u0259l\u0259b\u0259l\u0259r y&uuml;ks\u0259k ixtisas sahibi, pe\u015f\u0259kar m&uuml;h\u0259ndis kimi b&uuml;t&uuml;n Az\u0259rbaycana, d&uuml;nyam\u0131z\u0131n dig\u0259r &ouml;lk\u0259l\u0259rin\u0259 s\u0259p\u0259l\u0259nibl\u0259r&hellip; \u0130\u015fl\u0259yirl\u0259r, xeyir verirl\u0259r v\u0259 onlar\u0131n h\u0259r birinin q\u0259lbind\u0259 a\u011f\u0131ll\u0131, mehriban, qay\u011f\u0131ke\u015f bir dost, m&uuml;\u0259llimin isti yeri var!<\/span><\/span><\/p>\n<p style=\"margin-top: 0cm; margin-right: 0cm; margin-bottom: 0.0001pt; text-align: justify; text-indent: 1cm; background: white;\"><span style=\"font-family: 'times new roman', times; font-size: 12pt; color: #000000;\"><span style=\"color: #1d2129;\">V&uuml;qar Mustafayev qeyd edib ki, <\/span><span style=\"color: #1d2129;\">Mirz\u0259 m&uuml;\u0259llimin q\u0259l\u0259mind\u0259n &ccedil;\u0131xm\u0131\u015f h\u0259r bir \u0259s\u0259r, ist\u0259r monoqrafiya v\u0259 d\u0259rslikl\u0259ri, ist\u0259rs\u0259 d\u0259 \u0259n ki&ccedil;ik h\u0259cmli m\u0259qal\u0259l\u0259ri elm al\u0259mind\u0259 &ouml;z m&ouml;t\u0259b\u0259rliyi il\u0259 f\u0259rql\u0259nir.<\/span><span style=\"color: #1d2129;\"> <\/span><span style=\"color: #1d2129;\">Mirz\u0259 m&uuml;\u0259llimin m&uuml;xt\u0259lif beyn\u0259lxalq konfranslar\u0131n materiallar\u0131nda m\u0259qal\u0259l\u0259ri &ccedil;ap edilmi\u015fdir. G&ouml;rk\u0259mli pedaqoqun Az\u0259rbaycan\u0131n populyar jurnallar\u0131nda v\u0259 q\u0259zetl\u0259rind\u0259 d\u0259 elmi \u0259s\u0259rl\u0259ri &ccedil;ap olunmu\u015fdur&hellip; &Uuml;mumiyy\u0259tl\u0259 g&ouml;t&uuml;rd&uuml;kd\u0259, bu tan\u0131nm\u0131\u015f v\u0259 m\u0259hsuldar m&uuml;\u0259llimin 70-d\u0259k elmi m\u0259qal\u0259si, 3 metodiki i\u015fi, ali texniki m\u0259kt\u0259bl\u0259rd\u0259 t\u0259hsil alan bakalavr v\u0259 magistrl\u0259r &uuml;&ccedil;&uuml;n metodiki g&ouml;st\u0259ri\u015fl\u0259ri, T\u0259hsil Nazirliyinin qrifi v\u0259 univerisitetin elmi \u015furas\u0131n\u0131n q\u0259rar\u0131 il\u0259 n\u0259\u015frin\u0259 t&ouml;vsiy\u0259 olunmu\u015f 2 d\u0259rs v\u0259saiti v\u0259 3 d\u0259rsliyi n\u0259\u015fr olunmu\u015f, 1 d\u0259rs v\u0259saitinin elmi redaktoru olmu\u015f&cedil; elmi ictimaiyy\u0259t v\u0259 t\u0259l\u0259b\u0259l\u0259r t\u0259r\u0259find\u0259n x&uuml;susi maraqla qar\u015f\u0131lanm\u0131\u015f v\u0259 qiym\u0259tl\u0259ndirilmi\u015fdir.<\/span><\/span><\/p>\n<p style=\"margin-top: 0cm; margin-right: 0cm; margin-bottom: 0.0001pt; text-align: justify; text-indent: 1cm; background: white;\"><span style=\"font-family: 'times new roman', times; font-size: 12pt; color: #000000;\"><span style=\"color: #1d2129;\">V&uuml;qar Mustafayev bildirib ki, \u015f<\/span><span style=\"color: #1d2129;\">&uuml;urlu h\u0259yat\u0131n\u0131, m&uuml;h\u0259ndis-pedaqoq &ouml;mr&uuml;n&uuml;n \u015f\u0259f\u0259ql\u0259rini Az\u0259rbaycan xalq\u0131n\u0131n maarifl\u0259nm\u0259sin\u0259, elminin inki\u015faf\u0131na, m\u0259n\u0259viyyat\u0131n\u0131n qorunmas\u0131na h\u0259sr etmi\u015f bu c\u0259fake\u015f m&uuml;h\u0259ndisin, pedaqoqun &ndash; Mirz\u0259 Gumayevin 80 illik &ouml;m&uuml;r yolu bu g&uuml;n v\u0259 g\u0259l\u0259c\u0259k n\u0259sill\u0259r &uuml;&ccedil;&uuml;n \u0259sl h\u0259yat m\u0259kt\u0259bidir. Bel\u0259 g&ouml;rk\u0259mli \u015f\u0259xsiyy\u0259tl\u0259ri, m&uuml;h\u0259ndis-pedaqoqlar\u0131 ya\u015fatmaqla, \u0259slind\u0259, biz &ouml;z&uuml;m&uuml;z safla\u015f\u0131r\u0131q, z\u0259nginl\u0259\u015firik, indiki v\u0259 g\u0259l\u0259c\u0259k n\u0259sill\u0259rin t\u0259rbiy\u0259sind\u0259 b&ouml;y&uuml;k i\u015fl\u0259r g&ouml;rm&uuml;\u015f oluruq&hellip; &Ouml;mr&uuml;n&uuml;z&uuml;n \u015f\u0259f\u0259ql\u0259ri h\u0259mi\u015f\u0259 bol olsun, Mirz\u0259 m&uuml;\u0259llim!!..<\/span><\/span><\/p>\n<p style=\"margin-top: 0cm; margin-right: 0cm; margin-bottom: 0.0001pt; text-align: justify; text-indent: 1cm; background: white;\"><span style=\"font-family: 'times new roman', times; font-size: 12pt; color: #000000;\"><span style=\"color: #1d2129;\">Sonda V&uuml;qar Mustafayev bir daha Mirz\u0259 m&uuml;\u0259\u0259limi t\u0259brik ed\u0259r\u0259k vur\u011fulay\u0131b ki, \u0259<\/span><span style=\"color: #1d2129;\">ziz Mirz\u0259 m&uuml;\u0259llim, <\/span><span style=\"color: #1d2129;\">yubiley<\/span><span style=\"color: #1d2129;\"> g&uuml;n&uuml;n&uuml;z&uuml; t\u0259brik edir, siz\u0259 can sa\u011fl\u0131\u011f\u0131, daha b&ouml;y&uuml;k elmi nailiyy\u0259tl\u0259r arzu edir<\/span><span style=\"color: #1d2129;\">ik<\/span><span style=\"color: #1d2129;\">. Biz &#8211; Sizin yetirm\u0259l\u0259riniz Sizi sevir, Sizinl\u0259 f\u0259xr edirik. Siz bizim m\u0259n\u0259vi atam\u0131z, ideal\u0131m\u0131zs\u0131n\u0131z!<\/span><span style=\"color: #1d2129;\"> V\u0259 Mirz\u0259 Gumayev t\u0259r &ccedil;i&ccedil;\u0259k v\u0259 g&uuml;ll\u0259rd\u0259n ibar\u0259t buketi t\u0259qdim edib. <\/span><\/span><\/p>\n<p style=\"margin-top: 0cm; margin-right: 0cm; margin-bottom: 0.0001pt; text-align: justify; text-indent: 1cm; background: white;\"><span style=\"color: #000000; font-family: 'times new roman', times; font-size: 12pt;\">&Ouml;z n&ouml;vb\u0259sind\u0259 Mirz\u0259 Gumayev rektor Akif Hac\u0131yev\u0259, fak&uuml;lt\u0259 dekan\u0131 V&uuml;qar Mustafayev\u0259 v\u0259 t\u0259dbird\u0259 i\u015ftirak ed\u0259n h\u0259r bir k\u0259s\u0259 d\u0259rin minn\u0259tdarl\u0131\u011f\u0131n\u0131 bildirib. <\/span><\/p>\n<p>{phocagallery view=category|categoryid=170|limitstart=0|limitcount=0}<\/p>","protected":false},"excerpt":{"rendered":"<p>MDU-da n\u0259cib ziyali, layiqli v\u0259t\u0259nda\u015f, sevimli m&uuml;\u0259llim, m&uuml;drik el a\u011fsaqqali Mirz\u0259 G&uuml;mayevin 80 illik yubileyi qeyd olunub 1 iyul 2019-cu il tarixd\u0259 Ming\u0259&ccedil;evir D&ouml;vl\u0259t Universitetind\u0259 &ldquo;Mexanika&rdquo; kafedras\u0131n\u0131n ba\u015f m&uuml;\u0259llimi Mirz\u0259 H\u0259s\u0259n o\u011flu Gumayevin anadan olmas\u0131n\u0131n 80 illik yubileyi m&uuml;nasib\u0259til\u0259 t\u0259nt\u0259n\u0259li t\u0259dbir ke&ccedil;irilib. T\u0259dbiri giri\u015f s&ouml;z&uuml; il\u0259 Ming\u0259&ccedil;evir D&ouml;vl\u0259t Universitetinin rektoru Akif Hac\u0131yev a&ccedil;\u0131b. Mirz\u0259 Gumayevin [&hellip;]<\/p>\n","protected":false},"author":1,"featured_media":0,"comment_status":"open","ping_status":"open","sticky":false,"template":"","format":"standard","meta":{"_eb_attr":"","ocean_post_layout":"","ocean_both_sidebars_style":"","ocean_both_sidebars_content_width":0,"ocean_both_sidebars_sidebars_width":0,"ocean_sidebar":"","ocean_second_sidebar":"","ocean_disable_margins":"enable","ocean_add_body_class":"","ocean_shortcode_before_top_bar":"","ocean_shortcode_after_top_bar":"","ocean_shortcode_before_header":"","ocean_shortcode_after_header":"","ocean_has_shortcode":"","ocean_shortcode_after_title":"","ocean_shortcode_before_footer_widgets":"","ocean_shortcode_after_footer_widgets":"","ocean_shortcode_before_footer_bottom":"","ocean_shortcode_after_footer_bottom":"","ocean_display_top_bar":"default","ocean_display_header":"default","ocean_header_style":"","ocean_center_header_left_menu":"","ocean_custom_header_template":"","ocean_custom_logo":0,"ocean_custom_retina_logo":0,"ocean_custom_logo_max_width":0,"ocean_custom_logo_tablet_max_width":0,"ocean_custom_logo_mobile_max_width":0,"ocean_custom_logo_max_height":0,"ocean_custom_logo_tablet_max_height":0,"ocean_custom_logo_mobile_max_height":0,"ocean_header_custom_menu":"","ocean_menu_typo_font_family":"","ocean_menu_typo_font_subset":"","ocean_menu_typo_font_size":0,"ocean_menu_typo_font_size_tablet":0,"ocean_menu_typo_font_size_mobile":0,"ocean_menu_typo_font_size_unit":"px","ocean_menu_typo_font_weight":"","ocean_menu_typo_font_weight_tablet":"","ocean_menu_typo_font_weight_mobile":"","ocean_menu_typo_transform":"","ocean_menu_typo_transform_tablet":"","ocean_menu_typo_transform_mobile":"","ocean_menu_typo_line_height":0,"ocean_menu_typo_line_height_tablet":0,"ocean_menu_typo_line_height_mobile":0,"ocean_menu_typo_line_height_unit":"","ocean_menu_typo_spacing":0,"ocean_menu_typo_spacing_tablet":0,"ocean_menu_typo_spacing_mobile":0,"ocean_menu_typo_spacing_unit":"","ocean_menu_link_color":"","ocean_menu_link_color_hover":"","ocean_menu_link_color_active":"","ocean_menu_link_background":"","ocean_menu_link_hover_background":"","ocean_menu_link_active_background":"","ocean_menu_social_links_bg":"","ocean_menu_social_hover_links_bg":"","ocean_menu_social_links_color":"","ocean_menu_social_hover_links_color":"","ocean_disable_title":"default","ocean_disable_heading":"default","ocean_post_title":"","ocean_post_subheading":"","ocean_post_title_style":"","ocean_post_title_background_color":"","ocean_post_title_background":0,"ocean_post_title_bg_image_position":"","ocean_post_title_bg_image_attachment":"","ocean_post_title_bg_image_repeat":"","ocean_post_title_bg_image_size":"","ocean_post_title_height":0,"ocean_post_title_bg_overlay":0.5,"ocean_post_title_bg_overlay_color":"","ocean_disable_breadcrumbs":"default","ocean_breadcrumbs_color":"","ocean_breadcrumbs_separator_color":"","ocean_breadcrumbs_links_color":"","ocean_breadcrumbs_links_hover_color":"","ocean_display_footer_widgets":"default","ocean_display_footer_bottom":"default","ocean_custom_footer_template":"","ocean_post_oembed":"","ocean_post_self_hosted_media":"","ocean_post_video_embed":"","ocean_link_format":"","ocean_link_format_target":"self","ocean_quote_format":"","ocean_quote_format_link":"post","ocean_gallery_link_images":"on","ocean_gallery_id":[],"footnotes":""},"categories":[63],"tags":[],"class_list":["post-14947","post","type-post","status-publish","format-standard","hentry","category-khaebaerlaer-az","entry"],"_links":{"self":[{"href":"https:\/\/mdu.edu.az\/ru\/wp-json\/wp\/v2\/posts\/14947","targetHints":{"allow":["GET"]}}],"collection":[{"href":"https:\/\/mdu.edu.az\/ru\/wp-json\/wp\/v2\/posts"}],"about":[{"href":"https:\/\/mdu.edu.az\/ru\/wp-json\/wp\/v2\/types\/post"}],"author":[{"embeddable":true,"href":"https:\/\/mdu.edu.az\/ru\/wp-json\/wp\/v2\/users\/1"}],"replies":[{"embeddable":true,"href":"https:\/\/mdu.edu.az\/ru\/wp-json\/wp\/v2\/comments?post=14947"}],"version-history":[{"count":0,"href":"https:\/\/mdu.edu.az\/ru\/wp-json\/wp\/v2\/posts\/14947\/revisions"}],"wp:attachment":[{"href":"https:\/\/mdu.edu.az\/ru\/wp-json\/wp\/v2\/media?parent=14947"}],"wp:term":[{"taxonomy":"category","embeddable":true,"href":"https:\/\/mdu.edu.az\/ru\/wp-json\/wp\/v2\/categories?post=14947"},{"taxonomy":"post_tag","embeddable":true,"href":"https:\/\/mdu.edu.az\/ru\/wp-json\/wp\/v2\/tags?post=14947"}],"curies":[{"name":"wp","href":"https:\/\/api.w.org\/{rel}","templated":true}]}}