{"id":14976,"date":"2019-10-01T09:22:42","date_gmt":"2019-10-01T06:22:42","guid":{"rendered":"https:\/\/mdu.edu.az\/minzh-evir-d-vl-t-unuversitetinin-n-may-nd-hey-ti-az-rbaydzanda-n-simi-eir-indz-s-n-t-v-m-n-viyyat-festival-nda-i-tirak-edibl-r\/"},"modified":"2019-10-01T09:22:42","modified_gmt":"2019-10-01T06:22:42","slug":"minzh-evir-d-vl-t-unuversitetinin-n-may-nd-hey-ti-az-rbaydzanda-n-simi-eir-indz-s-n-t-v-m-n-viyyat-festival-nda-i-tirak-edibl-r","status":"publish","type":"post","link":"https:\/\/mdu.edu.az\/ru\/minzh-evir-d-vl-t-unuversitetinin-n-may-nd-hey-ti-az-rbaydzanda-n-simi-eir-indz-s-n-t-v-m-n-viyyat-festival-nda-i-tirak-edibl-r\/","title":{"rendered":"Ming\u0259\u00e7evir D\u00f6vl\u0259t Unuversitetinin n\u00fcmay\u0259nd\u0259 hey\u0259ti Az\u0259rbaycanda N\u0259simi-\u015feir, inc\u0259s\u0259n\u0259t v\u0259 m\u0259n\u0259viyyat Festival\u0131nda i\u015ftirak edibl\u0259r"},"content":{"rendered":"<h1 style=\"margin-top: 0cm; margin-right: 0cm; margin-bottom: 0.0001pt; text-align: center;\"><strong><span style=\"color: #0000ff; font-family: 'times new roman', times; font-size: 14pt;\">Ming\u0259&ccedil;evir D&ouml;vl\u0259t Universitetinin n&uuml;may\u0259nd\u0259 hey\u0259ti Az\u0259rbaycanda N\u0259simi-\u015feir,<\/span><\/strong><\/h1>\n<h1 style=\"margin-top: 0cm; margin-right: 0cm; margin-bottom: 0.0001pt; text-align: center;\"><strong><span style=\"color: #0000ff; font-family: 'times new roman', times; font-size: 14pt;\"> inc\u0259s\u0259n\u0259t v\u0259 m\u0259n\u0259viyyat Festival\u0131nda i\u015ftirak edibl\u0259r<\/span><\/strong><\/h1>\n<p>&nbsp;<\/p>\n<p style=\"margin-top: 0cm; margin-right: 0cm; margin-bottom: 0.0001pt; text-align: justify; text-indent: 1cm;\"><span style=\"color: black; font-family: 'times new roman', times;\"><\/span><\/p>\n<p style=\"margin-top: 0cm; margin-right: 0cm; margin-bottom: 0.0001pt; text-align: justify; text-indent: 1cm;\"><span style=\"color: #000000; font-size: 12pt; font-family: 'times new roman', times;\">Az\u0259rbaycan Respublikas\u0131 Prezidenti \u0130lham \u018fliyevin 11 yanvar 2019-cu il tarixli S\u0259r\u0259ncam\u0131 il\u0259 elan olunmu\u015f &ldquo;N\u0259simi ili&rdquo; &ccedil;\u0259r&ccedil;iv\u0259sind\u0259 Heyd\u0259r \u018fliyev Fondu v\u0259 M\u0259d\u0259niyy\u0259t Nazirliyinin t\u0259\u015fkilat&ccedil;\u0131l\u0131\u011f\u0131 il\u0259 ke&ccedil;iril\u0259n ikinci N\u0259simi &ndash; \u015feir, inc\u0259s\u0259n\u0259t v\u0259 m\u0259n\u0259viyyat Festival\u0131 &ccedil;\u0259r&ccedil;iv\u0259sind\u0259 sentyabr\u0131n 29-da \u015eamax\u0131 tarix-diyar\u015f&uuml;nasl\u0131q muzeyind\u0259 &ldquo;\u015eamax\u0131 antologiyas\u0131&rdquo; \u0259lyazmas\u0131na dair s\u0259rginin t\u0259qdimat\u0131 olub.<\/span><\/p>\n<p style=\"margin-top: 0cm; margin-right: 0cm; margin-bottom: 0.0001pt; text-align: justify; text-indent: 1cm;\"><span style=\"color: #000000; font-size: 12pt; font-family: 'times new roman', times;\">T\u0259qdimat m\u0259rasimin\u0259 Ming\u0259&ccedil;evir D&ouml;vl\u0259t Universitetinin &ldquo;Humanitar f\u0259nl\u0259r&rdquo; kafedras\u0131n\u0131n dosenti, fil.f.d. Namaz Manafovun r\u0259hb\u0259rliyi il\u0259 28 n\u0259f\u0259rd\u0259n ibar\u0259t n&uuml;may\u0259nd\u0259 hey\u0259ti d\u0259 qat\u0131l\u0131b. <\/span><\/p>\n<p style=\"margin-top: 0cm; margin-right: 0cm; margin-bottom: 0.0001pt; text-align: justify; text-indent: 1cm;\"><span style=\"color: #000000; font-size: 12pt; font-family: 'times new roman', times;\">T&uuml;rkiy\u0259, &Ccedil;in, Rusiya, \u018ffqan\u0131stan, \u0130ndoneziya, Fransa, \u0130ngilt\u0259r\u0259 v\u0259 dig\u0259r &ouml;lk\u0259l\u0259rd\u0259n olan 150 n\u0259f\u0259rd\u0259n &ccedil;ox festival i\u015ftirak&ccedil;\u0131s\u0131n\u0131n qat\u0131ld\u0131\u011f\u0131 t\u0259qdimat m\u0259rasimini \u015eamax\u0131 Rayon \u0130cra Hakimiyy\u0259tinin ba\u015f&ccedil;\u0131s\u0131 Tahir M\u0259mm\u0259dov a&ccedil;araq qonaqlar\u0131 N\u0259simi yurdunda salamlamaqdan \u015f\u0259r\u0259f duydu\u011funu bildirib.<\/span><\/p>\n<p style=\"margin-top: 0cm; margin-right: 0cm; margin-bottom: 0.0001pt; text-align: justify; text-indent: 1cm;\"><span style=\"color: #000000; font-size: 12pt; font-family: 'times new roman', times;\">M\u0259rasimd\u0259 &ccedil;\u0131x\u0131\u015f ed\u0259n Heyd\u0259r \u018fliyev Fondunun icra&ccedil;\u0131 direktoru Anar \u018fl\u0259kb\u0259rov Az\u0259rbaycan xalq\u0131n\u0131n &uuml;mumb\u0259\u015f\u0259r m\u0259d\u0259niyy\u0259tin\u0259 b\u0259x\u015f etdiyi q&uuml;dr\u0259tli s&ouml;z ustalar\u0131ndan olan \u0130mad\u0259ddin N\u0259simi v\u0259 onun kimi m&uuml;t\u0259f\u0259kkirl\u0259rin yarad\u0131c\u0131l\u0131\u011f\u0131n\u0131n t\u0259dqiqi v\u0259 t\u0259bli\u011fi sah\u0259sind\u0259 Fondun h\u0259yata ke&ccedil;irdiyi layih\u0259l\u0259rd\u0259n dan\u0131\u015f\u0131b. Vur\u011fulay\u0131b ki, b&ouml;y&uuml;k Az\u0259rbaycan \u015fairi \u0130mad\u0259ddin N\u0259siminin 650 illik yubileyinin qeyd edilm\u0259si haqq\u0131nda Az\u0259rbaycan Respublikas\u0131n\u0131n Prezidenti \u0130lham \u018fliyevin 2018-ci il 15 noyabr tarixli S\u0259r\u0259ncam\u0131, 2019-cu ilin &ldquo;N\u0259simi ili&rdquo; elan edilm\u0259si &ouml;lk\u0259mizd\u0259 tarix\u0259n m\u0259\u015fhur, d&uuml;nya \u015f&ouml;hr\u0259tli insanlar\u0131n irsinin axtar\u0131l\u0131b &uuml;z\u0259 &ccedil;\u0131xar\u0131lmas\u0131na, tan\u0131d\u0131lmas\u0131na g&ouml;st\u0259ril\u0259n b&ouml;y&uuml;k diqq\u0259tin n\u0259tic\u0259sidir.<\/span><\/p>\n<p style=\"margin-top: 0cm; margin-right: 0cm; margin-bottom: 0.0001pt; text-align: justify; text-indent: 1cm;\"><span style=\"color: #000000; font-size: 12pt; font-family: 'times new roman', times;\">T\u0259briz \u0130slam S\u0259n\u0259t Universitetinin professoru K\u0259rim Mirzay &ccedil;\u0131x\u0131\u015f\u0131nda miniat&uuml;r s\u0259n\u0259tinin inc\u0259likl\u0259rind\u0259n, T\u0259brizd\u0259, o c&uuml;ml\u0259d\u0259n \u015eamax\u0131da \u0259d\u0259biyyat v\u0259 inc\u0259s\u0259n\u0259tin, x&uuml;susil\u0259 d\u0259 miniat&uuml;r r\u0259ssaml\u0131q v\u0259 x\u0259ttatl\u0131q s\u0259n\u0259tinin inki\u015faf\u0131ndan dan\u0131\u015f\u0131b. Miniat&uuml;r s\u0259n\u0259tinin inc\u0259likl\u0259rin\u0259 toxunan professor bu s\u0259n\u0259tin bir n\u0259f\u0259rin deyil, x\u0259ttat\u0131n v\u0259 &uuml;mum\u0259n bir qrupun i\u015fi oldu\u011funu vur\u011fulay\u0131b.<\/span><\/p>\n<p style=\"margin-top: 0cm; margin-right: 0cm; margin-bottom: 0.0001pt; text-align: justify; text-indent: 1cm;\"><span style=\"font-size: 12pt; font-family: 'times new roman', times; color: #000000;\"><span style=\"color: black; background: white;\">Ming\u0259&ccedil;evir D&ouml;vl\u0259t Universitetinin m&uuml;\u0259llimi N\u0259simi\u015f&uuml;nas \u018fb&uuml;lf\u0259t \u018fdilov \u015eamax\u0131 Tarix-diyar\u015f&uuml;nasl\u0131q muzeyinin direktoru V&uuml;sal\u0259 H\u0259s\u0259novaya <\/span><span style=\"color: black; background: white;\">&ldquo;<\/span><span style=\"color: black; background: white;\">N\u0259siminin <\/span><span style=\"color: black; background: white;\">&ldquo;<\/span><span style=\"color: black; background: white;\">\u0130raq divan\u0131na<\/span><span style=\"color: black; background: white;\">&rdquo;<\/span><span style=\"color: black; background: white;\"> \u015f\u0259rhl\u0259r<\/span><span style=\"color: black; background: white;\">&rdquo;<\/span><span style=\"color: black; background: white;\"> adl\u0131 yazd\u0131\u011f\u0131 \u0259s\u0259rini muzey\u0259 h\u0259diyy\u0259 edib.<\/span><\/span><\/p>\n<p style=\"margin-top: 0cm; margin-right: 0cm; margin-bottom: 0.0001pt; text-align: justify; text-indent: 1cm;\"><span style=\"font-size: 12pt; font-family: 'times new roman', times; color: #000000;\"><span style=\"color: black;\">Qeyd ed\u0259k ki, \u0259lyazma 1468-ci il\u0259 aiddir v\u0259 haz\u0131rda Londondak\u0131 &ldquo;Britaniya&rdquo; kitabxanas\u0131nda saxlan\u0131l\u0131r. <\/span><span style=\"color: black;\">\u018flyazmada 12 farsdilli \u015fairin se&ccedil;ilmi\u015f \u0259s\u0259rl\u0259ri toplan\u0131l\u0131b. Onlardan biz\u0259 yaln\u0131z Kamal Xoc\u0259ndi, Hafiz \u015eirazi, \u018fbd&uuml;rr\u0259hman Cami, \u018fmir Xosrov D\u0259hl\u0259vi, \u015eahi Sibzavari m\u0259lumdur. \u018flyazma g&ouml;z\u0259l n\u0259st\u0259liq x\u0259tti il\u0259 h\u0259r birind\u0259 &uuml;&ccedil; q\u0259z\u0259l olmaqla iki s&uuml;tuna k&ouml;&ccedil;&uuml;r&uuml;l&uuml;b.<\/span><\/span><\/p>\n<p style=\"margin-top: 0cm; margin-right: 0cm; margin-bottom: 0.0001pt; text-align: justify; text-indent: 1cm;\"><span style=\"color: #000000; font-size: 12pt; font-family: 'times new roman', times;\">\u018flyazma bir \u0259d\u0259d iki s\u0259hif\u0259lik v\u0259 yeddi t\u0259k miniat&uuml;rd\u0259n ibar\u0259tdir. O, iki s\u0259hif\u0259lik miniat&uuml;r (diptix) sifari\u015f&ccedil;iy\u0259 h\u0259sr olunan \u0259n\u0259n\u0259vi ithafla a&ccedil;\u0131l\u0131r. &Uuml;f&uuml;qi \u015f\u0259kild\u0259 yerl\u0259\u015fmi\u015f, Herat diptixl\u0259rin xat\u0131rladan iki s\u0259hif\u0259lik bu kompozisiya janr\u0131n b&uuml;t&uuml;n elementl\u0259rini &ouml;z&uuml;nd\u0259 birl\u0259\u015fdirir: xal&ccedil;an\u0131n m\u0259rk\u0259zind\u0259 sa\u011f hiss\u0259d\u0259 n&ouml;k\u0259rl\u0259r v\u0259 saray xidm\u0259t&ccedil;il\u0259ri, arxada ba\u011f, &ouml;n planda nax\u0131\u015fl\u0131 da\u015flarla d&ouml;\u015f\u0259nmi\u015f h\u0259y\u0259t t\u0259svir edilib. T\u0259svird\u0259 hovuz \u0259traf\u0131nda musiqi&ccedil;il\u0259r v\u0259 ziyaf\u0259t\u0259 g\u0259l\u0259n qonaqlar \u0259yl\u0259\u015fib. &Ouml;n planda sol t\u0259r\u0259fd\u0259 \u015fahzad\u0259, onun xidm\u0259t&ccedil;isi v\u0259 e\u015fika\u011fas\u0131 (m\u0259rasimi idar\u0259 ed\u0259n \u015f\u0259xs), yuxar\u0131 hiss\u0259d\u0259 is\u0259 iki atla meht\u0259r, \u0259lind\u0259 \u015fahin tutmu\u015f ov&ccedil;u v\u0259 h\u0259y\u0259t\u0259 daxil olan qonaqlar t\u0259svir olunub.<\/span><\/p>\n<p style=\"margin-top: 0cm; margin-right: 0cm; margin-bottom: 0.0001pt; text-align: justify; text-indent: 1cm;\"><span style=\"color: #000000; font-size: 12pt; font-family: 'times new roman', times;\">Bir qayda olaraq, ilkin diptixl\u0259r t\u0259cr&uuml;b\u0259li v\u0259 ya\u015fl\u0131 ustalara h\u0259val\u0259 edilirdi. \u018flyazmada istifad\u0259 olunan ka\u011f\u0131z yax\u015f\u0131 cilalan\u0131b v\u0259 iri q\u0131z\u0131l\u0131 l\u0259k\u0259l\u0259rl\u0259 z\u0259ngin \u015f\u0259kild\u0259 b\u0259z\u0259dilmi\u015f &ccedil;\u0259hray\u0131, b\u0259n&ouml;v\u015f\u0259yi v\u0259 sar\u0131-ya\u015f\u0131l r\u0259ngl\u0259rin m&uuml;xt\u0259lif &ccedil;alarlar\u0131 il\u0259 r\u0259ngl\u0259nib. Teymuril\u0259r &Ccedil;in ka\u011f\u0131z\u0131n\u0131 y&uuml;ks\u0259k qiym\u0259tl\u0259ndirirdi v\u0259 onlar r\u0259ngli boyalardan istifad\u0259ni v\u0259 q\u0131z\u0131lla b\u0259z\u0259dilm\u0259sini d\u0259b\u0259 salm\u0131\u015fd\u0131. Bu c&uuml;r &ccedil;\u0259km\u0259k daha yax\u015f\u0131 hesab olunurdu, &ccedil;&uuml;nki azca tonla\u015fd\u0131r\u0131lm\u0131\u015f ka\u011f\u0131z g&ouml;zl\u0259ri sakitl\u0259\u015fdirir, t&uuml;nd r\u0259ngl\u0259r is\u0259 r\u0259ngli m&uuml;r\u0259kk\u0259bl\u0259ri tamamlay\u0131rd\u0131.<\/span><\/p>\n<p style=\"margin-top: 0cm; margin-right: 0cm; margin-bottom: 0.0001pt; text-align: justify; text-indent: 1cm;\"><span style=\"color: #000000; font-size: 12pt; font-family: 'times new roman', times;\">A&ccedil;\u0131l\u0131\u015f m\u0259rasimind\u0259 \u018ffqan\u0131stan\u0131n &ldquo;Detache&rdquo; v\u0259 Az\u0259rbaycan\u0131n &ldquo;\u0130nci&rdquo; ansambllar\u0131n\u0131n birg\u0259 &ccedil;\u0131x\u0131\u015flar\u0131 festival i\u015ftirak&ccedil;\u0131lar\u0131nda xo\u015f ovqat yarad\u0131b.<\/span><\/p>\n<p style=\"margin-bottom: 0.0001pt; text-align: justify; text-indent: 1cm; line-height: normal;\"><span style=\"font-size: 12pt; color: #000000; font-family: 'times new roman', times;\">\u015eamax\u0131n\u0131n Meys\u0259ri k\u0259ndind\u0259 ikinci N\u0259simi &#8211; \u015feir, inc\u0259s\u0259n\u0259t v\u0259 m\u0259n\u0259viyyat Festival\u0131 &ccedil;\u0259r&ccedil;iv\u0259sind\u0259 &ldquo;N\u0259siminin ruhu&#8221; heyk\u0259l-installyasiyas\u0131n\u0131n a&ccedil;\u0131l\u0131\u015f\u0131 olub.<\/span><\/p>\n<p style=\"margin-bottom: 0.0001pt; text-align: justify; text-indent: 1cm; line-height: normal;\"><span style=\"font-size: 12pt; color: #000000; font-family: 'times new roman', times;\">Festival i\u015ftirak&ccedil;\u0131lar\u0131n\u0131n, el\u0259c\u0259 d\u0259 n\u0259simisev\u0259rl\u0259rin, ziyal\u0131lar\u0131n qat\u0131ld\u0131\u011f\u0131 a&ccedil;\u0131l\u0131\u015f m\u0259rasimind\u0259 rayon icra hakimiyy\u0259tinin ba\u015f&ccedil;\u0131s\u0131 Tahir M\u0259mm\u0259dov &ccedil;\u0131x\u0131\u015f ed\u0259r\u0259k Heyd\u0259r \u018fliyev Fondunun d\u0259st\u0259yi il\u0259 \u0259rs\u0259y\u0259 g\u0259tiril\u0259n heyk\u0259l-installyasiyan\u0131n Az\u0259rbaycanda dahi \u015fair v\u0259 m&uuml;t\u0259f\u0259kkir \u0130mad\u0259ddin N\u0259simiy\u0259, &uuml;mum\u0259n yarad\u0131c\u0131 insanlara Fondun g&ouml;st\u0259rdiyi diqq\u0259t v\u0259 qay\u011f\u0131n\u0131n t\u0259zah&uuml;r&uuml; oldu\u011funu s&ouml;yl\u0259yib.<\/span><\/p>\n<p style=\"margin-bottom: 0.0001pt; text-align: justify; text-indent: 1cm; line-height: normal;\"><span style=\"font-size: 12pt; color: #000000; font-family: 'times new roman', times;\">Heyk\u0259l-installyasiyan\u0131n m&uuml;\u0259llifi R\u0259\u015fad \u018fl\u0259kb\u0259rov bu \u0259s\u0259rin onun &uuml;&ccedil;&uuml;n d\u0259 &ccedil;ox inc\u0259, z\u0259rif, yarad\u0131c\u0131 t\u0259x\u0259yy&uuml;l t\u0259l\u0259b ed\u0259n d&uuml;\u015f&uuml;nd&uuml;r&uuml;c&uuml;, h\u0259m d\u0259 &ccedil;ox &ccedil;\u0259tin oldu\u011funu vur\u011fulayaraq, h\u0259rt\u0259r\u0259fli d\u0259st\u0259k &uuml;&ccedil;&uuml;n \u0259s\u0259rin sifari\u015f&ccedil;isi Heyd\u0259r \u018fliyev Fonduna minn\u0259tdarl\u0131\u011f\u0131n\u0131 bildirib. O, &ldquo;N\u0259siminin ruhu&rdquo; adl\u0131 heyk\u0259l-installyasiyan\u0131n \u0130mad\u0259ddin N\u0259siminin &ldquo;Sur\u0259ti g&ouml;r b\u0259yan il\u0259, &ccedil;&uuml;nki b\u0259yan\u0259 s\u0131\u011fmazam&rdquo; beytind\u0259n qaynaqlanaraq yaratd\u0131\u011f\u0131n\u0131 qeyd edib.<\/span><\/p>\n<p style=\"margin-bottom: 0.0001pt; text-align: justify; text-indent: 1cm; line-height: normal;\"><span style=\"font-size: 12pt; color: #000000; font-family: 'times new roman', times;\">A&ccedil;\u0131l\u0131\u015f m\u0259rasimind\u0259 Estoniyan\u0131n &ldquo;Tallinn o\u011flanlar\u0131 xorunun&rdquo; &ccedil;\u0131x\u0131\u015f\u0131 olub.<\/span><\/p>\n<p style=\"margin-bottom: 0.0001pt; text-align: justify; text-indent: 1cm; line-height: normal;\"><span style=\"font-size: 12pt; font-family: 'times new roman', times; color: #000000;\"><span style=\"font-size: 12pt; font-family: 'Times New Roman', serif; color: black;\">Heyk\u0259l-installyasiyan\u0131n a&ccedil;\u0131l\u0131\u015f\u0131nda <\/span><span style=\"font-size: 12pt; font-family: 'Times New Roman', serif; color: black;\">Ming\u0259&ccedil;evir D&ouml;vl\u0259t Universitetinin Az\u0259rbaycan dili v\u0259 \u0259d\u0259biyyat\u0131 m&uuml;\u0259llimliyi &uuml;zr\u0259 t\u0259hsil alan II kurs t\u0259l\u0259b\u0259si G&uuml;nel M\u0259mm\u0259dovan\u0131n N\u0259siminin q\u0259z\u0259ll\u0259rind\u0259n ifa etdiyi par&ccedil;alar alq\u0131\u015flara s\u0259b\u0259b oldu. <\/span><\/span><\/p>\n<p style=\"margin-bottom: 0.0001pt; text-align: justify; text-indent: 1cm; line-height: normal;\"><span style=\"font-size: 12pt; color: #000000; font-family: 'times new roman', times;\">Sonra ikinci N\u0259simi festival\u0131 &ccedil;\u0259r&ccedil;iv\u0259sind\u0259 \u015eamax\u0131n\u0131n Meys\u0259ri k\u0259ndi \u0259razisind\u0259 M\u0259d\u0259niyy\u0259t Nazirliyinin &ldquo;S&ouml;z&rdquo; layih\u0259si i\u015ftirak&ccedil;\u0131lar\u0131n\u0131n dahi m&uuml;t\u0259f\u0259kkirin yarad\u0131c\u0131l\u0131\u011f\u0131ndan ilhamlanan \u015feir ax\u015fam\u0131 ke&ccedil;irilib.<\/span><\/p>\n<p style=\"margin-bottom: 0.0001pt; text-align: justify; text-indent: 1cm; line-height: normal;\"><span style=\"font-size: 12pt; font-family: 'times new roman', times; color: #000000;\"><span style=\"font-size: 12pt; font-family: 'Times New Roman', serif; color: black;\">Dahi \u015fair \u0130mad\u0259ddin N\u0259siminin f\u0259ls\u0259fi bax\u0131\u015flar\u0131n\u0131 \u0259ks etdir\u0259n, &ldquo;Simadan-asimana&rdquo; v\u0259 onun &ouml;z k\u0259lam\u0131ndan g&ouml;t&uuml;r&uuml;l\u0259n &ldquo;Z\u0259rr\u0259 m\u0259n\u0259m, g&uuml;n\u0259\u015f m\u0259n\u0259m&#8230;&rdquo; devizi il\u0259 ke&ccedil;iril\u0259n \u015feir gec\u0259sind\u0259 m&uuml;xt\u0259lif ya\u015fda olan n\u0259simisev\u0259rl\u0259rin \u015feirl\u0259ri dinl\u0259nilib. <\/span><span style=\"font-size: 12pt; font-family: 'Times New Roman', serif; color: black;\">Poeziya h\u0259v\u0259skarlar\u0131n\u0131n ilham v\u0259 vur\u011funluqla s\u0259sl\u0259ndirdikl\u0259ri \u015feirl\u0259r &ouml;lm\u0259z s\u0259n\u0259tkar\u0131n \u0259b\u0259diya\u015farl\u0131\u011f\u0131n\u0131n t\u0259c\u0259ss&uuml;m&uuml; olaraq, dinl\u0259yicil\u0259r t\u0259r\u0259find\u0259n b&ouml;y&uuml;k maraqla, alq\u0131\u015flarla qar\u015f\u0131lan\u0131b.<\/span><\/span><\/p>\n<p style=\"margin-bottom: 0.0001pt; text-align: justify; text-indent: 1cm; line-height: normal;\"><span style=\"font-size: 12pt; color: #000000; font-family: 'times new roman', times;\">Sonra ikinci N\u0259simi festival\u0131 &ccedil;\u0259r&ccedil;iv\u0259sind\u0259 \u015eamax\u0131n\u0131n Meys\u0259ri k\u0259ndind\u0259 daha bir t\u0259dbir &ndash; N\u0259simi poeziyas\u0131 &uuml;z\u0259rind\u0259 mu\u011fam konserti olub.<\/span><\/p>\n<p style=\"margin-bottom: 0.0001pt; text-align: justify; text-indent: 1cm; line-height: normal;\"><span style=\"font-size: 12pt; font-family: 'times new roman', times; color: #000000;\"><span style=\"font-size: 12pt; font-family: 'Times New Roman', serif; color: black;\">Mu\u011fam konserti festival i\u015ftirak&ccedil;\u0131lar\u0131na unudulmaz anlar b\u0259x\u015f edib. <\/span><span style=\"font-size: 12pt; font-family: 'Times New Roman', serif; color: black;\">\u0130fa&ccedil;\u0131lar\u0131n bir-birind\u0259n g&ouml;z\u0259l v\u0259 pe\u015f\u0259karl\u0131qla s\u0259sl\u0259ndirdikl\u0259ri mu\u011famlar m&uuml;t\u0259f\u0259kkir \u015fairin b&ouml;y&uuml;kl&uuml;y&uuml;n&uuml;n \u0259sl t\u0259qdimat\u0131 olub. Ani s&uuml;kutdan sonra gurultulu alq\u0131\u015f s\u0259dalar\u0131 h\u0259m d\u0259 \u015fairin ruhuna ehtiram idi.<\/span><\/span><\/p>\n<p style=\"margin-bottom: 0.0001pt; text-align: justify; text-indent: 1cm; line-height: normal;\"><span style=\"font-size: 12pt; font-family: 'times new roman', times; color: #000000;\"><span style=\"font-family: 'Times New Roman', serif; color: black;\">Sonra <\/span><span style=\"font-size: 12pt; font-family: 'Times New Roman', serif; color: black;\">\u0130kinci N\u0259simi festival\u0131 &ccedil;\u0259r&ccedil;iv\u0259sind\u0259 \u015eamax\u0131da t\u0259\u015fkil olunan silsil\u0259 t\u0259dbirl\u0259rin davam\u0131 olaraq qonaqlar\u0131n bir qrupu, habel\u0259 n\u0259simisev\u0259rl\u0259r \u015f\u0259h\u0259rin yax\u0131nl\u0131\u011f\u0131nda yerl\u0259\u015f\u0259n q\u0259birstanl\u0131\u011fa g\u0259l\u0259r\u0259k \u0130mad\u0259ddin N\u0259siminin qarda\u015f\u0131 \u015eahx\u0259ndan\u0131n m\u0259zar\u0131n\u0131 ziyar\u0259t edibl\u0259r.<\/span><\/span><\/p>\n<p style=\"margin-bottom: 0.0001pt; text-align: justify; text-indent: 1cm; line-height: normal;\"><span style=\"font-size: 12pt; color: #000000; font-family: 'times new roman', times;\">Rayon icra hakimiyy\u0259tinin ba\u015f&ccedil;\u0131s\u0131 Tahir M\u0259mm\u0259dov qonaqlara XIV \u0259srin tan\u0131nm\u0131\u015f simalar\u0131ndan olan \u015eahx\u0259ndan bar\u0259d\u0259 m\u0259lumat verib. Haz\u0131rda q\u0259bir&uuml;st&uuml; abid\u0259nin restavrasiya olundu\u011funu bildir\u0259n icra ba\u015f&ccedil;\u0131s\u0131 qeyd edib ki, yaz\u0131l\u0131 m\u0259nb\u0259l\u0259rd\u0259 ad\u0131 &ccedil;\u0259kil\u0259n, h\u0259yat\u0131 v\u0259 f\u0259aliyy\u0259ti bar\u0259d\u0259 m\u0259lumatlara rast g\u0259lin\u0259n bir s\u0131ra g&ouml;rk\u0259mli \u015f\u0259xsiyy\u0259tl\u0259r var ki, onlar\u0131n bar\u0259sind\u0259 t\u0259dqiqatlara ehtiyac duyulur.<\/span><\/p>\n<p style=\"margin-bottom: 0.0001pt; text-align: justify; text-indent: 1cm; line-height: normal;\"><span style=\"font-size: 12pt; color: #000000; font-family: 'times new roman', times;\">Almaniyal\u0131 n\u0259simi\u015f&uuml;nas alim Maykl Hers abid\u0259nin ziyar\u0259ti zaman\u0131 \u0130mad\u0259ddin N\u0259simi v\u0259 onun qarda\u015f\u0131 \u015eahx\u0259ndanla ba\u011fl\u0131 apard\u0131\u011f\u0131 t\u0259dqiqatlardan dan\u0131\u015f\u0131b.<\/span><\/p>\n<p style=\"margin-bottom: 0.0001pt; text-align: justify; text-indent: 1cm; line-height: normal;\"><span style=\"font-size: 12pt; color: #000000; font-family: 'times new roman', times;\">T&uuml;rb\u0259nin konservasiyas\u0131 v\u0259 \u0259traf\u0131nda abadl\u0131q i\u015fl\u0259rinin apar\u0131lamas\u0131 &uuml;zr\u0259 layih\u0259nin m&uuml;\u0259llifi, avstriyal\u0131 b\u0259rpa&ccedil;\u0131-memar Erik Pumer g&ouml;r&uuml;l\u0259n v\u0259 n\u0259z\u0259rd\u0259 tutulan i\u015fl\u0259r bar\u0259d\u0259 qonaqlara \u0259trafl\u0131 m\u0259lumat verib.<\/span><\/p>\n<p style=\"margin-top: 0cm; margin-right: 0cm; margin-bottom: 0.0001pt; text-align: justify; text-indent: 1cm;\"><span style=\"color: #000000; font-size: 12pt; font-family: 'times new roman', times;\">Sonra Ming\u0259&ccedil;evir D&ouml;vl\u0259t Universitetinin n&uuml;may\u0259nd\u0259 hey\u0259ti Az\u0259rbaycan\u0131n g&ouml;rk\u0259mli \u015fairi Seyid \u018fzim \u015eirvaninin q\u0259brini ziyar\u0259t edib, ehtiramlar\u0131n\u0131 bildiribl\u0259r. Ard\u0131nca ziyar\u0259t&ccedil;il\u0259r Az\u0259rbaycan \u0259razisind\u0259, b&uuml;t&ouml;vl&uuml;kd\u0259 C\u0259nubi Qafqazda v\u0259 Yax\u0131n \u015e\u0259rqd\u0259 743-c&uuml; ild\u0259 in\u015fa edil\u0259n \u0259n q\u0259dim m&uuml;s\u0259lman m\u0259b\u0259dl\u0259rind\u0259n olan \u015eamax\u0131 C&uuml;m\u0259 m\u0259scidi ziyar\u0259t edibl\u0259r.<\/span><\/p>\n<p style=\"margin-top: 0cm; margin-right: 0cm; margin-bottom: 0.0001pt; text-align: justify; text-indent: 1cm;\"><span style=\"color: #000000; font-size: 12pt; font-family: 'times new roman', times;\">G&uuml;n&uuml;n sonunda MDU-nun n&uuml;may\u0259nd\u0259l\u0259ri \u015eamax\u0131n\u0131n m\u0259rk\u0259zind\u0259 N\u0259siminin yeni ucald\u0131lan abid\u0259sini ziyar\u0259t edibl\u0259r.<\/span><\/p>\n<p>{phocagallery view=category|categoryid=190|limitstart=0|limitcount=0}<\/p>","protected":false},"excerpt":{"rendered":"<p>Ming\u0259&ccedil;evir D&ouml;vl\u0259t Universitetinin n&uuml;may\u0259nd\u0259 hey\u0259ti Az\u0259rbaycanda N\u0259simi-\u015feir, inc\u0259s\u0259n\u0259t v\u0259 m\u0259n\u0259viyyat Festival\u0131nda i\u015ftirak edibl\u0259r &nbsp; Az\u0259rbaycan Respublikas\u0131 Prezidenti \u0130lham \u018fliyevin 11 yanvar 2019-cu il tarixli S\u0259r\u0259ncam\u0131 il\u0259 elan olunmu\u015f &ldquo;N\u0259simi ili&rdquo; &ccedil;\u0259r&ccedil;iv\u0259sind\u0259 Heyd\u0259r \u018fliyev Fondu v\u0259 M\u0259d\u0259niyy\u0259t Nazirliyinin t\u0259\u015fkilat&ccedil;\u0131l\u0131\u011f\u0131 il\u0259 ke&ccedil;iril\u0259n ikinci N\u0259simi &ndash; \u015feir, inc\u0259s\u0259n\u0259t v\u0259 m\u0259n\u0259viyyat Festival\u0131 &ccedil;\u0259r&ccedil;iv\u0259sind\u0259 sentyabr\u0131n 29-da \u015eamax\u0131 tarix-diyar\u015f&uuml;nasl\u0131q muzeyind\u0259 &ldquo;\u015eamax\u0131 [&hellip;]<\/p>\n","protected":false},"author":1,"featured_media":0,"comment_status":"open","ping_status":"open","sticky":false,"template":"","format":"standard","meta":{"_eb_attr":"","ocean_post_layout":"","ocean_both_sidebars_style":"","ocean_both_sidebars_content_width":0,"ocean_both_sidebars_sidebars_width":0,"ocean_sidebar":"","ocean_second_sidebar":"","ocean_disable_margins":"enable","ocean_add_body_class":"","ocean_shortcode_before_top_bar":"","ocean_shortcode_after_top_bar":"","ocean_shortcode_before_header":"","ocean_shortcode_after_header":"","ocean_has_shortcode":"","ocean_shortcode_after_title":"","ocean_shortcode_before_footer_widgets":"","ocean_shortcode_after_footer_widgets":"","ocean_shortcode_before_footer_bottom":"","ocean_shortcode_after_footer_bottom":"","ocean_display_top_bar":"default","ocean_display_header":"default","ocean_header_style":"","ocean_center_header_left_menu":"","ocean_custom_header_template":"","ocean_custom_logo":0,"ocean_custom_retina_logo":0,"ocean_custom_logo_max_width":0,"ocean_custom_logo_tablet_max_width":0,"ocean_custom_logo_mobile_max_width":0,"ocean_custom_logo_max_height":0,"ocean_custom_logo_tablet_max_height":0,"ocean_custom_logo_mobile_max_height":0,"ocean_header_custom_menu":"","ocean_menu_typo_font_family":"","ocean_menu_typo_font_subset":"","ocean_menu_typo_font_size":0,"ocean_menu_typo_font_size_tablet":0,"ocean_menu_typo_font_size_mobile":0,"ocean_menu_typo_font_size_unit":"px","ocean_menu_typo_font_weight":"","ocean_menu_typo_font_weight_tablet":"","ocean_menu_typo_font_weight_mobile":"","ocean_menu_typo_transform":"","ocean_menu_typo_transform_tablet":"","ocean_menu_typo_transform_mobile":"","ocean_menu_typo_line_height":0,"ocean_menu_typo_line_height_tablet":0,"ocean_menu_typo_line_height_mobile":0,"ocean_menu_typo_line_height_unit":"","ocean_menu_typo_spacing":0,"ocean_menu_typo_spacing_tablet":0,"ocean_menu_typo_spacing_mobile":0,"ocean_menu_typo_spacing_unit":"","ocean_menu_link_color":"","ocean_menu_link_color_hover":"","ocean_menu_link_color_active":"","ocean_menu_link_background":"","ocean_menu_link_hover_background":"","ocean_menu_link_active_background":"","ocean_menu_social_links_bg":"","ocean_menu_social_hover_links_bg":"","ocean_menu_social_links_color":"","ocean_menu_social_hover_links_color":"","ocean_disable_title":"default","ocean_disable_heading":"default","ocean_post_title":"","ocean_post_subheading":"","ocean_post_title_style":"","ocean_post_title_background_color":"","ocean_post_title_background":0,"ocean_post_title_bg_image_position":"","ocean_post_title_bg_image_attachment":"","ocean_post_title_bg_image_repeat":"","ocean_post_title_bg_image_size":"","ocean_post_title_height":0,"ocean_post_title_bg_overlay":0.5,"ocean_post_title_bg_overlay_color":"","ocean_disable_breadcrumbs":"default","ocean_breadcrumbs_color":"","ocean_breadcrumbs_separator_color":"","ocean_breadcrumbs_links_color":"","ocean_breadcrumbs_links_hover_color":"","ocean_display_footer_widgets":"default","ocean_display_footer_bottom":"default","ocean_custom_footer_template":"","ocean_post_oembed":"","ocean_post_self_hosted_media":"","ocean_post_video_embed":"","ocean_link_format":"","ocean_link_format_target":"self","ocean_quote_format":"","ocean_quote_format_link":"post","ocean_gallery_link_images":"on","ocean_gallery_id":[],"footnotes":""},"categories":[63],"tags":[],"class_list":["post-14976","post","type-post","status-publish","format-standard","hentry","category-khaebaerlaer-az","entry"],"_links":{"self":[{"href":"https:\/\/mdu.edu.az\/ru\/wp-json\/wp\/v2\/posts\/14976","targetHints":{"allow":["GET"]}}],"collection":[{"href":"https:\/\/mdu.edu.az\/ru\/wp-json\/wp\/v2\/posts"}],"about":[{"href":"https:\/\/mdu.edu.az\/ru\/wp-json\/wp\/v2\/types\/post"}],"author":[{"embeddable":true,"href":"https:\/\/mdu.edu.az\/ru\/wp-json\/wp\/v2\/users\/1"}],"replies":[{"embeddable":true,"href":"https:\/\/mdu.edu.az\/ru\/wp-json\/wp\/v2\/comments?post=14976"}],"version-history":[{"count":0,"href":"https:\/\/mdu.edu.az\/ru\/wp-json\/wp\/v2\/posts\/14976\/revisions"}],"wp:attachment":[{"href":"https:\/\/mdu.edu.az\/ru\/wp-json\/wp\/v2\/media?parent=14976"}],"wp:term":[{"taxonomy":"category","embeddable":true,"href":"https:\/\/mdu.edu.az\/ru\/wp-json\/wp\/v2\/categories?post=14976"},{"taxonomy":"post_tag","embeddable":true,"href":"https:\/\/mdu.edu.az\/ru\/wp-json\/wp\/v2\/tags?post=14976"}],"curies":[{"name":"wp","href":"https:\/\/api.w.org\/{rel}","templated":true}]}}