{"id":14987,"date":"2019-10-16T18:23:31","date_gmt":"2019-10-16T15:23:31","guid":{"rendered":"https:\/\/mdu.edu.az\/minzh-evir-d-vl-t-universitetind-m-k-hazhlar-art-r-l-b\/"},"modified":"2019-10-16T18:23:31","modified_gmt":"2019-10-16T15:23:31","slug":"minzh-evir-d-vl-t-universitetind-m-k-hazhlar-art-r-l-b","status":"publish","type":"post","link":"https:\/\/mdu.edu.az\/ru\/minzh-evir-d-vl-t-universitetind-m-k-hazhlar-art-r-l-b\/","title":{"rendered":"Ming\u0259\u00e7evir D\u00f6vl\u0259t Universitetind\u0259 \u0259m\u0259khaqlar\u0131 art\u0131r\u0131l\u0131b"},"content":{"rendered":"<p style=\"margin-bottom: 0.0001pt; text-align: center; line-height: 150%;\"><span style=\"color: #0000ff;\"><b><span style=\"font-size: 12pt; line-height: 150%; font-family: Arial, sans-serif;\">Ming\u0259&ccedil;evir D&ouml;vl\u0259t Universitetind\u0259 \u0259m\u0259khaqlar\u0131 art\u0131r\u0131l\u0131b<\/span><\/b><\/span><\/p>\n<p>&nbsp;<\/p>\n<p style=\"margin-bottom: 0.0001pt; text-align: center; line-height: 150%;\"><b><span style=\"font-size: 12pt; line-height: 150%; font-family: Arial, sans-serif;\"><\/span><\/b><\/p>\n<p style=\"margin-bottom: 0.0001pt; text-align: justify; text-indent: 27pt; line-height: 150%;\"><span style=\"font-size: 12pt; line-height: 150%; font-family: Arial, sans-serif;\">16 oktyabr 2019-cu il tarixind\u0259 Ming\u0259&ccedil;evir D&ouml;vl\u0259t Universiteti (MDU) Elmi \u015euras\u0131n\u0131n n&ouml;vb\u0259d\u0259nk\u0259nar iclas\u0131 ke&ccedil;irilib.<\/span><\/p>\n<p style=\"margin-bottom: 0.0001pt; text-align: justify; text-indent: 27pt; line-height: 150%;\"><span style=\"font-size: 12pt; line-height: 150%; font-family: Arial, sans-serif;\">\u0130clasda MDU \u0259m\u0259kda\u015flar\u0131n\u0131n ayl\u0131q \u0259m\u0259khaqq\u0131n\u0131n art\u0131r\u0131lmas\u0131 m\u0259s\u0259l\u0259si m&uuml;zakir\u0259 olunub. M\u0259s\u0259l\u0259 bar\u0259d\u0259 \u0259trafl\u0131 m\u0259lumat ver\u0259n rektor \u015eahin Bayramov &ldquo;Ali t\u0259hsil m&uuml;\u0259ssis\u0259l\u0259rind\u0259 v\u0259 magistratura s\u0259viyy\u0259si &uuml;zr\u0259 Az\u0259rbaycan Milli Elml\u0259r Akademiyas\u0131nda yeni maliyy\u0259l\u0259\u015fm\u0259 mexanizminin t\u0259tbiq edilm\u0259si haqq\u0131nda&rdquo; Az\u0259rbaycan Respublikas\u0131 Nazirl\u0259r Kabinetinin 2010-cu il 25 iyun tarixli 120 n&ouml;mr\u0259li Q\u0259rar\u0131nda d\u0259yi\u015fiklik edilm\u0259si bar\u0259d\u0259 Az\u0259rbaycan Respublikas\u0131 Nazirl\u0259r Kabinetinin 3 oktyabr 2019-cu il tarixli 428 n&ouml;mr\u0259li Q\u0259rar\u0131n\u0131n b&uuml;t&uuml;n ali t\u0259hsil ictimaiyy\u0259ti kimi MDU \u0259m\u0259kda\u015flar\u0131 t\u0259r\u0259find\u0259n d\u0259 b&ouml;y&uuml;k sevinc hissi il\u0259 qar\u015f\u0131land\u0131\u011f\u0131n\u0131 diqq\u0259t\u0259 &ccedil;atd\u0131r\u0131b.<\/span><\/p>\n<p style=\"margin-bottom: 0.0001pt; text-align: justify; text-indent: 27pt; line-height: 150%;\"><span style=\"font-size: 12pt; line-height: 150%; font-family: Arial, sans-serif;\">&Ouml;lk\u0259 ba\u015f&ccedil;\u0131s\u0131 t\u0259r\u0259find\u0259n u\u011furla realla\u015fd\u0131r\u0131lan d&ouml;vl\u0259t siyas\u0259tinin m\u0259zmununda v\u0259t\u0259nda\u015flar\u0131n sosial v\u0259ziyy\u0259tinin yax\u015f\u0131la\u015fd\u0131r\u0131lmas\u0131n\u0131n prioritet m\u0259s\u0259l\u0259l\u0259rd\u0259n oldu\u011funu qeyd ed\u0259n \u015e.Bayramov 2019-cu il \u0259rzind\u0259 bu y&ouml;nd\u0259 at\u0131lm\u0131\u015f add\u0131mlardan b\u0259hs edib v\u0259 minimum \u0259m\u0259khaqq\u0131n\u0131n bu il \u0259rzind\u0259 iki d\u0259f\u0259 y&uuml;ks\u0259ldilm\u0259sini x&uuml;susi vur\u011fulay\u0131b. O, &ouml;lk\u0259 ba\u015f&ccedil;\u0131s\u0131n\u0131n t\u0259hsil sah\u0259sin\u0259 y&uuml;ks\u0259k diqq\u0259t v\u0259 qay\u011f\u0131s\u0131, o c&uuml;ml\u0259d\u0259n t\u0259hsil i\u015f&ccedil;il\u0259rinin sosial rifah\u0131n\u0131n g&uuml;cl\u0259ndirilm\u0259si istiqam\u0259tind\u0259 verdiyi q\u0259rarlar bar\u0259d\u0259 m\u0259lumat verib v\u0259 Nazirl\u0259r Kabinetinin yuxar\u0131da qeyd olunan Q\u0259rar\u0131n\u0131 h\u0259min t\u0259dbirl\u0259rin davam\u0131 kimi s\u0259ciyy\u0259l\u0259ndirib.<\/span><\/p>\n<p style=\"margin-bottom: 0.0001pt; text-align: justify; text-indent: 27pt; line-height: 150%;\"><span style=\"font-size: 12pt; line-height: 150%; font-family: Arial, sans-serif;\">\u015e.Bayramov Az\u0259rbaycan Respublikas\u0131 T\u0259hsil Nazirliyinin cari ilin 7 oktyabr tarixind\u0259 ke&ccedil;irilmi\u015f Kollegiya iclas\u0131nda s&ouml;z&uuml;ged\u0259n q\u0259rar\u0131n \u0259trafl\u0131 m&uuml;zakir\u0259 olundu\u011funu v\u0259 bu q\u0259rardan ir\u0259li g\u0259l\u0259n v\u0259zif\u0259l\u0259r bar\u0259d\u0259 ali t\u0259hsil m&uuml;\u0259ssis\u0259l\u0259rin\u0259 m&uuml;vafiq t\u0259limatlar\u0131n verildiyini Elmi \u015eura &uuml;zvl\u0259rinin diqq\u0259tin\u0259 &ccedil;atd\u0131r\u0131b.<\/span><\/p>\n<p style=\"margin-bottom: 0.0001pt; text-align: justify; text-indent: 27pt; line-height: 150%;\"><span style=\"font-size: 12pt; line-height: 150%; font-family: Arial, sans-serif;\">\u0130clasda d&ouml;vl\u0259t sifari\u015fi il\u0259 ali t\u0259hsil m&uuml;\u0259ssis\u0259l\u0259rinin bakalavriat v\u0259 magistratura s\u0259viyy\u0259l\u0259rind\u0259 h\u0259r bir t\u0259hsilalana d&uuml;\u015f\u0259n t\u0259hsil x\u0259rcl\u0259rinin miqdar\u0131n\u0131n y&uuml;ks\u0259ldilm\u0259si n\u0259tic\u0259sind\u0259 MDU-nun g\u0259lirl\u0259rind\u0259 g&ouml;zl\u0259nil\u0259n m&uuml;mk&uuml;n art\u0131mlar, el\u0259c\u0259 d\u0259 cari t\u0259dris ilind\u0259 universitetd\u0259 &ouml;d\u0259ni\u015fli \u0259saslarla t\u0259hsil alan t\u0259l\u0259b\u0259l\u0259rin &uuml;mumi say\u0131ndak\u0131 art\u0131m n\u0259z\u0259r\u0259 al\u0131nmaqla, MDU-da 1 sentyabr 2019-cu il tarixind\u0259n etibar\u0259n ayl\u0131q \u0259m\u0259khaqq\u0131n\u0131n professor-m&uuml;\u0259llim hey\u0259ti &uuml;zr\u0259 orta hesabla 15.2%, inzibati-idar\u0259, t\u0259dris-k&ouml;m\u0259k&ccedil;i v\u0259 xidm\u0259tedici hey\u0259t &uuml;zr\u0259 orta hesabla 13.6% art\u0131r\u0131lmas\u0131na dair q\u0259rar q\u0259bul olunub. Eyni zamanda, iclasda MDU-da eyni v\u0259zif\u0259 tutan \u0259m\u0259kda\u015flar &uuml;&ccedil;&uuml;n vahid v\u0259zif\u0259 maa\u015f\u0131 m&uuml;\u0259yy\u0259n edilm\u0259si t\u0259klifi b\u0259y\u0259nilib.<\/span><\/p>\n<p><span style=\"font-size: 12pt; line-height: 115%; font-family: Arial, sans-serif;\">&nbsp; &nbsp; &nbsp; \u0130clasda edil\u0259n &ccedil;\u0131x\u0131\u015flarda g&ouml;st\u0259ril\u0259n diqq\u0259t v\u0259 qay\u011f\u0131ya g&ouml;r\u0259 &ouml;lk\u0259 ba\u015f&ccedil;\u0131s\u0131na minn\u0259tdarl\u0131q bildirilib.<\/span><\/p>\n<p>{phocagallery view=category|categoryid=201|limitstart=0|limitcount=0}<\/p>","protected":false},"excerpt":{"rendered":"<p>Ming\u0259&ccedil;evir D&ouml;vl\u0259t Universitetind\u0259 \u0259m\u0259khaqlar\u0131 art\u0131r\u0131l\u0131b &nbsp; 16 oktyabr 2019-cu il tarixind\u0259 Ming\u0259&ccedil;evir D&ouml;vl\u0259t Universiteti (MDU) Elmi \u015euras\u0131n\u0131n n&ouml;vb\u0259d\u0259nk\u0259nar iclas\u0131 ke&ccedil;irilib. \u0130clasda MDU \u0259m\u0259kda\u015flar\u0131n\u0131n ayl\u0131q \u0259m\u0259khaqq\u0131n\u0131n art\u0131r\u0131lmas\u0131 m\u0259s\u0259l\u0259si m&uuml;zakir\u0259 olunub. M\u0259s\u0259l\u0259 bar\u0259d\u0259 \u0259trafl\u0131 m\u0259lumat ver\u0259n rektor \u015eahin Bayramov &ldquo;Ali t\u0259hsil m&uuml;\u0259ssis\u0259l\u0259rind\u0259 v\u0259 magistratura s\u0259viyy\u0259si &uuml;zr\u0259 Az\u0259rbaycan Milli Elml\u0259r Akademiyas\u0131nda yeni maliyy\u0259l\u0259\u015fm\u0259 mexanizminin t\u0259tbiq edilm\u0259si haqq\u0131nda&rdquo; Az\u0259rbaycan [&hellip;]<\/p>\n","protected":false},"author":1,"featured_media":0,"comment_status":"open","ping_status":"open","sticky":false,"template":"","format":"standard","meta":{"_eb_attr":"","ocean_post_layout":"","ocean_both_sidebars_style":"","ocean_both_sidebars_content_width":0,"ocean_both_sidebars_sidebars_width":0,"ocean_sidebar":"","ocean_second_sidebar":"","ocean_disable_margins":"enable","ocean_add_body_class":"","ocean_shortcode_before_top_bar":"","ocean_shortcode_after_top_bar":"","ocean_shortcode_before_header":"","ocean_shortcode_after_header":"","ocean_has_shortcode":"","ocean_shortcode_after_title":"","ocean_shortcode_before_footer_widgets":"","ocean_shortcode_after_footer_widgets":"","ocean_shortcode_before_footer_bottom":"","ocean_shortcode_after_footer_bottom":"","ocean_display_top_bar":"default","ocean_display_header":"default","ocean_header_style":"","ocean_center_header_left_menu":"","ocean_custom_header_template":"","ocean_custom_logo":0,"ocean_custom_retina_logo":0,"ocean_custom_logo_max_width":0,"ocean_custom_logo_tablet_max_width":0,"ocean_custom_logo_mobile_max_width":0,"ocean_custom_logo_max_height":0,"ocean_custom_logo_tablet_max_height":0,"ocean_custom_logo_mobile_max_height":0,"ocean_header_custom_menu":"","ocean_menu_typo_font_family":"","ocean_menu_typo_font_subset":"","ocean_menu_typo_font_size":0,"ocean_menu_typo_font_size_tablet":0,"ocean_menu_typo_font_size_mobile":0,"ocean_menu_typo_font_size_unit":"px","ocean_menu_typo_font_weight":"","ocean_menu_typo_font_weight_tablet":"","ocean_menu_typo_font_weight_mobile":"","ocean_menu_typo_transform":"","ocean_menu_typo_transform_tablet":"","ocean_menu_typo_transform_mobile":"","ocean_menu_typo_line_height":0,"ocean_menu_typo_line_height_tablet":0,"ocean_menu_typo_line_height_mobile":0,"ocean_menu_typo_line_height_unit":"","ocean_menu_typo_spacing":0,"ocean_menu_typo_spacing_tablet":0,"ocean_menu_typo_spacing_mobile":0,"ocean_menu_typo_spacing_unit":"","ocean_menu_link_color":"","ocean_menu_link_color_hover":"","ocean_menu_link_color_active":"","ocean_menu_link_background":"","ocean_menu_link_hover_background":"","ocean_menu_link_active_background":"","ocean_menu_social_links_bg":"","ocean_menu_social_hover_links_bg":"","ocean_menu_social_links_color":"","ocean_menu_social_hover_links_color":"","ocean_disable_title":"default","ocean_disable_heading":"default","ocean_post_title":"","ocean_post_subheading":"","ocean_post_title_style":"","ocean_post_title_background_color":"","ocean_post_title_background":0,"ocean_post_title_bg_image_position":"","ocean_post_title_bg_image_attachment":"","ocean_post_title_bg_image_repeat":"","ocean_post_title_bg_image_size":"","ocean_post_title_height":0,"ocean_post_title_bg_overlay":0.5,"ocean_post_title_bg_overlay_color":"","ocean_disable_breadcrumbs":"default","ocean_breadcrumbs_color":"","ocean_breadcrumbs_separator_color":"","ocean_breadcrumbs_links_color":"","ocean_breadcrumbs_links_hover_color":"","ocean_display_footer_widgets":"default","ocean_display_footer_bottom":"default","ocean_custom_footer_template":"","ocean_post_oembed":"","ocean_post_self_hosted_media":"","ocean_post_video_embed":"","ocean_link_format":"","ocean_link_format_target":"self","ocean_quote_format":"","ocean_quote_format_link":"post","ocean_gallery_link_images":"on","ocean_gallery_id":[],"footnotes":""},"categories":[63],"tags":[],"class_list":["post-14987","post","type-post","status-publish","format-standard","hentry","category-khaebaerlaer-az","entry"],"_links":{"self":[{"href":"https:\/\/mdu.edu.az\/ru\/wp-json\/wp\/v2\/posts\/14987","targetHints":{"allow":["GET"]}}],"collection":[{"href":"https:\/\/mdu.edu.az\/ru\/wp-json\/wp\/v2\/posts"}],"about":[{"href":"https:\/\/mdu.edu.az\/ru\/wp-json\/wp\/v2\/types\/post"}],"author":[{"embeddable":true,"href":"https:\/\/mdu.edu.az\/ru\/wp-json\/wp\/v2\/users\/1"}],"replies":[{"embeddable":true,"href":"https:\/\/mdu.edu.az\/ru\/wp-json\/wp\/v2\/comments?post=14987"}],"version-history":[{"count":0,"href":"https:\/\/mdu.edu.az\/ru\/wp-json\/wp\/v2\/posts\/14987\/revisions"}],"wp:attachment":[{"href":"https:\/\/mdu.edu.az\/ru\/wp-json\/wp\/v2\/media?parent=14987"}],"wp:term":[{"taxonomy":"category","embeddable":true,"href":"https:\/\/mdu.edu.az\/ru\/wp-json\/wp\/v2\/categories?post=14987"},{"taxonomy":"post_tag","embeddable":true,"href":"https:\/\/mdu.edu.az\/ru\/wp-json\/wp\/v2\/tags?post=14987"}],"curies":[{"name":"wp","href":"https:\/\/api.w.org\/{rel}","templated":true}]}}