{"id":14989,"date":"2019-10-18T13:31:25","date_gmt":"2019-10-18T10:31:25","guid":{"rendered":"https:\/\/mdu.edu.az\/minzh-evir-d-vl-t-universitetind-az-rbaydzan-respublikas-n-n-d-vl-t-m-st-zhilliyi-zh-n-zheyd-olunub\/"},"modified":"2019-10-18T13:31:25","modified_gmt":"2019-10-18T10:31:25","slug":"minzh-evir-d-vl-t-universitetind-az-rbaydzan-respublikas-n-n-d-vl-t-m-st-zhilliyi-zh-n-zheyd-olunub","status":"publish","type":"post","link":"https:\/\/mdu.edu.az\/ru\/minzh-evir-d-vl-t-universitetind-az-rbaydzan-respublikas-n-n-d-vl-t-m-st-zhilliyi-zh-n-zheyd-olunub\/","title":{"rendered":"Ming\u0259\u00e7evir D\u00f6vl\u0259t Universitetind\u0259 Az\u0259rbaycan Respublikas\u0131n\u0131n  D\u00f6vl\u0259t m\u00fcst\u0259qilliyi g\u00fcn\u00fc qeyd olunub"},"content":{"rendered":"<p style=\"margin-bottom: 0.0001pt; text-indent: 35.45pt; text-align: center;\"><span style=\"font-size: 14pt; color: #0000ff;\"><strong><span style=\"line-height: 115%; font-family: 'Times New Roman', serif;\">Ming\u0259&ccedil;evir D&ouml;vl\u0259t Universitetind\u0259 Az\u0259rbaycan Respublikas\u0131n\u0131n <\/span><\/strong><\/span><\/p>\n<p style=\"margin-bottom: 0.0001pt; text-indent: 35.45pt; text-align: center;\"><span style=\"font-size: 14pt; color: #0000ff;\"><strong><span style=\"line-height: 115%; font-family: 'Times New Roman', serif;\">D&ouml;vl\u0259t m&uuml;st\u0259qilliyi g&uuml;n&uuml; qeyd olunub<\/span><\/strong><\/span><\/p>\n<p>&nbsp;<\/p>\n<p style=\"margin-bottom: 0.0001pt; text-align: justify; text-indent: 35.45pt;\"><span style=\"font-size: 12pt; line-height: 115%; font-family: 'Times New Roman', serif; color: #000000;\">Ming\u0259&ccedil;evir D&ouml;vl\u0259t Universitetind\u0259 Az\u0259rbaycan Respublikas\u0131n\u0131n D&ouml;vl\u0259t m&uuml;st\u0259qilliyi g&uuml;n&uuml;n&uuml;n 28-ci ild&ouml;n&uuml;m&uuml;n\u0259 h\u0259sr olunmu\u015f t\u0259dbir ke&ccedil;irilib.<\/span><\/p>\n<p style=\"margin-bottom: 0.0001pt; text-align: justify; text-indent: 35.45pt;\"><span style=\"font-size: 12pt; line-height: 115%; font-family: 'Times New Roman', serif; color: #000000;\">Universitetin professor-m&uuml;\u0259llim, inzibati-texniki v\u0259 t\u0259l\u0259b\u0259 hey\u0259ti &uuml;zvl\u0259rini 18 oktyabr Az\u0259rbaycan Respublikas\u0131n\u0131n D&ouml;vl\u0259t m&uuml;st\u0259qilliyi g&uuml;n&uuml; m&uuml;nasib\u0259til\u0259 t\u0259brik ed\u0259n rektor \u015eahin Bayramov b&uuml; g&uuml;n&uuml;n m&uuml;h&uuml;m tarixi \u0259h\u0259miyy\u0259tind\u0259n v\u0259 Az\u0259rbaycan xalq\u0131n\u0131n XX \u0259srin sonunda ikinci d\u0259f\u0259 m&uuml;st\u0259qillik \u0259ld\u0259 etm\u0259sinin strateji &ouml;n\u0259mind\u0259n b\u0259hs edib. H\u0259min d&ouml;vrd\u0259 d&uuml;nyada v\u0259 regionda ba\u015f ver\u0259n geosiyasi prosesl\u0259rin x&uuml;susiyy\u0259tl\u0259rini v\u0259 &ouml;lk\u0259mizd\u0259 ictimai, sosial v\u0259 iqtisadi durumun &ccedil;\u0259tinlikl\u0259rini qeyd ed\u0259n \u015e.Bayramov d&ouml;vl\u0259t m&uuml;st\u0259qilliyinin asan ba\u015fa g\u0259lm\u0259diyini v\u0259 bunun Az\u0259rbaycan xalq\u0131n\u0131n irad\u0259si v\u0259 m&uuml;bariz\u0259si n\u0259tic\u0259sind\u0259 \u0259ld\u0259 olundu\u011funu bildirib. O, &ldquo;Az\u0259rbaycan\u0131n d&ouml;vl\u0259t m&uuml;st\u0259qilliyi haqq\u0131nda Konstitusiya Akt\u0131&rdquo;n\u0131n 1991-ci ilin 18 oktyabr tarixind\u0259 q\u0259bul olunmas\u0131na baxmayaraq, &ouml;lk\u0259mizin faktiki m&uuml;st\u0259qilliyinin &Uuml;mummilli lider Heyd\u0259r \u018fliyevin 1993-c&uuml; ilin 15 iyununda xalq\u0131n &ccedil;a\u011f\u0131r\u0131\u015f\u0131 il\u0259 ikinci d\u0259f\u0259 hakimiyy\u0259t\u0259 qay\u0131d\u0131\u015f\u0131ndan sonra m&uuml;mk&uuml;n oldu\u011funu vur\u011fulay\u0131b.<\/span><\/p>\n<p style=\"margin-bottom: 0.0001pt; text-align: justify; text-indent: 35.45pt;\"><span style=\"font-size: 12pt; line-height: 115%; font-family: 'Times New Roman', serif; color: #000000;\">M\u0259hz m&uuml;drik liderin titanik \u0259m\u0259yi, Az\u0259rbaycan xalq\u0131n\u0131n milli maraqlar\u0131na \u0259saslanan uzaqg&ouml;r\u0259n v\u0259 d&uuml;\u015f&uuml;n&uuml;lm&uuml;\u015f siyas\u0259ti n\u0259tic\u0259sind\u0259 Az\u0259rbaycan Respublikas\u0131n\u0131n d&uuml;nyan\u0131n siyasi x\u0259rit\u0259sind\u0259ki m&ouml;vqeyinin m&ouml;hk\u0259ml\u0259ndiyini bildir\u0259n \u015e.Bayramov q\u0131sa bir m&uuml;dd\u0259t \u0259rzind\u0259 Az\u0259rbaycan\u0131n d&uuml;nyan\u0131n b\u0259rab\u0259rh&uuml;quqlu d&ouml;vl\u0259tl\u0259rind\u0259n birin\u0259 &ccedil;evrildiyini v\u0259 respublikam\u0131z\u0131n s\u0259sinin \u0259n n&uuml;fuzlu beyn\u0259lxalq t\u0259\u015fkilatlar\u0131n tribunalar\u0131ndan e\u015fidildiyini diqq\u0259t\u0259 &ccedil;atd\u0131r\u0131b. <\/span><\/p>\n<p style=\"margin-bottom: 0.0001pt; text-align: justify; text-indent: 35.45pt;\"><span style=\"font-size: 12pt; line-height: 115%; font-family: 'Times New Roman', serif; color: #000000;\"><\/span><\/p>\n<p style=\"margin-bottom: 0.0001pt; text-align: justify; text-indent: 35.45pt;\"><span style=\"font-size: 12pt; line-height: 115%; font-family: 'Times New Roman', serif; color: #000000;\">Ulu &ouml;nd\u0259rin milli d&ouml;vl\u0259t&ccedil;iliyin formala\u015fd\u0131r\u0131lmas\u0131 v\u0259 g&uuml;cl\u0259ndirilm\u0259si, s\u0259m\u0259r\u0259li d&ouml;vl\u0259t idar\u0259&ccedil;iliyinin b\u0259rq\u0259rar edilm\u0259si, &ldquo;\u018fsrin m&uuml;qavil\u0259si&rdquo;nin imzalanmas\u0131, ilk Konstitusiyan\u0131n q\u0259bulu, &ouml;lk\u0259mizin siyasi v\u0259 iqtisadi t\u0259hl&uuml;k\u0259sizliyinin t\u0259min olunmas\u0131 v\u0259 dig\u0259r istiqam\u0259tl\u0259rd\u0259ki misilsiz xidm\u0259tl\u0259rini xat\u0131rladan rektor haz\u0131rda h\u0259min siyas\u0259tin Az\u0259rbaycan Respublikas\u0131n\u0131n Prezidenti c\u0259nab \u0130lham \u018fliyev t\u0259r\u0259find\u0259n &ccedil;ox b&ouml;y&uuml;k u\u011furla v\u0259 yeni keyfiyy\u0259t m\u0259rh\u0259l\u0259sind\u0259 davam etdirildiyini bildirib. \u015e.Bayramov &ouml;lk\u0259 ba\u015f&ccedil;\u0131n\u0131n yorulmaz f\u0259aliyy\u0259tinin n\u0259tic\u0259si olaraq haz\u0131rda Az\u0259rbaycanda c\u0259miyy\u0259t h\u0259yat\u0131n\u0131n b&uuml;t&uuml;n sah\u0259l\u0259rind\u0259 davaml\u0131 inki\u015faf\u0131n t\u0259min olundu\u011funu, h\u0259yata ke&ccedil;iril\u0259n d&ouml;vl\u0259t siyas\u0259tinin \u0259sas\u0131nda insan amiliin dayand\u0131\u011f\u0131n\u0131, m&uuml;st\u0259qil Az\u0259rbaycan\u0131n i\u015ftirak\u0131 olmadan he&ccedil; bir regional layih\u0259nin realla\u015fd\u0131r\u0131la bilm\u0259diyini, &ouml;lk\u0259mizin n&uuml;fuzlu qlobal t\u0259dbirl\u0259r\u0259 evsahibliyi etdiyini, respublikam\u0131z\u0131n sivilizasiyalararas\u0131, mill\u0259tl\u0259raras\u0131 v\u0259 dinl\u0259raras\u0131 dialoqun ba\u015f tutdu\u011fu &ouml;n\u0259mli m\u0259kanlardan birin\u0259 &ccedil;evrildiyini, m&uuml;xt\u0259lif qlobal reytinql\u0259rd\u0259 Az\u0259rbaycan\u0131n m&ouml;vqeyinin davaml\u0131 \u015f\u0259kild\u0259 y&uuml;ks\u0259ldiyini diqq\u0259t\u0259 &ccedil;atd\u0131r\u0131b.<\/span><\/p>\n<p style=\"margin-bottom: 0.0001pt; text-align: justify; text-indent: 35.45pt;\"><span style=\"font-size: 12pt; line-height: 115%; font-family: 'Times New Roman', serif; color: #000000;\">&Uuml;mummilli liderin &ldquo;Az\u0259rbaycan\u0131n m&uuml;st\u0259qilliyi d&ouml;nm\u0259zdir, daimidir, \u0259b\u0259didir!&rdquo; k\u0259lam\u0131n\u0131 s\u0259sl\u0259ndir\u0259n rektor haz\u0131rda m&uuml;st\u0259qil Az\u0259rbaycan\u0131n b&uuml;t&uuml;n d&uuml;nya Az\u0259rbaycanl\u0131lar\u0131n\u0131n dogma v\u0259t\u0259ni oldu\u011funu qeyd edib.<\/span><\/p>\n<p style=\"margin-bottom: 0.0001pt; text-align: justify; text-indent: 35.45pt;\"><span style=\"font-size: 12pt; line-height: 115%; font-family: 'Times New Roman', serif; color: #000000;\">T\u0259dbird\u0259 &ccedil;\u0131x\u0131\u015f ed\u0259n Yeni Az\u0259rbaycan Partiyas\u0131 Ming\u0259&ccedil;evir \u015f\u0259h\u0259r t\u0259\u015fkilat\u0131n\u0131n s\u0259dri Cavan\u015fir Yusubov m&uuml;st\u0259qil Az\u0259rbaycan\u0131n 1918-1920-ci ill\u0259rd\u0259 f\u0259aliyy\u0259t g&ouml;st\u0259rmi\u015f Az\u0259rbaycan Xalq C&uuml;mhuriyy\u0259tinin h&uuml;quqi varisi olmas\u0131, 1991-1993-c&uuml; ill\u0259rd\u0259 o zamank\u0131 r\u0259hb\u0259rl\u0259rin s\u0259ri\u015ft\u0259siz f\u0259aliyy\u0259ti n\u0259tic\u0259sind\u0259 m&uuml;st\u0259qilliyin itirilm\u0259si t\u0259hl&uuml;k\u0259sinin yaranmas\u0131, yaln\u0131z &Uuml;mummilli liderin hakimiyy\u0259t\u0259 g\u0259li\u015find\u0259n sonra suveren d&ouml;vl\u0259t quruculu\u011funun g&uuml;cl\u0259nm\u0259si v\u0259 haz\u0131rda &ouml;lk\u0259 ba\u015f&ccedil;\u0131s\u0131 \u0130lham \u018fliyevin r\u0259hb\u0259rliyi alt\u0131nda Az\u0259rbaycan\u0131n h\u0259rt\u0259r\u0259fli inki\u015faf yolunda s&uuml;r\u0259tl\u0259 add\u0131mlamas\u0131 bar\u0259d\u0259 dan\u0131\u015f\u0131b. MDU kollektivini \u0259lam\u0259tdar g&uuml;n m&uuml;nasib\u0259til\u0259 t\u0259brik ed\u0259n C.Yusubov 1993-c&uuml; ild\u0259 Ulu &ouml;nd\u0259rin yaratm\u0131\u015f oldu\u011fu Yeni Az\u0259rbaycan Partiyas\u0131n\u0131n (YAP) m&uuml;st\u0259qilliyimizin m&ouml;hk\u0259ml\u0259nm\u0259sind\u0259 m&uuml;h&uuml;m rol oynad\u0131\u011f\u0131n\u0131, haz\u0131rda YAP-\u0131n regionun \u0259n b&ouml;y&uuml;k siyasi t\u0259\u015fkilat\u0131na &ccedil;evrildiyini, partiya s\u0131ralar\u0131nda g\u0259ncl\u0259rin say\u0131n\u0131n v\u0259 f\u0259aliyy\u0259tinin davaml\u0131 olaraq artd\u0131\u011f\u0131n\u0131 bildirib. O, YAP Ming\u0259&ccedil;evir \u015f\u0259h\u0259r t\u0259\u015fkilat\u0131n\u0131n m&uuml;st\u0259qilliyimizin ilk d&ouml;vrl\u0259rind\u0259 yaranmas\u0131n\u0131n \u015f\u0259h\u0259r &uuml;&ccedil;&uuml;n \u0259h\u0259miyy\u0259ti v\u0259 haz\u0131rda t\u0259\u015fkilat t\u0259r\u0259find\u0259n h\u0259yata ke&ccedil;iril\u0259n t\u0259dbirl\u0259r bar\u0259d\u0259 m\u0259lumat verib.<\/span><\/p>\n<p style=\"margin-bottom: 0.0001pt; text-align: justify; text-indent: 35.45pt;\"><span style=\"font-size: 12pt; line-height: 115%; font-family: 'Times New Roman', serif; color: #000000;\">Sonra MDU-nun Humanitar f\u0259nl\u0259r kafedras\u0131n\u0131n m&uuml;\u0259llimi Mirz\u0259 Cavadov &ldquo;Az\u0259rbaycan\u0131n siyasi m&uuml;st\u0259qilliyi tarixi z\u0259rur\u0259tdir&rdquo;, Humanitar f\u0259nl\u0259r kafedras\u0131n\u0131n ba\u015f m&uuml;\u0259llimi \u0130lham M\u0259mm\u0259dov &ldquo;Az\u0259rbaycan\u0131n d&ouml;vl\u0259t m&uuml;st\u0259qilliyinin qorunub saxlanmas\u0131nda Heyd\u0259r \u018fliyev fenomeninin rolu&rdquo; m&ouml;vzular\u0131nda m\u0259ruz\u0259l\u0259rl\u0259 &ccedil;\u0131x\u0131\u015f edibl\u0259r.<\/span><\/p>\n<p style=\"margin-bottom: 0.0001pt; text-align: justify; text-indent: 35.45pt;\"><span style=\"font-size: 12pt; line-height: 115%; font-family: 'Times New Roman', serif; color: #000000;\">Sonda 18 oktyabr Az\u0259rbaycan Respublikas\u0131n\u0131n D&ouml;vl\u0259t M&uuml;st\u0259qilliyi g&uuml;n&uuml;n\u0259 h\u0259sr olunmu\u015f s\u0259n\u0259dli film n&uuml;mayi\u015f etdirilib.<\/span><\/p>\n<p style=\"margin-bottom: 0.0001pt; text-align: justify; text-indent: 35.45pt;\"><span style=\"font-size: 12pt; line-height: 115%; font-family: 'Times New Roman', serif; color: #000000;\">Rektor \u015eahin Bayramov t\u0259dbir i\u015ftirak\u015f\u0131lar\u0131n\u0131 m&uuml;st\u0259qillik g&uuml;n&uuml; m&uuml;nasib\u0259ti il\u0259 t\u0259brik edib, bildirib ki, qoy Az\u0259rbaycan\u0131m\u0131z\u0131n m&uuml;st\u0259qilliyi daimi v\u0259 \u0259b\u0259di ya\u015far olsun.<\/span><\/p>\n<p>{phocagallery view=category|categoryid=203|limitstart=0|limitcount=0}<\/p>\n<p style=\"margin-bottom: 0.0001pt; text-align: justify; text-indent: 35.45pt;\"><span style=\"font-size: 12pt; line-height: 115%; font-family: 'Times New Roman', serif; color: #000000;\"><\/span><\/p>","protected":false},"excerpt":{"rendered":"<p>Ming\u0259&ccedil;evir D&ouml;vl\u0259t Universitetind\u0259 Az\u0259rbaycan Respublikas\u0131n\u0131n D&ouml;vl\u0259t m&uuml;st\u0259qilliyi g&uuml;n&uuml; qeyd olunub &nbsp; Ming\u0259&ccedil;evir D&ouml;vl\u0259t Universitetind\u0259 Az\u0259rbaycan Respublikas\u0131n\u0131n D&ouml;vl\u0259t m&uuml;st\u0259qilliyi g&uuml;n&uuml;n&uuml;n 28-ci ild&ouml;n&uuml;m&uuml;n\u0259 h\u0259sr olunmu\u015f t\u0259dbir ke&ccedil;irilib. Universitetin professor-m&uuml;\u0259llim, inzibati-texniki v\u0259 t\u0259l\u0259b\u0259 hey\u0259ti &uuml;zvl\u0259rini 18 oktyabr Az\u0259rbaycan Respublikas\u0131n\u0131n D&ouml;vl\u0259t m&uuml;st\u0259qilliyi g&uuml;n&uuml; m&uuml;nasib\u0259til\u0259 t\u0259brik ed\u0259n rektor \u015eahin Bayramov b&uuml; g&uuml;n&uuml;n m&uuml;h&uuml;m tarixi \u0259h\u0259miyy\u0259tind\u0259n v\u0259 Az\u0259rbaycan xalq\u0131n\u0131n XX \u0259srin [&hellip;]<\/p>\n","protected":false},"author":1,"featured_media":0,"comment_status":"open","ping_status":"open","sticky":false,"template":"","format":"standard","meta":{"_eb_attr":"","ocean_post_layout":"","ocean_both_sidebars_style":"","ocean_both_sidebars_content_width":0,"ocean_both_sidebars_sidebars_width":0,"ocean_sidebar":"","ocean_second_sidebar":"","ocean_disable_margins":"enable","ocean_add_body_class":"","ocean_shortcode_before_top_bar":"","ocean_shortcode_after_top_bar":"","ocean_shortcode_before_header":"","ocean_shortcode_after_header":"","ocean_has_shortcode":"","ocean_shortcode_after_title":"","ocean_shortcode_before_footer_widgets":"","ocean_shortcode_after_footer_widgets":"","ocean_shortcode_before_footer_bottom":"","ocean_shortcode_after_footer_bottom":"","ocean_display_top_bar":"default","ocean_display_header":"default","ocean_header_style":"","ocean_center_header_left_menu":"","ocean_custom_header_template":"","ocean_custom_logo":0,"ocean_custom_retina_logo":0,"ocean_custom_logo_max_width":0,"ocean_custom_logo_tablet_max_width":0,"ocean_custom_logo_mobile_max_width":0,"ocean_custom_logo_max_height":0,"ocean_custom_logo_tablet_max_height":0,"ocean_custom_logo_mobile_max_height":0,"ocean_header_custom_menu":"","ocean_menu_typo_font_family":"","ocean_menu_typo_font_subset":"","ocean_menu_typo_font_size":0,"ocean_menu_typo_font_size_tablet":0,"ocean_menu_typo_font_size_mobile":0,"ocean_menu_typo_font_size_unit":"px","ocean_menu_typo_font_weight":"","ocean_menu_typo_font_weight_tablet":"","ocean_menu_typo_font_weight_mobile":"","ocean_menu_typo_transform":"","ocean_menu_typo_transform_tablet":"","ocean_menu_typo_transform_mobile":"","ocean_menu_typo_line_height":0,"ocean_menu_typo_line_height_tablet":0,"ocean_menu_typo_line_height_mobile":0,"ocean_menu_typo_line_height_unit":"","ocean_menu_typo_spacing":0,"ocean_menu_typo_spacing_tablet":0,"ocean_menu_typo_spacing_mobile":0,"ocean_menu_typo_spacing_unit":"","ocean_menu_link_color":"","ocean_menu_link_color_hover":"","ocean_menu_link_color_active":"","ocean_menu_link_background":"","ocean_menu_link_hover_background":"","ocean_menu_link_active_background":"","ocean_menu_social_links_bg":"","ocean_menu_social_hover_links_bg":"","ocean_menu_social_links_color":"","ocean_menu_social_hover_links_color":"","ocean_disable_title":"default","ocean_disable_heading":"default","ocean_post_title":"","ocean_post_subheading":"","ocean_post_title_style":"","ocean_post_title_background_color":"","ocean_post_title_background":0,"ocean_post_title_bg_image_position":"","ocean_post_title_bg_image_attachment":"","ocean_post_title_bg_image_repeat":"","ocean_post_title_bg_image_size":"","ocean_post_title_height":0,"ocean_post_title_bg_overlay":0.5,"ocean_post_title_bg_overlay_color":"","ocean_disable_breadcrumbs":"default","ocean_breadcrumbs_color":"","ocean_breadcrumbs_separator_color":"","ocean_breadcrumbs_links_color":"","ocean_breadcrumbs_links_hover_color":"","ocean_display_footer_widgets":"default","ocean_display_footer_bottom":"default","ocean_custom_footer_template":"","ocean_post_oembed":"","ocean_post_self_hosted_media":"","ocean_post_video_embed":"","ocean_link_format":"","ocean_link_format_target":"self","ocean_quote_format":"","ocean_quote_format_link":"post","ocean_gallery_link_images":"on","ocean_gallery_id":[],"footnotes":""},"categories":[63],"tags":[],"class_list":["post-14989","post","type-post","status-publish","format-standard","hentry","category-khaebaerlaer-az","entry"],"_links":{"self":[{"href":"https:\/\/mdu.edu.az\/ru\/wp-json\/wp\/v2\/posts\/14989","targetHints":{"allow":["GET"]}}],"collection":[{"href":"https:\/\/mdu.edu.az\/ru\/wp-json\/wp\/v2\/posts"}],"about":[{"href":"https:\/\/mdu.edu.az\/ru\/wp-json\/wp\/v2\/types\/post"}],"author":[{"embeddable":true,"href":"https:\/\/mdu.edu.az\/ru\/wp-json\/wp\/v2\/users\/1"}],"replies":[{"embeddable":true,"href":"https:\/\/mdu.edu.az\/ru\/wp-json\/wp\/v2\/comments?post=14989"}],"version-history":[{"count":0,"href":"https:\/\/mdu.edu.az\/ru\/wp-json\/wp\/v2\/posts\/14989\/revisions"}],"wp:attachment":[{"href":"https:\/\/mdu.edu.az\/ru\/wp-json\/wp\/v2\/media?parent=14989"}],"wp:term":[{"taxonomy":"category","embeddable":true,"href":"https:\/\/mdu.edu.az\/ru\/wp-json\/wp\/v2\/categories?post=14989"},{"taxonomy":"post_tag","embeddable":true,"href":"https:\/\/mdu.edu.az\/ru\/wp-json\/wp\/v2\/tags?post=14989"}],"curies":[{"name":"wp","href":"https:\/\/api.w.org\/{rel}","templated":true}]}}