{"id":15090,"date":"2020-01-11T11:27:03","date_gmt":"2020-01-11T08:27:03","guid":{"rendered":"https:\/\/mdu.edu.az\/minzh-evir-d-vl-t-universitetinin-rektoru-ahin-bayramovun-az-rbaydzan-zh-zetind-d-rdz-olunmu-yaz-s-11-01-2020\/"},"modified":"2023-09-11T09:39:46","modified_gmt":"2023-09-11T06:39:46","slug":"minzh-evir-d-vl-t-universitetinin-rektoru-ahin-bayramovun-az-rbaydzan-zh-zetind-d-rdz-olunmu-yaz-s-11-01-2020","status":"publish","type":"post","link":"https:\/\/mdu.edu.az\/ru\/minzh-evir-d-vl-t-universitetinin-rektoru-ahin-bayramovun-az-rbaydzan-zh-zetind-d-rdz-olunmu-yaz-s-11-01-2020\/","title":{"rendered":"Ming\u0259\u00e7evir D\u00f6vl\u0259t Universitetinin rektoru \u015eahin Bayramovun &#8220;Az\u0259rbaycan&#8221; q\u0259zetind\u0259 d\u0259rc olunmu\u015f yaz\u0131s\u0131 (11.01.2020)"},"content":{"rendered":"<p>11.01.2020&nbsp; &nbsp; &nbsp; &nbsp; &nbsp; &nbsp; &nbsp; &nbsp; &nbsp; &nbsp; &nbsp; &nbsp; &nbsp; &nbsp; &nbsp; &nbsp; &nbsp; &nbsp; &nbsp; &nbsp; &nbsp; &nbsp; &nbsp; &nbsp; &nbsp; &nbsp; &nbsp; &nbsp; &nbsp; &nbsp; &nbsp; &nbsp; &nbsp; &nbsp; &nbsp; &nbsp; &nbsp; &nbsp; &nbsp; &nbsp; &nbsp; &nbsp; &nbsp; &nbsp; &nbsp; &nbsp; &nbsp; &nbsp; &nbsp; &nbsp; &nbsp; &nbsp; &nbsp; &nbsp; &nbsp; &nbsp; &nbsp; &nbsp; &nbsp; &nbsp; &nbsp; &nbsp; &nbsp; &nbsp; &nbsp; &nbsp; &nbsp; &nbsp; &nbsp; &nbsp; &nbsp; &nbsp; &nbsp; &nbsp; &nbsp; &nbsp; &nbsp; &nbsp; &nbsp; &nbsp; &nbsp; &nbsp; &nbsp; &nbsp; &nbsp; &nbsp; &nbsp; &nbsp; &nbsp; &nbsp; &nbsp; &nbsp; &nbsp; &nbsp; &nbsp; &nbsp; &nbsp; &nbsp; &nbsp; &nbsp; &nbsp; &nbsp; &nbsp; &nbsp; &nbsp; &nbsp; &nbsp; &nbsp; &nbsp; &nbsp; &nbsp; &nbsp;&nbsp;<em><strong><a href=\"http:\/\/www.azerbaijan-news.az\/view-180818\/mingecevir-dovlet-universiteti-muasirlesme-yolundadir\" target=\"_blank\" rel=\"noopener\">&#8220;Az\u0259rbaycan&#8221; q\u0259zeti<\/a><\/strong><\/em><\/p>\n<p style=\"margin-bottom: 6pt; text-align: justify; text-indent: 35.45pt; line-height: normal; background: white;\"><b><span style=\"font-size: 12pt; font-family: 'Times New Roman', serif; color: #0065b1;\">Ming\u0259&ccedil;evir D&ouml;vl\u0259t Universiteti m&uuml;asirl\u0259\u015fm\u0259 yolundad\u0131r<\/span><\/b><\/p>\n<p>&nbsp;<\/p>\n<p style=\"margin-bottom: 6pt; text-align: justify; text-indent: 35.45pt; line-height: normal; background: white;\"><span style=\"font-size: 12pt; font-family: 'Times New Roman', serif; color: #212529;\"><\/span><\/p>\n<p style=\"margin-bottom: 6pt; text-align: justify; text-indent: 35.45pt; line-height: normal; background: white;\"><span style=\"font-size: 12pt; font-family: 'Times New Roman', serif; color: #212529;\">2019-cu il Az\u0259rbaycanda c\u0259miyy\u0259t h\u0259yat\u0131n\u0131n b&uuml;t&uuml;n sah\u0259l\u0259ri kimi, ali t\u0259hsilimiz &uuml;&ccedil;&uuml;n d\u0259 m\u0259zmunun t\u0259kmill\u0259\u015fm\u0259si v\u0259 forman\u0131n m&uuml;asirl\u0259\u015fm\u0259si istiqam\u0259tind\u0259 praqmatik add\u0131mlar\u0131n at\u0131lmas\u0131 v\u0259 \u0259h\u0259miyy\u0259tli u\u011furlar\u0131n \u0259ld\u0259 olunmas\u0131 il\u0259 \u0259lam\u0259tdar olmu\u015fdur. Bu, Az\u0259rbaycan xalq\u0131n\u0131n &Uuml;mummilli Lideri Heyd\u0259r \u018fliyev t\u0259r\u0259find\u0259n \u0259sas\u0131 qoyulmu\u015f v\u0259 haz\u0131rda Az\u0259rbaycan Respublikas\u0131n\u0131n Prezidenti c\u0259nab \u0130lham \u018fliyev t\u0259r\u0259find\u0259n n&ouml;vb\u0259ti m\u0259rh\u0259l\u0259d\u0259 u\u011furla davam etdiril\u0259n uzaqg&ouml;r\u0259n v\u0259 d&uuml;\u015f&uuml;n&uuml;lm&uuml;\u015f d&ouml;vl\u0259t siyas\u0259tinin m\u0259zmununda ali t\u0259hsilin prioritet yer tutmas\u0131 n\u0259tic\u0259sind\u0259 m&uuml;mk&uuml;n olmu\u015fdur.<\/span><\/p>\n<p style=\"margin-bottom: 6pt; text-align: justify; text-indent: 35.45pt; line-height: normal; background: white;\"><span style=\"font-size: 12pt; font-family: 'Times New Roman', serif; color: #212529;\">Fikrimizc\u0259, 2019-cu il ali t\u0259hsilimiz &uuml;&ccedil;&uuml;n h\u0259r \u015feyd\u0259n &ouml;nc\u0259 Bak\u0131 D&ouml;vl\u0259t Universitetinin 100 illik yubileyinin d&ouml;vl\u0259t s\u0259viyy\u0259sind\u0259 qeyd edilm\u0259si v\u0259 t\u0259nt\u0259n\u0259li yubiley m\u0259rasimind\u0259 &ouml;lk\u0259 r\u0259hb\u0259rinin proqram xarakterli &ccedil;\u0131x\u0131\u015f\u0131 il\u0259 yadda qalm\u0131\u015fd\u0131r. Tarixi &ccedil;\u0131x\u0131\u015f\u0131 zaman\u0131 d&ouml;vl\u0259t ba\u015f&ccedil;\u0131s\u0131 qlobal &ccedil;a\u011f\u0131r\u0131\u015flar v\u0259 Az\u0259rbaycan\u0131n sosial-iqtisadi inki\u015faf perspektivl\u0259ri n\u0259z\u0259r\u0259 al\u0131nmaqla t\u0259hsil i\u015f&ccedil;il\u0259ri qar\u015f\u0131s\u0131nda konkret v\u0259zif\u0259l\u0259r qoymu\u015fdur.<\/span><\/p>\n<p style=\"margin-bottom: 6pt; text-align: justify; text-indent: 35.45pt; line-height: normal; background: white;\"><span style=\"font-size: 12pt; font-family: 'Times New Roman', serif; color: #212529;\">Eyni zamanda 2019-cu ilin m&uuml;h&uuml;m hadis\u0259l\u0259ri s\u0131ras\u0131nda bakalavriat s\u0259viyy\u0259si &uuml;zr\u0259 ixtisaslar\u0131n yeni t\u0259snifat\u0131n\u0131n t\u0259sdiq edilm\u0259sini, orta ixtisas t\u0259hsili pill\u0259sini bitir\u0259n subbakalavrlar\u0131n ali t\u0259hsil m&uuml;\u0259ssis\u0259l\u0259rin\u0259 imtahans\u0131z q\u0259bulunun h\u0259yata ke&ccedil;irilm\u0259sini, ali t\u0259hsil m&uuml;\u0259ssis\u0259l\u0259rind\u0259 d&ouml;vl\u0259t sifari\u015fi hesab\u0131na oxuyan t\u0259l\u0259b\u0259l\u0259rin say\u0131n\u0131n 2018-ci ill\u0259 m&uuml;qayis\u0259d\u0259 66 faiz, t\u0259qa&uuml;d yerl\u0259rinin 16 min vahid art\u0131r\u0131lmas\u0131n\u0131, &#8220;2019-2023-c&uuml; ill\u0259r &uuml;&ccedil;&uuml;n Az\u0259rbaycan Respublikas\u0131nda ali t\u0259hsil sisteminin beyn\u0259lxalq r\u0259qab\u0259tliliyinin art\u0131r\u0131lmas\u0131 &uuml;zr\u0259 D&ouml;vl\u0259t Proqram\u0131&rdquo;n\u0131n icras\u0131na start verilm\u0259sini qeyd etm\u0259k olar.<\/span><\/p>\n<p style=\"margin-bottom: 6pt; text-align: justify; text-indent: 35.45pt; line-height: normal; background: white;\"><b><span style=\"font-size: 12pt; font-family: 'Times New Roman', serif; color: #212529;\"><\/p>\n<p> <\/span><\/b><\/p>\n<p style=\"margin-bottom: 6pt; text-align: justify; text-indent: 35.45pt; line-height: normal; background: white;\"><b><span style=\"font-size: 12pt; font-family: 'Times New Roman', serif; color: #212529;\">Universitetin d\u0259yi\u015f\u0259n m\u0259nz\u0259r\u0259si<\/span><\/b><\/p>\n<p style=\"margin-bottom: 6pt; text-align: justify; text-indent: 35.45pt; line-height: normal; background: white;\"><span style=\"font-size: 12pt; font-family: 'Times New Roman', serif; color: #212529;\"><\/span><\/p>\n<p style=\"margin-bottom: 6pt; text-align: justify; text-indent: 35.45pt; line-height: normal; background: white;\"><span style=\"font-size: 12pt; font-family: 'Times New Roman', serif; color: #212529;\">Ali t\u0259hsil sistemind\u0259 keyfiyy\u0259tc\u0259 yeni r\u0259qab\u0259t m&uuml;bariz\u0259si \u015f\u0259rtl\u0259rinin b\u0259rq\u0259rar olmas\u0131, universitetl\u0259rin missiyas\u0131n\u0131n v\u0259 inki\u015faf m\u0259qs\u0259dl\u0259rinin \u0259h\u0259miyy\u0259tli d\u0259r\u0259c\u0259d\u0259 d\u0259yi\u015fm\u0259si ali t\u0259hsil m&uuml;\u0259ssis\u0259l\u0259ri t\u0259r\u0259find\u0259n adekvat add\u0131mlar\u0131n at\u0131lmas\u0131n\u0131 z\u0259ruri etmi\u015fdir. Bu kontekstd\u0259 Ming\u0259&ccedil;evir D&ouml;vl\u0259t Universitetind\u0259 (MDU) son d&ouml;vrl\u0259rd\u0259 h\u0259yata ke&ccedil;iril\u0259n kompleks t\u0259dbirl\u0259r h\u0259m milli v\u0259 beyn\u0259lxalq ali t\u0259hsil m\u0259kan\u0131nda ba\u015f ver\u0259n trendl\u0259r\u0259, h\u0259m d\u0259 universitetin m&ouml;vcud v\u0259 potensial imkanlar\u0131na \u0259saslanm\u0131\u015fd\u0131r.<\/span><\/p>\n<p style=\"margin-bottom: 6pt; text-align: justify; text-indent: 35.45pt; line-height: normal; background: white;\"><span style=\"font-size: 12pt; font-family: 'Times New Roman', serif; color: #212529;\">Pedaqoji, m&uuml;h\u0259ndislik, iqtisadiyyat v\u0259 idar\u0259etm\u0259 istiqam\u0259tl\u0259ri &uuml;zr\u0259 y&uuml;ks\u0259k ixtisasl\u0131 kadr haz\u0131rl\u0131\u011f\u0131 apar\u0131lan universitetd\u0259 2019\/2020-ci t\u0259dris ili &uuml;zr\u0259 t\u0259l\u0259b\u0259 q\u0259bulu plan\u0131n\u0131n dolmas\u0131nda rekord g&ouml;st\u0259rici qeyd\u0259 al\u0131nm\u0131\u015fd\u0131r. Haz\u0131rda MDU-da bakalavriat s\u0259viyy\u0259sind\u0259 24 ixtisas, magistratura s\u0259viyy\u0259sind\u0259 12 ixtisasla\u015fma &uuml;zr\u0259 kadr haz\u0131rl\u0131\u011f\u0131 h\u0259yata ke&ccedil;irilir. 2400-d\u0259n &ccedil;ox t\u0259l\u0259b\u0259 v\u0259 magistrant\u0131n t\u0259hsil ald\u0131\u011f\u0131 universitetd\u0259 200-\u0259 yax\u0131n professor-m&uuml;\u0259llim f\u0259aliyy\u0259t g&ouml;st\u0259rir.<\/span><\/p>\n<p style=\"margin-bottom: 6pt; text-align: justify; text-indent: 35.45pt; line-height: normal; background: white;\"><span style=\"font-size: 12pt; font-family: 'Times New Roman', serif; color: #212529;\">\u018fsas h\u0259d\u0259fl\u0259rimiz &ouml;lk\u0259 r\u0259hb\u0259ri t\u0259r\u0259find\u0259n qar\u015f\u0131ya qoyulan tap\u015f\u0131r\u0131q v\u0259 v\u0259zif\u0259l\u0259ri layiqinc\u0259 yerin\u0259 yetirm\u0259kl\u0259 regionda yerl\u0259\u015f\u0259n ali t\u0259hsil m&uuml;\u0259ssis\u0259sini paytaxt universitetl\u0259ri s\u0259viyy\u0259sin\u0259 &ccedil;atd\u0131rmaqdan, el\u0259c\u0259 d\u0259 MDU-nun Ming\u0259&ccedil;evir \u015f\u0259h\u0259ri v\u0259 \u0259traf rayonlar\u0131n sosial-iqtisadi inki\u015faf\u0131na t&ouml;hf\u0259l\u0259r verm\u0259sini t\u0259min etm\u0259kd\u0259n ibar\u0259tdir. Bu h\u0259d\u0259fl\u0259r\u0259 &ccedil;atmaq &uuml;&ccedil;&uuml;n m&uuml;asir v\u0259 &ccedil;evik universitet idar\u0259etm\u0259 texnologiyalar\u0131ndan istifad\u0259 etm\u0259y\u0259 &ccedil;al\u0131\u015f\u0131r\u0131q.<\/span><\/p>\n<p style=\"margin-bottom: 6pt; text-align: justify; text-indent: 35.45pt; line-height: normal; background: white;\"><span style=\"font-size: 12pt; font-family: 'Times New Roman', serif; color: #212529;\">Yerl\u0259\u015fdiyimiz regionun x&uuml;susiyy\u0259tl\u0259ri, real infrastruktur imkanlar\u0131 v\u0259 m&ouml;vcud kadr potensial\u0131 n\u0259z\u0259r\u0259 al\u0131nmaqla, MDU-nun h\u0259rt\u0259r\u0259fli inki\u015faf etdirilm\u0259si &uuml;&ccedil;&uuml;n t\u0259drisin keyfiyy\u0259tinin y&uuml;ks\u0259ldilm\u0259sin\u0259, elmi f\u0259aliyy\u0259tin s\u0259m\u0259r\u0259liliyinin art\u0131r\u0131lmas\u0131na, \u0259m\u0259kda\u015flar\u0131n maddi rifah\u0131n\u0131n yax\u015f\u0131la\u015fd\u0131r\u0131lmas\u0131na, yerli v\u0259 xarici universitetl\u0259rl\u0259 qar\u015f\u0131l\u0131ql\u0131 faydal\u0131 \u0259laq\u0259l\u0259rin geni\u015fl\u0259ndirilm\u0259sin\u0259 diqq\u0259t yetiririk. Bu m\u0259qs\u0259dl\u0259 kollektivin h\u0259r bir &uuml;zv&uuml;n&uuml;n potensial\u0131ndan istifad\u0259y\u0259, innovativ t\u0259dris v\u0259 t\u0259lim metodlar\u0131n\u0131n t\u0259tbiqin\u0259, universitet idar\u0259&ccedil;iliyind\u0259 t\u0259l\u0259b\u0259l\u0259rin f\u0259al i\u015ftirak\u0131na v\u0259 ictimai n\u0259zar\u0259tin t\u0259min olunmas\u0131na &ccedil;al\u0131\u015f\u0131r\u0131q.<\/span><\/p>\n<p style=\"margin-bottom: 6pt; text-align: justify; text-indent: 35.45pt; line-height: normal; background: white;\"><b><span style=\"font-size: 12pt; font-family: 'Times New Roman', serif; color: #212529;\"><\/p>\n<p> <\/span><\/b><\/p>\n<p style=\"margin-bottom: 6pt; text-align: justify; text-indent: 35.45pt; line-height: normal; background: white;\"><b><span style=\"font-size: 12pt; font-family: 'Times New Roman', serif; color: #212529;\">Universitet d\u0259y\u0259rl\u0259rin\u0259 yeni bax\u0131\u015f<\/span><\/b><\/p>\n<p style=\"margin-bottom: 6pt; text-align: justify; text-indent: 35.45pt; line-height: normal; background: white;\"><span style=\"font-size: 12pt; font-family: 'Times New Roman', serif; color: #212529;\"><\/span><\/p>\n<p style=\"margin-bottom: 6pt; text-align: justify; text-indent: 35.45pt; line-height: normal; background: white;\"><span style=\"font-size: 12pt; font-family: 'Times New Roman', serif; color: #212529;\">D&ouml;rd&uuml;nc&uuml; s\u0259naye inqilab\u0131, s&uuml;ni intellekt v\u0259 blok&ccedil;eyn texnologiyalar\u0131 d&ouml;vr&uuml;nd\u0259 universitetin kadr haz\u0131rl\u0131\u011f\u0131 v\u0259 elmi t\u0259dqiqat f\u0259aliyy\u0259ti il\u0259 m\u0259hdudla\u015fmamas\u0131, yerl\u0259\u015fdiyi regionda &uuml;mumi ekosistemin m&uuml;h&uuml;m aktorlar\u0131ndan birin\u0259 &ccedil;evrilm\u0259si, el\u0259c\u0259 d\u0259 innovasiya istehsal&ccedil;\u0131s\u0131 missiyas\u0131n\u0131 &ouml;z &uuml;z\u0259rin\u0259 g&ouml;t&uuml;rm\u0259si z\u0259rur\u0259tini q\u0259bul edirik.<\/span><\/p>\n<p style=\"margin-bottom: 6pt; text-align: justify; text-indent: 35.45pt; line-height: normal; background: white;\"><span style=\"font-size: 12pt; font-family: 'Times New Roman', serif; color: #212529;\">Milli ali t\u0259hsilimizin v\u0259 universitetl\u0259rin insan kapital\u0131n\u0131n formala\u015fmas\u0131ndak\u0131 artan rolunu q\u0259bul etdiyimiz, daim yeni t\u0259\u015f\u0259bb&uuml;sl\u0259r\u0259 y&uuml;ks\u0259k d\u0259y\u0259r verdiyimiz v\u0259 konkret h\u0259d\u0259fl\u0259r u\u011frunda &ccedil;al\u0131\u015fd\u0131\u011f\u0131m\u0131z universitetd\u0259 t\u0259l\u0259b\u0259l\u0259r\u0259 xidm\u0259t etm\u0259kd\u0259n q&uuml;rur duyuruq. MDU-nu se&ccedil;\u0259n b&uuml;t&uuml;n g\u0259ncl\u0259r\u0259 u\u011furlu v\u0259 m\u0259nal\u0131 t\u0259l\u0259b\u0259 h\u0259yat\u0131 v\u0259d edirik. T\u0259l\u0259b\u0259l\u0259rimiz\u0259 m&uuml;asir d&ouml;vr&uuml;n &ccedil;a\u011f\u0131r\u0131\u015flar\u0131na uy\u011fun ali t\u0259hsil verm\u0259y\u0259 v\u0259 onlar\u0131 \u0259m\u0259k bazar\u0131n\u0131n t\u0259l\u0259bl\u0259rin\u0259 uy\u011fun pe\u015f\u0259kar kadrlar kimi yeti\u015fdirm\u0259y\u0259 &ccedil;al\u0131\u015f\u0131r\u0131q.<\/span><\/p>\n<p style=\"margin-bottom: 6pt; text-align: justify; text-indent: 35.45pt; line-height: normal; background: white;\"><b><span style=\"font-size: 12pt; font-family: 'Times New Roman', serif; color: #212529;\"><\/p>\n<p> <\/span><\/b><\/p>\n<p style=\"margin-bottom: 6pt; text-align: justify; text-indent: 35.45pt; line-height: normal; background: white;\"><b><span style=\"font-size: 12pt; font-family: 'Times New Roman', serif; color: #212529;\">\u0130dar\u0259&ccedil;ilikd\u0259 ictimai i\u015ftirak&ccedil;\u0131l\u0131q<\/span><\/b><\/p>\n<p style=\"margin-bottom: 6pt; text-align: justify; text-indent: 35.45pt; line-height: normal; background: white;\"><span style=\"font-size: 12pt; font-family: 'Times New Roman', serif; color: #212529;\"><\/span><\/p>\n<p style=\"margin-bottom: 6pt; text-align: justify; text-indent: 35.45pt; line-height: normal; background: white;\"><span style=\"font-size: 12pt; font-family: 'Times New Roman', serif; color: #212529;\">Y&uuml;ks\u0259k intellektli, d\u0259rin savadl\u0131, geni\u015f d&uuml;nyag&ouml;r&uuml;\u015fl&uuml; v\u0259 \u0259sl v\u0259t\u0259np\u0259rv\u0259r m&uuml;t\u0259x\u0259ssisl\u0259r yeti\u015fdirm\u0259yi h\u0259d\u0259fl\u0259diyimiz MDU-da idar\u0259etm\u0259 prosesind\u0259 t\u0259l\u0259b\u0259l\u0259rin b\u0259rab\u0259rh&uuml;quqlu i\u015ftirak\u0131na \u015f\u0259rait yarad\u0131lm\u0131\u015fd\u0131r. Bel\u0259 ki, t\u0259l\u0259b\u0259l\u0259rimiz MDU Elmi \u015euras\u0131nda, fak&uuml;lt\u0259 elmi \u015furalar\u0131nda, imtahan q\u0259rargah\u0131nda v\u0259 apelyasiya komissiyas\u0131nda t\u0259msil olunurlar.<\/span><\/p>\n<p style=\"margin-bottom: 6pt; text-align: justify; text-indent: 35.45pt; line-height: normal; background: white;\"><span style=\"font-size: 12pt; font-family: 'Times New Roman', serif; color: #212529;\">Eyni zamanda valideynl\u0259rin, ictimaiyy\u0259t n&uuml;may\u0259nd\u0259l\u0259rinin, g\u0259ncl\u0259r t\u0259\u015fkilatlar\u0131n\u0131n, k&uuml;tl\u0259vi informasiya vasit\u0259l\u0259rinin v\u0259 QHT-nin MDU-nun cari idar\u0259etm\u0259 prosesi il\u0259 yax\u0131ndan tan\u0131\u015f olmas\u0131na, f\u0259aliyy\u0259timizd\u0259 ictimai n\u0259zar\u0259tin t\u0259min olunmas\u0131na m&uuml;h&uuml;m \u0259h\u0259miyy\u0259t veririk. Universitetin idar\u0259 edilm\u0259sind\u0259 \u015f\u0259ffafl\u0131\u011f\u0131n v\u0259 ictimai hesabatl\u0131l\u0131\u011f\u0131n t\u0259min edilm\u0259si m\u0259qs\u0259dil\u0259 ilk d\u0259f\u0259 olaraq 2019-cu ilin dekabr\u0131nda MDU-nun \u0130ctimai N\u0259zar\u0259t \u015euras\u0131 yarad\u0131lm\u0131\u015fd\u0131r.<\/span><\/p>\n<p style=\"margin-bottom: 6pt; text-align: justify; text-indent: 35.45pt; line-height: normal; background: white;\"><b><span style=\"font-size: 12pt; font-family: 'Times New Roman', serif; color: #212529;\"><\/p>\n<p> <\/span><\/b><\/p>\n<p style=\"margin-bottom: 6pt; text-align: justify; text-indent: 35.45pt; line-height: normal; background: white;\"><b><span style=\"font-size: 12pt; font-family: 'Times New Roman', serif; color: #212529;\">Struktur islahatlar\u0131<\/span><\/b><\/p>\n<p style=\"margin-bottom: 6pt; text-align: justify; text-indent: 35.45pt; line-height: normal; background: white;\"><span style=\"font-size: 12pt; font-family: 'Times New Roman', serif; color: #212529;\"><\/span><\/p>\n<p style=\"margin-bottom: 6pt; text-align: justify; text-indent: 35.45pt; line-height: normal; background: white;\"><span style=\"font-size: 12pt; font-family: 'Times New Roman', serif; color: #212529;\">Son ill\u0259r milli ali t\u0259hsil sisteminin inki\u015faf\u0131 istiqam\u0259tind\u0259 h\u0259yata ke&ccedil;iril\u0259n t\u0259dbirl\u0259r, d&uuml;nya ali t\u0259hsil m\u0259kan\u0131nda ba\u015f ver\u0259n d\u0259yi\u015fiklikl\u0259r v\u0259 universitetl\u0259rin c\u0259miyy\u0259t h\u0259yat\u0131ndak\u0131 missiyas\u0131n\u0131n k&ouml;kl&uuml; \u015f\u0259kild\u0259 yenil\u0259nm\u0259si universitetl\u0259rd\u0259 m&uuml;asir idar\u0259etm\u0259 metodlar\u0131n\u0131n t\u0259tbiqini z\u0259rur\u0259t\u0259 &ccedil;evrilmi\u015fdir. Bu kontekstd\u0259 idar\u0259etm\u0259nin s\u0259m\u0259r\u0259liliyinin y&uuml;ks\u0259ldilm\u0259si, q\u0259rar q\u0259buletm\u0259 v\u0259 icra prosesind\u0259 &ccedil;evikliyin art\u0131r\u0131lmas\u0131 m\u0259qs\u0259dil\u0259 2019-cu ild\u0259 MDU-da m&ouml;vcud strukturun t\u0259kmill\u0259\u015fdirilm\u0259si q\u0259rara al\u0131nm\u0131\u015fd\u0131r.<\/span><\/p>\n<p style=\"margin-bottom: 6pt; text-align: justify; text-indent: 35.45pt; line-height: normal; background: white;\"><span style=\"font-size: 12pt; font-family: 'Times New Roman', serif; color: #212529;\">Struktur d\u0259yi\u015fiklikl\u0259ri universitetd\u0259 t\u0259dris prosesinin daha s\u0259m\u0259r\u0259li t\u0259\u015fkilini, idar\u0259etm\u0259 prosesind\u0259 paralelliyin aradan qald\u0131r\u0131lmas\u0131n\u0131, elmi f\u0259aliyy\u0259tin s\u0259m\u0259r\u0259liliyinin art\u0131r\u0131lmas\u0131n\u0131, innovasiyalar sah\u0259sind\u0259 i\u015fl\u0259rin daha effektiv \u0259laq\u0259l\u0259ndirilm\u0259sini, beyn\u0259lxalq \u0259m\u0259kda\u015fl\u0131\u011f\u0131n geni\u015fl\u0259ndirilm\u0259sini v\u0259 ictimaiyy\u0259tl\u0259 \u0259laq\u0259l\u0259rin m&uuml;asir t\u0259l\u0259bl\u0259r s\u0259viyy\u0259sind\u0259 qurulmas\u0131n\u0131 h\u0259d\u0259fl\u0259yir. \u0130slahatlar n\u0259tic\u0259sind\u0259 universitetd\u0259 T\u0259dris \u015f&ouml;b\u0259si, Magistratura v\u0259 doktorantlarla i\u015f \u015f&ouml;b\u0259si, Elm v\u0259 innovasiyalar \u015f&ouml;b\u0259si, Beyn\u0259lxalq \u0259m\u0259kda\u015fl\u0131q ofisi, \u0130nsan resurslar\u0131 \u015f&ouml;b\u0259si, \u0130ctimaiyy\u0259tl\u0259 \u0259laq\u0259l\u0259r \u015f&ouml;b\u0259si v\u0259 d\u0259ft\u0259rxana yarad\u0131lm\u0131\u015fd\u0131r.<\/span><\/p>\n<p style=\"margin-bottom: 6pt; text-align: justify; text-indent: 35.45pt; line-height: normal; background: white;\"><b><span style=\"font-size: 12pt; font-family: 'Times New Roman', serif; color: #212529;\"><\/p>\n<p> <\/span><\/b><\/p>\n<p style=\"margin-bottom: 6pt; text-align: justify; text-indent: 35.45pt; line-height: normal; background: white;\"><b><span style=\"font-size: 12pt; font-family: 'Times New Roman', serif; color: #212529;\">\u018fm\u0259khaqlar\u0131nda&nbsp;\u0259h\u0259miyy\u0259tli art\u0131m<\/span><\/b><\/p>\n<p style=\"margin-bottom: 6pt; text-align: justify; text-indent: 35.45pt; line-height: normal; background: white;\"><span style=\"font-size: 12pt; font-family: 'Times New Roman', serif; color: #212529;\"><\/span><\/p>\n<p style=\"margin-bottom: 6pt; text-align: justify; text-indent: 35.45pt; line-height: normal; background: white;\"><span style=\"font-size: 12pt; font-family: 'Times New Roman', serif; color: #212529;\">D&ouml;vl\u0259t ba\u015f&ccedil;\u0131s\u0131n\u0131n tap\u015f\u0131r\u0131qlar\u0131na \u0259sas\u0259n universitet \u0259m\u0259kda\u015flar\u0131n\u0131n sosial v\u0259ziyy\u0259tinin yax\u015f\u0131la\u015fd\u0131r\u0131lmas\u0131 daim diqq\u0259t m\u0259rk\u0259zind\u0259 saxlan\u0131l\u0131r. M&ouml;vcud v\u0259 potensial maliyy\u0259 imkanlar\u0131 t\u0259hlil edilm\u0259kl\u0259, 1 sentyabr 2019-cu il tarixd\u0259n MDU-da \u0259m\u0259kda\u015flar\u0131n ayl\u0131q \u0259m\u0259khaqq\u0131 orta hesabla 15 faiz art\u0131r\u0131lm\u0131\u015fd\u0131r. Eyni zamanda universitet &uuml;zr\u0259 t\u0259dris prosesind\u0259 i\u015ftirak ed\u0259n professor v\u0259 m&uuml;\u0259llim hey\u0259tinin saathesab\u0131 d\u0259rs &uuml;&ccedil;&uuml;n \u0259m\u0259khaqlar\u0131 1 sentyabr 2019-cu il tarixd\u0259n t\u0259xmin\u0259n iki d\u0259f\u0259 art\u0131r\u0131lm\u0131\u015fd\u0131r. \u018fm\u0259kda\u015flar\u0131m\u0131z t\u0259r\u0259find\u0259n r\u0259\u011fb\u0259tl\u0259 qar\u015f\u0131lanan \u0259m\u0259khaqq\u0131 art\u0131mlar\u0131 Prezident \u0130lham \u018fliyev v\u0259 Birinci vitse-prezident Mehriban xan\u0131m \u018fliyeva t\u0259r\u0259find\u0259n ali t\u0259hsil sah\u0259sin\u0259 g&ouml;st\u0259ril\u0259n y&uuml;ks\u0259k diqq\u0259t v\u0259 qay\u011f\u0131n\u0131n n\u0259tic\u0259sind\u0259 m&uuml;mk&uuml;n olmu\u015fdur.<\/span><\/p>\n<p style=\"margin-bottom: 6pt; text-align: justify; text-indent: 35.45pt; line-height: normal; background: white;\"><b><span style=\"font-size: 12pt; font-family: 'Times New Roman', serif; color: #212529;\"><\/p>\n<p> <\/span><\/b><\/p>\n<p style=\"margin-bottom: 6pt; text-align: justify; text-indent: 35.45pt; line-height: normal; background: white;\"><b><span style=\"font-size: 12pt; font-family: 'Times New Roman', serif; color: #212529;\">Elmi f\u0259aliyy\u0259t\u0259 innovativ yana\u015fma<\/span><\/b><\/p>\n<p style=\"margin-bottom: 6pt; text-align: justify; text-indent: 35.45pt; line-height: normal; background: white;\"><span style=\"font-size: 12pt; font-family: 'Times New Roman', serif; color: #212529;\"><\/span><\/p>\n<p style=\"margin-bottom: 6pt; text-align: justify; text-indent: 35.45pt; line-height: normal; background: white;\"><span style=\"font-size: 12pt; font-family: 'Times New Roman', serif; color: #212529;\">Universitetd\u0259 elmi t\u0259dqiqatlar\u0131n m\u0259zmununu t\u0259kmill\u0259\u015fdirm\u0259yi, n\u0259tic\u0259y&ouml;n&uuml;ml&uuml; v\u0259 &ouml;l&ccedil;&uuml;l\u0259bil\u0259n elmi f\u0259aliyy\u0259tin t\u0259\u015fkilini h\u0259d\u0259fl\u0259yirik. Bu m\u0259qs\u0259dl\u0259, T\u0259hsil Nazirliyi t\u0259r\u0259find\u0259n icra edil\u0259n &#8220;Az\u0259rbaycan\u0131n ali t\u0259hsil sistemind\u0259 t\u0259dqiqat, ixtira v\u0259 innovasiyalar\u0131n g&uuml;cl\u0259ndirilm\u0259si&rdquo; layih\u0259sind\u0259n faydalanma\u011f\u0131 n\u0259z\u0259rd\u0259 tuturuq. \u0130lk add\u0131m olaraq 2019-cu ild\u0259 layih\u0259 ekspertl\u0259ri t\u0259r\u0259find\u0259n MDU-da &#8220;Beyn\u0259lxalq elmi jurnallarda m\u0259qal\u0259l\u0259rin yaz\u0131lmas\u0131&rdquo; m&ouml;vzusunda t\u0259lim seminar\u0131 ke&ccedil;irilmi\u015fdir.<\/span><\/p>\n<p style=\"margin-bottom: 6pt; text-align: justify; text-indent: 35.45pt; line-height: normal; background: white;\"><span style=\"font-size: 12pt; font-family: 'Times New Roman', serif; color: #212529;\">2019-cu ilin dekabr\u0131nda MDU-da ke&ccedil;iril\u0259n &#8220;\u015e\u0259xsiyy\u0259t, c\u0259miyy\u0259t, d&ouml;vl\u0259t: qar\u015f\u0131l\u0131ql\u0131 m&uuml;nasib\u0259tl\u0259r\u0259 m&uuml;asir yana\u015fmalar&rdquo; m&ouml;vzusunda respublika elmi konfrans\u0131 ali t\u0259hsil v\u0259 elm ictimaiyy\u0259tin y&uuml;ks\u0259k diqq\u0259t v\u0259 b&ouml;y&uuml;k mara\u011f\u0131na s\u0259b\u0259b olmu\u015fdur.<\/span><\/p>\n<p style=\"margin-bottom: 6pt; text-align: justify; text-indent: 35.45pt; line-height: normal; background: white;\"><span style=\"font-size: 12pt; font-family: 'Times New Roman', serif; color: #212529;\">Orta t\u0259hsil m&uuml;\u0259ssis\u0259l\u0259ri il\u0259 \u0259m\u0259kda\u015fl\u0131\u011f\u0131n inki\u015faf\u0131na v\u0259 \u015fagirdl\u0259rin t\u0259dqiqat f\u0259aliyy\u0259tin\u0259 c\u0259lb olunmas\u0131na x&uuml;susi \u0259h\u0259miyy\u0259t veririk. Bu y&ouml;nd\u0259 at\u0131lan ilk add\u0131mlardan biri kimi, T\u0259hsil Nazirliyinin &#8220;Ki&ccedil;ik akademiya&rdquo;lar proqram\u0131 &ccedil;\u0259r&ccedil;iv\u0259sind\u0259 Ming\u0259&ccedil;evir T\u0259bi\u0259t-Riyaziyyat v\u0259 Humanitar Elml\u0259r T\u0259may&uuml;ll&uuml; liseyl\u0259 birlikd\u0259 t\u0259\u015fkil etdiyimiz &#8220;Elmin zirv\u0259sin\u0259 ged\u0259n yol&rdquo; m&ouml;vzusunda elmi-n\u0259z\u0259ri konfrans\u0131 qeyd etm\u0259k olar.<\/span><\/p>\n<p style=\"margin-bottom: 6pt; text-align: justify; text-indent: 35.45pt; line-height: normal; background: white;\"><b><span style=\"font-size: 12pt; font-family: 'Times New Roman', serif; color: #212529;\"><\/p>\n<p> <\/span><\/b><\/p>\n<p style=\"margin-bottom: 6pt; text-align: justify; text-indent: 35.45pt; line-height: normal; background: white;\"><b><span style=\"font-size: 12pt; font-family: 'Times New Roman', serif; color: #212529;\">Qar\u015f\u0131l\u0131ql\u0131 faydal\u0131 t\u0259r\u0259fda\u015fl\u0131q konsepti<\/span><\/b><\/p>\n<p style=\"margin-bottom: 6pt; text-align: justify; text-indent: 35.45pt; line-height: normal; background: white;\"><span style=\"font-size: 12pt; font-family: 'Times New Roman', serif; color: #212529;\"><\/span><\/p>\n<p style=\"margin-bottom: 6pt; text-align: justify; text-indent: 35.45pt; line-height: normal; background: white;\"><span style=\"font-size: 12pt; font-family: 'Times New Roman', serif; color: #212529;\">Qar\u015f\u0131m\u0131za qoyulan h\u0259d\u0259fl\u0259r\u0259 &ccedil;atmaq v\u0259 MDU-nu yeni d&ouml;vr&uuml;n t\u0259l\u0259bl\u0259rin\u0259 uy\u011fun ali t\u0259hsil m&uuml;\u0259ssis\u0259sin\u0259 &ccedil;evirm\u0259k m\u0259qs\u0259dil\u0259 &ouml;lk\u0259mizin qabaqc\u0131l universitetl\u0259ri il\u0259 qar\u015f\u0131l\u0131ql\u0131 faydal\u0131 \u0259m\u0259kda\u015fl\u0131\u011f\u0131n yarad\u0131lmas\u0131na m&uuml;h&uuml;m &ouml;n\u0259m veririk. Bu konseptin realla\u015fd\u0131r\u0131lmas\u0131 istiqam\u0259tind\u0259 ilkin m\u0259rh\u0259l\u0259d\u0259 Bak\u0131 D&ouml;vl\u0259t Universiteti, Az\u0259rbaycan D&ouml;vl\u0259t \u0130qtisad Universiteti v\u0259 Az\u0259rbaycan Texniki Universiteti il\u0259 Anla\u015fma memorandumlar\u0131 imzalanm\u0131\u015f v\u0259 potensial \u0259m\u0259kda\u015fl\u0131q istiqam\u0259tl\u0259ri raz\u0131la\u015fd\u0131r\u0131lm\u0131\u015fd\u0131r. \u0130lk olaraq h\u0259r &uuml;&ccedil; universitetl\u0259 t\u0259l\u0259b\u0259 v\u0259 m&uuml;\u0259llim m&uuml;badil\u0259sin\u0259 start verilm\u0259si n\u0259z\u0259rd\u0259 tutulmu\u015fdur.<\/span><\/p>\n<p style=\"margin-bottom: 6pt; text-align: justify; text-indent: 35.45pt; line-height: normal; background: white;\"><span style=\"font-size: 12pt; font-family: 'Times New Roman', serif; color: #212529;\">2019-cu ilin noyabr\u0131nda MDU-da Az\u0259rbaycan Texniki Universiteti il\u0259 birlikd\u0259 &#8220;Sosial-\u0130qtisadi \u0130nki\u015faf\u0131n Dayan\u0131ql\u0131 Enerji T\u0259minat\u0131: universitet &#8211; s\u0259naye i\u015fbirliyi v\u0259 innovativ kadr haz\u0131rl\u0131\u011f\u0131&rdquo; m&ouml;vzusunda I Regional elmi-texniki konfrans ke&ccedil;irilmi\u015fdir. T\u0259dbird\u0259 energetika sisteminin kadr t\u0259minat\u0131nda universitetl\u0259rin rolu, energetikan\u0131n m&uuml;asir probleml\u0259ri v\u0259 dig\u0259r m&ouml;vzularda m&uuml;zakir\u0259l\u0259r apar\u0131lm\u0131\u015f, potensial \u0259m\u0259kda\u015fl\u0131q imkanlar\u0131 m&uuml;\u0259yy\u0259n edilmi\u015fdir.<\/span><\/p>\n<p style=\"margin-bottom: 6pt; text-align: justify; text-indent: 35.45pt; line-height: normal; background: white;\"><span style=\"font-size: 12pt; font-family: 'Times New Roman', serif; color: #212529;\">2019-cu ilin dekabr\u0131nda MDU il\u0259 Az\u0259rbaycan Respublikas\u0131n\u0131n N\u0259qliyyat, Rabit\u0259 v\u0259 Y&uuml;ks\u0259k Texnologiyalar Nazirliyi yan\u0131nda \u0130nnovasiyalar Agentliyi aras\u0131nda Anla\u015fma Memorandumu imzalanm\u0131\u015fd\u0131r. \u018fm\u0259kda\u015fl\u0131\u011f\u0131n MDU-da kadr haz\u0131rl\u0131\u011f\u0131n\u0131n modernl\u0259\u015fdirilm\u0259sin\u0259 m&uuml;h&uuml;m t&ouml;hf\u0259l\u0259r ver\u0259c\u0259yi, el\u0259c\u0259 d\u0259 \u0130nnovasiyalar Agentliyi il\u0259 Ming\u0259&ccedil;evir Y&uuml;ks\u0259k Texnologiyalar Park\u0131nda birg\u0259 yaratd\u0131\u011f\u0131m\u0131z &#8220;Simbioz&rdquo; texnoloji biznes inkubatorun f\u0259aliyy\u0259tind\u0259 t\u0259l\u0259b\u0259 v\u0259 m&uuml;\u0259lliml\u0259rimizin f\u0259al i\u015ftirak ed\u0259c\u0259yi q\u0259na\u0259tind\u0259yik. Bu \u0259m\u0259kda\u015fl\u0131q universitet &#8211; s\u0259naye i\u015fbirliyinin yarad\u0131lmas\u0131, MDU-nun startap ekosistemind\u0259ki i\u015ftirak\u0131n\u0131n geni\u015fl\u0259ndirilm\u0259si, t\u0259l\u0259b\u0259-g\u0259ncl\u0259rin biznes ideyalar\u0131n\u0131n v\u0259 innovativ t\u0259\u015f\u0259bb&uuml;sl\u0259rinin d\u0259st\u0259kl\u0259nm\u0259si bax\u0131m\u0131ndan b&ouml;y&uuml;k imkanlar v\u0259d edir.<\/span><\/p>\n<p style=\"margin-bottom: 6pt; text-align: justify; text-indent: 35.45pt; line-height: normal; background: white;\"><span style=\"font-size: 12pt; font-family: 'Times New Roman', serif; color: #212529;\">Eyni zamanda t\u0259l\u0259b\u0259l\u0259rimizd\u0259 t\u0259cr&uuml;bi v\u0259rdi\u015fl\u0259rin inki\u015faf etdirilm\u0259si v\u0259 onlar\u0131n \u0259m\u0259k bazar\u0131na daha yax\u015f\u0131 haz\u0131rlanmas\u0131 &uuml;&ccedil;&uuml;n Ming\u0259&ccedil;evir S\u0259naye Park\u0131na m&uuml;t\u0259madi ekskursiyalar t\u0259\u015fkil edirik. Park\u0131n rezidenti &#8220;Ming\u0259&ccedil;evir Tekstil&rdquo; MMC-nin m&uuml;vafiq \u0259m\u0259kda\u015flar\u0131 universitetimizd\u0259 t\u0259dris prosesin\u0259 f\u0259al c\u0259lb olunurlar.<\/span><\/p>\n<p style=\"margin-bottom: 6pt; text-align: justify; text-indent: 35.45pt; line-height: normal; background: white;\"><b><span style=\"font-size: 12pt; font-family: 'Times New Roman', serif; color: #212529;\"><\/p>\n<p> <\/span><\/b><\/p>\n<p style=\"margin-bottom: 6pt; text-align: justify; text-indent: 35.45pt; line-height: normal; background: white;\"><b><span style=\"font-size: 12pt; font-family: 'Times New Roman', serif; color: #212529;\">\u0130ctimai f\u0259all\u0131q<\/span><\/b><\/p>\n<p style=\"margin-bottom: 6pt; text-align: justify; text-indent: 35.45pt; line-height: normal; background: white;\"><span style=\"font-size: 12pt; font-family: 'Times New Roman', serif; color: #212529;\"><\/span><\/p>\n<p style=\"margin-bottom: 6pt; text-align: justify; text-indent: 35.45pt; line-height: normal; background: white;\"><span style=\"font-size: 12pt; font-family: 'Times New Roman', serif; color: #212529;\">BDU-nun 100 illik yubileyin\u0259 h\u0259sr olunan n&ouml;vb\u0259ti t\u0259dbirin 2019-cu ilin 30 sentyabr\u0131nda MDU-da ke&ccedil;irilm\u0259si professor-m&uuml;\u0259llim v\u0259 t\u0259l\u0259b\u0259 hey\u0259timiz &uuml;&ccedil;&uuml;n m&uuml;h&uuml;m hadis\u0259 kimi yadda qalm\u0131\u015fd\u0131r. Sevindici hald\u0131r ki, BDU-nun 100 illik yubileyi m&uuml;nasib\u0259til\u0259 bu universitetin m\u0259zunlar\u0131 aras\u0131nda elan edilmi\u015f &#8220;BDU xatir\u0259l\u0259rd\u0259&rdquo; yaz\u0131 m&uuml;sabiq\u0259sind\u0259 MDU-nun \u0259m\u0259kda\u015f\u0131 birinci yer\u0259 layiq g&ouml;r&uuml;lm&uuml;\u015fd&uuml;r.<\/span><\/p>\n<p style=\"margin-bottom: 6pt; text-align: justify; text-indent: 35.45pt; line-height: normal; background: white;\"><span style=\"font-size: 12pt; font-family: 'Times New Roman', serif; color: #212529;\">&Ouml;lk\u0259 r\u0259hb\u0259ri t\u0259r\u0259find\u0259n elan olunmu\u015f &#8220;N\u0259simi ili&rdquo; &ccedil;\u0259r&ccedil;iv\u0259sind\u0259 MDU-da &ccedil;oxsayl\u0131 t\u0259dbirl\u0259r ke&ccedil;irilmi\u015fdir. Kollektivimiz N\u0259siminin 650 illik yubileyi m&uuml;nasib\u0259til\u0259 Ming\u0259&ccedil;evird\u0259 ke&ccedil;iril\u0259n &uuml;mum\u015f\u0259h\u0259r t\u0259dbirl\u0259rind\u0259 d\u0259 yax\u0131ndan i\u015ftirak etmi\u015fdir. Universitetimiz Heyd\u0259r \u018fliyev Fondu v\u0259 M\u0259d\u0259niyy\u0259t Nazirliyinin birg\u0259 t\u0259\u015fkilat&ccedil;\u0131l\u0131\u011f\u0131 il\u0259 \u015eamax\u0131da ke&ccedil;iril\u0259n &#8220;N\u0259simi &#8211; \u015feir, inc\u0259s\u0259n\u0259t v\u0259 m\u0259n\u0259viyyat festival\u0131&rdquo;na qat\u0131lm\u0131\u015fd\u0131r. MDU N\u0259siminin 650 illik yubileyi il\u0259 \u0259laq\u0259dar Az\u0259rbaycan Respublikas\u0131n\u0131n Birinci vitse-prezidenti Mehriban xan\u0131m \u018fliyevan\u0131n bir g&uuml;nd\u0259 650 min a\u011fac \u0259kilm\u0259si t\u0259\u015f\u0259bb&uuml;s&uuml;n\u0259 d\u0259 qo\u015fulmu\u015fdur.<\/span><\/p>\n<p style=\"margin-bottom: 6pt; text-align: justify; text-indent: 35.45pt; line-height: normal; background: white;\"><b><span style=\"font-size: 12pt; font-family: 'Times New Roman', serif; color: #212529;\"><\/p>\n<p> <\/span><\/b><\/p>\n<p style=\"margin-bottom: 6pt; text-align: justify; text-indent: 35.45pt; line-height: normal; background: white;\"><b><span style=\"font-size: 12pt; font-family: 'Times New Roman', serif; color: #212529;\">G\u0259ncl\u0259rin v\u0259t\u0259np\u0259rv\u0259rlik ruhunda t\u0259rbiy\u0259si v\u0259 k&ouml;n&uuml;ll&uuml;l&uuml;k f\u0259aliyy\u0259ti<\/span><\/b><\/p>\n<p style=\"margin-bottom: 6pt; text-align: justify; text-indent: 35.45pt; line-height: normal; background: white;\"><span style=\"font-size: 12pt; font-family: 'Times New Roman', serif; color: #212529;\"><\/span><\/p>\n<p style=\"margin-bottom: 6pt; text-align: justify; text-indent: 35.45pt; line-height: normal; background: white;\"><span style=\"font-size: 12pt; font-family: 'Times New Roman', serif; color: #212529;\">G\u0259ncl\u0259rin v\u0259t\u0259np\u0259rv\u0259rlik ruhunda t\u0259rbiy\u0259 olunmas\u0131 \u0259sas prioritetl\u0259rimizd\u0259ndir. Bu y&ouml;nd\u0259ki f\u0259aliyy\u0259timizin n&uuml;mun\u0259si kimi 24 dekabr 2019-cu ild\u0259 universitetimizd\u0259 &#8220;V\u0259t\u0259np\u0259rv\u0259rlik &#8211; V\u0259t\u0259n\u0259 xidm\u0259tin ali zirv\u0259sidir&rdquo; m&ouml;vzusunda t\u0259dbir ke&ccedil;irilmi\u015fdir. Ming\u0259&ccedil;evir \u015e\u0259h\u0259r G\u0259ncl\u0259r v\u0259 \u0130dman \u0130dar\u0259si v\u0259 Ming\u0259&ccedil;evir Pe\u015f\u0259 m\u0259kt\u0259bi il\u0259 birg\u0259 t\u0259\u015fkil etdiyimiz t\u0259dbirin \u0259sas m\u0259qs\u0259di t\u0259l\u0259b\u0259-g\u0259ncl\u0259rin v\u0259t\u0259np\u0259rv\u0259rlik ruhunda t\u0259rbiy\u0259 edilm\u0259si, onlarda d&ouml;vl\u0259timiz\u0259 v\u0259 milli-m\u0259n\u0259vi d\u0259y\u0259rl\u0259rimiz\u0259 h&ouml;rm\u0259t hissinin a\u015f\u0131lanmas\u0131 olmu\u015fdur. Aprel d&ouml;y&uuml;\u015fl\u0259ri \u015f\u0259hidl\u0259rinin valideynl\u0259rinin, Aprel d&ouml;y&uuml;\u015fl\u0259ri \u015f\u0259hidinin &ouml;vlad\u0131n\u0131n v\u0259 h\u0259min d&ouml;y&uuml;\u015fl\u0259rin i\u015ftirak&ccedil;\u0131lar\u0131n\u0131n qat\u0131ld\u0131\u011f\u0131 t\u0259dbird\u0259 m&uuml;st\u0259qilliyimiz u\u011frunda can\u0131ndan ke&ccedil;mi\u015f \u015f\u0259hidl\u0259rin \u0259ziz xatir\u0259sinin b&ouml;y&uuml;k h&ouml;rm\u0259t v\u0259 ehtiramla an\u0131ld\u0131\u011f\u0131 bildirilmi\u015f, \u015f\u0259hidl\u0259rimizin ke&ccedil;diyi \u015f\u0259r\u0259fli yolu &ouml;yr\u0259nm\u0259yin v\u0259 t\u0259bli\u011f etm\u0259yin vacibliyi diqq\u0259t\u0259 &ccedil;atd\u0131r\u0131lm\u0131\u015fd\u0131r.<\/span><\/p>\n<p style=\"margin-bottom: 6pt; text-align: justify; text-indent: 35.45pt; line-height: normal; background: white;\"><span style=\"font-size: 12pt; font-family: 'Times New Roman', serif; color: #212529;\">Paralel olaraq t\u0259l\u0259b\u0259l\u0259rimizin k&ouml;n&uuml;ll&uuml;l&uuml;k f\u0259aliyy\u0259tin\u0259 aktiv c\u0259lb olunmas\u0131 &uuml;&ccedil;&uuml;n laz\u0131mi \u015f\u0259raiti yarad\u0131r\u0131q. Bu istiqam\u0259td\u0259 daha &ccedil;ox T\u0259hsil Nazirliyinin &#8220;Bir&rdquo; T\u0259l\u0259b\u0259-K&ouml;n&uuml;ll&uuml; Proqram\u0131n\u0131n v\u0259 Az\u0259rbaycan Respublikas\u0131 Prezidenti yan\u0131nda V\u0259t\u0259nda\u015flara Xidm\u0259t v\u0259 Sosial \u0130nnovasiyalar &uuml;zr\u0259 D&ouml;vl\u0259t Agentliyinin (ASAN xidm\u0259t) &#8220;ASAN K&ouml;n&uuml;ll&uuml;l\u0259ri&rdquo; t\u0259\u015fkilat\u0131n\u0131n t\u0259qdim etdiyi imkanlardan faydalan\u0131r\u0131q.<\/span><\/p>\n<p style=\"margin-bottom: 6pt; text-align: justify; text-indent: 35.45pt; line-height: normal; background: white;\"><b><span style=\"font-size: 12pt; font-family: 'Times New Roman', serif; color: #212529;\"><\/p>\n<p> <\/span><\/b><\/p>\n<p style=\"margin-bottom: 6pt; text-align: justify; text-indent: 35.45pt; line-height: normal; background: white;\"><b><span style=\"font-size: 12pt; font-family: 'Times New Roman', serif; color: #212529;\">&#8220;ASAN xidm\u0259t&rdquo;l\u0259 birg\u0259 layih\u0259l\u0259r<\/span><\/b><\/p>\n<p style=\"margin-bottom: 6pt; text-align: justify; text-indent: 35.45pt; line-height: normal; background: white;\"><span style=\"font-size: 12pt; font-family: 'Times New Roman', serif; color: #212529;\"><\/span><\/p>\n<p style=\"margin-bottom: 6pt; text-align: justify; text-indent: 35.45pt; line-height: normal; background: white;\"><span style=\"font-size: 12pt; font-family: 'Times New Roman', serif; color: #212529;\">MDU-da \u015f\u0259ffaf idar\u0259etm\u0259 mexanizminin yarad\u0131lmas\u0131 v\u0259 t\u0259l\u0259b\u0259l\u0259rimizd\u0259 innovativ bacar\u0131qlar\u0131n inki\u015faf\u0131 bax\u0131m\u0131ndan &#8220;ASAN xidm\u0259t&rdquo;l\u0259 \u0259m\u0259kda\u015fl\u0131qdan g&ouml;zl\u0259ntimiz &ccedil;oxdur. Bu m\u0259qs\u0259dl\u0259, Az\u0259rbaycan Respublikas\u0131n\u0131n Prezidenti yan\u0131nda V\u0259t\u0259nda\u015flara Xidm\u0259t v\u0259 Sosial \u0130nnovasiyalar &uuml;zr\u0259 D&ouml;vl\u0259t Agentliyi v\u0259 onun tabeliyind\u0259 olan Ming\u0259&ccedil;evir &#8220;Asan H\u0259yat&rdquo; Kompleksi il\u0259 ilkin t\u0259maslar qurulmu\u015fdur. \u0130lk add\u0131m olaraq, MDU &#8220;ASAN K&ouml;n&uuml;ll&uuml;l\u0259ri&rdquo; T\u0259\u015fkilat\u0131 v\u0259 &#8220;Coca-Cola&rdquo; fondunun birg\u0259 t\u0259\u015fkilat&ccedil;\u0131l\u0131\u011f\u0131 il\u0259 h\u0259yata ke&ccedil;iril\u0259n &#8220;ASAN \u0130nki\u015faf Modeli &#8211; Qad\u0131nlar\u0131n i\u015fg&uuml;zar inki\u015faf\u0131&rdquo; m&ouml;vzusunda t\u0259liml\u0259r\u0259 d\u0259st\u0259k vermi\u015fdir.<\/span><\/p>\n<p style=\"margin-bottom: 6pt; text-align: justify; text-indent: 35.45pt; line-height: normal; background: white;\"><b><span style=\"font-size: 12pt; font-family: 'Times New Roman', serif; color: #212529;\"><\/p>\n<p> <\/span><\/b><\/p>\n<p style=\"margin-bottom: 6pt; text-align: justify; text-indent: 35.45pt; line-height: normal; background: white;\"><b><span style=\"font-size: 12pt; font-family: 'Times New Roman', serif; color: #212529;\">Beyn\u0259lxalq \u0259m\u0259kda\u015fl\u0131qda prioritetl\u0259r<\/span><\/b><\/p>\n<p style=\"margin-bottom: 6pt; text-align: justify; text-indent: 35.45pt; line-height: normal; background: white;\"><span style=\"font-size: 12pt; font-family: 'Times New Roman', serif; color: #212529;\"><\/span><\/p>\n<p style=\"margin-bottom: 6pt; text-align: justify; text-indent: 35.45pt; line-height: normal; background: white;\"><span style=\"font-size: 12pt; font-family: 'Times New Roman', serif; color: #212529;\">Xarici universitetl\u0259rl\u0259 \u0259m\u0259kda\u015fl\u0131\u011f\u0131n inki\u015faf\u0131na v\u0259 bu y&ouml;nd\u0259 Erasmus+ proqram\u0131n\u0131n imkanlar\u0131ndan faydalanma\u011fa &ccedil;al\u0131\u015f\u0131r\u0131q. Haz\u0131rda t\u0259l\u0259b\u0259l\u0259rimiz Erasmus+ proqram\u0131 &ccedil;\u0259r&ccedil;iv\u0259sind\u0259 \u0130spaniyan\u0131n Vallodolid Universitetind\u0259 t\u0259hsil al\u0131r. MDU &#8220;Az\u0259rbaycan universitetl\u0259rind\u0259 keyfiyy\u0259t t\u0259minat\u0131 m\u0259rk\u0259zl\u0259rinin yarad\u0131lmas\u0131 v\u0259 inki\u015faf etdirilm\u0259si&rdquo; m&ouml;vzusunda Erasmus+ layih\u0259sind\u0259 f\u0259al i\u015ftirak edirl\u0259r.<\/span><\/p>\n<p style=\"margin-bottom: 6pt; text-align: justify; text-indent: 35.45pt; line-height: normal; background: white;\"><span style=\"font-size: 12pt; font-family: 'Times New Roman', serif; color: #212529;\">MDU 2019-cu ild\u0259 Bolonya prosesi &uuml;zr\u0259 \u0130\u015f&ccedil;i Qrupunun n&ouml;vb\u0259ti iclas\u0131nda (Helsinki), X Rusiya-Az\u0259rbaycan Regionlararas\u0131 Forumunda (Moskva) v\u0259 &#8220;Ali t\u0259hsil islahatlar\u0131 ekspertl\u0259rinin illik konfrans\u0131&rdquo;nda (Praqa), el\u0259c\u0259 d\u0259 \u0130sve&ccedil;d\u0259, Koreyada, Litvada v\u0259 Ukraynada ke&ccedil;irilmi\u015f beyn\u0259lxalq t\u0259liml\u0259rd\u0259 t\u0259msil olunmu\u015fdur.<\/span><\/p>\n<p style=\"margin-bottom: 6pt; text-align: justify; text-indent: 35.45pt; line-height: normal; background: white;\"><b><span style=\"font-size: 12pt; font-family: 'Times New Roman', serif; color: #212529;\"><\/p>\n<p> <\/span><\/b><\/p>\n<p style=\"margin-bottom: 6pt; text-align: justify; text-indent: 35.45pt; line-height: normal; background: white;\"><b><span style=\"font-size: 12pt; font-family: 'Times New Roman', serif; color: #212529;\">M&uuml;kafatlar v\u0259 nailiyy\u0259tl\u0259r<\/span><\/b><\/p>\n<p style=\"margin-bottom: 6pt; text-align: justify; text-indent: 35.45pt; line-height: normal; background: white;\"><span style=\"font-size: 12pt; font-family: 'Times New Roman', serif; color: #212529;\"><\/span><\/p>\n<p style=\"margin-bottom: 6pt; text-align: justify; text-indent: 35.45pt; line-height: normal; background: white;\"><span style=\"font-size: 12pt; font-family: 'Times New Roman', serif; color: #212529;\">T\u0259hsil nazirinin \u0259mri il\u0259 2019-cu ilin oktyabr\u0131nda 2 \u0259m\u0259kda\u015f\u0131m\u0131z\u0131n &#8220;Az\u0259rbaycan Respublikas\u0131 qabaqc\u0131l t\u0259hsil i\u015f&ccedil;isi&rdquo; d&ouml;\u015f ni\u015fan\u0131, 5 \u0259m\u0259kda\u015f\u0131m\u0131z\u0131n is\u0259 T\u0259hsil Nazirliyinin f\u0259xri f\u0259rman\u0131 il\u0259 t\u0259ltif olunmas\u0131 kollektivimiz t\u0259r\u0259find\u0259n b&ouml;y&uuml;k sevinc hissi il\u0259 qar\u015f\u0131lanm\u0131\u015fd\u0131r.<\/span><\/p>\n<p style=\"margin-bottom: 6pt; text-align: justify; text-indent: 35.45pt; line-height: normal; background: white;\"><span style=\"font-size: 12pt; font-family: 'Times New Roman', serif; color: #212529;\">Heyd\u0259r \u018fliyev M\u0259rk\u0259zinin t\u0259\u015fkilat&ccedil;\u0131l\u0131\u011f\u0131 v\u0259 T\u0259hsil Nazirliyinin d\u0259st\u0259yi il\u0259 2019-cu ild\u0259 ke&ccedil;iril\u0259n &#8220;Heyd\u0259r \u018fliyev v\u0259 Az\u0259rbaycan tarixi&rdquo; VI &Uuml;mumrespublika bilik yar\u0131\u015f\u0131nda MDU 8-ci yeri tutmaqla, 49 ali t\u0259hsil m&uuml;\u0259ssis\u0259si aras\u0131nda 14-18-ci yerl\u0259ri b&ouml;l&uuml;\u015fm&uuml;\u015fd&uuml;r.<\/span><\/p>\n<p style=\"margin-bottom: 6pt; text-align: justify; text-indent: 35.45pt; line-height: normal; background: white;\"><span style=\"font-size: 12pt; font-family: 'Times New Roman', serif; color: #212529;\">2019-cu ild\u0259 4 t\u0259l\u0259b\u0259miz T\u0259hsil Nazirliyinin t\u0259sis etdiyi &#8220;G\u0259l\u0259c\u0259yin m&uuml;\u0259llimi&rdquo; t\u0259qa&uuml;d&uuml;n\u0259 layiq g&ouml;r&uuml;lm&uuml;\u015fd&uuml;r. 4 t\u0259l\u0259b\u0259miz v\u0259 1 \u0259m\u0259kda\u015f\u0131m\u0131z Az\u0259rbaycan Respublikas\u0131n\u0131n G\u0259ncl\u0259r Fondunun 13-c&uuml; qrant m&uuml;sabiq\u0259sinin, 1 t\u0259l\u0259b\u0259miz BP \u015firk\u0259ti t\u0259r\u0259find\u0259n Az\u0259ri-&Ccedil;\u0131raq-G&uuml;n\u0259\u015fli layih\u0259sinin 25 illiyi m&uuml;nasib\u0259til\u0259 ke&ccedil;iril\u0259n m&uuml;sabiq\u0259nin qalibi olmu\u015fdur.<\/span><\/p>\n<p style=\"margin-bottom: 6pt; text-align: justify; text-indent: 35.45pt; line-height: normal; background: white;\"><span style=\"font-size: 12pt; font-family: 'Times New Roman', serif; color: #212529;\">Yeni d&ouml;vr&uuml;n reall\u0131qlar\u0131na v\u0259 kreativ d&uuml;\u015f&uuml;nc\u0259li t\u0259l\u0259b\u0259 kontingentinin ist\u0259kl\u0259rin\u0259 uy\u011funla\u015fma\u011fa &ccedil;al\u0131\u015fd\u0131\u011f\u0131m\u0131z f\u0259aliyy\u0259timizd\u0259 d&ouml;vl\u0259timizin, o c&uuml;ml\u0259d\u0259n T\u0259hsil Nazirliyinin, Ming\u0259&ccedil;evir \u015e\u0259h\u0259r \u0130cra Hakimiyy\u0259tinin v\u0259 dig\u0259r t\u0259r\u0259fda\u015flar\u0131m\u0131z\u0131n davaml\u0131 d\u0259st\u0259yind\u0259n faydalan\u0131r\u0131q. M\u0259hz bu d\u0259st\u0259k v\u0259 qar\u015f\u0131l\u0131ql\u0131 faydal\u0131 \u0259m\u0259kda\u015fl\u0131q formulu elm, t\u0259hsil v\u0259 innovasiyalar\u0131n &uuml;zvi v\u0259hd\u0259tin\u0259 \u0259saslanan m&uuml;asir v\u0259 r\u0259qab\u0259tqabiliyy\u0259tli universitetin qurulmas\u0131na \u015f\u0259rait yarad\u0131r.<\/span><\/p>\n<p style=\"margin-bottom: 6pt; text-indent: 35.45pt; line-height: normal; background: white; text-align: right;\"><em><strong><span style=\"font-size: 12pt; font-family: 'Times New Roman', serif; color: #212529;\">\u015eahin BAYRAMOV,<\/span><\/strong><\/em><\/p>\n<p style=\"margin-bottom: 6pt; text-indent: 35.45pt; line-height: normal; background: white; text-align: right;\"><em><strong><span style=\"font-size: 12pt; font-family: 'Times New Roman', serif; color: #212529;\">Ming\u0259&ccedil;evir D&ouml;vl\u0259t Universitetinin rektoru<\/span><\/strong><\/em><\/p>\n<p style=\"margin-bottom: 6pt; text-align: justify; text-indent: 35.45pt; line-height: normal;\"><span style=\"font-size: 12pt; font-family: 'Times New Roman', serif;\"><\/span><\/p>","protected":false},"excerpt":{"rendered":"<p>11.01.2020&nbsp; &nbsp; &nbsp; &nbsp; &nbsp; &nbsp; &nbsp; &nbsp; &nbsp; &nbsp; &nbsp; &nbsp; &nbsp; &nbsp; &nbsp; &nbsp; &nbsp; &nbsp; &nbsp; &nbsp; &nbsp; &nbsp; &nbsp; &nbsp; &nbsp; &nbsp; &nbsp; &nbsp; &nbsp; &nbsp; &nbsp; &nbsp; &nbsp; &nbsp; &nbsp; &nbsp; &nbsp; &nbsp; &nbsp; &nbsp; &nbsp; &nbsp; &nbsp; &nbsp; &nbsp; &nbsp; &nbsp; &nbsp; &nbsp; &nbsp; &nbsp; &nbsp; &nbsp; &nbsp; &nbsp; [&hellip;]<\/p>\n","protected":false},"author":1,"featured_media":0,"comment_status":"open","ping_status":"open","sticky":false,"template":"","format":"standard","meta":{"_eb_attr":"","ocean_post_layout":"","ocean_both_sidebars_style":"","ocean_both_sidebars_content_width":0,"ocean_both_sidebars_sidebars_width":0,"ocean_sidebar":"","ocean_second_sidebar":"","ocean_disable_margins":"enable","ocean_add_body_class":"","ocean_shortcode_before_top_bar":"","ocean_shortcode_after_top_bar":"","ocean_shortcode_before_header":"","ocean_shortcode_after_header":"","ocean_has_shortcode":"","ocean_shortcode_after_title":"","ocean_shortcode_before_footer_widgets":"","ocean_shortcode_after_footer_widgets":"","ocean_shortcode_before_footer_bottom":"","ocean_shortcode_after_footer_bottom":"","ocean_display_top_bar":"default","ocean_display_header":"default","ocean_header_style":"","ocean_center_header_left_menu":"","ocean_custom_header_template":"","ocean_custom_logo":0,"ocean_custom_retina_logo":0,"ocean_custom_logo_max_width":0,"ocean_custom_logo_tablet_max_width":0,"ocean_custom_logo_mobile_max_width":0,"ocean_custom_logo_max_height":0,"ocean_custom_logo_tablet_max_height":0,"ocean_custom_logo_mobile_max_height":0,"ocean_header_custom_menu":"","ocean_menu_typo_font_family":"","ocean_menu_typo_font_subset":"","ocean_menu_typo_font_size":0,"ocean_menu_typo_font_size_tablet":0,"ocean_menu_typo_font_size_mobile":0,"ocean_menu_typo_font_size_unit":"px","ocean_menu_typo_font_weight":"","ocean_menu_typo_font_weight_tablet":"","ocean_menu_typo_font_weight_mobile":"","ocean_menu_typo_transform":"","ocean_menu_typo_transform_tablet":"","ocean_menu_typo_transform_mobile":"","ocean_menu_typo_line_height":0,"ocean_menu_typo_line_height_tablet":0,"ocean_menu_typo_line_height_mobile":0,"ocean_menu_typo_line_height_unit":"","ocean_menu_typo_spacing":0,"ocean_menu_typo_spacing_tablet":0,"ocean_menu_typo_spacing_mobile":0,"ocean_menu_typo_spacing_unit":"","ocean_menu_link_color":"","ocean_menu_link_color_hover":"","ocean_menu_link_color_active":"","ocean_menu_link_background":"","ocean_menu_link_hover_background":"","ocean_menu_link_active_background":"","ocean_menu_social_links_bg":"","ocean_menu_social_hover_links_bg":"","ocean_menu_social_links_color":"","ocean_menu_social_hover_links_color":"","ocean_disable_title":"default","ocean_disable_heading":"default","ocean_post_title":"","ocean_post_subheading":"","ocean_post_title_style":"","ocean_post_title_background_color":"","ocean_post_title_background":0,"ocean_post_title_bg_image_position":"","ocean_post_title_bg_image_attachment":"","ocean_post_title_bg_image_repeat":"","ocean_post_title_bg_image_size":"","ocean_post_title_height":0,"ocean_post_title_bg_overlay":0.5,"ocean_post_title_bg_overlay_color":"","ocean_disable_breadcrumbs":"default","ocean_breadcrumbs_color":"","ocean_breadcrumbs_separator_color":"","ocean_breadcrumbs_links_color":"","ocean_breadcrumbs_links_hover_color":"","ocean_display_footer_widgets":"default","ocean_display_footer_bottom":"default","ocean_custom_footer_template":"","ocean_post_oembed":"","ocean_post_self_hosted_media":"","ocean_post_video_embed":"","ocean_link_format":"","ocean_link_format_target":"self","ocean_quote_format":"","ocean_quote_format_link":"post","ocean_gallery_link_images":"on","ocean_gallery_id":[],"footnotes":""},"categories":[149,63],"tags":[],"class_list":["post-15090","post","type-post","status-publish","format-standard","hentry","category-azerbaycan-qazeti","category-khaebaerlaer-az","entry"],"_links":{"self":[{"href":"https:\/\/mdu.edu.az\/ru\/wp-json\/wp\/v2\/posts\/15090","targetHints":{"allow":["GET"]}}],"collection":[{"href":"https:\/\/mdu.edu.az\/ru\/wp-json\/wp\/v2\/posts"}],"about":[{"href":"https:\/\/mdu.edu.az\/ru\/wp-json\/wp\/v2\/types\/post"}],"author":[{"embeddable":true,"href":"https:\/\/mdu.edu.az\/ru\/wp-json\/wp\/v2\/users\/1"}],"replies":[{"embeddable":true,"href":"https:\/\/mdu.edu.az\/ru\/wp-json\/wp\/v2\/comments?post=15090"}],"version-history":[{"count":1,"href":"https:\/\/mdu.edu.az\/ru\/wp-json\/wp\/v2\/posts\/15090\/revisions"}],"predecessor-version":[{"id":51238,"href":"https:\/\/mdu.edu.az\/ru\/wp-json\/wp\/v2\/posts\/15090\/revisions\/51238"}],"wp:attachment":[{"href":"https:\/\/mdu.edu.az\/ru\/wp-json\/wp\/v2\/media?parent=15090"}],"wp:term":[{"taxonomy":"category","embeddable":true,"href":"https:\/\/mdu.edu.az\/ru\/wp-json\/wp\/v2\/categories?post=15090"},{"taxonomy":"post_tag","embeddable":true,"href":"https:\/\/mdu.edu.az\/ru\/wp-json\/wp\/v2\/tags?post=15090"}],"curies":[{"name":"wp","href":"https:\/\/api.w.org\/{rel}","templated":true}]}}