{"id":15096,"date":"2020-01-17T21:35:12","date_gmt":"2020-01-17T18:35:12","guid":{"rendered":"https:\/\/mdu.edu.az\/minzh-evird-20-yanvar-fadzi-sin-h-sr-edilmi-t-l-b-azhird-konfrans-ke-irilib\/"},"modified":"2020-01-17T21:35:12","modified_gmt":"2020-01-17T18:35:12","slug":"minzh-evird-20-yanvar-fadzi-sin-h-sr-edilmi-t-l-b-azhird-konfrans-ke-irilib","status":"publish","type":"post","link":"https:\/\/mdu.edu.az\/ru\/minzh-evird-20-yanvar-fadzi-sin-h-sr-edilmi-t-l-b-azhird-konfrans-ke-irilib\/","title":{"rendered":"Ming\u0259\u00e7evird\u0259 20 Yanvar faci\u0259sin\u0259 h\u0259sr edilmi\u015f  t\u0259l\u0259b\u0259-\u015fagird konfrans\u0131 ke\u00e7irilib"},"content":{"rendered":"<p style=\"margin-bottom: 0.0001pt; text-align: center; line-height: 16pt;\"><b><span style=\"font-size: 14pt; font-family: 'Times New Roman'; color: blue;\">Ming\u0259&ccedil;evird\u0259 20 Yanvar faci\u0259sin\u0259 h\u0259sr edilmi\u015f <\/span><\/b><\/p>\n<p style=\"margin-bottom: 0.0001pt; text-align: center; line-height: 16pt;\"><b><span style=\"font-size: 14pt; font-family: 'Times New Roman'; color: blue;\">t\u0259l\u0259b\u0259-\u015fagird konfrans\u0131 ke&ccedil;irilib<\/span><\/b><\/p>\n<p>&nbsp;<\/p>\n<p style=\"margin-bottom: 0.0001pt; text-align: justify; text-indent: 26.95pt; line-height: 16pt;\"><span style=\"font-family: 'Times New Roman';\"><\/span><\/p>\n<p style=\"margin-bottom: 0.0001pt; text-align: justify; text-indent: 26.95pt; line-height: 16pt;\"><span style=\"font-family: 'Times New Roman'; font-size: 12pt; color: #000000;\">2020-ci ilin 17 yanvar tarixind\u0259 Ming\u0259&ccedil;evir D&ouml;vl\u0259t Universiteti (MDU), Ming\u0259&ccedil;evir \u015f\u0259h\u0259r T\u0259hsil \u015e&ouml;b\u0259si v\u0259 Ming\u0259&ccedil;evir \u015f\u0259h\u0259r Texniki-humanitar liseyin (THL) birg\u0259 t\u0259\u015fkilat&ccedil;\u0131l\u0131\u011f\u0131 il\u0259 20 Yanvar faci\u0259sinin 30-cu ild&ouml;n&uuml;m&uuml;n\u0259 h\u0259sr olunan &ldquo;20 Yanvar faci\u0259sinin s\u0259b\u0259b v\u0259 n\u0259tic\u0259l\u0259ri&rdquo; m&ouml;vzusunda elmi-praktiki konfrans ke&ccedil;irilib.<\/span><\/p>\n<p style=\"margin-bottom: 0.0001pt; text-align: justify; text-indent: 26.95pt; line-height: 16pt;\"><span style=\"font-family: 'Times New Roman'; font-size: 12pt; color: #000000;\">Texniki-humanitar liseyd\u0259 ke&ccedil;iril\u0259n konftans\u0131n i\u015ftirak&ccedil;\u0131lar\u0131 \u0259vv\u0259lc\u0259 \u015fagirdl\u0259rin 20 Yanvar faci\u0259sini \u0259ks etdir\u0259n \u0259l i\u015fl\u0259rind\u0259n ibar\u0259t s\u0259rgi il\u0259 tan\u0131\u015f olublar. M\u0259ruz\u0259&ccedil;il\u0259rin t\u0259l\u0259b\u0259 v\u0259 \u015fagirdl\u0259rd\u0259n ibar\u0259t oldu\u011fu konfransda ilk olaraq 20 Yanvar \u015f\u0259hidl\u0259rinin \u0259ziz xatir\u0259si bir d\u0259qiq\u0259lik s&uuml;kutla yad edilib.<\/span><\/p>\n<p style=\"margin-bottom: 0.0001pt; text-align: justify; text-indent: 26.95pt; line-height: 16pt;\"><span style=\"font-family: 'Times New Roman'; font-size: 12pt; color: #000000;\">Konfrans\u0131 a&ccedil;an Ming\u0259&ccedil;evir \u015f\u0259h\u0259r Texniki-humanitar liseyin direktoru Nail\u0259 M\u0259mm\u0259dova, Ming\u0259&ccedil;evir D&ouml;vl\u0259t Universitetinin rektoru \u015eahin Bayramov v\u0259 Ming\u0259&ccedil;evir \u015f\u0259h\u0259r T\u0259hsil \u015e&ouml;b\u0259sinin m&uuml;diri Sahib M\u0259mm\u0259dov 20 Yanvar faci\u0259sinin 30-cu ild&ouml;n&uuml;m&uuml;n\u0259 h\u0259sr olunan birg\u0259 silsil\u0259 t\u0259dbirl\u0259rin t\u0259l\u0259b\u0259 v\u0259 \u015fagirdl\u0259rin Az\u0259rbaycan\u0131n yeni tarixini &ouml;yr\u0259nm\u0259si v\u0259 onlar\u0131n v\u0259t\u0259np\u0259rv\u0259rlik ruhunda t\u0259rbiy\u0259 olunmas\u0131 bax\u0131m\u0131ndan vacib \u0259h\u0259miyy\u0259t da\u015f\u0131d\u0131\u011f\u0131n\u0131 bildiribl\u0259r.<\/span><\/p>\n<p style=\"margin-bottom: 0.0001pt; text-align: justify; text-indent: 26.95pt; line-height: 16pt;\"><span style=\"font-family: 'Times New Roman'; font-size: 12pt; color: #000000;\">Sonra THL-in XI sinif \u015fagirdi N\u0259zrin &Ouml;m\u0259rova &ldquo;Az\u0259rbaycan\u0131n &uuml;&ccedil; minillik d&ouml;vl\u0259t&ccedil;ilik \u0259n\u0259n\u0259l\u0259rinin a\u011fr\u0131l\u0131, ac\u0131l\u0131, \u015f\u0259r\u0259fli tarixi&rdquo;, THL-in X sinif \u015fagirdi Nigar M\u0259mm\u0259dzad\u0259 &ldquo;XX \u0259srin 80-ci ill\u0259rinin sonlar\u0131nda Az\u0259rbaycanda ictimai-siyasi v\u0259ziyy\u0259t. Milli oyan\u0131\u015f&rdquo;, MDU-nun II kurs t\u0259l\u0259b\u0259si &Uuml;lviyy\u0259 Edilxanova &ldquo;20 Yanvar faci\u0259sinin xalq\u0131m\u0131z\u0131n milli azadl\u0131q h\u0259r\u0259kat\u0131nda yeri&rdquo;, THL-in XI sinif \u015fagirdi Cavid Mirz\u0259zad\u0259 &ldquo;20 Yanvar faci\u0259si tariximizin \u015f\u0259r\u0259f v\u0259 q\u0259hr\u0259manl\u0131q s\u0259hif\u0259sidir&rdquo;, MDU-nun IV kurs t\u0259l\u0259b\u0259si K\u0259mal\u0259 Hac\u0131yeva &ldquo;&Ccedil;a\u011fda\u015f poeziyada \u015f\u0259hidlik m&ouml;vzusu&rdquo;, THL-in X sinif \u015fagirdi Ayd\u0131n &Ccedil;\u0259l\u0259bizad\u0259 &ldquo;20 Yanvar faci\u0259sin\u0259 siyasi h&uuml;quqi qiym\u0259t verilm\u0259si&rdquo; v\u0259 THL-in X sinif \u015fagirdi M&uuml;jgan N\u0259biyeva &ldquo;20 Yanvar faci\u0259si xalq\u0131m\u0131z\u0131n milli azadl\u0131q h\u0259r\u0259kat\u0131n\u0131n q\u0259hr\u0259manl\u0131q s\u0259lnam\u0259sidir&rdquo; m&ouml;vzular\u0131nda m\u0259ruz\u0259l\u0259rl\u0259 &ccedil;\u0131x\u0131\u015f edibl\u0259r.<\/span><\/p>\n<p style=\"margin-bottom: 0.0001pt; text-align: justify; text-indent: 26.95pt; line-height: 16pt;\"><span style=\"font-family: 'Times New Roman'; font-size: 12pt; color: #000000;\">MDU-nun v\u0259 THL-in m&uuml;\u0259lliml\u0259rinin elmi r\u0259hb\u0259rliyi il\u0259 haz\u0131rlanm\u0131\u015f m\u0259ruz\u0259l\u0259rd\u0259 1990-c\u0131&nbsp;il yanvar\u0131n 19-dan 20-n\u0259 ke&ccedil;\u0259n gec\u0259 Bak\u0131da sovet ordusu t\u0259r\u0259find\u0259n dinc \u0259haliy\u0259 qar\u015f\u0131 k&uuml;tl\u0259vi q\u0131r\u011f\u0131n t&ouml;r\u0259dilm\u0259si v\u0259 n\u0259tic\u0259d\u0259 134 n\u0259f\u0259r soyda\u015f\u0131m\u0131z\u0131n amans\u0131zcas\u0131na q\u0259tl\u0259 yetirilm\u0259si, 700-d\u0259n &ccedil;ox adam\u0131n yaralanmas\u0131, 321 n\u0259f\u0259rin itkin d&uuml;\u015fm\u0259si, y&uuml;zl\u0259rl\u0259 insan\u0131n h\u0259bs edilm\u0259si faktlar\u0131 konfrans i\u015ftirak&ccedil;\u0131lar\u0131n\u0131n diqq\u0259tin\u0259 &ccedil;atd\u0131r\u0131l\u0131b. M\u0259ruz\u0259&ccedil;il\u0259r bu qanl\u0131 hadis\u0259nin t&ouml;r\u0259dilm\u0259sind\u0259 \u0259sas m\u0259qs\u0259din xalq\u0131m\u0131z\u0131n milli azadl\u0131q irad\u0259sini q\u0131rmaq v\u0259 istiqlaliyy\u0259t arzusunu tanklar\u0131n t\u0131rt\u0131llar\u0131 alt\u0131nda \u0259zm\u0259kd\u0259n ibar\u0259t oldu\u011funu bildiribl\u0259r. 20 Yanvar hadis\u0259l\u0259rini xalq\u0131m\u0131z\u0131n q\u0259hr\u0259manl\u0131q s\u0259lnam\u0259si kimi xarakteriz\u0259 ed\u0259n t\u0259l\u0259b\u0259 v\u0259 \u015fagirdl\u0259r bu faci\u0259y\u0259 h&uuml;quqi-siyasi qiym\u0259tin &uuml;mummilli liderimiz Heyd\u0259r \u018fliyev t\u0259r\u0259find\u0259n verildiyini x&uuml;susi vur\u011fulay\u0131blar.<\/span><\/p>\n<p><span style=\"font-size: 12pt; line-height: 106%; font-family: 'Times New Roman'; color: #000000;\">&nbsp;&nbsp;&nbsp;&nbsp; &nbsp; &nbsp; M&uuml;zakir\u0259l\u0259rl\u0259 davam ed\u0259n elmi-praktiki konfrans\u0131n sonunda t\u0259l\u0259b\u0259 v\u0259 \u015fagirdl\u0259r\u0259 sertifikatlar t\u0259qdim edilib.<\/span><\/p>\n<p>{phocagallery view=category|categoryid=303|limitstart=0|limitcount=0}<\/p>","protected":false},"excerpt":{"rendered":"<p>Ming\u0259&ccedil;evird\u0259 20 Yanvar faci\u0259sin\u0259 h\u0259sr edilmi\u015f t\u0259l\u0259b\u0259-\u015fagird konfrans\u0131 ke&ccedil;irilib &nbsp; 2020-ci ilin 17 yanvar tarixind\u0259 Ming\u0259&ccedil;evir D&ouml;vl\u0259t Universiteti (MDU), Ming\u0259&ccedil;evir \u015f\u0259h\u0259r T\u0259hsil \u015e&ouml;b\u0259si v\u0259 Ming\u0259&ccedil;evir \u015f\u0259h\u0259r Texniki-humanitar liseyin (THL) birg\u0259 t\u0259\u015fkilat&ccedil;\u0131l\u0131\u011f\u0131 il\u0259 20 Yanvar faci\u0259sinin 30-cu ild&ouml;n&uuml;m&uuml;n\u0259 h\u0259sr olunan &ldquo;20 Yanvar faci\u0259sinin s\u0259b\u0259b v\u0259 n\u0259tic\u0259l\u0259ri&rdquo; m&ouml;vzusunda elmi-praktiki konfrans ke&ccedil;irilib. Texniki-humanitar liseyd\u0259 ke&ccedil;iril\u0259n konftans\u0131n i\u015ftirak&ccedil;\u0131lar\u0131 \u0259vv\u0259lc\u0259 [&hellip;]<\/p>\n","protected":false},"author":1,"featured_media":0,"comment_status":"open","ping_status":"open","sticky":false,"template":"","format":"standard","meta":{"_eb_attr":"","ocean_post_layout":"","ocean_both_sidebars_style":"","ocean_both_sidebars_content_width":0,"ocean_both_sidebars_sidebars_width":0,"ocean_sidebar":"","ocean_second_sidebar":"","ocean_disable_margins":"enable","ocean_add_body_class":"","ocean_shortcode_before_top_bar":"","ocean_shortcode_after_top_bar":"","ocean_shortcode_before_header":"","ocean_shortcode_after_header":"","ocean_has_shortcode":"","ocean_shortcode_after_title":"","ocean_shortcode_before_footer_widgets":"","ocean_shortcode_after_footer_widgets":"","ocean_shortcode_before_footer_bottom":"","ocean_shortcode_after_footer_bottom":"","ocean_display_top_bar":"default","ocean_display_header":"default","ocean_header_style":"","ocean_center_header_left_menu":"","ocean_custom_header_template":"","ocean_custom_logo":0,"ocean_custom_retina_logo":0,"ocean_custom_logo_max_width":0,"ocean_custom_logo_tablet_max_width":0,"ocean_custom_logo_mobile_max_width":0,"ocean_custom_logo_max_height":0,"ocean_custom_logo_tablet_max_height":0,"ocean_custom_logo_mobile_max_height":0,"ocean_header_custom_menu":"","ocean_menu_typo_font_family":"","ocean_menu_typo_font_subset":"","ocean_menu_typo_font_size":0,"ocean_menu_typo_font_size_tablet":0,"ocean_menu_typo_font_size_mobile":0,"ocean_menu_typo_font_size_unit":"px","ocean_menu_typo_font_weight":"","ocean_menu_typo_font_weight_tablet":"","ocean_menu_typo_font_weight_mobile":"","ocean_menu_typo_transform":"","ocean_menu_typo_transform_tablet":"","ocean_menu_typo_transform_mobile":"","ocean_menu_typo_line_height":0,"ocean_menu_typo_line_height_tablet":0,"ocean_menu_typo_line_height_mobile":0,"ocean_menu_typo_line_height_unit":"","ocean_menu_typo_spacing":0,"ocean_menu_typo_spacing_tablet":0,"ocean_menu_typo_spacing_mobile":0,"ocean_menu_typo_spacing_unit":"","ocean_menu_link_color":"","ocean_menu_link_color_hover":"","ocean_menu_link_color_active":"","ocean_menu_link_background":"","ocean_menu_link_hover_background":"","ocean_menu_link_active_background":"","ocean_menu_social_links_bg":"","ocean_menu_social_hover_links_bg":"","ocean_menu_social_links_color":"","ocean_menu_social_hover_links_color":"","ocean_disable_title":"default","ocean_disable_heading":"default","ocean_post_title":"","ocean_post_subheading":"","ocean_post_title_style":"","ocean_post_title_background_color":"","ocean_post_title_background":0,"ocean_post_title_bg_image_position":"","ocean_post_title_bg_image_attachment":"","ocean_post_title_bg_image_repeat":"","ocean_post_title_bg_image_size":"","ocean_post_title_height":0,"ocean_post_title_bg_overlay":0.5,"ocean_post_title_bg_overlay_color":"","ocean_disable_breadcrumbs":"default","ocean_breadcrumbs_color":"","ocean_breadcrumbs_separator_color":"","ocean_breadcrumbs_links_color":"","ocean_breadcrumbs_links_hover_color":"","ocean_display_footer_widgets":"default","ocean_display_footer_bottom":"default","ocean_custom_footer_template":"","ocean_post_oembed":"","ocean_post_self_hosted_media":"","ocean_post_video_embed":"","ocean_link_format":"","ocean_link_format_target":"self","ocean_quote_format":"","ocean_quote_format_link":"post","ocean_gallery_link_images":"on","ocean_gallery_id":[],"footnotes":""},"categories":[63],"tags":[],"class_list":["post-15096","post","type-post","status-publish","format-standard","hentry","category-khaebaerlaer-az","entry"],"_links":{"self":[{"href":"https:\/\/mdu.edu.az\/ru\/wp-json\/wp\/v2\/posts\/15096","targetHints":{"allow":["GET"]}}],"collection":[{"href":"https:\/\/mdu.edu.az\/ru\/wp-json\/wp\/v2\/posts"}],"about":[{"href":"https:\/\/mdu.edu.az\/ru\/wp-json\/wp\/v2\/types\/post"}],"author":[{"embeddable":true,"href":"https:\/\/mdu.edu.az\/ru\/wp-json\/wp\/v2\/users\/1"}],"replies":[{"embeddable":true,"href":"https:\/\/mdu.edu.az\/ru\/wp-json\/wp\/v2\/comments?post=15096"}],"version-history":[{"count":0,"href":"https:\/\/mdu.edu.az\/ru\/wp-json\/wp\/v2\/posts\/15096\/revisions"}],"wp:attachment":[{"href":"https:\/\/mdu.edu.az\/ru\/wp-json\/wp\/v2\/media?parent=15096"}],"wp:term":[{"taxonomy":"category","embeddable":true,"href":"https:\/\/mdu.edu.az\/ru\/wp-json\/wp\/v2\/categories?post=15096"},{"taxonomy":"post_tag","embeddable":true,"href":"https:\/\/mdu.edu.az\/ru\/wp-json\/wp\/v2\/tags?post=15096"}],"curies":[{"name":"wp","href":"https:\/\/api.w.org\/{rel}","templated":true}]}}