{"id":15105,"date":"2020-01-31T23:14:51","date_gmt":"2020-01-31T20:14:51","guid":{"rendered":"https:\/\/mdu.edu.az\/minzh-evir-zh-ndzl-r-evi-sosial-khidm-t-m-ssis-sinin-t-kilat-l-minzh-evir-d-vl-t-universiteti-minzh-evir-h-r-zh-ndzl-r-v-idman-idar-si-minzh-evir-rezhional-asan-khidm-t-m-rk-zinin-t-r-fda-l-il-rezhion\/"},"modified":"2020-01-31T23:14:51","modified_gmt":"2020-01-31T20:14:51","slug":"minzh-evir-zh-ndzl-r-evi-sosial-khidm-t-m-ssis-sinin-t-kilat-l-minzh-evir-d-vl-t-universiteti-minzh-evir-h-r-zh-ndzl-r-v-idman-idar-si-minzh-evir-rezhional-asan-khidm-t-m-rk-zinin-t-r-fda-l-il-rezhion","status":"publish","type":"post","link":"https:\/\/mdu.edu.az\/ru\/minzh-evir-zh-ndzl-r-evi-sosial-khidm-t-m-ssis-sinin-t-kilat-l-minzh-evir-d-vl-t-universiteti-minzh-evir-h-r-zh-ndzl-r-v-idman-idar-si-minzh-evir-rezhional-asan-khidm-t-m-rk-zinin-t-r-fda-l-il-rezhion\/","title":{"rendered":"\u201cMing\u0259\u00e7evir G\u0259ncl\u0259r Evi\u201d Sosial Xidm\u0259t M\u00fc\u0259ssis\u0259sinin t\u0259\u015fkilat\u00e7\u0131l\u0131\u011f\u0131, Ming\u0259\u00e7evir D\u00f6vl\u0259t Universiteti, Ming\u0259\u00e7evir \u015f\u0259h\u0259r G\u0259ncl\u0259r v\u0259 \u0130dman \u0130dar\u0259si, Ming\u0259\u00e7evir Regional ASAN Xidm\u0259t M\u0259rk\u0259zinin t\u0259r\u0259fda\u015fl\u0131\u011f\u0131 il\u0259 \u201cRegion K\u00f6n\u00fcll\u00fcl\u0259rinin \u0130nki\u015faf Forumu\u201d ke\u00e7irilib"},"content":{"rendered":"<p style=\"margin-bottom: 0.0001pt; text-align: center; line-height: 15pt;\"><b><span style=\"font-size: 14pt; font-family: 'Times New Roman'; color: blue;\">&ldquo;Ming\u0259&ccedil;evir G\u0259ncl\u0259r Evi&rdquo; Sosial Xidm\u0259t M&uuml;\u0259ssis\u0259sinin t\u0259\u015fkilat&ccedil;\u0131l\u0131\u011f\u0131,<\/span><\/b><span style=\"font-size: 14pt; font-family: 'Times New Roman'; color: blue;\"> <\/span><b><span style=\"font-size: 14pt; font-family: 'Times New Roman'; color: blue;\">Ming\u0259&ccedil;evir D&ouml;vl\u0259t Universiteti, Ming\u0259&ccedil;evir \u015f\u0259h\u0259r G\u0259ncl\u0259r v\u0259 \u0130dman \u0130dar\u0259si, Ming\u0259&ccedil;evir Regional ASAN Xidm\u0259t M\u0259rk\u0259zinin t\u0259r\u0259fda\u015fl\u0131\u011f\u0131 il\u0259 &ldquo;Region K&ouml;n&uuml;ll&uuml;l\u0259rinin \u0130nki\u015faf Forumu&rdquo; ke&ccedil;irilib<\/span><\/b><\/p>\n<p style=\"margin-bottom: 0.0001pt; text-align: justify; text-indent: 26.95pt; line-height: 15pt;\"><b><span style=\"font-size: 12pt; font-family: 'Times New Roman';\">&nbsp;&nbsp;&nbsp;&nbsp;&nbsp;&nbsp;&nbsp;&nbsp;&nbsp;&nbsp;&nbsp;&nbsp;&nbsp;&nbsp;&nbsp;&nbsp;&nbsp;&nbsp;&nbsp;&nbsp;&nbsp;&nbsp;&nbsp;&nbsp;&nbsp;&nbsp;&nbsp;&nbsp;&nbsp;<\/span><\/b><\/p>\n<p style=\"margin-bottom: 0.0001pt; text-align: justify; text-indent: 26.95pt; line-height: 15pt;\"><b><span style=\"font-size: 12pt; font-family: 'Times New Roman';\">&nbsp;&nbsp;&nbsp; <\/span><\/b><\/p>\n<p style=\"margin-bottom: 0.0001pt; text-align: justify; text-indent: 26.95pt; line-height: 15pt;\"><span style=\"font-size: 12pt; font-family: 'Times New Roman'; color: #000000;\">Forumdan \u0259vv\u0259l g\u0259ncl\u0259r &Uuml;mummilli Lider Heyd\u0259r \u018fliyevin abid\u0259sini ziyar\u0259t edib, abid\u0259 qar\u015f\u0131s\u0131na g&uuml;l qoyaraq h&ouml;rm\u0259t v\u0259 ehtiramlar\u0131n\u0131 bildiribl\u0259r.<\/span><\/p>\n<p style=\"margin-bottom: 0.0001pt; text-align: justify; text-indent: 26.95pt; line-height: 15pt;\"><span style=\"font-size: 12pt; font-family: 'Times New Roman'; color: #000000;\">Forum Az\u0259rbaycan Respublikas\u0131n\u0131n D&ouml;vl\u0259t Himninin s\u0259sl\u0259ndirilm\u0259si il\u0259 ba\u015flay\u0131b. Daha sonra &ouml;lk\u0259mizin m&uuml;st\u0259qilliyi v\u0259 torpaqlar\u0131m\u0131z\u0131n m&uuml;dafi\u0259si u\u011frunda \u015e\u0259hid olan soyda\u015flar\u0131m\u0131z\u0131n xatir\u0259si bir d\u0259qiq\u0259lik s&uuml;kutla yad olunub.<\/span><\/p>\n<p style=\"margin-bottom: 0.0001pt; text-align: justify; text-indent: 26.95pt; line-height: 15pt;\"><span style=\"font-size: 12pt; font-family: 'Times New Roman'; color: #000000;\">Forumda Ming\u0259&ccedil;evir G\u0259ncl\u0259r Evi, Ming\u0259&ccedil;evir D&ouml;vl\u0259t Universiteti, Ming\u0259&ccedil;evir \u015f\u0259h\u0259r Regional ASAN Xidm\u0259t M\u0259rk\u0259zi, &ldquo;\u0130\u015f\u0131ql\u0131 G\u0259l\u0259c\u0259k&rdquo; G\u0130B (<a href=\"https:\/\/www.facebook.com\/ishiqligelecek\/?__tn__=K-y.g&amp;eid=ARDCpwLQXeX_mXgISyAU6mDXEOBVj7noA-utd9M7ywMs_H5yvtwCvwfkQbR5MFE3X6vvO2JEsqQoSM7f&amp;fref=mentions&amp;__xts__%5B0%5D=68.ARDoGmqHZiEqukadHZhkbSrdaZq0ZOUOQM-stQPrg6_pZjN8jg8IaSMR1nQYOb6pMop2KT3uPxZQa49utLf2NpMjsQrMJYUK__KL4esJJWBKnUFAxAnT-Bfh6Xi3M07_tpD_OzBUTEUpysSI5tgEOEHy-GRMZbpxk9Le4__K-Ql6PSUG9xIEJglBiotd6EH71S2vHMm_bvjQQWaESnfWwi6XCq1WdO9tzFlb3A4VPBv32_LBlcxnSq_5FoaAORHMN4Qo26ABChYNsjBQBI5rujTOSlXAglVR-F8MS9Q0_9wFBR6kT2cEkG9Y4aojmFEoZ2X3setmf0n6HGfr5XVBOd6HtURGsv9IZprzXOHKqtIQvb0XEYpE5gY\" style=\"color: #000000;\">\u0130\u015f\u0131ql\u0131 G\u0259l\u0259c\u0259k G\u0130B \/ Bright Future YPU<\/a>), &ldquo;Region K&ouml;n&uuml;ll&uuml;s&uuml;&rdquo; G\u0259ncl\u0259r H\u0259r\u0259kat\u0131n\u0131n k&ouml;n&uuml;ll&uuml;l\u0259ri, g\u0259ncl\u0259r v\u0259 mediya n&uuml;may\u0259nd\u0259l\u0259ri i\u015ftirak edib. Forumun moderatoru k&ouml;n&uuml;ll&uuml; v\u0259 qonaqlara &ldquo;Region K&ouml;n&uuml;ll&uuml;l\u0259rinin \u0130nki\u015faf Forumu&rdquo;nun t\u0259\u015fkilind\u0259 \u0259sas m\u0259qs\u0259din regionda k&ouml;n&uuml;ll&uuml;l\u0259r aras\u0131nda \u015f\u0259b\u0259k\u0259l\u0259\u015fm\u0259ni yax\u015f\u0131la\u015fd\u0131rmaq, k&ouml;n&uuml;ll&uuml;l\u0259rl\u0259 i\u015fi daha da t\u0259kmill\u0259\u015fdirm\u0259k oldu\u011funu bildirib. &ldquo;Region K&ouml;n&uuml;ll&uuml;s&uuml;&rdquo; G\u0259ncl\u0259r H\u0259r\u0259kat\u0131n\u0131n yarad\u0131lmas\u0131 t\u0259\u015f\u0259bb&uuml;s&uuml;, qar\u015f\u0131ya qoyulan m\u0259qs\u0259d v\u0259 v\u0259zif\u0259l\u0259r h\u0259m&ccedil;inin h\u0259r\u0259kata &uuml;zvl&uuml;kl\u0259 ba\u011fl\u0131 \u0259sas m\u0259qamlar\u0131 i\u015ftirak&ccedil;\u0131lar\u0131n diqq\u0259tin\u0259 &ccedil;atd\u0131r\u0131b.<\/span><\/p>\n<p style=\"margin-bottom: 0.0001pt; text-align: justify; text-indent: 26.95pt; line-height: 15pt;\"><span style=\"font-size: 12pt; font-family: 'Times New Roman'; color: #000000;\">Sonra is\u0259 &ldquo;Region K&ouml;n&uuml;ll&uuml;s&uuml;&rdquo; G\u0259ncl\u0259r H\u0259r\u0259kat\u0131n\u0131n t\u0259\u015fkilat&ccedil;\u0131l\u0131\u011f\u0131 il\u0259 h\u0259yata ke&ccedil;iril\u0259n v\u0259 g\u0259l\u0259c\u0259kd\u0259 ke&ccedil;irilm\u0259si n\u0259z\u0259rd\u0259 tutulan t\u0259dbirl\u0259rl\u0259 ba\u011fl\u0131 i\u015ftirak&ccedil;\u0131lar\u0131 m\u0259lumatland\u0131r\u0131b. Qeyd ed\u0259k ki, &ldquo;Region k&ouml;n&uuml;ll&uuml;s&uuml;&rdquo; g\u0259ncl\u0259r h\u0259r\u0259kat\u0131 Ming\u0259&ccedil;evir G\u0259ncl\u0259r Evinin t\u0259\u015f\u0259bb&uuml;s&uuml; il\u0259 bir qrup g\u0259nc t\u0259r\u0259find\u0259n formala\u015fd\u0131r\u0131l\u0131b. Burada \u0259sas m\u0259qs\u0259d regionlarda k&ouml;n&uuml;ll&uuml; f\u0259aliyy\u0259tinin t\u0259bli\u011f edilm\u0259si, yeni v\u0259 daha f\u0259rqli layih\u0259l\u0259rin, t\u0259lim proqramlar\u0131n\u0131n icra edilm\u0259sidir.<\/span><\/p>\n<p style=\"margin-bottom: 0.0001pt; text-align: justify; text-indent: 26.95pt; line-height: 15pt;\"><span style=\"font-size: 12pt; font-family: 'Times New Roman'; color: #000000;\">Daha sonra forum i\u015ftirak&ccedil;\u0131lar\u0131 2 fevral G\u0259ncl\u0259r G&uuml;n&uuml; il\u0259 \u0259laq\u0259dar Ming\u0259&ccedil;evir G\u0259ncl\u0259r Evi t\u0259r\u0259find\u0259n haz\u0131rlanan v\u0259 g\u0259ncl\u0259rin k&ouml;n&uuml;ll&uuml; f\u0259aliyy\u0259ti il\u0259 yana\u015f\u0131, xarici &ouml;lk\u0259l\u0259rd\u0259 ya\u015fayan g\u0259ncl\u0259rin Ming\u0259&ccedil;evir g\u0259ncl\u0259rin\u0259 t\u0259brikl\u0259rini &ouml;z&uuml;nd\u0259 birl\u0259\u015fdir\u0259n videoroliki izl\u0259yib. Forum moderator v\u0259 g\u0259ncl\u0259r t\u0259r\u0259find\u0259n spikerl\u0259r\u0259 &uuml;nvanlanan suallar\u0131n cavabland\u0131r\u0131lmas\u0131 il\u0259 davam edib.<\/span><\/p>\n<p style=\"margin-bottom: 0.0001pt; text-align: justify; text-indent: 26.95pt; line-height: 15pt;\"><span style=\"font-size: 12pt; font-family: 'Times New Roman'; color: #000000;\">Ming\u0259&ccedil;evir D&ouml;vl\u0259t Universitetinin rektoru \u015eahin Bayramov 2020-ci ilin &ldquo;K&ouml;n&uuml;ll&uuml;l\u0259r ili&rdquo; elan olunmas\u0131 il\u0259 ba\u011fl\u0131 b&uuml;t&uuml;n k&ouml;n&uuml;ll&uuml;l\u0259ri t\u0259brik edib, bu hadis\u0259ni k&ouml;n&uuml;ll&uuml;l\u0259r\u0259 v\u0259 onlar\u0131n \u0259m\u0259yin\u0259 veril\u0259n qiym\u0259t kimi d\u0259y\u0259rl\u0259ndirib. &Ouml;z k&ouml;n&uuml;ll&uuml;l&uuml;k f\u0259aliyy\u0259ti il\u0259 ba\u011fl\u0131 m\u0259qamlar\u0131 i\u015ftirak&ccedil;\u0131larla b&ouml;l&uuml;\u015f\u0259n \u015eahin Bayramov t\u0259hsil ald\u0131\u011f\u0131 m&uuml;dd\u0259t \u0259rzind\u0259 k&ouml;n&uuml;ll&uuml;l\u0259r &uuml;&ccedil;&uuml;n bu q\u0259d\u0259r geni\u015f imkanlar olmad\u0131\u011f\u0131n\u0131 qeyd edib. Xaricd\u0259 t\u0259hsil ald\u0131\u011f\u0131 zaman k&ouml;n&uuml;ll&uuml; kimi f\u0259aliyy\u0259t g&ouml;st\u0259rdiyini bildir\u0259n rektor &ouml;lk\u0259mizin tan\u0131d\u0131lmas\u0131na &ccedil;al\u0131\u015fd\u0131\u011f\u0131n\u0131 deyib. Ox\u015far v\u0259 f\u0259rqli m\u0259qamlardan dan\u0131\u015fan \u015eahin Bayramov bu g&uuml;n &ouml;lk\u0259mizd\u0259 k&ouml;n&uuml;ll&uuml; kimi f\u0259aliyy\u0259t g&ouml;st\u0259r\u0259n kifay\u0259t q\u0259d\u0259r g\u0259nc oldu\u011funu v\u0259 k&ouml;n&uuml;ll&uuml; f\u0259aliyy\u0259tin bir h\u0259r\u0259kat hal\u0131 ald\u0131\u011f\u0131n\u0131 bildirib, g\u0259ncl\u0259r\u0259 onlar &uuml;&ccedil;&uuml;n yarad\u0131lan imkanlardan maksimum \u015f\u0259kild\u0259 faydalanma\u011f\u0131 t&ouml;vsiy\u0259 edib.<\/span><\/p>\n<p style=\"margin-bottom: 0.0001pt; text-align: justify; text-indent: 26.95pt; line-height: 15pt;\"><span style=\"font-size: 12pt; font-family: 'Times New Roman'; color: #000000;\">Daha sonra &ccedil;\u0131x\u0131\u015f ed\u0259n Ming\u0259&ccedil;evir Regional ASAN Xidm\u0259t M\u0259rk\u0259zinin direktoru Elxan C\u0259f\u0259rov k&ouml;n&uuml;ll&uuml;l\u0259rin se&ccedil;imi zaman\u0131 nizam-intizaml\u0131, m\u0259suliyy\u0259tli, t\u0259\u015f\u0259bb&uuml;skar, diqq\u0259tcil, &ouml;yr\u0259nm\u0259y\u0259 h\u0259v\u0259sli v\u0259 inki\u015faf etm\u0259yi qar\u015f\u0131s\u0131na m\u0259qs\u0259d qoyan t\u0259l\u0259b\u0259 g\u0259ncl\u0259r\u0259 &uuml;st&uuml;nl&uuml;k verdikl\u0259rini bildirib: &ldquo;K&ouml;n&uuml;ll&uuml; f\u0259aliyy\u0259t g\u0259ncl\u0259r\u0259 g\u0259l\u0259c\u0259k karyera h\u0259yat\u0131ndak\u0131 g&ouml;zl\u0259ntil\u0259ri bilm\u0259y\u0259 f&uuml;rs\u0259t yarad\u0131r.&rdquo;<\/span><\/p>\n<p style=\"margin-bottom: 0.0001pt; text-align: justify; text-indent: 26.95pt; line-height: 15pt;\"><span style=\"font-size: 12pt; font-family: 'Times New Roman'; color: #000000;\">G\u0259ncl\u0259rin sual\u0131n\u0131 cavabland\u0131ran Ming\u0259&ccedil;evir \u015f\u0259h\u0259r G\u0259ncl\u0259r v\u0259 \u0130dman \u0130dar\u0259sinin r\u0259isi Kamal N\u0259c\u0259fli k&ouml;n&uuml;ll&uuml;l\u0259rin f\u0259aliyy\u0259tinin h\u0259m g\u0259ncl\u0259r, h\u0259m d\u0259 m\u0259rk\u0259z &uuml;&ccedil;&uuml;n olduqca faydal\u0131 oldu\u011funu s&ouml;yl\u0259yib. G\u0259ncl\u0259rin d&uuml;nyag&ouml;r&uuml;\u015f&uuml;, \u015f\u0259xsi inki\u015faf\u0131na t\u0259kan verm\u0259kl\u0259 yana\u015f\u0131, k&ouml;n&uuml;ll&uuml; \u0259m\u0259yinin m&uuml;\u0259ssis\u0259 \u0259m\u0259kda\u015flar\u0131n\u0131n i\u015fini asanla\u015fd\u0131rd\u0131\u011f\u0131n\u0131 dey\u0259n Kamal N\u0259c\u0259fli k&ouml;n&uuml;ll&uuml;l\u0259rin g&uuml;n \u0259rzind\u0259 f\u0259rqli insanlarla &uuml;nsiyy\u0259td\u0259 olduqlar\u0131n\u0131, bunun is\u0259 &uuml;nsiyy\u0259t bacar\u0131qlar\u0131n\u0131n formala\u015fmas\u0131na m&uuml;sb\u0259t t\u0259sir g&ouml;st\u0259rdiyini bildirib. Sosial probleml\u0259rin h\u0259llind\u0259 k&ouml;n&uuml;ll&uuml; f\u0259aliyy\u0259tin rolu il\u0259 ba\u011fl\u0131 g\u0259ncl\u0259rin sual\u0131n\u0131 cavabland\u0131ran G\u0259ncl\u0259r v\u0259 \u0130dman \u0130dar\u0259sinin r\u0259isi &ccedil;oxsayl\u0131 sosial layih\u0259l\u0259rin g\u0259ncl\u0259rin bilik v\u0259 bacar\u0131qlar\u0131n\u0131 art\u0131rmaqla yana\u015f\u0131, onlar\u0131n potensial\u0131n\u0131 &uuml;z\u0259 &ccedil;\u0131xarmaqda faydal\u0131 oldu\u011funu qeyd edib.<\/span><\/p>\n<p style=\"margin-bottom: 0.0001pt; text-align: justify; text-indent: 26.95pt; line-height: 15pt;\"><span style=\"font-size: 12pt; font-family: 'Times New Roman'; color: #000000;\">Ming\u0259&ccedil;evir G\u0259ncl\u0259r Evinin direktoru Tural K\u0259rimov &ouml;nc\u0259ki ill\u0259rl\u0259 m&uuml;qayis\u0259d\u0259 k&ouml;n&uuml;ll&uuml; f\u0259aliyy\u0259t sah\u0259sind\u0259 m&uuml;sb\u0259t m\u0259nada d\u0259yi\u015fiklikl\u0259rin oldu\u011funu bildirib. T\u0259l\u0259b\u0259 oldu\u011fu zaman g\u0259ncl\u0259rl\u0259 parklarda bir araya g\u0259l\u0259r\u0259k m&uuml;xt\u0259lif ideyalar &uuml;z\u0259rind\u0259 &ccedil;al\u0131\u015fd\u0131qlar\u0131n\u0131 dey\u0259n m&uuml;\u0259ssis\u0259nin direktoru bu layih\u0259l\u0259ri &ccedil;\u0259tinlikl\u0259 d\u0259 olsa, b&ouml;y&uuml;k sevinc hissi il\u0259 h\u0259yata ke&ccedil;irdikl\u0259rini bildirib. Bu g&uuml;n is\u0259 k&ouml;n&uuml;ll&uuml;l\u0259r &uuml;&ccedil;&uuml;n laz\u0131m\u0131 q\u0259d\u0259r \u015f\u0259rait yarad\u0131ld\u0131\u011f\u0131n\u0131, G\u0259ncl\u0259r Evl\u0259ri, m&uuml;xt\u0259lif qurumlar\u0131n k&ouml;n&uuml;ll&uuml;l\u0259rin f\u0259aliyy\u0259tin\u0259 daim d\u0259st\u0259k oldu\u011funu vur\u011fulay\u0131b. Tural K\u0259rimov 2020-ci il, m\u0259hz &ldquo;K&ouml;n&uuml;ll&uuml;l\u0259r ili&rdquo;nd\u0259 Ming\u0259&ccedil;evir G\u0259ncl\u0259r Evi olaraq k&ouml;n&uuml;ll&uuml;l\u0259r &uuml;&ccedil;&uuml;n yeni imkanlar yarad\u0131laca\u011f\u0131n\u0131 bildirib. Avropa K&ouml;n&uuml;ll&uuml;l&uuml;k Komissiyas\u0131na yenid\u0259n &uuml;zvl&uuml;kl\u0259 ba\u011fl\u0131 m&uuml;raci\u0259t olunaca\u011f\u0131n\u0131 dey\u0259n Tural K\u0259rimov qeydiyyat\u0131n t\u0259sdiql\u0259nm\u0259si il\u0259 yenid\u0259n Avropadan k&ouml;n&uuml;ll&uuml;l\u0259r q\u0259bul ed\u0259c\u0259kl\u0259rini, \u015f\u0259h\u0259rimizd\u0259 ya\u015fayan v\u0259 t\u0259hsil alan g\u0259ncl\u0259rin 1 aydan 1 il\u0259 kimi m&uuml;xt\u0259lif Avropa &ouml;lk\u0259l\u0259rind\u0259 k&ouml;n&uuml;ll&uuml; f\u0259aliyy\u0259t ke&ccedil;m\u0259k &uuml;&ccedil;&uuml;n g&ouml;nd\u0259ril\u0259c\u0259kl\u0259rini i\u015ftirak&ccedil;\u0131lar\u0131n diqq\u0259tin\u0259 &ccedil;atd\u0131r\u0131b.<\/span><\/p>\n<p style=\"margin-bottom: 0.0001pt; text-align: justify; text-indent: 26.95pt; line-height: 15pt;\"><span style=\"font-size: 12pt; font-family: 'Times New Roman'; color: #000000;\">Daha sonra forum i\u015ftirak&ccedil;\u0131lar\u0131n\u0131n fikirl\u0259ri dinl\u0259nilib. 2019-cu ilin ictimai f\u0259aliyy\u0259td\u0259 f\u0259rql\u0259n\u0259n \u0259n f\u0259al g\u0259ncl\u0259ri v\u0259 g\u0259ncl\u0259r t\u0259\u015fkilatlar\u0131 f\u0259xri f\u0259rmanlarla t\u0259ltif edilib.<\/span><\/p>\n<p style=\"text-align: justify;\"><span style=\"font-size: 12pt; line-height: 115%; font-family: 'Times New Roman'; color: #000000;\">&nbsp;&nbsp;&nbsp;&nbsp;&nbsp;&nbsp; Sonda Ming\u0259&ccedil;evir G\u0259ncl\u0259r Evinin direktoru Tural K\u0259rimov forum i\u015ftirak&ccedil;\u0131lar\u0131na &ouml;z t\u0259\u015f\u0259kk&uuml;r&uuml;n&uuml; bildirib, g\u0259l\u0259c\u0259k f\u0259aliyy\u0259tl\u0259rind\u0259 onlara u\u011furlar arzulay\u0131b. Bu g&uuml;n b&ouml;y&uuml;k bir \u0259m\u0259kda\u015fl\u0131\u011f\u0131n v\u0259 h\u0259r\u0259kat\u0131n \u0259sas\u0131n\u0131n qoyuldu\u011funu qeyd edib. Direktor forumun &ouml;z m&uuml;sb\u0259t n\u0259tic\u0259l\u0259rini q\u0131sa zamanda g&ouml;st\u0259r\u0259c\u0259yin\u0259 \u0259min oldu\u011funu bildirib. Forum xatir\u0259 \u015f\u0259klinin &ccedil;\u0259kilm\u0259si il\u0259 ba\u015fa &ccedil;at\u0131b.<\/span><\/p>\n<p>{phocagallery view=category|categoryid=312|limitstart=0|limitcount=0}<\/p>","protected":false},"excerpt":{"rendered":"<p>&ldquo;Ming\u0259&ccedil;evir G\u0259ncl\u0259r Evi&rdquo; Sosial Xidm\u0259t M&uuml;\u0259ssis\u0259sinin t\u0259\u015fkilat&ccedil;\u0131l\u0131\u011f\u0131, Ming\u0259&ccedil;evir D&ouml;vl\u0259t Universiteti, Ming\u0259&ccedil;evir \u015f\u0259h\u0259r G\u0259ncl\u0259r v\u0259 \u0130dman \u0130dar\u0259si, Ming\u0259&ccedil;evir Regional ASAN Xidm\u0259t M\u0259rk\u0259zinin t\u0259r\u0259fda\u015fl\u0131\u011f\u0131 il\u0259 &ldquo;Region K&ouml;n&uuml;ll&uuml;l\u0259rinin \u0130nki\u015faf Forumu&rdquo; ke&ccedil;irilib &nbsp;&nbsp;&nbsp;&nbsp;&nbsp;&nbsp;&nbsp;&nbsp;&nbsp;&nbsp;&nbsp;&nbsp;&nbsp;&nbsp;&nbsp;&nbsp;&nbsp;&nbsp;&nbsp;&nbsp;&nbsp;&nbsp;&nbsp;&nbsp;&nbsp;&nbsp;&nbsp;&nbsp;&nbsp; &nbsp;&nbsp;&nbsp; Forumdan \u0259vv\u0259l g\u0259ncl\u0259r &Uuml;mummilli Lider Heyd\u0259r \u018fliyevin abid\u0259sini ziyar\u0259t edib, abid\u0259 qar\u015f\u0131s\u0131na g&uuml;l qoyaraq h&ouml;rm\u0259t v\u0259 ehtiramlar\u0131n\u0131 bildiribl\u0259r. Forum Az\u0259rbaycan Respublikas\u0131n\u0131n D&ouml;vl\u0259t Himninin s\u0259sl\u0259ndirilm\u0259si il\u0259 [&hellip;]<\/p>\n","protected":false},"author":1,"featured_media":0,"comment_status":"open","ping_status":"open","sticky":false,"template":"","format":"standard","meta":{"_eb_attr":"","ocean_post_layout":"","ocean_both_sidebars_style":"","ocean_both_sidebars_content_width":0,"ocean_both_sidebars_sidebars_width":0,"ocean_sidebar":"","ocean_second_sidebar":"","ocean_disable_margins":"enable","ocean_add_body_class":"","ocean_shortcode_before_top_bar":"","ocean_shortcode_after_top_bar":"","ocean_shortcode_before_header":"","ocean_shortcode_after_header":"","ocean_has_shortcode":"","ocean_shortcode_after_title":"","ocean_shortcode_before_footer_widgets":"","ocean_shortcode_after_footer_widgets":"","ocean_shortcode_before_footer_bottom":"","ocean_shortcode_after_footer_bottom":"","ocean_display_top_bar":"default","ocean_display_header":"default","ocean_header_style":"","ocean_center_header_left_menu":"","ocean_custom_header_template":"","ocean_custom_logo":0,"ocean_custom_retina_logo":0,"ocean_custom_logo_max_width":0,"ocean_custom_logo_tablet_max_width":0,"ocean_custom_logo_mobile_max_width":0,"ocean_custom_logo_max_height":0,"ocean_custom_logo_tablet_max_height":0,"ocean_custom_logo_mobile_max_height":0,"ocean_header_custom_menu":"","ocean_menu_typo_font_family":"","ocean_menu_typo_font_subset":"","ocean_menu_typo_font_size":0,"ocean_menu_typo_font_size_tablet":0,"ocean_menu_typo_font_size_mobile":0,"ocean_menu_typo_font_size_unit":"px","ocean_menu_typo_font_weight":"","ocean_menu_typo_font_weight_tablet":"","ocean_menu_typo_font_weight_mobile":"","ocean_menu_typo_transform":"","ocean_menu_typo_transform_tablet":"","ocean_menu_typo_transform_mobile":"","ocean_menu_typo_line_height":0,"ocean_menu_typo_line_height_tablet":0,"ocean_menu_typo_line_height_mobile":0,"ocean_menu_typo_line_height_unit":"","ocean_menu_typo_spacing":0,"ocean_menu_typo_spacing_tablet":0,"ocean_menu_typo_spacing_mobile":0,"ocean_menu_typo_spacing_unit":"","ocean_menu_link_color":"","ocean_menu_link_color_hover":"","ocean_menu_link_color_active":"","ocean_menu_link_background":"","ocean_menu_link_hover_background":"","ocean_menu_link_active_background":"","ocean_menu_social_links_bg":"","ocean_menu_social_hover_links_bg":"","ocean_menu_social_links_color":"","ocean_menu_social_hover_links_color":"","ocean_disable_title":"default","ocean_disable_heading":"default","ocean_post_title":"","ocean_post_subheading":"","ocean_post_title_style":"","ocean_post_title_background_color":"","ocean_post_title_background":0,"ocean_post_title_bg_image_position":"","ocean_post_title_bg_image_attachment":"","ocean_post_title_bg_image_repeat":"","ocean_post_title_bg_image_size":"","ocean_post_title_height":0,"ocean_post_title_bg_overlay":0.5,"ocean_post_title_bg_overlay_color":"","ocean_disable_breadcrumbs":"default","ocean_breadcrumbs_color":"","ocean_breadcrumbs_separator_color":"","ocean_breadcrumbs_links_color":"","ocean_breadcrumbs_links_hover_color":"","ocean_display_footer_widgets":"default","ocean_display_footer_bottom":"default","ocean_custom_footer_template":"","ocean_post_oembed":"","ocean_post_self_hosted_media":"","ocean_post_video_embed":"","ocean_link_format":"","ocean_link_format_target":"self","ocean_quote_format":"","ocean_quote_format_link":"post","ocean_gallery_link_images":"on","ocean_gallery_id":[],"footnotes":""},"categories":[63],"tags":[],"class_list":["post-15105","post","type-post","status-publish","format-standard","hentry","category-khaebaerlaer-az","entry"],"_links":{"self":[{"href":"https:\/\/mdu.edu.az\/ru\/wp-json\/wp\/v2\/posts\/15105","targetHints":{"allow":["GET"]}}],"collection":[{"href":"https:\/\/mdu.edu.az\/ru\/wp-json\/wp\/v2\/posts"}],"about":[{"href":"https:\/\/mdu.edu.az\/ru\/wp-json\/wp\/v2\/types\/post"}],"author":[{"embeddable":true,"href":"https:\/\/mdu.edu.az\/ru\/wp-json\/wp\/v2\/users\/1"}],"replies":[{"embeddable":true,"href":"https:\/\/mdu.edu.az\/ru\/wp-json\/wp\/v2\/comments?post=15105"}],"version-history":[{"count":0,"href":"https:\/\/mdu.edu.az\/ru\/wp-json\/wp\/v2\/posts\/15105\/revisions"}],"wp:attachment":[{"href":"https:\/\/mdu.edu.az\/ru\/wp-json\/wp\/v2\/media?parent=15105"}],"wp:term":[{"taxonomy":"category","embeddable":true,"href":"https:\/\/mdu.edu.az\/ru\/wp-json\/wp\/v2\/categories?post=15105"},{"taxonomy":"post_tag","embeddable":true,"href":"https:\/\/mdu.edu.az\/ru\/wp-json\/wp\/v2\/tags?post=15105"}],"curies":[{"name":"wp","href":"https:\/\/api.w.org\/{rel}","templated":true}]}}