{"id":15125,"date":"2020-02-26T19:42:08","date_gmt":"2020-02-26T16:42:08","guid":{"rendered":"https:\/\/mdu.edu.az\/minzh-evir-d-vl-t-universitetind-khodzal-soyzh-r-m-il-lazh-dar-an-m-t-dbiri-ke-irilib\/"},"modified":"2020-02-26T19:42:08","modified_gmt":"2020-02-26T16:42:08","slug":"minzh-evir-d-vl-t-universitetind-khodzal-soyzh-r-m-il-lazh-dar-an-m-t-dbiri-ke-irilib","status":"publish","type":"post","link":"https:\/\/mdu.edu.az\/ru\/minzh-evir-d-vl-t-universitetind-khodzal-soyzh-r-m-il-lazh-dar-an-m-t-dbiri-ke-irilib\/","title":{"rendered":"Ming\u0259\u00e7evir D\u00f6vl\u0259t Universitetind\u0259  Xocal\u0131 soyq\u0131r\u0131m\u0131 il\u0259 \u0259laq\u0259dar an\u0131m t\u0259dbiri ke\u00e7irilib"},"content":{"rendered":"<p style=\"margin-bottom: 0.0001pt; text-align: center; line-height: 15pt;\"><b><span style=\"font-size: 14pt; font-family: 'Times New Roman', serif; color: #7030a0;\">Ming\u0259&ccedil;evir D&ouml;vl\u0259t Universitetind\u0259 <\/span><\/b><\/p>\n<p style=\"margin-bottom: 0.0001pt; text-align: center; line-height: 15pt;\"><b><span style=\"font-size: 14pt; font-family: 'Times New Roman', serif; color: #7030a0;\">Xocal\u0131 soyq\u0131r\u0131m\u0131 il\u0259 \u0259laq\u0259dar an\u0131m t\u0259dbiri ke&ccedil;irilib<\/span><\/b><\/p>\n<p>&nbsp;<\/p>\n<p style=\"margin-bottom: 0.0001pt; text-align: justify; text-indent: 1cm; line-height: 15pt;\"><span style=\"font-size: 12pt; font-family: 'Times New Roman', serif;\"><\/span><\/p>\n<p style=\"margin-bottom: 0.0001pt; text-indent: 1cm; line-height: 15pt; text-align: justify;\"><span style=\"font-size: 12pt; font-family: 'Times New Roman', serif; color: #000000;\">Ming\u0259&ccedil;evir D&ouml;vl\u0259t Universitetind\u0259 (MDU) Xocal\u0131 faci\u0259sinin 28-ci ild&ouml;n&uuml;m&uuml;n\u0259 h\u0259sr edilmi\u015f an\u0131m t\u0259dbiri ke&ccedil;irilib.<\/span><\/p>\n<p style=\"margin-bottom: 0.0001pt; text-indent: 1cm; line-height: 15pt; text-align: justify;\"><span style=\"font-size: 12pt; font-family: 'Times New Roman', serif; color: #000000;\">\u018fvv\u0259lc\u0259 t\u0259dbir i\u015ftirak&ccedil;\u0131lar\u0131 Xocal\u0131 \u015f\u0259hidl\u0259rinin \u0259ziz xatir\u0259sini bird\u0259qiq\u0259lik s&uuml;kutla yad edibl\u0259r.<\/span><\/p>\n<p style=\"margin-bottom: 0.0001pt; text-indent: 1cm; line-height: 15pt; text-align: justify;\"><span style=\"font-size: 12pt; font-family: 'Times New Roman', serif; color: #000000;\">MDU-nun rektoru \u015eahin Bayramov 1992-ci il fevral\u0131n 25-d\u0259n 26-na ke&ccedil;\u0259n gec\u0259 erm\u0259ni silahl\u0131 birl\u0259\u015fm\u0259l\u0259ri t\u0259r\u0259find\u0259n Xocal\u0131 \u015f\u0259h\u0259rinin i\u015f\u011fal olundu\u011funu v\u0259 Xocal\u0131da tarixd\u0259 g&ouml;r&uuml;nm\u0259mi\u015f genosid akt\u0131 t&ouml;r\u0259dildiyini bildirib. \u015e.Bayramov faci\u0259 n\u0259tic\u0259sind\u0259 613 n\u0259f\u0259rin x&uuml;susi amans\u0131zl\u0131qla q\u0259tl\u0259 yetirildiyini, onlardan 63 n\u0259f\u0259rinin u\u015faq, 106 n\u0259f\u0259rinin qad\u0131n v\u0259 70 n\u0259f\u0259rinin qoca oldu\u011funu, 8 ail\u0259nin is\u0259 tamamil\u0259 m\u0259hv edildiyini diqq\u0259t\u0259 &ccedil;atd\u0131r\u0131b. O bildirib ki, 25 u\u015fa\u011f\u0131n h\u0259r iki valideynini, 130 u\u015fa\u011f\u0131n is\u0259 bir valideynini itirdiyi h\u0259min gec\u0259 76-s\u0131 u\u015faq olmaqla 487 n\u0259f\u0259r yaralan\u0131b. Rektor x&uuml;susi vur\u011fulay\u0131b ki, q\u0259tliam gec\u0259si \u0259sir g&ouml;t&uuml;r&uuml;lm&uuml;\u015f 1275 n\u0259f\u0259rd\u0259n 150-si barad\u0259 bu g&uuml;n d\u0259 he&ccedil; bir m\u0259lumat yoxdur.<\/span><\/p>\n<p style=\"margin-bottom: 0.0001pt; text-indent: 1cm; line-height: 15pt; text-align: justify;\"><span style=\"font-size: 12pt; font-family: 'Times New Roman', serif; color: #000000;\">\u015e.Bayramov Az\u0259rbaycan\u0131n v\u0259 d&uuml;nyan\u0131n \u0259n q\u0259dim insan m\u0259sk\u0259nl\u0259rind\u0259n biri olan Xocal\u0131da ba\u015f vermi\u015f erm\u0259ni v\u0259h\u015filiyi zaman\u0131 he&ccedil; bir m&uuml;harib\u0259 qanunlar\u0131n\u0131n g&ouml;zl\u0259nilm\u0259diyini v\u0259 g&uuml;nahs\u0131z m&uuml;lki v\u0259t\u0259nda\u015flara qar\u015f\u0131 anoloqu olmayan amans\u0131zl\u0131\u011f\u0131n g&ouml;st\u0259rildiyini bildirib. O, Erm\u0259ni vandalizminin bariz n&uuml;mun\u0259si olan faci\u0259 n\u0259tic\u0259sind\u0259 Xocal\u0131-G\u0259d\u0259b\u0259y m\u0259d\u0259niyy\u0259tin\u0259 aid olan &ccedil;oxsayl\u0131 tarixi abid\u0259l\u0259rimizin m\u0259hv edildiyini diqq\u0259t\u0259 &ccedil;atd\u0131r\u0131b.<\/span><\/p>\n<p style=\"margin-bottom: 0.0001pt; text-indent: 1cm; line-height: 15pt; text-align: justify;\"><span style=\"color: #000000;\"><span style=\"font-size: 12pt; font-family: 'Times New Roman', serif;\">\u0420\u0435\u043a\u0442\u043e\u0440 <\/span><span style=\"font-size: 12pt; font-family: 'Times New Roman', serif;\">Xocal\u0131 faci\u0259sin\u0259 ilk d\u0259f\u0259 h&uuml;quqi v\u0259 siyasi qiym\u0259tin Az\u0259rbaycan xalq\u0131n\u0131n &uuml;mummilli lideri Heyd\u0259r \u018fliyev t\u0259r\u0259find\u0259n verildiyini bildirib. M\u0259hz ulu &ouml;nd\u0259rin say\u0259sind\u0259 faci\u0259nin \u0259sl s\u0259b\u0259bl\u0259ri v\u0259 g&uuml;nahkarlar\u0131 m&uuml;\u0259yy\u0259n edilmi\u015f v\u0259 d&uuml;nya ictimaiyy\u0259tin\u0259 &ccedil;atd\u0131r\u0131lm\u0131\u015fd\u0131r. Az\u0259rbaycan Respublikas\u0131n\u0131n Prezidenti c\u0259nab \u0130lham \u018fliyev t\u0259r\u0259find\u0259n h\u0259yata ke&ccedil;iril\u0259n u\u011furlu d&ouml;vl\u0259t siyas\u0259ti n\u0259tic\u0259sind\u0259 d&uuml;nyan\u0131n bir ne&ccedil;\u0259 &ouml;lk\u0259si Xocal\u0131 faci\u0259sini soyq\u0131r\u0131m olaraq tan\u0131m\u0131\u015fd\u0131r. \u015e.Bayramov &ouml;z &ccedil;\u0131x\u0131\u015f\u0131nda Xocal\u0131 h\u0259qiq\u0259tl\u0259rinin d&uuml;nya ictimaiyy\u0259tin\u0259 &ccedil;atd\u0131r\u0131lmas\u0131 sah\u0259sind\u0259 Az\u0259rbaycan Respublikas\u0131n\u0131n Birinci vitse-prezidenti Mehriban xan\u0131m \u018fliyevan\u0131n xidm\u0259tl\u0259rind\u0259n b\u0259hs edib. Rektor bu sah\u0259d\u0259 Heyd\u0259r \u018fliyev Fondunun vitse-prezidenti Leyla \u018fliyevan\u0131n t\u0259\u015f\u0259bb&uuml;s&uuml; il\u0259 rella\u015fd\u0131r\u0131lan &ldquo;Xocal\u0131ya \u0259dal\u0259t&rdquo; kampaniyas\u0131n\u0131n m&uuml;h&uuml;m \u0259h\u0259miyy\u0259t k\u0259sb etdiyini vur\u011fulay\u0131b.<\/span><\/span><\/p>\n<p style=\"margin-bottom: 0.0001pt; text-indent: 1cm; line-height: 15pt; text-align: justify;\"><span style=\"font-size: 12pt; font-family: 'Times New Roman', serif; color: #000000;\">Xocal\u0131da t&ouml;r\u0259dil\u0259n qanl\u0131 cinay\u0259tin c\u0259zas\u0131z qalmayaca\u011f\u0131na v\u0259 Xocal\u0131 da daxil olmaqla b&uuml;t&uuml;n tarixi Az\u0259rbaycan torpaqlar\u0131n\u0131n tezlikl\u0259 i\u015f\u011faldan azad olunaca\u011f\u0131na \u0259minliyini bildir\u0259n \u015e.Bayramov t\u0259l\u0259b\u0259-g\u0259ncl\u0259rin faci\u0259 bar\u0259d\u0259 m\u0259lumatland\u0131r\u0131lmas\u0131n\u0131n vacibiyini bildirib.<\/span><\/p>\n<p style=\"margin-bottom: 0.0001pt; text-indent: 1cm; line-height: 15pt; text-align: justify;\"><span style=\"font-size: 12pt; font-family: 'Times New Roman', serif; color: #000000;\">Sonra MDU-nun &ldquo;Humanitar f\u0259nl\u0259r&rdquo; kafedras\u0131n\u0131n m&uuml;\u0259llimi V&uuml;sal\u0259 M&ouml;vlayeva &ldquo;Xocal\u0131 faci\u0259sin\u0259 tarixi bax\u0131\u015f&rdquo;, dosent Namaz Manafov is\u0259 &ldquo;Xocal\u0131 faci\u0259si v\u0259 g\u0259ncl\u0259rin v\u0259t\u0259np\u0259rv\u0259rlik t\u0259rbiy\u0259si&rdquo; m&ouml;vzular\u0131nda m\u0259ruz\u0259l\u0259rl\u0259 &ccedil;\u0131x\u0131\u015f edibl\u0259r. M\u0259ruz\u0259l\u0259rd\u0259 faci\u0259nin s\u0259b\u0259bl\u0259ri v\u0259 n\u0259tic\u0259l\u0259ri, o d&ouml;vrd\u0259ki ictimai-siyasi v\u0259ziyy\u0259t, faci\u0259 bar\u0259d\u0259 d&uuml;nya tarix&ccedil;il\u0259rinin fikirl\u0259ri, faci\u0259d\u0259n \u0259ld\u0259 edilm\u0259li olan d\u0259rsl\u0259r, g\u0259ncl\u0259rin v\u0259t\u0259np\u0259rv\u0259rlik ruhunda t\u0259rbiy\u0259sinin vacibliyi v\u0259 dig\u0259r m\u0259s\u0259l\u0259l\u0259r bar\u0259d\u0259 \u0259trafl\u0131 m\u0259lumat verilib.<\/span><\/p>\n<p style=\"margin-bottom: 0.0001pt; text-indent: 1cm; line-height: 15pt; text-align: justify;\"><span style=\"color: #000000;\"><span style=\"font-size: 12pt; font-family: 'Times New Roman', serif; background: white none repeat scroll 0% 0%;\">T\u0259dbird\u0259 Xocal\u0131 faci\u0259sinin canl\u0131 \u015fahidi olmu\u015f 4 Xocal\u0131 sakini i\u015ftirak edib. H\u0259min gec\u0259 do\u011fmalar\u0131n\u0131 itirmi\u015f <\/span><span style=\"font-size: 12pt; font-family: 'Times New Roman', serif;\">S&uuml;leyman Xocal\u0131 v\u0259 Alim \u0130smay\u0131lov o m&uuml;dhi\u015f gec\u0259d\u0259 ba\u015f ver\u0259nl\u0259rd\u0259n<span style=\"background: white none repeat scroll 0% 0%;\"> v\u0259 erm\u0259nil\u0259rin t&ouml;r\u0259tdiyi v\u0259h\u015filikl\u0259rd\u0259n b\u0259hs edibl\u0259r. H\u0259r iki Xocal\u0131 sakininin &ccedil;\u0131x\u0131\u015f\u0131 faci\u0259nin \u0259sl mahiyy\u0259tini bir daha g&ouml;st\u0259rib v\u0259 t\u0259dbir i\u015ftirak&ccedil;\u0131lar\u0131n\u0131 t\u0259sirl\u0259ndirib.<\/span><\/span><\/span><\/p>\n<p style=\"margin-bottom: 0.0001pt; text-indent: 1cm; line-height: 15pt; text-align: justify;\"><span style=\"font-size: 12pt; font-family: 'Times New Roman', serif; background: white none repeat scroll 0% 0%; color: #000000;\">Daha sonra Xocal\u0131 soyq\u0131r\u0131m\u0131n\u0131 \u0259ks etdir\u0259n video&ccedil;arx n&uuml;mayi\u015f etdirilib. <\/span><\/p>\n<p style=\"text-align: justify;\"><span style=\"font-size: 12pt; line-height: 115%; font-family: 'Times New Roman', serif; background: white none repeat scroll 0% 0%; color: #000000;\">&nbsp;&nbsp;&nbsp;&nbsp; &nbsp; &nbsp; T\u0259dbirin sonunda t\u0259l\u0259b\u0259l\u0259rin ifas\u0131nda Xocal\u0131 faci\u0259sin\u0259 h\u0259sr olunmu\u015f \u0259d\u0259bi-b\u0259dii kompozisiya t\u0259qdim olunub.<\/span><\/p>\n<p>{phocagallery view=category|categoryid=329|limitstart=0|limitcount=0}<\/p>","protected":false},"excerpt":{"rendered":"<p>Ming\u0259&ccedil;evir D&ouml;vl\u0259t Universitetind\u0259 Xocal\u0131 soyq\u0131r\u0131m\u0131 il\u0259 \u0259laq\u0259dar an\u0131m t\u0259dbiri ke&ccedil;irilib &nbsp; Ming\u0259&ccedil;evir D&ouml;vl\u0259t Universitetind\u0259 (MDU) Xocal\u0131 faci\u0259sinin 28-ci ild&ouml;n&uuml;m&uuml;n\u0259 h\u0259sr edilmi\u015f an\u0131m t\u0259dbiri ke&ccedil;irilib. \u018fvv\u0259lc\u0259 t\u0259dbir i\u015ftirak&ccedil;\u0131lar\u0131 Xocal\u0131 \u015f\u0259hidl\u0259rinin \u0259ziz xatir\u0259sini bird\u0259qiq\u0259lik s&uuml;kutla yad edibl\u0259r. MDU-nun rektoru \u015eahin Bayramov 1992-ci il fevral\u0131n 25-d\u0259n 26-na ke&ccedil;\u0259n gec\u0259 erm\u0259ni silahl\u0131 birl\u0259\u015fm\u0259l\u0259ri t\u0259r\u0259find\u0259n Xocal\u0131 \u015f\u0259h\u0259rinin i\u015f\u011fal olundu\u011funu v\u0259 [&hellip;]<\/p>\n","protected":false},"author":1,"featured_media":0,"comment_status":"open","ping_status":"open","sticky":false,"template":"","format":"standard","meta":{"_eb_attr":"","ocean_post_layout":"","ocean_both_sidebars_style":"","ocean_both_sidebars_content_width":0,"ocean_both_sidebars_sidebars_width":0,"ocean_sidebar":"","ocean_second_sidebar":"","ocean_disable_margins":"enable","ocean_add_body_class":"","ocean_shortcode_before_top_bar":"","ocean_shortcode_after_top_bar":"","ocean_shortcode_before_header":"","ocean_shortcode_after_header":"","ocean_has_shortcode":"","ocean_shortcode_after_title":"","ocean_shortcode_before_footer_widgets":"","ocean_shortcode_after_footer_widgets":"","ocean_shortcode_before_footer_bottom":"","ocean_shortcode_after_footer_bottom":"","ocean_display_top_bar":"default","ocean_display_header":"default","ocean_header_style":"","ocean_center_header_left_menu":"","ocean_custom_header_template":"","ocean_custom_logo":0,"ocean_custom_retina_logo":0,"ocean_custom_logo_max_width":0,"ocean_custom_logo_tablet_max_width":0,"ocean_custom_logo_mobile_max_width":0,"ocean_custom_logo_max_height":0,"ocean_custom_logo_tablet_max_height":0,"ocean_custom_logo_mobile_max_height":0,"ocean_header_custom_menu":"","ocean_menu_typo_font_family":"","ocean_menu_typo_font_subset":"","ocean_menu_typo_font_size":0,"ocean_menu_typo_font_size_tablet":0,"ocean_menu_typo_font_size_mobile":0,"ocean_menu_typo_font_size_unit":"px","ocean_menu_typo_font_weight":"","ocean_menu_typo_font_weight_tablet":"","ocean_menu_typo_font_weight_mobile":"","ocean_menu_typo_transform":"","ocean_menu_typo_transform_tablet":"","ocean_menu_typo_transform_mobile":"","ocean_menu_typo_line_height":0,"ocean_menu_typo_line_height_tablet":0,"ocean_menu_typo_line_height_mobile":0,"ocean_menu_typo_line_height_unit":"","ocean_menu_typo_spacing":0,"ocean_menu_typo_spacing_tablet":0,"ocean_menu_typo_spacing_mobile":0,"ocean_menu_typo_spacing_unit":"","ocean_menu_link_color":"","ocean_menu_link_color_hover":"","ocean_menu_link_color_active":"","ocean_menu_link_background":"","ocean_menu_link_hover_background":"","ocean_menu_link_active_background":"","ocean_menu_social_links_bg":"","ocean_menu_social_hover_links_bg":"","ocean_menu_social_links_color":"","ocean_menu_social_hover_links_color":"","ocean_disable_title":"default","ocean_disable_heading":"default","ocean_post_title":"","ocean_post_subheading":"","ocean_post_title_style":"","ocean_post_title_background_color":"","ocean_post_title_background":0,"ocean_post_title_bg_image_position":"","ocean_post_title_bg_image_attachment":"","ocean_post_title_bg_image_repeat":"","ocean_post_title_bg_image_size":"","ocean_post_title_height":0,"ocean_post_title_bg_overlay":0.5,"ocean_post_title_bg_overlay_color":"","ocean_disable_breadcrumbs":"default","ocean_breadcrumbs_color":"","ocean_breadcrumbs_separator_color":"","ocean_breadcrumbs_links_color":"","ocean_breadcrumbs_links_hover_color":"","ocean_display_footer_widgets":"default","ocean_display_footer_bottom":"default","ocean_custom_footer_template":"","ocean_post_oembed":"","ocean_post_self_hosted_media":"","ocean_post_video_embed":"","ocean_link_format":"","ocean_link_format_target":"self","ocean_quote_format":"","ocean_quote_format_link":"post","ocean_gallery_link_images":"on","ocean_gallery_id":[],"footnotes":""},"categories":[63],"tags":[],"class_list":["post-15125","post","type-post","status-publish","format-standard","hentry","category-khaebaerlaer-az","entry"],"_links":{"self":[{"href":"https:\/\/mdu.edu.az\/ru\/wp-json\/wp\/v2\/posts\/15125","targetHints":{"allow":["GET"]}}],"collection":[{"href":"https:\/\/mdu.edu.az\/ru\/wp-json\/wp\/v2\/posts"}],"about":[{"href":"https:\/\/mdu.edu.az\/ru\/wp-json\/wp\/v2\/types\/post"}],"author":[{"embeddable":true,"href":"https:\/\/mdu.edu.az\/ru\/wp-json\/wp\/v2\/users\/1"}],"replies":[{"embeddable":true,"href":"https:\/\/mdu.edu.az\/ru\/wp-json\/wp\/v2\/comments?post=15125"}],"version-history":[{"count":0,"href":"https:\/\/mdu.edu.az\/ru\/wp-json\/wp\/v2\/posts\/15125\/revisions"}],"wp:attachment":[{"href":"https:\/\/mdu.edu.az\/ru\/wp-json\/wp\/v2\/media?parent=15125"}],"wp:term":[{"taxonomy":"category","embeddable":true,"href":"https:\/\/mdu.edu.az\/ru\/wp-json\/wp\/v2\/categories?post=15125"},{"taxonomy":"post_tag","embeddable":true,"href":"https:\/\/mdu.edu.az\/ru\/wp-json\/wp\/v2\/tags?post=15125"}],"curies":[{"name":"wp","href":"https:\/\/api.w.org\/{rel}","templated":true}]}}