{"id":15180,"date":"2020-04-08T13:33:33","date_gmt":"2020-04-08T10:33:33","guid":{"rendered":"https:\/\/mdu.edu.az\/minzh-evir-d-vl-t-universitetinin-rektoru-az-rbaydzan-radiosuna-m-sahib-verib\/"},"modified":"2020-04-08T13:33:33","modified_gmt":"2020-04-08T10:33:33","slug":"minzh-evir-d-vl-t-universitetinin-rektoru-az-rbaydzan-radiosuna-m-sahib-verib","status":"publish","type":"post","link":"https:\/\/mdu.edu.az\/ru\/minzh-evir-d-vl-t-universitetinin-rektoru-az-rbaydzan-radiosuna-m-sahib-verib\/","title":{"rendered":"Ming\u0259\u00e7evir D\u00f6vl\u0259t Universitetinin rektoru Az\u0259rbaycan Radiosuna m\u00fcsahib\u0259 verib"},"content":{"rendered":"<p style=\"text-align: center; line-height: 150%;\"><b><span style=\"font-size: 14pt; line-height: 150%; font-family: 'Arial', sans-serif; color: #0070c0;\">Ming\u0259&ccedil;evir D&ouml;vl\u0259t Universitetinin rektoru Az\u0259rbaycan Radiosuna m&uuml;sahib\u0259 verib<\/span><\/b><\/p>\n<p style=\"text-align: justify; text-indent: 27pt; line-height: 150%;\"><span style=\"font-family: 'Arial', sans-serif;\"><\/span><\/p>\n<p style=\"text-align: justify; text-indent: 26.95pt; line-height: 15pt;\"><span style=\"font-family: 'Arial', sans-serif; color: #000000;\">2020-ci ilin 8 aprel tarixind\u0259 Ming\u0259&ccedil;evir D&ouml;vl\u0259t Universitetinin (MDU) rektoru \u015eahin Bayramov Az\u0259rbaycan Radiosunun d\u0259v\u0259ti il\u0259 h\u0259min radionun s\u0259h\u0259r efirin\u0259 qo\u015fulub. \u015e.Bayramov karantin d&ouml;vr&uuml;nd\u0259 MDU-da t\u0259dris prosesinin t\u0259\u015fkili, t\u0259l\u0259b\u0259 v\u0259 m&uuml;\u0259lliml\u0259r aras\u0131nda g&uuml;nd\u0259lik kommunikasiyan\u0131n t\u0259min edilm\u0259si v\u0259 dig\u0259r m\u0259s\u0259l\u0259l\u0259r\u0259 dair suallar\u0131 cavabland\u0131r\u0131b.<\/span><\/p>\n<p style=\"text-align: justify; text-indent: 26.95pt; line-height: 15pt;\"><span style=\"font-family: 'Arial', sans-serif; color: #000000;\">\u015e.Bayramov m&ouml;vcud \u015f\u0259raitd\u0259 MDU-da t\u0259dris prosesinin m&uuml;asir informasiya-kommunikasiya texnologiyalar\u0131n\u0131n t\u0259tbiqi \u0259sas\u0131nda m\u0259saf\u0259d\u0259n t\u0259\u015fkil edildiyini bildirib. Bu istiqam\u0259td\u0259 Az\u0259rbaycan Respublikas\u0131n\u0131n T\u0259hsil Nazirliyinin m&uuml;vafiq d\u0259st\u0259yind\u0259n faydaland\u0131qlar\u0131n\u0131 qeyd ed\u0259n \u015e.Bayramov haz\u0131rda universitetd\u0259 d\u0259rsl\u0259rin &ldquo;ZOOM&rdquo; v\u0259 &ldquo;Microsoft Teams&rdquo; platformalar\u0131, el\u0259c\u0259 d\u0259 &ldquo;Videod\u0259rsl\u0259r&rdquo; metodu vasit\u0259sil\u0259 online v\u0259 offline rejimd\u0259 ke&ccedil;irilm\u0259sin\u0259 dair m\u0259lumat verib.<\/span><\/p>\n<p style=\"text-align: justify; text-indent: 26.95pt; line-height: 15pt;\"><span style=\"font-family: 'Arial', sans-serif; color: #000000;\">Rektor \u0259n\u0259n\u0259vi distant t\u0259hsil sah\u0259sind\u0259 beyn\u0259lxalq t\u0259cr&uuml;b\u0259 v\u0259 qlobal pandemiya il\u0259 m&uuml;bariz\u0259 \u015f\u0259raitind\u0259 distant t\u0259hsilin t\u0259tbiqi x&uuml;susiyy\u0259tl\u0259ri bar\u0259d\u0259 d\u0259 dan\u0131\u015f\u0131b.<\/span><\/p>\n<p style=\"text-align: justify; text-indent: 26.95pt; line-height: 15pt;\"><span style=\"font-family: 'Arial', sans-serif; color: #000000;\">\u015e.Bayramov \u015f\u0259h\u0259r r\u0259hb\u0259rliyi t\u0259r\u0259find\u0259n Ming\u0259&ccedil;evir \u015f\u0259h\u0259rind\u0259 koronavirusla m&uuml;bariz\u0259 sah\u0259sind\u0259 h\u0259yata ke&ccedil;iril\u0259n maarifl\u0259ndirm\u0259 v\u0259 dezinfeksiya t\u0259dbirl\u0259ri haqq\u0131nda da m\u0259lumat verib.<\/span><\/p>\n<p style=\"text-align: justify; text-indent: 27.35pt;\"><span style=\"font-family: 'Arial', sans-serif; color: #000000;\"><\/span><\/p>\n<p style=\"text-align: justify; text-indent: 27.35pt;\"><span style=\"color: #000000;\"><i><span style=\"font-family: 'Arial', sans-serif;\">P.S. M&uuml;sahib\u0259 vaxt\u0131 verili\u015fin apar\u0131c\u0131s\u0131 Az\u0259rbaycan Radiosuna m&uuml;raci\u0259t etmi\u015f Ming\u0259&ccedil;evir \u015f\u0259h\u0259rind\u0259n olan azt\u0259minatl\u0131 bir ail\u0259 bar\u0259d\u0259 m\u0259lumat verib. Efir bitdikd\u0259n d\u0259rhal sonra MDU-nun m&uuml;vafiq \u0259m\u0259kda\u015flar\u0131 h\u0259min ail\u0259y\u0259 <\/span><\/i><i><span style=\"font-family: 'Arial', sans-serif; background: white none repeat scroll 0% 0%;\">z\u0259ruri \u0259rzaq m\u0259hsullar\u0131ndan ibar\u0259t sovqat &ccedil;atd\u0131r\u0131blar. D&ouml;vl\u0259t t\u0259r\u0259find\u0259n veril\u0259c\u0259k sosial d\u0259st\u0259k &uuml;&ccedil;&uuml;n m&uuml;vafiq m&uuml;raci\u0259t etm\u0259sind\u0259 ail\u0259y\u0259 k&ouml;m\u0259k g&ouml;st\u0259ril\u0259c\u0259k.<\/span><\/i><\/span><i><\/i><\/p>","protected":false},"excerpt":{"rendered":"<p>Ming\u0259&ccedil;evir D&ouml;vl\u0259t Universitetinin rektoru Az\u0259rbaycan Radiosuna m&uuml;sahib\u0259 verib 2020-ci ilin 8 aprel tarixind\u0259 Ming\u0259&ccedil;evir D&ouml;vl\u0259t Universitetinin (MDU) rektoru \u015eahin Bayramov Az\u0259rbaycan Radiosunun d\u0259v\u0259ti il\u0259 h\u0259min radionun s\u0259h\u0259r efirin\u0259 qo\u015fulub. \u015e.Bayramov karantin d&ouml;vr&uuml;nd\u0259 MDU-da t\u0259dris prosesinin t\u0259\u015fkili, t\u0259l\u0259b\u0259 v\u0259 m&uuml;\u0259lliml\u0259r aras\u0131nda g&uuml;nd\u0259lik kommunikasiyan\u0131n t\u0259min edilm\u0259si v\u0259 dig\u0259r m\u0259s\u0259l\u0259l\u0259r\u0259 dair suallar\u0131 cavabland\u0131r\u0131b. \u015e.Bayramov m&ouml;vcud \u015f\u0259raitd\u0259 MDU-da t\u0259dris [&hellip;]<\/p>\n","protected":false},"author":1,"featured_media":0,"comment_status":"open","ping_status":"open","sticky":false,"template":"","format":"standard","meta":{"_eb_attr":"","ocean_post_layout":"","ocean_both_sidebars_style":"","ocean_both_sidebars_content_width":0,"ocean_both_sidebars_sidebars_width":0,"ocean_sidebar":"","ocean_second_sidebar":"","ocean_disable_margins":"enable","ocean_add_body_class":"","ocean_shortcode_before_top_bar":"","ocean_shortcode_after_top_bar":"","ocean_shortcode_before_header":"","ocean_shortcode_after_header":"","ocean_has_shortcode":"","ocean_shortcode_after_title":"","ocean_shortcode_before_footer_widgets":"","ocean_shortcode_after_footer_widgets":"","ocean_shortcode_before_footer_bottom":"","ocean_shortcode_after_footer_bottom":"","ocean_display_top_bar":"default","ocean_display_header":"default","ocean_header_style":"","ocean_center_header_left_menu":"","ocean_custom_header_template":"","ocean_custom_logo":0,"ocean_custom_retina_logo":0,"ocean_custom_logo_max_width":0,"ocean_custom_logo_tablet_max_width":0,"ocean_custom_logo_mobile_max_width":0,"ocean_custom_logo_max_height":0,"ocean_custom_logo_tablet_max_height":0,"ocean_custom_logo_mobile_max_height":0,"ocean_header_custom_menu":"","ocean_menu_typo_font_family":"","ocean_menu_typo_font_subset":"","ocean_menu_typo_font_size":0,"ocean_menu_typo_font_size_tablet":0,"ocean_menu_typo_font_size_mobile":0,"ocean_menu_typo_font_size_unit":"px","ocean_menu_typo_font_weight":"","ocean_menu_typo_font_weight_tablet":"","ocean_menu_typo_font_weight_mobile":"","ocean_menu_typo_transform":"","ocean_menu_typo_transform_tablet":"","ocean_menu_typo_transform_mobile":"","ocean_menu_typo_line_height":0,"ocean_menu_typo_line_height_tablet":0,"ocean_menu_typo_line_height_mobile":0,"ocean_menu_typo_line_height_unit":"","ocean_menu_typo_spacing":0,"ocean_menu_typo_spacing_tablet":0,"ocean_menu_typo_spacing_mobile":0,"ocean_menu_typo_spacing_unit":"","ocean_menu_link_color":"","ocean_menu_link_color_hover":"","ocean_menu_link_color_active":"","ocean_menu_link_background":"","ocean_menu_link_hover_background":"","ocean_menu_link_active_background":"","ocean_menu_social_links_bg":"","ocean_menu_social_hover_links_bg":"","ocean_menu_social_links_color":"","ocean_menu_social_hover_links_color":"","ocean_disable_title":"default","ocean_disable_heading":"default","ocean_post_title":"","ocean_post_subheading":"","ocean_post_title_style":"","ocean_post_title_background_color":"","ocean_post_title_background":0,"ocean_post_title_bg_image_position":"","ocean_post_title_bg_image_attachment":"","ocean_post_title_bg_image_repeat":"","ocean_post_title_bg_image_size":"","ocean_post_title_height":0,"ocean_post_title_bg_overlay":0.5,"ocean_post_title_bg_overlay_color":"","ocean_disable_breadcrumbs":"default","ocean_breadcrumbs_color":"","ocean_breadcrumbs_separator_color":"","ocean_breadcrumbs_links_color":"","ocean_breadcrumbs_links_hover_color":"","ocean_display_footer_widgets":"default","ocean_display_footer_bottom":"default","ocean_custom_footer_template":"","ocean_post_oembed":"","ocean_post_self_hosted_media":"","ocean_post_video_embed":"","ocean_link_format":"","ocean_link_format_target":"self","ocean_quote_format":"","ocean_quote_format_link":"post","ocean_gallery_link_images":"on","ocean_gallery_id":[],"footnotes":""},"categories":[63],"tags":[],"class_list":["post-15180","post","type-post","status-publish","format-standard","hentry","category-khaebaerlaer-az","entry"],"_links":{"self":[{"href":"https:\/\/mdu.edu.az\/ru\/wp-json\/wp\/v2\/posts\/15180","targetHints":{"allow":["GET"]}}],"collection":[{"href":"https:\/\/mdu.edu.az\/ru\/wp-json\/wp\/v2\/posts"}],"about":[{"href":"https:\/\/mdu.edu.az\/ru\/wp-json\/wp\/v2\/types\/post"}],"author":[{"embeddable":true,"href":"https:\/\/mdu.edu.az\/ru\/wp-json\/wp\/v2\/users\/1"}],"replies":[{"embeddable":true,"href":"https:\/\/mdu.edu.az\/ru\/wp-json\/wp\/v2\/comments?post=15180"}],"version-history":[{"count":0,"href":"https:\/\/mdu.edu.az\/ru\/wp-json\/wp\/v2\/posts\/15180\/revisions"}],"wp:attachment":[{"href":"https:\/\/mdu.edu.az\/ru\/wp-json\/wp\/v2\/media?parent=15180"}],"wp:term":[{"taxonomy":"category","embeddable":true,"href":"https:\/\/mdu.edu.az\/ru\/wp-json\/wp\/v2\/categories?post=15180"},{"taxonomy":"post_tag","embeddable":true,"href":"https:\/\/mdu.edu.az\/ru\/wp-json\/wp\/v2\/tags?post=15180"}],"curies":[{"name":"wp","href":"https:\/\/api.w.org\/{rel}","templated":true}]}}