{"id":15189,"date":"2020-04-10T20:32:22","date_gmt":"2020-04-10T17:32:22","guid":{"rendered":"https:\/\/mdu.edu.az\/minzh-evir-d-vl-t-universitetind-elm-zh-n-n-h-sr-edilmi-virtual-elmi-konfrans-ke-irilib\/"},"modified":"2020-04-10T20:32:22","modified_gmt":"2020-04-10T17:32:22","slug":"minzh-evir-d-vl-t-universitetind-elm-zh-n-n-h-sr-edilmi-virtual-elmi-konfrans-ke-irilib","status":"publish","type":"post","link":"https:\/\/mdu.edu.az\/ru\/minzh-evir-d-vl-t-universitetind-elm-zh-n-n-h-sr-edilmi-virtual-elmi-konfrans-ke-irilib\/","title":{"rendered":"Ming\u0259\u00e7evir D\u00f6vl\u0259t Universitetind\u0259 \u201cElm G\u00fcn\u00fc\u201dn\u0259 h\u0259sr edilmi\u015f  virtual elmi konfrans ke\u00e7irilib"},"content":{"rendered":"<p style=\"margin-bottom: 0.0001pt; text-align: center; line-height: 115%;\"><b><span style=\"font-size: 14pt; line-height: 115%; font-family: 'Arial', sans-serif; color: #0000cc;\">Ming\u0259&ccedil;evir D&ouml;vl\u0259t Universitetind\u0259 &ldquo;Elm G&uuml;n&uuml;&rdquo;n\u0259 h\u0259sr edilmi\u015f <\/span><\/b><\/p>\n<p style=\"margin-bottom: 0.0001pt; text-align: center; line-height: 115%;\"><b><span style=\"font-size: 14pt; line-height: 115%; font-family: 'Arial', sans-serif; color: #0000cc;\">virtual elmi konfrans ke&ccedil;irilib <\/span><\/b><\/p>\n<p>&nbsp;<\/p>\n<p style=\"margin-bottom: 0.0001pt; text-align: justify; text-indent: 1cm; line-height: 115%;\"><span style=\"font-size: 14pt; line-height: 115%; font-family: 'Arial', sans-serif; color: black;\"><\/span><\/p>\n<p style=\"margin-bottom: 0.0001pt; text-align: justify; text-indent: 1cm; line-height: 115%;\"><span style=\"font-size: 12pt; line-height: 115%; font-family: 'Arial', sans-serif; color: black;\">2020-ci ilin 10 aprel tarixind\u0259 Ming\u0259&ccedil;evir D&ouml;vl\u0259t Universiteti (MDU) Pedaqoji fak&uuml;lt\u0259sinin T\u0259l\u0259b\u0259 Elmi C\u0259miyy\u0259tinin virtual elmi konfrans\u0131 ke&ccedil;irilib.<\/span><\/p>\n<p style=\"margin-bottom: 0.0001pt; text-align: justify; text-indent: 1cm; line-height: 115%;\"><span style=\"font-size: 12pt; line-height: 115%; font-family: 'Arial', sans-serif; color: black;\">&ldquo;Elm G&uuml;n&uuml;&rdquo;n\u0259 h\u0259sr edilmi\u015f Konfrans\u0131n a&ccedil;\u0131l\u0131\u015f\u0131nda &ccedil;\u0131x\u0131\u015f ed\u0259n MDU-nun rektoru \u015eahin Bayramov karantin d&ouml;vr&uuml;nd\u0259 universitet \u0259m\u0259kda\u015flar\u0131n\u0131n v\u0259 t\u0259l\u0259b\u0259l\u0259rinin elmi f\u0259aliyy\u0259tinin davam etdirilm\u0259sinin vacibliyini qeyd edib. Az\u0259rbaycan Respublikas\u0131n\u0131n Prezidenti c\u0259nab \u0130lham \u018fliyev t\u0259r\u0259find\u0259n &ouml;lk\u0259mizd\u0259 elmin inki\u015faf\u0131na x&uuml;susi &ouml;n\u0259m verildiyini bildir\u0259n \u015e.Bayramov ali t\u0259hsilin m\u0259zmununda elmi t\u0259dqiqatlara m&uuml;h&uuml;m yer verilm\u0259sinin \u0259h\u0259miyy\u0259ttind\u0259n dan\u0131\u015f\u0131b. Konfrans\u0131n t\u0259\u015fkilind\u0259 \u0259m\u0259yi olan \u0259m\u0259kda\u015flara v\u0259 t\u0259l\u0259b\u0259l\u0259rin elmi r\u0259hb\u0259rl\u0259rin\u0259 t\u0259\u015f\u0259kk&uuml;r ed\u0259n \u015e.Bayramov m\u0259ruz\u0259 il\u0259 &ccedil;\u0131x\u0131\u015f ed\u0259c\u0259k t\u0259l\u0259b\u0259l\u0259r\u0259 u\u011furlar arzulay\u0131b v\u0259 h\u0259r k\u0259si evd\u0259 qalmaqda davam etm\u0259y\u0259 &ccedil;a\u011f\u0131r\u0131b.<\/span><\/p>\n<p style=\"margin-bottom: 0.0001pt; text-align: justify; text-indent: 1cm; line-height: 115%;\"><span style=\"font-size: 12pt; line-height: 115%; font-family: 'Arial', sans-serif; color: black;\">Pedaqoji fakult\u0259nin dekan\u0131 Nizami Zeynalov ilk d\u0259f\u0259 olaraq virtual formatda ke&ccedil;iril\u0259n fakult\u0259 T\u0259l\u0259b\u0259 Elmi C\u0259miyy\u0259ti Konfrans\u0131nda 80-d\u0259n art\u0131q t\u0259l\u0259b\u0259 v\u0259 m&uuml;\u0259llimin i\u015ftirak etdiyini bildirib. Konfrans\u0131n proqram\u0131 haqq\u0131nda m\u0259lumat ver\u0259n N.Zeynalov dinl\u0259nil\u0259c\u0259k m\u0259ruz\u0259l\u0259rin aktuall\u0131\u011f\u0131ndan b\u0259hs edib.<\/span><\/p>\n<p style=\"margin-bottom: 0.0001pt; text-align: justify; text-indent: 1cm; line-height: 115%;\"><span style=\"font-size: 12pt; line-height: 115%; font-family: 'Arial', sans-serif; color: black;\">Sonra Konfransda m\u0259ruz\u0259l\u0259r dinl\u0259nilib. Pedaqoji fakult\u0259nin t\u0259l\u0259b\u0259l\u0259rind\u0259n Ayt\u0259n Ba\u011f\u0131rzad\u0259 &ldquo;Co\u011frafi adlar m\u0259n\u0259vi s\u0259rv\u0259timizdir. L\u0259l\u0259t\u0259p\u0259.&rdquo; m&ouml;vzusunda (Elmi r\u0259hb\u0259r: dos. Namaz Manafov), <\/span><span style=\"font-size: 12pt; line-height: 115%; font-family: 'Arial', sans-serif; color: black;\">V\u0259fa Mustafazad\u0259<\/span><span style=\"font-size: 12pt; line-height: 115%; font-family: 'Arial', sans-serif; color: black;\"> &ldquo;K&ouml;n&uuml;ll&uuml;l&uuml;k h\u0259r\u0259kat\u0131na tarixi bax\u0131\u015f&rdquo; m&ouml;vzusunda (Elmi r\u0259hb\u0259r: b.m. M\u0259tan\u0259t Yusifova), Leyla Verdizad\u0259 &ldquo;Triqonometrik b\u0259rab\u0259rsizlikl\u0259rin h\u0259llind\u0259 qar\u015f\u0131ya &ccedil;\u0131xan probleml\u0259r&rdquo; m&ouml;vzusunda (Elmi r\u0259hb\u0259r: Mehpar\u0259 M\u0259mm\u0259dova), G&uuml;nay \u018fhm\u0259dova &ldquo;M&uuml;\u0259llim-\u015fagird, t\u0259rbiy\u0259&ccedil;i-u\u015faq \u015f\u0259xsiyy\u0259ti pedaqoji ustal\u0131\u011f\u0131n vasit\u0259si kimi&rdquo; m&ouml;vzusunda (Elmi r\u0259hb\u0259r: Sevinc S\u0259m\u0259dova), &Uuml;lviyy\u0259 Edilxanova &ldquo;Qafqaz xalqlar\u0131 arxeoloji v\u0259 antropoloji t\u0259dqiqatlarda&rdquo; m&ouml;vzusunda (Elmi r\u0259hb\u0259r: Ayg&uuml;n Q\u0259dirova) v\u0259 Sevinc S&uuml;leymanl\u0131 &ldquo;\u0130ngilis s&ouml;zl\u0259rinin sosial \u015f\u0259b\u0259k\u0259l\u0259rd\u0259 istifad\u0259sinin \u0259h\u0259miyy\u0259ti&rdquo; m&ouml;vzusunda (Elmi r\u0259hb\u0259r: D&uuml;rdan\u0259 Qurbanova) m\u0259ruz\u0259l\u0259rl\u0259 &ccedil;\u0131x\u0131\u015f edibl\u0259r.<\/span><\/p>\n<p style=\"margin-bottom: 0.0001pt; text-align: justify; text-indent: 1cm; line-height: 115%;\"><span style=\"font-size: 12pt; line-height: 115%; font-family: 'Arial', sans-serif; color: black;\">Konfrans i\u015ftirak&ccedil;\u0131lar\u0131 t\u0259r\u0259find\u0259n maraqla qar\u015f\u0131lan m\u0259ruz\u0259l\u0259r \u0259traf\u0131nda m&uuml;zakir\u0259l\u0259r apar\u0131l\u0131b.<\/span><\/p>\n<p>{phocagallery view=category|categoryid=351|limitstart=0|limitcount=0}<\/p>","protected":false},"excerpt":{"rendered":"<p>Ming\u0259&ccedil;evir D&ouml;vl\u0259t Universitetind\u0259 &ldquo;Elm G&uuml;n&uuml;&rdquo;n\u0259 h\u0259sr edilmi\u015f virtual elmi konfrans ke&ccedil;irilib &nbsp; 2020-ci ilin 10 aprel tarixind\u0259 Ming\u0259&ccedil;evir D&ouml;vl\u0259t Universiteti (MDU) Pedaqoji fak&uuml;lt\u0259sinin T\u0259l\u0259b\u0259 Elmi C\u0259miyy\u0259tinin virtual elmi konfrans\u0131 ke&ccedil;irilib. &ldquo;Elm G&uuml;n&uuml;&rdquo;n\u0259 h\u0259sr edilmi\u015f Konfrans\u0131n a&ccedil;\u0131l\u0131\u015f\u0131nda &ccedil;\u0131x\u0131\u015f ed\u0259n MDU-nun rektoru \u015eahin Bayramov karantin d&ouml;vr&uuml;nd\u0259 universitet \u0259m\u0259kda\u015flar\u0131n\u0131n v\u0259 t\u0259l\u0259b\u0259l\u0259rinin elmi f\u0259aliyy\u0259tinin davam etdirilm\u0259sinin vacibliyini qeyd edib. [&hellip;]<\/p>\n","protected":false},"author":1,"featured_media":0,"comment_status":"open","ping_status":"open","sticky":false,"template":"","format":"standard","meta":{"_eb_attr":"","ocean_post_layout":"","ocean_both_sidebars_style":"","ocean_both_sidebars_content_width":0,"ocean_both_sidebars_sidebars_width":0,"ocean_sidebar":"","ocean_second_sidebar":"","ocean_disable_margins":"enable","ocean_add_body_class":"","ocean_shortcode_before_top_bar":"","ocean_shortcode_after_top_bar":"","ocean_shortcode_before_header":"","ocean_shortcode_after_header":"","ocean_has_shortcode":"","ocean_shortcode_after_title":"","ocean_shortcode_before_footer_widgets":"","ocean_shortcode_after_footer_widgets":"","ocean_shortcode_before_footer_bottom":"","ocean_shortcode_after_footer_bottom":"","ocean_display_top_bar":"default","ocean_display_header":"default","ocean_header_style":"","ocean_center_header_left_menu":"","ocean_custom_header_template":"","ocean_custom_logo":0,"ocean_custom_retina_logo":0,"ocean_custom_logo_max_width":0,"ocean_custom_logo_tablet_max_width":0,"ocean_custom_logo_mobile_max_width":0,"ocean_custom_logo_max_height":0,"ocean_custom_logo_tablet_max_height":0,"ocean_custom_logo_mobile_max_height":0,"ocean_header_custom_menu":"","ocean_menu_typo_font_family":"","ocean_menu_typo_font_subset":"","ocean_menu_typo_font_size":0,"ocean_menu_typo_font_size_tablet":0,"ocean_menu_typo_font_size_mobile":0,"ocean_menu_typo_font_size_unit":"px","ocean_menu_typo_font_weight":"","ocean_menu_typo_font_weight_tablet":"","ocean_menu_typo_font_weight_mobile":"","ocean_menu_typo_transform":"","ocean_menu_typo_transform_tablet":"","ocean_menu_typo_transform_mobile":"","ocean_menu_typo_line_height":0,"ocean_menu_typo_line_height_tablet":0,"ocean_menu_typo_line_height_mobile":0,"ocean_menu_typo_line_height_unit":"","ocean_menu_typo_spacing":0,"ocean_menu_typo_spacing_tablet":0,"ocean_menu_typo_spacing_mobile":0,"ocean_menu_typo_spacing_unit":"","ocean_menu_link_color":"","ocean_menu_link_color_hover":"","ocean_menu_link_color_active":"","ocean_menu_link_background":"","ocean_menu_link_hover_background":"","ocean_menu_link_active_background":"","ocean_menu_social_links_bg":"","ocean_menu_social_hover_links_bg":"","ocean_menu_social_links_color":"","ocean_menu_social_hover_links_color":"","ocean_disable_title":"default","ocean_disable_heading":"default","ocean_post_title":"","ocean_post_subheading":"","ocean_post_title_style":"","ocean_post_title_background_color":"","ocean_post_title_background":0,"ocean_post_title_bg_image_position":"","ocean_post_title_bg_image_attachment":"","ocean_post_title_bg_image_repeat":"","ocean_post_title_bg_image_size":"","ocean_post_title_height":0,"ocean_post_title_bg_overlay":0.5,"ocean_post_title_bg_overlay_color":"","ocean_disable_breadcrumbs":"default","ocean_breadcrumbs_color":"","ocean_breadcrumbs_separator_color":"","ocean_breadcrumbs_links_color":"","ocean_breadcrumbs_links_hover_color":"","ocean_display_footer_widgets":"default","ocean_display_footer_bottom":"default","ocean_custom_footer_template":"","ocean_post_oembed":"","ocean_post_self_hosted_media":"","ocean_post_video_embed":"","ocean_link_format":"","ocean_link_format_target":"self","ocean_quote_format":"","ocean_quote_format_link":"post","ocean_gallery_link_images":"on","ocean_gallery_id":[],"footnotes":""},"categories":[63],"tags":[],"class_list":["post-15189","post","type-post","status-publish","format-standard","hentry","category-khaebaerlaer-az","entry"],"_links":{"self":[{"href":"https:\/\/mdu.edu.az\/ru\/wp-json\/wp\/v2\/posts\/15189","targetHints":{"allow":["GET"]}}],"collection":[{"href":"https:\/\/mdu.edu.az\/ru\/wp-json\/wp\/v2\/posts"}],"about":[{"href":"https:\/\/mdu.edu.az\/ru\/wp-json\/wp\/v2\/types\/post"}],"author":[{"embeddable":true,"href":"https:\/\/mdu.edu.az\/ru\/wp-json\/wp\/v2\/users\/1"}],"replies":[{"embeddable":true,"href":"https:\/\/mdu.edu.az\/ru\/wp-json\/wp\/v2\/comments?post=15189"}],"version-history":[{"count":0,"href":"https:\/\/mdu.edu.az\/ru\/wp-json\/wp\/v2\/posts\/15189\/revisions"}],"wp:attachment":[{"href":"https:\/\/mdu.edu.az\/ru\/wp-json\/wp\/v2\/media?parent=15189"}],"wp:term":[{"taxonomy":"category","embeddable":true,"href":"https:\/\/mdu.edu.az\/ru\/wp-json\/wp\/v2\/categories?post=15189"},{"taxonomy":"post_tag","embeddable":true,"href":"https:\/\/mdu.edu.az\/ru\/wp-json\/wp\/v2\/tags?post=15189"}],"curies":[{"name":"wp","href":"https:\/\/api.w.org\/{rel}","templated":true}]}}