{"id":15205,"date":"2020-04-16T14:17:39","date_gmt":"2020-04-16T11:17:39","guid":{"rendered":"https:\/\/mdu.edu.az\/minzh-evir-d-vl-t-universiteti-elmi-uras-n-n-n-vb-ti-idzlas-ke-irilib\/"},"modified":"2020-04-16T14:17:39","modified_gmt":"2020-04-16T11:17:39","slug":"minzh-evir-d-vl-t-universiteti-elmi-uras-n-n-n-vb-ti-idzlas-ke-irilib","status":"publish","type":"post","link":"https:\/\/mdu.edu.az\/ru\/minzh-evir-d-vl-t-universiteti-elmi-uras-n-n-n-vb-ti-idzlas-ke-irilib\/","title":{"rendered":"Ming\u0259\u00e7evir D\u00f6vl\u0259t Universiteti Elmi \u015euras\u0131n\u0131n n\u00f6vb\u0259ti iclas\u0131 ke\u00e7irilib"},"content":{"rendered":"<p style=\"text-align: center;\"><b><span style=\"font-size: 14pt; font-family: 'Arial', sans-serif; color: #2f5496;\">Ming\u0259&ccedil;evir D&ouml;vl\u0259t Universiteti Elmi \u015euras\u0131n\u0131n n&ouml;vb\u0259ti iclas\u0131 ke&ccedil;irilib<\/span><\/b><\/p>\n<p><span style=\"font-family: 'Arial', sans-serif; color: #2f5496;\"><\/span><\/p>\n<p style=\"text-align: justify; text-indent: 27pt;\"><span style=\"font-family: 'Arial', sans-serif; color: #000000;\">2020-ci ilin 15 aprel tarixind\u0259 Ming\u0259&ccedil;evir D&ouml;vl\u0259t Universiteti (MDU) Elmi \u015euras\u0131n\u0131n n&ouml;vb\u0259ti iclas\u0131 ke&ccedil;irilib.<\/span><\/p>\n<p style=\"text-align: justify; text-indent: 27pt;\"><span style=\"font-family: 'Arial', sans-serif; color: #000000;\">&ldquo;Microsoft Teams&rdquo; platformas\u0131 &uuml;z\u0259rind\u0259n online formatda ke&ccedil;iril\u0259n iclas\u0131 a&ccedil;an MDU-nun rektoru \u015eahin Bayramov qlobal pandemiya il\u0259 m&uuml;bariz\u0259 sah\u0259sind\u0259 d&ouml;vl\u0259timiz t\u0259r\u0259find\u0259n h\u0259yata ke&ccedil;iril\u0259n son t\u0259dbirl\u0259r bar\u0259d\u0259 \u0259tafl\u0131 m\u0259lumat verib v\u0259 bir daha kollektivin b&uuml;t&uuml;n &uuml;zvl\u0259rini karantin d&ouml;vr&uuml;n&uuml;n t\u0259l\u0259bl\u0259rin\u0259 ciddi riay\u0259t etm\u0259y\u0259 &ccedil;a\u011f\u0131r\u0131b.<\/span><\/p>\n<p style=\"text-align: justify; text-indent: 27pt;\"><span style=\"font-family: 'Arial', sans-serif; color: #000000;\">\u0130clas\u0131n g&uuml;nd\u0259liyin\u0259 \u0259sas\u0259n, \u015e.Bayramov Az\u0259rbaycan Respublikas\u0131 Nazirl\u0259r Kabinetinin 13 aprel 2020-ci il tarixli &ldquo;Sosial bax\u0131mdan h\u0259ssas \u0259hali qrupuna aid edil\u0259n ail\u0259l\u0259rin &uuml;zv&uuml; olan t\u0259l\u0259b\u0259l\u0259rin t\u0259hsil haqq\u0131 x\u0259rcl\u0259rinin &ouml;d\u0259nilm\u0259si bar\u0259d\u0259&rdquo; Q\u0259rar\u0131 bar\u0259d\u0259 m\u0259lumat verib. M&ouml;vcud \u015f\u0259raitd\u0259 bel\u0259 bir q\u0259rar\u0131n verilm\u0259sini &ouml;lk\u0259 ba\u015f&ccedil;\u0131s\u0131n\u0131n h\u0259m sosial bax\u0131mdan h\u0259ssas \u0259hali qrupuna, h\u0259m d\u0259 t\u0259hsil sah\u0259sin\u0259 g&ouml;st\u0259rdiyi davaml\u0131 y&uuml;ks\u0259k diqq\u0259t v\u0259 qay\u011f\u0131s\u0131n\u0131n n&ouml;vb\u0259ti n&uuml;mun\u0259si oldu\u011funu vur\u011fulayan \u015e.Bayramov s&ouml;z&uuml;g\u0259d\u0259n q\u0259rar\u0131n icras\u0131 istiqam\u0259tind\u0259 MDU-da g&ouml;r&uuml;lm\u0259li olan i\u015fl\u0259r bar\u0259d\u0259 m&uuml;vafiq g&ouml;st\u0259ri\u015fl\u0259r verib.<\/span><\/p>\n<p style=\"text-align: justify; text-indent: 27pt;\"><span style=\"font-family: 'Arial', sans-serif; color: #000000;\">Sonra karantin m&uuml;dd\u0259tind\u0259 MDU-da bakalavriat v\u0259 magistratura s\u0259viyy\u0259l\u0259rind\u0259 t\u0259drisin t\u0259\u015fkilinin m&ouml;vcud v\u0259ziyy\u0259ti \u0259trafl\u0131 m&uuml;zakir\u0259 olunub. T\u0259dris prosesind\u0259 u\u011furla t\u0259tbiq olunan &ldquo;Microsoft Teams&rdquo; v\u0259 &ldquo;ZOOM&rdquo; platformalar\u0131, el\u0259c\u0259 d\u0259 &ldquo;Videod\u0259rsl\u0259r&rdquo; bar\u0259d\u0259 geni\u015f fikir m&uuml;badil\u0259si apar\u0131l\u0131b. Dekanlar\u0131n h\u0259r bir fakult\u0259 &uuml;zr\u0259 d\u0259rsl\u0259rin ke&ccedil;irilm\u0259si v\u0259ziyy\u0259tin\u0259 dair hesabat\u0131 dinl\u0259nildikd\u0259n sonra t\u0259l\u0259b\u0259l\u0259rin virtual d\u0259rsl\u0259rd\u0259 i\u015ftirak&ccedil;\u0131l\u0131q s\u0259viyy\u0259sinin daha da art\u0131r\u0131lmas\u0131, dekanl\u0131qlar v\u0259 kafedralar t\u0259r\u0259find\u0259n bu istiqam\u0259td\u0259 h\u0259yata ke&ccedil;irilm\u0259li olan t\u0259dbirl\u0259r, T\u0259dris \u015f&ouml;b\u0259si t\u0259r\u0259find\u0259n d\u0259rsl\u0259rin keyfiyy\u0259t monitorinqinin g&uuml;cl\u0259ndirilm\u0259si v\u0259 dig\u0259r m\u0259s\u0259l\u0259l\u0259r\u0259 dair konkret tap\u015f\u0131r\u0131qlar verilib.<\/span><\/p>\n<p style=\"text-align: justify; text-indent: 27pt;\"><span style=\"font-family: 'Arial', sans-serif; color: #000000;\">Daha sonra, \u015e.Bayramov MDU-da m&ouml;vcud \u015f\u0259rait\u0259 uy\u011fun kommunikasiyan\u0131n qurulmas\u0131, verilmi\u015f q\u0259rarlar\u0131n vaxt\u0131nda v\u0259 keyfiyy\u0259tl\u0259 icra edilm\u0259si, \u0259m\u0259kda\u015flar\u0131n v\u0259 t\u0259l\u0259b\u0259l\u0259rin internet resurslar\u0131ndan istifad\u0259 zaman\u0131 diqq\u0259t yetirm\u0259li olduqlar\u0131 m\u0259qamlar v\u0259 dig\u0259r m\u0259s\u0259l\u0259l\u0259r bar\u0259d\u0259 &ouml;z t&ouml;vsiy\u0259l\u0259rini s\u0259sl\u0259ndirib v\u0259 m&uuml;vafiq tap\u015f\u0131r\u0131qlar verib.<\/span><\/p>\n<p style=\"text-align: justify; text-indent: 27pt;\"><span style=\"font-family: 'Arial', sans-serif; color: #000000;\">Koronavirusla m&uuml;bariz\u0259y\u0259 d\u0259st\u0259k m\u0259qs\u0259dil\u0259 kollektiv &uuml;zvl\u0259ri v\u0259 t\u0259l\u0259b\u0259l\u0259r t\u0259r\u0259find\u0259n h\u0259mr\u0259ylik g&ouml;st\u0259rilm\u0259sinin vacibliyinin vur\u011fuland\u0131\u011f\u0131 Elmi \u015euran\u0131n iclas\u0131 cari m\u0259s\u0259l\u0259l\u0259rin m&uuml;zakir\u0259si il\u0259 davam edib.<\/span><\/p>\n<p>{phocagallery view=category|categoryid=358|limitstart=0|limitcount=0}<\/p>\n<p>&nbsp;<\/p>","protected":false},"excerpt":{"rendered":"<p>Ming\u0259&ccedil;evir D&ouml;vl\u0259t Universiteti Elmi \u015euras\u0131n\u0131n n&ouml;vb\u0259ti iclas\u0131 ke&ccedil;irilib 2020-ci ilin 15 aprel tarixind\u0259 Ming\u0259&ccedil;evir D&ouml;vl\u0259t Universiteti (MDU) Elmi \u015euras\u0131n\u0131n n&ouml;vb\u0259ti iclas\u0131 ke&ccedil;irilib. &ldquo;Microsoft Teams&rdquo; platformas\u0131 &uuml;z\u0259rind\u0259n online formatda ke&ccedil;iril\u0259n iclas\u0131 a&ccedil;an MDU-nun rektoru \u015eahin Bayramov qlobal pandemiya il\u0259 m&uuml;bariz\u0259 sah\u0259sind\u0259 d&ouml;vl\u0259timiz t\u0259r\u0259find\u0259n h\u0259yata ke&ccedil;iril\u0259n son t\u0259dbirl\u0259r bar\u0259d\u0259 \u0259tafl\u0131 m\u0259lumat verib v\u0259 bir daha kollektivin b&uuml;t&uuml;n [&hellip;]<\/p>\n","protected":false},"author":1,"featured_media":0,"comment_status":"open","ping_status":"open","sticky":false,"template":"","format":"standard","meta":{"_eb_attr":"","ocean_post_layout":"","ocean_both_sidebars_style":"","ocean_both_sidebars_content_width":0,"ocean_both_sidebars_sidebars_width":0,"ocean_sidebar":"","ocean_second_sidebar":"","ocean_disable_margins":"enable","ocean_add_body_class":"","ocean_shortcode_before_top_bar":"","ocean_shortcode_after_top_bar":"","ocean_shortcode_before_header":"","ocean_shortcode_after_header":"","ocean_has_shortcode":"","ocean_shortcode_after_title":"","ocean_shortcode_before_footer_widgets":"","ocean_shortcode_after_footer_widgets":"","ocean_shortcode_before_footer_bottom":"","ocean_shortcode_after_footer_bottom":"","ocean_display_top_bar":"default","ocean_display_header":"default","ocean_header_style":"","ocean_center_header_left_menu":"","ocean_custom_header_template":"","ocean_custom_logo":0,"ocean_custom_retina_logo":0,"ocean_custom_logo_max_width":0,"ocean_custom_logo_tablet_max_width":0,"ocean_custom_logo_mobile_max_width":0,"ocean_custom_logo_max_height":0,"ocean_custom_logo_tablet_max_height":0,"ocean_custom_logo_mobile_max_height":0,"ocean_header_custom_menu":"","ocean_menu_typo_font_family":"","ocean_menu_typo_font_subset":"","ocean_menu_typo_font_size":0,"ocean_menu_typo_font_size_tablet":0,"ocean_menu_typo_font_size_mobile":0,"ocean_menu_typo_font_size_unit":"px","ocean_menu_typo_font_weight":"","ocean_menu_typo_font_weight_tablet":"","ocean_menu_typo_font_weight_mobile":"","ocean_menu_typo_transform":"","ocean_menu_typo_transform_tablet":"","ocean_menu_typo_transform_mobile":"","ocean_menu_typo_line_height":0,"ocean_menu_typo_line_height_tablet":0,"ocean_menu_typo_line_height_mobile":0,"ocean_menu_typo_line_height_unit":"","ocean_menu_typo_spacing":0,"ocean_menu_typo_spacing_tablet":0,"ocean_menu_typo_spacing_mobile":0,"ocean_menu_typo_spacing_unit":"","ocean_menu_link_color":"","ocean_menu_link_color_hover":"","ocean_menu_link_color_active":"","ocean_menu_link_background":"","ocean_menu_link_hover_background":"","ocean_menu_link_active_background":"","ocean_menu_social_links_bg":"","ocean_menu_social_hover_links_bg":"","ocean_menu_social_links_color":"","ocean_menu_social_hover_links_color":"","ocean_disable_title":"default","ocean_disable_heading":"default","ocean_post_title":"","ocean_post_subheading":"","ocean_post_title_style":"","ocean_post_title_background_color":"","ocean_post_title_background":0,"ocean_post_title_bg_image_position":"","ocean_post_title_bg_image_attachment":"","ocean_post_title_bg_image_repeat":"","ocean_post_title_bg_image_size":"","ocean_post_title_height":0,"ocean_post_title_bg_overlay":0.5,"ocean_post_title_bg_overlay_color":"","ocean_disable_breadcrumbs":"default","ocean_breadcrumbs_color":"","ocean_breadcrumbs_separator_color":"","ocean_breadcrumbs_links_color":"","ocean_breadcrumbs_links_hover_color":"","ocean_display_footer_widgets":"default","ocean_display_footer_bottom":"default","ocean_custom_footer_template":"","ocean_post_oembed":"","ocean_post_self_hosted_media":"","ocean_post_video_embed":"","ocean_link_format":"","ocean_link_format_target":"self","ocean_quote_format":"","ocean_quote_format_link":"post","ocean_gallery_link_images":"on","ocean_gallery_id":[],"footnotes":""},"categories":[63],"tags":[],"class_list":["post-15205","post","type-post","status-publish","format-standard","hentry","category-khaebaerlaer-az","entry"],"_links":{"self":[{"href":"https:\/\/mdu.edu.az\/ru\/wp-json\/wp\/v2\/posts\/15205","targetHints":{"allow":["GET"]}}],"collection":[{"href":"https:\/\/mdu.edu.az\/ru\/wp-json\/wp\/v2\/posts"}],"about":[{"href":"https:\/\/mdu.edu.az\/ru\/wp-json\/wp\/v2\/types\/post"}],"author":[{"embeddable":true,"href":"https:\/\/mdu.edu.az\/ru\/wp-json\/wp\/v2\/users\/1"}],"replies":[{"embeddable":true,"href":"https:\/\/mdu.edu.az\/ru\/wp-json\/wp\/v2\/comments?post=15205"}],"version-history":[{"count":0,"href":"https:\/\/mdu.edu.az\/ru\/wp-json\/wp\/v2\/posts\/15205\/revisions"}],"wp:attachment":[{"href":"https:\/\/mdu.edu.az\/ru\/wp-json\/wp\/v2\/media?parent=15205"}],"wp:term":[{"taxonomy":"category","embeddable":true,"href":"https:\/\/mdu.edu.az\/ru\/wp-json\/wp\/v2\/categories?post=15205"},{"taxonomy":"post_tag","embeddable":true,"href":"https:\/\/mdu.edu.az\/ru\/wp-json\/wp\/v2\/tags?post=15205"}],"curies":[{"name":"wp","href":"https:\/\/api.w.org\/{rel}","templated":true}]}}