{"id":15296,"date":"2020-05-19T09:31:31","date_gmt":"2020-05-19T06:31:31","guid":{"rendered":"https:\/\/mdu.edu.az\/k-n-ll-l-rin-f-aliyy-ti-t-zhdir-layizhdir\/"},"modified":"2020-05-19T09:31:31","modified_gmt":"2020-05-19T06:31:31","slug":"k-n-ll-l-rin-f-aliyy-ti-t-zhdir-layizhdir","status":"publish","type":"post","link":"https:\/\/mdu.edu.az\/ru\/k-n-ll-l-rin-f-aliyy-ti-t-zhdir-layizhdir\/","title":{"rendered":"K\u00f6n\u00fcll\u00fcl\u0259rin f\u0259aliyy\u0259ti t\u0259qdir\u0259layiqdir"},"content":{"rendered":"<p style=\"text-align: center; text-indent: 0cm;\"><b><span style=\"font-size: 14pt; color: #7030a0;\">K&ouml;n&uuml;ll&uuml;l\u0259rin f\u0259aliyy\u0259ti t\u0259qdir\u0259layiqdir<\/span><\/b><\/p>\n<p style=\"text-align: left; text-indent: 0cm;\"><span style=\"font-size: 14pt; color: #7030a0;\"><\/span><\/p>\n<p style=\"text-indent: 0cm; text-align: justify;\">&nbsp;&nbsp;&nbsp;&nbsp;&nbsp;&nbsp;&nbsp;&nbsp;&nbsp;&nbsp;<span style=\"color: #000000;\"> Az\u0259rbaycan Respublikas\u0131n\u0131n Prezidenti \u0130lham \u018fliyevin v\u0259 birinci vitse-prezident Mehriban xan\u0131m \u018fliyevan\u0131n&nbsp; &ccedil;a\u011f\u0131r\u0131\u015flar\u0131na&nbsp; cavab olaraq &ouml;lk\u0259mizd\u0259 f\u0259aliyy\u0259t g&ouml;st\u0259r\u0259n&nbsp; k&ouml;n&uuml;ll&uuml; t\u0259\u015fkilatlar\u0131 v\u0259 h\u0259r\u0259katlar\u0131&nbsp; t\u0259r\u0259find\u0259n yarad\u0131lan&nbsp; Az\u0259rbaycan K&ouml;n&uuml;ll&uuml;l\u0259ri \u018flaq\u0259l\u0259ndirm\u0259 M\u0259rk\u0259zi f\u0259aliyy\u0259tini u\u011furla davam etdirir.<\/span><\/p>\n<p style=\"text-indent: 0cm; text-align: justify;\"><span style=\"color: #000000;\">&nbsp;&nbsp;&nbsp;&nbsp;&nbsp;&nbsp;&nbsp;&nbsp;&nbsp;&nbsp; \u0130lk olaraq &Ccedil;ind\u0259&nbsp; yay\u0131lan , sonra is\u0259 d&uuml;nyan\u0131n bir &ccedil;ox &ouml;lk\u0259l\u0259rind\u0259&nbsp; insanlar\u0131n h\u0259yat\u0131 &uuml;&ccedil;&uuml;n b&ouml;y&uuml;k t\u0259hl&uuml;k\u0259 m\u0259nb\u0259yin\u0259 &ccedil;evril\u0259n&nbsp; koronavirus infeksiyas\u0131n\u0131n qar\u015f\u0131s\u0131n\u0131n al\u0131nmas\u0131 &uuml;&ccedil;&uuml;n Az\u0259rbaycanda h\u0259yata ke&ccedil;iril\u0259n sosial izolyasiya t\u0259dbirl\u0259ri, karantin rejiminin t\u0259tbiq edilm\u0259si D&uuml;nya S\u0259hiyy\u0259 T\u0259\u015fkiat\u0131n\u0131n r\u0259hb\u0259rliyi t\u0259r\u0259find\u0259n t\u0259qdir edilm\u0259kl\u0259 n&uuml;mun\u0259 g&ouml;st\u0259rilir.<\/span><\/p>\n<p style=\"text-indent: 0cm; text-align: justify;\"><span style=\"color: #000000;\">&nbsp;&nbsp;&nbsp;&nbsp;&nbsp;&nbsp;&nbsp;&nbsp;&nbsp;&nbsp; Yeni n&ouml;v koronavirus infeksiyas\u0131n\u0131n yarada bil\u0259c\u0259yi t\u0259hl&uuml;k\u0259 il\u0259 m&uuml;bariz\u0259d\u0259 d&ouml;vl\u0259timizin h\u0259yata ke&ccedil;irdiyi t\u0259dbirl\u0259ri d\u0259st\u0259kl\u0259m\u0259k m\u0259qs\u0259di il\u0259 20 mart&nbsp; 2020-ci il tarixd\u0259 formala\u015fan v\u0259 f\u0259aliyy\u0259tind\u0259 &#8220;ASAN K&ouml;n&uuml;ll&uuml;l\u0259ri&#8221; G\u0259ncl\u0259r T\u0259\u015fkilat\u0131, &#8220;Regional \u0130nki\u015faf &#8221; \u0130ctimai Birliyi, &#8220;B\u0130R T\u0259l\u0259b\u0259-K&ouml;n&uuml;ll&uuml; &#8221; Proqram\u0131, &#8220;K&ouml;n&uuml;ll&uuml; Dost&#8221; Proqram\u0131, &#8220;Aqrar \u0130nki\u015faf K&ouml;n&uuml;ll&uuml;l\u0259ri&#8221; \u0130ctimai Birliyi, &#8220;N\u0259qliyyat K&ouml;n&uuml;ll&uuml;l\u0259ri&#8221; Proqram\u0131, &#8220;K&ouml;n&uuml;ll&uuml; G&ouml;mr&uuml;k&ccedil;&uuml;&#8221; D\u0259st\u0259si, &#8220;Turizm K&ouml;n&uuml;ll&uuml;l\u0259ri&#8221; \u0130ctimai Birliyi, &#8220;Diplomatiya K&ouml;n&uuml;ll&uuml;l\u0259ri&#8221; Qrupu v\u0259 dig\u0259r t\u0259\u015fkilat v\u0259 h\u0259r\u0259katlar\u0131n i\u015ftirak etdiyi&nbsp; M\u0259rk\u0259zin i\u015finin&nbsp; \u0259laq\u0259l\u0259ndirilm\u0259si G\u0259ncl\u0259r Fondu t\u0259r\u0259find\u0259n h\u0259yata ke&ccedil;irilir.&nbsp;<\/span><\/p>\n<p style=\"text-indent: 0cm; text-align: justify;\"><span style=\"color: #000000;\">&nbsp;&nbsp;&nbsp;&nbsp;&nbsp;&nbsp;&nbsp;&nbsp; Bildiyimiz kimi, g\u0259nclik c\u0259miyy\u0259tin apar\u0131c\u0131 q&uuml;vv\u0259sidir. Daim axtar\u0131\u015fda olan, yeniliyi sev\u0259n&nbsp; v\u0259&nbsp; &ouml;z f\u0259aliyy\u0259rtnd\u0259 t\u0259tbiq ed\u0259n&nbsp; g\u0259ncl\u0259r&nbsp; &ouml;lk\u0259mizd\u0259 h\u0259yata ke&ccedil;iril\u0259n&nbsp; ictimai-iqtisadi t\u0259dbirl\u0259r\u0259 t&ouml;hf\u0259 verm\u0259kd\u0259 maraql\u0131d\u0131rlar. &Ouml;lk\u0259mizd\u0259&nbsp; d&ouml;vl\u0259t&ccedil;iliy\u0259 ba\u011fl\u0131, y&uuml;ks\u0259k intellektual&nbsp; v\u0259 geni\u015f d&uuml;nyag&ouml;r&uuml;\u015f\u0259 malik g\u0259ncl\u0259r formala\u015f\u0131r v\u0259 bu g\u0259ncl\u0259rin apar\u0131c\u0131 q&uuml;vv\u0259y\u0259 &ccedil;evrilm\u0259si istiqam\u0259tind\u0259&nbsp;&nbsp; ard\u0131c\u0131l i\u015fl\u0259r g&ouml;r&uuml;l&uuml;r.&nbsp;<\/span><\/p>\n<p style=\"text-indent: 0cm; text-align: justify;\"><span style=\"color: #000000;\">&nbsp;&nbsp;&nbsp;&nbsp;&nbsp;&nbsp;&nbsp;&nbsp;&nbsp;&nbsp; D&uuml;nyada yay\u0131lan yeni n&ouml;v koronavirus infeksiyas\u0131 t\u0259\u0259ss&uuml;f ki , Az\u0259rbaycandan da yan ke&ccedil;m\u0259yib. \u0130nsanlar\u0131n sa\u011flaml\u0131\u011f\u0131 v\u0259 sosial v\u0259ziyy\u0259tin\u0259&nbsp; qay\u011f\u0131 v\u0259 diqq\u0259tl\u0259 yana\u015fan &ouml;lk\u0259 Prezidentinin vaxt\u0131nda&nbsp; m&uuml;nasib\u0259t g&ouml;st\u0259rm\u0259si&nbsp; b&ouml;y&uuml;k itkil\u0259rin qar\u015f\u0131s\u0131n\u0131 al\u0131b.&nbsp; Qabaqlay\u0131c\u0131 t\u0259dbirl\u0259r, z\u0259ruri add\u0131mlar\u0131n at\u0131lmas\u0131, v\u0259t\u0259nda\u015flara sosial yard\u0131mlar\u0131n g&ouml;st\u0259rilm\u0259si c\u0259miyy\u0259t t\u0259r\u0259find\u0259n raz\u0131l\u0131qla qar\u015f\u0131lan\u0131r.<\/span><\/p>\n<p style=\"text-indent: 0cm; text-align: justify;\"><span style=\"color: #000000;\">&nbsp;&nbsp;&nbsp;&nbsp;&nbsp;&nbsp;&nbsp;&nbsp;&nbsp;&nbsp; AK\u018fM-in t\u0259\u015f\u0259bb&uuml;s&uuml; il\u0259 h\u0259yata ke&ccedil;iril\u0259n aksiyalar &ccedil;\u0259r&ccedil;iv\u0259sind\u0259 k&ouml;n&uuml;ll&uuml;l\u0259r t\u0259nha ya\u015fl\u0131lara, azt\u0259minatl\u0131 ail\u0259l\u0259r\u0259 ba\u015f &ccedil;\u0259kir,&nbsp;onlar\u0131n z\u0259ruri ehtiyaclar\u0131n\u0131n qar\u015f\u0131lanmas\u0131na yard\u0131m g&ouml;st\u0259rirl\u0259r. Q\u0131sa m&uuml;dd\u0259t \u0259rzind\u0259 \u018flaq\u0259l\u0259ndirm\u0259 M\u0259rk\u0259zi&nbsp; t\u0259r\u0259find\u0259n respublikan\u0131n b&uuml;t&uuml;n \u015f\u0259h\u0259r v\u0259 rayonlar\u0131nda s\u0259f\u0259rb\u0259r olunmu\u015f k&ouml;n&uuml;ll&uuml;l\u0259r karantin d&ouml;vr&uuml;nd\u0259 ya\u015f\u0131 65-d\u0259n yuxar\u0131 olan&nbsp; t\u0259nha v\u0259 imkans\u0131z ail\u0259l\u0259r\u0259 yard\u0131mlar\u0131 paylamaqla yana\u015f\u0131&nbsp;dig\u0259r qay\u011f\u0131lar da g&ouml;st\u0259rmi\u015fl\u0259r.<\/span><\/p>\n<p style=\"text-indent: 0cm; text-align: justify;\"><span style=\"color: #000000;\">&nbsp;&nbsp;&nbsp;&nbsp;&nbsp;&nbsp;&nbsp;&nbsp;&nbsp;&nbsp; &#8220;B&ouml;y&uuml;kl\u0259rimizi Qoruyaq!&#8221;&nbsp; devizi alt\u0131nda paytaxt v\u0259 regionlarda&nbsp; k&ouml;n&uuml;ll&uuml;l\u0259r minl\u0259rl\u0259 t\u0259nha ah\u0131llar\u0131n, azt\u0259minatl\u0131 ail\u0259l\u0259rin, \u015f\u0259hid ail\u0259l\u0259rinin, fiziki m\u0259hdudiyy\u0259ti olan \u015f\u0259xsl\u0259rin evl\u0259rin\u0259 ba\u015f &ccedil;\u0259k\u0259r\u0259k onlara m&uuml;xt\u0259lif \u0259rzaq v\u0259 g&uuml;nd\u0259lik t\u0259l\u0259bat m\u0259hsullar\u0131ndan ibar\u0259t ba\u011flamalar\u0131n &ccedil;atd\u0131r\u0131lmas\u0131na k&ouml;m\u0259klik g&ouml;st\u0259rmi\u015fl\u0259r.&nbsp; &Ouml;lk\u0259mizin ayr\u0131-ayr\u0131 b&ouml;lg\u0259l\u0259rind\u0259 bu kateqoriyadan olan&nbsp; 6254&nbsp; ail\u0259y\u0259 k&ouml;n&uuml;ll&uuml;l\u0259rin d\u0259st\u0259k&nbsp; g&ouml;st\u0259rm\u0259si&nbsp; g\u0259nc n\u0259slin b&ouml;y&uuml;kl\u0259r\u0259 olan h&ouml;rm\u0259t v\u0259 ehtiram\u0131n\u0131n t\u0259c\u0259ss&uuml;m&uuml;d&uuml;r. Bu h\u0259m d\u0259 xalq\u0131m\u0131z\u0131n&nbsp; ad\u0259t- \u0259n\u0259n\u0259sinin, milli mentalitetimizin&nbsp; qorunub&nbsp; saxlanmas\u0131n\u0131n bariz n&uuml;mun\u0259sidir.&nbsp; Ki&ccedil;icik bir&nbsp; diqq\u0259tsizlik &uuml;z&uuml;nd\u0259n y&uuml;zl\u0259rl\u0259 insan\u0131n x\u0259st\u0259liy\u0259 yoluxmas\u0131na v\u0259 &ouml;l&uuml;m&uuml;n\u0259 s\u0259b\u0259b olan bu infeksiyan\u0131n daha b&ouml;y&uuml;k f\u0259sadlar t&ouml;r\u0259tm\u0259m\u0259si m\u0259qs\u0259dil\u0259 &ouml;lk\u0259mizd\u0259 h\u0259yata ke&ccedil;iril\u0259n t\u0259dbirl\u0259r &ccedil;\u0259r&ccedil;iv\u0259sind\u0259 k&ouml;n&uuml;ll&uuml;l\u0259rin h\u0259v\u0259sl\u0259 f\u0259aliyy\u0259t g&ouml;st\u0259rm\u0259si t\u0259qdir\u0259layiq hald\u0131r.<\/span><\/p>\n<p style=\"text-indent: 0cm; text-align: justify;\"><span style=\"color: #000000;\">&nbsp;&nbsp;&nbsp;&nbsp;&nbsp;&nbsp;&nbsp;&nbsp;&nbsp;&nbsp; Aprelin 8-d\u0259&nbsp; &#8220;K&ouml;n&uuml;ll&uuml; Qon\u015fu&#8221; aksiyas\u0131 &ccedil;\u0259r&ccedil;iv\u0259sind\u0259 44 \u015f\u0259h\u0259r v\u0259 rayonda m\u0259h\u0259ll\u0259 v\u0259 binalar\u0131n giri\u015find\u0259 x&uuml;susi elanlarla \u0259laq\u0259 n&ouml;mr\u0259l\u0259ri payla\u015f\u0131l\u0131b.&nbsp;&nbsp; T\u0259tbiq olunan m\u0259hdudiyy\u0259t s\u0259b\u0259bind\u0259n ehtiyac\u0131 olan \u015f\u0259xsl\u0259r bu n&ouml;mr\u0259l\u0259r\u0259 z\u0259ng etm\u0259kl\u0259 evl\u0259rin\u0259 g&uuml;nd\u0259lik \u0259rzaq m\u0259hsullar\u0131, d\u0259rman l\u0259vazimatlar\u0131n\u0131 ald\u0131rm\u0131\u015f, kommunal &ouml;d\u0259ni\u015f\u0259l\u0259rinin&nbsp; &ouml;d\u0259nilm\u0259si h\u0259yata ke&ccedil;irilmi\u015fdir.&nbsp; K&ouml;n&uuml;ll&uuml;l\u0259rin b&ouml;y&uuml;k c\u0259sar\u0259t v\u0259 co\u015fqu il\u0259 f\u0259aliyy\u0259t g&ouml;st\u0259rm\u0259l\u0259ri ilk n&ouml;vb\u0259d\u0259 onlar\u0131n V\u0259t\u0259n\u0259 v\u0259 d&ouml;vl\u0259timiz\u0259 olan sevgisind\u0259n ir\u0259li g\u0259lir.<\/span><\/p>\n<p style=\"text-indent: 0cm; text-align: justify;\"><span style=\"color: #000000;\">&nbsp;&nbsp;&nbsp;&nbsp;&nbsp;&nbsp;&nbsp;&nbsp;&nbsp;&nbsp; Sa\u011flaml\u0131q &uuml;&ccedil;&uuml;n z\u0259ruri olan&nbsp; qan q\u0131tl\u0131\u011f\u0131n\u0131n yaranmas\u0131 da son iki ayda k&ouml;n&uuml;ll&uuml;l\u0259rin diqq\u0259tind\u0259 olub. Bel\u0259 ki,&nbsp; aprelin 8-d\u0259&nbsp; \u018flaq\u0259l\u0259ndirm\u0259 M\u0259rk\u0259zi Milli Hematologoya v\u0259 Transfuziologiya&nbsp; M\u0259rk\u0259zi Qan Bank\u0131 il\u0259 birlikd\u0259 &#8220;K&ouml;n&uuml;ll&uuml; Donor&#8221; aksiyas\u0131na start vermi\u015fdir. K&ouml;n&uuml;ll&uuml;l\u0259r bu n\u0259cib aksiyada da f\u0259al i\u015ftirak etmi\u015f, talassemiya v\u0259 hemofiliya x\u0259st\u0259liyind\u0259n \u0259ziyy\u0259t &ccedil;\u0259k\u0259nl\u0259r\u0259 qan vermi\u015fl\u0259r.<\/span><\/p>\n<p style=\"text-indent: 0cm; text-align: justify;\"><span style=\"color: #000000;\">&nbsp;&nbsp;&nbsp;&nbsp;&nbsp;&nbsp;&nbsp;&nbsp; K&ouml;n&uuml;ll&uuml;l\u0259rin f\u0259aliyy\u0259ti bununla bitmir. Bu x\u0259st\u0259likl\u0259 m&uuml;bariz\u0259 m\u0259qs\u0259dil\u0259 onlar maarifl\u0259ndirm\u0259 v\u0259 t\u0259bli\u011fati s&ouml;hb\u0259tl\u0259r aparm\u0131\u015f, k&uuml;&ccedil;\u0259d\u0259 maskas\u0131z g\u0259z\u0259n \u015f\u0259xsl\u0259r\u0259 maskalar\u0131n paylanmas\u0131nda da i\u015ftirak etmi\u015fl\u0259r.<\/span><\/p>\n<p style=\"text-indent: 0cm; text-align: justify;\"><span style=\"color: #000000;\">&nbsp;&nbsp;&nbsp;&nbsp;&nbsp;&nbsp;&nbsp;&nbsp; Karantin d&ouml;vr&uuml;nd\u0259 Ming\u0259&ccedil;evir \u015f\u0259h\u0259rind\u0259 d\u0259 &#8220;ASAN&#8221; K&ouml;n&uuml;ll&uuml;l\u0259rinin&nbsp; f\u0259aliyy\u0259ti &ccedil;ox\u015fax\u0259li olub.&nbsp; Bel\u0259 ki, k&ouml;n&uuml;ll&uuml;l\u0259r 1300 x\u0259st\u0259 v\u0259t\u0259nda\u015fa \u015f\u0259k\u0259r d\u0259rmanlar\u0131n\u0131n &ccedil;atd\u0131r\u0131lmas\u0131n\u0131 t\u0259min edibl\u0259r. Maarifl\u0259ndirm\u0259 t\u0259dbirl\u0259rind\u0259 g\u0259nc k&ouml;n&uuml;ll&uuml;l\u0259r pandemiyan\u0131n f\u0259sadlar\u0131ndan v\u0259 &ouml;lk\u0259mizd\u0259 h\u0259yata ke&ccedil;iril\u0259n t\u0259dbirl\u0259rin \u0259h\u0259miyy\u0259timd\u0259n b\u0259hs edibl\u0259r.&nbsp;<\/span><\/p>\n<p style=\"text-indent: 0cm; text-align: justify;\"><span style=\"color: #000000;\">&nbsp;&nbsp;&nbsp;&nbsp;&nbsp;&nbsp; &nbsp;&nbsp;&nbsp;Ming\u0259&ccedil;evir \u015e\u0259h\u0259r \u0130cra Hakimiyy\u0259tinin h\u0259yata ke&ccedil;irdiyi t\u0259dbirl\u0259r &ccedil;\u0259r&ccedil;iv\u0259sind\u0259 ya\u015fl\u0131 n\u0259sl\u0259 bu v\u0259 ya dig\u0259r yard\u0131mlar g&ouml;st\u0259rilib, bu zaman&nbsp; k&ouml;n&uuml;ll&uuml;l\u0259rin yard\u0131m\u0131ndan istifad\u0259 edilib.&nbsp; &#8220;ASAN m\u0259ktub&#8221; layih\u0259si &ccedil;\u0259r&ccedil;iv\u0259sind\u0259 30 ail\u0259y\u0259 maddi&nbsp; yard\u0131m edilmi\u015fdir. 65 ya\u015fdan yuxar\u0131 insanlara k&ouml;m\u0259k m\u0259qs\u0259dil\u0259&nbsp; onlara \u0259rzaqlar\u0131n al\u0131nmas\u0131, kommunal &ouml;d\u0259ni\u015fl\u0259rinin &ouml;d\u0259nilm\u0259si , evl\u0259rind\u0259 xidm\u0259t i\u015fl\u0259rinin g&ouml;r&uuml;lm\u0259si d\u0259 h\u0259yata ke&ccedil;irilib.&nbsp;<\/span><\/p>\n<p style=\"text-indent: 0cm; text-align: justify;\"><span style=\"color: #000000;\">&nbsp;&nbsp;&nbsp;&nbsp;&nbsp;&nbsp;&nbsp;&nbsp; G&ouml;r&uuml;l\u0259n b&uuml;t&uuml;n i\u015fl\u0259rin \u0259sas m\u0259qs\u0259di d&ouml;vl\u0259timiz v\u0259 v\u0259t\u0259nda\u015flar\u0131m\u0131z &uuml;&ccedil;&uuml;n g\u0259rgin olan bir d&ouml;vrd\u0259 onlar\u0131n&nbsp; yan\u0131nda olmaq, &ouml;lk\u0259 Prezidenti C\u0259nab \u0130lham \u018fliyevin &#8220;Biz&nbsp; birlikd\u0259 g&uuml;cl&uuml;y&uuml;k&#8221; &ccedil;a\u011f\u0131r\u0131\u015f\u0131na h\u0259mr\u0259ylik n&uuml;mayi\u015f etdirm\u0259kdir.<\/span><\/p>\n<p style=\"text-align: left; text-indent: 0cm;\"><span style=\"color: #000000;\"><b>&nbsp;&nbsp;&nbsp;&nbsp;&nbsp;&nbsp;&nbsp;&nbsp; B\u0259xtiyar Mustafayev<\/b><\/span><\/p>\n<p style=\"text-align: left; text-indent: 0cm;\"><span style=\"color: #000000;\"><b>&nbsp;&nbsp; &nbsp;&nbsp;&nbsp;&nbsp;&nbsp; YAP Ming\u0259&ccedil;evir \u015f\u0259h\u0259r t\u0259\u015fkilat\u0131 G\u0259ncl\u0259r Birliyinin s\u0259dri<\/b><\/span><\/p>","protected":false},"excerpt":{"rendered":"<p>K&ouml;n&uuml;ll&uuml;l\u0259rin f\u0259aliyy\u0259ti t\u0259qdir\u0259layiqdir &nbsp;&nbsp;&nbsp;&nbsp;&nbsp;&nbsp;&nbsp;&nbsp;&nbsp;&nbsp; Az\u0259rbaycan Respublikas\u0131n\u0131n Prezidenti \u0130lham \u018fliyevin v\u0259 birinci vitse-prezident Mehriban xan\u0131m \u018fliyevan\u0131n&nbsp; &ccedil;a\u011f\u0131r\u0131\u015flar\u0131na&nbsp; cavab olaraq &ouml;lk\u0259mizd\u0259 f\u0259aliyy\u0259t g&ouml;st\u0259r\u0259n&nbsp; k&ouml;n&uuml;ll&uuml; t\u0259\u015fkilatlar\u0131 v\u0259 h\u0259r\u0259katlar\u0131&nbsp; t\u0259r\u0259find\u0259n yarad\u0131lan&nbsp; Az\u0259rbaycan K&ouml;n&uuml;ll&uuml;l\u0259ri \u018flaq\u0259l\u0259ndirm\u0259 M\u0259rk\u0259zi f\u0259aliyy\u0259tini u\u011furla davam etdirir. &nbsp;&nbsp;&nbsp;&nbsp;&nbsp;&nbsp;&nbsp;&nbsp;&nbsp;&nbsp; \u0130lk olaraq &Ccedil;ind\u0259&nbsp; yay\u0131lan , sonra is\u0259 d&uuml;nyan\u0131n bir &ccedil;ox &ouml;lk\u0259l\u0259rind\u0259&nbsp; insanlar\u0131n h\u0259yat\u0131 &uuml;&ccedil;&uuml;n b&ouml;y&uuml;k t\u0259hl&uuml;k\u0259 m\u0259nb\u0259yin\u0259 &ccedil;evril\u0259n&nbsp; koronavirus [&hellip;]<\/p>\n","protected":false},"author":1,"featured_media":0,"comment_status":"open","ping_status":"open","sticky":false,"template":"","format":"standard","meta":{"_eb_attr":"","ocean_post_layout":"","ocean_both_sidebars_style":"","ocean_both_sidebars_content_width":0,"ocean_both_sidebars_sidebars_width":0,"ocean_sidebar":"","ocean_second_sidebar":"","ocean_disable_margins":"enable","ocean_add_body_class":"","ocean_shortcode_before_top_bar":"","ocean_shortcode_after_top_bar":"","ocean_shortcode_before_header":"","ocean_shortcode_after_header":"","ocean_has_shortcode":"","ocean_shortcode_after_title":"","ocean_shortcode_before_footer_widgets":"","ocean_shortcode_after_footer_widgets":"","ocean_shortcode_before_footer_bottom":"","ocean_shortcode_after_footer_bottom":"","ocean_display_top_bar":"default","ocean_display_header":"default","ocean_header_style":"","ocean_center_header_left_menu":"","ocean_custom_header_template":"","ocean_custom_logo":0,"ocean_custom_retina_logo":0,"ocean_custom_logo_max_width":0,"ocean_custom_logo_tablet_max_width":0,"ocean_custom_logo_mobile_max_width":0,"ocean_custom_logo_max_height":0,"ocean_custom_logo_tablet_max_height":0,"ocean_custom_logo_mobile_max_height":0,"ocean_header_custom_menu":"","ocean_menu_typo_font_family":"","ocean_menu_typo_font_subset":"","ocean_menu_typo_font_size":0,"ocean_menu_typo_font_size_tablet":0,"ocean_menu_typo_font_size_mobile":0,"ocean_menu_typo_font_size_unit":"px","ocean_menu_typo_font_weight":"","ocean_menu_typo_font_weight_tablet":"","ocean_menu_typo_font_weight_mobile":"","ocean_menu_typo_transform":"","ocean_menu_typo_transform_tablet":"","ocean_menu_typo_transform_mobile":"","ocean_menu_typo_line_height":0,"ocean_menu_typo_line_height_tablet":0,"ocean_menu_typo_line_height_mobile":0,"ocean_menu_typo_line_height_unit":"","ocean_menu_typo_spacing":0,"ocean_menu_typo_spacing_tablet":0,"ocean_menu_typo_spacing_mobile":0,"ocean_menu_typo_spacing_unit":"","ocean_menu_link_color":"","ocean_menu_link_color_hover":"","ocean_menu_link_color_active":"","ocean_menu_link_background":"","ocean_menu_link_hover_background":"","ocean_menu_link_active_background":"","ocean_menu_social_links_bg":"","ocean_menu_social_hover_links_bg":"","ocean_menu_social_links_color":"","ocean_menu_social_hover_links_color":"","ocean_disable_title":"default","ocean_disable_heading":"default","ocean_post_title":"","ocean_post_subheading":"","ocean_post_title_style":"","ocean_post_title_background_color":"","ocean_post_title_background":0,"ocean_post_title_bg_image_position":"","ocean_post_title_bg_image_attachment":"","ocean_post_title_bg_image_repeat":"","ocean_post_title_bg_image_size":"","ocean_post_title_height":0,"ocean_post_title_bg_overlay":0.5,"ocean_post_title_bg_overlay_color":"","ocean_disable_breadcrumbs":"default","ocean_breadcrumbs_color":"","ocean_breadcrumbs_separator_color":"","ocean_breadcrumbs_links_color":"","ocean_breadcrumbs_links_hover_color":"","ocean_display_footer_widgets":"default","ocean_display_footer_bottom":"default","ocean_custom_footer_template":"","ocean_post_oembed":"","ocean_post_self_hosted_media":"","ocean_post_video_embed":"","ocean_link_format":"","ocean_link_format_target":"self","ocean_quote_format":"","ocean_quote_format_link":"post","ocean_gallery_link_images":"on","ocean_gallery_id":[],"footnotes":""},"categories":[63],"tags":[],"class_list":["post-15296","post","type-post","status-publish","format-standard","hentry","category-khaebaerlaer-az","entry"],"_links":{"self":[{"href":"https:\/\/mdu.edu.az\/ru\/wp-json\/wp\/v2\/posts\/15296","targetHints":{"allow":["GET"]}}],"collection":[{"href":"https:\/\/mdu.edu.az\/ru\/wp-json\/wp\/v2\/posts"}],"about":[{"href":"https:\/\/mdu.edu.az\/ru\/wp-json\/wp\/v2\/types\/post"}],"author":[{"embeddable":true,"href":"https:\/\/mdu.edu.az\/ru\/wp-json\/wp\/v2\/users\/1"}],"replies":[{"embeddable":true,"href":"https:\/\/mdu.edu.az\/ru\/wp-json\/wp\/v2\/comments?post=15296"}],"version-history":[{"count":0,"href":"https:\/\/mdu.edu.az\/ru\/wp-json\/wp\/v2\/posts\/15296\/revisions"}],"wp:attachment":[{"href":"https:\/\/mdu.edu.az\/ru\/wp-json\/wp\/v2\/media?parent=15296"}],"wp:term":[{"taxonomy":"category","embeddable":true,"href":"https:\/\/mdu.edu.az\/ru\/wp-json\/wp\/v2\/categories?post=15296"},{"taxonomy":"post_tag","embeddable":true,"href":"https:\/\/mdu.edu.az\/ru\/wp-json\/wp\/v2\/tags?post=15296"}],"curies":[{"name":"wp","href":"https:\/\/api.w.org\/{rel}","templated":true}]}}