{"id":15307,"date":"2020-05-21T09:44:19","date_gmt":"2020-05-21T06:44:19","guid":{"rendered":"https:\/\/mdu.edu.az\/d-vl-t-v-t-nda-h-mr-yliyin-t-hf-k-lzh-d-n-i-a-do-ru\/"},"modified":"2020-05-21T09:44:19","modified_gmt":"2020-05-21T06:44:19","slug":"d-vl-t-v-t-nda-h-mr-yliyin-t-hf-k-lzh-d-n-i-a-do-ru","status":"publish","type":"post","link":"https:\/\/mdu.edu.az\/ru\/d-vl-t-v-t-nda-h-mr-yliyin-t-hf-k-lzh-d-n-i-a-do-ru\/","title":{"rendered":"D\u00f6vl\u0259t-v\u0259t\u0259nda\u015f h\u0259mr\u0259yliyin\u0259 t\u00f6hf\u0259: k\u00f6lg\u0259d\u0259n i\u015f\u0131\u011fa do\u011fru"},"content":{"rendered":"<p style=\"margin-bottom: 0.0001pt; text-align: center;\"><b><span style=\"font-size: 14pt; font-family: 'Arial', sans-serif; color: #002060;\">D&ouml;vl\u0259t-v\u0259t\u0259nda\u015f h\u0259mr\u0259yliyin\u0259 t&ouml;hf\u0259: k&ouml;lg\u0259d\u0259n i\u015f\u0131\u011fa do\u011fru<\/span><\/b><\/p>\n<p>&nbsp;<\/p>\n<p style=\"margin-bottom: 0.0001pt; text-align: center;\"><span style=\"font-size: 8pt; font-family: 'Arial', sans-serif;\"><\/span><\/p>\n<p style=\"margin-bottom: 0.0001pt; text-align: justify; text-indent: 35.4pt;\"><span style=\"font-size: 12pt; font-family: 'Arial', sans-serif; color: #000000;\"> Az\u0259rbaycan m&uuml;st\u0259qillik ill\u0259rind\u0259 b&ouml;y&uuml;k inki\u015faf yolu ke&ccedil;ib. D&uuml;nya d&ouml;vl\u0259tl\u0259ri t\u0259r\u0259find\u0259n tan\u0131nan, bir &ccedil;ox iqtisadi forumlarda m&ouml;ht\u0259\u015f\u0259m layih\u0259l\u0259rd\u0259 imzas\u0131 olan d&ouml;vl\u0259timizin iqtisadi q&uuml;dr\u0259ti g&uuml;nb\u0259g&uuml;n art\u0131r. Son ill\u0259r &ouml;lk\u0259 iqtisadiyyat\u0131n\u0131n dinamik inki\u015faf\u0131n\u0131n t\u0259min olunmas\u0131 i\u015fl\u0259ri il\u0259 paralel olaraq, iqtisadi f\u0259aliyy\u0259tin v\u0259 g\u0259lirl\u0259rin tam \u015f\u0259ffafla\u015fd\u0131r\u0131lmas\u0131 istiqam\u0259tind\u0259 ard\u0131c\u0131l olaraq islahatlar h\u0259yata ke&ccedil;irilmi\u015fdir. Bu islahatlar &ldquo;k&ouml;lg\u0259&rdquo; iqtisadiyyat\u0131n\u0131n miqyas\u0131n\u0131n \u0259h\u0259miyy\u0259tli d\u0259r\u0259c\u0259d\u0259 ki&ccedil;ilm\u0259sin\u0259 v\u0259 r\u0259qab\u0259t m&uuml;hitinin yax\u015f\u0131la\u015fmas\u0131na imkan yaratm\u0131\u015fd\u0131r.<\/span><\/p>\n<p style=\"margin-bottom: 0.0001pt; text-align: justify; text-indent: 35.4pt;\"><span style=\"color: #000000;\"><b><span style=\"font-size: 12pt; font-family: 'Arial', sans-serif;\">D&ouml;vl\u0259t t\u0259r\u0259find\u0259n t\u0259kmil n\u0259zar\u0259t v\u0259 t\u0259\u015fviqy&ouml;n&uuml;ml&uuml; mexanizml\u0259rin geni\u015f t\u0259tbiqi n\u0259tic\u0259sind\u0259 iqtisadi f\u0259aliyy\u0259t sah\u0259l\u0259rind\u0259 \u015f\u0259ffafl\u0131\u011f\u0131n ciddi \u015f\u0259kild\u0259 artmas\u0131na nail olunmu\u015fdur. <\/span><\/b><span style=\"font-size: 12pt; font-family: 'Arial', sans-serif;\">Bununla da d&ouml;vl\u0259t-biznes m&uuml;nasib\u0259tl\u0259ri daha sa\u011flam \u0259saslar &uuml;z\u0259rind\u0259 qurulmu\u015f, b&uuml;t&uuml;n sah\u0259l\u0259rd\u0259 maliyy\u0259 intizam\u0131 yax\u015f\u0131la\u015fm\u0131\u015fd\u0131r. <\/span><\/span><\/p>\n<p style=\"margin-bottom: 0.0001pt; text-align: justify; text-indent: 35.4pt;\"><span style=\"font-size: 12pt; font-family: 'Arial', sans-serif; color: #000000;\">Statistik m\u0259lumatlara g&ouml;r\u0259,2020-ci ilin I r&uuml;b&uuml;nd\u0259 d&ouml;vl\u0259t b&uuml;dc\u0259sin\u0259 qeyri-neft sektoru &uuml;zr\u0259 daxilolmalar 21.3% artaraq 1.4 mlrd.manat\u0131 &uuml;st\u0259l\u0259mi\u015fdir. <\/span><\/p>\n<p style=\"margin-bottom: 0.0001pt; text-align: justify; text-indent: 35.4pt;\"><span style=\"font-size: 12pt; font-family: 'Arial', sans-serif; color: #000000;\">Paralel olaraq \u0259m\u0259k haqq\u0131 fondu da artrm\u0131\u015fd\u0131r. 2019-cu ild\u0259 \u0259m\u0259k m&uuml;qavil\u0259l\u0259rinin say\u0131 153 min artm\u0131\u015f, o c&uuml;ml\u0259d\u0259n bu art\u0131m\u0131n 99 mini &ouml;z\u0259l sektorun pay\u0131na d&uuml;\u015fm&uuml;\u015fd&uuml;r. &Uuml;mumilikd\u0259 son 5 r&uuml;b, y\u0259ni 2019-cu il v\u0259 cari ilin birinci r&uuml;b&uuml; \u0259rzind\u0259 \u0259m\u0259k m&uuml;qavil\u0259l\u0259rinin say\u0131 172 mind\u0259n &ccedil;ox artm\u0131\u015fd\u0131r. Yeri g\u0259lmi\u015fk\u0259n qeyd etm\u0259k yerin\u0259 d&uuml;\u015f\u0259r ki, &ouml;t\u0259n il &ouml;lk\u0259 &nbsp;&nbsp;&nbsp;&nbsp;&nbsp;&nbsp;&nbsp;&nbsp; Prezidentinin imzalad\u0131\u011f\u0131 bir s\u0131ra s\u0259r\u0259ncamlara \u0259sas\u0259n minimum \u0259m\u0259k haqq\u0131, pensiya v\u0259 sosial m&uuml;avin\u0259tl\u0259r art\u0131r\u0131lm\u0131\u015f, \u015f\u0259hid ail\u0259l\u0259rin\u0259 bird\u0259f\u0259lik m&uuml;avin\u0259tl\u0259r verilmi\u015f, \u0259halinin sosial rifah\u0131n\u0131n yax\u015f\u0131la\u015fd\u0131r\u0131lmas\u0131 istiqam\u0259tind\u0259 m&uuml;xt\u0259lif layih\u0259l\u0259r realla\u015fm\u0131\u015fd\u0131r. <\/span><\/p>\n<p style=\"margin-bottom: 0.0001pt; text-align: justify; text-indent: 35.4pt;\"><span style=\"font-size: 12pt; font-family: 'Arial', sans-serif; color: #000000;\">Cari ilin \u0259vv\u0259ll\u0259rind\u0259n d&uuml;nya d&ouml;vl\u0259tl\u0259rind\u0259 s&uuml;r\u0259tl\u0259 yay\u0131lan pandemiayan\u0131n qar\u015f\u0131s\u0131n\u0131n al\u0131nmas\u0131, &ouml;lk\u0259\u0131mizd\u0259 geni\u015fl\u0259nm\u0259m\u0259si &uuml;&ccedil;&uuml;n m\u0259qs\u0259d\u0259uy\u011fun t\u0259dbirl\u0259r h\u0259yata ke&ccedil;irilib. Az\u0259rbaycan Respublikas\u0131n\u0131n Prezidenti c\u0259nab \u0130lham \u018fliyevin tap\u015f\u0131r\u0131\u011f\u0131 il\u0259 Nazirl\u0259r Kabinetinin t\u0259sdiq etdiyi v\u0259 pandemiyan\u0131n iqtisadiyyata, sosial rifaha v\u0259 m\u0259\u015f\u011fullu\u011fa m\u0259nfi t\u0259sirl\u0259rinin azald\u0131lmas\u0131na xidm\u0259t ed\u0259n T\u0259dbirl\u0259r Plan\u0131n\u0131n m&uuml;h&uuml;m bir istiqam\u0259ti d\u0259 i\u015f yerl\u0259rinin v\u0259 i\u015f&ccedil;il\u0259rin \u0259m\u0259k haqlar\u0131n\u0131n qorunmas\u0131, \u0259halinin m\u0259\u015f\u011fulluq imkanlar\u0131n\u0131n art\u0131r\u0131lmas\u0131na y&ouml;n\u0259lib. <\/span><\/p>\n<p style=\"margin-bottom: 0.0001pt; text-align: justify; text-indent: 35.4pt;\"><span style=\"font-size: 12pt; font-family: 'Arial', sans-serif; color: #000000;\">Pandemiya d&ouml;vr&uuml;nd\u0259 d&ouml;vl\u0259t v\u0259 &ouml;z\u0259l sektorda i\u015f&ccedil;il\u0259rin \u0259sass\u0131z yer\u0259 i\u015fd\u0259n &ccedil;\u0131xar\u0131lmamas\u0131, ixtisar\u0131na yol verilm\u0259m\u0259si v\u0259 m\u0259zuniyy\u0259t\u0259 burax\u0131lan i\u015f&ccedil;il\u0259rin \u0259m\u0259k haqlar\u0131n\u0131n saxlanmas\u0131 istiqam\u0259tind\u0259 m\u0259qs\u0259dy&ouml;nl&uuml; i\u015fl\u0259r apar\u0131ld\u0131. N\u0259tic\u0259d\u0259 m&ouml;vcud i\u015f yerl\u0259ri n\u0259inki qorundu, h\u0259m&ccedil;inin&ldquo;\u018fm\u0259k m&uuml;qavil\u0259si bildiri\u015fi&rdquo; altsistemind\u0259n may\u0131n 1-d\u0259 \u0259ld\u0259 olunan m\u0259lumata \u0259sas\u0259n, 2020-ci ilin \u0259vv\u0259lind\u0259n \u0259m\u0259k m&uuml;qavil\u0259l\u0259rinin say\u0131nda 105 min n\u0259f\u0259rlik (o c&uuml;ml\u0259d\u0259n &ouml;z\u0259l sektorda 94 min\u0259 yax\u0131n) art\u0131m oldu. Yeni i\u015f yerl\u0259rinin yarad\u0131lmas\u0131, \u0259halinin m\u0259\u015f\u011fullu\u011funun t\u0259min edilm\u0259si Prezidentimizin diqq\u0259t m\u0259rk\u0259zind\u0259dir. Son ill\u0259r paytaxt Bak\u0131da v\u0259 regionlarda yeni Xidm\u0259t M\u0259rk\u0259zl\u0259rinin, S\u0259naye Parklar\u0131n\u0131n yarad\u0131lmas\u0131, y&uuml;zl\u0259rl\u0259 insan\u0131n i\u015fl\u0259 t\u0259min olunmas\u0131na \u015f\u0259rait yarad\u0131b.&nbsp;&nbsp; <\/span><\/p>\n<p style=\"margin-bottom: 0.0001pt; text-align: justify; text-indent: 35.4pt;\"><span style=\"font-size: 12pt; font-family: 'Arial', sans-serif; color: #000000;\"> Pandemiya d&ouml;vr&uuml;nd\u0259 muzdla i\u015fl\u0259y\u0259n 1 milyon 660 min \u015f\u0259xsin m\u0259\u015f\u011fullu\u011fu t\u0259min edildi v\u0259 onlar i\u015fsizlik riskind\u0259n qorundu. <\/span><\/p>\n<p style=\"margin-bottom: 0.0001pt; text-align: justify; text-indent: 35.4pt;\"><span style=\"color: #000000;\"><b><span style=\"font-size: 12pt; font-family: 'Arial', sans-serif;\">\u015e\u0259ffaf f\u0259aliyy\u0259t i\u015f yerl\u0259rinin qorunmas\u0131n\u0131 v\u0259 d&ouml;vl\u0259tin b&uuml;t&uuml;n g&uuml;z\u0259\u015ftl\u0259rin\u0259 tam &ccedil;\u0131x\u0131\u015f imkanlar\u0131n\u0131 t\u0259min etdi. <\/span><\/b><span style=\"font-size: 12pt; font-family: 'Arial', sans-serif;\">D&ouml;vl\u0259t t\u0259r\u0259find\u0259n iqtisadi sah\u0259l\u0259r\u0259 v\u0259 \u0259haliy\u0259 n\u0259z\u0259rd\u0259 tutulan g&uuml;z\u0259\u015ftl\u0259r t\u0259bii olaraq &ouml;z d&ouml;vriyy\u0259sini a\u011fartm\u0131\u015f subyektl\u0259ri \u0259hat\u0259 edir. Koronavirus pandemiyas\u0131 d&ouml;vr&uuml;nd\u0259 haz\u0131rlanan T\u0259dbirl\u0259r plan\u0131 buna m&uuml;h&uuml;m n&uuml;mun\u0259 ola bil\u0259r.T\u0259dbirl\u0259r plan\u0131nda Az\u0259rbaycan Respublikas\u0131 Prezidentinin S\u0259r\u0259ncam\u0131 il\u0259 z\u0259r\u0259r &ccedil;\u0259k\u0259n sah\u0259l\u0259rd\u0259 iqtisadi aktivliyin d\u0259st\u0259kl\u0259nm\u0259sin\u0259 900 mln.manat birba\u015fa kompensasiya &ouml;d\u0259ni\u015fi ayr\u0131lm\u0131\u015fd\u0131r.<\/span><\/span><\/p>\n<p style=\"margin-bottom: 0.0001pt; text-align: justify; text-indent: 35.4pt;\"><span style=\"font-size: 12pt; font-family: 'Arial', sans-serif; color: #000000;\">Bu &ccedil;\u0259r&ccedil;iv\u0259d\u0259 muzdlu i\u015f&ccedil;il\u0259rin i\u015f yerl\u0259ri qorunmu\u015f, z\u0259r\u0259r &ccedil;\u0259k\u0259n sahibkarlara maliyy\u0259 d\u0259st\u0259yi g&ouml;st\u0259rilmi\u015f, onlara geni\u015f vergi g&uuml;z\u0259\u015ftl\u0259ri verilmi\u015f, f\u0259aliyy\u0259t sah\u0259l\u0259rin\u0259 ayr\u0131lan1.5 mlrd.manat bank kreditl\u0259rin\u0259 d&ouml;vl\u0259t z\u0259man\u0259ti verilmi\u015f v\u0259 faizl\u0259ri subsidiya edilmi\u015fdir.<\/span><\/p>\n<p style=\"margin-bottom: 0.0001pt; text-align: justify; text-indent: 35.4pt;\"><span style=\"color: #000000;\"><b><span style=\"font-size: 12pt; font-family: 'Arial', sans-serif;\">Qeyri-formal f\u0259aliyy\u0259t g&ouml;st\u0259r\u0259nl\u0259r is\u0259 d&ouml;vl\u0259tin yaratd\u0131\u011f\u0131 imkanlardan bir &ccedil;ox hallarda m\u0259hrum oldu. <\/span><\/b><span style=\"font-size: 12pt; font-family: 'Arial', sans-serif;\">Bel\u0259 &ldquo;i\u015fg&uuml;zar c\u0259miyy\u0259t&rdquo; uzun m&uuml;dd\u0259t &ldquo;k&ouml;lg\u0259&rdquo;d\u0259 olmaqla d&ouml;vl\u0259t il\u0259 \u0259m\u0259kda\u015fl\u0131q imkanlar\u0131n\u0131 itirdi v\u0259 n\u0259tic\u0259d\u0259 d&ouml;vl\u0259t-biznes m&uuml;nasib\u0259tl\u0259rind\u0259n k\u0259narda qald\u0131. D&ouml;vl\u0259timiz b&uuml;t&uuml;n g&uuml;z\u0259\u015ft v\u0259 stimulla\u015fd\u0131r\u0131c\u0131 t\u0259dbirl\u0259ri d&ouml;vl\u0259tl\u0259 \u0259m\u0259kda\u015fl\u0131q ed\u0259n sahibkar v\u0259 v\u0259t\u0259nda\u015fa \u015famil etm\u0259kl\u0259 bir daha sahibkarlara g&ouml;st\u0259ril\u0259n d&ouml;vl\u0259t d\u0259st\u0259yinin \u0259h\u0259miyy\u0259tini t\u0259sdiql\u0259di. <\/span><\/span><\/p>\n<p style=\"margin-bottom: 0.0001pt; text-align: justify; text-indent: 35.4pt;\"><span style=\"font-size: 12pt; font-family: 'Arial', sans-serif; color: #000000;\">\u0130qtisadiyyata m\u0259nfi t\u0259sirl\u0259r zaman\u0131 f\u0259aliyy\u0259tind\u0259 d&uuml;r&uuml;st olan intizaml\u0131 sahibkar\u0131 v\u0259 v\u0259t\u0259nda\u015f\u0131 qorumaq daha asan oldu. Qeyri-\u015f\u0259ffaf f\u0259aliyy\u0259td\u0259 olanlar is\u0259 d&ouml;vl\u0259tin geni\u015f maliyy\u0259 d\u0259st\u0259yinin daha b&ouml;y&uuml;k hiss\u0259sind\u0259n k\u0259narda qal\u0131r.<\/span><\/p>\n<p style=\"margin-bottom: 0.0001pt; text-align: justify; text-indent: 35.4pt;\"><span style=\"color: #000000;\"><b><span style=\"font-size: 12pt; font-family: 'Arial', sans-serif;\">Bununla yana\u015f\u0131, d&ouml;vl\u0259timiz h\u0259tta qeyri-formal m\u0259\u015f\u011fulluq sah\u0259sind\u0259 f\u0259aliyy\u0259t g&ouml;st\u0259r\u0259n v\u0259 &ldquo;k&ouml;lg\u0259&rdquo;d\u0259 olan v\u0259t\u0259nda\u015flar\u0131na bel\u0259 \u0259n &ccedil;\u0259tin d&ouml;vrl\u0259rd\u0259 sosial d&ouml;vl\u0259t m&ouml;vqeyind\u0259n &ccedil;\u0131x\u0131\u015f ed\u0259r\u0259k &ouml;z d\u0259st\u0259yini g&ouml;st\u0259rir. <\/span><\/b><\/span><\/p>\n<p style=\"margin-bottom: 0.0001pt; text-align: justify; text-indent: 35.4pt;\"><span style=\"font-size: 12pt; font-family: 'Arial', sans-serif; color: #000000;\">Pandemiya il\u0259 \u0259laq\u0259dar t\u0259tbiq edil\u0259n x&uuml;susi rejimli karantin d&ouml;vr&uuml;nd\u0259 qeyri-formal m\u0259\u015f\u011ful v\u0259t\u0259nda\u015flar t\u0259bii ki, \u015f\u0259ffaf olmayan g\u0259lir m\u0259nb\u0259yini itirdil\u0259r. Pandemiyan\u0131n yay\u0131lmas\u0131n\u0131n qar\u015f\u0131s\u0131n\u0131n al\u0131nmas\u0131, \u0259halinin sosial v\u0259ziyy\u0259tinin yax\u015f\u0131la\u015fmas\u0131 &uuml;&ccedil;&uuml;n z\u0259ruri olan t\u0259dbirl\u0259rin g&ouml;r&uuml;lm\u0259si, \u0259hali aras\u0131nda &ccedil;a\u015fq\u0131nl\u0131\u011f\u0131n yaranmamas\u0131ndan &ouml;tr&uuml; q\u0259tiyy\u0259tli add\u0131mlar\u0131n at\u0131lmas\u0131 vacib idi. Bu v\u0259ziyy\u0259t \u0259slind\u0259 d&ouml;vl\u0259ti &ccedil;\u0259tin se&ccedil;im qar\u015f\u0131s\u0131nda qoymu\u015fdu. Lakin &ouml;lk\u0259 ba\u015f&ccedil;\u0131s\u0131n\u0131n humanizmi, Az\u0259rbaycan v\u0259t\u0259nda\u015f\u0131na diqq\u0259t v\u0259 qay\u011f\u0131s\u0131 say\u0259sind\u0259 h\u0259tta \u0259vv\u0259ll\u0259r qeyri-formal sektorda &ccedil;al\u0131\u015fanlar\u0131n da sosial m&uuml;dafi\u0259sinin n\u0259z\u0259r\u0259 al\u0131nmas\u0131 t\u0259min edildi.<\/span><\/p>\n<p style=\"margin-bottom: 0.0001pt; text-align: justify; text-indent: 35.4pt;\"><span style=\"font-size: 12pt; font-family: 'Arial', sans-serif; color: #000000;\">Aprelin 17-d\u0259 Prezident c\u0259nab \u0130lham \u018fliyev ke&ccedil;irdiyi videoba\u011flant\u0131 format\u0131nda iclasda 600 min insana iki ay \u0259rzind\u0259 h\u0259r ay 190 manat bird\u0259f\u0259lik v\u0259sait verilm\u0259sini tap\u015f\u0131rd\u0131. &ldquo;Bu kateqoriyaya aid olan insanlar azt\u0259minatl\u0131 t\u0259b\u0259q\u0259nin n&uuml;may\u0259nd\u0259l\u0259ridir, eyni zamanda, koronavirusla ba\u011fl\u0131 i\u015fini m&uuml;v\u0259qq\u0259ti itir\u0259n v\u0259 qeyri-formal m\u0259\u015f\u011ful insanlard\u0131r. Onlar\u0131n da probleml\u0259rini d&ouml;vl\u0259t &ouml;z &uuml;z\u0259rin\u0259 g&ouml;t&uuml;r&uuml;r&rdquo;, dey\u0259 vur\u011fulayan c\u0259nab Prezident bir daha dedi: &ldquo;Baxmayaraq, m\u0259n d\u0259f\u0259l\u0259rl\u0259 onlara m&uuml;raci\u0259t etmi\u015f\u0259m ki, qeyri-formal m\u0259\u015f\u011fullu\u011fa son qoyun, &ccedil;&uuml;nki bu, sizin &uuml;&ccedil;&uuml;n problem yaradacaq. Siz i\u015fsizlikd\u0259n s\u0131\u011forta, i\u015fsizlik m&uuml;avin\u0259ti, pensiya, tibbi s\u0131\u011forta ala bilm\u0259y\u0259c\u0259ksiniz. Son vaxtlar \u018fm\u0259k v\u0259 \u018fhalinin Sosial M&uuml;dafi\u0259si Nazirliyi, \u0130qtisadiyyat Nazirliyi v\u0259 dig\u0259r aidiyy\u0259ti qurumlar\u0131n f\u0259aliyy\u0259ti n\u0259tic\u0259sind\u0259 on minl\u0259rl\u0259 yeni \u0259m\u0259k m&uuml;qavil\u0259si ba\u011flan\u0131ld\u0131. M\u0259n &uuml;mid edir\u0259m ki, bu a\u011f\u0131r v\u0259ziyy\u0259td\u0259n sonra bunu n\u0259z\u0259r\u0259 alaraq bu g&uuml;n h\u0259l\u0259 d\u0259 k&ouml;lg\u0259 iqtisadiyyat\u0131nda &ccedil;al\u0131\u015fan insanlar da d\u0259rk ed\u0259c\u0259kl\u0259r ki, yegan\u0259 &ccedil;\u0131x\u0131\u015f yolu k&ouml;lg\u0259 iqtisadiyyat\u0131ndan &ccedil;\u0131xmaqd\u0131r. Sahibkarlara m&uuml;raci\u0259t edir\u0259m, qeyri-formal m\u0259\u015f\u011fullu\u011fa son qoyun. \u0130\u015f&ccedil;il\u0259r\u0259 m&uuml;raci\u0259t edir\u0259m bir daha, \u0259m\u0259k m&uuml;qavil\u0259si olmadan i\u015fl\u0259m\u0259yin, t\u0259l\u0259b edin. \u018fg\u0259r hans\u0131sa sahibkar sizinl\u0259 \u0259m\u0259k m&uuml;qavil\u0259si ba\u011flamaq ist\u0259mirs\u0259, \u018fm\u0259k v\u0259 \u018fhalinin Sosial M&uuml;dafi\u0259si Nazirliyin\u0259, \u0130qtisadiyyat Nazirliyin\u0259, Prezident Administrasiyas\u0131na d\u0259rhal m\u0259lumat verin&rdquo;.<\/span><\/p>\n<p style=\"margin-bottom: 0.0001pt; text-align: justify; text-indent: 35.4pt;\"><span style=\"font-size: 12pt; font-family: 'Arial', sans-serif; color: #000000;\">Bel\u0259likl\u0259, pandemiya d&ouml;vr&uuml;nd\u0259 i\u015fsiz kimi qeydiyyata al\u0131nan 600 min v\u0259t\u0259nda\u015fa iki ay m&uuml;dd\u0259tind\u0259 ya\u015fay\u0131\u015f minimumu h\u0259cmind\u0259 (190 manat) bird\u0259f\u0259lik m&uuml;avin\u0259tin verilm\u0259si n\u0259z\u0259rd\u0259 tutuldu. Halbuki, \u015f\u0259ffaf f\u0259aliyy\u0259t g&ouml;st\u0259rm\u0259kl\u0259 d&ouml;vl\u0259tin b&uuml;t&uuml;n maliyy\u0259 yard\u0131m\u0131ndan faydalanmaq v\u0259 daha &ccedil;ox sosial yard\u0131m \u0259ld\u0259 etm\u0259k olard\u0131.<\/span><\/p>\n<p style=\"margin-bottom: 0.0001pt; text-align: justify; text-indent: 35.4pt;\"><span style=\"font-size: 12pt; font-family: 'Arial', sans-serif; color: #000000;\">Bel\u0259 ki, \u0259m\u0259k qabiliyy\u0259tli ail\u0259 &uuml;zv&uuml;n&uuml;n formal sektorda i\u015fl\u0259m\u0259si t\u0259l\u0259bi \u0259sas \u015f\u0259rtl\u0259rd\u0259n olan &uuml;nvanl\u0131 d&ouml;vl\u0259t sosial yard\u0131m proqram\u0131n\u0131n \u0259hat\u0259 dair\u0259si pandemiya d&ouml;vr&uuml;nd\u0259 geni\u015fl\u0259nmi\u015f, t\u0259kc\u0259 aprel ay\u0131nda \u0259lav\u0259 12 min ail\u0259 (50 min ail\u0259 &uuml;zv&uuml;) d\u0259 bu proqrama c\u0259lb edilmi\u015f v\u0259 haz\u0131rda 82 mind\u0259n &ccedil;ox ail\u0259nin 342 min &uuml;zv&uuml; &uuml;nvanl\u0131 d&ouml;vl\u0259t sosial yard\u0131m\u0131 il\u0259 t\u0259min edilir. Karantin d&ouml;vr&uuml;nd\u0259 &ouml;lk\u0259mizd\u0259 t\u0259tbiq edil\u0259n qaydalara \u0259halinin ciddi yana\u015fmas\u0131, ya\u015f\u0131 65-d\u0259n yuxar\u0131 v\u0259t\u0259nda\u015flar\u0131n evd\u0259n &ccedil;&ouml;l\u0259 &ccedil;\u0131xmamas\u0131, dig\u0259r t\u0259r\u0259fd\u0259n is\u0259 yaln\u0131z vacib olan halda insanlar\u0131n icaz\u0259 ald\u0131qdan sonra t\u0259yin olunan vaxtda ya\u015fad\u0131\u011f\u0131 \u0259razini t\u0259rk etm\u0259si xalq\u0131m\u0131z\u0131n d&ouml;vl\u0259t\u0259 olan h&ouml;rm\u0259t v\u0259 ehtiram\u0131n\u0131n t\u0259c\u0259ss&uuml;m&uuml;d&uuml;r. Pensiya, t\u0259qa&uuml;d v\u0259 m&uuml;avin\u0259tl\u0259rin vaxt\u0131ndan \u0259vv\u0259l verilm\u0259si- 2 milyon \u015f\u0259xs\u0259 &ouml;d\u0259ni\u015fl\u0259rin davaml\u0131l\u0131\u011f\u0131 t\u0259min edilib, o c&uuml;ml\u0259d\u0259n azt\u0259minatl\u0131 ail\u0259l\u0259r\u0259 , t\u0259nha ya\u015fayan v\u0259t\u0259nda\u015flara sosial yard\u0131mlar\u0131n g&ouml;st\u0259rilm\u0259si v\u0259 h\u0259m&ccedil;inin sosial xidm\u0259tin g&ouml;st\u0259rilm\u0259si d\u0259 t\u0259qdir\u0259layiq hallardand\u0131r. <\/span><\/p>\n<p style=\"margin-bottom: 0.0001pt; text-align: justify; text-indent: 35.4pt;\"><span style=\"color: #000000;\"><b><span style=\"font-size: 12pt; font-family: 'Arial', sans-serif;\">Koronavirus d&ouml;vr&uuml;n&uuml;n &ldquo;ac\u0131 n\u0259tic\u0259l\u0259ri&rdquo;ni n\u0259z\u0259r\u0259 alaraq h\u0259r bir sahibkar v\u0259 v\u0259t\u0259nda\u015f \u015f\u0259ffaf f\u0259aliyy\u0259t g&ouml;st\u0259rm\u0259lidir. <\/span><\/b><span style=\"font-size: 12pt; font-family: 'Arial', sans-serif;\">D&ouml;vl\u0259tin biznesd\u0259n v\u0259 \u0259halid\u0259n g&ouml;zl\u0259ntisi &#8211; f\u0259aliyy\u0259tin tam \u015f\u0259ffafla\u015fd\u0131r\u0131lmas\u0131d\u0131r. <\/span><\/span><\/p>\n<p style=\"margin-bottom: 0.0001pt; text-align: justify; text-indent: 35.4pt;\"><span style=\"font-size: 12pt; font-family: 'Arial', sans-serif; color: #000000;\">\u015e\u0259ffafl\u0131q sahibkar\u0131n v\u0259 v\u0259t\u0259nda\u015f\u0131n g&ouml;zl\u0259nilm\u0259z t\u0259sirl\u0259r\u0259 haz\u0131rl\u0131ql\u0131 olmas\u0131n\u0131 t\u0259min edir. Bu &uuml;st&uuml;nl&uuml;y&uuml; g&ouml;rm\u0259yi bacaranlar d&ouml;vl\u0259t ba\u015f&ccedil;\u0131s\u0131 il\u0259 h\u0259mr\u0259ylik n&uuml;mayi\u015f etdirdi. Koronavirus t\u0259cr&uuml;b\u0259si bel\u0259 bir h\u0259mr\u0259yliyin olduqca vacib oldu\u011funu bir daha t\u0259sdiq etdi. Sosial v\u0259 vergi &ouml;d\u0259ni\u015fl\u0259rini vaxt\u0131nda &ouml;d\u0259y\u0259n sahibkarlar d&ouml;vl\u0259t d\u0259st\u0259yind\u0259n faydaland\u0131lar, bu m\u0259s\u0259l\u0259y\u0259 m\u0259suliyy\u0259tsiz yana\u015fan sahibkarlar is\u0259 &ouml;z yanl\u0131\u015f f\u0259aliyy\u0259tl\u0259ri say\u0259sind\u0259 bundan m\u0259hrum oldular. El\u0259 h\u0259min m\u0259suliyy\u0259tsiz sahibkarlar\u0131n qeyri-ciddi \u0259m\u0259ll\u0259ri ortaya &ccedil;\u0131xd\u0131. <\/span><\/p>\n<p style=\"margin-bottom: 0.0001pt; text-align: justify; text-indent: 35.4pt;\"><span style=\"font-size: 12pt; font-family: 'Arial', sans-serif; color: #000000;\">&Ouml;lk\u0259 ba\u015f&ccedil;\u0131s\u0131n\u0131n qeyd etdiyi kimi, &ldquo;burada t\u0259kc\u0259 d&ouml;vl\u0259t orqanlar\u0131n\u0131n f\u0259aliyy\u0259ti kifay\u0259t deyil. Biznes dair\u0259l\u0259ri d\u0259 &ouml;z m\u0259suliyy\u0259tini d\u0259rk etm\u0259li v\u0259 \u0259yri yola getm\u0259m\u0259li, &ouml;z f\u0259aliyy\u0259tini k&ouml;lg\u0259d\u0259n &ccedil;\u0131xarmal\u0131d\u0131rlar&#8230;&rdquo;. \u018fks halda, \u0259m\u0259k m&uuml;qavil\u0259sinin v\u0259 \u015f\u0259ffaf f\u0259aliyy\u0259tin olmamas\u0131 koronavirus d&ouml;vr&uuml;nd\u0259 oldu\u011fu kimi, v\u0259t\u0259nda\u015f &uuml;&ccedil;&uuml;n yeni h\u0259yat d\u0259rsin\u0259 &ccedil;evril\u0259c\u0259k. <\/span><\/p>\n<p style=\"margin-bottom: 0.0001pt; text-align: justify; text-indent: 35.4pt;\"><span style=\"font-size: 12pt; font-family: 'Arial', sans-serif; color: #000000;\">Bunu n\u0259z\u0259r\u0259 alaraq iqtisadi f\u0259aliyy\u0259td\u0259 m\u0259suliyy\u0259t v\u0259 nizam-intizama &uuml;st&uuml;nl&uuml;k verilm\u0259li, bu birlik post-koronavirus d&ouml;vr&uuml;nd\u0259 d\u0259 davam etdirilm\u0259lidir.<\/span><\/p>\n<p style=\"margin-bottom: 0.0001pt; text-align: justify; text-indent: 35.4pt;\"><span style=\"font-size: 12pt; font-family: 'Arial', sans-serif; color: #000000;\">Pandemiya d&ouml;vr&uuml;nd\u0259 t\u0259tbiq edil\u0259n karantin t\u0259dbiri xalq\u0131n birliyini n&uuml;mayi\u015f etdirib.<\/span><\/p>\n<p style=\"margin-bottom: 0.0001pt; text-align: justify; text-indent: 35.4pt;\"><span style=\"font-size: 12pt; font-family: 'Arial', sans-serif; color: #000000;\"> Regionlarda da v\u0259t\u0259nda\u015flar t\u0259tbiq edil\u0259n qada\u011falara h&ouml;rm\u0259tl\u0259 yana\u015f\u0131blar. Az\u0259rbaycan\u0131n d&ouml;rd&uuml;nc&uuml; \u015f\u0259h\u0259ri, 130 mind\u0259n &ccedil;ox \u0259halisi olan Ming\u0259&ccedil;evird\u0259 karantin d&ouml;vr&uuml;nd\u0259 bir s\u0131ra t\u0259dbirl\u0259r h\u0259yata ke&ccedil;irilib. \u018fn \u0259vv\u0259l parklara, istirah\u0259t ba\u011flar\u0131na giri\u015f qada\u011fan olunub. \u018fhalinin 65 ya\u015fdan yuxar\u0131 t\u0259b\u0259q\u0259si evd\u0259n &ccedil;&ouml;l\u0259 &ccedil;\u0131xmamaqla h\u0259m d&ouml;vl\u0259timiz\u0259 olan sevgil\u0259rini ifad\u0259 edibl\u0259r, h\u0259m d\u0259 sa\u011flaml\u0131qlar\u0131 &uuml;&ccedil;&uuml;n bu rejim\u0259 ciddi yana\u015f\u0131blar. <\/span><\/p>\n<p style=\"margin-bottom: 0.0001pt; text-align: justify; text-indent: 35.4pt;\"><span style=\"font-size: 12pt; font-family: 'Arial', sans-serif; color: #000000;\">\u015e\u0259h\u0259r \u0130cra Hakimiyy\u0259tinin \u0259m\u0259kda\u015flar\u0131 mart v\u0259 aprel aylar\u0131nda \u0259hali aras\u0131nda maarifl\u0259ndirm\u0259 i\u015fl\u0259ri aparmaqla insanlar\u0131 s\u0259hv d&uuml;\u015f&uuml;nc\u0259l\u0259rd\u0259n qoruyublar. 600-d\u0259n art\u0131q t\u0259nha v\u0259t\u0259nda\u015fa v\u0259 azt\u0259minatl\u0131 ail\u0259y\u0259 \u0259rzaq yard\u0131m\u0131 g&ouml;st\u0259rilib. <\/span><\/p>\n<p style=\"margin-bottom: 0.0001pt; text-align: justify; text-indent: 35.4pt;\"><span style=\"font-size: 12pt; font-family: 'Arial', sans-serif; color: #000000;\">Sosial izolyasiya t\u0259dbirl\u0259ri &ccedil;\u0259r&ccedil;iv\u0259sind\u0259 Ming\u0259&ccedil;evir D&ouml;vl\u0259t Universitetind\u0259, Kollecl\u0259rd\u0259, &uuml;mumt\u0259hsil ocaqlar\u0131nda, t\u0259lim t\u0259rbiy\u0259 m&uuml;\u0259ssis\u0259l\u0259rind\u0259, idar\u0259 v\u0259 m&uuml;\u0259ssis\u0259l\u0259rd\u0259, banklarda v\u0259 marketl\u0259rd\u0259 davaml\u0131 olaraq dezinfeksiya i\u015fl\u0259ri apar\u0131l\u0131b. Parklarda, k&uuml;&ccedil;\u0259l\u0259rd\u0259, ya\u015fay\u0131\u015f binalar\u0131n\u0131n bloklar\u0131nda, \u015fosse yollar\u0131nda m&uuml;t\u0259madi apar\u0131lan dezinfeksiya \u0259halinin sa\u011flaml\u0131\u011f\u0131 namin\u0259 realla\u015f\u0131b. Bu izolyasiya t\u0259dbirl\u0259ri h\u0259m d\u0259 antisanitariyan\u0131n yay\u0131lmas\u0131n\u0131n qar\u015f\u0131s\u0131n\u0131 al\u0131b. <\/span><\/p>\n<p style=\"margin-bottom: 0.0001pt; text-align: justify; text-indent: 35.4pt;\"><span style=\"font-size: 12pt; font-family: 'Arial', sans-serif; color: #000000;\">Qeyd etm\u0259k yerin\u0259 d&uuml;\u015f\u0259r ki, pandemiya il\u0259 m&uuml;bariz\u0259 d&ouml;vr&uuml;nd\u0259 Ming\u0259&ccedil;evir g\u0259ncl\u0259ri, YAP \u015f\u0259h\u0259r t\u0259\u015fkilat\u0131n\u0131n k&ouml;n&uuml;ll&uuml;l\u0259ri d\u0259 maarifl\u0259ndirm\u0259 i\u015fl\u0259rinin apar\u0131lmas\u0131nda f\u0259all\u0131q g&ouml;st\u0259ribl\u0259r. Ya\u015f\u0131 65-d\u0259n yuxar\u0131 olan v\u0259t\u0259nda\u015flara sosial xidm\u0259tl\u0259r g&ouml;st\u0259rilib, spirt, maska, \u0259lc\u0259k v\u0259 d\u0259rman preparatlar\u0131 al\u0131n\u0131b, kommunal &ouml;d\u0259ni\u015fl\u0259ri &ouml;d\u0259nilib. <\/span><\/p>\n<p style=\"margin-bottom: 0.0001pt; text-align: right; text-indent: 35.4pt;\"><span style=\"color: #000000;\"><b><span style=\"font-size: 12pt; font-family: 'Arial', sans-serif;\"><\/span><\/b><\/span><\/p>\n<p style=\"margin-bottom: 0.0001pt; text-align: right; text-indent: 35.4pt;\"><span style=\"color: #000000;\"><b><span style=\"font-size: 12pt; font-family: 'Arial', sans-serif;\">Mirs\u0259di Da\u015fd\u0259mirov,<\/span><\/b><\/span><\/p>\n<p style=\"margin-bottom: 0.0001pt; text-align: right; text-indent: 35.4pt;\"><b><span style=\"font-size: 12pt; font-family: 'Arial', sans-serif; color: black;\"><span style=\"color: #000000;\">&ldquo;Ming\u0259&ccedil;evir&rdquo; q\u0259zetinin ba\u015f redakt<\/span>oru <\/span><\/b><\/p>","protected":false},"excerpt":{"rendered":"<p>D&ouml;vl\u0259t-v\u0259t\u0259nda\u015f h\u0259mr\u0259yliyin\u0259 t&ouml;hf\u0259: k&ouml;lg\u0259d\u0259n i\u015f\u0131\u011fa do\u011fru &nbsp; Az\u0259rbaycan m&uuml;st\u0259qillik ill\u0259rind\u0259 b&ouml;y&uuml;k inki\u015faf yolu ke&ccedil;ib. D&uuml;nya d&ouml;vl\u0259tl\u0259ri t\u0259r\u0259find\u0259n tan\u0131nan, bir &ccedil;ox iqtisadi forumlarda m&ouml;ht\u0259\u015f\u0259m layih\u0259l\u0259rd\u0259 imzas\u0131 olan d&ouml;vl\u0259timizin iqtisadi q&uuml;dr\u0259ti g&uuml;nb\u0259g&uuml;n art\u0131r. Son ill\u0259r &ouml;lk\u0259 iqtisadiyyat\u0131n\u0131n dinamik inki\u015faf\u0131n\u0131n t\u0259min olunmas\u0131 i\u015fl\u0259ri il\u0259 paralel olaraq, iqtisadi f\u0259aliyy\u0259tin v\u0259 g\u0259lirl\u0259rin tam \u015f\u0259ffafla\u015fd\u0131r\u0131lmas\u0131 istiqam\u0259tind\u0259 ard\u0131c\u0131l olaraq islahatlar h\u0259yata ke&ccedil;irilmi\u015fdir. [&hellip;]<\/p>\n","protected":false},"author":1,"featured_media":0,"comment_status":"open","ping_status":"open","sticky":false,"template":"","format":"standard","meta":{"_eb_attr":"","ocean_post_layout":"","ocean_both_sidebars_style":"","ocean_both_sidebars_content_width":0,"ocean_both_sidebars_sidebars_width":0,"ocean_sidebar":"","ocean_second_sidebar":"","ocean_disable_margins":"enable","ocean_add_body_class":"","ocean_shortcode_before_top_bar":"","ocean_shortcode_after_top_bar":"","ocean_shortcode_before_header":"","ocean_shortcode_after_header":"","ocean_has_shortcode":"","ocean_shortcode_after_title":"","ocean_shortcode_before_footer_widgets":"","ocean_shortcode_after_footer_widgets":"","ocean_shortcode_before_footer_bottom":"","ocean_shortcode_after_footer_bottom":"","ocean_display_top_bar":"default","ocean_display_header":"default","ocean_header_style":"","ocean_center_header_left_menu":"","ocean_custom_header_template":"","ocean_custom_logo":0,"ocean_custom_retina_logo":0,"ocean_custom_logo_max_width":0,"ocean_custom_logo_tablet_max_width":0,"ocean_custom_logo_mobile_max_width":0,"ocean_custom_logo_max_height":0,"ocean_custom_logo_tablet_max_height":0,"ocean_custom_logo_mobile_max_height":0,"ocean_header_custom_menu":"","ocean_menu_typo_font_family":"","ocean_menu_typo_font_subset":"","ocean_menu_typo_font_size":0,"ocean_menu_typo_font_size_tablet":0,"ocean_menu_typo_font_size_mobile":0,"ocean_menu_typo_font_size_unit":"px","ocean_menu_typo_font_weight":"","ocean_menu_typo_font_weight_tablet":"","ocean_menu_typo_font_weight_mobile":"","ocean_menu_typo_transform":"","ocean_menu_typo_transform_tablet":"","ocean_menu_typo_transform_mobile":"","ocean_menu_typo_line_height":0,"ocean_menu_typo_line_height_tablet":0,"ocean_menu_typo_line_height_mobile":0,"ocean_menu_typo_line_height_unit":"","ocean_menu_typo_spacing":0,"ocean_menu_typo_spacing_tablet":0,"ocean_menu_typo_spacing_mobile":0,"ocean_menu_typo_spacing_unit":"","ocean_menu_link_color":"","ocean_menu_link_color_hover":"","ocean_menu_link_color_active":"","ocean_menu_link_background":"","ocean_menu_link_hover_background":"","ocean_menu_link_active_background":"","ocean_menu_social_links_bg":"","ocean_menu_social_hover_links_bg":"","ocean_menu_social_links_color":"","ocean_menu_social_hover_links_color":"","ocean_disable_title":"default","ocean_disable_heading":"default","ocean_post_title":"","ocean_post_subheading":"","ocean_post_title_style":"","ocean_post_title_background_color":"","ocean_post_title_background":0,"ocean_post_title_bg_image_position":"","ocean_post_title_bg_image_attachment":"","ocean_post_title_bg_image_repeat":"","ocean_post_title_bg_image_size":"","ocean_post_title_height":0,"ocean_post_title_bg_overlay":0.5,"ocean_post_title_bg_overlay_color":"","ocean_disable_breadcrumbs":"default","ocean_breadcrumbs_color":"","ocean_breadcrumbs_separator_color":"","ocean_breadcrumbs_links_color":"","ocean_breadcrumbs_links_hover_color":"","ocean_display_footer_widgets":"default","ocean_display_footer_bottom":"default","ocean_custom_footer_template":"","ocean_post_oembed":"","ocean_post_self_hosted_media":"","ocean_post_video_embed":"","ocean_link_format":"","ocean_link_format_target":"self","ocean_quote_format":"","ocean_quote_format_link":"post","ocean_gallery_link_images":"on","ocean_gallery_id":[],"footnotes":""},"categories":[63],"tags":[],"class_list":["post-15307","post","type-post","status-publish","format-standard","hentry","category-khaebaerlaer-az","entry"],"_links":{"self":[{"href":"https:\/\/mdu.edu.az\/ru\/wp-json\/wp\/v2\/posts\/15307","targetHints":{"allow":["GET"]}}],"collection":[{"href":"https:\/\/mdu.edu.az\/ru\/wp-json\/wp\/v2\/posts"}],"about":[{"href":"https:\/\/mdu.edu.az\/ru\/wp-json\/wp\/v2\/types\/post"}],"author":[{"embeddable":true,"href":"https:\/\/mdu.edu.az\/ru\/wp-json\/wp\/v2\/users\/1"}],"replies":[{"embeddable":true,"href":"https:\/\/mdu.edu.az\/ru\/wp-json\/wp\/v2\/comments?post=15307"}],"version-history":[{"count":0,"href":"https:\/\/mdu.edu.az\/ru\/wp-json\/wp\/v2\/posts\/15307\/revisions"}],"wp:attachment":[{"href":"https:\/\/mdu.edu.az\/ru\/wp-json\/wp\/v2\/media?parent=15307"}],"wp:term":[{"taxonomy":"category","embeddable":true,"href":"https:\/\/mdu.edu.az\/ru\/wp-json\/wp\/v2\/categories?post=15307"},{"taxonomy":"post_tag","embeddable":true,"href":"https:\/\/mdu.edu.az\/ru\/wp-json\/wp\/v2\/tags?post=15307"}],"curies":[{"name":"wp","href":"https:\/\/api.w.org\/{rel}","templated":true}]}}