{"id":15341,"date":"2020-06-09T14:42:09","date_gmt":"2020-06-09T11:42:09","guid":{"rendered":"https:\/\/mdu.edu.az\/lk-prezidentinin-m-vzheyi-az-rbaydzan-h-zhizh-tl-rinin-d-nyaya-ismar-dz-d-r\/"},"modified":"2020-06-09T14:42:09","modified_gmt":"2020-06-09T11:42:09","slug":"lk-prezidentinin-m-vzheyi-az-rbaydzan-h-zhizh-tl-rinin-d-nyaya-ismar-dz-d-r","status":"publish","type":"post","link":"https:\/\/mdu.edu.az\/ru\/lk-prezidentinin-m-vzheyi-az-rbaydzan-h-zhizh-tl-rinin-d-nyaya-ismar-dz-d-r\/","title":{"rendered":"\u00d6lk\u0259 Prezidentinin m\u00f6vqeyi Az\u0259rbaycan h\u0259qiq\u0259tl\u0259rinin d\u00fcnyaya ismar\u0131c\u0131d\u0131r"},"content":{"rendered":"<p style=\"text-align: center;\"><b><span style=\"font-size: 14pt; color: #002060;\">&Ouml;lk\u0259 Prezidentinin m&ouml;vqeyi Az\u0259rbaycan h\u0259qiq\u0259tl\u0259rinin d&uuml;nyaya ismar\u0131c\u0131d\u0131r<\/span><\/b><\/p>\n<p><span style=\"font-size: 8pt;\"><\/span><\/p>\n<p style=\"text-align: justify; text-indent: 1cm;\"><span style=\"font-family: 'Arial', sans-serif; color: #000000;\">Az\u0259rbaycan \u0259srl\u0259r boyu d&uuml;\u015fm\u0259n t\u0259cav&uuml;z&uuml;n\u0259 m\u0259ruz qalsa da xalq\u0131m\u0131z\u0131n f\u0259dakar &ouml;vladlar\u0131n\u0131n q\u0259hr\u0259manl\u0131\u011f\u0131 say\u0259sind\u0259 h\u0259mi\u015f\u0259 qalib olub. Iyirminci \u0259srin sonlar\u0131nda ke&ccedil;mi\u015f SSR\u0130-nin t\u0259rkibind\u0259 olan Az\u0259rbaycana qar\u015f\u0131 b\u0259dnam qon\u015fular t\u0259r\u0259find\u0259n edil\u0259n soyq\u0131r\u0259m v\u0259 q\u0259tl hadis\u0259l\u0259ri zaman\u0131 minl\u0259rl\u0259 az\u0259rbaycanl\u0131 q\u0259tl\u0259 yetirilib, \u0259sir g&ouml;t&uuml;r&uuml;l&uuml;b, yand\u0259r\u0131r\u0131l\u0131b, olmaz\u0131n i\u015fg\u0259nc\u0259l\u0259r verilib. Bu elans\u0131z d&ouml;y&uuml;\u015fl\u0259rd\u0259 minl\u0259rl\u0259 V\u0259t\u0259n &ouml;vlad\u0131 \u015f\u0259hid olub, torpaqlar\u0131m\u0131z\u0131n 20 faizi i\u015f\u011fal edilib, 1 milyonad\u0259k insan &ouml;z do\u011fma ev-e\u015fiyind\u0259n did\u0259rgin olaraq k&ouml;&ccedil;k&uuml;nl&uuml;k h\u0259yat\u0131 ya\u015fay\u0131r. Az\u0259rbaycan xalq\u0131 haqq s\u0259sini d&uuml;nyaya &ccedil;atd\u0131r\u0131b, erm\u0259nil\u0259rin etdikl\u0259ri b&uuml;t&uuml;n amans\u0131zl\u0131qlar bar\u0259d\u0259 d&uuml;nyan\u0131n b&ouml;y&uuml;k d&ouml;vl\u0259tl\u0259ri, h\u0259ms\u0259dr d&ouml;vl\u0259tl\u0259rl\u0259 birg\u0259 s&uuml;lh dan\u0131\u015f\u0131qlar\u0131 apar\u0131l\u0131r. Lakin b&uuml;t&uuml;n bunlara baxmayaraq d&uuml;\u015fm\u0259n Az\u0259rbaycan torpaqlar\u0131n\u0131 t\u0259rk etm\u0259k ist\u0259mir, &ouml;z&uuml;n&uuml; &ldquo;ev sahibi&rdquo; kimi aparmaqda davam edir. D&uuml;\u015fm\u0259n unudur ki, g&uuml;nb\u0259g&uuml;n iqtisadi q&uuml;dr\u0259ti g&uuml;cl\u0259n\u0259n, Milli Ordusu q&uuml;dr\u0259tl\u0259n\u0259n Az\u0259rbaycan d&ouml;vl\u0259ti bir qar\u0131\u015f torpa\u011f\u0131n\u0131 bel\u0259 onda qoymayacaq, \u0259dal\u0259t qalib g\u0259l\u0259c\u0259k. Prezident \u0130lham \u018fliyev 2020-ci il iyunun 3-d\u0259 T\u0259rt\u0259r Olimpiya \u0130dman Kompleksinin a&ccedil;\u0131l\u0131\u015f\u0131 zaman\u0131 rayonun bir qrup idman&ccedil;\u0131s\u0131 qar\u015f\u0131s\u0131nda &ccedil;\u0131x\u0131\u015f\u0131 zaman\u0131 Qondarma Da\u011fl\u0131q Qaraba\u011f xunta rejimind\u0259 31 martda ke&ccedil;iril\u0259n prezident v\u0259 parlament, 14 apreld\u0259 ke&ccedil;iril\u0259n prezident (2-ci tur) se&ccedil;kil\u0259ri il\u0259 ba\u011fl\u0131 proqram xarakterli olduqca vacib m\u0259qamlara toxunmu\u015fdur:<\/span><\/p>\n<p style=\"text-align: justify; text-indent: 1cm;\"><span style=\"font-family: 'Arial', sans-serif; color: #000000;\">&ldquo;Qondarma Da\u011fl\u0131q Qaraba\u011fda xunta rejiminin ke&ccedil;irdiyi saxta prezident v\u0259 parlament se&ccedil;kil\u0259ri bir \u015fou v\u0259 t\u0259lx\u0259kl\u0259r tama\u015fas\u0131d\u0131r. D&uuml;nyan\u0131n he&ccedil; bir d&ouml;vl\u0259ti ill\u0259rdir ke&ccedil;iril\u0259n &ldquo;m\u0259zh\u0259k\u0259 oyununun&rdquo;n\u0259tic\u0259l\u0259rini tan\u0131may\u0131b. H\u0259tta Da\u011fl\u0131q Qaraba\u011f m&uuml;naqi\u015f\u0259sinin h\u0259lli &uuml;&ccedil;&uuml;n vasit\u0259&ccedil;ilik missiyas\u0131 il\u0259 &ccedil;\u0131x\u0131\u015f ed\u0259n AT\u018fT-in Minsk qrupu h\u0259ms\u0259drl\u0259ri &ndash; Amerika, Fransa, Rusiya qondarma xunta rejimind\u0259 ke&ccedil;iril\u0259n se&ccedil;kil\u0259ri v\u0259 n\u0259tic\u0259l\u0259rinitan\u0131mad\u0131qlar\u0131n\u0131 bildiribl\u0259r. Avropa \u0130ttifaq\u0131 da eynil\u0259 se&ccedil;kil\u0259ri tan\u0131mad\u0131\u011f\u0131n\u0131 b\u0259yan edib. Avropa Parlamenti, \u0130slam \u018fm\u0259kda\u015fl\u0131q T\u0259\u015fkilat\u0131, Qo\u015fulmama H\u0259r\u0259kat\u0131, dig\u0259r t\u0259\u015fkilatlar &#8211; b&uuml;t&uuml;n apar\u0131c\u0131 beyn\u0259lxalq t\u0259\u015fkilatlar bu se&ccedil;kil\u0259ri q\u0131nad\u0131.M\u0259s\u0259l\u0259y\u0259 t\u0259kc\u0259 Avropa \u015euras\u0131 m&uuml;nasib\u0259t bildirm\u0259di v\u0259 yuxar\u0131da adlar\u0131 ke&ccedil;\u0259n d&ouml;vl\u0259tl\u0259rin v\u0259 beyn\u0259lxalq t\u0259\u015fkilatlar\u0131n s\u0131ras\u0131na qo\u015fulmad\u0131. Avropa \u015euras\u0131n\u0131n susma\u011f\u0131n\u0131n s\u0259b\u0259bi b\u0259llidir. &Ccedil;&uuml;nki Avropa \u015euras\u0131 Parlament Assambleyas\u0131n\u0131n \u0259sas h\u0259d\u0259fl\u0259rind\u0259n biri Az\u0259rbaycan\u0131 l\u0259k\u0259l\u0259m\u0259k, &ouml;lk\u0259mizi g&ouml;zd\u0259n salmaq, &ouml;lk\u0259miz haqq\u0131nda uydurmalar yaymaq, saxta m\u0259ruz\u0259l\u0259r q\u0259bul etdirm\u0259k, Az\u0259rbaycanda &ldquo;be\u015finci kolonu&rdquo;, satq\u0131nlar\u0131 v\u0259 m&uuml;naqi\u015f\u0259 il\u0259 ba\u011fl\u0131 Erm\u0259nistan t\u0259r\u0259fini d\u0259st\u0259kl\u0259m\u0259kdir. Ona g&ouml;r\u0259 Avropa \u015euras\u0131 bu saxta se&ccedil;kil\u0259rl\u0259 ba\u011fl\u0131 s\u0259sini bel\u0259 &ccedil;\u0131xarmad\u0131. Bu halda hans\u0131 obyektivlikd\u0259n, hans\u0131 \u0259dal\u0259td\u0259n, demokratiyadan v\u0259 beyn\u0259lxalq h&uuml;quqdan s&ouml;hb\u0259t ged\u0259 bil\u0259r! Avropa \u015euras\u0131 qit\u0259d\u0259 y&uuml;z ill\u0259rdir formala\u015fam b\u0259\u015f\u0259ri v\u0259 insani d\u0259y\u0259rl\u0259ri diqq\u0259t\u0259 almadan xunta rejiminin, i\u015f\u011fal&ccedil;\u0131n\u0131n, Xocal\u0131da Az\u0259rbaycan\u0131n m&uuml;lki \u0259halisin\u0259 qar\u015f\u0131 soyq\u0131r\u0131m ed\u0259n, narkotik v\u0259 silah qa&ccedil;aqmal&ccedil;\u0131l\u0131\u011f\u0131 m\u0259rk\u0259zi olanqondarma qurumun demokratik d\u0259y\u0259rl\u0259ri kobud \u015f\u0259kild\u0259 pozmas\u0131na s\u0259ssiz qald\u0131&rdquo;. <\/span><\/p>\n<p style=\"text-align: justify; text-indent: 1cm;\"><span style=\"font-family: 'Arial', sans-serif; color: #000000;\">Xalq\u0131n sosial-rifah hal\u0131n\u0131n yax\u015f\u0131la\u015fmas\u0131na daim qay\u011f\u0131 il\u0259 yana\u015fan, o c&uuml;ml\u0259d\u0259n qa&ccedil;q\u0131n v\u0259 m\u0259cburi k&ouml;\u015fk&uuml;nl\u0259rin h\u0259yat \u015f\u0259raitinin yax\u015f\u0131la\u015fmas\u0131 m\u0259qs\u0259di il\u0259 &ouml;lk\u0259mizd\u0259 onlarla q\u0259s\u0259b\u0259 sal\u0131n\u0131b, yeni i\u015f yerl\u0259ri a&ccedil;\u0131l\u0131b, u\u015faq ba\u011f&ccedil;alar\u0131, orta m\u0259kt\u0259bl\u0259r in\u015fa edilib. &Ouml;z ata-baba yurdlar\u0131ndan k&ouml;&ccedil;k&uuml;n d&uuml;\u015f\u0259n soyda\u015flar\u0131m\u0131z\u0131n b&ouml;y&uuml;k \u0259ks\u0259riyy\u0259ti art\u0131q yeni m\u0259nzill\u0259rd\u0259 rahat &ouml;m&uuml;r s&uuml;r&uuml;rl\u0259r. Lakin d&ouml;vl\u0259timizin ba\u015f&ccedil;\u0131s\u0131n\u0131n qeyd etdiyi kimi, bu m\u0259nzill\u0259r onlara daimi ya\u015famalar\u0131 &uuml;&ccedil;&uuml;n verilm\u0259yib. \u0130\u015f\u011fal alt\u0131nda olan torpaqlar\u0131m\u0131z geri al\u0131nandan sonra h\u0259min b&ouml;lg\u0259l\u0259\u0131rd\u0259 d\u0259 yeni h\u0259yat q\u0259s\u0259b\u0259l\u0259ri sal\u0131nacaq. Ya\u015fay\u0131\u015f evl\u0259ri, t\u0259hsil v\u0259 t\u0259rbiy\u0259 ocaqlar\u0131 in\u015fa edil\u0259c\u0259k, s\u0259hiyy\u0259 ocaqlar\u0131, idman sa\u011flaml\u0131q kompleksl\u0259ri v\u0259 ba\u015fqa xidm\u0259t sah\u0259l\u0259ri tikil\u0259c\u0259k. Yurdumuzun Da\u011fl\u0131q Qaraba\u011f b&ouml;lg\u0259sind\u0259 Allah\u0131n yard\u0131m\u0131 il\u0259 h\u0259yat yenid\u0259n b\u0259rpa edil\u0259c\u0259k. &Uuml;mumiyy\u0259tl\u0259, prezident \u0130lham \u018fliyevin ke&ccedil;irdiyi g&ouml;r&uuml;\u015fl\u0259rd\u0259ki &ccedil;\u0131x\u0131\u015flar\u0131 xalq\u0131m\u0131z &uuml;&ccedil;&uuml;n bir tezis\u0259 &ccedil;evrilib. &Ccedil;\u0131x\u0131\u015f\u0131ndak\u0131 bu fikird\u0259 &ouml;z&uuml;n&uuml; &ldquo;b&ouml;y&uuml;k qurum&rdquo; kimi t\u0259qdim ed\u0259n Avropa \u015euras\u0131n\u0131n haqs\u0131zl\u0131\u011f\u0131ndan s&ouml;z a&ccedil;\u0131b. &ldquo;M\u0259n dey\u0259nd\u0259 ki, Avropa \u015euras\u0131 t\u0259r\u0259find\u0259n Az\u0259rbaycan il\u0259 \u0259laq\u0259dar q\u0259bul edilmi\u015f s\u0259n\u0259dl\u0259r m\u0259nim &uuml;&ccedil;&uuml;n bir ka\u011f\u0131z par&ccedil;as\u0131ndan art\u0131q deyil, bunu n\u0259z\u0259rd\u0259 tuturdum. B&uuml;t&uuml;n Az\u0259rbaycan ictimaiyy\u0259ti g&ouml;r&uuml;b ki, Avropa \u015euras\u0131 anti-Az\u0259rbaycan m&ouml;vqed\u0259dir v\u0259 bu t\u0259\u015fkilatda anti-Az\u0259rbaycan meyill\u0259ri, az\u0259rbaycanafobiya h&ouml;km s&uuml;r&uuml;r v\u0259 biz\u0259 &uuml;nvanlanm\u0131\u015f b&uuml;t&uuml;n ittihamlar\u0131n t\u0259m\u0259lind\u0259 m\u0259hz az\u0259rbaycanafobiyad\u0131r&rdquo;. Prezident \u0130lham \u018fliyev Avropa \u015euras\u0131 il\u0259 m&uuml;nasib\u0259tl\u0259ri xarakteriz\u0259 ed\u0259r\u0259k, b&uuml;t&uuml;n bu ittihamlar\u0131 art\u0131qlamas\u0131 il\u0259 onlar\u0131n &ouml;zl\u0259rin\u0259 qaytard\u0131qlar\u0131n\u0131, indi bu d&uuml;nyada b\u0259zi &ouml;lk\u0259l\u0259rd\u0259 n\u0259l\u0259r ba\u015f verm\u0259si il\u0259 ba\u011fl\u0131 Avropa \u015euras\u0131ndan b\u0259yanat verm\u0259l\u0259rini g&ouml;zl\u0259dikl\u0259rini qeyd etdi. <\/span><\/p>\n<p style=\"text-align: justify; text-indent: 1cm;\"><span style=\"font-family: 'Arial', sans-serif; color: #000000;\">Az\u0259rbaycanda insan h&uuml;quq v\u0259 azadl\u0131qlar\u0131 qorunur. &Ouml;zba\u015f\u0131nal\u0131qlar v\u0259 zorak\u0131l\u0131qlar bar\u0259d\u0259 s&ouml;z bel\u0259 ged\u0259 bilm\u0259z. Prezident \u0130lham \u018fliyev el\u0259 Avropa d&ouml;vl\u0259tl\u0259rinin &ouml;zl\u0259rind\u0259 polis zorak\u0131l\u0131\u011f\u0131n\u0131n, n&uuml;mayi\u015f&ccedil;il\u0259r\u0259 qar\u015f\u0131 t\u0259tbiq edil\u0259n g&uuml;c&uuml;n, n&uuml;mayi\u015f&ccedil;il\u0259rin &ouml;ld&uuml;r&uuml;lm\u0259sinin, onlar\u0131n g&ouml;zl\u0259rinin &ccedil;\u0131xar\u0131lmas\u0131n\u0131n, k&uuml;tl\u0259vi sur\u0259td\u0259 h\u0259bsl\u0259rin, jurnalistl\u0259rin d&ouml;y&uuml;lm\u0259sinin, h\u0259bs edilm\u0259sinin m&uuml;\u015fahid\u0259 edildiyini ifad\u0259 edib: &ldquo;A&ccedil;s\u0131nlar g&ouml;zl\u0259rini, baxs\u0131nlar v\u0259 utans\u0131nlar ki, susublar. N\u0259y\u0259 g&ouml;r\u0259? &Ccedil;&uuml;nki g&uuml;cl&uuml; d&ouml;vl\u0259tl\u0259rd\u0259n qorxurlar. Hesab edirl\u0259r ki, bu, m\u0259s\u0259l\u0259nin insan haqlar\u0131n\u0131n qorunmas\u0131na aidiyy\u0259ti yoxdur. Ona g&ouml;r\u0259 bu qurumun riyakar mahiyy\u0259ti he&ccedil; kim &uuml;&ccedil;&uuml;n sirr deyil v\u0259 bizi d\u0259 he&ccedil; maraqland\u0131rm\u0131r, onlar bu saxta se&ccedil;kil\u0259ri tan\u0131y\u0131blar, yoxsa yox. \u018fsas odur ki, d&uuml;nyan\u0131n sanball\u0131 v\u0259 h&ouml;rm\u0259t\u0259 layiq olan t\u0259\u015fkilatlar\u0131 Da\u011fl\u0131q Qaraba\u011fda ke&ccedil;irilmi\u015f saxta se&ccedil;kil\u0259ri tan\u0131may\u0131b v\u0259 q\u0131nay\u0131blar.&rdquo; Prezident \u0130lham \u018fliyevin nitqinin davam\u0131nda &ouml;zg\u0259 torpaqlar\u0131nda oturaraq qondarma se&ccedil;kil\u0259r ke&ccedil;ir\u0259n, h\u0259tta d&uuml;nyada tan\u0131nmaq x&uuml;lyas\u0131nda olan f&uuml;rs\u0259t&ccedil;il\u0259rin \u0259m\u0259ll\u0259rinin bir&nbsp;&nbsp; oyun, \u015fou oldui\u011fu diqqq\u0259t\u0259 &ccedil;atd\u0131r\u0131r: <\/span><\/p>\n<p style=\"text-align: justify; text-indent: 1cm;\"><span style=\"color: #000000;\"><span style=\"font-family: 'Arial', sans-serif;\">&ldquo;Mart ay\u0131nda \u015foular\u0131n t\u0259\u015fkili &uuml;zr\u0259 pe\u015f\u0259kar olan (\u015foumen) Erm\u0259nistan t\u0259r\u0259find\u0259n Az\u0259rbaycan\u0131n i\u015f\u011fal edilmi\u015f \u0259razil\u0259rind\u0259 qondarma &ldquo;prezident v\u0259 parlament se&ccedil;kil\u0259ri&rdquo; ke&ccedil;irildi. H\u0259min &ldquo;se&ccedil;kil\u0259r&rdquo; beyn\u0259lxalq ictimaiyy\u0259t t\u0259r\u0259find\u0259n birm\u0259nal\u0131 olaraq r\u0259dd edildi. D&uuml;nyan\u0131n apar\u0131c\u0131 v\u0259 m&ouml;t\u0259b\u0259r t\u0259\u015fkilatlar\u0131 v\u0259 bir s\u0131ra &ouml;lk\u0259l\u0259r Az\u0259rbaycan\u0131n beyn\u0259lxalq s\u0259viyy\u0259d\u0259 tan\u0131nm\u0131\u015f \u0259razi b&uuml;t&ouml;vl&uuml;y&uuml;n\u0259 v\u0259 suverenliyin\u0259 d\u0259st\u0259kl\u0259rini ifad\u0259 etm\u0259kl\u0259 yana\u015f\u0131, qondarma &ldquo;se&ccedil;kil\u0259ri&rdquo; tan\u0131mad\u0131qlar\u0131n\u0131 bildirdil\u0259r. Lakin Az\u0259rbaycan\u0131 t\u0259nqid el\u0259m\u0259k &uuml;&ccedil;&uuml;n \u0259n ki&ccedil;ik f&uuml;rs\u0259td\u0259n bel\u0259 yararlanma\u011fa &ccedil;al\u0131\u015fan A\u015ePA Monitorinq Komit\u0259sinin Az\u0259rbaycan &uuml;zr\u0259 h\u0259mm\u0259ruz\u0259&ccedil;il\u0259ri Stefan \u015eennak v\u0259 Roger Qey bu m\u0259s\u0259l\u0259d\u0259 indiy\u0259d\u0259k q\u0259rib\u0259 s\u0259ssizlik n&uuml;mayi\u015f etdirdil\u0259r. G&ouml;r&uuml;nd&uuml;y&uuml; kimi, q\u0259r\u0259z v\u0259 kin yuvas\u0131 olan A\u015ePA bir daha m&ouml;t\u0259b\u0259r olma\u011f\u0131 bacarmad\u0131.&rdquo;Qondarma Da\u011fl\u0131q Qaraba\u011f xunta rejimind\u0259 prezident v\u0259 parlament se&ccedil;kil\u0259rinin COVID-19 koronavirus pandemiyas\u0131n\u0131n geni\u015f yay\u0131ld\u0131\u011f\u0131 bir zamanda ke&ccedil;irilm\u0259si m\u0259s\u0259l\u0259si d\u0259 geni\u015f izah olunmal\u0131d\u0131r. Yen\u0259 d\u0259 f&uuml;rs\u0259t&ccedil;il\u0259r pandemiyan\u0131n geni\u015f yay\u0131ld\u0131\u011f\u0131 bir zamanda &ouml;z planlar\u0131n\u0131 y&uuml;r&uuml;tm\u0259yi bacard\u0131lar. &ldquo;Se&ccedil;ki&rdquo; ke&ccedil;irdil\u0259r, h\u0259m d\u0259 &ldquo;saxta&rdquo;. Pandemiya d&ouml;vr&uuml;nd\u0259 ke&ccedil;iril\u0259n se&ccedil;kil\u0259rd\u0259 bel\u0259 Q\u0259rb d&ouml;vl\u0259tl\u0259ri v\u0259 A\u015ePA s\u0259sl\u0259rini &ccedil;\u0131xarmad\u0131.<\/span><span style=\"font-family: 'Arial', sans-serif;\"> H\u0259tta <\/span><span style=\"font-family: 'Arial', sans-serif;\">BBC se&ccedil;kil\u0259rl\u0259 ba\u011fl\u0131 x\u0259b\u0259rl\u0259ri &ldquo;Koronavirusun ortas\u0131nda se&ccedil;kil\u0259r&rdquo; kimi man\u015fet\u0259 &ccedil;\u0131xardaraq bunun bir &ldquo;c\u0259sar\u0259t n&uuml;mun\u0259si&rdquo; kimi t\u0259qdim etm\u0259y\u0259 &ccedil;al\u0131\u015fd\u0131. Qondarma Da\u011fl\u0131q Qaraba\u011f xunta rejimind\u0259 prezident v\u0259 parlament se&ccedil;kil\u0259ri zaman\u0131 insan h\u0259yat\u0131na bu q\u0259d\u0259r ucuz d\u0259y\u0259r verilm\u0259si, b&uuml;t&uuml;n d&uuml;nya koronavirus pandemiyas\u0131na qar\u015f\u0131 &uuml;mumi m&uuml;bariz\u0259 ed\u0259rk\u0259n xunta rejiminin pandemiyaya qar\u015f\u0131 g\u0259r\u0259kli &ouml;nl\u0259yici t\u0259dbirl\u0259rin almamas\u0131 diqq\u0259td\u0259n k\u0259narda qalmamal\u0131 v\u0259 g&uuml;nd\u0259m\u0259 g\u0259tirilm\u0259lidir.<\/span><\/span><\/p>\n<p style=\"text-align: justify; text-indent: 1cm;\"><span style=\"font-family: 'Arial', sans-serif; color: #000000;\">Az\u0259rbaycan m&uuml;st\u0259qillik qazand\u0131qdan sonra ard\u0131c\u0131l olaraq d&uuml;nyan\u0131n ayr\u0131-ayr\u0131 d&ouml;vl\u0259tl\u0259ri t\u0259r\u0259find\u0259n tan\u0131n\u0131b. Ke&ccedil;iril\u0259n d&uuml;nya iqtisadi Forumlar\u0131nda, bir &ccedil;ox beyn\u0259lxalq t\u0259dbirl\u0259rd\u0259 Az\u0259rbaycan prezidenti i\u015ftirak edib. Az\u0259rbaycan\u0131n &uuml;&ccedil;r\u0259ngli bayra\u011f\u0131 d\u0259f\u0259l\u0259rl\u0259 beyn\u0259lxalq qurumlarda, olimpiya idman yar\u0131\u015flar\u0131nda y&uuml;ks\u0259kl\u0259r\u0259 qaid\u0131r\u0131l\u0131b v\u0259 bunlar \u0259sas verir dey\u0259k ki, Az\u0259rbaycan\u0131n haqq s\u0259si z\u0259f\u0259r &ccedil;alacaq. Az\u0259rbaycan v\u0259 Erm\u0259nistan\u0131n eyni tarixl\u0259rd\u0259 Avropa \u015euras\u0131na &uuml;zv olduqlar\u0131n\u0131 v\u0259 b\u0259rab\u0259r bir s\u0131ra &ouml;hd\u0259likl\u0259r g&ouml;t&uuml;rd&uuml;kl\u0259rini vur\u011fulayan Prezident \u0130lham \u018fliyev, Erm\u0259nistandan f\u0259rqli olaraq Az\u0259rbaycan\u0131n g&ouml;t&uuml;rd&uuml;y&uuml; &ouml;hd\u0259likl\u0259r sadiq qalmas\u0131na baxmayaraq, bu iki &ouml;lk\u0259y\u0259 m&uuml;nasib\u0259td\u0259 A\u015e-n\u0131n ikili standartlarda siyas\u0259t h\u0259yata ke&ccedil;irdiyini xat\u0131rlad\u0131b: <\/span><\/p>\n<p style=\"text-align: justify; text-indent: 1cm;\"><span style=\"font-family: 'Arial', sans-serif; color: #000000;\">&ldquo;Az\u0259rbaycan 2001-ci il yanvar\u0131n 17-d\u0259 Avropa \u015euras\u0131na eyni g&uuml;nd\u0259 &uuml;zvl&uuml;y\u0259 q\u0259bul olunan zaman Az\u0259rbaycan v\u0259 Erm\u0259nistan Avropa \u015euras\u0131 qar\u015f\u0131s\u0131nda bir s\u0131ra &ouml;hd\u0259likl\u0259r g&ouml;t&uuml;rm&uuml;\u015fl\u0259r. H\u0259min &ouml;hd\u0259likl\u0259rin biri d\u0259 Da\u011fl\u0131q Qaraba\u011f m&uuml;naqi\u015f\u0259sinin h\u0259lli il\u0259 ba\u011fl\u0131 m\u0259s\u0259l\u0259dir. X&uuml;susil\u0259 vur\u011fulanmal\u0131d\u0131r ki, h\u0259min &ouml;hd\u0259likl\u0259rin monitorinqini Avropa \u015euras\u0131 h\u0259yata ke&ccedil;irir. Dem\u0259li, m&uuml;naqi\u015f\u0259 m\u0259s\u0259l\u0259sin\u0259 dair fikir bildirm\u0259k el\u0259 h\u0259mm\u0259ruz\u0259&ccedil;il\u0259rin birba\u015fa mandat\u0131na daxildir. A\u015e-dan f\u0259rqli olaraq, Az\u0259rbaycan h\u0259r zaman Avropa \u015euras\u0131 qar\u015f\u0131s\u0131nda &ouml;hd\u0259likl\u0259rin\u0259 sadiq alm\u0131\u015fd\u0131r.&rdquo;<\/span><\/p>\n<p style=\"text-align: justify; text-indent: 1cm;\"><span style=\"font-family: 'Arial', sans-serif; color: #000000;\">A\u015ePA-Az\u0259rbaycan m&uuml;nasib\u0259tl\u0259rin\u0259 toxunan Prezident \u0130lham \u018fliyev son vaxtlar Avropa \u015euras\u0131n\u0131n Parlament Assambleyas\u0131n\u0131n Az\u0259rbaycana qar\u015f\u0131 nifr\u0259t a\u015f\u0131lad\u0131\u011f\u0131n\u0131deyib v\u0259 t\u0259bii ki, mahiyy\u0259t etibaril\u0259 az\u0259rbaycanafobiyan\u0131 &ouml;z&uuml;nd\u0259 ehtiva ed\u0259n m&ouml;vqeyi diqq\u0259tind\u0259n yay\u0131nmay\u0131b: &ldquo;Prezident \u0130lham \u018fliyev qeyd edib ki, he&ccedil; k\u0259s\u0259 sirr deyildir ki, son vaxtlar Avropa \u015euras\u0131 Parlament Assambleyas\u0131 tamamil\u0259 n&uuml;fuzdan d&uuml;\u015f\u0259n bir quruma &ccedil;evrilib, A\u015ePA m\u0259hz Az\u0259rbaycan\u0131n hesab\u0131na &ouml;z&uuml;n\u0259 reytinq y\u0131\u011fma\u011fa &ccedil;al\u0131\u015f\u0131r v\u0259 he&ccedil; k\u0259s\u0259 sirr deyil ki, A\u015ePA-da son ill\u0259r apar\u0131lan m&uuml;zakir\u0259l\u0259r \u0259dal\u0259tli deyil, demokratik d\u0259y\u0259rl\u0259r v\u0259 insan haqlar\u0131 kobud \u015f\u0259kild\u0259 pozulur, s&ouml;n&uuml;k ke&ccedil;ir. A\u015ePA-n\u0131n 324 \u0259sas &uuml;zv&uuml; olsa da, m&uuml;zakir\u0259l\u0259r zaman\u0131 \u0259ks\u0259r hallarda &uuml;mumi say\u0131n 1\/3 v\u0259 ya daha a\u015fa\u011f\u0131 hiss\u0259si plenar iclaslarda i\u015ftirak edir. M\u0259s\u0259l\u0259n, A\u015ePA-n\u0131n bu ilin yanvar\u0131n sonlar\u0131nda ke&ccedil;iril\u0259n q\u0131\u015f sessiyas\u0131nda Assambleyan\u0131n monitorinq proseduru il\u0259 ba\u011fl\u0131 t\u0259r\u0259qqi hesabat\u0131n\u0131n s\u0259sverm\u0259sind\u0259 69 deputat, son vaxtlar A\u015e-nin \u0259sas m&uuml;zakir\u0259 m&ouml;vzular\u0131ndan biri olan yeni komplementar prosedurla ba\u011fl\u0131 q\u0259tnam\u0259nin s\u0259sverm\u0259sind\u0259 is\u0259 163 deputat i\u015ftirak edib.&rdquo;<\/span><\/p>\n<p style=\"text-align: justify; text-indent: 1cm;\"><span style=\"font-family: 'Arial', sans-serif; color: #000000;\">A\u015ePA-n\u0131n f\u0259aliyy\u0259tinin b\u0259\u015f\u0259ri d\u0259y\u0259rl\u0259rl\u0259 v\u0259 beyn\u0259lxalq h&uuml;ququn prinsipl\u0259ri il\u0259 &uuml;st-&uuml;st\u0259 d&uuml;\u015fm\u0259diyini, ikili standartlar n&uuml;mun\u0259sin\u0259 rast g\u0259ldiyini qeyd ed\u0259n Prezident \u0130lham \u018fliyevin &ccedil;\u0131x\u0131\u015f\u0131n\u0131n davam\u0131 da maraql\u0131d\u0131r: <\/span><\/p>\n<p style=\"text-align: justify; text-indent: 1cm;\"><span style=\"font-family: 'Arial', sans-serif; color: #000000;\">&ldquo;A\u015ePA ikili standartlar\u0131n \u0259n geni\u015f v&uuml;s\u0259t ald\u0131\u011f\u0131 regional platformad\u0131r v\u0259 t\u0259\u0259ss&uuml;f ki, Az\u0259rbaycan bu yana\u015fman\u0131n \u0259sas h\u0259d\u0259fl\u0259rind\u0259n biri olmaqda h\u0259l\u0259 d\u0259 davam edir. T\u0259xmin\u0259n 20 ildir ki, siyasi sifari\u015f icra ed\u0259n bir s\u0131ra \u015f\u0259xsl\u0259r A\u015ePA tribunas\u0131ndan &ouml;lk\u0259miz\u0259 qar\u015f\u0131 \u0259sass\u0131z t\u0259nqidl\u0259r v\u0259 b&ouml;htan s\u0259sl\u0259ndirm\u0259k &uuml;&ccedil;&uuml;n istifad\u0259 etm\u0259y\u0259 c\u0259hd edirl\u0259r.&rdquo; Az\u0259rbaycana qar\u015f\u0131 t&ouml;r\u0259dil\u0259n b&uuml;t&uuml;n v\u0259h\u015filikl\u0259ri, torpaqlar\u0131m\u0131z\u0131n i\u015f\u011fal alt\u0131nda oldu\u011funu, minl\u0259rl\u0259 insan\u0131n ev e\u015fiyind\u0259n did\u0259rgin d&uuml;\u015fd&uuml;y&uuml;n&uuml; bil\u0259-bil\u0259 haqs\u0131z m&ouml;vqe tutan beyn\u0259lxalq qurumun m&uuml;nasib\u0259ti t\u0259kc\u0259 ikili deyil, h\u0259m d\u0259 saxtakar\u0131qd\u0131r. &ldquo;Bu g&uuml;n biz d&uuml;nyan\u0131n demokratiyan\u0131n be\u015fiyi say\u0131lan &ouml;lk\u0259l\u0259rind\u0259 Hollivud filml\u0259rini xat\u0131rladan polis q\u0259ddarl\u0131\u011f\u0131n\u0131n, zorak\u0131l\u0131\u011f\u0131n\u0131n, insanlar\u0131n polis t\u0259r\u0259find\u0259n d&ouml;y&uuml;lm\u0259sinin, t\u0259hqir edilm\u0259sinin, insanlar\u0131n &uuml;st&uuml;n\u0259 itl\u0259r g&ouml;nd\u0259rilm\u0259sinin, atlarla \u0259zilm\u0259sinin \u015fahidi oluruq. Lakin Az\u0259rbaycanda ki&ccedil;ik bir &ccedil;\u0131rtmaya d\u0259rhal reaksiya ver\u0259n A\u015e v\u0259 Q\u0259rbin b\u0259zi dair\u0259l\u0259ri bu kimi hallara g&ouml;z yumur v\u0259 s\u0259sini bel\u0259 &ccedil;\u0131xarma\u011fa c&uuml;r\u0259t-c\u0259sar\u0259t etmir.&rdquo;<\/span><\/p>\n<p style=\"text-align: justify; text-indent: 1cm;\"><span style=\"font-family: 'Arial', sans-serif; color: #000000;\">M&uuml;harib\u0259 \u015f\u0259raitind\u0259 ya\u015fasa da Az\u0259rbaycanda insanlar rahat h\u0259yat t\u0259rzi ke&ccedil;irirl\u0259r, sabitlik h&ouml;km s&uuml;r&uuml;r. &Ouml;z&uuml;n&uuml; d&uuml;nyan\u0131n \u0259n n&uuml;fuzlu d&ouml;vl\u0259ti kimi t\u0259qdim ed\u0259n AB\u015e-da son zamanlarda k&uuml;tl\u0259vi etirazlar\u0131n ya\u015fanmas\u0131 problemin\u0259 d\u0259 toxunan d&ouml;vl\u0259timizin ba\u015f&ccedil;\u0131s\u0131 m&uuml;nasib\u0259tini bel\u0259 \u015f\u0259rh edib:<\/span><\/p>\n<p style=\"text-align: justify; text-indent: 1cm;\"><span style=\"font-family: 'Arial', sans-serif; color: #000000;\">&ldquo;AB\u015e-\u0131n Minneapolis \u015f\u0259h\u0259rind\u0259 &ldquo;N\u0259f\u0259s ala bilmir\u0259m&rdquo; dey\u0259 inild\u0259y\u0259n silahs\u0131z qarad\u0259rili CorcFloydun &ouml;l&uuml;m&uuml; il\u0259 \u0259laq\u0259dar k&uuml;tl\u0259vi i\u011fti\u015fa\u015flar s\u0259ngim\u0259k bilmir. H\u0259min s\u0259hn\u0259l\u0259r\u0259 baxd\u0131qda m\u0259\u015fhur Hollivud filml\u0259ri olan &ldquo;Qara c\u0259ngav\u0259rin y&uuml;ks\u0259li\u015fi&rdquo; v\u0259 &ldquo;Coker&rdquo; filml\u0259ri insan\u0131n g&ouml;z&uuml; qar\u015f\u0131s\u0131nda ke&ccedil;ir. He&ccedil; kim\u0259 sirr deyildir ki, AB\u015e-da qarad\u0259rilil\u0259r\u0259 qar\u015f\u0131 sistematik hal alm\u0131\u015f ayr\u0131-se&ccedil;kilik m&ouml;vcuddur. May\u0131n 26-dan ba\u015flam\u0131\u015f i\u011fti\u015fa\u015flar zaman\u0131 11 mind\u0259n &ccedil;ox insan h\u0259bs olunmu\u015f, 16-dan &ccedil;ox insan h\u0259yat\u0131n\u0131 itirmi\u015fdir. Hadis\u0259l\u0259r zaman\u0131 internetd\u0259 jurnalistl\u0259rin x\u0259sar\u0259t almas\u0131 il\u0259 ba\u011fl\u0131 da kifay\u0259t q\u0259d\u0259r materiallar m&ouml;vcuddur. Aksiyalar zaman\u0131 biz habel\u0259 l&uuml;zumsuz yer\u0259 h\u0259dsiz d\u0259r\u0259c\u0259d\u0259 g&uuml;c t\u0259tbiqinin d\u0259 \u015fahidi olduq. Lakin &ouml;lk\u0259mizi t\u0259nqid etm\u0259y\u0259 v\u0259rdi\u015f el\u0259mi\u015f q&uuml;vv\u0259l\u0259r n\u0259d\u0259ns\u0259 h\u0259min hadis\u0259l\u0259ri g&ouml;rm\u0259zd\u0259n g\u0259lirl\u0259r&rdquo; A\u015ePA v\u0259 AT\u018fT-in Az\u0259rbaycana qar\u015f\u0131 haqs\u0131z siyas\u0259t y&uuml;r&uuml;d&uuml;r. Prezident \u0130lham \u018fliyev bunu bel\u0259 qiym\u0259tl\u0259ndirib: &ldquo;A\u015ePA v\u0259 AT\u018fT-in m&uuml;vafiq strukturlar\u0131 he&ccedil; c&uuml;r az\u0259rbaycanafobiya hal\u0131n\u0131 alm\u0131\u015f Az\u0259rbaycana qar\u015f\u0131 antipatiyas\u0131n\u0131 gizl\u0259d\u0259 bilmir. Bunun \u0259sas s\u0259b\u0259bl\u0259rind\u0259n biri y\u0259qin ki haz\u0131rda Q\u0259rbd\u0259 s&uuml;r\u0259tl\u0259 v&uuml;s\u0259t alan islamofobiyad\u0131r. G&ouml;r&uuml;n&uuml;r A\u015ePA-da b\u0259zil\u0259ri bu qurumu s\u0131rf &ldquo;xristian klubu&rdquo; kimi g&ouml;rm\u0259k ist\u0259yind\u0259dirl\u0259r. &ldquo;Beyin iflici&rdquo; ke&ccedil;ir\u0259n Q\u0259rbin &ouml;z&uuml;n&uuml;n m\u0259hsulu olan Suriya v\u0259 Liviyadak\u0131 v\u0259ziyy\u0259td\u0259n sonra yaranm\u0131\u015f miqrasiya problemi zaman\u0131 islamofobiyan\u0131 ayd\u0131n \u015f\u0259kild\u0259 sezm\u0259k m&uuml;mk&uuml;nd&uuml;r.&rdquo;<\/span><\/p>\n<p style=\"text-align: justify; text-indent: 1cm;\"><span style=\"font-family: 'Arial', sans-serif; color: #000000;\">A\u015ePA-n\u0131n Az\u0259rbaycana y&ouml;n\u0259lik siyas\u0259tind\u0259 siyasi m\u0259hbuslar m\u0259s\u0259l\u0259sinin haqs\u0131z v\u0259 \u0259sass\u0131z olaraq h\u0259r zaman g&uuml;nd\u0259liy\u0259 g\u0259tirilm\u0259sin\u0259 m&uuml;nasib\u0259t bildir\u0259n Prezident \u0130lham \u018fliyev bir ne&ccedil;\u0259 il \u0259vv\u0259l olanlar\u0131 yada sal\u0131b: &ldquo;Az\u0259rbaycana qar\u015f\u0131 A\u015ePA-da antipatiyan\u0131n daha da g&uuml;cl\u0259nm\u0259sinin s\u0259b\u0259bl\u0259rind\u0259n biri \u015f&uuml;bh\u0259siz ki, 2013-c&uuml; ild\u0259 Kristof \u015etrasserin Az\u0259rbaycanda siyasi m\u0259hbuslarla ba\u011fl\u0131 qondarma hesabat\u0131n\u0131n s\u0259sverm\u0259 il\u0259 r\u0259dd edilm\u0259si dayan\u0131r. Bu m\u0259\u011flubiyy\u0259td\u0259n sonra anti-Az\u0259rbaycan q&uuml;vv\u0259l\u0259ri daha da quduzla\u015fd\u0131lar. Revan\u015f hissi il\u0259 ya\u015fayan h\u0259min q&uuml;vv\u0259l\u0259r ilk n&ouml;vb\u0259d\u0259 &ouml;lk\u0259mizd\u0259 ke&ccedil;iril\u0259n m&uuml;h&uuml;m t\u0259dbirl\u0259r \u0259r\u0259f\u0259sind\u0259 v\u0259 zaman\u0131 Az\u0259rbaycan\u0131 qaralama\u011fa ba\u015flad\u0131lar. Bunun kampaniya oldu\u011fu v\u0259 kiml\u0259rs\u0259 t\u0259r\u0259find\u0259n idar\u0259 edildiyi ayd\u0131n \u015f\u0259kild\u0259 d\u0259rhal sezilirdi.&rdquo;<\/span><\/p>\n<p style=\"text-align: justify; text-indent: 1cm;\"><span style=\"font-family: 'Arial', sans-serif; color: #000000;\">&ldquo;&Ouml;lk\u0259miz\u0259 qar\u015f\u0131 ciddi n\u0259s\u0259 ed\u0259 bilm\u0259y\u0259n q&uuml;vv\u0259l\u0259r mifik &ldquo;Az\u0259rbaycan landromat\u0131&rdquo; s&ouml;hb\u0259tini ortaya atd\u0131lar. Bir anl\u0131q t\u0259s\u0259vv&uuml;r ed\u0259k ki, guya bu iddialar do\u011frudur. Onda bel\u0259 &ccedil;\u0131x\u0131r ki, A\u015ePA-da olan deputatlar, siyas\u0259t&ccedil;il\u0259r pula sat\u0131lm\u0131\u015f prinsipsiz v\u0259 \u0259qid\u0259siz t&uuml;l&uuml;ng&uuml;l\u0259rdir. B\u0259s onda bu sat\u0131lm\u0131\u015f siyas\u0259t&ccedil;i v\u0259 deputatlar hans\u0131 \u0259sasla insan h&uuml;quqlar\u0131 v\u0259 d\u0259y\u0259rl\u0259rd\u0259n dan\u0131\u015f\u0131rlar?!&rdquo; T\u0259bii ki, insan h&uuml;quq v\u0259 azadl\u0131qlar\u0131 qorunan, v\u0259t\u0259nda\u015flar\u0131n h\u0259yat t\u0259rzinin yax\u015f\u0131la\u015fmas\u0131 &uuml;&ccedil;&uuml;n m&uuml;vafiq t\u0259dbirl\u0259r g&ouml;r&uuml;l\u0259n, davaml\u0131 sur\u0259td\u0259 yeni i\u015f yerl\u0259ri a&ccedil;\u0131lan, ard\u0131c\u0131l olaraq m&uuml;asir xidm\u0259t obyektl\u0259ri in\u015fa olunub xalq\u0131n istifad\u0259sin\u0259 veril\u0259n bir &ouml;lk\u0259nin prezidentinin \u0259qid\u0259siz insanlar haqda bel\u0259 fikir y&uuml;r&uuml;tm\u0259lidir. <\/span><\/p>\n<p style=\"text-align: justify; text-indent: 1cm;\"><span style=\"font-family: 'Arial', sans-serif; color: #000000;\">A\u015ePA-n\u0131n cari ilin 9 fevral tarixind\u0259 Az\u0259rbaycanda ke&ccedil;iril\u0259n parlament se&ccedil;kil\u0259ri il\u0259 ba\u011fl\u0131 q\u0259r\u0259zli v\u0259 \u0259dal\u0259tsiz m&uuml;nasib\u0259ti Prezident \u0130lham \u018fliyevin nitqind\u0259 x&uuml;susi yer al\u0131b. D&ouml;vl\u0259timizin ba\u015f&ccedil;\u0131s\u0131 deyib ki; &ldquo;A\u015ePA-n\u0131n Az\u0259rbaycanda ke&ccedil;irilmi\u015f parlament se&ccedil;kil\u0259rin\u0259 m&uuml;nasib\u0259ti q\u0259buledilm\u0259z idi. B&uuml;t&uuml;n se&ccedil;ki prosesini, at\u0131lan add\u0131mlar\u0131, t\u0259r\u0259qqini k\u0259nara qoyaraq diqq\u0259ti bir ne&ccedil;\u0259 n\u0259f\u0259rin &uuml;z\u0259rin\u0259 c\u0259ml\u0259m\u0259k v\u0259 Az\u0259rbaycana qar\u015f\u0131 iftiralar atmaq s\u0131rf q\u0259r\u0259zd\u0259n x\u0259b\u0259r verir. Bu m\u0259nada, 2020-ci il yanvar\u0131n 30-da A\u015ePA-da Az\u0259rbaycanla ba\u011fl\u0131 q\u0259bul edilmi\u015f q\u0259tnam\u0259nin m\u0259zmunu bir yana, vaxt\u0131 da suallar do\u011furdu. A\u015ePA-n\u0131n se&ccedil;kiy\u0259 az qalm\u0131\u015f bel\u0259 bir destruktiv add\u0131m atmas\u0131 onun sad\u0259c\u0259 siyasi c\u0259h\u0259td\u0259n yeti\u015fm\u0259m\u0259sinin bariz n&uuml;mun\u0259sidir. Sual olunur. A\u015ePA Az\u0259rbaycan\u0131 m\u0259g\u0259r bu q\u0259d\u0259r &ccedil;ox sevir? A\u015ePA-n\u0131n bu q\u0259d\u0259r Az\u0259rbaycan\u0131 can\u0131 yan\u0131r?&rdquo; K\u0259nardan baxaraq m&uuml;st\u0259qil d&ouml;vl\u0259tin i\u015fin\u0259 qar\u0131\u015fmaq, insanlar\u0131n fikirl\u0259rini qar\u0131\u015fd\u0131rmaq, nifaq salmaq, m&ouml;vcud sabitliyi pozmaq niyy\u0259ti il\u0259 yaz\u0131lan q\u0259r\u0259zli m\u0259qal\u0259l\u0259r insanlar\u0131 &ccedil;a\u015fd\u0131rmayacaq. <\/span><\/p>\n<p style=\"text-align: justify; text-indent: 1cm;\"><span style=\"font-family: 'Arial', sans-serif; color: #000000;\">A\u015ePA-Az\u0259rbaycan m&uuml;nasib\u0259tl\u0259rini t\u0259hlil ed\u0259n Prezident \u0130lham \u018fliyev qurumun t\u0259m\u0259lini t\u0259\u015fkil ed\u0259n b\u0259\u015f\u0259ri demokratik d\u0259y\u0259rl\u0259rin qurumun &ouml;z&uuml; t\u0259r\u0259find\u0259n he&ccedil; d\u0259 b\u0259\u015f\u0259ri q\u0259bul edilm\u0259diyini g&ouml;st\u0259rm\u0259si bax\u0131m\u0131ndan maraql\u0131 m&uuml;qayis\u0259 apar\u0131b: &ldquo;\u018fg\u0259r bel\u0259dirs\u0259, A\u015ePA n\u0259 &uuml;&ccedil;&uuml;n Az\u0259rbaycan \u0259razil\u0259rinin i\u015f\u011fal olunmas\u0131 n\u0259tic\u0259sind\u0259 m\u0259cburi k&ouml;&ccedil;k&uuml;n\u0259 &ccedil;evrilmi\u015f y&uuml;zminl\u0259rl\u0259 az\u0259rbaycanl\u0131n\u0131n taleyin\u0259 bigan\u0259 qal\u0131r. A\u015ePA-da 2005-ci ild\u0259 q\u0259bul edilmi\u015f &#8220;AT\u018fT-in Minsk Konfrans\u0131n\u0131n m\u0259\u015f\u011ful oldu\u011fu Da\u011fl\u0131q Qaraba\u011f b&ouml;lg\u0259si &uuml;z\u0259rind\u0259 m&uuml;naqi\u015f\u0259&#8221; adl\u0131 1416 (2005) sayl\u0131 q\u0259tnam\u0259 &ccedil;ox y&uuml;ks\u0259k \u0259h\u0259miyy\u0259t\u0259 malik s\u0259n\u0259ddir. Bu s\u0259n\u0259dd\u0259n ir\u0259li g\u0259l\u0259r\u0259k, yarad\u0131lm\u0131l\u015f Da\u011fl\u0131q Qaraba\u011f m&uuml;naqi\u015f\u0259si &uuml;zr\u0259 alt-komit\u0259 Erm\u0259nistan n&uuml;may\u0259nd\u0259 hey\u0259tinin qeyri-konstruktiv yana\u015fmas\u0131 il\u0259 f\u0259aliyy\u0259tini dayand\u0131rm\u0131\u015fd\u0131r. Bu x&uuml;susda, A\u015ePA t\u0259r\u0259find\u0259n qeyd edil\u0259n q\u0259tnam\u0259nin icras\u0131 istiqam\u0259tind\u0259 q\u0259tiyy\u0259tin v\u0259 Erm\u0259nistan\u0131n s\u0259rgil\u0259diyi bu m&ouml;vqey\u0259 g&ouml;r\u0259 s\u0259rt q\u0131nanmas\u0131n\u0131n \u015fahidi olmam\u0131\u015f\u0131q. Az\u0259rbaycanda m\u0259i\u015f\u0259t z\u0259minind\u0259 ba\u015f vermi\u015f &uuml;r\u0259k getm\u0259sin\u0259 bel\u0259 reaksiya ver\u0259n A\u015ePA n\u0259y\u0259 g&ouml;r\u0259 &ouml;z q\u0259rar\u0131na Erm\u0259nistan t\u0259r\u0259find\u0259n m\u0259h\u0259l qoyulmamas\u0131na reaksiya vermir.&rdquo;<\/span><\/p>\n<p style=\"text-align: justify; text-indent: 1cm;\"><span style=\"font-family: 'Arial', sans-serif; color: #000000;\">Prezident \u0130lham \u018fliyev qondarma Da\u011fl\u0131q Qaraba\u011f xunta rejimind\u0259 \u0259sirlikd\u0259 olan iki m&uuml;lki Az\u0259rbaycan v\u0259t\u0259nda\u015f\u0131n\u0131n- Dilq\u0259m \u018fsg\u0259rov v\u0259 \u015eahbaz Quliyevin h\u0259l\u0259 d\u0259 qanunsuz olaraq xunta rejimind\u0259 h\u0259bsd\u0259 saxlan\u0131lmas\u0131na aidiyy\u0259ti qurumlar\u0131n s\u0259ssiz qalmas\u0131na m&uuml;nasib\u0259t bildirib: &ldquo;A\u015ePA az\u0259rbaycanl\u0131lar\u0131 sevirs\u0259, niy\u0259 indiy\u0259d\u0259k haz\u0131rda Erm\u0259nistan t\u0259r\u0259find\u0259n girovluqda saxlan\u0131lan az\u0259rbaycanl\u0131 m&uuml;lki \u015f\u0259xsl\u0259r Dilq\u0259m\u018fsg\u0259rov v\u0259 \u015eahbaz Quliyevin pozulmu\u015f h&uuml;quqlar\u0131n\u0131n b\u0259rpas\u0131 il\u0259 ba\u011fl\u0131 ki&ccedil;ik d\u0259 olsa bir fikir s\u0259sl\u0259ndirmirl\u0259r. Ax\u0131 onlar da insand\u0131rlar v\u0259 onlar\u0131n i\u015fg\u0259nc\u0259 alt\u0131nda da saxlan\u0131ld\u0131\u011f\u0131 he&ccedil; kimi sirr deyil.&rdquo;<\/span><\/p>\n<p style=\"text-align: justify; text-indent: 1cm;\"><span style=\"font-family: 'Arial', sans-serif; color: #000000;\">A\u015ePA-da Erm\u0259nistan n&uuml;may\u0259nd\u0259 hey\u0259tinin &uuml;zvl\u0259rinin Az\u0259rbaycana qar\u015f\u0131 q\u0259r\u0259zli m&ouml;vqeyi gizlin deyil. Fa\u015fistl\u0259rl\u0259 \u0259m\u0259kda\u015fl\u0131q etmi\u015f Qareqin Njdenin \u0130r\u0259vanda heyk\u0259linin qoyulmas\u0131na bu qurumun m&uuml;nasib\u0259t bildirm\u0259m\u0259si m\u0259s\u0259l\u0259si d\u0259 Prezident \u0130lham \u018fliyev &ccedil;\u0131x\u0131\u015f\u0131nda bu c&uuml;tr ifad\u0259 edilib:<\/span><\/p>\n<p style=\"text-align: justify; text-indent: 1cm;\"><span style=\"font-family: 'Arial', sans-serif; color: #000000;\">&ldquo;A\u015ePA-dak\u0131 Erm\u0259nistan n&uuml;may\u0259nd\u0259 hey\u0259tinin &uuml;zvl\u0259ri zaman-zaman Az\u0259rbaycana qar\u015f\u0131 nifr\u0259t dolu &ccedil;\u0131x\u0131\u015flar edir, &ouml;lk\u0259mizi tamamil\u0259 q\u0259bulolunmaz formada ittiham edirl\u0259r. M\u0259s\u0259l\u0259n, A\u015ePA-n\u0131n 2020-ci ilin yanvar\u0131nda ke&ccedil;irilmi\u015f q\u0131\u015f sessiyas\u0131nda QareginNjdey\u0259 kimi \u0259li g&uuml;nahs\u0131z insanlar\u0131n qan\u0131na batm\u0131\u015f v\u0259 fa\u015fistl\u0259rl\u0259 \u0259m\u0259kda\u015fl\u0131q etmi\u015f Erm\u0259nistan\u0131n bir deputat\u0131 Az\u0259rbaycan\u0131 fa\u015fizm il\u0259 \u0259laq\u0259l\u0259ndirmi\u015fdir. T\u0259\u0259ss&uuml;f ki, bu kimi hallarda A\u015ePA r\u0259hb\u0259rliyi t\u0259r\u0259find\u0259n m\u0259s\u0259l\u0259y\u0259 adekvat reaksiya verilmir. A\u015ePA kimin t\u0259r\u0259find\u0259dir? Fa\u015fistl\u0259rl\u0259 \u0259m\u0259kda\u015fl\u0131q etmi\u015f QareginNjdeni d&ouml;vl\u0259t s\u0259viyy\u0259sind\u0259 q\u0259hr\u0259manla\u015fd\u0131ran Erm\u0259nistan\u0131n, yoxsa m\u0259d\u0259niyy\u0259tl\u0259raras\u0131 v\u0259 dinl\u0259raras\u0131 dialoqu &ouml;z&uuml;n&uuml;n xarici siyas\u0259tinin \u0259sas prioritetl\u0259rind\u0259n birin\u0259 &ccedil;evirmi\u015f Az\u0259rbaycan\u0131n?! Utanmasan, oynama\u011fa n\u0259 var ki? G&ouml;r kim kim\u0259 fa\u015fist deyir? Sanki q\u0259dim Az\u0259rbaycan \u015f\u0259h\u0259rini h\u0259yas\u0131zcas\u0131na &ouml;z&uuml;n&uuml;nk&uuml;l\u0259\u015fdirmi\u015f \u0130r\u0259van \u015f\u0259h\u0259rind\u0259 fa\u015fist\u0259 abid\u0259ni d\u0259 Az\u0259rbaycan qoyub.&rdquo;<\/span><\/p>\n<p style=\"text-align: justify; text-indent: 1cm;\"><span style=\"font-family: 'Arial', sans-serif; color: #000000;\">A\u015ePA-n\u0131n q\u0259r\u0259zli, \u0259dal\u0259tsiz v\u0259 beyn\u0259lxalq h&uuml;ququ n\u0259z\u0259r\u0259 almadan qarayaxma kampaniyas\u0131n\u0131n Az\u0259rbaycan\u0131n siyasi irad\u0259sind\u0259n d&ouml;nd\u0259r\u0259 bilm\u0259y\u0259c\u0259yini, do\u011fru v\u0259 qanuni bildiyi yoldan uzaqla\u015fd\u0131rmayaca\u011f\u0131n\u0131 qeyd ed\u0259n Prezident \u0130lham \u018fliyev q\u0259tiyy\u0259tl\u0259 bildirib :<\/span><\/p>\n<p style=\"text-align: justify; text-indent: 1cm;\"><span style=\"font-family: 'Arial', sans-serif; color: #000000;\">&ldquo;A\u015ePA-da b\u0259zil\u0259ri Erm\u0259nistan, erm\u0259ni lobbisi v\u0259 islamofoblar\u0131n apard\u0131qlar\u0131 qat\u0131 anti-Az\u0259rbaycan kampaniyas\u0131 il\u0259 &ouml;lk\u0259mizi &ouml;z yolundan d&ouml;nd\u0259rm\u0259k m&uuml;mk&uuml;ns&uuml;zd&uuml;r. Az\u0259rbaycanda siyasi m\u0259hbuslarla ba\u011fl\u0131 q\u0259bul edilmi\u015f son q\u0259tnam\u0259 he&ccedil; bir \u0259h\u0259miyy\u0259t k\u0259sb etmir v\u0259 bu q\u0259tnam\u0259nin Az\u0259rbaycan &uuml;&ccedil;&uuml;n d\u0259y\u0259ri bir ka\u011f\u0131z par&ccedil;as\u0131ndan art\u0131q deyil. Az\u0259rbaycan orada s\u0259sl\u0259n\u0259n uydurma ittihamlar\u0131n he&ccedil; birini biz q\u0259bul etmir. Az\u0259rbaycanla h\u0259d\u0259, \u015fantaj dilind\u0259 dan\u0131\u015fmaq olmaz. Az\u0259rbaycan A\u015ePA-n\u0131n q\u0259r\u0259zli q\u0259tnam\u0259l\u0259rinin he&ccedil; birini icra etm\u0259y\u0259c\u0259kdir. A\u015ePA is\u0259 bundan sonra da Az\u0259rbaycanla b&uuml;t&uuml;n k&ouml;rp&uuml;l\u0259ri yand\u0131rmaq siyas\u0259tini davam etdirm\u0259k ist\u0259yirs\u0259, bu onun &ouml;z se&ccedil;imidir.&rdquo;<\/span><\/p>\n<p style=\"text-align: justify; text-indent: 1cm;\"><span style=\"font-family: 'Arial', sans-serif; color: #000000;\">Az\u0259rbaycan\u0131n m&uuml;st\u0259qilliyini b\u0259rpa etm\u0259sind\u0259n sonra iqtisadi, siyasi u\u011furlar qazand\u0131\u011f\u0131n\u0131, pandemiya d&ouml;vr&uuml;nd\u0259 q\u0259bul etdiyi do\u011fru q\u0259rarlar v\u0259 ist\u0259r v\u0259t\u0259nda\u015flar\u0131na, ist\u0259rs\u0259 d\u0259 dig\u0259r d&ouml;vl\u0259tl\u0259r\u0259 g&ouml;st\u0259rdiyi humanitar yard\u0131mlar v\u0259 ba\u015fqa t\u0259r\u0259qqil\u0259ri g&ouml;st\u0259rm\u0259k bax\u0131m\u0131ndan a\u015fa\u011f\u0131dak\u0131 abzas x&uuml;susi \u0259h\u0259miyy\u0259t da\u015f\u0131y\u0131r:<\/span><\/p>\n<p style=\"text-align: justify; text-indent: 1cm;\"><span style=\"font-family: 'Arial', sans-serif; color: #000000;\">&ldquo;30 il\u0259 yax\u0131nd\u0131r ki Az\u0259rbaycan m&uuml;st\u0259qillik \u0259ld\u0259 edib v\u0259 bu d&ouml;vr \u0259rzind\u0259 &ouml;lk\u0259miz kifay\u0259t q\u0259d\u0259r u\u011furlar qazan\u0131b. Ham\u0131n\u0131n qar\u015f\u0131s\u0131nda aciz qald\u0131\u011f\u0131 COVID-19 pandemiyas\u0131na qar\u015f\u0131 m&uuml;bariz\u0259d\u0259 Az\u0259rbaycan \u0259h\u0259miyy\u0259tli t&ouml;hf\u0259 verib. Multilateralizmin can verdiyi bir \u015f\u0259raitd\u0259 Az\u0259rbaycan &ccedil;oxt\u0259r\u0259fli diplomatiyan\u0131n vacibliyini v\u0259 z\u0259ruriliyini uzunm&uuml;dd\u0259tli m&uuml;st\u0259qillik tarixi olan d&ouml;vl\u0259tl\u0259r\u0259 n&uuml;mayi\u015f etdir\u0259 bildi. Pandemiya d&ouml;vr&uuml;nd\u0259 bel\u0259 Az\u0259rbaycan\u0131 a\u011f-qara ekrandan izl\u0259m\u0259y\u0259 v\u0259rdi\u015f ed\u0259n A\u015ePA v\u0259 Q\u0259rbin b\u0259zi dair\u0259l\u0259rinin bir daha q\u0259r\u0259zinin canl\u0131 \u015fahidi olduq. Prezident \u0130lham \u018fliyev \u015f\u0259xsi t\u0259\u015f\u0259bb&uuml;s&uuml; il\u0259 pandemiya d&ouml;vr&uuml;nd\u0259 T&uuml;rk \u015euras\u0131n\u0131n v\u0259 Qo\u015fulmama H\u0259r\u0259kat\u0131n\u0131n f&ouml;vq\u0259lad\u0259 zirv\u0259 g&ouml;r&uuml;\u015fl\u0259ri bu g&ouml;r&uuml;\u015fl\u0259rin n\u0259tic\u0259l\u0259ri bar\u0259d\u0259 dan\u0131\u015f\u0131b v\u0259 &ccedil;\u0131x\u0131\u015f\u0131nda bu m\u0259s\u0259l\u0259l\u0259r\u0259 d\u0259 yer verib. <\/span><\/p>\n<p style=\"text-align: justify; text-indent: 1cm;\"><span style=\"font-family: 'Arial', sans-serif; color: #000000;\">&ldquo;Az\u0259rbaycan Respublikas\u0131n\u0131n Prezidentinin t\u0259\u015f\u0259bb&uuml;s&uuml; il\u0259 aprelin 10-da T&uuml;rk \u015euras\u0131n\u0131n v\u0259 may\u0131n 4-d\u0259 Qo\u015fulmama H\u0259r\u0259kat\u0131n\u0131n f&ouml;vq\u0259lad\u0259 zirv\u0259 g&ouml;r&uuml;\u015fl\u0259ri ke&ccedil;irilib. Qeyd olunmal\u0131d\u0131r ki, T&uuml;rk \u015euras\u0131 d&uuml;nya miqyas\u0131nda ilk beyn\u0259lxalq t\u0259\u015fkilatd\u0131r ki, d&ouml;vl\u0259t ba\u015f&ccedil;\u0131lar\u0131 s\u0259viyy\u0259sind\u0259 COVID-19 pandemiyas\u0131na h\u0259sr olunan Zirv\u0259 g&ouml;r&uuml;\u015f&uuml;n&uuml; ke&ccedil;irib. Qo\u015fulmama H\u0259r\u0259kat\u0131n\u0131n zirv\u0259 g&ouml;r&uuml;\u015f&uuml;nd\u0259 d&uuml;nyan\u0131n d&ouml;rd bir yan\u0131ndan 40-dan &ccedil;ox &ouml;lk\u0259nin d&ouml;vl\u0259t v\u0259 h&ouml;kum\u0259t ba\u015f&ccedil;\u0131lar\u0131 v\u0259 xarici i\u015fl\u0259r nazirl\u0259ri i\u015ftirk edibl\u0259r ki, bu da bir daha &ouml;lk\u0259miz\u0259 v\u0259 Prezidentimiz\u0259 olan inam\u0131n, etibar\u0131n v\u0259 etimad\u0131n g&ouml;st\u0259ricisidir. Az\u0259rbaycan pandemiya d&ouml;vr&uuml;nd\u0259 30-dan &ccedil;ox beyn\u0259lxalq t\u0259\u015fkilata v\u0259 d&ouml;vl\u0259t\u0259 maliyy\u0259 v\u0259 humanitar yard\u0131m edib.Az\u0259rbaycan\u0131n m&uuml;st\u0259qilliyini b\u0259rpa etdikd\u0259n sonra X\u0259z\u0259r h&ouml;vz\u0259sind\u0259ki enerji resurslar\u0131n\u0131n d&uuml;nya bazarlar\u0131na &ccedil;\u0131xar\u0131lmas\u0131, Avropan\u0131n enerji t\u0259l\u0259bat\u0131n\u0131n qar\u015f\u0131lanmas\u0131nda m&uuml;h&uuml;m yer\u0259 sahib olmas\u0131, h\u0259yata ke&ccedil;irdiyi beyn\u0259lxalq infrastruktur layih\u0259l\u0259ri olduqca \u0259h\u0259miyy\u0259tlidir. <\/span><\/p>\n<p style=\"text-align: justify; text-indent: 1cm;\"><span style=\"font-family: 'Arial', sans-serif; color: #000000;\">&ldquo;Az\u0259rbaycan d&uuml;nyada art\u0131q &ldquo;orta miqyasl\u0131&rdquo; (middlepower) &ouml;lk\u0259 kimi tan\u0131n\u0131r. \u018frazisinin ki&ccedil;ik olmas\u0131na baxmayaraq, Az\u0259rbaycan apard\u0131\u011f\u0131 u\u011furlu xarici siyas\u0259tl\u0259, b\u0259\u015f\u0259riyy\u0259t\u0259 s&uuml;lh v\u0259 davaml\u0131 inki\u015faf b\u0259x\u015f ed\u0259n d\u0259y\u0259rl\u0259ri t\u0259bli\u011f etm\u0259kl\u0259 beyn\u0259lxalq sistemin t\u0259hl&uuml;k\u0259sizliyi v\u0259 sabitliyin\u0259 m&uuml;h&uuml;m t&ouml;hf\u0259 verir. Eyni zamanda, u\u011furlu regional enerji v\u0259 infrastruktur layih\u0259l\u0259ri il\u0259 Az\u0259rbaycan regionun v\u0259 Avropan\u0131n enerji t\u0259hl&uuml;k\u0259sizliyin\u0259 v\u0259 davaml\u0131 inki\u015faf\u0131na t&ouml;hf\u0259 verir. Az\u0259rbaycan d\u0259f\u0259l\u0259rl\u0259 Rusiya v\u0259 NATO aras\u0131nda dialoqun apar\u0131lmas\u0131nda d\u0259f\u0259l\u0259rl\u0259 vasit\u0259&ccedil;i kimi &ccedil;\u0131x\u0131\u015f etmi\u015fdir. B&uuml;t&uuml;n bunlar &ouml;lk\u0259mizin n&uuml;fuzundan x\u0259b\u0259r verir ki, bu da &ouml;z n&ouml;vb\u0259sind\u0259 az\u0259rbaycanafobiya q&uuml;vv\u0259l\u0259ri narahat etm\u0259y\u0259 bilm\u0259z.&rdquo;<\/span><\/p>\n<p style=\"text-align: justify; text-indent: 1cm;\"><span style=\"font-family: 'Arial', sans-serif; color: #000000;\"> Bir zamanlar ki&ccedil;ik bir d&ouml;vl\u0259t kimi haqq s\u0259sini qald\u0131rma\u011f\u0131 bel\u0259 bacarmayan Az\u0259rbaycan art\u0131q d&uuml;nyan\u0131n \u0259n b&ouml;y&uuml;k d&ouml;vl\u0259tl\u0259ri il\u0259 \u0259m\u0259kda\u015fl\u0131q edir, b&ouml;y&uuml;k t\u0259dbirl\u0259r\u0259 ev sahibliyi edir, m&ouml;ht\u0259\u015f\u0259m q\u0259rarlar\u0131n q\u0259bul edilm\u0259sin\u0259 m&uuml;nasib\u0259tini bildirir. Bu Az\u0259rbaycan d&ouml;vl\u0259tinin u\u011furudur, bu prezident \u0130lham \u018fliyevin yeritditi u\u011furlu siyas\u0259tin n\u0259tic\u0259sidir. Xalqa g&uuml;v\u0259n\u0259r\u0259k f\u0259aliyy\u0259tini l\u0259yaq\u0259tl\u0259 davam etdir\u0259n prezidentimizin bundan sonra da q\u0259tiyy\u0259tl\u0259 s&ouml;z&uuml;n&uuml; d&uuml;nyan\u0131n b&uuml;t&uuml;n qurumlar\u0131na &ccedil;atd\u0131raca\u011f\u0131na \u0259minik. <\/span><\/p>\n<p style=\"text-align: justify; text-indent: 1cm;\"><span style=\"font-family: 'Arial', sans-serif; color: #000000;\">Sahib \u018fliyev,<\/span><\/p>\n<p style=\"text-align: justify; text-indent: 1cm;\"><span style=\"font-family: 'Arial', sans-serif; color: #000000;\">Pedaqoqika &uuml;zr\u0259 f\u0259ls\u0259f\u0259 doktoru<\/span><\/p>\n<p style=\"text-align: justify; text-indent: 1cm;\"><span style=\"font-family: 'Arial', sans-serif; color: #000000;\"><\/span><\/p>","protected":false},"excerpt":{"rendered":"<p>&Ouml;lk\u0259 Prezidentinin m&ouml;vqeyi Az\u0259rbaycan h\u0259qiq\u0259tl\u0259rinin d&uuml;nyaya ismar\u0131c\u0131d\u0131r Az\u0259rbaycan \u0259srl\u0259r boyu d&uuml;\u015fm\u0259n t\u0259cav&uuml;z&uuml;n\u0259 m\u0259ruz qalsa da xalq\u0131m\u0131z\u0131n f\u0259dakar &ouml;vladlar\u0131n\u0131n q\u0259hr\u0259manl\u0131\u011f\u0131 say\u0259sind\u0259 h\u0259mi\u015f\u0259 qalib olub. Iyirminci \u0259srin sonlar\u0131nda ke&ccedil;mi\u015f SSR\u0130-nin t\u0259rkibind\u0259 olan Az\u0259rbaycana qar\u015f\u0131 b\u0259dnam qon\u015fular t\u0259r\u0259find\u0259n edil\u0259n soyq\u0131r\u0259m v\u0259 q\u0259tl hadis\u0259l\u0259ri zaman\u0131 minl\u0259rl\u0259 az\u0259rbaycanl\u0131 q\u0259tl\u0259 yetirilib, \u0259sir g&ouml;t&uuml;r&uuml;l&uuml;b, yand\u0259r\u0131r\u0131l\u0131b, olmaz\u0131n i\u015fg\u0259nc\u0259l\u0259r verilib. Bu elans\u0131z d&ouml;y&uuml;\u015fl\u0259rd\u0259 minl\u0259rl\u0259 [&hellip;]<\/p>\n","protected":false},"author":1,"featured_media":0,"comment_status":"open","ping_status":"open","sticky":false,"template":"","format":"standard","meta":{"_eb_attr":"","ocean_post_layout":"","ocean_both_sidebars_style":"","ocean_both_sidebars_content_width":0,"ocean_both_sidebars_sidebars_width":0,"ocean_sidebar":"","ocean_second_sidebar":"","ocean_disable_margins":"enable","ocean_add_body_class":"","ocean_shortcode_before_top_bar":"","ocean_shortcode_after_top_bar":"","ocean_shortcode_before_header":"","ocean_shortcode_after_header":"","ocean_has_shortcode":"","ocean_shortcode_after_title":"","ocean_shortcode_before_footer_widgets":"","ocean_shortcode_after_footer_widgets":"","ocean_shortcode_before_footer_bottom":"","ocean_shortcode_after_footer_bottom":"","ocean_display_top_bar":"default","ocean_display_header":"default","ocean_header_style":"","ocean_center_header_left_menu":"","ocean_custom_header_template":"","ocean_custom_logo":0,"ocean_custom_retina_logo":0,"ocean_custom_logo_max_width":0,"ocean_custom_logo_tablet_max_width":0,"ocean_custom_logo_mobile_max_width":0,"ocean_custom_logo_max_height":0,"ocean_custom_logo_tablet_max_height":0,"ocean_custom_logo_mobile_max_height":0,"ocean_header_custom_menu":"","ocean_menu_typo_font_family":"","ocean_menu_typo_font_subset":"","ocean_menu_typo_font_size":0,"ocean_menu_typo_font_size_tablet":0,"ocean_menu_typo_font_size_mobile":0,"ocean_menu_typo_font_size_unit":"px","ocean_menu_typo_font_weight":"","ocean_menu_typo_font_weight_tablet":"","ocean_menu_typo_font_weight_mobile":"","ocean_menu_typo_transform":"","ocean_menu_typo_transform_tablet":"","ocean_menu_typo_transform_mobile":"","ocean_menu_typo_line_height":0,"ocean_menu_typo_line_height_tablet":0,"ocean_menu_typo_line_height_mobile":0,"ocean_menu_typo_line_height_unit":"","ocean_menu_typo_spacing":0,"ocean_menu_typo_spacing_tablet":0,"ocean_menu_typo_spacing_mobile":0,"ocean_menu_typo_spacing_unit":"","ocean_menu_link_color":"","ocean_menu_link_color_hover":"","ocean_menu_link_color_active":"","ocean_menu_link_background":"","ocean_menu_link_hover_background":"","ocean_menu_link_active_background":"","ocean_menu_social_links_bg":"","ocean_menu_social_hover_links_bg":"","ocean_menu_social_links_color":"","ocean_menu_social_hover_links_color":"","ocean_disable_title":"default","ocean_disable_heading":"default","ocean_post_title":"","ocean_post_subheading":"","ocean_post_title_style":"","ocean_post_title_background_color":"","ocean_post_title_background":0,"ocean_post_title_bg_image_position":"","ocean_post_title_bg_image_attachment":"","ocean_post_title_bg_image_repeat":"","ocean_post_title_bg_image_size":"","ocean_post_title_height":0,"ocean_post_title_bg_overlay":0.5,"ocean_post_title_bg_overlay_color":"","ocean_disable_breadcrumbs":"default","ocean_breadcrumbs_color":"","ocean_breadcrumbs_separator_color":"","ocean_breadcrumbs_links_color":"","ocean_breadcrumbs_links_hover_color":"","ocean_display_footer_widgets":"default","ocean_display_footer_bottom":"default","ocean_custom_footer_template":"","ocean_post_oembed":"","ocean_post_self_hosted_media":"","ocean_post_video_embed":"","ocean_link_format":"","ocean_link_format_target":"self","ocean_quote_format":"","ocean_quote_format_link":"post","ocean_gallery_link_images":"on","ocean_gallery_id":[],"footnotes":""},"categories":[63],"tags":[],"class_list":["post-15341","post","type-post","status-publish","format-standard","hentry","category-khaebaerlaer-az","entry"],"_links":{"self":[{"href":"https:\/\/mdu.edu.az\/ru\/wp-json\/wp\/v2\/posts\/15341","targetHints":{"allow":["GET"]}}],"collection":[{"href":"https:\/\/mdu.edu.az\/ru\/wp-json\/wp\/v2\/posts"}],"about":[{"href":"https:\/\/mdu.edu.az\/ru\/wp-json\/wp\/v2\/types\/post"}],"author":[{"embeddable":true,"href":"https:\/\/mdu.edu.az\/ru\/wp-json\/wp\/v2\/users\/1"}],"replies":[{"embeddable":true,"href":"https:\/\/mdu.edu.az\/ru\/wp-json\/wp\/v2\/comments?post=15341"}],"version-history":[{"count":0,"href":"https:\/\/mdu.edu.az\/ru\/wp-json\/wp\/v2\/posts\/15341\/revisions"}],"wp:attachment":[{"href":"https:\/\/mdu.edu.az\/ru\/wp-json\/wp\/v2\/media?parent=15341"}],"wp:term":[{"taxonomy":"category","embeddable":true,"href":"https:\/\/mdu.edu.az\/ru\/wp-json\/wp\/v2\/categories?post=15341"},{"taxonomy":"post_tag","embeddable":true,"href":"https:\/\/mdu.edu.az\/ru\/wp-json\/wp\/v2\/tags?post=15341"}],"curies":[{"name":"wp","href":"https:\/\/api.w.org\/{rel}","templated":true}]}}