{"id":15364,"date":"2020-06-22T18:28:08","date_gmt":"2020-06-22T15:28:08","guid":{"rendered":"https:\/\/mdu.edu.az\/minzh-evir-d-vl-t-universitetinin-ispaniya-krall-n-n-valladolid-universitetind-t-hsil-alan-t-l-b-l-ri-t-ss-ratlar-n-b-l-bl-r\/"},"modified":"2020-06-22T18:28:08","modified_gmt":"2020-06-22T15:28:08","slug":"minzh-evir-d-vl-t-universitetinin-ispaniya-krall-n-n-valladolid-universitetind-t-hsil-alan-t-l-b-l-ri-t-ss-ratlar-n-b-l-bl-r","status":"publish","type":"post","link":"https:\/\/mdu.edu.az\/ru\/minzh-evir-d-vl-t-universitetinin-ispaniya-krall-n-n-valladolid-universitetind-t-hsil-alan-t-l-b-l-ri-t-ss-ratlar-n-b-l-bl-r\/","title":{"rendered":"Ming\u0259\u00e7evir D\u00f6vl\u0259t Universitetinin \u0130spaniya Krall\u0131\u011f\u0131n\u0131n Valladolid Universitetind\u0259 t\u0259hsil alan t\u0259l\u0259b\u0259l\u0259ri t\u0259\u0259ss\u00fcratlar\u0131n\u0131 b\u00f6l\u00fc\u015f\u00fcbl\u0259r"},"content":{"rendered":"<p style=\"margin-top: 0cm; margin-right: 0cm; margin-bottom: 0.0001pt; line-height: 150%; text-align: center;\"><b><span style=\"font-size: 14pt; line-height: 150%; font-family: 'Arial', sans-serif; color: #002060;\">Ming\u0259&ccedil;evir D&ouml;vl\u0259t Universitetinin \u0130spaniya Krall\u0131\u011f\u0131n\u0131n <\/span><\/b><b><span style=\"font-size: 14pt; line-height: 150%; font-family: 'Arial', sans-serif; color: #002060;\">Valladolid Universitetind\u0259 t\u0259hsil alan t\u0259l\u0259b\u0259l\u0259ri t\u0259\u0259ss&uuml;ratlar\u0131n\u0131 b&ouml;l&uuml;\u015f&uuml;bl\u0259r<\/span><\/b><\/p>\n<p style=\"text-align: center;\">&nbsp;<\/p>\n<p style=\"margin-top: 0cm; margin-right: 0cm; margin-bottom: 0.0001pt; text-align: justify; text-indent: 1cm; line-height: 150%;\"><span style=\"font-size: 12pt; line-height: 150%; font-family: 'Arial', sans-serif; color: black;\">Ming\u0259&ccedil;evir D&ouml;vl\u0259t Universitetinin (MDU) &uuml;&ccedil; t\u0259l\u0259b\u0259si 2019\/2020-ci t\u0259dris ilinin yaz semestrind\u0259 &ldquo;Erasmus+&rdquo; m&uuml;badil\u0259 proqram\u0131 &ccedil;\u0259r&ccedil;iv\u0259sind\u0259 \u0130spanya Krall\u0131\u011f\u0131n\u0131n Valladolid Universitetind\u0259 t\u0259hsil al\u0131r. Haz\u0131rda \u0130spaniyada olan t\u0259l\u0259b\u0259l\u0259r qlobal pandemiya d&ouml;vr&uuml;n\u0259 t\u0259sad&uuml;f ed\u0259n xaricd\u0259 t\u0259hsil t\u0259cr&uuml;b\u0259l\u0259rin\u0259 dair t\u0259\u0259ss&uuml;ratlar\u0131n\u0131 b&ouml;l&uuml;\u015f&uuml;bl\u0259r.<\/span><\/p>\n<p style=\"margin-top: 0cm; margin-right: 0cm; margin-bottom: 0.0001pt; text-align: justify; text-indent: 1cm; line-height: 150%;\"><span style=\"font-size: 12pt; line-height: 150%; font-family: 'Arial', sans-serif; color: black;\">MDU-nun t\u0259l\u0259b\u0259si Aida Qurbanova<\/span><span style=\"font-size: 12pt; line-height: 150%; font-family: 'Arial', sans-serif; color: black;\">: &ldquo;Bildirm\u0259k ist\u0259yir\u0259m ki, karantin m&uuml;dd\u0259tind\u0259 d\u0259rsl\u0259r\u0259 onlayn \u015f\u0259kild\u0259 davam etdim v\u0259 pandemiya d&ouml;vr&uuml; \u0259rzind\u0259 &#8220;Evd\u0259 qal Sa\u011flam qal&#8221; prinsipin\u0259 uy\u011fun olaraq &ccedil;&ouml;l\u0259 &ccedil;\u0131xmad\u0131m. \u018frzaq v\u0259 yem\u0259k almaq &uuml;&ccedil;&uuml;n onlayn sifari\u015f m&ouml;vcud oldu\u011fundan ya\u015fad\u0131\u011f\u0131m yeri t\u0259rk etmir\u0259m. Ma\u011faza, idman zallar\u0131, restoranlar v\u0259 dig\u0259r xidm\u0259t m&uuml;\u0259ssis\u0259l\u0259rinin f\u0259aliyy\u0259tin\u0259 s\u0259rt t\u0259hl&uuml;k\u0259sizlik qaydalar\u0131na riay\u0259t etm\u0259k \u015f\u0259rtil\u0259 icaz\u0259 verilir. Birm\u0259nal\u0131 olaraq, tibbi maskadan istifad\u0259 edir\u0259m v\u0259 sosial m\u0259saf\u0259 saxlay\u0131ram. Haz\u0131rda online formada t\u0259\u015fkil olunan imtahanlarda i\u015ftirak edir\u0259m. \u0130mtahanlar\u0131n ham\u0131s\u0131n\u0131 u\u011furla ba\u015fa vuraca\u011f\u0131ma inan\u0131ram. Karantin \u015f\u0259rtl\u0259ri ciddi m\u0259hdudiyy\u0259tl\u0259r yaratsa da, \u0130spaniyada oldu\u011fum m&uuml;dd\u0259td\u0259 MDU-nu v\u0259 do\u011fma Az\u0259rbaycan\u0131m\u0131z\u0131 layiqinc\u0259 t\u0259msil etm\u0259y\u0259 &ccedil;al\u0131\u015f\u0131ram&rdquo;.<\/span><\/p>\n<p style=\"margin-top: 0cm; margin-right: 0cm; margin-bottom: 0.0001pt; text-align: justify; text-indent: 1cm; line-height: 150%;\"><span style=\"font-size: 12pt; line-height: 150%; font-family: 'Arial', sans-serif; color: black;\">&Uuml;lvi A\u015furov: &ldquo;\u015eadam ki, MDU t\u0259l\u0259b\u0259si olaraq &ldquo;Erasmus+&rdquo; m&uuml;badil\u0259 proqram\u0131ndan faydalanmaqla \u0130spaniya Krall\u0131\u011f\u0131n\u0131n Valladolid Universitetind\u0259 bir semestrlik t\u0259hsil almaq imkan\u0131 qazanm\u0131\u015fam. Bu imkana g&ouml;r\u0259 MDU r\u0259hb\u0259rliyin\u0259 t\u0259\u015f\u0259kk&uuml;r&uuml;m&uuml; bildirir\u0259m. Bura g\u0259lm\u0259zd\u0259n &ouml;nc\u0259, \u0130spaniyada t\u0259hsil alaca\u011f\u0131m d&ouml;vrd\u0259 Avropan\u0131n bir ne&ccedil;\u0259 &ouml;lk\u0259sini s\u0259yah\u0259t etm\u0259yi d&uuml;\u015f&uuml;n&uuml;rd&uuml;m. COVID-19 pandemiyas\u0131 s\u0259b\u0259bind\u0259n bu ist\u0259yimi realla\u015fd\u0131ra bilm\u0259dim v\u0259 d&ouml;rd ayd\u0131r ki, karantin \u015f\u0259raitind\u0259 ya\u015fay\u0131ram. Online formada ke&ccedil;iril\u0259n d\u0259rsl\u0259r h\u0259yat\u0131mda ilk t\u0259cr&uuml;b\u0259 oldu. Haz\u0131rda online imtahanlardan m&uuml;v\u0259ff\u0259q n\u0259tic\u0259l\u0259r \u0259ld\u0259 etm\u0259y\u0259 &ccedil;al\u0131\u015f\u0131ram. \u0130spaniyada t\u0259hsil m&uuml;dd\u0259tind\u0259 m&uuml;xt\u0259lif &ouml;lk\u0259l\u0259rd\u0259n olan v\u0259 f\u0259rqli m\u0259d\u0259niyy\u0259tl\u0259ri t\u0259msil ed\u0259n &ccedil;oxsayl\u0131 dostlar qazand\u0131m&rdquo;.<\/span><\/p>\n<p style=\"margin-top: 0cm; margin-right: 0cm; margin-bottom: 0.0001pt; text-align: justify; text-indent: 1cm; line-height: 150%;\"><span style=\"font-size: 12pt; line-height: 150%; font-family: 'Arial', sans-serif; color: black;\">Zaur M\u0259mm\u0259dov: &ldquo;2020-ci ilin fevral ay\u0131n\u0131n \u0259vv\u0259lind\u0259n etibar\u0259n Valladolid Universitetind\u0259 t\u0259hsil al\u0131ram. Xaric\u0259 getm\u0259k v\u0259 Avropada t\u0259hsil almaq u\u015faql\u0131q arzum idi. Sevinir\u0259m ki, bu arzumun yerin\u0259 yetirilm\u0259sin\u0259 t\u0259l\u0259b\u0259si oldu\u011fum MDU \u015f\u0259rait yaratm\u0131\u015f oldu. Avropa \u0130ttifaq\u0131n\u0131n &ldquo;Erasmus+&rdquo; proqram\u0131n\u0131n bir t\u0259rkib hiss\u0259sin\u0259 &ccedil;evrilm\u0259k v\u0259 MDU-nu \u0130spaniyada t\u0259msil etm\u0259k q&uuml;rurvericidir. M&ouml;vcud pandemiyan\u0131n &ccedil;ox k\u0259skin oldu\u011fu &ouml;lk\u0259l\u0259rd\u0259n birind\u0259 t\u0259hsil almaq asan olmasa da unikal t\u0259cr&uuml;b\u0259 qazanmaq bax\u0131m\u0131ndan &ouml;n\u0259mlidir. Ham\u0131m\u0131z &uuml;&ccedil;&uuml;n f\u0259rqli \u015f\u0259rtl\u0259r &ccedil;\u0259r&ccedil;iv\u0259sind\u0259 realla\u015fd\u0131r\u0131lan bu semestri u\u011furla ba\u015fa &ccedil;atd\u0131r\u0131b do\u011fma MDU-ya qay\u0131tma\u011f\u0131 n\u0259z\u0259rd\u0259 tuturam&rdquo;.<\/span><\/p>\n<p>{phocagallery view=category|categoryid=392|limitstart=0|limitcount=0}<\/p>","protected":false},"excerpt":{"rendered":"<p>Ming\u0259&ccedil;evir D&ouml;vl\u0259t Universitetinin \u0130spaniya Krall\u0131\u011f\u0131n\u0131n Valladolid Universitetind\u0259 t\u0259hsil alan t\u0259l\u0259b\u0259l\u0259ri t\u0259\u0259ss&uuml;ratlar\u0131n\u0131 b&ouml;l&uuml;\u015f&uuml;bl\u0259r &nbsp; Ming\u0259&ccedil;evir D&ouml;vl\u0259t Universitetinin (MDU) &uuml;&ccedil; t\u0259l\u0259b\u0259si 2019\/2020-ci t\u0259dris ilinin yaz semestrind\u0259 &ldquo;Erasmus+&rdquo; m&uuml;badil\u0259 proqram\u0131 &ccedil;\u0259r&ccedil;iv\u0259sind\u0259 \u0130spanya Krall\u0131\u011f\u0131n\u0131n Valladolid Universitetind\u0259 t\u0259hsil al\u0131r. Haz\u0131rda \u0130spaniyada olan t\u0259l\u0259b\u0259l\u0259r qlobal pandemiya d&ouml;vr&uuml;n\u0259 t\u0259sad&uuml;f ed\u0259n xaricd\u0259 t\u0259hsil t\u0259cr&uuml;b\u0259l\u0259rin\u0259 dair t\u0259\u0259ss&uuml;ratlar\u0131n\u0131 b&ouml;l&uuml;\u015f&uuml;bl\u0259r. MDU-nun t\u0259l\u0259b\u0259si Aida Qurbanova: &ldquo;Bildirm\u0259k ist\u0259yir\u0259m [&hellip;]<\/p>\n","protected":false},"author":1,"featured_media":0,"comment_status":"open","ping_status":"open","sticky":false,"template":"","format":"standard","meta":{"_eb_attr":"","ocean_post_layout":"","ocean_both_sidebars_style":"","ocean_both_sidebars_content_width":0,"ocean_both_sidebars_sidebars_width":0,"ocean_sidebar":"","ocean_second_sidebar":"","ocean_disable_margins":"enable","ocean_add_body_class":"","ocean_shortcode_before_top_bar":"","ocean_shortcode_after_top_bar":"","ocean_shortcode_before_header":"","ocean_shortcode_after_header":"","ocean_has_shortcode":"","ocean_shortcode_after_title":"","ocean_shortcode_before_footer_widgets":"","ocean_shortcode_after_footer_widgets":"","ocean_shortcode_before_footer_bottom":"","ocean_shortcode_after_footer_bottom":"","ocean_display_top_bar":"default","ocean_display_header":"default","ocean_header_style":"","ocean_center_header_left_menu":"","ocean_custom_header_template":"","ocean_custom_logo":0,"ocean_custom_retina_logo":0,"ocean_custom_logo_max_width":0,"ocean_custom_logo_tablet_max_width":0,"ocean_custom_logo_mobile_max_width":0,"ocean_custom_logo_max_height":0,"ocean_custom_logo_tablet_max_height":0,"ocean_custom_logo_mobile_max_height":0,"ocean_header_custom_menu":"","ocean_menu_typo_font_family":"","ocean_menu_typo_font_subset":"","ocean_menu_typo_font_size":0,"ocean_menu_typo_font_size_tablet":0,"ocean_menu_typo_font_size_mobile":0,"ocean_menu_typo_font_size_unit":"px","ocean_menu_typo_font_weight":"","ocean_menu_typo_font_weight_tablet":"","ocean_menu_typo_font_weight_mobile":"","ocean_menu_typo_transform":"","ocean_menu_typo_transform_tablet":"","ocean_menu_typo_transform_mobile":"","ocean_menu_typo_line_height":0,"ocean_menu_typo_line_height_tablet":0,"ocean_menu_typo_line_height_mobile":0,"ocean_menu_typo_line_height_unit":"","ocean_menu_typo_spacing":0,"ocean_menu_typo_spacing_tablet":0,"ocean_menu_typo_spacing_mobile":0,"ocean_menu_typo_spacing_unit":"","ocean_menu_link_color":"","ocean_menu_link_color_hover":"","ocean_menu_link_color_active":"","ocean_menu_link_background":"","ocean_menu_link_hover_background":"","ocean_menu_link_active_background":"","ocean_menu_social_links_bg":"","ocean_menu_social_hover_links_bg":"","ocean_menu_social_links_color":"","ocean_menu_social_hover_links_color":"","ocean_disable_title":"default","ocean_disable_heading":"default","ocean_post_title":"","ocean_post_subheading":"","ocean_post_title_style":"","ocean_post_title_background_color":"","ocean_post_title_background":0,"ocean_post_title_bg_image_position":"","ocean_post_title_bg_image_attachment":"","ocean_post_title_bg_image_repeat":"","ocean_post_title_bg_image_size":"","ocean_post_title_height":0,"ocean_post_title_bg_overlay":0.5,"ocean_post_title_bg_overlay_color":"","ocean_disable_breadcrumbs":"default","ocean_breadcrumbs_color":"","ocean_breadcrumbs_separator_color":"","ocean_breadcrumbs_links_color":"","ocean_breadcrumbs_links_hover_color":"","ocean_display_footer_widgets":"default","ocean_display_footer_bottom":"default","ocean_custom_footer_template":"","ocean_post_oembed":"","ocean_post_self_hosted_media":"","ocean_post_video_embed":"","ocean_link_format":"","ocean_link_format_target":"self","ocean_quote_format":"","ocean_quote_format_link":"post","ocean_gallery_link_images":"on","ocean_gallery_id":[],"footnotes":""},"categories":[63],"tags":[],"class_list":["post-15364","post","type-post","status-publish","format-standard","hentry","category-khaebaerlaer-az","entry"],"_links":{"self":[{"href":"https:\/\/mdu.edu.az\/ru\/wp-json\/wp\/v2\/posts\/15364","targetHints":{"allow":["GET"]}}],"collection":[{"href":"https:\/\/mdu.edu.az\/ru\/wp-json\/wp\/v2\/posts"}],"about":[{"href":"https:\/\/mdu.edu.az\/ru\/wp-json\/wp\/v2\/types\/post"}],"author":[{"embeddable":true,"href":"https:\/\/mdu.edu.az\/ru\/wp-json\/wp\/v2\/users\/1"}],"replies":[{"embeddable":true,"href":"https:\/\/mdu.edu.az\/ru\/wp-json\/wp\/v2\/comments?post=15364"}],"version-history":[{"count":0,"href":"https:\/\/mdu.edu.az\/ru\/wp-json\/wp\/v2\/posts\/15364\/revisions"}],"wp:attachment":[{"href":"https:\/\/mdu.edu.az\/ru\/wp-json\/wp\/v2\/media?parent=15364"}],"wp:term":[{"taxonomy":"category","embeddable":true,"href":"https:\/\/mdu.edu.az\/ru\/wp-json\/wp\/v2\/categories?post=15364"},{"taxonomy":"post_tag","embeddable":true,"href":"https:\/\/mdu.edu.az\/ru\/wp-json\/wp\/v2\/tags?post=15364"}],"curies":[{"name":"wp","href":"https:\/\/api.w.org\/{rel}","templated":true}]}}