{"id":15373,"date":"2020-06-28T12:35:48","date_gmt":"2020-06-28T09:35:48","guid":{"rendered":"https:\/\/mdu.edu.az\/minzh-evir-d-vl-t-universitetind-az-rbaydzanda-s-orta-bazar-n-n-inki-af-istizham-tl-ri-m-vzusunda-t-lim-ke-irilib\/"},"modified":"2020-06-28T12:35:48","modified_gmt":"2020-06-28T09:35:48","slug":"minzh-evir-d-vl-t-universitetind-az-rbaydzanda-s-orta-bazar-n-n-inki-af-istizham-tl-ri-m-vzusunda-t-lim-ke-irilib","status":"publish","type":"post","link":"https:\/\/mdu.edu.az\/ru\/minzh-evir-d-vl-t-universitetind-az-rbaydzanda-s-orta-bazar-n-n-inki-af-istizham-tl-ri-m-vzusunda-t-lim-ke-irilib\/","title":{"rendered":"Ming\u0259\u00e7evir D\u00f6vl\u0259t Universitetind\u0259 \u201cAz\u0259rbaycanda s\u0131\u011forta bazar\u0131n\u0131n  inki\u015faf istiqam\u0259tl\u0259ri\u201d m\u00f6vzusunda t\u0259lim ke\u00e7irilib"},"content":{"rendered":"<p style=\"text-align: center;\"><span style=\"font-size: 14pt;\"><b><span style=\"font-family: 'Arial', 'sans-serif'; color: #0000cc;\">Ming\u0259&ccedil;evir D&ouml;vl\u0259t Universitetind\u0259 &ldquo;Az\u0259rbaycanda s\u0131\u011forta bazar\u0131n\u0131n <\/span><\/b><\/span><\/p>\n<p style=\"text-align: center;\"><span style=\"font-size: 14pt;\"><b><span style=\"font-family: 'Arial', 'sans-serif'; color: #0000cc;\">inki\u015faf istiqam\u0259tl\u0259ri&rdquo; m&ouml;vzusunda t\u0259lim ke&ccedil;irilib<\/span><\/b><\/span><\/p>\n<p style=\"text-align: justify; text-indent: 1cm;\"><span style=\"font-family: 'Arial', 'sans-serif'; color: black; font-size: 14pt;\"><\/span><\/p>\n<p style=\"text-align: justify; text-indent: 1cm;\"><span style=\"font-family: 'Arial', 'sans-serif'; color: #000000; font-size: 12pt;\">Ming\u0259&ccedil;evir D&ouml;vl\u0259t Universiteti \u0130qtisadiyyat v\u0259 idar\u0259etm\u0259 fak&uuml;lt\u0259sind\u0259 &ldquo;S\u0259nayenin t\u0259\u015fkili v\u0259 idar\u0259etm\u0259&rdquo; kafedras\u0131n\u0131n m&uuml;diri, dosent Emiliya H&uuml;seynovan\u0131n t\u0259\u015fkilat&ccedil;\u0131l\u0131\u011f\u0131 il\u0259 &ldquo;Az\u0259rbaycanda s\u0131\u011forta bazar\u0131n\u0131n inki\u015faf istiqam\u0259tl\u0259ri&rdquo; m&ouml;vzusunda s\u0131\u011forta i\u015finin t\u0259\u015fkili v\u0259 t\u0259bli\u011fi il\u0259 ba\u011fl\u0131 bir k&ouml;n&uuml;ll&uuml;l\u0259rl\u0259 t\u0259lim ke&ccedil;irilib.&nbsp;&nbsp;&nbsp;&nbsp; <\/span><\/p>\n<p style=\"text-align: justify; text-indent: 27pt;\"><span style=\"font-family: 'Arial', 'sans-serif'; color: #000000; font-size: 12pt;\">T\u0259lim Az\u0259rbaycan Respublikas\u0131n\u0131n T\u0259hsil Nazirliyinin &ldquo;S\u0131\u011forta sektorunun inki\u015faf etdirilm\u0259si &uuml;&ccedil;&uuml;n g&ouml;r&uuml;lm\u0259li i\u015fl\u0259rl\u0259 ba\u011fl\u0131 T\u0259dbirl\u0259r Plan\u0131&rdquo;n\u0131n icras\u0131 bar\u0259d\u0259 19 iyun 2019-cu il tarixli F-377 n&ouml;mr\u0259li \u0259mrinin yerin\u0259 yetirilm\u0259si &uuml;zr\u0259 Ming\u0259&ccedil;evir D&ouml;vl\u0259t Universitetinin T\u0259dbirl\u0259r Plan\u0131na uy\u011fun olaraq t\u0259\u015fkil olunub.<\/span><\/p>\n<p style=\"text-align: justify; text-indent: 27pt;\"><span style=\"font-size: 12pt; color: #000000;\"><span style=\"font-size: 13pt; font-family: 'Arial', 'sans-serif';\">T\u0259lim Microsoft Teams platformas\u0131 &uuml;z\u0259rind\u0259n distant formada ke&ccedil;irilib. T\u0259dbiri giri\u015f s&ouml;z&uuml; il\u0259 a&ccedil;an <\/span><span style=\"font-family: 'Arial', 'sans-serif';\">Ming\u0259&ccedil;evir D&ouml;vl\u0259t Universitetinin Elmi i\u015fl\u0259r &uuml;zr\u0259 prorektoru \u0259v\u0259zi, prof. Veys\u0259l \u018fyyubov i\u015ftirak&ccedil;\u0131lara universitetin rektoru \u015eahin Bayramovun salamlar\u0131n\u0131 &ccedil;atd\u0131r\u0131b v\u0259 konfrans\u0131n i\u015fin\u0259 u\u011furlar dil\u0259yib. V.\u018fyyubov <span style=\"background: white none repeat scroll 0% 0%;\">Az\u0259rbaycan Respublikas\u0131n\u0131n Prezidenti \u0130lham \u018fliyev t\u0259r\u0259find\u0259n &ouml;lk\u0259d\u0259 s\u0131\u011fortan\u0131n inki\u015faf\u0131na g&ouml;st\u0259ril\u0259n y&uuml;ks\u0259k diqq\u0259t v\u0259 qay\u011f\u0131dan b\u0259hs edib. S\u0131\u011fortan\u0131 milli iqtisadiyyat\u0131n davaml\u0131 inki\u015faf\u0131na ciddi t\u0259sir ed\u0259n apar\u0131c\u0131 maliyy\u0259 al\u0259tl\u0259rind\u0259n biri kimi d\u0259y\u0259rl\u0259ndirib.<\/span><\/span><\/span><\/p>\n<p style=\"text-align: justify; text-indent: 27pt;\"><span style=\"font-family: 'Arial', 'sans-serif'; font-size: 12pt; color: #000000;\">Sonra Az\u0259rbaycan Xalq S\u0131\u011forta \u015eirk\u0259tinin sat\u0131\u015f &uuml;zr\u0259 agenti<span style=\"background: white none repeat scroll 0% 0%;\"> <\/span>F\u0259rid Abu\u015fov &ccedil;\u0131x\u0131\u015f ed\u0259r\u0259k <span style=\"background: white none repeat scroll 0% 0%;\">s\u0131\u011fortan\u0131n mahiyy\u0259ti, s\u0131\u011forta sektoru, k&ouml;n&uuml;ll&uuml; v\u0259 icbari s\u0131\u011forta n&ouml;vl\u0259ri, da\u015f\u0131nmaz \u0259mlak\u0131n icbari s\u0131\u011fortas\u0131 v\u0259 da\u015f\u0131nmaz \u0259mlak\u0131n istismar\u0131 il\u0259 ba\u011fl\u0131 m&uuml;lki m\u0259suliyy\u0259tin icbari s\u0131\u011fortas\u0131 bar\u0259sind\u0259 \u0259trafl\u0131 m\u0259lumat verib.<\/span><\/span><\/p>\n<p style=\"text-align: justify; text-indent: 27pt;\"><span style=\"font-size: 12pt; color: #000000;\"><span style=\"font-family: 'Arial', 'sans-serif'; background: white none repeat scroll 0% 0%;\">F\u0259rid Abu\u015fov qeyd edib ki, s\u0131\u011forta \u015firk\u0259tl\u0259ri aras\u0131nda iki t\u0259r\u0259fli v\u0259 &ccedil;oxt\u0259r\u0259fli \u0259m\u0259kda\u015fl\u0131q raz\u0131la\u015fmalar\u0131 \u0259sas\u0131nda iri s\u0131\u011forta riskl\u0259rinin birg\u0259 idar\u0259olunmas\u0131, s\u0131\u011forta dax\u0131llar\u0131, daxili t\u0259krars\u0131\u011forta sisteminin geni\u015fl\u0259ndirilm\u0259si, qabaqc\u0131l t\u0259cr&uuml;b\u0259nin b&ouml;l&uuml;\u015fd&uuml;r&uuml;lm\u0259si, birg\u0259 maarifl\u0259ndirm\u0259, t\u0259bli\u011fat v\u0259 reklam t\u0259dbirl\u0259ri, m\u0259lumat m&uuml;badil\u0259si v\u0259 s. istiqam\u0259tl\u0259rd\u0259 i\u015fl\u0259r g&ouml;r&uuml;lm\u0259lidir.<\/span><span style=\"font-family: 'Arial', 'sans-serif';\"> F.Abu\u015fov bildirib ki, \u0259<span style=\"background: white none repeat scroll 0% 0%;\">sas m\u0259qs\u0259d s\u0131\u011forta bazar\u0131nda \u0259lveri\u015fli tarifl\u0259rin (qiym\u0259tl\u0259rin) formala\u015fmas\u0131d\u0131r. \u018fsas \u015f\u0259rtl\u0259r &ndash; tarif (qiym\u0259t) s\u0131\u011forta \u015firk\u0259tinin riskl\u0259rini &ouml;rtm\u0259kl\u0259 z\u0259ruri m\u0259nf\u0259\u0259tliliyini t\u0259min etm\u0259li v\u0259 m&uuml;\u015ft\u0259ril\u0259r &uuml;&ccedil;&uuml;n \u0259l&ccedil;atan olmal\u0131d\u0131r. \u015e\u0131\u011forta \u015firk\u0259tl\u0259ri &uuml;mumi raz\u0131la\u015fmalar \u0259sas\u0131nda dempinq siyas\u0259tind\u0259n (qiym\u0259td\u0259n real d\u0259y\u0259rd\u0259n a\u015fa\u011f\u0131 t\u0259klif olunmas\u0131) \u0259l &ccedil;\u0259km\u0259li, daha \u0259sasland\u0131r\u0131lm\u0131\u015f tarifl\u0259ri t\u0259klif etm\u0259lidirl\u0259r. F.Abu\u015fov s\u0131\u011forta biznesinin uzunm&uuml;dd\u0259tli v\u0259 dayan\u0131ql\u0131 apar\u0131lmas\u0131 &uuml;&ccedil;&uuml;n \u015firk\u0259tl\u0259rin q\u0131sam&uuml;dd\u0259tli d&ouml;vr\u0259 hesablanm\u0131\u015f &ldquo;y&uuml;ks\u0259km\u0259nf\u0259\u0259tlilik&rdquo; prinsipind\u0259n da\u015f\u0131nmal\u0131 oldu\u011funu bildirib, daha sabit v\u0259 davaml\u0131 inki\u015faf\u0131 t\u0259min ed\u0259n uzunm&uuml;dd\u0259tli &ldquo;kifay\u0259tedici m\u0259nf\u0259\u0259tlilik&rdquo; prinsipin\u0259 ke&ccedil;m\u0259li olmalar\u0131n\u0131 t&ouml;vsiy\u0259 edib.<\/span><\/span><\/span><\/p>\n<p style=\"text-align: justify; text-indent: 27pt;\"><span style=\"font-size: 12pt; color: #000000;\"><span style=\"font-family: 'Arial', 'sans-serif'; background: white none repeat scroll 0% 0%;\">Sonra t\u0259lim\u0259 d\u0259v\u0259t olunan <\/span><span style=\"font-family: 'Arial', 'sans-serif';\">Az\u0259rbaycan S\u0259naye S\u0131\u011forta \u015eirk\u0259tinin q\u0259za meneceri<span style=\"background: white none repeat scroll 0% 0%;\"> <\/span>Elm\u0259ddin Na\u011f\u0131yev, Ki&ccedil;ik v\u0259 Orta Biznesin \u0130nki\u015faf\u0131 Agentliyi, Ming\u0259&ccedil;evir KOB dostu<span style=\"background: white none repeat scroll 0% 0%;\"> <\/span>Ayaz \u018fdilov &ccedil;\u0131x\u0131\u015f edibl\u0259r. Az\u0259rbaycanda s\u0131\u011forta i\u015fi sah\u0259sind\u0259 m&ouml;vcud normativ-h&uuml;quqi aktlar, s\u0131\u011fortan\u0131n insanlar\u0131n sosial m&uuml;dafi\u0259si bax\u0131m\u0131ndan \u0259h\u0259miyy\u0259ti v\u0259 dig\u0259r m\u0259s\u0259l\u0259l\u0259r bar\u0259d\u0259 \u0259trafl\u0131 m\u0259lumat verib, s\u0131\u011fortan\u0131n praktiki x&uuml;susiyy\u0259tl\u0259rin\u0259 dair fikirl\u0259rini b&ouml;l&uuml;\u015f&uuml;bl\u0259r.<\/span><\/span><\/p>\n<p style=\"text-align: justify; text-indent: 27pt;\"><span style=\"font-family: 'Arial', 'sans-serif'; background: white none repeat scroll 0% 0%; font-size: 12pt; color: #000000;\">T\u0259qdimatlardan sonra interaktiv formatda ke&ccedil;iril\u0259n t\u0259dbird\u0259 i\u015ftirak&ccedil;\u0131lar t\u0259r\u0259find\u0259n &uuml;nvanlanan suallar cavabland\u0131r\u0131l\u0131b, m&uuml;vafiq m&ouml;vzular &uuml;zr\u0259 m&uuml;zakir\u0259l\u0259r apar\u0131l\u0131b.<\/span><\/p>\n<p>{phocagallery view=category|categoryid=398|limitstart=0|limitcount=0}<\/p>\n<p style=\"margin-right: 16.55pt; text-align: center;\"><span style=\"font-size: 12pt; color: #000000;\"><b><span style=\"font-family: 'Arial', 'sans-serif';\"><\/span><\/b><\/span><\/p>\n<p>&nbsp;<\/p>\n<p>&nbsp;<\/p>","protected":false},"excerpt":{"rendered":"<p>Ming\u0259&ccedil;evir D&ouml;vl\u0259t Universitetind\u0259 &ldquo;Az\u0259rbaycanda s\u0131\u011forta bazar\u0131n\u0131n inki\u015faf istiqam\u0259tl\u0259ri&rdquo; m&ouml;vzusunda t\u0259lim ke&ccedil;irilib Ming\u0259&ccedil;evir D&ouml;vl\u0259t Universiteti \u0130qtisadiyyat v\u0259 idar\u0259etm\u0259 fak&uuml;lt\u0259sind\u0259 &ldquo;S\u0259nayenin t\u0259\u015fkili v\u0259 idar\u0259etm\u0259&rdquo; kafedras\u0131n\u0131n m&uuml;diri, dosent Emiliya H&uuml;seynovan\u0131n t\u0259\u015fkilat&ccedil;\u0131l\u0131\u011f\u0131 il\u0259 &ldquo;Az\u0259rbaycanda s\u0131\u011forta bazar\u0131n\u0131n inki\u015faf istiqam\u0259tl\u0259ri&rdquo; m&ouml;vzusunda s\u0131\u011forta i\u015finin t\u0259\u015fkili v\u0259 t\u0259bli\u011fi il\u0259 ba\u011fl\u0131 bir k&ouml;n&uuml;ll&uuml;l\u0259rl\u0259 t\u0259lim ke&ccedil;irilib.&nbsp;&nbsp;&nbsp;&nbsp; T\u0259lim Az\u0259rbaycan Respublikas\u0131n\u0131n T\u0259hsil Nazirliyinin &ldquo;S\u0131\u011forta sektorunun inki\u015faf etdirilm\u0259si [&hellip;]<\/p>\n","protected":false},"author":1,"featured_media":0,"comment_status":"open","ping_status":"open","sticky":false,"template":"","format":"standard","meta":{"_eb_attr":"","ocean_post_layout":"","ocean_both_sidebars_style":"","ocean_both_sidebars_content_width":0,"ocean_both_sidebars_sidebars_width":0,"ocean_sidebar":"","ocean_second_sidebar":"","ocean_disable_margins":"enable","ocean_add_body_class":"","ocean_shortcode_before_top_bar":"","ocean_shortcode_after_top_bar":"","ocean_shortcode_before_header":"","ocean_shortcode_after_header":"","ocean_has_shortcode":"","ocean_shortcode_after_title":"","ocean_shortcode_before_footer_widgets":"","ocean_shortcode_after_footer_widgets":"","ocean_shortcode_before_footer_bottom":"","ocean_shortcode_after_footer_bottom":"","ocean_display_top_bar":"default","ocean_display_header":"default","ocean_header_style":"","ocean_center_header_left_menu":"","ocean_custom_header_template":"","ocean_custom_logo":0,"ocean_custom_retina_logo":0,"ocean_custom_logo_max_width":0,"ocean_custom_logo_tablet_max_width":0,"ocean_custom_logo_mobile_max_width":0,"ocean_custom_logo_max_height":0,"ocean_custom_logo_tablet_max_height":0,"ocean_custom_logo_mobile_max_height":0,"ocean_header_custom_menu":"","ocean_menu_typo_font_family":"","ocean_menu_typo_font_subset":"","ocean_menu_typo_font_size":0,"ocean_menu_typo_font_size_tablet":0,"ocean_menu_typo_font_size_mobile":0,"ocean_menu_typo_font_size_unit":"px","ocean_menu_typo_font_weight":"","ocean_menu_typo_font_weight_tablet":"","ocean_menu_typo_font_weight_mobile":"","ocean_menu_typo_transform":"","ocean_menu_typo_transform_tablet":"","ocean_menu_typo_transform_mobile":"","ocean_menu_typo_line_height":0,"ocean_menu_typo_line_height_tablet":0,"ocean_menu_typo_line_height_mobile":0,"ocean_menu_typo_line_height_unit":"","ocean_menu_typo_spacing":0,"ocean_menu_typo_spacing_tablet":0,"ocean_menu_typo_spacing_mobile":0,"ocean_menu_typo_spacing_unit":"","ocean_menu_link_color":"","ocean_menu_link_color_hover":"","ocean_menu_link_color_active":"","ocean_menu_link_background":"","ocean_menu_link_hover_background":"","ocean_menu_link_active_background":"","ocean_menu_social_links_bg":"","ocean_menu_social_hover_links_bg":"","ocean_menu_social_links_color":"","ocean_menu_social_hover_links_color":"","ocean_disable_title":"default","ocean_disable_heading":"default","ocean_post_title":"","ocean_post_subheading":"","ocean_post_title_style":"","ocean_post_title_background_color":"","ocean_post_title_background":0,"ocean_post_title_bg_image_position":"","ocean_post_title_bg_image_attachment":"","ocean_post_title_bg_image_repeat":"","ocean_post_title_bg_image_size":"","ocean_post_title_height":0,"ocean_post_title_bg_overlay":0.5,"ocean_post_title_bg_overlay_color":"","ocean_disable_breadcrumbs":"default","ocean_breadcrumbs_color":"","ocean_breadcrumbs_separator_color":"","ocean_breadcrumbs_links_color":"","ocean_breadcrumbs_links_hover_color":"","ocean_display_footer_widgets":"default","ocean_display_footer_bottom":"default","ocean_custom_footer_template":"","ocean_post_oembed":"","ocean_post_self_hosted_media":"","ocean_post_video_embed":"","ocean_link_format":"","ocean_link_format_target":"self","ocean_quote_format":"","ocean_quote_format_link":"post","ocean_gallery_link_images":"on","ocean_gallery_id":[],"footnotes":""},"categories":[63],"tags":[],"class_list":["post-15373","post","type-post","status-publish","format-standard","hentry","category-khaebaerlaer-az","entry"],"_links":{"self":[{"href":"https:\/\/mdu.edu.az\/ru\/wp-json\/wp\/v2\/posts\/15373","targetHints":{"allow":["GET"]}}],"collection":[{"href":"https:\/\/mdu.edu.az\/ru\/wp-json\/wp\/v2\/posts"}],"about":[{"href":"https:\/\/mdu.edu.az\/ru\/wp-json\/wp\/v2\/types\/post"}],"author":[{"embeddable":true,"href":"https:\/\/mdu.edu.az\/ru\/wp-json\/wp\/v2\/users\/1"}],"replies":[{"embeddable":true,"href":"https:\/\/mdu.edu.az\/ru\/wp-json\/wp\/v2\/comments?post=15373"}],"version-history":[{"count":0,"href":"https:\/\/mdu.edu.az\/ru\/wp-json\/wp\/v2\/posts\/15373\/revisions"}],"wp:attachment":[{"href":"https:\/\/mdu.edu.az\/ru\/wp-json\/wp\/v2\/media?parent=15373"}],"wp:term":[{"taxonomy":"category","embeddable":true,"href":"https:\/\/mdu.edu.az\/ru\/wp-json\/wp\/v2\/categories?post=15373"},{"taxonomy":"post_tag","embeddable":true,"href":"https:\/\/mdu.edu.az\/ru\/wp-json\/wp\/v2\/tags?post=15373"}],"curies":[{"name":"wp","href":"https:\/\/api.w.org\/{rel}","templated":true}]}}