{"id":15401,"date":"2020-07-17T10:16:45","date_gmt":"2020-07-17T07:16:45","guid":{"rendered":"https:\/\/mdu.edu.az\/az-rbaydzanda-hakimiyy-t-khalg-hakimiyy-tidir-khalg-n-irad-sin-saslanan-hakimiyy-tdir\/"},"modified":"2020-07-17T10:16:45","modified_gmt":"2020-07-17T07:16:45","slug":"az-rbaydzanda-hakimiyy-t-khalg-hakimiyy-tidir-khalg-n-irad-sin-saslanan-hakimiyy-tdir","status":"publish","type":"post","link":"https:\/\/mdu.edu.az\/ru\/az-rbaydzanda-hakimiyy-t-khalg-hakimiyy-tidir-khalg-n-irad-sin-saslanan-hakimiyy-tdir\/","title":{"rendered":"Az\u0259rbaycanda hakimiyy\u0259t xalq hakimiyy\u0259tidir, xalq\u0131n irad\u0259sin\u0259 \u0259saslanan hakimiyy\u0259tdir"},"content":{"rendered":"<p style=\"text-align: center;\"><b><span style=\"font-size: 14pt; font-family: 'Arial', sans-serif; color: #002060;\">Az\u0259rbaycanda hakimiyy\u0259t xalq hakimiyy\u0259tidir, xalq\u0131n irad\u0259sin\u0259 \u0259saslanan hakimiyy\u0259tdir<\/span><\/b><\/p>\n<p style=\"text-align: justify; text-indent: 1cm;\"><span style=\"font-size: 8pt; font-family: 'Arial', sans-serif;\"><\/span><\/p>\n<p style=\"text-align: justify; text-indent: 1cm;\"><span style=\"font-size: 12pt; font-family: 'Arial', sans-serif; color: #000000;\">Erm\u0259nistan\u0131n az\u011f\u0131nla\u015fm\u0131\u015f silahl\u0131 q&uuml;vv\u0259l\u0259ri zaman-zaman Az\u0259rbaycan\u0131n s\u0259rh\u0259d b&ouml;lg\u0259l\u0259rin\u0259 h&uuml;cumlar ed\u0259r\u0259k at\u0259\u015fk\u0259s rejimini pozur, \u0259sg\u0259r v\u0259 zabitl\u0259rin, m&uuml;lki sakinl\u0259rin &ouml;l&uuml;m&uuml; il\u0259 n\u0259tic\u0259l\u0259n\u0259n terror akt\u0131 t&ouml;r\u0259dirl\u0259r.d&uuml;\u015fm\u0259nin cavab\u0259 h\u0259r d\u0259f\u0259 verils\u0259 d\u0259 onlar &ouml;z xisl\u0259tl\u0259rind\u0259n \u0259l &ccedil;\u0259kmirl\u0259r. \u0130yulun 12-d\u0259 erm\u0259ni silahl\u0131 q&uuml;vv\u0259l\u0259ri yenid\u0259n Az\u0259rbaycan m&ouml;vqel\u0259rin\u0259 artilleriya at\u0259\u015fi il\u0259 z\u0259rb\u0259 endirmi\u015fl\u0259r v\u0259 bu g&ouml;zl\u0259nilm\u0259z z\u0259rb\u0259 n\u0259tic\u0259sind\u0259 bizim h\u0259rb&ccedil;il\u0259rimiz h\u0259lak olmu\u015f, yaralanm\u0131\u015flar. Erm\u0259nistan bu t\u0259xribat\u0131n s\u0259b\u0259bkar\u0131 kimi Az\u0259rbaycan\u0131 g&ouml;st\u0259rm\u0259y\u0259 c\u0259hd etm\u0259y\u0259 &ccedil;al\u0131\u015fsa da b&uuml;t&uuml;n d&uuml;nya bilir ki, Erm\u0259nistanla Az\u0259rbaycan\u0131n d&ouml;vl\u0259t s\u0259rh\u0259dind\u0259 h\u0259r hans\u0131 bir h\u0259rbi m\u0259qs\u0259dimiz yoxdur. Az\u0259rbaycan Silahl\u0131 Q&uuml;vv\u0259l\u0259rinin c\u0259sur \u0259sg\u0259rl\u0259rinin \u0259ks h\u0259ml\u0259l\u0259ri say\u0259sind\u0259 \u015f\u0259hid olan h\u0259rb&ccedil;il\u0259rimizin intiqam\u0131 al\u0131nm\u0131\u015f, onlar\u0131n qan\u0131 yerd\u0259 qalmam\u0131\u015f v\u0259 d&uuml;\u015fm\u0259n\u0259 el\u0259 bir z\u0259rb\u0259 endirilmi\u015fdir ki, uzun ill\u0259r bundan sonra da yaddan &ccedil;\u0131xarmayacaqlar.<\/span><\/p>\n<p style=\"text-align: justify; text-indent: 1cm;\"><span style=\"font-size: 12pt; font-family: 'Arial', sans-serif; color: #000000;\">S\u0259rh\u0259d b&ouml;lg\u0259mizd\u0259 yaranm\u0131\u015f v\u0259ziyy\u0259tl\u0259 \u0259laq\u0259dar olaraq Az\u0259rbaycan Respublikas\u0131n\u0131n T\u0259hl&uuml;k\u0259sizlik \u015euras\u0131n\u0131n toplant\u0131s\u0131 &ccedil;a\u011f\u0131r\u0131lm\u0131\u015f, v\u0259ziyy\u0259t m&uuml;zakir\u0259 edilmi\u015fdir. Pandemiya t\u0259hl&uuml;k\u0259\u0131si s\u0259b\u0259bind\u0259n &ouml;lk\u0259mizd\u0259 m&ouml;vcud olan karantin rejimin\u0259 g&ouml;r\u0259 k&uuml;tl\u0259vi informasiya vasit\u0259l\u0259rinin n&uuml;may\u0259nd\u0259l\u0259ri d&ouml;y&uuml;\u015f b&ouml;lg\u0259sin\u0259 ged\u0259 bilmir v\u0259 real v\u0259ziy\u0259ti c\u0259miyy\u0259t\u0259 &ccedil;atd\u0131rmaq sah\u0259sind\u0259 &ccedil;\u0131\u0259tinlikl\u0259r yaran\u0131b. Operativ v\u0259ziyy\u0259t imkan ver\u0259n kimi jurnalistl\u0259r, s\u0259firlikl\u0259rin n&uuml;may\u0259nd\u0259l\u0259ri h\u0259min b&ouml;lg\u0259y\u0259 d\u0259v\u0259t edil\u0259c\u0259k, onlar v\u0259ziyy\u0259tl\u0259 tan\u0131\u015f olacaq v\u0259 yerind\u0259 g&ouml;r\u0259c\u0259kl\u0259r ki, bu t\u0259xribat\u0131 t&ouml;r\u0259d\u0259n kimdir.<\/span><\/p>\n<p style=\"text-align: justify; text-indent: 1cm;\"><span style=\"font-size: 12pt; font-family: 'Arial', sans-serif; color: #000000;\">Az\u0259rbaycan\u0131n Milli Ordusu ild\u0259n il\u0259 g&uuml;cl\u0259nir, \u0259sg\u0259r v\u0259 zabitl\u0259rimiz yeni t\u0259liml\u0259ri m\u0259nims\u0259yir, V\u0259t\u0259nimizin s\u0259rh\u0259dl\u0259rini l\u0259yaq\u0259tl\u0259, f\u0259dakarl\u0131qla qoruyurlar. V\u0259t\u0259np\u0259rv\u0259rliyi il\u0259 h\u0259r zaman se&ccedil;il\u0259n Az\u0259rbaycan xalq\u0131 d&uuml;\u015fm\u0259nin h\u0259r bir hiyl\u0259sinin yaln\u0131z m\u0259krli niyy\u0259t oldu\u011funu bilir. D&uuml;\u015fm\u0259n t\u0259xribat\u0131 n\u0259tic\u0259sind\u0259 \u015f\u0259hid olan general-mayor Polad H\u0259\u015fimov orduda b&ouml;y&uuml;k h&ouml;rm\u0259t\u0259 malik olan bir insan idi. 2016-c\u0131 ilin Aprel d&ouml;y&uuml;\u015fl\u0259rind\u0259 &ouml;z r\u0259\u015fad\u0259tini g&ouml;st\u0259rmi\u015fdi. Y&uuml;ks\u0259k d&ouml;vl\u0259t ordeni il\u0259 t\u0259ltif edilmi\u015fdi. Son iyul hadis\u0259l\u0259rind\u0259 d\u0259 q\u0259hr\u0259man h\u0259rb&ccedil;imiz c\u0259sar\u0259tini g&ouml;st\u0259r\u0259r\u0259k \u015f\u0259hid olub. B&uuml;t&uuml;n \u015f\u0259hidl\u0259rin intiqam\u0131 q\u0131sa zamanda art\u0131qlamas\u0131 il\u0259 al\u0131n\u0131b. D&uuml;\u015fm\u0259nin onlarla h\u0259rb&ccedil;isi m\u0259hv edilib, onlar\u0131n s\u0259rh\u0259dboyu yerl\u0259\u015f\u0259n dayaq m\u0259nt\u0259q\u0259l\u0259rinin b&ouml;y&uuml;k hiss\u0259si darmada\u011f\u0131n olunub. O c&uuml;ml\u0259d\u0259n onlar\u0131n postu v\u0259 b&uuml;t&uuml;n infrastrukturu yox edilib.<\/span><\/p>\n<p style=\"text-align: justify; text-indent: 1cm;\"><span style=\"font-size: 12pt; font-family: 'Arial', sans-serif; color: #000000;\">\u0130yulun 15-d\u0259 Prezident \u0130lham \u018fliyevin s\u0259drliyi il\u0259 Nazirl\u0259r Kabinetinin 2020-ci ilin birinci yar\u0131s\u0131n\u0131n sosial-iqtisadi inki\u015faf\u0131n\u0131n yekunlar\u0131na v\u0259 qar\u015f\u0131da duran v\u0259zif\u0259l\u0259r\u0259 h\u0259sr olunan iclas\u0131 ke&ccedil;irilib. Burada qeyd olunub ki, bu \u0259m\u0259liyyat, son g&uuml;nl\u0259r \u0259rzind\u0259 ba\u015f vermi\u015f h\u0259rbi toqqu\u015fma &#8211; Az\u0259rbaycan\u0131n n&ouml;vb\u0259ti \u015fanl\u0131 q\u0259l\u0259b\u0259sidir. Son \u0259m\u0259liyyatda Az\u0259rbaycan Ordusu yenid\u0259n &ouml;z &uuml;st&uuml;nl&uuml;y&uuml;n&uuml; g&ouml;st\u0259rdi. 2020-ci il, 12 iyul \u0259m\u0259liyyat\u0131n\u0131n Az\u0259rbaycan Ordusunun \u015fanl\u0131 tarixind\u0259 &ouml;z yeri olacaq. 2018-ci ild\u0259 u\u011furlu Nax&ccedil;\u0131van \u0259m\u0259liyyat\u0131 n\u0259tic\u0259sind\u0259 on min hektardan &ccedil;ox torpaq sah\u0259si Az\u0259rbaycan Ordusu t\u0259r\u0259find\u0259n g&ouml;t&uuml;r&uuml;lm&uuml;\u015f v\u0259 i\u015f\u011fal&ccedil;\u0131lar o b&ouml;lg\u0259l\u0259rd\u0259n qovulmu\u015fdur.<\/span><\/p>\n<p style=\"text-align: justify; text-indent: 1cm;\"><span style=\"font-size: 12pt; font-family: 'Arial', sans-serif; color: #000000;\">Daim m\u0259krli niyy\u0259ti il\u0259 Az\u0259rbaycan torpaqlar\u0131nda terror v\u0259 qanl\u0131 cinay\u0259tl\u0259r t&ouml;r\u0259d\u0259n d&uuml;\u015fm\u0259n Aprel d&ouml;y&uuml;\u015fl\u0259rind\u0259 oldu\u011fu kimi, bu d\u0259f\u0259 d\u0259 \u0259n &ccedil;irkin \u0259m\u0259ll\u0259r\u0259 \u0259l atm\u0131\u015fd\u0131r. K\u0259ndl\u0259rimiz at\u0259\u015f\u0259 tutulark\u0259n daha bir m&uuml;lki v\u0259t\u0259nda\u015f, 76 ya\u015fl\u0131 a\u011fsaqqal \u018fziz \u018fzizov h\u0259lak olub. M&uuml;lki \u0259haliy\u0259 qar\u015f\u0131 t&ouml;r\u0259dil\u0259n cinay\u0259tl\u0259r bir daha onu g&ouml;st\u0259rir ki, Erm\u0259nistan h\u0259qiq\u0259t\u0259n d\u0259 fa\u015fist d&ouml;vl\u0259tidir. \u0130clasda &ccedil;\u0131x\u0131\u015f ed\u0259n d&ouml;vl\u0259timizin ba\u015f&ccedil;\u0131s\u0131 \u0130lham \u018fliyev bildirib ki, &ldquo;Erm\u0259nistan he&ccedil; vaxt a&ccedil;\u0131q d&ouml;y&uuml;\u015fd\u0259 q\u0259l\u0259b\u0259 qazana bilm\u0259yib v\u0259 bilm\u0259z. Torpaqlar\u0131n itirilm\u0259si o vaxt hakimiyy\u0259t\u0259 g&ouml;z dikmi\u015f Az\u0259rbaycan Xalq C\u0259bh\u0259sinin v\u0259 onun ba\u015f\u0131nda dayananlar\u0131n x\u0259yan\u0259tidir. O vaxt Az\u0259rbaycanda v\u0259ziyy\u0259ti qar\u0131\u015fd\u0131rmaq, h\u0259rc-m\u0259rclik salmaq, hakimiyy\u0259ti y\u0131xmaq &uuml;&ccedil;&uuml;n onlar Qaraba\u011f b&ouml;lg\u0259sind\u0259 x\u0259yan\u0259t etmi\u015fl\u0259r&rdquo;. &Ouml;lk\u0259 Prezidenti h\u0259m&ccedil;inin qeyd edib ki, &ldquo;M\u0259n hesab edir\u0259m ki, son g&uuml;nl\u0259r \u0259rzind\u0259 ba\u015f vermi\u015f toqqu\u015fmalar v\u0259 qanl\u0131 d&ouml;y&uuml;\u015fl\u0259r Az\u0259rbaycan d&ouml;vl\u0259tinin, ordusunun g&uuml;c&uuml;n&uuml;, xalqla iqtidar aras\u0131ndak\u0131 birliyi bir daha g&ouml;st\u0259rmi\u015fdir&rdquo;.<\/span><\/p>\n<p style=\"text-align: justify; text-indent: 1cm;\"><span style=\"font-size: 12pt; font-family: 'Arial', sans-serif; color: #000000;\">\u018fslind\u0259 Erm\u0259nistan\u0131n \u015fovinist q&uuml;vv\u0259l\u0259rinin t&ouml;r\u0259tdiyi h\u0259rbi t\u0259xribat\u0131n s\u0259b\u0259bi Erm\u0259nistanda m&ouml;vcud olan siyasi v\u0259 iqtisadi b&ouml;hrand\u0131r. Bu, he&ccedil; kim\u0259 sirr deyil. Xaricd\u0259n maliyy\u0259l\u0259\u015f\u0259n, xarici fondlardan maa\u015f v\u0259 t\u0259limat alan, onlar\u0131n &ccedil;evrili\u015f texnologiyalar\u0131ndan b\u0259hr\u0259l\u0259n\u0259n d\u0259st\u0259 iki il bundan \u0259vv\u0259l hakimiyy\u0259ti qanunsuz yolla z\u0259bt ed\u0259nd\u0259n sonra bir &ccedil;ox v\u0259dl\u0259r vermi\u015fdi. Gizlin deyil ki, Erm\u0259nistanda demokratik prinsipl\u0259r tamamil\u0259 pozulub, Venesiya Komissiyas\u0131n\u0131n t&ouml;vsiy\u0259l\u0259ri r\u0259dd edilib, siyasi opponentl\u0259r t\u0259qib olunur v\u0259 diktatura h&ouml;km s&uuml;r&uuml;r. V\u0259t\u0259nda\u015flar\u0131n h\u0259yat t\u0259rzi a\u015fa\u011f\u0131 s\u0259viyy\u0259d\u0259dir, insanlar\u0131n h&uuml;quqlar\u0131 pozulur. M\u0259hz buna g&ouml;r\u0259 Erm\u0259nistan r\u0259hb\u0259rliyin\u0259 hans\u0131sa bir b&ouml;hranl\u0131 v\u0259ziyy\u0259t laz\u0131md\u0131r ki, ictimai fikri bu \u0259sas m\u0259s\u0259l\u0259l\u0259rd\u0259n yay\u0131nd\u0131rmaq &uuml;&ccedil;&uuml;n \u015f&uuml;urlu \u015f\u0259kild\u0259 bu t\u0259xribata \u0259l at\u0131ld\u0131. Operativ m\u0259lumata g&ouml;r\u0259, Erm\u0259nistanda b\u0259zi k\u0259ndl\u0259r, \u015f\u0259h\u0259rl\u0259r bo\u015fal\u0131r, insanlar &ouml;lk\u0259d\u0259n qa&ccedil;\u0131rlar. \u0130ki &ouml;lk\u0259 aras\u0131ndak\u0131 f\u0259rq d\u0259 budur. Az\u0259rbaycan v\u0259t\u0259nda\u015f\u0131 &ouml;z torpa\u011f\u0131nda l\u0259yaq\u0259tl\u0259 ya\u015fay\u0131r, v\u0259t\u0259nda\u015flar\u0131n sosial rifah hal\u0131n\u0131n yax\u015f\u0131la\u015fd\u0131r\u0131lmas\u0131 m\u0259qs\u0259di il\u0259 \u0259m\u0259li add\u0131mlar at\u0131l\u0131r. Az\u0259rbaycan d&ouml;vl\u0259ti v\u0259 Az\u0259rbaycan Ordusu onu qoruyur v\u0259 qoruyacaqd\u0131r.<\/span><\/p>\n<p style=\"text-align: justify; text-indent: 1cm;\"><span style=\"font-size: 12pt; font-family: 'Arial', sans-serif; color: #000000;\">Yurdumuzun s\u0259rh\u0259d b&ouml;lg\u0259sind\u0259 n&ouml;vb\u0259ti &ccedil;irkin \u0259m\u0259ll\u0259ri t&ouml;r\u0259d\u0259nd\u0259n v\u0259 Az\u0259rbaycan Ordusu t\u0259r\u0259find\u0259n layiqli cavab alandan sonra Erm\u0259nistan d\u0259rhal Kollektiv T\u0259hl&uuml;k\u0259sizlik M&uuml;qavil\u0259si T\u0259\u015fkilat\u0131na m&uuml;raci\u0259t etmi\u015f, yard\u0131m ist\u0259mi\u015f, hay-haray qald\u0131rm\u0131\u015fd\u0131 ki, qoymay\u0131n bizi burada indi bo\u011facaqlar, m\u0259hv ed\u0259c\u0259kl\u0259r. D&uuml;\u015fm\u0259n fitn\u0259kard\u0131r, &ccedil;al\u0131\u015fd\u0131\u011f\u0131 odur ki, &ouml;z&uuml;n&uuml; m\u0259zlum, aciz g&ouml;st\u0259rsin, bu h\u0259mi\u015f\u0259 bel\u0259 olub. Torpaqlar\u0131m\u0131zda d\u0259f\u0259l\u0259rl\u0259 terrorlar t&ouml;r\u0259ts\u0259 d\u0259, y&uuml;zl\u0259rl\u0259 insan \u015f\u0259hid olsa da d&uuml;\u015fm\u0259n &ouml;z etdiyind\u0259n d&uuml;nyaya b\u0259hs etmir, yaln\u0131z k&ouml;m\u0259k ist\u0259yir. <\/span><\/p>\n<p style=\"text-align: justify; text-indent: 1cm;\"><span style=\"font-size: 12pt; font-family: 'Arial', sans-serif; color: #000000;\">T\u0259xribat t&ouml;r\u0259dil\u0259nd\u0259n d\u0259rhal sonra, iyul ay\u0131n\u0131n 12-d\u0259 g&uuml;norta saatlar\u0131nda Az\u0259rbaycan Prezidenti m&uuml;vafiq g&ouml;st\u0259ri\u015fl\u0259r verib. Beyn\u0259lxalq t\u0259\u015fkilatlardak\u0131 n&uuml;may\u0259nd\u0259l\u0259rin, o c&uuml;ml\u0259d\u0259n parlamentl\u0259raras\u0131 t\u0259\u015fkilatlardak\u0131 n&uuml;may\u0259nd\u0259l\u0259rin h\u0259r biri t\u0259limat alm\u0131\u015f v\u0259 t\u0259msil olunduqlar\u0131 t\u0259\u015fkilatlar\u0131n r\u0259hb\u0259rl\u0259rin\u0259 m\u0259s\u0259l\u0259 il\u0259 ba\u011fl\u0131 dol\u011fun m\u0259lumat verilib. D&ouml;vl\u0259timizin ba\u015f&ccedil;\u0131s\u0131n\u0131n qeyd etdiyi kimi, &ldquo;Diplomatik f\u0259aliyy\u0259timiz daha s\u0259m\u0259r\u0259li ola bil\u0259rdi. Bizim diplomatiyam\u0131z h&uuml;cum diplomatiyas\u0131 olmal\u0131d\u0131r, passiv, &ouml;z&uuml;n&uuml; m&uuml;dafi\u0259 ed\u0259n diplomatiya olmamal\u0131d\u0131r, kimins\u0259 xo\u015funa g\u0259lm\u0259k namin\u0259 &ouml;z s&ouml;z&uuml;n&uuml; dem\u0259kd\u0259n &ccedil;\u0259kin\u0259n diplomatiya olmamal\u0131d\u0131r. &Ouml;lk\u0259 ba\u015f&ccedil;\u0131s\u0131 t\u0259r\u0259find\u0259n bu m\u0259s\u0259l\u0259 d\u0259f\u0259l\u0259rl\u0259 m&uuml;xt\u0259lif t\u0259dbirl\u0259rd\u0259, Xarici \u0130\u015fl\u0259r Nazirliyind\u0259, Az\u0259rbaycan\u0131n xarici &ouml;lk\u0259l\u0259rd\u0259ki s\u0259firl\u0259ri il\u0259 g&ouml;r&uuml;\u015fl\u0259rd\u0259 dil\u0259 g\u0259tirilmi\u015fdir. B&uuml;t&uuml;n beyn\u0259lxalq t\u0259\u015fkilatlar, o c&uuml;ml\u0259d\u0259n Minsk qrupunun h\u0259ms\u0259drl\u0259ri bunu bilirl\u0259r&rdquo;. &ldquo;X\u0130N beyn\u0259lxalq t\u0259\u015fkilatlarda Az\u0259rbaycana &uuml;nvanlanan \u0259sass\u0131z ittihamlara cavab verm\u0259lidir, susmal\u0131 deyil. &Ouml;lk\u0259 ba\u015f&ccedil;\u0131s\u0131 bu bar\u0259d\u0259 d\u0259f\u0259l\u0259rl\u0259 &ouml;z m&ouml;vqeyini bildirib, g&ouml;st\u0259ri\u015fl\u0259r verib. Amma biz bu g&ouml;st\u0259ri\u015fl\u0259rin h\u0259yatda &ouml;z \u0259ksini tapmas\u0131n\u0131 m&uuml;\u015fahid\u0259 etmirik. \u018ffsuslar olsun ki, son vaxtlar bizim diplomatiyam\u0131z &ouml;lk\u0259mizin u\u011furlu inki\u015faf\u0131 il\u0259 uzla\u015fm\u0131r, b\u0259zi hallarda m\u0259nas\u0131z i\u015fl\u0259rl\u0259, m\u0259nas\u0131z dan\u0131\u015f\u0131qlarla m\u0259\u015f\u011fuldur. Xarici \u0130\u015fl\u0259r Nazirliyi n\u0259 il\u0259 m\u0259\u015f\u011ful idi son g&uuml;nl\u0259rd\u0259? Ay\u0131n 12-d\u0259 hadis\u0259l\u0259r ba\u015f ver\u0259nd\u0259n sonra X\u0130N r\u0259hb\u0259ri istisna olmaqla, d&ouml;vl\u0259t ba\u015f&ccedil;\u0131s\u0131 v\u0259 r\u0259smil\u0259r i\u015finin ba\u015f\u0131nda idi&rdquo;<\/span><\/p>\n<p style=\"text-align: justify; text-indent: 1cm;\"><span style=\"font-size: 12pt; font-family: 'Arial', sans-serif; color: #000000;\">D&ouml;vl\u0259timizin ba\u015f&ccedil;\u0131s\u0131 b&uuml;t&uuml;n vacib m\u0259s\u0259l\u0259l\u0259ri xalq il\u0259 b&ouml;l&uuml;\u015f&uuml;r, m\u0259sl\u0259h\u0259tl\u0259\u015fir, &ouml;z fikirl\u0259rini, &ouml;z siyas\u0259tini deyir v\u0259 eyni zamanda, xalq\u0131 narahat ed\u0259n probleml\u0259ri d\u0259rind\u0259n t\u0259hlil edir. T\u0259sad&uuml;f\u0259n deyilmir ki, xalq\u0131n g&ouml;z&uuml; t\u0259r\u0259zidir. Az\u0259rbaycanda hakimiyy\u0259t xalq hakimiyy\u0259tidir, xalq\u0131n irad\u0259sin\u0259 \u0259saslanan hakimiyy\u0259tdir. Xalq\u0131n rifah hal\u0131n\u0131n yax\u015f\u0131la\u015fd\u0131r\u0131lmas\u0131 &uuml;&ccedil;&uuml;n prezidentimizin s\u0259r\u0259ncamlar\u0131, tap\u015f\u0131r\u0131qlar\u0131 il\u0259 davaml\u0131 olaraq t\u0259dbirl\u0259r h\u0259yata ke&ccedil;irilir. <\/span><\/p>\n<p style=\"text-align: justify; text-indent: 1cm;\"><span style=\"font-size: 12pt; font-family: 'Arial', sans-serif; color: #000000;\">F\u0259r\u0259hli hald\u0131r ki, &ldquo;Bu g&uuml;nl\u0259rd\u0259 Az\u0259rbaycan t\u0259k qalmad\u0131, qarda\u015f T&uuml;rkiy\u0259y\u0259 C&uuml;mhuriyy\u0259ti v\u0259 onun Prezidenti, R\u0259c\u0259b Tayyib \u018frdo\u011fan Az\u0259rbaycan\u0131 d\u0259st\u0259kl\u0259di. T&uuml;rkiy\u0259d\u0259n yenid\u0259n qarda\u015fl\u0131q, dostluq m&uuml;nasib\u0259ti g&ouml;rd&uuml;k&rdquo;, dey\u0259 prezident \u0130lham \u018fliyev Nazirl\u0259r Kabenetinin toplant\u0131s\u0131nda bildirib. H\u0259m&ccedil;inin \u0259lav\u0259 edib ki, &ldquo;Pakistan birm\u0259nal\u0131 m&ouml;vqe bildirib, Az\u0259rbaycan\u0131n haqq i\u015fin\u0259 &ouml;z d\u0259st\u0259yini verib. Eyni zamanda, dig\u0259r &ouml;lk\u0259l\u0259rin r\u0259smi n&uuml;may\u0259nd\u0259l\u0259ri d\u0259 Az\u0259rbaycan\u0131 d\u0259st\u0259kl\u0259dil\u0259r. T&uuml;rkdilli D&ouml;vl\u0259tl\u0259rin \u018fm\u0259kda\u015fl\u0131q \u015euras\u0131 a&ccedil;\u0131qlama verib&rdquo;.<\/span><\/p>\n<p style=\"text-align: justify; text-indent: 1cm;\"><span style=\"font-size: 12pt; font-family: 'Arial', sans-serif; color: #000000;\">C\u0259sur \u0259sg\u0259rl\u0259rimizin xidm\u0259tl\u0259rind\u0259n raz\u0131l\u0131qla dan\u0131\u015fan d&ouml;vl\u0259timizin ba\u015f&ccedil;\u0131s\u0131 ,-&ldquo; Ordumuzun u\u011furlu \u0259m\u0259liyyat\u0131 v\u0259 \u0259ld\u0259 edilmi\u015f n\u0259tic\u0259l\u0259r, h\u0259rbi q\u0259l\u0259b\u0259, t\u0259bii olaraq Az\u0259rbaycan ictimaiyy\u0259tind\u0259 ruh y&uuml;ks\u0259kliyi yaratd\u0131, xalq\u0131m\u0131z\u0131 co\u015fdurdu. Bu, bir daha onu g&ouml;st\u0259rir ki, Az\u0259rbaycan xalq\u0131 a\u011f\u0131r g&uuml;nl\u0259rd\u0259 bir n&ouml;qt\u0259y\u0259 vura bilir. Bu, xalq-iqtidar birliyini g&ouml;st\u0259r\u0259n daha bir m\u0259nz\u0259r\u0259 idi&rdquo;, dey\u0259 vur\u011fulay\u0131b. <\/span><\/p>\n<p style=\"text-align: justify; text-indent: 1cm;\"><span style=\"font-size: 12pt; font-family: 'Arial', sans-serif; color: #000000;\">S\u0259rh\u0259d b&ouml;lg\u0259mizd\u0259 t&ouml;r\u0259dil\u0259n n&ouml;vb\u0259ti terrora hidd\u0259tl\u0259n\u0259n Az\u0259rbaycan v\u0259t\u0259nda\u015flar\u0131 t\u0259bii ki, d&uuml;\u015fm\u0259nin n&ouml;vb\u0259ti m\u0259krin\u0259 m&uuml;nasib\u0259t bildirm\u0259y\u0259 bilm\u0259zdi. D&uuml;\u015fm\u0259nin etdiyi silahl\u0131 basq\u0131nlardan xalq yorulub, cavab verilm\u0259lidir, h\u0259m d\u0259 \u0259n s\u0259rt formada. D&uuml;\u015fm\u0259n\u0259 qar\u015f\u0131 m&uuml;bariz\u0259d\u0259 d&ouml;vl\u0259timizin ba\u015f&ccedil;\u0131s\u0131n\u0131n siyas\u0259tini h\u0259r k\u0259s d\u0259st\u0259kl\u0259m\u0259lidir. El\u0259 hadis\u0259l\u0259rin g\u0259rgin oldu\u011fu vaxtda xalq\u0131n g&ouml;st\u0259rdiyi t\u0259pgiy\u0259 m&uuml;nasib\u0259t bildir\u0259n Prezdentimiz m&uuml;\u015favir\u0259d\u0259 dedi ki, &ldquo;Ordumuzun d&uuml;\u015fm\u0259n h&uuml;cumunu q\u0259hr\u0259mancas\u0131na d\u0259f etdiyi gec\u0259 d&ouml;y&uuml;\u015f&ccedil;&uuml;l\u0259rimiz\u0259 d\u0259st\u0259k m\u0259qs\u0259dil\u0259 &ccedil;oxsayl\u0131 insan \u015e\u0259hidl\u0259r xiyaban\u0131na g\u0259ldi. Ancaq \u0259fsuslar olsun ki, sonra oraya g&ouml;r&uuml;n&uuml;r bu m\u0259s\u0259l\u0259 il\u0259 ba\u011fl\u0131 haradansa x\u0259b\u0259r tutmu\u015f b\u0259zi t\u0259xribat&ccedil;\u0131 qruplar da daxil oldular. Onlar\u0131n aras\u0131na Az\u0259rbaycan Xalq C\u0259bh\u0259sinin t&ouml;r-t&ouml;k&uuml;nt&uuml;l\u0259ri girib, bu g&ouml;z\u0259l v\u0259 n\u0259cib add\u0131ma k&ouml;lg\u0259 salma\u011fa, qanunsuz \u0259m\u0259ll\u0259r t&ouml;r\u0259tm\u0259y\u0259 &ccedil;al\u0131\u015fd\u0131lar. T\u0259bii ki, Daxili \u0130\u015fl\u0259r orqanlar\u0131 t\u0259r\u0259find\u0259n onlar\u0131n bu \u0259m\u0259ll\u0259rin\u0259 q\u0131sa m&uuml;dd\u0259t \u0259rzind\u0259 son qoyuldu&rdquo;.<\/span><\/p>\n<p style=\"text-align: justify; text-indent: 1cm;\"><span style=\"font-size: 12pt; font-family: 'Arial', sans-serif; color: #000000;\">B\u0259li, erm\u0259ni h\u0259rbi birl\u0259\u015fm\u0259l\u0259rinin iyulun 12-d\u0259 &ouml;lk\u0259mizin s\u0259rh\u0259d b&ouml;lg\u0259sdind\u0259 etdiyi h&uuml;cumun cavab\u0131 q\u0259tiyy\u0259tl\u0259 verilib. V\u0259t\u0259np\u0259rv\u0259r Az\u0259rbaycan xalq\u0131 h\u0259r zaman d&ouml;vl\u0259timiz\u0259, d&ouml;vl\u0259t&ccedil;iliyimiz\u0259 f\u0259dakarl\u0131qla xidm\u0259t edib v\u0259 bu bel\u0259 d\u0259 olacaq. <\/span><\/p>\n<p style=\"text-align: justify; text-indent: 1cm;\"><span style=\"font-size: 12pt; font-family: 'Arial', sans-serif; color: #000000;\"><\/span><\/p>\n<p style=\"text-align: justify; text-indent: 1cm;\"><span style=\"color: #000000;\"><b><span style=\"font-size: 12pt; font-family: 'Arial', sans-serif;\">Prof. Veys\u0259l \u018fyyubov,<\/span><\/b><\/span><\/p>\n<p style=\"text-align: justify; text-indent: 1cm;\"><span style=\"color: #000000;\"><b><span style=\"font-size: 12pt; font-family: 'Arial', sans-serif;\">\u0130qtisad elml\u0259ri doktoru<\/span><\/b><\/span><\/p>\n<p style=\"text-align: justify; text-indent: 1cm;\"><span style=\"color: #000000;\"><b><span style=\"font-size: 12pt; font-family: 'Arial', sans-serif;\">Ming\u0259&ccedil;evir D&ouml;vl\u0259t Universiteti<\/span><\/b><\/span><\/p>\n<p style=\"text-align: justify; text-indent: 1cm;\"><span style=\"font-size: 12pt; font-family: 'Arial', sans-serif; color: #000000;\"><\/span><\/p>","protected":false},"excerpt":{"rendered":"<p>Az\u0259rbaycanda hakimiyy\u0259t xalq hakimiyy\u0259tidir, xalq\u0131n irad\u0259sin\u0259 \u0259saslanan hakimiyy\u0259tdir Erm\u0259nistan\u0131n az\u011f\u0131nla\u015fm\u0131\u015f silahl\u0131 q&uuml;vv\u0259l\u0259ri zaman-zaman Az\u0259rbaycan\u0131n s\u0259rh\u0259d b&ouml;lg\u0259l\u0259rin\u0259 h&uuml;cumlar ed\u0259r\u0259k at\u0259\u015fk\u0259s rejimini pozur, \u0259sg\u0259r v\u0259 zabitl\u0259rin, m&uuml;lki sakinl\u0259rin &ouml;l&uuml;m&uuml; il\u0259 n\u0259tic\u0259l\u0259n\u0259n terror akt\u0131 t&ouml;r\u0259dirl\u0259r.d&uuml;\u015fm\u0259nin cavab\u0259 h\u0259r d\u0259f\u0259 verils\u0259 d\u0259 onlar &ouml;z xisl\u0259tl\u0259rind\u0259n \u0259l &ccedil;\u0259kmirl\u0259r. \u0130yulun 12-d\u0259 erm\u0259ni silahl\u0131 q&uuml;vv\u0259l\u0259ri yenid\u0259n Az\u0259rbaycan m&ouml;vqel\u0259rin\u0259 artilleriya at\u0259\u015fi il\u0259 z\u0259rb\u0259 endirmi\u015fl\u0259r [&hellip;]<\/p>\n","protected":false},"author":1,"featured_media":0,"comment_status":"open","ping_status":"open","sticky":false,"template":"","format":"standard","meta":{"_eb_attr":"","ocean_post_layout":"","ocean_both_sidebars_style":"","ocean_both_sidebars_content_width":0,"ocean_both_sidebars_sidebars_width":0,"ocean_sidebar":"","ocean_second_sidebar":"","ocean_disable_margins":"enable","ocean_add_body_class":"","ocean_shortcode_before_top_bar":"","ocean_shortcode_after_top_bar":"","ocean_shortcode_before_header":"","ocean_shortcode_after_header":"","ocean_has_shortcode":"","ocean_shortcode_after_title":"","ocean_shortcode_before_footer_widgets":"","ocean_shortcode_after_footer_widgets":"","ocean_shortcode_before_footer_bottom":"","ocean_shortcode_after_footer_bottom":"","ocean_display_top_bar":"default","ocean_display_header":"default","ocean_header_style":"","ocean_center_header_left_menu":"","ocean_custom_header_template":"","ocean_custom_logo":0,"ocean_custom_retina_logo":0,"ocean_custom_logo_max_width":0,"ocean_custom_logo_tablet_max_width":0,"ocean_custom_logo_mobile_max_width":0,"ocean_custom_logo_max_height":0,"ocean_custom_logo_tablet_max_height":0,"ocean_custom_logo_mobile_max_height":0,"ocean_header_custom_menu":"","ocean_menu_typo_font_family":"","ocean_menu_typo_font_subset":"","ocean_menu_typo_font_size":0,"ocean_menu_typo_font_size_tablet":0,"ocean_menu_typo_font_size_mobile":0,"ocean_menu_typo_font_size_unit":"px","ocean_menu_typo_font_weight":"","ocean_menu_typo_font_weight_tablet":"","ocean_menu_typo_font_weight_mobile":"","ocean_menu_typo_transform":"","ocean_menu_typo_transform_tablet":"","ocean_menu_typo_transform_mobile":"","ocean_menu_typo_line_height":0,"ocean_menu_typo_line_height_tablet":0,"ocean_menu_typo_line_height_mobile":0,"ocean_menu_typo_line_height_unit":"","ocean_menu_typo_spacing":0,"ocean_menu_typo_spacing_tablet":0,"ocean_menu_typo_spacing_mobile":0,"ocean_menu_typo_spacing_unit":"","ocean_menu_link_color":"","ocean_menu_link_color_hover":"","ocean_menu_link_color_active":"","ocean_menu_link_background":"","ocean_menu_link_hover_background":"","ocean_menu_link_active_background":"","ocean_menu_social_links_bg":"","ocean_menu_social_hover_links_bg":"","ocean_menu_social_links_color":"","ocean_menu_social_hover_links_color":"","ocean_disable_title":"default","ocean_disable_heading":"default","ocean_post_title":"","ocean_post_subheading":"","ocean_post_title_style":"","ocean_post_title_background_color":"","ocean_post_title_background":0,"ocean_post_title_bg_image_position":"","ocean_post_title_bg_image_attachment":"","ocean_post_title_bg_image_repeat":"","ocean_post_title_bg_image_size":"","ocean_post_title_height":0,"ocean_post_title_bg_overlay":0.5,"ocean_post_title_bg_overlay_color":"","ocean_disable_breadcrumbs":"default","ocean_breadcrumbs_color":"","ocean_breadcrumbs_separator_color":"","ocean_breadcrumbs_links_color":"","ocean_breadcrumbs_links_hover_color":"","ocean_display_footer_widgets":"default","ocean_display_footer_bottom":"default","ocean_custom_footer_template":"","ocean_post_oembed":"","ocean_post_self_hosted_media":"","ocean_post_video_embed":"","ocean_link_format":"","ocean_link_format_target":"self","ocean_quote_format":"","ocean_quote_format_link":"post","ocean_gallery_link_images":"on","ocean_gallery_id":[],"footnotes":""},"categories":[63],"tags":[],"class_list":["post-15401","post","type-post","status-publish","format-standard","hentry","category-khaebaerlaer-az","entry"],"_links":{"self":[{"href":"https:\/\/mdu.edu.az\/ru\/wp-json\/wp\/v2\/posts\/15401","targetHints":{"allow":["GET"]}}],"collection":[{"href":"https:\/\/mdu.edu.az\/ru\/wp-json\/wp\/v2\/posts"}],"about":[{"href":"https:\/\/mdu.edu.az\/ru\/wp-json\/wp\/v2\/types\/post"}],"author":[{"embeddable":true,"href":"https:\/\/mdu.edu.az\/ru\/wp-json\/wp\/v2\/users\/1"}],"replies":[{"embeddable":true,"href":"https:\/\/mdu.edu.az\/ru\/wp-json\/wp\/v2\/comments?post=15401"}],"version-history":[{"count":0,"href":"https:\/\/mdu.edu.az\/ru\/wp-json\/wp\/v2\/posts\/15401\/revisions"}],"wp:attachment":[{"href":"https:\/\/mdu.edu.az\/ru\/wp-json\/wp\/v2\/media?parent=15401"}],"wp:term":[{"taxonomy":"category","embeddable":true,"href":"https:\/\/mdu.edu.az\/ru\/wp-json\/wp\/v2\/categories?post=15401"},{"taxonomy":"post_tag","embeddable":true,"href":"https:\/\/mdu.edu.az\/ru\/wp-json\/wp\/v2\/tags?post=15401"}],"curies":[{"name":"wp","href":"https:\/\/api.w.org\/{rel}","templated":true}]}}