{"id":15441,"date":"2020-09-06T14:25:26","date_gmt":"2020-09-06T11:25:26","guid":{"rendered":"https:\/\/mdu.edu.az\/t-rkiy-az-rbaydzan-zharda-l-d-nyaya-zh-z-l-n-mun-dir\/"},"modified":"2020-09-06T14:25:26","modified_gmt":"2020-09-06T11:25:26","slug":"t-rkiy-az-rbaydzan-zharda-l-d-nyaya-zh-z-l-n-mun-dir","status":"publish","type":"post","link":"https:\/\/mdu.edu.az\/ru\/t-rkiy-az-rbaydzan-zharda-l-d-nyaya-zh-z-l-n-mun-dir\/","title":{"rendered":"T\u00fcrkiy\u0259-Az\u0259rbaycan qarda\u015fl\u0131\u011f\u0131 d\u00fcnyaya g\u00f6z\u0259l n\u00fcmun\u0259dir"},"content":{"rendered":"<p style=\"text-align: center; text-indent: 35.3pt;\"><b><span style=\"font-size: 14pt; color: #002060;\">T&uuml;rkiy\u0259-Az\u0259rbaycan qarda\u015fl\u0131\u011f\u0131 d&uuml;nyaya g&ouml;z\u0259l n&uuml;mun\u0259dir<\/span><\/b><\/p>\n<p><span style=\"font-size: 8pt;\"><\/span><\/p>\n<p style=\"text-align: justify; text-indent: 35.3pt;\"><span style=\"color: #000000;\">M&uuml;st\u0259qillik \u0259ld\u0259 etdikd\u0259n sonra Az\u0259rbaycan\u0131n suverenliyini ilk tan\u0131yan d&ouml;vl\u0259tl\u0259rd\u0259n biri kimi T&uuml;rkiy\u0259 h\u0259r zaman &ouml;lk\u0259mizi d\u0259st\u0259kl\u0259yib. &Ccedil;\u0259tin zamanlarda, t\u0259bii f\u0259lak\u0259tl\u0259r zaman\u0131 bir-birin\u0259 k&ouml;m\u0259klikl\u0259r g&ouml;st\u0259r\u0259n bu iki &ouml;lk\u0259nin dostlu\u011funu v\u0259 \u0259m\u0259kda\u015fl\u0131\u011f\u0131n\u0131 he&ccedil; bir q&uuml;vv\u0259 poza bilm\u0259z. H\u0259r&ccedil;\u0259\u0131nd ulu &ouml;nd\u0259r Heyd\u0259r \u018fliyevin \u0259b\u0259di ifad\u0259si kimi dilimizd\u0259 \u0259zb\u0259r olan, bir mill\u0259t, iki d&ouml;vl\u0259tin dostlu\u011funu, \u0259m\\\u0259kda\u015fl\u0131\u011f\u0131n\u0131 ist\u0259m\u0259y\u0259n q&uuml;vv\u0259l\u0259r &ccedil;oxdur. Lakin d&ouml;vl\u0259tl\u0259rimizin r\u0259hb\u0259rl\u0259ri, c\u0259nab Tayyib \u018frdo\u011fan v\u0259 c\u0259nab prezidentimiz \u0130lham \u018fliyevin dostlu\u011fu sars\u0131lmazd\u0131r. H\u0259r zaman Az\u0259rbaycana d\u0259st\u0259k olan T&uuml;rkiy\u0259 d&ouml;vl\u0259ti, xalq\u0131, r\u0259hb\u0259rl\u0259ri bu ilin iyul ay\u0131nda yurdumuzun s\u0259rh\u0259d b&ouml;lg\u0259sind\u0259 d&uuml;\u015fm\u0259nin t&ouml;r\u0259tdiyi n&ouml;vb\u0259ti h&uuml;cum zaman\u0131 da x&uuml;susi diqq\u0259t g&ouml;st\u0259rdi. Erm\u0259nistana i\u015f\u011fal alt\u0131nda olan yurd yerl\u0259rimizd\u0259n &ccedil;\u0131xmaq v\u0259 at\u0259\u015fk\u0259s\u0259 \u0259m\u0259l etm\u0259k kimi s\u0259rt b\u0259yanatlar g&ouml;nd\u0259r\u0259n T&uuml;rkiy\u0259 Az\u0259rbaycan\u0131n yan\u0131nda oldu\u011funu bir daha d&uuml;nyaya b\u0259yan etdi. Az\u0259rbaycan Respublikas\u0131 il\u0259 T&uuml;rkiy\u0259 Respublikas\u0131 aras\u0131nda h\u0259rbi \u0259m\u0259kda\u015fl\u0131q haqq\u0131nda sazi\u015f\u0259 \u0259sas\u0259n, illik plana uy\u011fun olaraq iyulun 29-dan avqustun 10-d\u0259k &ouml;lk\u0259mizd\u0259 h\u0259r iki &ouml;lk\u0259nin quru qo\u015funlar\u0131 v\u0259 h\u0259rbi hava q&uuml;vv\u0259l\u0259rinin i\u015ftirak\u0131 il\u0259 birg\u0259 geni\u015fmiqyasl\u0131 d&ouml;y&uuml;\u015f at\u0131\u015fl\u0131 taktiki v\u0259 taktiki-u&ccedil;u\u015f t\u0259liml\u0259ri ke&ccedil;irilib; Birg\u0259 t\u0259liml\u0259r\u0259 iki &ouml;lk\u0259nin ordular\u0131n\u0131n \u015f\u0259xsi hey\u0259ti, zirehli texnikas\u0131, artilleriya qur\u011fular\u0131 v\u0259 minaatanlar\u0131, h\u0259m&ccedil;inin h\u0259rbi aviasiya v\u0259 hava h&uuml;cumundan m&uuml;dafi\u0259 vasit\u0259l\u0259ri c\u0259lb edilib. Plana \u0259sas\u0259n t\u0259liml\u0259r avqustun 1-d\u0259n 5-d\u0259k quru qo\u015funlar\u0131n\u0131n da c\u0259lb edilm\u0259si il\u0259 Bak\u0131da v\u0259 Nax&ccedil;\u0131vanda, h\u0259rbi aviasiya vasit\u0259l\u0259rinin i\u015ftirak\u0131 il\u0259 is\u0259 iyulun 29-dan avqustun 10-d\u0259k Bak\u0131, Nax&ccedil;\u0131van, G\u0259nc\u0259, K&uuml;rd\u0259mir v\u0259 Yevlax \u015f\u0259h\u0259rl\u0259rind\u0259 ke&ccedil;irilib.<\/span><\/p>\n<p style=\"text-align: justify; text-indent: 35.3pt;\"><span style=\"color: #000000;\">Qeyd etm\u0259k yerin\u0259 d&uuml;\u015f\u0259r ki, T&uuml;rkiy\u0259 Az\u0259rbaycan m&uuml;st\u0259qillik qazand\u0131qdan sonra Silahl\u0131 Q&uuml;vv\u0259l\u0259rin formala\u015fmas\u0131na yard\u0131m g&ouml;st\u0259rib. O zaman orduda kadr &ccedil;at\u0131\u015fmazl\u0131\u011f\u0131 var idi. Sonrak\u0131 d&ouml;vrd\u0259 d\u0259 iki &ouml;lk\u0259 aras\u0131nda h\u0259rbi-texniki \u0259m\u0259kda\u015fl\u0131q inki\u015faf etdi. T&uuml;rkiy\u0259 Az\u0259rbaycanda kadrlar\u0131n haz\u0131rlanmas\u0131, h\u0259rbi m\u0259kt\u0259bl\u0259rin proqramlar\u0131n\u0131n formala\u015fmas\u0131nda b&ouml;y&uuml;k rol oynay\u0131b. H\u0259r il Az\u0259rbaycan v\u0259 T&uuml;rkiy\u0259 silahl\u0131 q&uuml;vv\u0259l\u0259ri birg\u0259 h\u0259rbi t\u0259liml\u0259r ke&ccedil;irirl\u0259r.<\/span><\/p>\n<p style=\"text-align: justify; text-indent: 35.3pt;\"><span style=\"color: #000000;\">D&ouml;vl\u0259timizin ba\u015f&ccedil;\u0131s\u0131 \u0130lham \u018fliyev avqustun 13-d\u0259 T&uuml;rkiy\u0259 Respublikas\u0131n\u0131n Milli M&uuml;dafi\u0259 naziri Hulusi Akar\u0131n ba\u015f&ccedil;\u0131l\u0131q etdiyi n&uuml;may\u0259nd\u0259 hey\u0259tini q\u0259bul ed\u0259rk\u0259n bildirib ki, h\u0259rbi \u0259m\u0259kda\u015fl\u0131q bax\u0131m\u0131ndan bu t\u0259liml\u0259rin &ccedil;ox b&ouml;y&uuml;k &ouml;n\u0259mi var, eyni zamanda, insanlar aras\u0131ndak\u0131 \u0259laq\u0259l\u0259rin, xalqlar aras\u0131ndak\u0131 qarda\u015fl\u0131\u011f\u0131n g&uuml;cl\u0259ndirilm\u0259si &uuml;&ccedil;&uuml;n t\u0259liml\u0259rin &ccedil;ox b&ouml;y&uuml;k \u0259h\u0259miyy\u0259ti v\u0259 faydas\u0131 var. Prezident bildirib: &ldquo;Bu, bir \u0259n\u0259n\u0259dir. Bildiyiniz kimi, h\u0259r il h\u0259m Az\u0259rbaycanda, h\u0259m d\u0259 T&uuml;rkiy\u0259d\u0259 10-dan &ccedil;ox birg\u0259 t\u0259lim ke&ccedil;irilir. Ona g&ouml;r\u0259 bu t\u0259liml\u0259rin ke&ccedil;irilm\u0259si adi hald\u0131r. Burada hans\u0131sa bir f&ouml;vq\u0259lad\u0259 hal axtarmaq l&uuml;zumsuzdur. Biz d\u0259 m&uuml;\u015fahid\u0259 edirik ki, bu t\u0259liml\u0259r b\u0259zi &ouml;lk\u0259l\u0259rd\u0259 narahatl\u0131q do\u011furur. Ancaq buna he&ccedil; bir \u0259sas yoxdur. Bu, T&uuml;rkiy\u0259-Az\u0259rbaycan birliyinin, qarda\u015fl\u0131\u011f\u0131n\u0131n n&ouml;vb\u0259ti t\u0259zah&uuml;r&uuml;d&uuml;r&rdquo;.<\/span><\/p>\n<p style=\"text-align: justify; text-indent: 35.3pt;\"><span style=\"color: #000000;\">&ldquo;Az\u0259rbaycan Respublikas\u0131 H&ouml;kum\u0259ti il\u0259 T&uuml;rkiy\u0259 Respublikas\u0131 H&ouml;kum\u0259ti aras\u0131nda h\u0259rbi maliyy\u0259 \u0259m\u0259kda\u015fl\u0131\u011f\u0131 haqq\u0131nda&rdquo; 2020-ci il fevral\u0131n 25-d\u0259 Bak\u0131 \u015f\u0259h\u0259rind\u0259 imzalanm\u0131\u015f Sazi\u015f cari ilin iyulun 2-d\u0259 q&uuml;vv\u0259y\u0259 minmi\u015fdir. \u0130ki &ouml;lk\u0259 aras\u0131nda h\u0259rbi \u0259m\u0259kda\u015fl\u0131\u011f\u0131n bug&uuml;nk&uuml; v\u0259ziyy\u0259tini 3 vacib m\u0259s\u0259l\u0259 m&uuml;\u0259yy\u0259nl\u0259\u015fdirir:<\/span><\/p>\n<p style=\"text-align: justify; text-indent: 35.3pt;\"><span style=\"color: #000000;\"><i>Birincisi,<\/i>NATO il\u0259 \u0259m\u0259kda\u015fl\u0131q s\u0259n\u0259dl\u0259ri. Bu &ccedil;\u0259r&ccedil;iv\u0259d\u0259 NATO-nun apar\u0131c\u0131 &ouml;lk\u0259l\u0259rind\u0259n olan T&uuml;rkiy\u0259 Az\u0259rbaycan Silahl\u0131 Q&uuml;vv\u0259l\u0259rinin modernl\u0259\u015fdirilm\u0259sin\u0259 k&ouml;m\u0259k g&ouml;st\u0259rir.<\/span><\/p>\n<p style=\"text-align: justify; text-indent: 35.3pt;\"><span style=\"color: #000000;\"><i>\u0130kincisi<\/i>, Az\u0259rbaycan\u0131n t\u0259hl&uuml;k\u0259sizlik s\u0259n\u0259dl\u0259ri v\u0259 iki &ouml;lk\u0259 aras\u0131nda imzalanm\u0131\u015f strateji m&uuml;qavil\u0259l\u0259r.<\/span><\/p>\n<p style=\"text-align: justify; text-indent: 35.3pt;\"><span style=\"color: #000000;\"><i>&Uuml;&ccedil;&uuml;nc&uuml;s&uuml;,<\/i>T&uuml;rkiy\u0259nin milli regional maraqlar\u0131 v\u0259 h\u0259m&ccedil;inin, qarda\u015f &ouml;lk\u0259nin milli t\u0259hl&uuml;k\u0259sizlik s\u0259n\u0259dl\u0259ri il\u0259 ba\u011fl\u0131d\u0131r. 2009-cu ild\u0259n etibar\u0259n T&uuml;rkiy\u0259nin milli t\u0259hl&uuml;k\u0259sizlik s\u0259n\u0259dl\u0259rind\u0259 d\u0259yi\u015fiklik prosesi ba\u015flay\u0131b.<\/span><\/p>\n<p style=\"text-align: justify; text-indent: 35.3pt;\"><span style=\"color: #000000;\">\u0130ki &ouml;lk\u0259 aras\u0131nda h\u0259rbi \u0259m\u0259kda\u015fl\u0131q bax\u0131m\u0131ndan perspektiv planlar da m&ouml;vcuddur. Buraya h\u0259rbi kadrlar\u0131n haz\u0131rlanmas\u0131, maddi-texniki t\u0259chizat m\u0259s\u0259l\u0259l\u0259rind\u0259n tutmu\u015f, m&uuml;dafi\u0259 s\u0259nayesi sah\u0259sind\u0259 yeni birg\u0259 \u0259m\u0259kda\u015fl\u0131\u011fa q\u0259d\u0259r m\u0259s\u0259l\u0259l\u0259r daxildir. Perspektivd\u0259 iki &ouml;lk\u0259 aras\u0131nda h\u0259rt\u0259r\u0259fli h\u0259rbi \u0259m\u0259kda\u015fl\u0131\u011f\u0131n g&uuml;cl\u0259ndirilm\u0259si istiqam\u0259tind\u0259 yeni imkanlar m&ouml;vcuddur. T&uuml;rkiy\u0259 Az\u0259rbaycana taktiki v\u0259 strateji d&ouml;vrd\u0259 h\u0259rbi d\u0259st\u0259yini davam etdirm\u0259kd\u0259 q\u0259rarl\u0131d\u0131r.<\/span><\/p>\n<p style=\"text-align: justify; text-indent: 35.3pt;\"><span style=\"color: #000000;\">Erm\u0259nistan\u0131n i\u015f\u011fal\u0131 n\u0259tic\u0259sind\u0259 n\u0259zar\u0259td\u0259n k\u0259nar qalm\u0131\u015f Az\u0259rbaycan s\u0259rh\u0259dl\u0259rind\u0259n qeyri-qanuni m\u0259qs\u0259dl\u0259rl\u0259 istifad\u0259 m\u0259s\u0259l\u0259si T&uuml;rkiy\u0259-Az\u0259rbaycan h\u0259rbi \u0259m\u0259kda\u015fl\u0131\u011f\u0131 &uuml;&ccedil;&uuml;n m&uuml;h&uuml;m istiqam\u0259tl\u0259rd\u0259n hesab olunur. \u0130ki &ouml;lk\u0259 terrorizmd\u0259n \u0259ziyy\u0259t &ccedil;\u0259km\u0259kl\u0259 bu istiqam\u0259td\u0259 ayr\u0131-ayr\u0131l\u0131qda v\u0259 birg\u0259 m&uuml;bariz\u0259nin bu g&uuml;n&uuml; v\u0259 perspektivl\u0259rini h\u0259mi\u015f\u0259 diqq\u0259t m\u0259rk\u0259zind\u0259 saxlay\u0131r. \u0130ki &ouml;lk\u0259 aras\u0131nda h\u0259rbi t\u0259hsil, kadrlar\u0131n haz\u0131rlanmas\u0131 sah\u0259sind\u0259 \u0259m\u0259kda\u015fl\u0131\u011f\u0131n inki\u015faf\u0131 prioritet sah\u0259l\u0259rd\u0259n biridir. Bu istiqam\u0259td\u0259 ciddi planlar\u0131n oldu\u011fu bildirilir.<\/span><\/p>\n<p style=\"text-align: justify; text-indent: 35.3pt;\"><span style=\"color: #000000;\">Erm\u0259nistan, Yunan\u0131stan v\u0259 Kipr aras\u0131nda h\u0259rbi \u0259m\u0259kda\u015fl\u0131qla ba\u011fl\u0131 Az\u0259rbaycan narahatd\u0131r. Erm\u0259nistan \u0259razil\u0259rimizi i\u015f\u011fal etmi\u015f &ouml;lk\u0259dir. Torpaqlar\u0131m\u0131zda onlarla terror v\u0259 soyq\u0131r\u0131m akt\u0131 t&ouml;r\u0259dilib ki, h\u0259min hadis\u0259l\u0259r zaman\u0131 y&uuml;zl\u0259rl\u0259 g&uuml;nahs\u0131z insan q\u0259tl\u0259 yetirilib, \u0259lil olub, \u0259sir g&ouml;t&uuml;r&uuml;l&uuml;b. D&uuml;nya birliyi bu h\u0259qiq\u0259tl\u0259ri bilir. Xocal\u0131da soyq\u0131r\u0131m\u0131 akt\u0131 t&ouml;r\u0259dib, bir milyon az\u0259rbaycanl\u0131n\u0131 evl\u0259rind\u0259n did\u0259rgin sal\u0131b, tarixi, m\u0259d\u0259ni, dini abid\u0259l\u0259rimizi da\u011f\u0131d\u0131b, i\u015f\u011fal edilmi\u015f \u0259razil\u0259rd\u0259 etnik t\u0259mizl\u0259m\u0259 siyas\u0259ti h\u0259yata ke&ccedil;irib, beyn\u0259lxalq h&uuml;ququ pozur, BMT T\u0259hl&uuml;k\u0259sizlik \u015euras\u0131n\u0131n v\u0259 ba\u015fqa t\u0259\u015fkilatlar\u0131n q\u0259tnam\u0259l\u0259rin\u0259 \u0259m\u0259l etmir. H\u0259m d\u0259 t\u0259xribat\u0131ndan, s\u0259rh\u0259dl\u0259rimiz\u0259 silahl\u0131 h&uuml;cumlar\u0131n\u0131 dayand\u0131rm\u0131r. \u018fn d\u0259h\u015f\u0259tlisi odur ki, Erm\u0259nistan aqressiv davran\u0131r. D&ouml;vl\u0259t s\u0259rh\u0259dind\u0259 son g\u0259rginlikl\u0259r Erm\u0259nistan\u0131n t\u0259xribat\u0131d\u0131r, terror akt\u0131 t&ouml;r\u0259tm\u0259k &uuml;&ccedil;&uuml;n sonuncu c\u0259hd zaman\u0131 t\u0259mas x\u0259ttini ke&ccedil;m\u0259k ist\u0259y\u0259rk\u0259n erm\u0259ni zabiti saxlan\u0131l\u0131b v\u0259 o, art\u0131q etiraf edib ki, onun qrupu bizim h\u0259rb&ccedil;il\u0259rimiz\u0259 v\u0259 m&uuml;lki \u015f\u0259xsl\u0259r\u0259 h&uuml;cum etm\u0259k m\u0259qs\u0259di g&uuml;d&uuml;b.<\/span><\/p>\n<p style=\"text-align: justify; text-indent: 35.3pt;\"><span style=\"color: #000000;\">Erm\u0259nistan Az\u0259rbaycana d&uuml;\u015fm\u0259n m&ouml;vqed\u0259dir v\u0259 bu h\u0259r zaman onlar\u0131n q\u0259rar\u0131 olub. S&ouml;zs&uuml;z ki, Erm\u0259nistan\u0131n ist\u0259nil\u0259n &ouml;lk\u0259 il\u0259 s\u0131x h\u0259rbi \u0259m\u0259kda\u015fl\u0131\u011f\u0131 narahatl\u0131q do\u011furur. Erm\u0259nistan\u0131n t\u0259xribat\u0131ndan d\u0259rhal sonra Az\u0259rbaycan Rusiyadan Erm\u0259nistana intensiv silah t\u0259chizat\u0131na reaksiya g&ouml;st\u0259rib. Aktiv toqqu\u015fmalar iyulun 16-da dayand\u0131r\u0131ld\u0131 v\u0259 iyulun 17-d\u0259n ba\u015flayaraq 2 sentyabra q\u0259d\u0259r Rusiyadan Erm\u0259nistana X\u0259z\u0259ryan\u0131 d&ouml;vl\u0259tl\u0259rin hava m\u0259kan\u0131 vasit\u0259sil\u0259 &ccedil;oxsayl\u0131 y&uuml;k reysl\u0259ri h\u0259yata ke&ccedil;irilib. Erm\u0259nistanla h\u0259rbi \u0259m\u0259kda\u015fl\u0131q bizi narahat ed\u0259n m\u0259s\u0259l\u0259dir. &Ccedil;&uuml;nki bu, Az\u0259rbaycan &uuml;&ccedil;&uuml;n m&uuml;h&uuml;m t\u0259hdid t&ouml;r\u0259dir, &ccedil;&uuml;nki bu silahlardan istifad\u0259 ed\u0259r\u0259k onlar bizim h\u0259rb&ccedil;il\u0259rimizi, m&uuml;lki \u015f\u0259xsl\u0259ri &ouml;ld&uuml;r&uuml;rl\u0259r. Az\u0259rbaycan he&ccedil; bir zaman h\u0259rbi \u0259nm\u0259liyyatlar\u0131n, m&uuml;harib\u0259nin t\u0259r\u0259fdar\u0131 olmay\u0131b. Biz h\u0259mi\u015f\u0259 s&uuml;lh v\u0259 firavanl\u0131q ist\u0259mi\u015fik. Az\u0259rbaycan Erm\u0259nistan\u0131n torpaqlar\u0131na basq\u0131n etm\u0259yib, i\u015f\u011fal etm\u0259yib. I\u015f\u011fal\u015f&ccedil;\u0131 d&ouml;vl\u0259t Erm\u0259nistand\u0131r. D&uuml;\u015fm\u0259n t\u0259k i\u015f\u011fal&ccedil;\u0131 deyil, h\u0259m d\u0259 qani&ccedil;\u0259ndir, zal\u0131md\u0131r, m\u0259rh\u0259m\u0259tsizdir.<\/span><\/p>\n<p style=\"text-align: justify; text-indent: 35.3pt;\"><span style=\"color: #000000;\">Az\u0259rbaycan dostluqda v\u0259 \u0259m\u0259kda\u015fl\u0131qda q\u0259tiyy\u0259tli v\u0259 s&ouml;z&uuml;b&uuml;t&ouml;vd&uuml;r. H\u0259r zaman T&uuml;rkiy\u0259nin yan\u0131ndad\u0131r. Nec\u0259 ki, \u0259n a\u011f\u0131r zamanlarda T&uuml;rkiy\u0259 Az\u0259rbaycana d\u0259st\u0259k g&ouml;st\u0259rib, Az\u0259rbaycan da d&uuml;nya &ouml;lk\u0259l\u0259ri il\u0259 m&uuml;nasib\u0259tl\u0259r &ccedil;\u0259r&ccedil;iv\u0259sind\u0259 h\u0259r hans\u0131 bir g\u0259rginlik yaranarsa T&uuml;rkiy\u0259y\u0259 etimad\u0131n\u0131 g&ouml;st\u0259r\u0259c\u0259k. bu birm\u0259nal\u0131d\u0131r. T&uuml;rkiy\u0259 v\u0259 Yunan\u0131stan aras\u0131nda \u015e\u0259rqi Aral\u0131q d\u0259nizi regionunda bu yax\u0131nlarda ba\u015f ver\u0259n g\u0259rginlikd\u0259 Az\u0259rbaycan T&uuml;rkiy\u0259ni d\u0259st\u0259kl\u0259yir. T&uuml;rkiy\u0259 t\u0259kc\u0259 bizim dost v\u0259 t\u0259r\u0259fda\u015f\u0131m\u0131z yox, bizim &uuml;&ccedil;&uuml;n qarda\u015f &ouml;lk\u0259dir. Biz he&ccedil; bir t\u0259r\u0259dd&uuml;d etm\u0259d\u0259n T&uuml;rkiy\u0259ni d\u0259st\u0259kl\u0259yirik v\u0259 b&uuml;t&uuml;n hallarda d\u0259st\u0259kl\u0259y\u0259c\u0259yik. Biz d\u0259st\u0259yi t&uuml;rk qarda\u015flar\u0131m\u0131zdan da g&ouml;r&uuml;r&uuml;k.<\/span><\/p>\n<p style=\"text-align: justify; text-indent: 35.3pt;\"><span style=\"font-size: 12pt; font-family: 'Arial', sans-serif; color: #000000;\">Beyn\u0259lxalq ictimaiyy\u0259t n&ouml;vb\u0259ti d\u0259f\u0259 Az\u0259rbaycan-T&uuml;rkiy\u0259 m&uuml;nasib\u0259tl\u0259rinin qarda\u015fl\u0131q s\u0259viyy\u0259sind\u0259 olmas\u0131na \u015fahidlik etdi. Bizi birl\u0259\u015fdir\u0259n t\u0259kc\u0259 d&ouml;vl\u0259tl\u0259rimizin maraqlar\u0131 deyil, bizi birl\u0259\u015fdir\u0259n sadiqlik, etibar v\u0259 qar\u015f\u0131l\u0131ql\u0131 d\u0259st\u0259kdir. Beyn\u0259lxalq t\u0259dbirl\u0259r zaman\u0131 d\u0259f\u0259l\u0259rl\u0259 bu qar\u015f\u0131l\u0131ql\u0131 d\u0259st\u0259yin \u015fahidi olmu\u015fuq. Yunan\u0131stan\u0131n Az\u0259rbaycandak\u0131 s\u0259firini q\u0259bul ed\u0259rk\u0259n &ouml;lk\u0259 ba\u015f&ccedil;\u0131s\u0131 t\u0259r\u0259find\u0259n s\u0259sl\u0259ndirilmi\u015f s&ouml;zl\u0259r: &ldquo;T&uuml;rkiy\u0259 t\u0259kc\u0259 bizim dost v\u0259 t\u0259r\u0259fda\u015f\u0131m\u0131z yox, bizim &uuml;&ccedil;&uuml;n qarda\u015f &ouml;lk\u0259dir. Biz he&ccedil; bir t\u0259r\u0259dd&uuml;d etm\u0259d\u0259n T&uuml;rkiy\u0259ni d\u0259st\u0259kl\u0259yirik v\u0259 b&uuml;t&uuml;n hallarda d\u0259st\u0259kl\u0259y\u0259c\u0259yik&rdquo; &ndash; sad\u0259c\u0259 siyasi mesaj kimi q\u0259bul olunmamal\u0131d\u0131r. Bu c&uuml;r s&ouml;zl\u0259r etibarl\u0131 siyas\u0259tin \u0259xlaq f\u0259ls\u0259f\u0259sini &ouml;z&uuml;nd\u0259 \u0259ks etdirir. M&ouml;vcud yana\u015fma is\u0259 yaln\u0131z &ouml;z&uuml;n\u0259 inanan v\u0259 potensial\u0131na g&uuml;v\u0259n\u0259n siyasi liderl\u0259r\u0259 m\u0259xsus olan keyfiyy\u0259tdir. C\u0259nab Prezident Yunan\u0131stan\u0131n s\u0259firini q\u0259bul etdiyi zaman istifad\u0259 etdiyi ritorika yaln\u0131z g&uuml;cl&uuml; d&ouml;vl\u0259t ba\u015f&ccedil;\u0131lar\u0131na xasd\u0131r. <\/span><\/p>\n<p style=\"text-align: justify; text-indent: 35.3pt;\"><span style=\"font-size: 12pt; font-family: 'Arial', sans-serif; color: #000000;\">Prezidentimizin dediyi &ldquo;M\u0259n ist\u0259yir\u0259m ki, siz bizim m&ouml;vqeyimizi bil\u0259siniz&rdquo; fikirl\u0259ri Az\u0259rbaycan a&ccedil;\u0131q diplomatiyas\u0131na i\u015far\u0259 edir. Bizim d&ouml;vl\u0259t ba\u015f&ccedil;\u0131m\u0131z o nadir &ouml;lk\u0259 r\u0259hb\u0259rl\u0259rd\u0259ndir ki, ikili standartlar siyas\u0259tini a&ccedil;\u0131q t\u0259nqid edir. D&uuml;\u015f&uuml;n&uuml;r&uuml;k ki, d&ouml;vl\u0259t ba\u015f&ccedil;\u0131s\u0131 t\u0259r\u0259find\u0259n h\u0259min g&ouml;r&uuml;\u015fd\u0259 s\u0259sl\u0259ndirilmi\u015f s&ouml;zl\u0259r &uuml;mum\u0259n Az\u0259rbaycan\u0131n m&ouml;vqeyini, g&uuml;c&uuml;n&uuml; v\u0259 beyn\u0259lxalq m&uuml;nasib\u0259tl\u0259r sistemind\u0259 yerini n&uuml;mayi\u015f etdirir. G\u0259nc v\u0259 m&uuml;st\u0259qil d&ouml;vl\u0259timizin iqtisadi q&uuml;dr\u0259ti g&uuml;nb\u0259g&uuml;n art\u0131r. D&uuml;nya d&ouml;vl\u0259tl\u0259ri il\u0259 imzalad\u0131\u011f\u0131 \u0259m\u0259kda\u015fl\u0131qlar d&ouml;vl\u0259timizi daha da g&uuml;cl\u0259ndir\u0259c\u0259k. &Ouml;lk\u0259\u0131mizd\u0259 h\u0259yat\u0131n h\u0259r sah\u0259sind\u0259 inki\u015faf v\u0259 yenid\u0259nqurma d&ouml;vl\u0259timizi daha da g&uuml;cl\u0259ndir\u0259c\u0259k. <\/span><\/p>\n<p style=\"text-align: justify; text-indent: 35.3pt;\"><span style=\"font-size: 12pt; font-family: 'Arial', sans-serif; color: #000000;\"><\/span><\/p>\n<p style=\"text-align: justify; text-indent: 35.3pt;\"><span style=\"color: #000000;\"><b><span style=\"font-size: 12pt; font-family: 'Arial', sans-serif;\">Ming\u0259&ccedil;evir D&ouml;vl\u0259t Universitetinin <\/span><\/b><\/span><\/p>\n<p style=\"text-align: justify; text-indent: 35.3pt;\"><span style=\"color: #000000;\"><b><span style=\"font-size: 12pt; font-family: 'Arial', sans-serif;\">Ba\u015f m&uuml;\u0259llimi<\/span><\/b><\/span><\/p>\n<p style=\"text-align: justify; text-indent: 35.3pt;\"><span style=\"color: #000000;\"><b><span style=\"font-size: 12pt; font-family: 'Arial', sans-serif;\">&Uuml;zeyir Zeynalov<\/span><\/b><\/span><\/p>","protected":false},"excerpt":{"rendered":"<p>T&uuml;rkiy\u0259-Az\u0259rbaycan qarda\u015fl\u0131\u011f\u0131 d&uuml;nyaya g&ouml;z\u0259l n&uuml;mun\u0259dir M&uuml;st\u0259qillik \u0259ld\u0259 etdikd\u0259n sonra Az\u0259rbaycan\u0131n suverenliyini ilk tan\u0131yan d&ouml;vl\u0259tl\u0259rd\u0259n biri kimi T&uuml;rkiy\u0259 h\u0259r zaman &ouml;lk\u0259mizi d\u0259st\u0259kl\u0259yib. &Ccedil;\u0259tin zamanlarda, t\u0259bii f\u0259lak\u0259tl\u0259r zaman\u0131 bir-birin\u0259 k&ouml;m\u0259klikl\u0259r g&ouml;st\u0259r\u0259n bu iki &ouml;lk\u0259nin dostlu\u011funu v\u0259 \u0259m\u0259kda\u015fl\u0131\u011f\u0131n\u0131 he&ccedil; bir q&uuml;vv\u0259 poza bilm\u0259z. H\u0259r&ccedil;\u0259\u0131nd ulu &ouml;nd\u0259r Heyd\u0259r \u018fliyevin \u0259b\u0259di ifad\u0259si kimi dilimizd\u0259 \u0259zb\u0259r olan, bir mill\u0259t, iki d&ouml;vl\u0259tin [&hellip;]<\/p>\n","protected":false},"author":1,"featured_media":0,"comment_status":"open","ping_status":"open","sticky":false,"template":"","format":"standard","meta":{"_eb_attr":"","ocean_post_layout":"","ocean_both_sidebars_style":"","ocean_both_sidebars_content_width":0,"ocean_both_sidebars_sidebars_width":0,"ocean_sidebar":"","ocean_second_sidebar":"","ocean_disable_margins":"enable","ocean_add_body_class":"","ocean_shortcode_before_top_bar":"","ocean_shortcode_after_top_bar":"","ocean_shortcode_before_header":"","ocean_shortcode_after_header":"","ocean_has_shortcode":"","ocean_shortcode_after_title":"","ocean_shortcode_before_footer_widgets":"","ocean_shortcode_after_footer_widgets":"","ocean_shortcode_before_footer_bottom":"","ocean_shortcode_after_footer_bottom":"","ocean_display_top_bar":"default","ocean_display_header":"default","ocean_header_style":"","ocean_center_header_left_menu":"","ocean_custom_header_template":"","ocean_custom_logo":0,"ocean_custom_retina_logo":0,"ocean_custom_logo_max_width":0,"ocean_custom_logo_tablet_max_width":0,"ocean_custom_logo_mobile_max_width":0,"ocean_custom_logo_max_height":0,"ocean_custom_logo_tablet_max_height":0,"ocean_custom_logo_mobile_max_height":0,"ocean_header_custom_menu":"","ocean_menu_typo_font_family":"","ocean_menu_typo_font_subset":"","ocean_menu_typo_font_size":0,"ocean_menu_typo_font_size_tablet":0,"ocean_menu_typo_font_size_mobile":0,"ocean_menu_typo_font_size_unit":"px","ocean_menu_typo_font_weight":"","ocean_menu_typo_font_weight_tablet":"","ocean_menu_typo_font_weight_mobile":"","ocean_menu_typo_transform":"","ocean_menu_typo_transform_tablet":"","ocean_menu_typo_transform_mobile":"","ocean_menu_typo_line_height":0,"ocean_menu_typo_line_height_tablet":0,"ocean_menu_typo_line_height_mobile":0,"ocean_menu_typo_line_height_unit":"","ocean_menu_typo_spacing":0,"ocean_menu_typo_spacing_tablet":0,"ocean_menu_typo_spacing_mobile":0,"ocean_menu_typo_spacing_unit":"","ocean_menu_link_color":"","ocean_menu_link_color_hover":"","ocean_menu_link_color_active":"","ocean_menu_link_background":"","ocean_menu_link_hover_background":"","ocean_menu_link_active_background":"","ocean_menu_social_links_bg":"","ocean_menu_social_hover_links_bg":"","ocean_menu_social_links_color":"","ocean_menu_social_hover_links_color":"","ocean_disable_title":"default","ocean_disable_heading":"default","ocean_post_title":"","ocean_post_subheading":"","ocean_post_title_style":"","ocean_post_title_background_color":"","ocean_post_title_background":0,"ocean_post_title_bg_image_position":"","ocean_post_title_bg_image_attachment":"","ocean_post_title_bg_image_repeat":"","ocean_post_title_bg_image_size":"","ocean_post_title_height":0,"ocean_post_title_bg_overlay":0.5,"ocean_post_title_bg_overlay_color":"","ocean_disable_breadcrumbs":"default","ocean_breadcrumbs_color":"","ocean_breadcrumbs_separator_color":"","ocean_breadcrumbs_links_color":"","ocean_breadcrumbs_links_hover_color":"","ocean_display_footer_widgets":"default","ocean_display_footer_bottom":"default","ocean_custom_footer_template":"","ocean_post_oembed":"","ocean_post_self_hosted_media":"","ocean_post_video_embed":"","ocean_link_format":"","ocean_link_format_target":"self","ocean_quote_format":"","ocean_quote_format_link":"post","ocean_gallery_link_images":"on","ocean_gallery_id":[],"footnotes":""},"categories":[63],"tags":[],"class_list":["post-15441","post","type-post","status-publish","format-standard","hentry","category-khaebaerlaer-az","entry"],"_links":{"self":[{"href":"https:\/\/mdu.edu.az\/ru\/wp-json\/wp\/v2\/posts\/15441","targetHints":{"allow":["GET"]}}],"collection":[{"href":"https:\/\/mdu.edu.az\/ru\/wp-json\/wp\/v2\/posts"}],"about":[{"href":"https:\/\/mdu.edu.az\/ru\/wp-json\/wp\/v2\/types\/post"}],"author":[{"embeddable":true,"href":"https:\/\/mdu.edu.az\/ru\/wp-json\/wp\/v2\/users\/1"}],"replies":[{"embeddable":true,"href":"https:\/\/mdu.edu.az\/ru\/wp-json\/wp\/v2\/comments?post=15441"}],"version-history":[{"count":0,"href":"https:\/\/mdu.edu.az\/ru\/wp-json\/wp\/v2\/posts\/15441\/revisions"}],"wp:attachment":[{"href":"https:\/\/mdu.edu.az\/ru\/wp-json\/wp\/v2\/media?parent=15441"}],"wp:term":[{"taxonomy":"category","embeddable":true,"href":"https:\/\/mdu.edu.az\/ru\/wp-json\/wp\/v2\/categories?post=15441"},{"taxonomy":"post_tag","embeddable":true,"href":"https:\/\/mdu.edu.az\/ru\/wp-json\/wp\/v2\/tags?post=15441"}],"curies":[{"name":"wp","href":"https:\/\/api.w.org\/{rel}","templated":true}]}}