{"id":15451,"date":"2020-09-16T12:28:00","date_gmt":"2020-09-16T09:28:00","guid":{"rendered":"https:\/\/mdu.edu.az\/izhtisadiyyat-m-z-n-inki-af-az-rbaydzan-d-nyada-tan-d-r\/"},"modified":"2020-09-16T12:28:00","modified_gmt":"2020-09-16T09:28:00","slug":"izhtisadiyyat-m-z-n-inki-af-az-rbaydzan-d-nyada-tan-d-r","status":"publish","type":"post","link":"https:\/\/mdu.edu.az\/ru\/izhtisadiyyat-m-z-n-inki-af-az-rbaydzan-d-nyada-tan-d-r\/","title":{"rendered":"\u0130qtisadiyyat\u0131m\u0131z\u0131n inki\u015faf\u0131 Az\u0259rbaycan\u0131 d\u00fcnyada tan\u0131d\u0131r"},"content":{"rendered":"<p style=\"text-align: center;\"><b><span style=\"font-size: 14pt; color: #002060;\">\u0130qtisadiyyat\u0131m\u0131z\u0131n inki\u015faf\u0131 Az\u0259rbaycan\u0131 d&uuml;nyada tan\u0131d\u0131r<\/span><\/b><\/p>\n<p><span style=\"font-size: 8pt;\"><\/span><\/p>\n<p style=\"text-align: justify; text-indent: 35.3pt;\"><span style=\"color: #000000;\">Az\u0259rbaycan m&uuml;st\u0259qillik \u0259ld\u0259 etdikd\u0259n sonra iqtisadiyyat\u0131m\u0131z b&ouml;hran v\u0259ziyy\u0259tin\u0259 d&uuml;\u015fm&uuml;\u015f, s\u0259naye m&uuml;\u0259ssis\u0259l\u0259rinin f\u0259aliyy\u0259tind\u0259 dur\u011funluq \u0259m\u0259l\u0259 g\u0259lmi\u015fdi. H\u0259yat\u0131n h\u0259r sah\u0259sind\u0259 m&ouml;vcud olan g\u0259rginlik, h\u0259yat t\u0259rzinin a\u015fa\u011f\u0131 h\u0259dd\u0259 d&uuml;\u015fm\u0259si, i\u015fsizlik v\u0259 bu kimi dig\u0259r probleml\u0259r sabaha olan inam\u0131 da azaltm\u0131\u015fd\u0131. D&ouml;vl\u0259ti g&uuml;cl\u0259ndirm\u0259k, d&uuml;nya d&ouml;vl\u0259tl\u0259ri il\u0259 iqtisadi-siyasi-m\u0259d\u0259ni \u0259laq\u0259l\u0259r yaratmaq &uuml;&ccedil;&uuml;n uzun zaman laz\u0131m idi. M&uuml;harib\u0259 \u015f\u0259raitind\u0259 ya\u015fayan, torpaqlar\u0131n\u0131n bir hiss\u0259si i\u015f\u011fal alt\u0131nda qalan, y&uuml;zl\u0259rl\u0259 qa&ccedil;q\u0131n v\u0259 m\u0259cburi k&ouml;&ccedil;k&uuml;n&uuml; olan g\u0259nc bir d&ouml;vl\u0259tin b&uuml;t&uuml;n bu probleml\u0259ri h\u0259ll etm\u0259si o q\u0259d\u0259r d\u0259 asan deyildi. \u0130nsanlar\u0131n h\u0259yat t\u0259rzinin yax\u015f\u0131la\u015fmas\u0131 &uuml;&ccedil;&uuml;n ard\u0131c\u0131l olaraq layih\u0259l\u0259r h\u0259yata ke&ccedil;irildikc\u0259 c\u0259miyy\u0259td\u0259 m&ouml;vcud olan dur\u011funluq azal\u0131rd\u0131. D&ouml;vl\u0259timizin ba\u015f&ccedil;\u0131s\u0131 \u0130lham \u018fliyev 2003-c&uuml; ild\u0259 ilk d\u0259f\u0259 prezident se&ccedil;ildikd\u0259n sonra, 2004 ild\u0259 &ldquo;Regionlar\u0131n Sosial &ndash;\u0130qtisadi \u0130nki\u015faf\u0131 D&ouml;vl\u0259t Proqram\u0131&rdquo; n\u0131n imzalanmas\u0131, bu proqrama \u0259sas\u0259n \u018fsasnam\u0259nin t\u0259sdiq edilm\u0259si il\u0259 yurdumuzun h\u0259r yerind\u0259 h\u0259yat yeni axar\u0131na d&uuml;\u015fm\u0259y\u0259 ba\u015flad\u0131. \u0130ll\u0259r ke&ccedil;dikc\u0259 bir-birinin ard\u0131nca regionlarda D&ouml;vl\u0259t Proqramlar\u0131 realla\u015f\u0131r, b&ouml;lg\u0259l\u0259rimiz g&ouml;z\u0259ll\u0259\u015fir.<\/span><\/p>\n<p style=\"text-align: justify; text-indent: 35.3pt;\"><span style=\"color: #000000;\">Yeni i\u015f yerl\u0259ri yarad\u0131l\u0131r, m&uuml;asir t\u0259hsil, t\u0259rbiy\u0259 ocaqlar\u0131, s\u0259hiyy\u0259 v\u0259 m\u0259d\u0259niyy\u0259t m&uuml;\u0259ssis\u0259l\u0259ri, idman kompleksl\u0259ri in\u015fa olunaraq v\u0259t\u0259nda\u015flar\u0131n istifad\u0259sin\u0259 verilm\u0259y\u0259 ba\u015flay\u0131b. \u015e\u0259h\u0259r v\u0259 rayonlar\u0131m\u0131zda insanlar\u0131n asud\u0259 v\u0259 m\u0259nal\u0131 istirah\u0259ti &uuml;&ccedil;&uuml;n m&uuml;asir v\u0259 g&ouml;z\u0259l parklar sal\u0131n\u0131r, k&uuml;&ccedil;\u0259 v\u0259 m\u0259h\u0259ll\u0259l\u0259r abadla\u015f\u0131r, i\u015f\u0131qland\u0131rma sistemi yenil\u0259nir, su-kanalizasiya x\u0259tl\u0259ri v\u0259 dig\u0259r kommunal sah\u0259l\u0259rd\u0259 m&ouml;vcud olan probleml\u0259r h\u0259llini tap\u0131r.<\/span><\/p>\n<p style=\"text-align: justify; text-indent: 35.3pt;\"><span style=\"color: #000000;\">Az\u0259rbaycan d&uuml;nyan\u0131n bir &ccedil;ox d&ouml;vl\u0259tl\u0259ri il\u0259 iqtisadi \u0259m\u0259kda\u015fl\u0131q edir. Paytaxt Bak\u0131da v\u0259 b&ouml;lg\u0259l\u0259rimizd\u0259 m&uuml;asir S\u0259naye Parklar\u0131n\u0131n yarad\u0131lmas\u0131 t\u0259kc\u0259 iqtisadiyyat\u0131m\u0131z\u0131n inki\u015faf\u0131na z\u0259min yaratmay\u0131b, h\u0259m d\u0259 y&uuml;zl\u0259rl\u0259 v\u0259t\u0259nda\u015f i\u015f yeri il\u0259 t\u0259min olunub ki, bu da d\u0259vl\u0259timizin v\u0259t\u0259nda\u015flar\u0131n sosial rifah hal\u0131n\u0131n yax\u015f\u0131la\u015fd\u0131r\u0131lmas\u0131na olan diqq\u0259tin bariz n&uuml;mun\u0259sidir. Sumqay\u0131t Kimya S\u0259naye Park\u0131nda m\u0259hsul istehsal\u0131 v\u0259 ixrac istiqam\u0259tind\u0259 m&uuml;sb\u0259t dinamika m&ouml;vcuddur. &Uuml;mumilikd\u0259 2019-cu ild\u0259 Sumqay\u0131t Kimya S\u0259naye Park\u0131nda 823 milyon manatl\u0131q m\u0259hsul istehsal edilib ki, bunun da 276 milyon manat\u0131 &#8211; t\u0259qrib\u0259n 33 faizi ixrac olunub. 2020-ci ilin ilk 6 ay\u0131 \u0259rzind\u0259 534 milyon manatl\u0131q m\u0259hsul istehsal\u0131 il\u0259 Sumqay\u0131t Kimya S\u0259naye Park\u0131n\u0131n &ouml;lk\u0259 s\u0259nayesinin qeyri-neft sektorunda (5,7 milyard manat) x&uuml;susi &ccedil;\u0259kisi 9,3 faiz, 182 milyon manatl\u0131q ixracla &ouml;lk\u0259 &uuml;zr\u0259 qeyri-neft s\u0259naye m\u0259hsullar\u0131n\u0131n ixrac\u0131nda (910 milyon manat) x&uuml;susi &ccedil;\u0259kisi 20 faiz t\u0259\u015fkil edib. Haz\u0131rda Parkda f\u0259aliyy\u0259t g&ouml;st\u0259r\u0259n m&uuml;\u0259ssis\u0259l\u0259rd\u0259 5500-d\u0259n &ccedil;ox insan daimi i\u015fl\u0259 t\u0259min olunub.<\/span><\/p>\n<p style=\"text-align: justify; text-indent: 35.3pt;\"><span style=\"color: #000000;\">Sumqay\u0131t Az\u0259rbaycan\u0131n, C\u0259nubi Qafqaz\u0131n ikinci b&ouml;y&uuml;k s\u0259naye m\u0259rk\u0259zidir v\u0259 potensial\u0131 ilb\u0259il g&uuml;cl\u0259nir. Bu g&uuml;nl\u0259rd\u0259 Prezidentimiz \u0130lham \u018fliyev Sumqay\u0131t Kimya S\u0259naye Park\u0131n\u0131n n\u0259zdind\u0259 Pe\u015f\u0259 T\u0259hsili M\u0259rk\u0259zinin a&ccedil;\u0131l\u0131\u015f\u0131nda &ccedil;\u0131x\u0131\u015f\u0131nda bildirib ki, bu il burada \u015f&uuml;\u015f\u0259 istehsal\u0131 zavodu da f\u0259aliyy\u0259t\u0259 ba\u015flayacaq. Oraya da b&ouml;y&uuml;k investisiyalar qoyulub v\u0259 daxili t\u0259l\u0259bat\u0131m\u0131z\u0131 t\u0259min ed\u0259c\u0259kdir. Baxmayaraq ki, indi tikinti sektoru pandemiyaya g&ouml;r\u0259 bir q\u0259d\u0259r t\u0259n\u0259zz&uuml;l\u0259 u\u011fray\u0131b, amma o, b\u0259rpa edilir v\u0259 edil\u0259c\u0259k. Biz &ouml;z&uuml;m&uuml;z&uuml; yerli \u015f&uuml;\u015f\u0259l\u0259rl\u0259 t\u0259min ed\u0259c\u0259yik. Bu da b&ouml;y&uuml;k nailiyy\u0259tdir.<\/span><\/p>\n<p style=\"text-align: justify; text-indent: 35.3pt;\"><span style=\"color: #000000;\">Qeyd olunub ki, &ldquo;daxili t\u0259l\u0259bat\u0131 n\u0259 q\u0259d\u0259r m&uuml;mk&uuml;ns\u0259, yerli m\u0259hsullar hesab\u0131na t\u0259min edilm\u0259lidir. Burada Sumqay\u0131t \u015f\u0259h\u0259rinin v\u0259 x&uuml;susil\u0259 Kimya S\u0259naye Park\u0131n\u0131n m&uuml;h&uuml;m rolu var. &Ccedil;&uuml;nki son ill\u0259rd\u0259 bu i\u015fl\u0259ri g&ouml;rm\u0259kl\u0259 buna b&ouml;y&uuml;k d\u0259r\u0259c\u0259d\u0259 m&uuml;v\u0259ff\u0259q olmu\u015fuq. \u0130ndi \u0259sas i\u015fimiz ondan ibar\u0259tdir ki, baxmal\u0131y\u0131q, harada bizd\u0259 idxaldan as\u0131l\u0131l\u0131q daha b&ouml;y&uuml;kd&uuml;r v\u0259 bunu \u0259v\u0259zl\u0259m\u0259k m&uuml;mk&uuml;nd&uuml;rs\u0259, bunun &uuml;&ccedil;&uuml;n xammal varsa, yaxud da texniki-iqtisadi \u0259sasland\u0131rma buna imkan verirs\u0259, m&uuml;tl\u0259q h\u0259min sah\u0259l\u0259r\u0259 b&ouml;y&uuml;k diqq\u0259t g&ouml;st\u0259rilm\u0259lidir. Bel\u0259 t\u0259\u015f\u0259bb&uuml;s g&ouml;st\u0259r\u0259n \u015firk\u0259tl\u0259r\u0259 h\u0259m rezident statusu verilm\u0259lidir, eyni zamanda, d&ouml;vl\u0259t t\u0259r\u0259find\u0259n onlara k&ouml;m\u0259k g&ouml;st\u0259rilm\u0259lidir, g&uuml;z\u0259\u015ftli kreditl\u0259r ayr\u0131lmal\u0131d\u0131r ki, idxaldan as\u0131l\u0131l\u0131\u011f\u0131 maksimum d\u0259r\u0259c\u0259d\u0259 azals\u0131n. &Ccedil;&uuml;nki h\u0259r bir &ouml;lk\u0259 buna &ccedil;al\u0131\u015f\u0131r v\u0259 x&uuml;susil\u0259 \u0259halisi artan &ouml;lk\u0259 &#8211; Az\u0259rbaycan buna m&uuml;tl\u0259q &ccedil;al\u0131\u015fmal\u0131d\u0131r.&rdquo; D&ouml;vl\u0259timizin ba\u015f&ccedil;\u0131s\u0131n\u0131n iqtisadiyyat\u0131m\u0131z\u0131n inki\u015faf\u0131 m\u0259qs\u0259di il\u0259 \u0259m\u0259li add\u0131mlar atmas\u0131 t\u0259qdir\u0259layiqdir. Nec\u0259 ki, yurdumuzun h\u0259r yerind\u0259 h\u0259yat g&uuml;l&uuml;stana &ccedil;evrilib, yeni m&uuml;\u0259ssis\u0259l\u0259r yarad\u0131l\u0131b. Yeri g\u0259lmi\u015fk\u0259n, f\u0259r\u0259hl\u0259 bildirm\u0259k olar ki, Ming\u0259&ccedil;evird\u0259 bir ne&ccedil;\u0259 il bundan \u0259vv\u0259l S\u0259naye Park\u0131 yarad\u0131l\u0131b v\u0259 burda y&uuml;zl\u0259rl\u0259 adam i\u015fl\u0259yir. \u0259n b&ouml;y&uuml;k s\u0259naye m&uuml;\u0259ssis\u0259l\u0259rind\u0259n birinin m\u0259hz Ming\u0259&ccedil;evird\u0259 istifad\u0259y\u0259 verilm\u0259sini prezidentimizin t&ouml;hf\u0259si hesab etm\u0259k olar.<\/span><\/p>\n<p style=\"text-align: justify; text-indent: 35.3pt;\"><span style=\"color: #000000;\">\u018flb\u0259tt\u0259, Prezidentimizin &ccedil;\u0131x\u0131\u015flar\u0131 xalq\u0131m\u0131z &uuml;&ccedil;&uuml;n tezisdir v\u0259 f\u0259aliyy\u0259timizin proqram\u0131n\u0131 t\u0259\u015fkil edir. O qeyd edib ki, &ldquo;T\u0259diyy\u0259 balans\u0131n\u0131 m&uuml;sb\u0259t s\u0259viyy\u0259d\u0259 saxlamaq &uuml;&ccedil;&uuml;n \u0259lb\u0259tt\u0259 ki, biz\u0259 &ccedil;ox keyfiyy\u0259tli ixracy&ouml;n&uuml;ml&uuml; m\u0259hsul istehsal ed\u0259n, valyuta g\u0259tir\u0259n m&uuml;\u0259ssis\u0259l\u0259r laz\u0131md\u0131r. &Ccedil;&uuml;nki bu g&uuml;n t\u0259diyy\u0259 balans\u0131n\u0131n m&uuml;sb\u0259t s\u0259viyy\u0259d\u0259 saxlanmas\u0131n\u0131n \u0259sas s\u0259b\u0259bi neft-qaz amilidir. Amma &ccedil;al\u0131\u015fmal\u0131y\u0131q ki, bu amili k\u0259nara qoymaqla ixrac-idxal \u0259m\u0259liyyatlar\u0131nda h\u0259mi\u015f\u0259 m&uuml;sb\u0259t saldoya malik olaq. Ona g&ouml;r\u0259 ixracy&ouml;n&uuml;ml&uuml; v\u0259 idxal\u0131 \u0259v\u0259zl\u0259y\u0259 bil\u0259c\u0259k istehsalat sah\u0259l\u0259ri m&uuml;tl\u0259q yarad\u0131lmal\u0131d\u0131r. Burada siqaret fabriki f\u0259aliyy\u0259t\u0259 ba\u015flay\u0131b v\u0259 art\u0131q statistikada g&ouml;r&uuml;r&uuml;k ki, idxaldan as\u0131l\u0131l\u0131q n\u0259 q\u0259d\u0259r azal\u0131bd\u0131r. Bu fabrik i\u015f\u0259 d&uuml;\u015f\u0259n\u0259 q\u0259d\u0259r daha &ccedil;ox idxaldan as\u0131l\u0131 idik. \u0130ndi 300 milyon manata q\u0259na\u0259t edilib. Eyni zamanda, bu fabrikin inki\u015faf potensial\u0131 da var. &Ccedil;al\u0131\u015fmaq laz\u0131md\u0131r ki, istehsalat arts\u0131n v\u0259 bu m\u0259hsulu ixrac edilsin&rdquo;.<\/span><\/p>\n<p style=\"text-align: justify; text-indent: 35.3pt;\"><span style=\"color: #000000;\">&ldquo;O c&uuml;ml\u0259d\u0259n t\u0259bli\u011fat i\u015fl\u0259rimizi d&uuml;zg&uuml;n qurmal\u0131y\u0131q, bundan ba\u015fqa, t\u0259bii ki, qada\u011falar q&uuml;vv\u0259y\u0259 minibdir. Ona g&ouml;r\u0259 m\u0259n bu fabriki g\u0259l\u0259c\u0259kd\u0259 s\u0131rf ixracy&ouml;n&uuml;ml&uuml; m&uuml;\u0259ssis\u0259 kimi g&ouml;r&uuml;r\u0259m v\u0259 bel\u0259 misallar &ccedil;ox g\u0259tirm\u0259k olar. \u0130ndi bizim t&uuml;t&uuml;n istehsal\u0131m\u0131z, keyfiyy\u0259tli avadanl\u0131\u011f\u0131m\u0131z var. T&uuml;t&uuml;n istehsal\u0131 olmayan b\u0259zi &ouml;lk\u0259l\u0259r n\u0259 &uuml;&ccedil;&uuml;n biz\u0259 m\u0259hsul ixrac edir. Onlar t&uuml;t&uuml;n&uuml; xaricd\u0259n al\u0131rlar v\u0259 sonra onu emal edib sat\u0131rlar. Siqaret istehsal\u0131nda biz xarici t&uuml;t&uuml;nd\u0259n d\u0259 as\u0131l\u0131y\u0131q. Ancaq qar\u015f\u0131ya v\u0259zif\u0259 qoyulub ki, yerli t&uuml;t&uuml;n&ccedil;&uuml;l\u0259rd\u0259n d\u0259 m\u0259hsul al\u0131ns\u0131n v\u0259 bel\u0259likl\u0259, k\u0259nd t\u0259s\u0259rr&uuml;fat\u0131n\u0131n inki\u015faf\u0131na da t\u0259kan verilsin.&rdquo;<\/span><\/p>\n<p style=\"text-align: justify; text-indent: 35.3pt;\"><span style=\"color: #000000;\">Prezidentimizin bu fikirl\u0259ri bizl\u0259r\u0259 g&uuml;c verir, sabaha olan inam\u0131 art\u0131r\u0131r: &ldquo;Bu g&uuml;n biz Sumqay\u0131t Kimya S\u0259naye Park\u0131n\u0131n timsal\u0131nda yenil\u0259\u015f\u0259n, g&uuml;cl\u0259n\u0259n Az\u0259rbaycan\u0131 g&ouml;r&uuml;r&uuml;k. X&uuml;susil\u0259 yada salmal\u0131y\u0131q ki, bu \u0259razid\u0259 n\u0259l\u0259r olub, biz bu q\u0259rar\u0131 ver\u0259nd\u0259 bu \u0259razi hans\u0131 v\u0259ziyy\u0259td\u0259 idi. &Ccedil;&uuml;r&uuml;m&uuml;\u015f, da\u011f\u0131lm\u0131\u015f, f\u0259aliyy\u0259tini ba\u015fa vuran m&uuml;\u0259ssis\u0259l\u0259r, h\u0259m ekoloji f\u0259lak\u0259t zonas\u0131, h\u0259m d\u0259 ki, istifad\u0259siz qalan torpaqlar idi. \u0130ndi is\u0259 burada y&uuml;zl\u0259rl\u0259 hektar sah\u0259d\u0259 s\u0259naye park\u0131 qurulubdur&rdquo;. &Ccedil;ox diqq\u0259tli v\u0259 q\u0259tiyy\u0259tli \u0259m\u0259li i\u015fl\u0259ri il\u0259 xalq sevgisi qazanan prezidentimizin tap\u015f\u0131r\u0131q v\u0259 t&ouml;vsiyy\u0259l\u0259ri proqram xarakteri da\u015f\u0131y\u0131r. Y\u0259ni h\u0259r k\u0259s &ccedil;al\u0131\u015fd\u0131\u011f\u0131 sah\u0259d\u0259 d&uuml;zg&uuml;n v\u0259 s\u0259m\u0259r\u0259li f\u0259aliyy\u0259ti il\u0259 g&ouml;st\u0259ril\u0259n etimad\u0131 do\u011frultmal\u0131d\u0131r.<\/span><\/p>\n<p style=\"text-align: justify; text-indent: 35.3pt;\"><span style=\"color: #000000;\">Bu &ccedil;a\u011f\u0131r\u0131\u015f is\u0259 yurdunu sev\u0259n, V\u0259t\u0259ninin inki\u015faf\u0131na d\u0259st\u0259k olmaq ist\u0259y\u0259n, q\u0259lbi Az\u0259rbaycan il\u0259 d&ouml;y&uuml;n\u0259n, az\u0259rbaycan&ccedil;\u0131l\u0131q ideyalar\u0131na sadiq olan insanlara &uuml;nvanlan\u0131b v\u0259 m\u0259n d&uuml;\u015f&uuml;n&uuml;r\u0259m ki, prezidentimiz m&uuml;raci\u0259t etdiyi insanlara b&ouml;y&uuml;k s\u0259mimiyy\u0259t g&ouml;st\u0259rib: &ldquo; Xaricd\u0259 ya\u015fayan az\u0259rbaycanl\u0131 i\u015f adamlar\u0131 da g\u0259lib Az\u0259rbaycana v\u0259sait qoysunlar. Az\u0259rbaycan onlar\u0131n v\u0259t\u0259nidir v\u0259 onlar h\u0259r zaman Az\u0259rbaycan\u0131n d\u0259st\u0259yini g&ouml;r&uuml;rl\u0259r, g&uuml;cl&uuml; Az\u0259rbaycan onlar\u0131n da g&uuml;c&uuml;n&uuml; art\u0131r\u0131r. Ona g&ouml;r\u0259 az\u0259rbaycanl\u0131lar m&uuml;xt\u0259lif &ouml;lk\u0259l\u0259rd\u0259 iqtisadiyyat, kommersiya, biznes sah\u0259l\u0259rind\u0259 b&ouml;y&uuml;k u\u011furlar \u0259ld\u0259 edibl\u0259r. Onlar da &ouml;z v\u0259t\u0259nin\u0259 v\u0259sait qoymal\u0131d\u0131rlar, &ouml;z v\u0259t\u0259ni il\u0259 daim \u0259laq\u0259 saxlamal\u0131d\u0131rlar&rdquo;. &ldquo;B&uuml;t&uuml;n bu amill\u0259r d&uuml;zg&uuml;n istiqam\u0259t\u0259 s\u0259f\u0259rb\u0259r edils\u0259, onda Az\u0259rbaycana investisiya ax\u0131n\u0131 dayanmayacaq. \u018fsas m\u0259qs\u0259dimiz budur. X&uuml;susil\u0259 d&uuml;nyada ya\u015fanan, pandemiya n\u0259tic\u0259sind\u0259 d\u0259rinl\u0259\u015f\u0259n b&ouml;hran, \u0259lb\u0259tt\u0259 ki, bir &ccedil;ox \u015firk\u0259tl\u0259r\u0259 m\u0259nfi t\u0259sir g&ouml;st\u0259rib. Ancaq m\u0259hz bu \u015f\u0259raitd\u0259 biz el\u0259 add\u0131mlar atmal\u0131y\u0131q ki, postpandemiya d&ouml;vr&uuml;n\u0259 \u0259n haz\u0131rl\u0131ql\u0131 &ouml;lk\u0259l\u0259r s\u0131ras\u0131nda olaq v\u0259 d\u0259rhal, vaxt itirm\u0259d\u0259n yeni inki\u015faf dinamikas\u0131na sahib olaq&rdquo;.<\/span><\/p>\n<p style=\"text-align: justify; text-indent: 35.3pt;\"><span style=\"color: #000000;\">\u018flb\u0259tt\u0259, Sumqay\u0131t Kimya S\u0259naye Park\u0131n\u0131n &uuml;mumi inki\u015faf tendensiyas\u0131 yenilikl\u0259r\u0259 m&uuml;nasib\u0259til\u0259 f\u0259rql\u0259nir. El\u0259 n\u0259zdind\u0259 a&ccedil;\u0131l\u0131\u015f\u0131 olan Pe\u015f\u0259 T\u0259hsil M\u0259rk\u0259zini d\u0259 bu x&uuml;susda f\u0259rql\u0259ndirm\u0259k olar. &Ccedil;&uuml;nki ilk d\u0259f\u0259dir ki, &ouml;lk\u0259d\u0259ki s\u0259naye park\u0131 \u0259razisind\u0259 pe\u015f\u0259 t\u0259hsili m&uuml;\u0259ssis\u0259si yarad\u0131l\u0131r, bununla da bir ne&ccedil;\u0259 strateji h\u0259d\u0259f\u0259 nail olunur: t\u0259l\u0259b\u0259l\u0259r\u0259 m&uuml;asir infrastruktura malik m\u0259rk\u0259zd\u0259 d&ouml;vr&uuml;n t\u0259l\u0259bin\u0259 uy\u011fun bacar\u0131qlar v\u0259 pe\u015f\u0259 v\u0259rdi\u015fl\u0259ri a\u015f\u0131lanacaq. T\u0259lim-t\u0259dris prosesind\u0259 i\u015ftirak ed\u0259c\u0259k m&uuml;t\u0259x\u0259ssisl\u0259r el\u0259 park\u0131n rezidentl\u0259rinin y&uuml;ks\u0259kixtisasl\u0131 i\u015f&ccedil;il\u0259rind\u0259n olacaq. &Ouml;z n&ouml;vb\u0259sind\u0259 t\u0259l\u0259b\u0259l\u0259r d\u0259 Sumqay\u0131t Kimya S\u0259naye Park\u0131n\u0131n m&uuml;\u0259ssis\u0259l\u0259rind\u0259 t\u0259cr&uuml;b\u0259 ke&ccedil;m\u0259kl\u0259, i\u015f yeri \u0259ld\u0259 etm\u0259k imkan\u0131 qazanacaqlar. Az\u0259rbaycan\u0131n g\u0259l\u0259c\u0259yi g\u0259ncl\u0259rin f\u0259all\u0131\u011f\u0131, v\u0259t\u0259np\u0259rv\u0259rliyi il\u0259 &ccedil;ox ba\u011fl\u0131d\u0131r. G\u0259ncl\u0259riniz t\u0259hsill\u0259rin\u0259 x&uuml;susi diqq\u0259t g&ouml;st\u0259rm\u0259li, bilikl\u0259rini g&uuml;cl\u0259ndirm\u0259kl\u0259 yana\u015f\u0131 i\u015fl\u0259m\u0259k &uuml;&ccedil;&uuml;n d\u0259, yeni h\u0259yat &uuml;&ccedil;&uuml;n d\u0259 haz\u0131rl\u0131ql\u0131 olmal\u0131d\u0131rlar.<\/span><\/p>\n<p style=\"text-indent: 35.3pt;\"><span style=\"color: #000000;\"><b>&nbsp;<\/b><\/span><\/p>\n<p style=\"text-indent: 35.3pt;\"><span style=\"color: #000000;\"><b>Sahib M\u0259mm\u0259dov,<\/b><\/span><\/p>\n<p style=\"text-indent: 35.3pt;\"><span style=\"color: #000000;\"><b>\u018fm\u0259kdar m&uuml;\u0259llim <\/b><\/span><\/p>\n<p style=\"text-align: justify; text-indent: 35.3pt;\"><span style=\"color: #000000;\"><b>&nbsp;<\/b><\/span><\/p>","protected":false},"excerpt":{"rendered":"<p>\u0130qtisadiyyat\u0131m\u0131z\u0131n inki\u015faf\u0131 Az\u0259rbaycan\u0131 d&uuml;nyada tan\u0131d\u0131r Az\u0259rbaycan m&uuml;st\u0259qillik \u0259ld\u0259 etdikd\u0259n sonra iqtisadiyyat\u0131m\u0131z b&ouml;hran v\u0259ziyy\u0259tin\u0259 d&uuml;\u015fm&uuml;\u015f, s\u0259naye m&uuml;\u0259ssis\u0259l\u0259rinin f\u0259aliyy\u0259tind\u0259 dur\u011funluq \u0259m\u0259l\u0259 g\u0259lmi\u015fdi. H\u0259yat\u0131n h\u0259r sah\u0259sind\u0259 m&ouml;vcud olan g\u0259rginlik, h\u0259yat t\u0259rzinin a\u015fa\u011f\u0131 h\u0259dd\u0259 d&uuml;\u015fm\u0259si, i\u015fsizlik v\u0259 bu kimi dig\u0259r probleml\u0259r sabaha olan inam\u0131 da azaltm\u0131\u015fd\u0131. D&ouml;vl\u0259ti g&uuml;cl\u0259ndirm\u0259k, d&uuml;nya d&ouml;vl\u0259tl\u0259ri il\u0259 iqtisadi-siyasi-m\u0259d\u0259ni \u0259laq\u0259l\u0259r yaratmaq &uuml;&ccedil;&uuml;n uzun zaman laz\u0131m idi. [&hellip;]<\/p>\n","protected":false},"author":1,"featured_media":0,"comment_status":"open","ping_status":"open","sticky":false,"template":"","format":"standard","meta":{"_eb_attr":"","ocean_post_layout":"","ocean_both_sidebars_style":"","ocean_both_sidebars_content_width":0,"ocean_both_sidebars_sidebars_width":0,"ocean_sidebar":"","ocean_second_sidebar":"","ocean_disable_margins":"enable","ocean_add_body_class":"","ocean_shortcode_before_top_bar":"","ocean_shortcode_after_top_bar":"","ocean_shortcode_before_header":"","ocean_shortcode_after_header":"","ocean_has_shortcode":"","ocean_shortcode_after_title":"","ocean_shortcode_before_footer_widgets":"","ocean_shortcode_after_footer_widgets":"","ocean_shortcode_before_footer_bottom":"","ocean_shortcode_after_footer_bottom":"","ocean_display_top_bar":"default","ocean_display_header":"default","ocean_header_style":"","ocean_center_header_left_menu":"","ocean_custom_header_template":"","ocean_custom_logo":0,"ocean_custom_retina_logo":0,"ocean_custom_logo_max_width":0,"ocean_custom_logo_tablet_max_width":0,"ocean_custom_logo_mobile_max_width":0,"ocean_custom_logo_max_height":0,"ocean_custom_logo_tablet_max_height":0,"ocean_custom_logo_mobile_max_height":0,"ocean_header_custom_menu":"","ocean_menu_typo_font_family":"","ocean_menu_typo_font_subset":"","ocean_menu_typo_font_size":0,"ocean_menu_typo_font_size_tablet":0,"ocean_menu_typo_font_size_mobile":0,"ocean_menu_typo_font_size_unit":"px","ocean_menu_typo_font_weight":"","ocean_menu_typo_font_weight_tablet":"","ocean_menu_typo_font_weight_mobile":"","ocean_menu_typo_transform":"","ocean_menu_typo_transform_tablet":"","ocean_menu_typo_transform_mobile":"","ocean_menu_typo_line_height":0,"ocean_menu_typo_line_height_tablet":0,"ocean_menu_typo_line_height_mobile":0,"ocean_menu_typo_line_height_unit":"","ocean_menu_typo_spacing":0,"ocean_menu_typo_spacing_tablet":0,"ocean_menu_typo_spacing_mobile":0,"ocean_menu_typo_spacing_unit":"","ocean_menu_link_color":"","ocean_menu_link_color_hover":"","ocean_menu_link_color_active":"","ocean_menu_link_background":"","ocean_menu_link_hover_background":"","ocean_menu_link_active_background":"","ocean_menu_social_links_bg":"","ocean_menu_social_hover_links_bg":"","ocean_menu_social_links_color":"","ocean_menu_social_hover_links_color":"","ocean_disable_title":"default","ocean_disable_heading":"default","ocean_post_title":"","ocean_post_subheading":"","ocean_post_title_style":"","ocean_post_title_background_color":"","ocean_post_title_background":0,"ocean_post_title_bg_image_position":"","ocean_post_title_bg_image_attachment":"","ocean_post_title_bg_image_repeat":"","ocean_post_title_bg_image_size":"","ocean_post_title_height":0,"ocean_post_title_bg_overlay":0.5,"ocean_post_title_bg_overlay_color":"","ocean_disable_breadcrumbs":"default","ocean_breadcrumbs_color":"","ocean_breadcrumbs_separator_color":"","ocean_breadcrumbs_links_color":"","ocean_breadcrumbs_links_hover_color":"","ocean_display_footer_widgets":"default","ocean_display_footer_bottom":"default","ocean_custom_footer_template":"","ocean_post_oembed":"","ocean_post_self_hosted_media":"","ocean_post_video_embed":"","ocean_link_format":"","ocean_link_format_target":"self","ocean_quote_format":"","ocean_quote_format_link":"post","ocean_gallery_link_images":"on","ocean_gallery_id":[],"footnotes":""},"categories":[63],"tags":[],"class_list":["post-15451","post","type-post","status-publish","format-standard","hentry","category-khaebaerlaer-az","entry"],"_links":{"self":[{"href":"https:\/\/mdu.edu.az\/ru\/wp-json\/wp\/v2\/posts\/15451","targetHints":{"allow":["GET"]}}],"collection":[{"href":"https:\/\/mdu.edu.az\/ru\/wp-json\/wp\/v2\/posts"}],"about":[{"href":"https:\/\/mdu.edu.az\/ru\/wp-json\/wp\/v2\/types\/post"}],"author":[{"embeddable":true,"href":"https:\/\/mdu.edu.az\/ru\/wp-json\/wp\/v2\/users\/1"}],"replies":[{"embeddable":true,"href":"https:\/\/mdu.edu.az\/ru\/wp-json\/wp\/v2\/comments?post=15451"}],"version-history":[{"count":0,"href":"https:\/\/mdu.edu.az\/ru\/wp-json\/wp\/v2\/posts\/15451\/revisions"}],"wp:attachment":[{"href":"https:\/\/mdu.edu.az\/ru\/wp-json\/wp\/v2\/media?parent=15451"}],"wp:term":[{"taxonomy":"category","embeddable":true,"href":"https:\/\/mdu.edu.az\/ru\/wp-json\/wp\/v2\/categories?post=15451"},{"taxonomy":"post_tag","embeddable":true,"href":"https:\/\/mdu.edu.az\/ru\/wp-json\/wp\/v2\/tags?post=15451"}],"curies":[{"name":"wp","href":"https:\/\/api.w.org\/{rel}","templated":true}]}}