{"id":15513,"date":"2020-10-29T21:00:09","date_gmt":"2020-10-29T18:00:09","guid":{"rendered":"https:\/\/mdu.edu.az\/az-rbaydzan-v-amerika-birl-mi-tatlar-n-n-okh-zh-dzl-t-r-fda-l-g-m-nasib-tl-ri-var\/"},"modified":"2020-10-29T21:00:09","modified_gmt":"2020-10-29T18:00:09","slug":"az-rbaydzan-v-amerika-birl-mi-tatlar-n-n-okh-zh-dzl-t-r-fda-l-g-m-nasib-tl-ri-var","status":"publish","type":"post","link":"https:\/\/mdu.edu.az\/ru\/az-rbaydzan-v-amerika-birl-mi-tatlar-n-n-okh-zh-dzl-t-r-fda-l-g-m-nasib-tl-ri-var\/","title":{"rendered":"Az\u0259rbaycan v\u0259 Amerika Birl\u0259\u015fmi\u015f \u015etatlar\u0131n\u0131n \u00e7ox g\u00fccl\u00fc t\u0259r\u0259fda\u015fl\u0131q m\u00fcnasib\u0259tl\u0259ri var"},"content":{"rendered":"<p style=\"text-align: center; text-indent: 0cm;\"><b><span style=\"font-size: 14pt; font-family: 'Arial', sans-serif; color: #002060;\">Az\u0259rbaycan v\u0259 Amerika Birl\u0259\u015fmi\u015f \u015etatlar\u0131n\u0131n<\/span><\/b><\/p>\n<p style=\"text-align: center; text-indent: 0cm;\"><b><span style=\"font-size: 14pt; font-family: 'Arial', sans-serif; color: #002060;\">&ccedil;ox g&uuml;cl&uuml; t\u0259r\u0259fda\u015fl\u0131q m&uuml;nasib\u0259tl\u0259ri var<\/span><\/b><\/p>\n<p style=\"text-align: center; text-indent: 35.3pt;\"><b><span style=\"font-family: 'Arial', sans-serif;\"><\/span><\/b><\/p>\n<p style=\"text-align: justify; text-indent: 35.3pt;\"><span style=\"font-family: 'Arial', sans-serif;\">&nbsp;<span style=\"color: #000000;\">30 il\u0259 yax\u0131n idi ki, Erm\u0259nistan Az\u0259rbaycan torpaqlar\u0131n\u0131 i\u015f\u011fal alt\u0131nda saxlay\u0131rd\u0131. Bu azm\u0131\u015f kimi el\u0259 h\u0259min vaxtdan erm\u0259nil\u0259r yurdumuzun s\u0259rh\u0259d b&ouml;lg\u0259l\u0259rini dayanmadan at\u0259\u015f\u0259 tutmaqla dinc \u0259halinin rahatl\u0131\u011f\u0131n\u0131 pozur, da\u011f\u0131nt\u0131lar yarad\u0131r, v\u0259t\u0259nda\u015flar\u0131 q\u0259tl\u0259 yetirirdil\u0259r. Bununla ba\u011fl\u0131 d&uuml;nya d&ouml;vl\u0259tl\u0259rin\u0259 d\u0259f\u0259l\u0259rl\u0259 b\u0259yanatlar verilib, Minsk qrupunun h\u0259ms\u0259dr d&ouml;vl\u0259tl\u0259ri il\u0259 dan\u0131\u015f\u0131qlar zaman\u0131 m\u0259\u0259l\u0259 qald\u0131r\u0131l\u0131b. Lakin onlar dayanm\u0131r, i\u015f\u011fal&ccedil;\u0131l\u0131q \u0259m\u0259ll\u0259rini geni\u015fl\u0259ndirm\u0259k ist\u0259yirdil\u0259r.&nbsp;&nbsp; Sentyabr\u0131n 27-d\u0259 onlar\u0131n n&ouml;vb\u0259ti silahl\u0131 h&uuml;cumlar\u0131na Az\u0259rbaycan Ordusu adekvat cavab verm\u0259kl\u0259 d&uuml;\u015fm\u0259ni geril\u0259m\u0259y\u0259 m\u0259cbur etdi. Y\u0259ni d&ouml;y&uuml;\u015fl\u0259r\u0259 ba\u015flayan Az\u0259rbaycan olmam\u0131\u015fd\u0131r. Bu vaxta kimi he&ccedil; bir &ouml;lk\u0259nin r\u0259smi n&uuml;may\u0259nd\u0259si bu m\u0259s\u0259l\u0259ni qald\u0131rmay\u0131b. At\u0259\u015fk\u0259si pozan Erm\u0259nistan olmu\u015fdur v\u0259 m\u0259qs\u0259d uzun ill\u0259r davam ed\u0259n v\u0259 faydas\u0131 olmayan dan\u0131\u015f\u0131qlar prosesin\u0259 z\u0259d\u0259 vurmaq idi.<\/span><\/span><\/p>\n<p style=\"text-align: justify; text-indent: 35.3pt;\"><span style=\"font-family: 'Arial', sans-serif; color: #000000;\">Bundan \u0259vv\u0259l Erm\u0259nistan avqust ay\u0131nda Az\u0259rbaycan\u0131n h\u0259rbi m&ouml;vqel\u0259rin\u0259 n&uuml;fuz etm\u0259k, m&uuml;lki \u015f\u0259xsl\u0259r\u0259 v\u0259 h\u0259rbi qulluq&ccedil;ulara h&uuml;cum etm\u0259k &uuml;&ccedil;&uuml;n diversiya qrupu g&ouml;nd\u0259rdi. Sentyabr\u0131n 27-d\u0259 onlar a\u011f\u0131r silahlardan artilleriya bombardman\u0131na ba\u015flad\u0131lar v\u0259 h&uuml;cumun ilk saatlar\u0131nda m&uuml;lki \u015f\u0259xsl\u0259r v\u0259 h\u0259rbi qulluq&ccedil;ular aras\u0131nda qurbanlar olmu\u015fdur. <\/span><\/p>\n<p style=\"text-align: justify; text-indent: 35.3pt;\"><span style=\"font-family: 'Arial', sans-serif; color: #000000;\">Az\u0259rbaycan Respublikas\u0131n\u0131n Prezidenti \u0130lham \u018fliyevin V\u0259t\u0259n m&uuml;harib\u0259si \u0259traf\u0131nda n&ouml;vb\u0259ti m&uuml;sahib\u0259si <b>AB\u015e-\u0131n &ldquo;FoxNews&rdquo; televiziya kanal\u0131na <\/b>olub. O bildirib ki, bu vaxta kimi m&uuml;lki \u015f\u0259xsl\u0259r aras\u0131nda 63 n\u0259f\u0259r &ouml;ld&uuml;r&uuml;lm&uuml;\u015f, 300 n\u0259f\u0259r m&uuml;lki \u015f\u0259xs yaralanm\u0131\u015fd\u0131r. H&uuml;cuma ba\u015flayan Erm\u0259nistan idi, Az\u0259rbaycan &ouml;z&uuml;n&uuml; m&uuml;dafi\u0259 etm\u0259li v\u0259 cavab verm\u0259li idi. Cavab &ccedil;ox adekvat olmu\u015fdur v\u0259 n\u0259tic\u0259d\u0259 i\u015f\u011fal olunmu\u015f \u0259razil\u0259rin m&uuml;h&uuml;m hiss\u0259sini azad edilib.<\/span><\/p>\n<p style=\"text-align: justify; text-indent: 35.3pt;\"><span style=\"font-family: 'Arial', sans-serif; color: #000000;\">Torpaqlar\u0131m\u0131z\u0131n azad edilm\u0259si il\u0259 ba\u011fl\u0131 BMT nin q\u0259tnam\u0259l\u0259rin\u0259 \u0259m\u0259l etm\u0259y\u0259n d&uuml;\u015fm\u0259\u0131n d&ouml;vl\u0259t m\u0259krli niyy\u0259tl\u0259ri il\u0259 z\u0259rb\u0259 vurmaqda davam etdiyi t\u0259qdird\u0259 Az\u0259rbaycan t\u0259r\u0259fi s&uuml;lh dan\u0131\u015f\u0131qlar\u0131n\u0131n m&uuml;sb\u0259t n\u0259tic\u0259 ver\u0259c\u0259yin\u0259 &uuml;mid ets\u0259 d\u0259 onlar m&ouml;vqel\u0259rini d\u0259yi\u015fm\u0259yib. Bu bar\u0259d\u0259 m&uuml;xbirin sual\u0131n\u0131 cavabland\u0131ran d&ouml;vl\u0259timizin ba\u015f&ccedil;\u0131s\u0131 vur\u011fulay\u0131b ki, &ldquo;Az\u0259rbaycan\u0131n verdiyi reaksiya BMT T\u0259hl&uuml;k\u0259sizlik \u015euras\u0131n\u0131n q\u0259tnam\u0259l\u0259rin\u0259 uy\u011fun idi. 1993-c&uuml; ild\u0259 Birl\u0259\u015fmi\u015f Mill\u0259tl\u0259r T\u0259\u015fkilat\u0131n\u0131n T\u0259hl&uuml;k\u0259sizlik \u015euras\u0131 t\u0259r\u0259find\u0259n q\u0259bul edilmi\u015f q\u0259tnam\u0259l\u0259rd\u0259 Erm\u0259nistandan a&ccedil;\u0131q \u015f\u0259kild\u0259 t\u0259l\u0259b olunurdu ki, qo\u015funlar\u0131n\u0131 Az\u0259rbaycan\u0131n i\u015f\u011fal olunmu\u015f \u0259razil\u0259rind\u0259n tam, qeyd-\u015f\u0259rtsiz v\u0259 d\u0259rhal &ccedil;\u0131xars\u0131n. Az\u0259rbaycan\u0131n verdiyi cavab Birl\u0259\u015fmi\u015f Mill\u0259tl\u0259r T\u0259\u015fkilat\u0131n\u0131n T\u0259hl&uuml;k\u0259sizlik \u015euras\u0131n\u0131n q\u0259tnam\u0259l\u0259rin\u0259 uy\u011fundur&rdquo;.<\/span><\/p>\n<p style=\"text-align: justify; text-indent: 35.3pt;\"><span style=\"font-family: 'Arial', sans-serif; color: #000000;\">&ldquo;Vasit\u0259&ccedil;il\u0259r t\u0259r\u0259find\u0259n &#8211; Amerika Birl\u0259\u015fmi\u015f \u015etatlar\u0131, Rusiya v\u0259 Fransadan Da\u011fl\u0131q Qaraba\u011fa m&uuml;st\u0259qillik verilm\u0259si il\u0259 ba\u011fl\u0131 he&ccedil; bir plan t\u0259qdim olunmay\u0131b. Bu q\u0259d\u0259r. S&uuml;lh plan\u0131nda t\u0259klif var idi, muxtariyy\u0259t \u0259sla yoxdur&rdquo;.<\/span><\/p>\n<p style=\"text-align: justify; text-indent: 35.3pt;\"><span style=\"font-family: 'Arial', sans-serif; color: #000000;\">&ldquo;S&uuml;lh plan\u0131nda t\u0259klif, b\u0259nd var ki, Da\u011fl\u0131q Qaraba\u011f\u0131n \u0259traf\u0131nda yerl\u0259\u015f\u0259n i\u015f\u011fal olunmu\u015f b&uuml;t&uuml;n \u0259razil\u0259rin, &#8211; bu o \u0259razil\u0259rdir ki, orada az\u0259rbaycanl\u0131lar ya\u015fam\u0131\u015fd\u0131r v\u0259 700 mind\u0259n &ccedil;ox az\u0259rbaycanl\u0131 bu \u0259razil\u0259rd\u0259n etnik t\u0259mizl\u0259m\u0259y\u0259 m\u0259ruz qalm\u0131\u015fd\u0131r, &#8211; Az\u0259rbaycana qaytar\u0131lmas\u0131 deyilir&rdquo;<\/span><\/p>\n<p style=\"text-align: justify; text-indent: 35.3pt;\"><span style=\"font-family: 'Arial', sans-serif; color: #000000;\">\u0130ll\u0259r uzunu erm\u0259nil\u0259rin torpaqlar\u0131m\u0131za h&uuml;cumlar\u0131na, t&ouml;r\u0259tdikl\u0259ri terrorlara. insanlar\u0131n q\u0259tl\u0259 yetirlim\u0259sin\u0259, \u0259sir g&ouml;t&uuml;r&uuml;lm\u0259sin\u0259 d&ouml;z\u0259 bilm\u0259y\u0259n az\u0259rbaycanl\u0131lar &ouml;z torpaqlar\u0131ndan m\u0259cburi k&ouml;&ccedil;k&uuml;n d&uuml;\u015fm&uuml;\u015fl\u0259r. &ldquo;B&uuml;t&uuml;n az\u0259rbaycanl\u0131lar Da\u011fl\u0131q Qaraba\u011fdan qovulmu\u015fdur, m&uuml;harib\u0259d\u0259n \u0259vv\u0259l orada 40 min az\u0259rbaycanl\u0131 var idi, Da\u011fl\u0131q Qaraba\u011f \u0259traf\u0131nda olan yeddi rayondan b&uuml;t&uuml;n az\u0259rbaycanl\u0131lar &#8211; 700 min n\u0259f\u0259r qovulmu\u015fdur&rdquo;.<\/span><\/p>\n<p style=\"text-align: justify; text-indent: 35.3pt;\"><span style=\"font-family: 'Arial', sans-serif; color: #000000;\">O ill\u0259rd\u0259 Az\u0259rbaycan yenic\u0259 m&uuml;st\u0259qillik \u0259ld\u0259 etmi\u015fdi. \u0130nsanlar\u0131n v\u0259t\u0259np\u0259rv\u0259rlik hissi &ccedil;ox y&uuml;ks\u0259k s\u0259viyy\u0259d\u0259 olsa da Ordumuz z\u0259if idi, silah-sursat yox idi. Bundan istifad\u0259 ed\u0259n erm\u0259nil\u0259r v\u0259 onlar\u0131n havadarlar\u0131, separat&ccedil;\u0131lar bizim soyda\u015flar\u0131m\u0131za qar\u015f\u0131 d\u0259h\u015f\u0259tli i\u015f\u011fal&ccedil;\u0131l\u0131q planlar\u0131 t&ouml;r\u0259tm\u0259kl\u0259 &ouml;z niyy\u0259tl\u0259rin\u0259 &ccedil;atd\u0131lar. Y\u0259ni, c\u0259nab \u0130lham \u018fliyevin dediyi kimi, &ldquo;Az\u0259rbaycan m&uuml;harib\u0259d\u0259 m\u0259\u011flub olmam\u0131\u015fd\u0131, d&ouml;y&uuml;\u015f&uuml; uduzmu\u015fdu. Bu da obyektiv s\u0259b\u0259bl\u0259r &uuml;z&uuml;nd\u0259n olmu\u015fdur. Az\u0259rbaycanda daxili qeyri-sabitlik var idi, Erm\u0259nistan da bundan sui-istifad\u0259 etdi&rdquo;.<\/span><\/p>\n<p style=\"text-align: justify; text-indent: 35.3pt;\"><span style=\"font-family: 'Arial', sans-serif; color: #000000;\">&ldquo;Erm\u0259nistana a&ccedil;\u0131q xarici d\u0259st\u0259k verilirdi. Az\u0259rbaycan m&uuml;harib\u0259y\u0259 ba\u015flamay\u0131b. Birl\u0259\u015fmi\u015f Mill\u0259tl\u0259r T\u0259\u015fkilat\u0131n\u0131n Nizamnam\u0259si h\u0259r bir &ouml;lk\u0259nin &ouml;z&uuml;n&uuml;m&uuml;dafi\u0259 h&uuml;ququnu t\u0259min edir. Az\u0259rbaycan\u0131n etdiyi odur ki, &ouml;z&uuml;n&uuml; m&uuml;dafi\u0259 edir v\u0259 beyn\u0259lxalq s\u0259viyy\u0259d\u0259 tan\u0131nan \u0259razil\u0259rini erm\u0259ni i\u015f\u011fal\u0131ndan azad edir. Bundan art\u0131q he&ccedil; bir \u015fey etmir. Da\u011fl\u0131q Qaraba\u011fda ya\u015fayan erm\u0259nil\u0259r v\u0259t\u0259nda\u015flar\u0131m\u0131zd\u0131r, onlar\u0131n qeydin\u0259 qalaca\u011f\u0131q. Onlar oraya qay\u0131dacaq az\u0259rbaycanl\u0131larla yana\u015f\u0131, l\u0259yaq\u0259t, s&uuml;lh i&ccedil;ind\u0259ya\u015fayacaqlar&rdquo;.<\/span><\/p>\n<p style=\"text-indent: 35.3pt;\"><span style=\"font-family: 'Arial', sans-serif; color: #000000;\">Az\u0259rbaycan at\u0259\u015fk\u0259s\u0259 haz\u0131r idi. Son bir ay \u0259rzind\u0259, v\u0259t\u0259n m&uuml;harib\u0259sina\u0259 Az\u0259rbaycan b&ouml;y&uuml;k ir\u0259\u0131lil\u0259yi\u015fl\u0259r\u0259 nail olub, torpaqlar\u0131m\u0131z\u0131n bir hiss\u0259si azad edilib. Q\u0259hr\u0259man Az\u0259rbaycan Ordusunun, d&ouml;y&uuml;\u015fl\u0259rd\u0259 i\u015ftirak ed\u0259n, k&ouml;n&uuml;ll&uuml; olaraq c\u0259bh\u0259y\u0259 ged\u0259n igid v\u0259t\u0259n &ouml;vladlar\u0131n\u0131n r\u0259\u015fad\u0259ti say\u0259sind\u0259 q\u0259l\u0259b\u0259l\u0259r \u0259ld\u0259 edilib. Buna r\u0259\u011fm\u0259n d&uuml;\u015fm\u0259n pis niyy\u0259tl\u0259\u0131rind\u0131n \u0259l &ccedil;\u0259kmir, dinc insanlar\u0131 h\u0259d\u0259f tutur. &ldquo;Oktyabr\u0131n 10-da Moskvada Xarici \u0130\u015fl\u0259r naziri, Erm\u0259nistan\u0131n Xarici \u0130\u015fl\u0259r naziri v\u0259 Rusiyan\u0131n Xarici \u0130\u015fl\u0259r naziri at\u0259\u015fk\u0259s bar\u0259d\u0259 birg\u0259 b\u0259yanat verdil\u0259r. Lakin n&ouml;vb\u0259ti g&uuml;n erm\u0259nil\u0259r Erm\u0259nistan \u0259razisind\u0259n Az\u0259rbaycan\u0131n ikinci \u0259n b&ouml;y&uuml;k \u015f\u0259h\u0259rin\u0259, toqqu\u015fmalar\u0131n ba\u015f verdiyi \u0259razid\u0259n &ccedil;ox uzaqda yerl\u0259\u015f\u0259n G\u0259nc\u0259y\u0259 ballistik raketl\u0259 h&uuml;cum etdi&rdquo; .<\/span><\/p>\n<p style=\"text-align: justify; text-indent: 35.3pt;\"><span style=\"font-family: 'Arial', sans-serif; color: #000000;\">&ldquo;Az\u0259rbaycan sad\u0259c\u0259 at\u0259\u015fk\u0259sin pozulmas\u0131na cavab verdi. &Ccedil;&uuml;nki at\u0259\u015fk\u0259s bar\u0259d\u0259 iki d\u0259f\u0259 raz\u0131la\u015fma \u0259ld\u0259 edilmi\u015fdi. Birinci d\u0259f\u0259 erm\u0259nil\u0259r gec\u0259 vaxt\u0131, gec\u0259 saat 1-d\u0259 yatan \u015f\u0259h\u0259r\u0259 ballistik raket atd\u0131lar. \u0130kinci d\u0259f\u0259 at\u0259\u015fk\u0259s yaln\u0131z iki d\u0259qiq\u0259 davam etdi v\u0259 Erm\u0259nistan onu pozdu. Az\u0259rbaycan\u0131n at\u0259\u015fk\u0259si pozmas\u0131 bar\u0259d\u0259 s&uuml;but yoxdur&rdquo;.<\/span><\/p>\n<p style=\"text-align: justify; text-indent: 35.3pt;\"><span style=\"font-family: 'Arial', sans-serif; color: #000000;\">Az\u0259rbaycan at\u0259\u015fk\u0259s\u0259 haz\u0131rd\u0131r, d&uuml;\u015fm\u0131\u0259n is\u0259 h&uuml;cumlar\u0131ndan qalm\u0131r, h\u0259r g&uuml;n yeni-yeni t\u0259xribatlar t&ouml;r\u0259dir. Bu &ouml;lk\u0259 prezidenti t\u0259r\u0259find\u0259n d\u0259f\u0259l\u0259rl\u0259 dil\u0259 g\u0259tirilib: &ldquo;Erm\u0259nistan, onun ba\u015f naziri dem\u0259lidir ki, onlar Amerika Birl\u0259\u015fmi\u015f \u015etatlar\u0131, Rusiya v\u0259 Fransa t\u0259r\u0259find\u0259n i\u015fl\u0259nib haz\u0131rlanm\u0131\u015f \u0259sas prinsipl\u0259r\u0259 sadiqdir. \u0130ki g&uuml;n bundan \u0259vv\u0259l Erm\u0259nistan\u0131n ba\u015f naziri dedi ki, Da\u011fl\u0131q Qaraba\u011f m&uuml;naqi\u015f\u0259sinin diplomatik h\u0259lli yoxdur&rdquo;.<\/span><\/p>\n<p style=\"text-align: justify; text-indent: 35.3pt;\"><span style=\"font-family: 'Arial', sans-serif; color: #000000;\">&ldquo;Az\u0259rbaycan at\u0259\u015fk\u0259s v\u0259 torpaqlar\u0131n\u0131n qaytar\u0131lmas\u0131n\u0131 ist\u0259yir. Erm\u0259nistan BMT T\u0259hl&uuml;k\u0259sizlik \u015euras\u0131n\u0131n q\u0259tnam\u0259l\u0259rin\u0259, AB\u015e, Fransa v\u0259 Rusiyan\u0131n t\u0259qdim etdiyi s&uuml;lh plan\u0131na uy\u011fun olaraq torpaqlar\u0131 bo\u015faldaca\u011f\u0131na dair &ouml;hd\u0259lik g&ouml;t&uuml;rm\u0259lidir. Lakin o, bunu demir&rdquo;. M\u0259hz buna g&ouml;r\u0259, d&uuml;\u015fm\u0259nin he&ccedil; bir halda geriy\u0259 &ccedil;\u0259kilm\u0259k niyy\u0259ti olmad\u0131\u011f\u0131 &uuml;&ccedil;&uuml;n, h\u0259m d\u0259 terrorlar\u0131ndan qalmad\u0131qlar\u0131 &uuml;&ccedil;&uuml;n Az\u0259rbaycan torpaqlar\u0131n\u0131 m&uuml;harib\u0259 yolu il\u0259\u0131 geri almaq yolunu tutdu v\u0259 b&ouml;y&uuml;k q\u0259l\u0259b\u0259l\u0259r \u0259ld\u0259 etm\u0259kd\u0259dir. <\/span><\/p>\n<p style=\"text-align: justify; text-indent: 35.3pt;\"><span style=\"font-family: 'Arial', sans-serif; color: #000000;\">Prezident \u0130lham \u018fliyev bildirib ki, &ldquo;Az\u0259rbaycan m&uuml;lki \u015f\u0259xsl\u0259r\u0259 v\u0259 dini m\u0259kanlara h&uuml;cum etmir. \u015eu\u015fada kils\u0259d\u0259 ba\u015f ver\u0259nl\u0259r ya s\u0259hv olub, &#8211; buna Az\u0259rbaycan r\u0259hb\u0259rliyi r\u0259smi m&uuml;nasib\u0259t bildirib, ya da Az\u0259rbaycan\u0131g&uuml;nahland\u0131rmaq &uuml;&ccedil;&uuml;n erm\u0259nil\u0259rin &ouml;zl\u0259ri t\u0259r\u0259find\u0259n t&ouml;r\u0259dilib&rdquo;<\/span><\/p>\n<p style=\"text-align: justify; text-indent: 35.3pt;\"><span style=\"font-family: 'Arial', sans-serif; color: #000000;\">&ldquo;Qondarma &ldquo;Da\u011fl\u0131q Qaraba\u011f Respublikas\u0131&rdquo;n\u0131n paytaxt\u0131 Xank\u0259ndid\u0259 h\u0259rbi h\u0259d\u0259fl\u0259r olub v\u0259 oraya h&uuml;cumlar yaln\u0131z oktyabr\u0131n 9-dan \u0259vv\u0259l olub. Ondan sonra Az\u0259rbaycan Da\u011fl\u0131q Qaraba\u011fda he&ccedil; bir m&uuml;lki \u015f\u0259xs\u0259 v\u0259 ya \u015f\u0259h\u0259r\u0259 h&uuml;cum etm\u0259yib. Lakin onlar h&uuml;cum edibl\u0259r&rdquo;. Daha bir sitat da d&uuml;\u015fm\u0259nin i&ccedil; &uuml;z&uuml;n&uuml; a&ccedil;\u0131r: &ldquo;Az\u0259rbaycan qondarma &ldquo;Da\u011fl\u0131q Qaraba\u011f Respublikas\u0131&rdquo;n\u0131n paytaxt\u0131 Xank\u0259ndid\u0259 h\u0259rbi infrastrukturu h\u0259d\u0259f\u0259 al\u0131rd\u0131, &ccedil;&uuml;nki h\u0259rbi bazalar, h\u0259rbi infrastruktur \u015f\u0259h\u0259rd\u0259 yerl\u0259\u015fir&rdquo;.<\/span><\/p>\n<p style=\"text-align: justify; text-indent: 35.3pt;\"><span style=\"font-family: 'Arial', sans-serif; color: #000000;\">&Ouml;t\u0259n ill\u0259r \u0259rzind\u0259 formala\u015fan v\u0259 g&uuml;cl\u0259n\u0259n Az\u0259rbaycan Ordusunun \u015f\u0259xsi hey\u0259ti b&ouml;y&uuml;k t\u0259cr&uuml;b\u0259l\u0259r ke&ccedil;ib, m&uuml;asir silahlar al\u0131n\u0131b. D&uuml;\u015fm\u0259nin etdikl\u0259rin\u0259 cavab olaraq Ordumuz &ouml;z g&uuml;c&uuml;n&uuml; g&ouml;st\u0259rm\u0259kd\u0259dir. &ldquo;Az\u0259rbaycan\u0131n dronlar\u0131 Erm\u0259nistan tanklar\u0131n\u0131 v\u0259 ba\u015fqa h\u0259rbi h\u0259d\u0259fl\u0259ri m\u0259hv edir. \u0130ndiy\u0259d\u0259k dronlar 230-dan &ccedil;ox tank\u0131 m\u0259hv edib. Az\u0259rbaycan onlar\u0131n 6 \u0259d\u0259d S-300 hava h&uuml;cumundan m&uuml;dafi\u0259 sistemini, y&uuml;zl\u0259rl\u0259 zirehli texnikas\u0131n\u0131 s\u0131radan &ccedil;\u0131xar\u0131b. Dronlardan m&uuml;lki \u015f\u0259xsl\u0259r\u0259 qar\u015f\u0131 istifad\u0259 edilmir. Bu, yanl\u0131\u015f m\u0259lumatd\u0131r&rdquo;.<\/span><\/p>\n<p style=\"text-align: justify; text-indent: 35.3pt;\"><span style=\"font-family: 'Arial', sans-serif; color: #000000;\">Az\u0259rbaycan t\u0259r\u0259fd\u0259 muzdlular\u0131n d&ouml;y&uuml;\u015fm\u0259su bar\u0259d\u0259 dezinformasiya yay\u0131l\u0131b. Lakin bu bel\u0259 deyil. Az\u0259rbaycan\u0131n v\u0259tr\u0259np\u0259rv\u0259r &ouml;vladlar\u0131 &ouml;zl\u0259ri d&uuml;\u015fm\u0259n\u0259 qar\u015f\u0131 d&ouml;y&uuml;\u015fl\u0259rd\u0259 i\u015ftirak edir. &ldquo;Bu, dezinformasiyad\u0131r. Rusiya v\u0259 Fransa, yeri g\u0259lmi\u015fk\u0259n, a&ccedil;\u0131q \u015f\u0259kild\u0259 buna m&uuml;nasib\u0259t bildir\u0259n yegan\u0259 &ouml;lk\u0259l\u0259r bel\u0259 m\u0259suliyy\u0259tsiz b\u0259yanatlar verdil\u0259r. S&uuml;butlar, d\u0259lill\u0259r t\u0259l\u0259b edildi v\u0259 h\u0259l\u0259 d\u0259 t\u0259l\u0259b edilir. M&uuml;harib\u0259 20 g&uuml;nd\u0259n &ccedil;oxdur ki, yenid\u0259n ba\u015flay\u0131b, indiy\u0259d\u0259k n\u0259 Rusiya, n\u0259 d\u0259 Fransa t\u0259r\u0259find\u0259n he&ccedil; bir d\u0259lil v\u0259 ya s&uuml;but t\u0259qdim olunmay\u0131b&rdquo;.<\/span><\/p>\n<p style=\"text-align: justify; text-indent: 35.3pt;\"><span style=\"font-family: 'Arial', sans-serif; color: #000000;\">D&ouml;vl\u0259timizin ba\u015f&ccedil;\u0131s\u0131 dezinformasiyalar\u0131n yalan olmas\u0131 bar\u0259d\u0259 h\u0259m d\u0259 deyib ki, Prezident Tramp\u0131n &ldquo;NewYorkTimes&rdquo;\u0131 nec\u0259 adland\u0131rd\u0131\u011f\u0131n\u0131 bilirsiniz, xat\u0131rlay\u0131rs\u0131n\u0131z? dezinformasiyad\u0131r. He&ccedil; bir d\u0259lil, he&ccedil; bir s&uuml;but yoxdur. D\u0259lil versinl\u0259r, sad\u0259c\u0259.<\/span><\/p>\n<p style=\"text-align: justify; text-indent: 35.3pt;\"><span style=\"font-family: 'Arial', sans-serif; color: #000000;\">\u018fslind\u0259 &ldquo;Az\u0259rbaycan\u0131n muzdlulara ehtiyac\u0131 yoxdur. Nizami orduda 100 min \u0259sg\u0259r, bir ne&ccedil;\u0259 g&uuml;n \u0259rzind\u0259 b\u0259lk\u0259 d\u0259 bundan 3 d\u0259f\u0259 &ccedil;ox \u0259sg\u0259r c\u0259lb edil\u0259 bil\u0259r, &uuml;st\u0259g\u0259l m&uuml;asir avadanl\u0131q. He&ccedil; bir muzdluya \u0259sla ehtiyac yoxdur. Bu, sad\u0259c\u0259, &ouml;lk\u0259mizin n&uuml;fuzuna x\u0259l\u0259l g\u0259tirm\u0259k v\u0259 d&ouml;y&uuml;\u015f meydan\u0131nda \u0259sg\u0259rl\u0259rimizin m\u0259rdliyinin \u0259h\u0259miyy\u0259tini azaltmaq m\u0259qs\u0259di da\u015f\u0131yan dezinformasiyad\u0131r&rdquo;.<\/span><\/p>\n<p style=\"text-align: justify; text-indent: 35.3pt;\"><span style=\"font-family: 'Arial', sans-serif; color: #000000;\">M&uuml;st\u0259qillik d&ouml;vr&uuml;nd\u0259 inki\u015faf ed\u0259n, g&uuml;cl\u0259n\u0259n,v\u0259t\u0259nda\u015flar\u0131n\u0131n h\u0259yat t\u0259rzi g&uuml;nb\u0259g&uuml;n yax\u015f\u0131la\u015fan Az\u0259rbaycanda insanlar firavanl\u0131q \u015f\u0259raitind\u0259 ya\u015fay\u0131rlar. Bizim bir problemimiz var, Da\u011fl\u0131q Qaraba\u011f v\u0259 \u0259traf rayonlar\u0131n azad edilm\u0259si &uuml;&ccedil;&uuml;n apar\u0131lan dan\u0131\u015f\u0131qlar b\u0259hr\u0259 verm\u0259di. Ordumuz bu i\u015fin &ouml;hd\u0259sind\u0259n c\u0259sar\u0259tl\u0259 g\u0259lir. &ldquo;Az\u0259rbaycan\u0131n iqtisadi g&ouml;st\u0259ricil\u0259ri d&uuml;nyada \u0259n yax\u015f\u0131lardan biridir. On ay \u0259rzind\u0259 Az\u0259rbaycanda iqtisadi geril\u0259m\u0259 4 faizd\u0259n azd\u0131r. Az\u0259rbaycanda i\u015fsizlik s\u0259viyy\u0259si 7 faizdir. Az\u0259rbaycanda yoxsulluq s\u0259viyy\u0259si 5 faizdir. Ciddi sosial problem yoxdur. COVID-19-la ba\u011fl\u0131 Az\u0259rbaycan &Uuml;mumd&uuml;nya S\u0259hiyy\u0259 T\u0259\u015fkilat\u0131 t\u0259r\u0259find\u0259n n&uuml;mun\u0259 kimi g&ouml;st\u0259rilir&rdquo;.<\/span><\/p>\n<p style=\"text-align: justify; text-indent: 35.3pt;\"><span style=\"font-family: 'Arial', sans-serif; color: #000000;\">&ldquo;Az\u0259rbaycan 30-dan &ccedil;ox &ouml;lk\u0259y\u0259 d\u0259st\u0259k &#8211; maliyy\u0259 d\u0259st\u0259yi, humanitar d\u0259st\u0259k g&ouml;st\u0259rib. \u0130qtisadiyyat sabitdir, davaml\u0131d\u0131r. Az\u0259rbaycan\u0131n b\u0259zi daxili probleml\u0259ri &ouml;rt-basd\u0131r etm\u0259k &uuml;&ccedil;&uuml;n m&uuml;harib\u0259y\u0259 ba\u015flamas\u0131na ehtiyac yoxdur. Bu, qar\u015f\u0131 t\u0259r\u0259fd\u0259 bel\u0259dir. Haz\u0131rda tamamil\u0259 iqtisadi v\u0259 sosial probleml\u0259rin i&ccedil;ind\u0259 olan Erm\u0259nistan\u0131n diqq\u0259ti yay\u0131nd\u0131rma\u011fa ehtiyac\u0131 var&rdquo;<\/span><\/p>\n<p style=\"text-align: justify; text-indent: 35.3pt;\"><span style=\"font-family: 'Arial', sans-serif; color: #000000;\">&rdquo;AB\u015e Minsk qrupunun &uuml;&ccedil; h\u0259ms\u0259drind\u0259n biri olaraq t\u0259r\u0259fl\u0259r\u0259 raz\u0131l\u0131\u011fa g\u0259lm\u0259y\u0259 yard\u0131m etm\u0259k &uuml;&ccedil;&uuml;n AT\u018fT-in mandat\u0131na sahibdir. Bu, t\u0259r\u0259fl\u0259rin n\u0259 ist\u0259diyin\u0259 deyil, beyn\u0259lxalq h&uuml;quqa \u0259saslanmal\u0131d\u0131r. Da\u011fl\u0131q Qaraba\u011f AB\u015e v\u0259 b&uuml;t&uuml;n ba\u015fqa &ouml;lk\u0259l\u0259r t\u0259r\u0259find\u0259n Az\u0259rbaycan\u0131n ayr\u0131lmaz hiss\u0259si kimi tan\u0131n\u0131b&rdquo;.<\/span><\/p>\n<p style=\"text-align: justify; text-indent: 35.3pt;\"><span style=\"font-family: 'Arial', sans-serif; color: #000000;\">Az\u0259rbaycan h\u0259r zaman h\u0259qiq\u0259tin t\u0259r\u0259fdar\u0131 olub. Buna r\u0259\u011fm\u0259n &ldquo;Az\u0259rbaycan D&ouml;vl\u0259t Katibi Pompeodan n\u0259 g&ouml;zl\u0259y\u0259 bil\u0259r &ndash; birincisi, ba\u015f nazir Pa\u015finyan\u0131n n&uuml;may\u0259nd\u0259sin\u0259 desin ki, &ldquo;diplomatik h\u0259ll yoxdur&rdquo; kimi b\u0259yanatlar yanl\u0131\u015f v\u0259 t\u0259hl&uuml;k\u0259lidir. \u0130kincisi, Erm\u0259nistan\u0131n ba\u015f nazirinin &ldquo;Qaraba\u011f Erm\u0259nistand\u0131r&rdquo; kimi b\u0259yanatlar\u0131 t\u0259hl&uuml;k\u0259li v\u0259 yanl\u0131\u015fd\u0131r. Onlar m\u0259ntiqli olmal\u0131d\u0131rlar. Onlar i\u015f\u011fal olunmu\u015f \u0259razil\u0259rd\u0259n &ccedil;\u0131xmaqla ba\u011fl\u0131 vaxt c\u0259dv\u0259li verm\u0259lidirl\u0259r&rdquo;.<\/span><\/p>\n<p style=\"text-align: justify; text-indent: 35.3pt;\"><span style=\"font-family: 'Arial', sans-serif; color: #000000;\">Erm\u0259nistan\u0131n ba\u015f naziri i\u015f\u011fal&ccedil;\u0131d\u0131r, niyy\u0259tl\u0259ri m\u0259krlidir. Onun durmaq , at\u0259\u015fi dayand\u0131rmaq t\u0259klifl\u0259ri ham\u0131s\u0131 yaland\u0131r. M\u0259qs\u0259di vaxt qazanmaq, silah \u0259ld\u0259 etm\u0259k olub. Hadis\u0259l\u0259rin gedi\u015fi bunu bir daha g&ouml;st\u0259rdi. B&uuml;t&uuml;n bu vaxt \u0259rzind\u0259 Erm\u0259nistan ba\u015f nazirinin b&uuml;t&uuml;n c\u0259hdl\u0259ri Rusiyadan Az\u0259rbaycana qar\u015f\u0131 d&ouml;y&uuml;\u015fm\u0259k &uuml;&ccedil;&uuml;n qo\u015fun g&ouml;nd\u0259rm\u0259yi xahi\u015f etm\u0259k olub. Bu, &ccedil;ox t\u0259hl&uuml;k\u0259lidir.<\/span><\/p>\n<p style=\"text-align: justify; text-indent: 35.3pt;\"><span style=\"font-family: 'Arial', sans-serif; color: #000000;\">T&uuml;rkiy\u0259 h\u0259r zaman Az\u0259baycan\u0131n yan\u0131nda olub. \u0130lham \u018fliyev: &rdquo;T&uuml;rkiy\u0259 Az\u0259rbaycana siyasi d\u0259st\u0259k verir. Az\u0259rbaycan q&uuml;rurlu v\u0259 xo\u015fb\u0259xtdir ki, bel\u0259 b&ouml;y&uuml;k &ouml;lk\u0259 t\u0259r\u0259fda\u015f\u0131d\u0131r. H\u0259r bir &ouml;lk\u0259nin dostu v\u0259 m&uuml;tt\u0259fiql\u0259rinin olmas\u0131na haqq\u0131 var. Erm\u0259nistan\u0131n &ouml;z m&uuml;tt\u0259fiql\u0259ri var&rdquo;.<\/span><\/p>\n<p style=\"text-align: justify; text-indent: 35.3pt;\"><span style=\"font-family: 'Arial', sans-serif; color: #000000;\">&ldquo;T&uuml;rkiy\u0259nin m&uuml;harib\u0259 &ccedil;a\u011f\u0131r\u0131\u015f\u0131 yoxdur. Q\u0259tiyy\u0259n! Buna dair he&ccedil; bir d\u0259lil bel\u0259 yoxdur. T&uuml;rkiy\u0259 yaln\u0131z siyasi d\u0259st\u0259k verir v\u0259 bu kifay\u0259tdir. &Ccedil;&uuml;nki T&uuml;rkiy\u0259 dey\u0259nd\u0259 ki, onlar Az\u0259rbaycan\u0131n yan\u0131ndad\u0131rlar v\u0259 Az\u0259rbaycan t\u0259k deyil. Ola bilsin ki, bu, m&uuml;naqi\u015f\u0259y\u0259 m&uuml;daxil\u0259 etm\u0259k v\u0259 &ouml;z maraqlar\u0131n\u0131 t\u0259min etm\u0259k ist\u0259y\u0259n h\u0259r k\u0259s\u0259 bir mesajd\u0131r&rdquo;.<\/span><\/p>\n<p style=\"text-align: justify; text-indent: 35.3pt;\"><span style=\"font-family: 'Arial', sans-serif; color: #000000;\">Az\u0259rbaycan dan\u0131\u015f\u0131qlar\u0131n b\u0259hr\u0259 ver\u0259c\u0259yin\u0259 inan\u0131r. &ldquo;\u018fks halda Az\u0259rbaycan 17 il \u0259rzind\u0259 dan\u0131\u015f\u0131qlarda i\u015ftirak etm\u0259zdi. \u018fg\u0259r m&uuml;harib\u0259y\u0259 Az\u0259rbaycan ba\u015flay\u0131bsa, niy\u0259 17 il g&ouml;zl\u0259yirdi? Az\u0259rbaycan Ordusu art\u0131q az\u0131 10 ildir ki, yax\u015f\u0131 haz\u0131rla\u015f\u0131b. Ona g&ouml;r\u0259 d\u0259, diplomatik h\u0259ll masa &uuml;z\u0259rind\u0259dir&rdquo;.<\/span><\/p>\n<p style=\"text-align: justify; text-indent: 35.3pt;\"><span style=\"font-family: 'Arial', sans-serif; color: #000000;\">&ldquo;Az\u0259rbaycan arzu edir ki, h\u0259rbi h\u0259ll bu g&uuml;n dayans\u0131n v\u0259 dan\u0131\u015f\u0131qlar masas\u0131na ke&ccedil;ilsin. \u018ffsuslar olsun ki, bu h\u0259rbi amil &ccedil;oxlu ziyan v\u0259 qurbanlara s\u0259b\u0259b olur. Ona g&ouml;r\u0259 d\u0259, substantiv dan\u0131\u015f\u0131qlara, &ndash; b&uuml;t&uuml;n bu ill\u0259r \u0259rzind\u0259 Erm\u0259nistan\u0131n etm\u0259k ist\u0259diyi kimi imitasiyaya yox, &#8211; substantiv dan\u0131\u015f\u0131qlara n\u0259 q\u0259d\u0259r tez ba\u015flan\u0131lsa, h\u0259ll yolu bir o q\u0259d\u0259r tez tap\u0131lar. H\u0259ll yolu Az\u0259rbaycan\u0131n \u0259razi b&uuml;t&ouml;vl&uuml;y&uuml;n\u0259 \u0259saslan\u0131r&rdquo;.<\/span><\/p>\n<p style=\"text-align: justify; text-indent: 35.3pt;\"><span style=\"font-family: 'Arial', sans-serif; color: #000000;\">&ldquo;M&uuml;naqi\u015f\u0259 \u0259rzind\u0259 Az\u0259rbaycan\u0131n b&uuml;t&uuml;n s\u0259yl\u0259ri aktiv fazaya m&uuml;mk&uuml;n q\u0259d\u0259r tez son qoymaq m\u0259qs\u0259di da\u015f\u0131y\u0131b. Az\u0259rbaycan m&uuml;naqi\u015f\u0259 geni\u015fl\u0259nsin dey\u0259 m&uuml;naqi\u015f\u0259nin h\u0259r hans\u0131 formada beyn\u0259lmil\u0259ll\u0259\u015fdirilm\u0259sinin tamamil\u0259 \u0259leyhin\u0259dir&rdquo;. <\/span><\/p>\n<p style=\"text-align: justify; text-indent: 35.3pt;\"><span style=\"font-family: 'Arial', sans-serif; color: #000000;\">Erm\u0259nistan\u0131n etm\u0259k ist\u0259diyi m\u0259hz budur. Onlar pis niyy\u0259tl\u0259rind\u0259n \u0259l &ccedil;\u0259kmirl\u0259r. Rusiyadan m&uuml;naqi\u015f\u0259 b&ouml;lg\u0259sin\u0259 h\u0259rb&ccedil;il\u0259r g&ouml;nd\u0259rm\u0259yi xahi\u015f etdil\u0259r. Bu, tamamil\u0259 s\u0259m\u0259r\u0259siz v\u0259 beyn\u0259lxalq h&uuml;quqa ziddir. Az\u0259rbaycan ba\u015fqa &ouml;lk\u0259l\u0259rin m&uuml;daxil\u0259 etm\u0259sin\u0259 qar\u015f\u0131d\u0131r.<\/span><\/p>\n<p style=\"text-align: justify; text-indent: 35.3pt;\"><span style=\"font-family: 'Arial', sans-serif; color: #000000;\">&ldquo;Rusiyan\u0131n h\u0259rbi bazas\u0131 Erm\u0259nistandad\u0131r, Da\u011fl\u0131q Qaraba\u011fda yox. Onlar ruslardan Da\u011fl\u0131q Qaraba\u011fa qo\u015fun g&ouml;nd\u0259rm\u0259l\u0259rini xahi\u015f edirdil\u0259r. Az\u0259rbaycan\u0131n m&ouml;vqeyi ondan ibar\u0259tdir ki, b&uuml;t&uuml;n region &ouml;lk\u0259l\u0259ri v\u0259 b&uuml;t&uuml;n &ouml;lk\u0259l\u0259r m&uuml;naqi\u015f\u0259d\u0259 birba\u015fa i\u015ftirakdan k\u0259narda qalmal\u0131d\u0131rlar&rdquo;. D&uuml;\u015fm\u0259nin m\u0259krli niyy\u0259tl\u0259rind\u0259n biri d\u0259 budur ki, &rdquo;Erm\u0259nistan\u0131n y&uuml;ks\u0259k r&uuml;tb\u0259li r\u0259smil\u0259rinin b\u0259yanatlar\u0131n\u0131 var ki, onlar Az\u0259rbaycan\u0131n strateji neft infrastrukturumuza, o c&uuml;ml\u0259d\u0259n k\u0259m\u0259rl\u0259r\u0259 v\u0259 Bak\u0131n\u0131n S\u0259ng\u0259&ccedil;al q\u0259s\u0259b\u0259sind\u0259 \u0259n b&ouml;y&uuml;k neft-qaz terminal\u0131na h&uuml;cum ed\u0259c\u0259kl\u0259r. Az\u0259rbaycandan Avropaya v\u0259 d&uuml;nyaya neft-qaz t\u0259chizat\u0131n\u0131 pozmaq Erm\u0259nistan\u0131n planlar\u0131 idi&rdquo;.<\/span><\/p>\n<p style=\"text-align: justify; text-indent: 35.3pt;\"><span style=\"font-family: 'Arial', sans-serif; color: #000000;\">Az\u0259rbaycan &ouml;z&uuml;n&uuml; m&uuml;dafi\u0259 edir. Bak\u0131dan Aral\u0131q d\u0259nizin\u0259 neft k\u0259m\u0259ri 2006-c\u0131 ild\u0259 istismara verilib v\u0259 he&ccedil; bir fasil\u0259 olmadan i\u015fl\u0259yir. Az\u0259rbaycandan T&uuml;rkiy\u0259y\u0259 qaz k\u0259m\u0259ri 2007-ci ild\u0259 istismara verilib. Ona g&ouml;r\u0259 d\u0259, k\u0259m\u0259r art\u0131q qorundu\u011fu halda, niy\u0259 k\u0259m\u0259ri qorumaq &uuml;&ccedil;&uuml;n m&uuml;harib\u0259y\u0259 ba\u015flamal\u0131y\u0131q. K\u0259m\u0259ri dayand\u0131rmaq v\u0259 Az\u0259rbaycana iqtisadi ziyan vurmaq ist\u0259y\u0259n Erm\u0259nistand\u0131r.<\/span><\/p>\n<p style=\"text-align: justify; text-indent: 35.3pt;\"><span style=\"font-family: 'Arial', sans-serif; color: #000000;\">Prezident Tramp\u0131n m&uuml;naqi\u015f\u0259nin h\u0259lli il\u0259 ba\u011fl\u0131 g&ouml;rd&uuml;y&uuml; i\u015fl\u0259r beyn\u0259lxalq m&uuml;nasib\u0259tl\u0259r\u0259 tam uy\u011fundur. Bununla ba\u011fl\u0131 onun m&ouml;vqeyini, \u015f\u0259xsi fikirl\u0259rini tam d\u0259st\u0259kl\u0259yirik, dey\u0259n \u0130lham \u018fliyev \u0259lav\u0259 edib ki, &ldquo;G&ouml;r&uuml;r&uuml;k ki, AB\u015e-\u0131n m&ouml;vqeyi balansla\u015fd\u0131r\u0131lm\u0131\u015fd\u0131r v\u0259 bu, bel\u0259 d\u0259 olmal\u0131d\u0131r. &Ccedil;&uuml;nki AB\u015e vasit\u0259&ccedil;idir&rdquo;. &ldquo;El\u0259c\u0259 d\u0259 dig\u0259r h\u0259ms\u0259drl\u0259r t\u0259r\u0259f tutmamal\u0131d\u0131rlar. &Ccedil;ox b&ouml;y&uuml;k erm\u0259ni icmas\u0131n\u0131n t\u0259kc\u0259 Amerikada deyil, h\u0259m&ccedil;inin Fransa v\u0259 Rusiyada daxili siyas\u0259t\u0259 t\u0259sirinin oldu\u011funu, &ccedil;oxlu lobbi&ccedil;ilik f\u0259aliyy\u0259ti il\u0259 m\u0259\u015f\u011ful oldu\u011funu, indi Az\u0259rbaycan \u0259leyhin\u0259 var g&uuml;c&uuml; il\u0259 f\u0259aliyy\u0259t g&ouml;st\u0259rdiyini v\u0259 onlar\u0131n g&ouml;st\u0259r\u0259 bil\u0259c\u0259yi t\u0259zyiqin s\u0259viyy\u0259sini ba\u015fa d&uuml;\u015f&uuml;r&uuml;k&rdquo;.<\/span><\/p>\n<p style=\"text-align: justify; text-indent: 35.3pt;\"><span style=\"font-family: 'Arial', sans-serif; color: #000000;\">&ldquo;D&uuml;\u015fm\u0259n&ccedil;iliy\u0259 son qoymaq &uuml;&ccedil;&uuml;n ist\u0259nil\u0259n motivasiyaAz\u0259rbaycan t\u0259r\u0259find\u0259n d\u0259st\u0259kl\u0259nir. Bu g&uuml;n Va\u015finqtondak\u0131 g&ouml;r&uuml;\u015f&uuml;n &ccedil;ox yax\u015f\u0131 n\u0259tic\u0259si onda ola bil\u0259r ki, Erm\u0259nistan s&uuml;lh yolu il\u0259 h\u0259ll\u0259 sadiq olsun, h&uuml;cum etm\u0259yi dayand\u0131rs\u0131n v\u0259 qo\u015funlar\u0131 geri &ccedil;\u0259k\u0259c\u0259yin\u0259 dair &ouml;hd\u0259lik g&ouml;t&uuml;rs&uuml;n;<\/span><\/p>\n<p style=\"text-align: justify; text-indent: 35.3pt;\"><span style=\"font-family: 'Arial', sans-serif; color: #000000;\">Az\u0259rbaycan h\u0259mi\u015f\u0259 Amerika Birl\u0259\u015fmi\u015f \u015etatlar\u0131n\u0131n h\u0259qiqi t\u0259r\u0259fda\u015f\u0131 olub. Beyn\u0259lxalq terror&ccedil;uluqla m&uuml;bariz\u0259d\u0259 bir yerd\u0259dir, \u018ffqan\u0131standa bir yerd\u0259dir, h\u0259rbi qulluq&ccedil;ular\u0131 \u018ffqan\u0131standa saxlay\u0131r v\u0259 bununla s&uuml;lhm\u0259raml\u0131 \u0259m\u0259liyyatlara &ouml;z t&ouml;hf\u0259sini verir&rdquo;.<\/span><\/p>\n<p style=\"text-align: justify; text-indent: 35.3pt;\"><span style=\"font-family: 'Arial', sans-serif; color: #000000;\"> Amerika Birl\u0259\u015fmi\u015f \u015etatlar\u0131n\u0131n g&uuml;cl&uuml; d\u0259st\u0259yi il\u0259 Az\u0259rbaycan &ouml;n\u0259mli layih\u0259l\u0259ri tamamlay\u0131b v\u0259 t\u0259bii ki, bu davaml\u0131 olacaqd\u0131r. Az\u0259rbaycan v\u0259 Amerika Birl\u0259\u015fmi\u015f \u015etatlar\u0131n\u0131n &ccedil;ox g&uuml;cl&uuml; t\u0259r\u0259fda\u015fl\u0131q m&uuml;nasib\u0259tl\u0259ri var. Amerika Birl\u0259\u015fmi\u015f \u015etatlar\u0131 Az\u0259rbaycan\u0131 dost hesab edir v\u0259 h\u0259qiq\u0259t\u0259n d\u0259 dostuq. Ona g&ouml;r\u0259 burada s&uuml;lh&uuml;n olmas\u0131 Amerika Birl\u0259\u015fmi\u015f \u015etatlar\u0131n\u0131n mara\u011f\u0131ndad\u0131r. &ldquo;Amerika super g&uuml;cd&uuml;r. M&uuml;st\u0259qilliyin lap ilk ill\u0259rind\u0259n b\u0259ri Amerika Birl\u0259\u015fmi\u015f \u015etatlar\u0131 h\u0259mi\u015f\u0259 Az\u0259rbaycan\u0131 d\u0259st\u0259kl\u0259mi\u015fdir. Bu g&uuml;n ikit\u0259r\u0259fli \u0259m\u0259kda\u015fl\u0131q b\u0259lk\u0259 d\u0259, \u0259n y&uuml;ks\u0259k s\u0259viyy\u0259d\u0259dir. Bu g&uuml;n Va\u015finqtondak\u0131 g&ouml;r&uuml;\u015f Erm\u0259nistan\u0131 t\u0259cav&uuml;z&uuml; dayand\u0131rma\u011fa, i\u015f\u011fal\u0131 dayand\u0131rma\u011fa inand\u0131rmaq &uuml;&ccedil;&uuml;n &ouml;n\u0259mli olacaqd\u0131r v\u0259 sonra da torpa\u011f\u0131m\u0131za s&uuml;lh g\u0259l\u0259c\u0259kdir&rdquo;.<\/span><\/p>\n<p style=\"text-align: justify; text-indent: 35.3pt;\"><span style=\"font-family: 'Arial', sans-serif; color: #000000;\">Az\u0259rbaycan Prezidenti \u0130lham \u018fliyev Baydenl\u0259 d&ouml;rd il bundan \u0259vv\u0259l Va\u015finqtonda Prezident Obama t\u0259r\u0259find\u0259n t\u0259\u015fkil olunan N&uuml;v\u0259 Sammitind\u0259 g&ouml;r&uuml;\u015f&uuml;b. C\u0259nab Baydenl\u0259 ikit\u0259r\u0259fli g&ouml;r&uuml;\u015fl\u0259ri olub. \u0130kit\u0259r\u0259fli m&uuml;nasib\u0259tl\u0259rin bir &ccedil;ox m\u0259s\u0259l\u0259l\u0259rini, o c&uuml;ml\u0259d\u0259n Da\u011fl\u0131q Qaraba\u011f m&uuml;naqi\u015f\u0259sinin nizamlanmas\u0131n\u0131 da m&uuml;zakir\u0259 edib. H\u0259m d\u0259 AB\u015e-\u0131n xarici siyas\u0259t komandas\u0131ndan g\u0259l\u0259c\u0259kd\u0259 d\u0259 bit\u0259r\u0259f v\u0259 obyektiv olma\u011f\u0131 g&ouml;zl\u0259yirik.<\/span><\/p>\n<p style=\"text-align: justify; text-indent: 35.3pt;\"><span style=\"font-family: 'Arial', sans-serif; color: #000000;\">&ldquo;\u0130ndi n\u0259yin ba\u015f ver\u0259c\u0259yini proqnozla\u015fd\u0131rmaq &ccedil;\u0259tindir. Bu, t\u0259kc\u0259 Az\u0259rbaycandan as\u0131l\u0131 deyil. &Ccedil;&uuml;nki m&uuml;harib\u0259ni bir &ouml;lk\u0259 aparm\u0131r. Bu, birt\u0259r\u0259fli proses deyil. Az\u0259rbaycan C\u0259nubi Qafqaz regionunun d\u0259rind\u0259n inteqrasiya olunmas\u0131n\u0131, dig\u0259r C\u0259nubi Qafqaz &ouml;lk\u0259si olan G&uuml;rc&uuml;stanla strateji m&uuml;nasib\u0259tl\u0259rimizin g\u0259l\u0259c\u0259kd\u0259 m&uuml;\u0259yy\u0259n vaxtda Az\u0259rbaycan v\u0259 Erm\u0259nistan aras\u0131nda m&uuml;nasib\u0259tl\u0259r &uuml;&ccedil;&uuml;n m&uuml;\u0259yy\u0259n m\u0259nada &ouml;rn\u0259k ola bil\u0259c\u0259yini d&uuml;\u015f&uuml;n&uuml;r. &Ccedil;&uuml;nki b&uuml;t&uuml;n m&uuml;harib\u0259l\u0259r dayan\u0131r v\u0259 s&uuml;lh g\u0259lir&rdquo;.<\/span><\/p>\n<p style=\"text-align: justify; text-indent: 35.3pt;\"><span style=\"font-family: 'Arial', sans-serif; color: #000000;\">Erm\u0259nil\u0259r v\u0259 az\u0259rbaycanl\u0131lar G&uuml;rc&uuml;standa, Rusiyada, Ukraynada, bir &ccedil;ox dig\u0259r &ouml;lk\u0259l\u0259rd\u0259 birlikd\u0259 ya\u015fad\u0131\u011f\u0131 kimi, Da\u011fl\u0131q Qaraba\u011f regionunda birlikd\u0259 ya\u015faya bil\u0259rl\u0259r. Az\u0259rbaycan\u0131n \u0259razi b&uuml;t&ouml;vl&uuml;y&uuml; &ccedil;\u0259r&ccedil;iv\u0259sind\u0259 erm\u0259ni \u0259halisinin h&uuml;quq v\u0259 maraqlar\u0131n\u0131n tam m&uuml;dafi\u0259si t\u0259min olunacaq. <\/span><\/p>\n<p style=\"text-align: justify; text-indent: 35.3pt;\"><span style=\"font-family: 'Arial', sans-serif; color: #000000;\">Az\u0259rbaycan &ouml;z torpaqlar\u0131n\u0131 azad edir.<\/span><\/p>\n<p style=\"text-align: justify; text-indent: 35.3pt;\"><span style=\"font-family: 'Arial', sans-serif; color: #000000;\"> Qaraba\u011f Az\u0259rbaycand\u0131r! <\/span><\/p>\n<p style=\"text-indent: 35.3pt;\"><span style=\"color: #000000;\"><b><span style=\"font-family: 'Arial', sans-serif;\">Nazim Nift\u0259liyev, <\/span><\/b><\/span><\/p>\n<p style=\"text-indent: 35.3pt;\"><span style=\"color: #000000;\"><b><span style=\"font-family: 'Arial', sans-serif;\">MDU-nun ba\u015f m&uuml;\u0259llimi<\/span><\/b><\/span><\/p>","protected":false},"excerpt":{"rendered":"<p>Az\u0259rbaycan v\u0259 Amerika Birl\u0259\u015fmi\u015f \u015etatlar\u0131n\u0131n &ccedil;ox g&uuml;cl&uuml; t\u0259r\u0259fda\u015fl\u0131q m&uuml;nasib\u0259tl\u0259ri var &nbsp;30 il\u0259 yax\u0131n idi ki, Erm\u0259nistan Az\u0259rbaycan torpaqlar\u0131n\u0131 i\u015f\u011fal alt\u0131nda saxlay\u0131rd\u0131. Bu azm\u0131\u015f kimi el\u0259 h\u0259min vaxtdan erm\u0259nil\u0259r yurdumuzun s\u0259rh\u0259d b&ouml;lg\u0259l\u0259rini dayanmadan at\u0259\u015f\u0259 tutmaqla dinc \u0259halinin rahatl\u0131\u011f\u0131n\u0131 pozur, da\u011f\u0131nt\u0131lar yarad\u0131r, v\u0259t\u0259nda\u015flar\u0131 q\u0259tl\u0259 yetirirdil\u0259r. Bununla ba\u011fl\u0131 d&uuml;nya d&ouml;vl\u0259tl\u0259rin\u0259 d\u0259f\u0259l\u0259rl\u0259 b\u0259yanatlar verilib, Minsk qrupunun h\u0259ms\u0259dr d&ouml;vl\u0259tl\u0259ri il\u0259 [&hellip;]<\/p>\n","protected":false},"author":1,"featured_media":0,"comment_status":"open","ping_status":"open","sticky":false,"template":"","format":"standard","meta":{"_eb_attr":"","ocean_post_layout":"","ocean_both_sidebars_style":"","ocean_both_sidebars_content_width":0,"ocean_both_sidebars_sidebars_width":0,"ocean_sidebar":"","ocean_second_sidebar":"","ocean_disable_margins":"enable","ocean_add_body_class":"","ocean_shortcode_before_top_bar":"","ocean_shortcode_after_top_bar":"","ocean_shortcode_before_header":"","ocean_shortcode_after_header":"","ocean_has_shortcode":"","ocean_shortcode_after_title":"","ocean_shortcode_before_footer_widgets":"","ocean_shortcode_after_footer_widgets":"","ocean_shortcode_before_footer_bottom":"","ocean_shortcode_after_footer_bottom":"","ocean_display_top_bar":"default","ocean_display_header":"default","ocean_header_style":"","ocean_center_header_left_menu":"","ocean_custom_header_template":"","ocean_custom_logo":0,"ocean_custom_retina_logo":0,"ocean_custom_logo_max_width":0,"ocean_custom_logo_tablet_max_width":0,"ocean_custom_logo_mobile_max_width":0,"ocean_custom_logo_max_height":0,"ocean_custom_logo_tablet_max_height":0,"ocean_custom_logo_mobile_max_height":0,"ocean_header_custom_menu":"","ocean_menu_typo_font_family":"","ocean_menu_typo_font_subset":"","ocean_menu_typo_font_size":0,"ocean_menu_typo_font_size_tablet":0,"ocean_menu_typo_font_size_mobile":0,"ocean_menu_typo_font_size_unit":"px","ocean_menu_typo_font_weight":"","ocean_menu_typo_font_weight_tablet":"","ocean_menu_typo_font_weight_mobile":"","ocean_menu_typo_transform":"","ocean_menu_typo_transform_tablet":"","ocean_menu_typo_transform_mobile":"","ocean_menu_typo_line_height":0,"ocean_menu_typo_line_height_tablet":0,"ocean_menu_typo_line_height_mobile":0,"ocean_menu_typo_line_height_unit":"","ocean_menu_typo_spacing":0,"ocean_menu_typo_spacing_tablet":0,"ocean_menu_typo_spacing_mobile":0,"ocean_menu_typo_spacing_unit":"","ocean_menu_link_color":"","ocean_menu_link_color_hover":"","ocean_menu_link_color_active":"","ocean_menu_link_background":"","ocean_menu_link_hover_background":"","ocean_menu_link_active_background":"","ocean_menu_social_links_bg":"","ocean_menu_social_hover_links_bg":"","ocean_menu_social_links_color":"","ocean_menu_social_hover_links_color":"","ocean_disable_title":"default","ocean_disable_heading":"default","ocean_post_title":"","ocean_post_subheading":"","ocean_post_title_style":"","ocean_post_title_background_color":"","ocean_post_title_background":0,"ocean_post_title_bg_image_position":"","ocean_post_title_bg_image_attachment":"","ocean_post_title_bg_image_repeat":"","ocean_post_title_bg_image_size":"","ocean_post_title_height":0,"ocean_post_title_bg_overlay":0.5,"ocean_post_title_bg_overlay_color":"","ocean_disable_breadcrumbs":"default","ocean_breadcrumbs_color":"","ocean_breadcrumbs_separator_color":"","ocean_breadcrumbs_links_color":"","ocean_breadcrumbs_links_hover_color":"","ocean_display_footer_widgets":"default","ocean_display_footer_bottom":"default","ocean_custom_footer_template":"","ocean_post_oembed":"","ocean_post_self_hosted_media":"","ocean_post_video_embed":"","ocean_link_format":"","ocean_link_format_target":"self","ocean_quote_format":"","ocean_quote_format_link":"post","ocean_gallery_link_images":"on","ocean_gallery_id":[],"footnotes":""},"categories":[63],"tags":[],"class_list":["post-15513","post","type-post","status-publish","format-standard","hentry","category-khaebaerlaer-az","entry"],"_links":{"self":[{"href":"https:\/\/mdu.edu.az\/ru\/wp-json\/wp\/v2\/posts\/15513","targetHints":{"allow":["GET"]}}],"collection":[{"href":"https:\/\/mdu.edu.az\/ru\/wp-json\/wp\/v2\/posts"}],"about":[{"href":"https:\/\/mdu.edu.az\/ru\/wp-json\/wp\/v2\/types\/post"}],"author":[{"embeddable":true,"href":"https:\/\/mdu.edu.az\/ru\/wp-json\/wp\/v2\/users\/1"}],"replies":[{"embeddable":true,"href":"https:\/\/mdu.edu.az\/ru\/wp-json\/wp\/v2\/comments?post=15513"}],"version-history":[{"count":0,"href":"https:\/\/mdu.edu.az\/ru\/wp-json\/wp\/v2\/posts\/15513\/revisions"}],"wp:attachment":[{"href":"https:\/\/mdu.edu.az\/ru\/wp-json\/wp\/v2\/media?parent=15513"}],"wp:term":[{"taxonomy":"category","embeddable":true,"href":"https:\/\/mdu.edu.az\/ru\/wp-json\/wp\/v2\/categories?post=15513"},{"taxonomy":"post_tag","embeddable":true,"href":"https:\/\/mdu.edu.az\/ru\/wp-json\/wp\/v2\/tags?post=15513"}],"curies":[{"name":"wp","href":"https:\/\/api.w.org\/{rel}","templated":true}]}}