{"id":15527,"date":"2020-11-03T13:13:24","date_gmt":"2020-11-03T10:13:24","guid":{"rendered":"https:\/\/mdu.edu.az\/az-rbaydzan-zh-zetinin-03-noyabr-2020-dzi-il-tarikhli-burakh-l-nda-rektor-ahin-bayramovun-m-zhal-si-d-rdz-olunub-2\/"},"modified":"2023-09-11T09:52:11","modified_gmt":"2023-09-11T06:52:11","slug":"az-rbaydzan-zh-zetinin-03-noyabr-2020-dzi-il-tarikhli-burakh-l-nda-rektor-ahin-bayramovun-m-zhal-si-d-rdz-olunub-2","status":"publish","type":"post","link":"https:\/\/mdu.edu.az\/ru\/az-rbaydzan-zh-zetinin-03-noyabr-2020-dzi-il-tarikhli-burakh-l-nda-rektor-ahin-bayramovun-m-zhal-si-d-rdz-olunub-2\/","title":{"rendered":"\u201cAz\u0259rbaycan&#8221; q\u0259zetinin 03 noyabr 2020-ci il tarixli burax\u0131l\u0131\u015f\u0131nda rektor \u015eahin Bayramovun m\u0259qal\u0259si d\u0259rc olunub"},"content":{"rendered":"<p style=\"text-align: center; background: white none repeat scroll 0% 0%;\"><span style=\"font-family: arial, helvetica, sans-serif;\"><b><span style=\"font-size: 28pt; color: #203864;\"><\/span><\/b><b><span style=\"font-size: 28pt; color: #203864;\"><span style=\"color: #0065b1; font-family: arial; font-size: 24pt; font-style: normal; font-weight: bold; letter-spacing: normal; text-align: left; text-indent: 0px; text-transform: none; white-space: normal; word-spacing: 0px; background-color: #ffffff; float: none;\">Tarixi \u0259dal\u0259t t\u0259min edilir<\/span><br \/>\n<\/span><\/b><\/span><\/p>\n<p style=\"margin-bottom: 0.0001pt; text-align: justify; text-indent: 1cm;\"><span style=\"font-family: 'Arial', sans-serif;\"><\/span><span style=\"font-family: 'Arial', sans-serif;\"><a href=\"http:\/\/www.azerbaijan-news.az\/view-203230\/tarixi-edalet-temin-edilir\" target=\"_blank\" rel=\"noopener\">Az\u0259rbaycan, 03 noyabr 2020-ci il<\/a><\/span><\/p>\n<p>&nbsp;&nbsp;&nbsp;&nbsp;&nbsp;&nbsp;&nbsp;&nbsp;&nbsp; <a href=\"\/ru\/images\/pdf\/meqalerektor.pdf\/\" target=\"_blank\" rel=\"noopener\">Q\u0259zetin PDF versiyas\u0131<\/a><\/p>\n<p style=\"margin-top: 0cm; margin-right: 0cm; margin-bottom: 0.0001pt; text-align: justify; text-indent: 1cm;\"><span style=\"color: #000000;\"><span style=\"font-family: 'Arial', sans-serif;\">Dan\u0131lmaz h\u0259qiq\u0259tdir ki, 30 il\u0259 yax\u0131n m&uuml;dd\u0259t \u0259rzind\u0259 Az\u0259rbaycan m&uuml;naqi\u015f\u0259nin s&uuml;lh yolu il\u0259 h\u0259ll olunmas\u0131 &uuml;&ccedil;&uuml;n m&uuml;mk&uuml;n olan b&uuml;t&uuml;n vasit\u0259l\u0259rd\u0259n istifad\u0259 olunmas\u0131na &ccedil;al\u0131\u015f\u0131b. Bel\u0259 ki, erm\u0259ni t\u0259r\u0259finin davaml\u0131 qeyri-konstruktiv m&ouml;vqe g&ouml;st\u0259rm\u0259sin\u0259 baxmayaraq, Az\u0259rbaycan daim diplomatik h\u0259ll variant\u0131na &uuml;st&uuml;nl&uuml;k verib v\u0259 dan\u0131\u015f\u0131qlar prosesind\u0259 f\u0259al i\u015ftirak edib. H\u0259rbi potensial\u0131n\u0131n Erm\u0259nistanla m&uuml;qayis\u0259d\u0259 \u0259h\u0259miyy\u0259tli d\u0259r\u0259c\u0259d\u0259 y&uuml;ks\u0259k olmas\u0131na baxmayaraq, Az\u0259rbaycan h\u0259r zaman beyn\u0259lxalq h&uuml;ququn prinsipl\u0259rin\u0259, &uuml;mumb\u0259\u015f\u0259ri d\u0259y\u0259rl\u0259r\u0259 sadiqliyini g&ouml;st\u0259rib, m&uuml;naqi\u015f\u0259nin s&uuml;lh yolu il\u0259 t\u0259nziml\u0259nm\u0259sind\u0259 maraql\u0131 oldu\u011funu &ouml;z konstruktiv m&ouml;vqeyi il\u0259 t\u0259sdiq edib.<\/span><\/span><\/p>\n<p style=\"margin-top: 0cm; margin-right: 0cm; margin-bottom: 0.0001pt; text-align: justify; text-indent: 1cm;\"><span style=\"font-family: 'Arial', sans-serif; color: #000000;\">T\u0259\u0259ss&uuml;f ki, BMT T\u0259hl&uuml;k\u0259sizlik \u015euras\u0131n\u0131n m\u0259lum d&ouml;rd q\u0259tnam\u0259si, el\u0259c\u0259 d\u0259 BMT Ba\u015f Assambleyas\u0131, Avropa Parlamenti, \u0130slam Konfrans\u0131 T\u0259\u015fkilat\u0131, Qo\u015fulmama H\u0259r\u0259kat\u0131 v\u0259 dig\u0259r beyn\u0259lxalq t\u0259\u015fkilatlar t\u0259r\u0259find\u0259n m&uuml;naqi\u015f\u0259nin Az\u0259rbaycan\u0131n \u0259razi b&uuml;t&ouml;vl&uuml;y&uuml; &ccedil;\u0259r&ccedil;iv\u0259sind\u0259 h\u0259llin\u0259 dair q\u0259bul edil\u0259n s\u0259n\u0259dl\u0259rin icra olunmamas\u0131 m&uuml;naqi\u015f\u0259nin s&uuml;lh yolu il\u0259 nizamlanmas\u0131na imkan verm\u0259yib.<\/span><\/p>\n<p style=\"margin-top: 0cm; margin-right: 0cm; margin-bottom: 0.0001pt; text-align: justify; text-indent: 1cm;\"><span style=\"font-family: 'Arial', sans-serif; color: #000000;\">Bu d&ouml;vr \u0259rzind\u0259 m&uuml;naqi\u015f\u0259nin h\u0259lli m\u0259qs\u0259dil\u0259 ke&ccedil;iril\u0259n dan\u0131\u015f\u0131qlarda erm\u0259ni t\u0259r\u0259fi h\u0259r d\u0259f\u0259 texniki m\u0259s\u0259l\u0259l\u0259ri v\u0259 dan\u0131\u015f\u0131qlar\u0131n format\u0131n\u0131n d\u0259yi\u015fdirilm\u0259sini q\u0259sd\u0259n g&uuml;nd\u0259m\u0259 g\u0259tirm\u0259kl\u0259, eyni zamanda, c\u0259bh\u0259boyu \u0259razil\u0259rd\u0259 v\u0259 h\u0259tta Az\u0259rbaycan &#8211; Erm\u0259nistan d&ouml;vl\u0259t s\u0259rh\u0259di istiqam\u0259tind\u0259 davaml\u0131 t\u0259xribatlar t&ouml;r\u0259tm\u0259kl\u0259 dan\u0131\u015f\u0131qlar prosesin\u0259 x\u0259l\u0259l g\u0259tirm\u0259y\u0259, problemin h\u0259llind\u0259n diqq\u0259ti yay\u0131nd\u0131rma\u011fa, beyn\u0259lxalq h&uuml;quq normalar\u0131na v\u0259 prinsipl\u0259rin\u0259 m\u0259h\u0259l qoymadan i\u015f\u011fala v\u0259 t\u0259cav&uuml;z\u0259 \u0259saslanan status-kvonu qoruma\u011fa &ccedil;al\u0131\u015f\u0131b. Z\u0259bt olunmu\u015f tarixi Az\u0259rbaycan torpaqlar\u0131nda qeyri-qanuni m\u0259skunla\u015fma aparmaqla, tarixi, dini v\u0259 m\u0259d\u0259ni abid\u0259l\u0259ri talan etm\u0259kl\u0259, q\u0259dim ya\u015fay\u0131\u015f yerl\u0259rinin adlar\u0131n\u0131 d\u0259yi\u015fdir\u0259r\u0259k tarixi saxtala\u015fd\u0131rmaqla, iqtisadi v\u0259 t\u0259bii resurslar\u0131 qanunsuz m\u0259nims\u0259m\u0259kl\u0259, b&ouml;y&uuml;k h\u0259cmd\u0259 h\u0259rbi texnika v\u0259 qo\u015fun c\u0259ml\u0259\u015fdirm\u0259kl\u0259 v\u0259 dig\u0259r kriminal f\u0259aliyy\u0259tl\u0259r h\u0259yata ke&ccedil;irm\u0259kl\u0259 i\u015f\u011fal&ccedil;\u0131 d&ouml;vl\u0259t faktiki olaraq dan\u0131\u015f\u0131qlar\u0131 imitasiya etdiyini v\u0259 yeni \u0259razi iddialar\u0131nda oldu\u011funu n&uuml;mayi\u015f etdirib.<\/span><\/p>\n<p style=\"margin-top: 0cm; margin-right: 0cm; margin-bottom: 0.0001pt; text-align: justify; text-indent: 1cm;\"><span style=\"font-family: 'Arial', sans-serif; color: #000000;\">Az\u0259rbaycan\u0131n &ccedil;oxsayl\u0131 &ccedil;a\u011f\u0131r\u0131\u015flar\u0131na baxmayaraq, a&ccedil;\u0131q t\u0259cav&uuml;zkar siyas\u0259tin\u0259 g&ouml;r\u0259 adekvat beyn\u0259lxalq t\u0259zyiqin g&ouml;st\u0259rilm\u0259m\u0259si v\u0259 he&ccedil; bir sanksiyan\u0131n t\u0259tbiq edilm\u0259m\u0259si i\u015f\u011fal&ccedil;\u0131 d&ouml;vl\u0259ti beyn\u0259lxalq h&uuml;quq normalar\u0131na h&ouml;rm\u0259tsizliyi davam etdirm\u0259y\u0259 bir q\u0259d\u0259r d\u0259 &#8220;c\u0259sar\u0259tl\u0259ndirmi\u015f&rdquo;dir. Bel\u0259 ki, kriminal xunta rejiminin &#8220;andi&ccedil;m\u0259&rdquo; m\u0259rasiminin \u015eu\u015fada ke&ccedil;irilm\u0259si, qondarma parlamentin bu q\u0259dim \u015f\u0259h\u0259rimiz\u0259 k&ouml;&ccedil;&uuml;r&uuml;lm\u0259sin\u0259 q\u0259rar verilm\u0259si v\u0259 m&uuml;naqi\u015f\u0259nin h\u0259llinin baza prinsipl\u0259rin\u0259 zidd olaraq &#8220;Qaraba\u011f Erm\u0259nistand\u0131r v\u0259 n&ouml;qt\u0259&rdquo; kimi s\u0259rs\u0259m b\u0259yanat s\u0259sl\u0259ndirilm\u0259si i\u015f\u011fal&ccedil;\u0131 d&ouml;vl\u0259tin t&ouml;r\u0259tdiyi a\u015fkar terror&ccedil;uluq f\u0259aliyy\u0259tl\u0259rin\u0259, qanl\u0131 \u0259m\u0259ll\u0259r\u0259 v\u0259 soyq\u0131r\u0131m\u0131 cinay\u0259tl\u0259rl\u0259rin\u0259 g&ouml;r\u0259 c\u0259zas\u0131zl\u0131q s\u0259b\u0259bind\u0259n az\u011f\u0131nla\u015fmas\u0131ndan ir\u0259li g\u0259lib.<\/span><\/p>\n<p style=\"margin-top: 0cm; margin-right: 0cm; margin-bottom: 0.0001pt; text-align: justify; text-indent: 1cm;\"><span style=\"font-family: 'Arial', sans-serif; color: #000000;\">Cari ilin iyul ay\u0131nda Az\u0259rbaycan &#8211; Erm\u0259nistan d&ouml;vl\u0259t s\u0259rh\u0259dinin Tovuz rayonu \u0259razisind\u0259 i\u015f\u011fal&ccedil;\u0131 d&ouml;vl\u0259t t\u0259r\u0259find\u0259n t&ouml;r\u0259dil\u0259n n&ouml;vb\u0259ti t\u0259xribat \u0259m\u0259ll\u0259ri yuxar\u0131da qeyd olunan m\u0259nfur siyas\u0259ti bir daha a&ccedil;\u0131q \u015f\u0259kild\u0259 g&ouml;st\u0259rdi. C\u0259bh\u0259 zonas\u0131ndan xeyli uzaqda yerl\u0259\u015f\u0259n v\u0259 &ccedil;oxsayl\u0131 strateji enerji v\u0259 n\u0259qliyyat x\u0259tl\u0259rinin ke&ccedil;diyi Tovuz rayonunun h\u0259d\u0259f\u0259 al\u0131nmas\u0131 d&uuml;\u015fm\u0259nin yeni m&uuml;naqi\u015f\u0259 ocaqlar\u0131 yaratmaq v\u0259 m&ouml;vcud v\u0259ziyy\u0259ti daha da k\u0259skinl\u0259\u015fdirm\u0259k niyy\u0259tind\u0259n x\u0259b\u0259r verir. <\/span><\/p>\n<p style=\"margin-top: 0cm; margin-right: 0cm; margin-bottom: 0.0001pt; text-align: justify; text-indent: 1cm;\"><span style=\"font-family: 'Arial', sans-serif; color: #000000;\">\u0130yul d&ouml;y&uuml;\u015fl\u0259rind\u0259 Az\u0259rbaycan Ordusu t\u0259r\u0259find\u0259n g&ouml;r&uuml;l\u0259n adekvat cavab t\u0259dbirl\u0259ri n\u0259tic\u0259sind\u0259 xeyli sayda itkil\u0259r\u0259 m\u0259ruz qalan d&uuml;\u015fm\u0259nin cari ilin avqust ay\u0131nda m&uuml;lki \u0259haliy\u0259 qar\u015f\u0131 terror aktlar\u0131 t&ouml;r\u0259tm\u0259k m\u0259qs\u0259dil\u0259 &ouml;lk\u0259miz\u0259 diversiya qrupu g&ouml;nd\u0259rm\u0259si i\u015f\u011fal&ccedil;\u0131 d&ouml;vl\u0259tin t\u0259cav&uuml;zkar v\u0259 terror&ccedil;uluq siyas\u0259tind\u0259n he&ccedil; zaman \u0259l &ccedil;\u0259km\u0259y\u0259c\u0259yini bir daha t\u0259sdiq etdi.<\/span><\/p>\n<p style=\"margin-top: 0cm; margin-right: 0cm; margin-bottom: 0.0001pt; text-align: justify; text-indent: 1cm;\"><span style=\"font-family: 'Arial', sans-serif; color: #000000;\">BMT Ba\u015f Assambleyas\u0131n\u0131n 75-ci sessiyas\u0131n\u0131n &uuml;mumi debatlar\u0131nda &ccedil;\u0131x\u0131\u015f\u0131 zaman\u0131 Az\u0259rbaycan Respublikas\u0131n\u0131n Prezidenti c\u0259nab \u0130lham \u018fliyevin Erm\u0259nistan\u0131n yeni \u0259razil\u0259r u\u011frunda m&uuml;harib\u0259y\u0259 haz\u0131rla\u015fd\u0131\u011f\u0131n\u0131 bildirm\u0259si v\u0259 beyn\u0259lxalq ictimaiyy\u0259tin onlar\u0131 h\u0259rbi t\u0259cav&uuml;zd\u0259n &ccedil;\u0259kindirm\u0259y\u0259 &ccedil;a\u011f\u0131rmas\u0131 faktiki olaraq daha geni\u015fmiqyasl\u0131 n&ouml;vb\u0259ti erm\u0259ni t\u0259xribat\u0131n\u0131n proqnozu kimi qiym\u0259tl\u0259ndiril\u0259 bil\u0259r. Hadis\u0259l\u0259rin sonrak\u0131 gedi\u015fat\u0131 d&ouml;vl\u0259t ba\u015f&ccedil;\u0131s\u0131n\u0131n proqnozlar\u0131n\u0131 bir daha do\u011frultdu.<\/span><\/p>\n<p style=\"margin-top: 0cm; margin-right: 0cm; margin-bottom: 0.0001pt; text-align: justify; text-indent: 1cm;\"><span style=\"font-family: 'Arial', sans-serif; color: #000000;\">Cari ilin 27 sentyabr tarixind\u0259n etibar\u0259n Erm\u0259nistan silahl\u0131 q&uuml;vv\u0259l\u0259rinin geni\u015fmiqyasl\u0131 t\u0259xribat t&ouml;r\u0259d\u0259r\u0259k ordumuzun m&ouml;vqel\u0259rini v\u0259 ya\u015fay\u0131\u015f m\u0259nt\u0259q\u0259l\u0259rimizi a\u011f\u0131r artilleriyadan istifad\u0259 etm\u0259kl\u0259 intensiv at\u0259\u015f\u0259 tutmas\u0131 erm\u0259nil\u0259rin terror&ccedil;u, fa\u015fist v\u0259 i\u015f\u011fal&ccedil;\u0131 xisl\u0259tinin daha da d\u0259h\u015f\u0259tli olmas\u0131n\u0131 ortaya qoydu. Ali Ba\u015f Komandan\u0131m\u0131z\u0131n r\u0259hb\u0259rliyi il\u0259 r\u0259\u015fad\u0259tli Ordumuzun m&uuml;lki \u0259halinin t\u0259hl&uuml;k\u0259sizliyini t\u0259min etm\u0259k v\u0259 i\u015f\u011fal&ccedil;\u0131 erm\u0259ni silahl\u0131 q&uuml;vv\u0259l\u0259rinin d&ouml;y&uuml;\u015f f\u0259all\u0131\u011f\u0131n\u0131 azaltmaq m\u0259qs\u0259dil\u0259 h\u0259yata ke&ccedil;irdiyi s&uuml;lh\u0259 m\u0259cburetm\u0259 \u0259m\u0259liyyatlar\u0131 q\u0131sa m&uuml;dd\u0259t \u0259rzind\u0259 m&ouml;ht\u0259\u015f\u0259m u\u011furlar \u0259ld\u0259 olunmas\u0131na imkan verdi.<\/span><\/p>\n<p style=\"margin-top: 0cm; margin-right: 0cm; margin-bottom: 0.0001pt; text-align: justify; text-indent: 1cm;\"><span style=\"font-family: 'Arial', sans-serif; color: #000000;\">Q&uuml;rurverici hald\u0131r ki, Ali Ba\u015f Komandan\u0131m\u0131z\u0131n q\u0259tiyy\u0259ti say\u0259sind\u0259 xalq\u0131m\u0131z h\u0259sr\u0259tind\u0259 oldu\u011fu q\u0259l\u0259b\u0259 sevincini ya\u015fad\u0131. D&ouml;vl\u0259t ba\u015f&ccedil;\u0131s\u0131 c\u0259nab \u0130lham \u018fliyevin h\u0259r birimizin h\u0259yat amal\u0131na &ccedil;evrilmi\u015f &#8220;Qaraba\u011f Az\u0259rbaycand\u0131r!&rdquo; \u015f&uuml;ar\u0131 &ouml;z t\u0259sdiqini tapm\u0131\u015f oldu. Bu g&uuml;n &uuml;&ccedil;r\u0259ngli bayra\u011f\u0131m\u0131z\u0131n F&uuml;zulid\u0259, C\u0259bray\u0131lda, Z\u0259ngilanda, Qubadl\u0131da, Suqovu\u015fanda, Xudaf\u0259rind\u0259 v\u0259 i\u015f\u011faldan azad olunmu\u015f dig\u0259r ya\u015fay\u0131\u015f m\u0259nt\u0259q\u0259l\u0259rimizd\u0259 dal\u011falanmas\u0131 h\u0259r bir az\u0259rbaycanl\u0131da b&ouml;y&uuml;k f\u0259xar\u0259t hissi yarad\u0131b. 27 sentyabr &#8211; 30 oktyabr tarixl\u0259ri \u0259rzind\u0259 \u015fanl\u0131 Ordumuz t\u0259r\u0259find\u0259n 4 \u015f\u0259h\u0259r, 3 q\u0259s\u0259b\u0259 v\u0259 185 k\u0259nd erm\u0259ni i\u015f\u011fal\u0131ndan azad olunub.<\/span><\/p>\n<p style=\"margin-top: 0cm; margin-right: 0cm; margin-bottom: 0.0001pt; text-align: justify; text-indent: 1cm;\"><span style=\"font-family: 'Arial', sans-serif; color: #000000;\">Haz\u0131rda Az\u0259rbaycan \u0259sg\u0259rinin \u015f&uuml;ca\u0259ti say\u0259sind\u0259 27 illik h\u0259sr\u0259t\u0259 son qoyulur, tarixi \u0259dal\u0259t b\u0259rpa olunur v\u0259 n\u0259hay\u0259t, i\u015f\u011fala v\u0259 t\u0259cav&uuml;z\u0259 \u0259saslanan status-kvo d\u0259yi\u015fdirilir.<\/span><\/p>\n<p style=\"margin-top: 0cm; margin-right: 0cm; margin-bottom: 0.0001pt; text-align: justify; text-indent: 1cm;\"><span style=\"font-family: 'Arial', sans-serif; color: #000000;\">T\u0259\u0259ss&uuml;f do\u011furan odur ki, d&ouml;y&uuml;\u015f meydan\u0131nda Az\u0259rbaycan \u0259sg\u0259rinin q\u0259hr\u0259manl\u0131\u011f\u0131 qar\u015f\u0131s\u0131nda aciz qalan v\u0259 b&ouml;y&uuml;k itkil\u0259r ver\u0259r\u0259k geri &ccedil;\u0259kilm\u0259y\u0259 m\u0259cbur olan m\u0259nfur d&uuml;\u015fm\u0259n beyn\u0259lxalq konvensiyalarda t\u0259sbit olunmu\u015f m&uuml;harib\u0259 qaydalar\u0131n\u0131 kobud \u015f\u0259kild\u0259 pozur. Bel\u0259 ki, m&uuml;lki \u0259halimizin ya\u015fad\u0131\u011f\u0131 m\u0259nt\u0259q\u0259l\u0259ri at\u0259\u015f\u0259 tutan xain d&uuml;\u015fm\u0259n c\u0259bh\u0259 x\u0259ttind\u0259n uzaqda yerl\u0259\u015f\u0259n G\u0259nc\u0259, Ming\u0259&ccedil;evir, B\u0259rd\u0259, Q\u0259b\u0259l\u0259, K&uuml;rd\u0259mir v\u0259 dig\u0259r \u015f\u0259h\u0259rl\u0259r\u0259 d\u0259 &ccedil;oxsayl\u0131 raket z\u0259rb\u0259l\u0259ri endirib. Erm\u0259ni vandall\u0131\u011f\u0131n\u0131 bir daha n&uuml;mayi\u015f etdir\u0259n G\u0259nc\u0259, B\u0259rd\u0259 v\u0259 T\u0259rt\u0259rd\u0259ki terror aktlar\u0131 v\u0259 qada\u011fan olunmu\u015f silahlardan istifad\u0259 il\u0259 t&ouml;r\u0259dil\u0259n m&uuml;harib\u0259 cinay\u0259tl\u0259ri Xocal\u0131 q\u0259tliam\u0131n\u0131n davam\u0131 olmaqla 91 m&uuml;lki \u015f\u0259xsin, o c&uuml;ml\u0259d\u0259n u\u015faqlar\u0131n v\u0259 qad\u0131nlar\u0131n h\u0259yat\u0131na son qoydu. Lakin Az\u0259rbaycan xalq\u0131n\u0131n q\u0259l\u0259b\u0259 \u0259zmini azaltma\u011fa v\u0259 &ouml;lk\u0259mizd\u0259 sabitliyi pozma\u011fa y&ouml;n\u0259l\u0259n d&uuml;\u015fm\u0259nin bu c\u0259hdl\u0259ri u\u011fursuzlu\u011fa d&uuml;&ccedil;ar oldu.<\/span><\/p>\n<p style=\"margin-top: 0cm; margin-right: 0cm; margin-bottom: 0.0001pt; text-align: justify; text-indent: 1cm;\"><span style=\"font-family: 'Arial', sans-serif; color: #000000;\">Moskva, Paris, Va\u015finqton v\u0259 Cenevr\u0259d\u0259 raz\u0131la\u015fd\u0131r\u0131lm\u0131\u015f humanitar at\u0259\u015fk\u0259si kobudcas\u0131na pozan xain d&uuml;\u015fm\u0259nin he&ccedil; bir \u0259xlaq normalar\u0131na uy\u011fun g\u0259lm\u0259y\u0259n qanl\u0131 \u0259m\u0259ll\u0259ri say\u0259sind\u0259 d&uuml;nyas\u0131n\u0131 d\u0259yi\u015f\u0259n v\u0259t\u0259nda\u015flar\u0131m\u0131z\u0131n qisas\u0131n\u0131n q\u0259hr\u0259man \u0259sg\u0259rl\u0259rimiz t\u0259r\u0259find\u0259n d&ouml;y&uuml;\u015f meydan\u0131nda layiqli \u015f\u0259kild\u0259 al\u0131nmas\u0131 x&uuml;susi qeyd olunmal\u0131d\u0131r. Az\u0259rbaycan \u0259sg\u0259rinin sars\u0131d\u0131c\u0131 \u0259ks-h&uuml;cum h\u0259ml\u0259sind\u0259n t\u0259la\u015fa d&uuml;\u015f\u0259n d&uuml;\u015fm\u0259n tarixi torpaqlar\u0131m\u0131zdan qorxaqcas\u0131na qa&ccedil;\u0131r. <\/span><\/p>\n<p style=\"margin-top: 0cm; margin-right: 0cm; margin-bottom: 0.0001pt; text-align: justify; text-indent: 1cm;\"><span style=\"font-family: 'Arial', sans-serif; color: #000000;\">Bu g&uuml;nl\u0259rd\u0259 Az\u0259rbaycan erm\u0259ni t\u0259cav&uuml;z&uuml;n\u0259 v\u0259 terroruna qar\u015f\u0131 h\u0259rbi, siyasi, diplomatik, informasiya v\u0259 dig\u0259r platformalarda m&ouml;ht\u0259\u015f\u0259m q\u0259l\u0259b\u0259l\u0259r \u0259ld\u0259 etm\u0259kl\u0259 &ouml;z&uuml;n&uuml;n m&uuml;st\u0259qillik tarixinin \u0259n \u015f\u0259r\u0259fli v\u0259 \u015fanl\u0131 s\u0259hif\u0259l\u0259rini yaz\u0131r. 30 il\u0259 yax\u0131n m&uuml;dd\u0259td\u0259 i\u015f\u011fal alt\u0131nda olan tarixi Az\u0259rbaycan torpaqlar\u0131n\u0131n azad edilm\u0259si il\u0259 m&ouml;vcud status-kvo d\u0259yi\u015fdirilir, regionda s&uuml;lh v\u0259 t\u0259hl&uuml;k\u0259sizliyin b\u0259rq\u0259rar olmas\u0131nda &ouml;lk\u0259mizin q&uuml;dr\u0259tini g&ouml;st\u0259r\u0259n v\u0259 milli maraqlar\u0131m\u0131z\u0131 tam t\u0259min ed\u0259n yeni strateji m\u0259nz\u0259r\u0259 formala\u015f\u0131r.<\/span><\/p>\n<p style=\"margin-top: 0cm; margin-right: 0cm; margin-bottom: 0.0001pt; text-align: justify; text-indent: 1cm;\"><span style=\"font-family: 'Arial', sans-serif; color: #000000;\">\u018fdal\u0259t\u0259 s&ouml;yk\u0259n\u0259n v\u0259 haqq m&uuml;bariz\u0259sin\u0259 \u0259saslanan Xalq-D&ouml;vl\u0259t-Ordu birliyi m\u0259nfur d&uuml;\u015fm\u0259ni qorxuya sal\u0131b. Eyni zamanda &#8220;Bir mill\u0259t, iki d&ouml;vl\u0259t&rdquo; d&uuml;\u015f&uuml;nc\u0259sind\u0259n g&uuml;c alan Az\u0259rbaycan-T&uuml;rkiy\u0259 h\u0259mr\u0259yliyi h\u0259r birimizd\u0259 b&ouml;y&uuml;k q\u0259l\u0259b\u0259y\u0259 \u0259minlik hissi yarad\u0131b. B&uuml;t&uuml;n bunlar Az\u0259rbaycan bayra\u011f\u0131n\u0131n tezlikl\u0259 \u015eu\u015fada, Xank\u0259ndid\u0259 v\u0259 i\u015f\u011falda olan dig\u0259r tarixi torpaqlar\u0131m\u0131zda dal\u011falanaca\u011f\u0131na inam\u0131 art\u0131r\u0131r.<\/span><\/p>\n<p style=\"margin-top: 0cm; margin-right: 0cm; margin-bottom: 0.0001pt; text-align: justify; text-indent: 1cm;\"><span style=\"font-family: 'Arial', sans-serif; color: #000000;\">Haz\u0131rda h\u0259r bir Az\u0259rbaycan v\u0259t\u0259nda\u015f\u0131 apard\u0131\u011f\u0131m\u0131z haqq sava\u015f\u0131nda f\u0259al i\u015ftirak etm\u0259y\u0259 v\u0259 V\u0259t\u0259n m&uuml;harib\u0259sin\u0259 &ouml;z t&ouml;hf\u0259sini verm\u0259y\u0259 &ccedil;al\u0131\u015f\u0131r. Sevindirici hald\u0131r ki, d&ouml;y&uuml;\u015f meydan\u0131nda \u0259ld\u0259 etdiyimiz q\u0259l\u0259b\u0259l\u0259r informasiya c\u0259bh\u0259sind\u0259 qazand\u0131\u011f\u0131m\u0131z u\u011furlarla m&uuml;\u015fahid\u0259 olunur v\u0259 m&ouml;hk\u0259ml\u0259nir. Az\u0259rbaycan h\u0259qiq\u0259tl\u0259rinin, d&uuml;\u015fm\u0259n t\u0259r\u0259find\u0259n t&ouml;r\u0259dil\u0259n t\u0259cav&uuml;z aktlar\u0131n\u0131n d&uuml;nya ictimaiyy\u0259tin\u0259 &ccedil;atd\u0131r\u0131lmas\u0131 i\u015find\u0259 v\u0259t\u0259nda\u015flar\u0131m\u0131z\u0131n, k&uuml;tl\u0259vi informasiya vasit\u0259l\u0259rimizin v\u0259 d&ouml;vl\u0259t qurumlar\u0131m\u0131z\u0131n g&ouml;st\u0259rdiyi \u0259zmkarl\u0131q v\u0259 h\u0259mr\u0259ylik q&uuml;rurvericidir.<\/span><\/p>\n<p style=\"margin-top: 0cm; margin-right: 0cm; margin-bottom: 0.0001pt; text-align: justify; text-indent: 1cm;\"><span style=\"font-family: 'Arial', sans-serif; color: #000000;\">Ayr\u0131ca qeyd olunmal\u0131d\u0131r ki, d&ouml;y&uuml;\u015f meydan\u0131nda \u0259sl s\u0259rk\u0259rd\u0259 \u015f&uuml;ca\u0259ti g&ouml;st\u0259r\u0259n Ali Ba\u015f Komandan\u0131m\u0131z b&ouml;y&uuml;k q\u0259tiyy\u0259ti il\u0259 erm\u0259ni saxtakarl\u0131\u011f\u0131na qar\u015f\u0131 informasiya m&uuml;bariz\u0259sind\u0259 d\u0259 &ouml;nc&uuml;l m&ouml;vqed\u0259 dayan\u0131r. Bel\u0259 ki, d&uuml;nyan\u0131n apar\u0131c\u0131 k&uuml;tl\u0259vi informasiya vasit\u0259l\u0259rin\u0259 g&uuml;nd\u0259lik olaraq geni\u015f m&uuml;sahib\u0259l\u0259r ver\u0259n d&ouml;vl\u0259t ba\u015f&ccedil;\u0131s\u0131 d\u0259qiq tarixi faktlar\u0131, beyn\u0259lxalq h&uuml;quqi s\u0259n\u0259dl\u0259rin konkret m&uuml;dd\u0259alar\u0131n\u0131 v\u0259 dig\u0259r \u0259sasland\u0131r\u0131lm\u0131\u015f arqumentl\u0259ri s\u0259sl\u0259ndirm\u0259kl\u0259 informasiya c\u0259bh\u0259sind\u0259ki q\u0259l\u0259b\u0259mizi d\u0259 t\u0259min edir. M\u0259hz bu m&uuml;sahib\u0259l\u0259r d&uuml;\u015fm\u0259n t\u0259r\u0259find\u0259n davaml\u0131 olaraq d&uuml;nya medias\u0131na &ouml;t&uuml;r&uuml;l\u0259n &#8220;fake news&rdquo;lar\u0131n u\u011fursuzlu\u011fa d&uuml;&ccedil;ar olmas\u0131na imkan verir.<\/span><\/p>\n<p style=\"margin-top: 0cm; margin-right: 0cm; margin-bottom: 0.0001pt; text-align: justify; text-indent: 1cm;\"><span style=\"font-family: 'Arial', sans-serif; color: #000000;\">\u015e&uuml;bh\u0259 yoxdur ki, Az\u0259rbaycan xalq\u0131n\u0131n b&ouml;y&uuml;k ruh y&uuml;ks\u0259kliyi \u015f\u0259raitind\u0259 davam ed\u0259n V\u0259t\u0259n m&uuml;harib\u0259sind\u0259 \u0259ld\u0259 ed\u0259c\u0259yimiz \u015fanl\u0131 q\u0259l\u0259b\u0259 m&uuml;asir tariximizd\u0259 yeni s\u0259hif\u0259l\u0259rin a&ccedil;\u0131lmas\u0131n\u0131 \u015f\u0259rtl\u0259ndirmi\u015f olacaqd\u0131r. Bu bax\u0131mdan, sevincini ya\u015fad\u0131\u011f\u0131m\u0131z parlaq q\u0259l\u0259b\u0259l\u0259rin memar\u0131 m&ouml;ht\u0259r\u0259m Prezidentimizin a\u015fa\u011f\u0131dak\u0131 fikirl\u0259ri Az\u0259rbaycan\u0131n haql\u0131 m&ouml;vqeyini ayd\u0131n ifad\u0259 edir: &#8220;Az\u0259rbaycan xalq\u0131 &uuml;&ccedil;&uuml;n bu m&uuml;harib\u0259 azadl\u0131q m&uuml;harib\u0259si, Erm\u0259nistan &uuml;&ccedil;&uuml;n is\u0259 i\u015f\u011fal&ccedil;\u0131l\u0131q m&uuml;harib\u0259sidir. Erm\u0259nistan\u0131n i\u015f\u011fal&ccedil;\u0131 q&uuml;vv\u0259l\u0259ri Az\u0259rbaycan\u0131n beyn\u0259lxalq al\u0259md\u0259 tan\u0131nm\u0131\u015f \u0259razil\u0259rind\u0259dir. Buna he&ccedil; n\u0259 il\u0259 haqq qazand\u0131rmaq olmaz&rdquo;.<\/span><\/p>\n<p style=\"text-align: justify;\"><span style=\"font-size: 8pt; color: #000000;\"><\/span><\/p>\n<p style=\"margin-bottom: 0.0001pt; text-align: justify; text-indent: 1cm;\"><span style=\"color: #000000;\"><span style=\"font-size: 8pt; font-family: 'Arial', sans-serif; color: black;\"><\/span><\/span><\/p>\n<p style=\"margin-top: 0cm; margin-right: 0cm; margin-bottom: 0.0001pt; text-align: justify; text-indent: 1cm;\"><span style=\"color: #000000;\"><b><span style=\"font-family: 'Arial', sans-serif; color: black;\">\u015eahin BAYRAMOV,<\/span><\/b><\/span><\/p>\n<p style=\"margin-top: 0cm; margin-right: 0cm; margin-bottom: 0.0001pt; text-align: justify; text-indent: 1cm;\"><span style=\"color: #000000;\"><b><span style=\"font-family: 'Arial', sans-serif; color: black;\">Ming\u0259&ccedil;evir D&ouml;vl\u0259t<\/span><\/b><\/span><\/p>\n<p style=\"margin-top: 0cm; margin-right: 0cm; margin-bottom: 0.0001pt; text-align: justify; text-indent: 1cm;\"><span style=\"color: #000000;\"><b><span style=\"font-family: 'Arial', sans-serif; color: black;\">Universitetinin rektoru<\/span><\/b><\/span><\/p>","protected":false},"excerpt":{"rendered":"<p>Tarixi \u0259dal\u0259t t\u0259min edilir Az\u0259rbaycan, 03 noyabr 2020-ci il &nbsp;&nbsp;&nbsp;&nbsp;&nbsp;&nbsp;&nbsp;&nbsp;&nbsp; Q\u0259zetin PDF versiyas\u0131 Dan\u0131lmaz h\u0259qiq\u0259tdir ki, 30 il\u0259 yax\u0131n m&uuml;dd\u0259t \u0259rzind\u0259 Az\u0259rbaycan m&uuml;naqi\u015f\u0259nin s&uuml;lh yolu il\u0259 h\u0259ll olunmas\u0131 &uuml;&ccedil;&uuml;n m&uuml;mk&uuml;n olan b&uuml;t&uuml;n vasit\u0259l\u0259rd\u0259n istifad\u0259 olunmas\u0131na &ccedil;al\u0131\u015f\u0131b. Bel\u0259 ki, erm\u0259ni t\u0259r\u0259finin davaml\u0131 qeyri-konstruktiv m&ouml;vqe g&ouml;st\u0259rm\u0259sin\u0259 baxmayaraq, Az\u0259rbaycan daim diplomatik h\u0259ll variant\u0131na &uuml;st&uuml;nl&uuml;k verib v\u0259 dan\u0131\u015f\u0131qlar prosesind\u0259 [&hellip;]<\/p>\n","protected":false},"author":1,"featured_media":0,"comment_status":"open","ping_status":"open","sticky":false,"template":"","format":"standard","meta":{"_eb_attr":"","ocean_post_layout":"","ocean_both_sidebars_style":"","ocean_both_sidebars_content_width":0,"ocean_both_sidebars_sidebars_width":0,"ocean_sidebar":"","ocean_second_sidebar":"","ocean_disable_margins":"enable","ocean_add_body_class":"","ocean_shortcode_before_top_bar":"","ocean_shortcode_after_top_bar":"","ocean_shortcode_before_header":"","ocean_shortcode_after_header":"","ocean_has_shortcode":"","ocean_shortcode_after_title":"","ocean_shortcode_before_footer_widgets":"","ocean_shortcode_after_footer_widgets":"","ocean_shortcode_before_footer_bottom":"","ocean_shortcode_after_footer_bottom":"","ocean_display_top_bar":"default","ocean_display_header":"default","ocean_header_style":"","ocean_center_header_left_menu":"","ocean_custom_header_template":"","ocean_custom_logo":0,"ocean_custom_retina_logo":0,"ocean_custom_logo_max_width":0,"ocean_custom_logo_tablet_max_width":0,"ocean_custom_logo_mobile_max_width":0,"ocean_custom_logo_max_height":0,"ocean_custom_logo_tablet_max_height":0,"ocean_custom_logo_mobile_max_height":0,"ocean_header_custom_menu":"","ocean_menu_typo_font_family":"","ocean_menu_typo_font_subset":"","ocean_menu_typo_font_size":0,"ocean_menu_typo_font_size_tablet":0,"ocean_menu_typo_font_size_mobile":0,"ocean_menu_typo_font_size_unit":"px","ocean_menu_typo_font_weight":"","ocean_menu_typo_font_weight_tablet":"","ocean_menu_typo_font_weight_mobile":"","ocean_menu_typo_transform":"","ocean_menu_typo_transform_tablet":"","ocean_menu_typo_transform_mobile":"","ocean_menu_typo_line_height":0,"ocean_menu_typo_line_height_tablet":0,"ocean_menu_typo_line_height_mobile":0,"ocean_menu_typo_line_height_unit":"","ocean_menu_typo_spacing":0,"ocean_menu_typo_spacing_tablet":0,"ocean_menu_typo_spacing_mobile":0,"ocean_menu_typo_spacing_unit":"","ocean_menu_link_color":"","ocean_menu_link_color_hover":"","ocean_menu_link_color_active":"","ocean_menu_link_background":"","ocean_menu_link_hover_background":"","ocean_menu_link_active_background":"","ocean_menu_social_links_bg":"","ocean_menu_social_hover_links_bg":"","ocean_menu_social_links_color":"","ocean_menu_social_hover_links_color":"","ocean_disable_title":"default","ocean_disable_heading":"default","ocean_post_title":"","ocean_post_subheading":"","ocean_post_title_style":"","ocean_post_title_background_color":"","ocean_post_title_background":0,"ocean_post_title_bg_image_position":"","ocean_post_title_bg_image_attachment":"","ocean_post_title_bg_image_repeat":"","ocean_post_title_bg_image_size":"","ocean_post_title_height":0,"ocean_post_title_bg_overlay":0.5,"ocean_post_title_bg_overlay_color":"","ocean_disable_breadcrumbs":"default","ocean_breadcrumbs_color":"","ocean_breadcrumbs_separator_color":"","ocean_breadcrumbs_links_color":"","ocean_breadcrumbs_links_hover_color":"","ocean_display_footer_widgets":"default","ocean_display_footer_bottom":"default","ocean_custom_footer_template":"","ocean_post_oembed":"","ocean_post_self_hosted_media":"","ocean_post_video_embed":"","ocean_link_format":"","ocean_link_format_target":"self","ocean_quote_format":"","ocean_quote_format_link":"post","ocean_gallery_link_images":"on","ocean_gallery_id":[],"footnotes":""},"categories":[149,34],"tags":[],"class_list":["post-15527","post","type-post","status-publish","format-standard","hentry","category-azerbaycan-qazeti","category-elanlar","entry"],"_links":{"self":[{"href":"https:\/\/mdu.edu.az\/ru\/wp-json\/wp\/v2\/posts\/15527","targetHints":{"allow":["GET"]}}],"collection":[{"href":"https:\/\/mdu.edu.az\/ru\/wp-json\/wp\/v2\/posts"}],"about":[{"href":"https:\/\/mdu.edu.az\/ru\/wp-json\/wp\/v2\/types\/post"}],"author":[{"embeddable":true,"href":"https:\/\/mdu.edu.az\/ru\/wp-json\/wp\/v2\/users\/1"}],"replies":[{"embeddable":true,"href":"https:\/\/mdu.edu.az\/ru\/wp-json\/wp\/v2\/comments?post=15527"}],"version-history":[{"count":1,"href":"https:\/\/mdu.edu.az\/ru\/wp-json\/wp\/v2\/posts\/15527\/revisions"}],"predecessor-version":[{"id":51254,"href":"https:\/\/mdu.edu.az\/ru\/wp-json\/wp\/v2\/posts\/15527\/revisions\/51254"}],"wp:attachment":[{"href":"https:\/\/mdu.edu.az\/ru\/wp-json\/wp\/v2\/media?parent=15527"}],"wp:term":[{"taxonomy":"category","embeddable":true,"href":"https:\/\/mdu.edu.az\/ru\/wp-json\/wp\/v2\/categories?post=15527"},{"taxonomy":"post_tag","embeddable":true,"href":"https:\/\/mdu.edu.az\/ru\/wp-json\/wp\/v2\/tags?post=15527"}],"curies":[{"name":"wp","href":"https:\/\/api.w.org\/{rel}","templated":true}]}}