{"id":15574,"date":"2020-11-21T09:14:23","date_gmt":"2020-11-21T06:14:23","guid":{"rendered":"https:\/\/mdu.edu.az\/az-rbaydzan-prezidenti-ilham-liyev-khalga-m-radzi-t-edib\/"},"modified":"2020-11-21T09:14:23","modified_gmt":"2020-11-21T06:14:23","slug":"az-rbaydzan-prezidenti-ilham-liyev-khalga-m-radzi-t-edib","status":"publish","type":"post","link":"https:\/\/mdu.edu.az\/ru\/az-rbaydzan-prezidenti-ilham-liyev-khalga-m-radzi-t-edib\/","title":{"rendered":"Az\u0259rbaycan Prezidenti \u0130lham \u018fliyev xalqa m\u00fcraci\u0259t edib"},"content":{"rendered":"<p style=\"text-align: center;\"><b><span style=\"font-size: 14pt; font-family: 'Arial', sans-serif; color: #002060;\">Az\u0259rbaycan Prezidenti \u0130lham \u018fliyev xalqa m&uuml;raci\u0259t edib<\/span><\/b><\/p>\n<p style=\"text-align: center;\"><img decoding=\"async\" src=\"images\/photo\/prezident1.jpg\" alt=\"\" style=\"display: block; margin-left: auto; margin-right: auto;\" \/><\/p>\n<p style=\"text-align: justify; text-indent: 1cm;\"><b><span style=\"font-size: 14pt; font-family: 'Arial', sans-serif; color: #002060;\"><\/span><\/b><span style=\"font-size: 12pt; font-family: 'Arial', sans-serif;\"><span style=\"color: #000000;\">Bak\u0131, 20 noyabr,<\/span> <a href=\"https:\/\/azertag.az\/xeber\/Azerbaycan_Prezidenti_Ilham_Aliyev_xalqa_muraciet_edib_VIDEO-1646639\" target=\"_blank\" rel=\"noopener\"><span style=\"color: blue;\">AZ\u018fRTAC<\/span>&nbsp;<\/a><\/span><\/p>\n<p style=\"text-align: justify; text-indent: 1cm;\"><span style=\"font-size: 12pt; font-family: 'Arial', sans-serif;\"><\/span><\/p>\n<p style=\"text-align: justify; text-indent: 1cm;\"><span style=\"font-size: 12pt; font-family: 'Arial', sans-serif;\"><span style=\"color: #000000;\">Az\u0259rbaycan Respublikas\u0131n\u0131n Prezidenti \u0130lham \u018fliyev xalqa m&uuml;raci\u0259t edib.<\/span> <\/span><\/p>\n<p style=\"text-align: justify; text-indent: 1cm;\"><span style=\"font-size: 12pt; font-family: 'Arial', sans-serif;\"><\/span><\/p>\n<p style=\"text-align: center;\"><b><span style=\"font-size: 14pt; font-family: 'Arial', sans-serif; color: #002060;\">Prezident \u0130lham \u018fliyevin xalqa<\/span><\/b><\/p>\n<p style=\"text-align: center;\"><b><span style=\"font-size: 14pt; font-family: 'Arial', sans-serif; color: #002060;\">m&uuml;raci\u0259ti<\/span><\/b><\/p>\n<p style=\"text-align: justify; text-indent: 1cm;\"><span style=\"font-size: 12pt; font-family: 'Arial', sans-serif; color: #000000;\">-\u018fziz h\u0259mv\u0259t\u0259nl\u0259r.<\/span><\/p>\n<p style=\"text-align: justify; text-indent: 1cm;\"><span style=\"font-size: 12pt; font-family: 'Arial', sans-serif; color: #000000;\">M\u0259n sizi A\u011fdam rayonunun i\u015f\u011faldan azad olunmas\u0131 m&uuml;nasib\u0259til\u0259 &uuml;r\u0259kd\u0259n t\u0259brik edir\u0259m. B&uuml;t&uuml;n a\u011fdaml\u0131lar\u0131 &uuml;r\u0259kd\u0259n t\u0259brik edir\u0259m. \u018fziz a\u011fdaml\u0131lar, siz art\u0131q k&ouml;&ccedil;k&uuml;n deyilsiniz. Siz do\u011fma d\u0259d\u0259-baba torpa\u011f\u0131n\u0131za qay\u0131dacaqs\u0131n\u0131z.<\/span><\/p>\n<p style=\"text-align: justify; text-indent: 1cm;\"><span style=\"font-size: 12pt; font-family: 'Arial', sans-serif; color: #000000;\">A\u011fdam rayonunun i\u015f\u011faldan azad olunmas\u0131 noyabr\u0131n 10-da imzalanm\u0131\u015f &uuml;&ccedil;t\u0259r\u0259fli B\u0259yanat\u0131n n\u0259tic\u0259sidir. M\u0259n d\u0259f\u0259l\u0259rl\u0259 demi\u015fdim ki, Erm\u0259nistan-Az\u0259rbaycan Da\u011fl\u0131q Qaraba\u011f m&uuml;naqi\u015f\u0259sinin h\u0259lli h\u0259m siyasi, h\u0259m h\u0259rbi yollarla m&uuml;mk&uuml;nd&uuml;r. Biz uzun ill\u0259r \u0259rzind\u0259 bu m\u0259s\u0259l\u0259ni siyasi yollarla h\u0259ll etm\u0259y\u0259 &ccedil;al\u0131\u015f\u0131rd\u0131q. Ancaq b&uuml;t&uuml;n d&uuml;nya g&ouml;rd&uuml; ki, m\u0259hz Erm\u0259nistan\u0131n m&ouml;vqeyin\u0259 g&ouml;r\u0259 bu m\u0259s\u0259l\u0259 &ouml;z h\u0259llini tapmam\u0131\u015fd\u0131r v\u0259 m\u0259s\u0259l\u0259nin h\u0259rbi yollarla h\u0259ll edilm\u0259si bizim qanuni h&uuml;ququmuz idi. Bu h&uuml;ququ beyn\u0259lxalq norma v\u0259 prinsipl\u0259r tan\u0131y\u0131r. Bu h&uuml;quq biz\u0259 BMT Nizamnam\u0259si t\u0259r\u0259find\u0259n verilibdir. H\u0259r bir &ouml;lk\u0259 &ouml;z&uuml;n&uuml; m&uuml;dafi\u0259 ed\u0259 bil\u0259r v\u0259 biz d\u0259 &ouml;z&uuml;m&uuml;z&uuml; m&uuml;dafi\u0259 etmi\u015fik.<\/span><\/p>\n<p style=\"text-align: justify; text-indent: 1cm;\"><span style=\"font-size: 12pt; font-family: 'Arial', sans-serif; color: #000000;\">A\u011fdam rayonunun i\u015f\u011faldan azad olunmas\u0131 tarixi hadis\u0259dir. Dey\u0259 bil\u0259r\u0259m ki, i\u015f\u011fal edilmi\u015f rayonlar\u0131n aras\u0131nda \u0259halinin say\u0131na g&ouml;r\u0259 A\u011fdam \u0259n b&ouml;y&uuml;k rayondur. \u0130\u015f\u011faldan \u0259vv\u0259l A\u011fdam rayonunda 143 min insan ya\u015fay\u0131rd\u0131. Haz\u0131rda A\u011fdam rayon sakinl\u0259rinin say\u0131 204 mindir. Rayonun 73 faizi i\u015f\u011fal edilmi\u015fdi v\u0259 qalan \u0259razil\u0259rd\u0259 &#8211; bizim n\u0259zar\u0259timizd\u0259 olan \u0259razil\u0259rd\u0259 biz son ill\u0259r \u0259rzind\u0259 b&ouml;y&uuml;k quruculuq, abadl\u0131q i\u015fl\u0259ri aparm\u0131\u015f\u0131q. Biz Quzanl\u0131 k\u0259ndin\u0259 q\u0259s\u0259b\u0259 statusu verdik v\u0259 Quzanl\u0131n\u0131 faktiki olaraq A\u011fdam rayonunun m\u0259rk\u0259zin\u0259 &ccedil;evirdik. M\u0259nim g&ouml;st\u0259ri\u015fiml\u0259 Quzanl\u0131da sosial obyektl\u0259r, infrastruktur v\u0259 s\u0259naye m&uuml;\u0259ssis\u0259l\u0259ri yarad\u0131lm\u0131\u015fd\u0131r. \u0130nsanlar &uuml;&ccedil;&uuml;n i\u015f yerl\u0259ri yarad\u0131ld\u0131. Quzanl\u0131 t\u0259bii qazla t\u0259chiz edildi, orada b&uuml;t&uuml;n dig\u0259r infrastruktur layih\u0259l\u0259ri icra olundu, b&ouml;y&uuml;k Olimpiya \u0130dman Kompleksi, x\u0259st\u0259xana, m\u0259kt\u0259bl\u0259r, Mu\u011fam M\u0259rk\u0259zi in\u015fa edilmi\u015fdir. B&uuml;t&uuml;n bu obyektl\u0259rin a&ccedil;\u0131l\u0131\u015flar\u0131nda m\u0259n \u015f\u0259xs\u0259n i\u015ftirak etmi\u015f\u0259m. Onu da bildirm\u0259liy\u0259m ki, son ill\u0259r \u0259rzind\u0259 m\u0259nim g&ouml;st\u0259ri\u015fiml\u0259 A\u011fdam rayonunun bizim n\u0259zar\u0259timizd\u0259 olan hiss\u0259sind\u0259 18 k&ouml;&ccedil;k&uuml;n \u015f\u0259h\u0259rciyi sal\u0131nm\u0131\u015fd\u0131r v\u0259 biz A\u011fdam rayonuna 93 min k&ouml;&ccedil;k&uuml;n&uuml; yerl\u0259\u015fdir\u0259 bildik. G&ouml;r&uuml;lm&uuml;\u015f i\u015fl\u0259r v\u0259 b&ouml;y&uuml;k investisiyalar hesab\u0131na bu g&uuml;n A\u011fdam rayonunun \u0259halisinin 45 faizi A\u011fdam rayonunun \u0259razisind\u0259 ya\u015fay\u0131r.<\/span><\/p>\n<p style=\"text-align: justify; text-indent: 1cm;\"><span style=\"font-size: 12pt; font-family: 'Arial', sans-serif; color: #000000;\">\u0130ndi is\u0259 A\u011fdam &uuml;&ccedil;&uuml;n yeni d&ouml;vr ba\u015flay\u0131r. Bizim b&ouml;y&uuml;k planlar\u0131m\u0131z var. \u0130\u015f\u011fal edilmi\u015f torpaqlarda h\u0259r \u015fey da\u011f\u0131d\u0131l\u0131b. M\u0259nim F&uuml;zuli v\u0259 C\u0259bray\u0131la s\u0259f\u0259rl\u0259rim m\u0259tbuat t\u0259r\u0259find\u0259n i\u015f\u0131qland\u0131r\u0131l\u0131b v\u0259 h\u0259r k\u0259s, b&uuml;t&uuml;n d&uuml;nya g&ouml;rd&uuml; ki, hans\u0131 v\u0259h\u015fi d&uuml;\u015fm\u0259nl\u0259 biz &uuml;z-&uuml;z\u0259 qalm\u0131\u015fd\u0131q. N\u0259 C\u0259bray\u0131lda, n\u0259 F&uuml;zulid\u0259 bir d\u0259n\u0259 d\u0259 salamat bina qalmay\u0131b, yaln\u0131z h\u0259rbi hiss\u0259 v\u0259 h\u0259rbi hiss\u0259y\u0259 aid olan b\u0259zi tikilil\u0259r. Qalan b&uuml;t&uuml;n infrastruktur, b&uuml;t&uuml;n binalar, evl\u0259r, tarixi abid\u0259l\u0259r, dini abid\u0259l\u0259rimiz v\u0259h\u015fi d&uuml;\u015fm\u0259n t\u0259r\u0259find\u0259n da\u011f\u0131d\u0131l\u0131b. <\/span><\/p>\n<p style=\"text-align: justify; text-indent: 1cm;\"><span style=\"font-size: 12pt; font-family: 'Arial', sans-serif; color: #000000;\">M\u0259n orada o da\u011f\u0131nt\u0131lar aras\u0131nda Az\u0259rbaycan xalq\u0131na m&uuml;raci\u0259t ed\u0259r\u0259k demi\u015fdim ki, biz bu torpaqlar\u0131, bu \u015f\u0259h\u0259rl\u0259ri, bu k\u0259ndl\u0259ri b\u0259rpa ed\u0259c\u0259yik. Erm\u0259nil\u0259r hesab edirdil\u0259r ki, bu da\u011f\u0131nt\u0131lardan sonra he&ccedil; vaxt Az\u0259rbaycan \u0259halisi bu torpaqlara qay\u0131tmayacaq. S\u0259hv etdil\u0259r. Onlar bilmirl\u0259r ki, Az\u0259rbaycan xalq\u0131n\u0131n &uuml;r\u0259yind\u0259 &#8211; bizim xalq\u0131m\u0131z\u0131n q\u0259lbind\u0259 do\u011fma torpaqlar \u0259b\u0259di ya\u015fay\u0131r v\u0259 ya\u015fayacaq. Bizim b&uuml;t&uuml;n k&ouml;&ccedil;k&uuml;nl\u0259rimiz bu ill\u0259r \u0259rzind\u0259 bir arzu il\u0259 ya\u015fay\u0131blar ki, &ouml;z do\u011fma torpaqlar\u0131na qay\u0131ts\u0131nlar, d&ouml;vl\u0259tin d\u0259st\u0259yi v\u0259 k&ouml;m\u0259yi il\u0259 orada &ouml;zl\u0259ri &uuml;&ccedil;&uuml;n yeni h\u0259yat qursunlar. <\/span><\/p>\n<p style=\"text-align: justify; text-indent: 1cm;\"><span style=\"font-size: 12pt; font-family: 'Arial', sans-serif; color: #000000;\">Biz A\u011fdam \u015f\u0259h\u0259rini d\u0259 b\u0259rpa ed\u0259c\u0259yik. \u018flb\u0259tt\u0259 ki, bunun &uuml;&ccedil;&uuml;n biz b&uuml;t&uuml;n i\u015fl\u0259ri \u0259sasl\u0131 \u015f\u0259kild\u0259 etm\u0259liyik. Ba\u015f plan haz\u0131rlanacaq, m&uuml;t\u0259x\u0259ssisl\u0259r c\u0259lb olunacaq, infrastruktur layih\u0259l\u0259ri planl\u0131 \u015f\u0259kild\u0259 icra edil\u0259c\u0259k, inzibati binalar, sosial obyektl\u0259r, yollar v\u0259 dig\u0259r laz\u0131m olan i\u015fl\u0259r g&ouml;r&uuml;l\u0259c\u0259k. V\u0259t\u0259nda\u015flara oraya qay\u0131tmaq &uuml;&ccedil;&uuml;n d&ouml;vl\u0259t t\u0259r\u0259find\u0259n k&ouml;m\u0259k g&ouml;st\u0259ril\u0259c\u0259k. Ona g&ouml;r\u0259 A\u011fdam rayonunun b\u0259rpas\u0131 bizim g\u0259l\u0259c\u0259k planlar\u0131m\u0131zda x&uuml;susi yer tutacaq. &Ccedil;&uuml;nki h\u0259m \u0259razi bax\u0131m\u0131ndan b&ouml;y&uuml;k rayondur, eyni zamanda, dediyim kimi, \u0259hali bax\u0131m\u0131ndan \u0259n b&ouml;y&uuml;k rayondur.<\/span><\/p>\n<p style=\"text-align: justify; text-indent: 1cm;\"><span style=\"font-size: 12pt; font-family: 'Arial', sans-serif; color: #000000;\">\u018fslind\u0259, bizim b\u0259rpa i\u015fl\u0259rimiz art\u0131q ba\u015flan\u0131b. F&uuml;zulid\u0259 olark\u0259n F&uuml;zulid\u0259n \u015eu\u015faya yeni yolun &ccedil;\u0259kili\u015fi il\u0259 ba\u011fl\u0131 b&uuml;t&uuml;n m&uuml;vafiq g&ouml;st\u0259ri\u015fl\u0259r verilib, Prezidentin ehtiyat fondundan v\u0259sait ayr\u0131l\u0131b, ilkin olaraq 50 milyon manat. Ancaq bu v\u0259sait kifay\u0259t etm\u0259y\u0259c\u0259k. G\u0259l\u0259n il \u0259lav\u0259 v\u0259sait ayr\u0131lacaq. M\u0259nim g&ouml;st\u0259ri\u015fiml\u0259 \u018fhm\u0259db\u0259yli-Alxanl\u0131-F&uuml;zuli-\u015eu\u015fa yolu bir ne&ccedil;\u0259 hiss\u0259y\u0259 b&ouml;l&uuml;n&uuml;b. G&ouml;st\u0259ri\u015f vermi\u015f\u0259m, bir ne&ccedil;\u0259 \u015firk\u0259t c\u0259lb edilsin ki, biz vaxt itirm\u0259d\u0259n v\u0259 q\u0131sa m&uuml;dd\u0259t \u0259rzind\u0259 bu yolu &ccedil;\u0259k\u0259k. &Ccedil;&uuml;nki Az\u0259rbaycan v\u0259t\u0259nda\u015flar\u0131 bilirl\u0259r ki, \u0259vv\u0259ll\u0259r \u015eu\u015faya ged\u0259n yol A\u011fdam-Xank\u0259ndi yolu idi, indi is\u0259 h\u0259l\u0259lik bu yoldan istifad\u0259 etm\u0259k m&uuml;mk&uuml;n deyil. Noyabr\u0131n 10-da imzalanm\u0131\u015f &uuml;&ccedil;t\u0259r\u0259fli b\u0259yanatda g&ouml;st\u0259rilir ki, b&uuml;t&uuml;n kommunikasiyalar a&ccedil;\u0131lacaq, o c&uuml;ml\u0259d\u0259n hesab edir\u0259m ki, A\u011fdam-Xank\u0259ndi-\u015eu\u015fa avtomobil yolu da m&uuml;\u0259yy\u0259n m&uuml;dd\u0259td\u0259n sonra a&ccedil;\u0131lacaqd\u0131r. Hesab edir\u0259m ki, kommunikasiyalar\u0131n a&ccedil;\u0131lmas\u0131, eyni zamanda, Nax&ccedil;\u0131van Muxtar Respublikas\u0131 il\u0259 Az\u0259rbaycan\u0131n \u0259sas hiss\u0259sini birl\u0259\u015fdir\u0259n yollar v\u0259 kommunikasiyalar g\u0259l\u0259c\u0259kd\u0259 b&ouml;lg\u0259d\u0259 uzunm&uuml;dd\u0259tli s&uuml;lh\u0259 d\u0259 &ouml;z t&ouml;hf\u0259sini ver\u0259c\u0259kdir.<\/span><\/p>\n<p style=\"text-align: justify; text-indent: 1cm;\"><span style=\"color: #000000;\"><span style=\"font-size: 12pt; font-family: 'Arial', sans-serif;\">Bu i\u015fl\u0259r planl\u0131 \u015f\u0259kild\u0259 &ouml;z h\u0259llini tapacaq. <\/span><span style=\"font-size: 12pt; font-family: 'Arial', sans-serif;\">Biz art\u0131q birinci b&ouml;y&uuml;k layih\u0259y\u0259 start verdik. Eyni qayda il\u0259 biz A\u011fdam \u015f\u0259h\u0259rini v\u0259 onun b&uuml;t&uuml;n infrastrukturunu b\u0259rpa etm\u0259k &uuml;&ccedil;&uuml;n ard\u0131c\u0131l add\u0131mlar ataca\u011f\u0131q. A\u011fdaml\u0131lar v\u0259 i\u015f\u011faldan azad edilmi\u015f b&uuml;t&uuml;n ba\u015fqa rayonlar\u0131n sakinl\u0259ri \u0259min ola bil\u0259rl\u0259r ki, Az\u0259rbaycan d&ouml;vl\u0259ti h\u0259r zaman onlar\u0131n yan\u0131nda olacaqd\u0131r. <\/span><\/span><\/p>\n<p style=\"text-align: justify; text-indent: 1cm;\"><span style=\"font-size: 12pt; font-family: 'Arial', sans-serif; color: #000000;\">A\u011fdam\u0131n i\u015f\u011faldan azad edilm\u0259si \u015fanl\u0131 h\u0259rbi Q\u0259l\u0259b\u0259 n\u0259tic\u0259sind\u0259 m&uuml;mk&uuml;n olmu\u015fdur. \u018fg\u0259r Az\u0259rbaycan Erm\u0259nistan\u0131 d&ouml;y&uuml;\u015f meydan\u0131nda m\u0259\u011flub etm\u0259s\u0259ydi, Erm\u0259nistan &ouml;z xo\u015fu il\u0259 bizim torpaqlar\u0131m\u0131zdan &ccedil;\u0131xmayacaqd\u0131. Bunu dem\u0259y\u0259 \u0259sas ver\u0259n bir &ccedil;ox amill\u0259r var. \u0130lk n&ouml;vb\u0259d\u0259, o b&ouml;lg\u0259l\u0259rd\u0259 &#8211; i\u015f\u011fal edilmi\u015f torpaqlarda qurulmu\u015f istehkamlar, oraya b&ouml;y&uuml;k v\u0259sait x\u0259rcl\u0259nib. O istehkamlar el\u0259 qurulub ki, Az\u0259rbaycan Ordusu oradan ke&ccedil;\u0259 bilm\u0259sin. Amma yen\u0259 d\u0259 s\u0259hv etdil\u0259r. Bizim g&uuml;c&uuml;m&uuml;z&uuml; d&uuml;zg&uuml;n hesablaya bilm\u0259dil\u0259r. Bilmirdil\u0259r ki, bu g&uuml;n Az\u0259rbaycan Ordusu, Az\u0259rbaycan v\u0259t\u0259nda\u015f\u0131 n\u0259y\u0259 qadirdir. Bilmirdil\u0259r ki, bizi o Q\u0259l\u0259b\u0259y\u0259 aparan h\u0259m g&uuml;c&uuml;m&uuml;zd&uuml;r, texniki t\u0259chizat\u0131m\u0131zd\u0131r, h\u0259m d\u0259 m\u0259n\u0259vi ruhumuzdur. Bilmirdil\u0259r ki, Az\u0259rbaycan xalq\u0131 b&uuml;t&uuml;n bu ill\u0259r \u0259rzind\u0259 bir arzu il\u0259 ya\u015fay\u0131r ki, &ouml;z d\u0259d\u0259-baba torpa\u011f\u0131na qay\u0131ts\u0131n. B&uuml;t&uuml;n bu amill\u0259r v\u0259 dig\u0259r amill\u0259r bu Q\u0259l\u0259b\u0259ni \u015f\u0259rtl\u0259ndirdi. <\/span><\/p>\n<p style=\"text-align: justify; text-indent: 1cm;\"><span style=\"font-size: 12pt; font-family: 'Arial', sans-serif; color: #000000;\">Ona g&ouml;r\u0259 onlar bu istehkamlar\u0131 qurark\u0259n v\u0259 eyni zamanda, dig\u0259r add\u0131mlar atark\u0259n bir m\u0259qs\u0259di g&uuml;d&uuml;rd&uuml;l\u0259r ki, bu i\u015f\u011fal\u0131 \u0259b\u0259di etsinl\u0259r. \u018fks-t\u0259qdird\u0259, onlar bizim tarixi \u015f\u0259h\u0259rl\u0259rimizin, k\u0259ndl\u0259rimizin adlar\u0131n\u0131 d\u0259yi\u015fdirm\u0259y\u0259c\u0259kdil\u0259r. A\u011fdama bir eyb\u0259c\u0259r ad veribl\u0259r, F&uuml;zuliy\u0259 ba\u015fqa bir eyb\u0259c\u0259r ad veribl\u0259r. Yeni x\u0259rit\u0259l\u0259r t\u0259rtib edibl\u0259r v\u0259 bu x\u0259rit\u0259l\u0259rd\u0259 qondarma &ldquo;Da\u011fl\u0131q Qaraba\u011f respublikas\u0131&rdquo; ke&ccedil;mi\u015f Da\u011fl\u0131q Qaraba\u011f Muxtar Vilay\u0259tini yox, i\u015f\u011fal edilmi\u015f dig\u0259r b&uuml;t&uuml;n torpaqlar\u0131 da \u0259hat\u0259 edirdi v\u0259 bunu onlar beyn\u0259lxalq ictimaiyy\u0259t\u0259 t\u0259qdim edirdil\u0259r.<\/span><\/p>\n<p style=\"text-align: justify; text-indent: 1cm;\"><span style=\"font-size: 12pt; font-family: 'Arial', sans-serif; color: #000000;\">M\u0259n bu m\u0259s\u0259l\u0259 il\u0259 m\u0259\u015f\u011ful olan vasit\u0259&ccedil;il\u0259r\u0259 d\u0259f\u0259l\u0259rl\u0259 demi\u015fdim ki, siz buna diqq\u0259t yetirin. Siz indi bu m\u0259s\u0259l\u0259nin s&uuml;lh yolu il\u0259 h\u0259ll olunmas\u0131ndan dan\u0131\u015f\u0131rs\u0131n\u0131z. Amma biz bunun tam \u0259ksini g&ouml;r&uuml;r&uuml;k. G&ouml;r&uuml;r&uuml;k ki, Az\u0259rbaycan irsi bu torpaqlarda silinir, Az\u0259rbaycan abid\u0259l\u0259ri, tarixi abid\u0259l\u0259r erm\u0259nil\u0259\u015fdirilir, Az\u0259rbaycan m\u0259scidl\u0259ri da\u011f\u0131d\u0131l\u0131r, bizim b&uuml;t&uuml;n tarixi-m\u0259d\u0259ni irsimiz silinir, yeni x\u0259rit\u0259l\u0259r t\u0259rtib edilir. Erm\u0259nistan m\u0259kt\u0259bl\u0259ri &uuml;&ccedil;&uuml;n haz\u0131rlanan d\u0259rslikl\u0259rd\u0259 qondarma &ldquo;Da\u011fl\u0131q Qaraba\u011f respublikas\u0131&rdquo;n\u0131n x\u0259rit\u0259l\u0259ri d\u0259rc edil\u0259rk\u0259n orada i\u015f\u011fal edilmi\u015f b&uuml;t&uuml;n torpaqlar bu qondarma quruma aid edilir. Erm\u0259nistan xarici dill\u0259rd\u0259 n\u0259\u015fr etdiyi kitablarda, bukletl\u0259rd\u0259 qondarma qurumu t\u0259qdim ed\u0259rk\u0259n i\u015f\u011fal olunmu\u015f b&uuml;t&uuml;n torpaqlar \u0259hat\u0259 edilir. Onlar qanunsuz yollarla beyn\u0259lxalq s\u0259rgil\u0259rd\u0259 i\u015ftirak ed\u0259rk\u0259n d\u0259 eyni h\u0259r\u0259k\u0259tl\u0259ri edirl\u0259r. Yax\u015f\u0131, b\u0259s, nec\u0259 olacaq, siz deyirsiniz ki, bu, s&uuml;lh yolu il\u0259 h\u0259ll edil\u0259c\u0259k. <\/span><\/p>\n<p style=\"text-align: justify; text-indent: 1cm;\"><span style=\"font-size: 12pt; font-family: 'Arial', sans-serif; color: #000000;\">\u0130ndi n\u0259 oldu bu x\u0259rit\u0259l\u0259r? \u0130ndi bu x\u0259rit\u0259l\u0259r c\u0259h\u0259nn\u0259m\u0259 getdi, bu x\u0259rit\u0259l\u0259r art\u0131q yoxdur. \u0130ndi K\u0259lb\u0259c\u0259r rayonunu bo\u015faldan i\u015f\u011fal&ccedil;\u0131lar b&uuml;t&uuml;n evl\u0259ri, binalar\u0131, m\u0259kt\u0259bl\u0259ri da\u011f\u0131d\u0131rlar, s&ouml;k&uuml;rl\u0259r, &ouml;z v\u0259h\u015filikl\u0259rini g&ouml;st\u0259rirl\u0259r. B&uuml;t&uuml;n beyn\u0259lxalq apar\u0131c\u0131 media qurumlar\u0131 bunu lent\u0259 al\u0131r v\u0259 d&uuml;nyaya yay\u0131r, biab\u0131r edir onlar\u0131. Onlar &ouml;zl\u0259ri &ouml;zl\u0259rini biab\u0131r edirl\u0259r, qorxaqcas\u0131na qa&ccedil;\u0131blar bizim qaba\u011f\u0131m\u0131zdan. Bizim qaba\u011f\u0131m\u0131zda duru\u015f g\u0259tir\u0259 bilm\u0259dil\u0259r. &Ouml;zl\u0259rini yenilm\u0259z ordu adland\u0131ranlar, d&ouml;y&uuml;\u015fk\u0259n xalq adland\u0131ranlar, b\u0259s n\u0259 oldu sizin d&ouml;y&uuml;\u015fk\u0259n ordunuz? Haradad\u0131r bu? P\u0259r\u0259n-p\u0259r\u0259n oldu, vurduq, da\u011f\u0131td\u0131q, m\u0259hv etdik. Yoxdur Erm\u0259nistan ordusu, biz onu m\u0259hv etmi\u015fik. Bizim d&ouml;y&uuml;\u015f meydan\u0131ndak\u0131 q\u0259l\u0259b\u0259miz siyasi q\u0259l\u0259b\u0259mizi d\u0259 \u015f\u0259rtl\u0259ndirdi. A\u011fdam rayonu biz\u0259 bir g&uuml;ll\u0259 atmadan, bir n\u0259f\u0259r d\u0259 \u015f\u0259hid verm\u0259d\u0259n qay\u0131d\u0131r. Bu, b&ouml;y&uuml;k siyasi u\u011furumuzdur. Amma \u0259g\u0259r o h\u0259rbi q\u0259l\u0259b\u0259 olmasayd\u0131, bu da m&uuml;mk&uuml;n olmazd\u0131.<\/span><\/p>\n<p style=\"text-align: justify; text-indent: 1cm;\"><span style=\"font-size: 12pt; font-family: 'Arial', sans-serif; color: #000000;\">A\u011fdaml\u0131lar Birinci Qaraba\u011f m&uuml;harib\u0259sind\u0259 q\u0259hr\u0259mancas\u0131na vuru\u015fmu\u015flar, &ccedil;oxlu \u015f\u0259hidl\u0259r vermi\u015fl\u0259r. \u0130kinci Qaraba\u011f m&uuml;harib\u0259sind\u0259 &#8211; V\u0259t\u0259n m&uuml;harib\u0259sind\u0259 d\u0259 c\u0259sar\u0259tl\u0259 vuru\u015fmu\u015flar, \u015f\u0259hidl\u0259r vermi\u015fl\u0259r. M\u0259n f&uuml;rs\u0259td\u0259n istifad\u0259 ed\u0259r\u0259k bu Q\u0259l\u0259b\u0259ni biz\u0259 b\u0259x\u015f ed\u0259n b&uuml;t&uuml;n \u015f\u0259hidl\u0259rimizi yad etm\u0259k ist\u0259yir\u0259m, Allah onlara r\u0259hm\u0259t el\u0259sin, Allah onlar\u0131n yax\u0131nlar\u0131na s\u0259bir versin. \u015e\u0259hidl\u0259rimizin valideynl\u0259rin\u0259, yax\u0131nlar\u0131na bir daha m&uuml;raci\u0259t ed\u0259r\u0259k onlara &ouml;z t\u0259\u015f\u0259kk&uuml;r&uuml;m&uuml; bildirir\u0259m ki, bel\u0259 g&ouml;z\u0259l, igid &ouml;vladlar yeti\u015fdiribl\u0259r d&ouml;vl\u0259timiz &uuml;&ccedil;&uuml;n, xalq\u0131m\u0131z &uuml;&ccedil;&uuml;n. Yaral\u0131 \u0259sg\u0259rl\u0259rimiz\u0259, zabitl\u0259rimiz\u0259 tezlikl\u0259 normal h\u0259yata qay\u0131tma\u011f\u0131 arzu edir\u0259m. Allah onlara \u015f\u0259fa versin. Onlar\u0131n reabilitasiyas\u0131 il\u0259 ba\u011fl\u0131 art\u0131q t\u0259dbirl\u0259r plan\u0131 haz\u0131rlan\u0131r, m&uuml;vafiq g&ouml;st\u0259ri\u015fl\u0259r verilib. Onlar daim diqq\u0259t m\u0259rk\u0259zind\u0259 olacaqlar. <\/span><\/p>\n<p style=\"text-align: justify; text-indent: 1cm;\"><span style=\"font-size: 12pt; font-family: 'Arial', sans-serif; color: #000000;\">Bel\u0259likl\u0259, Erm\u0259nistan-Az\u0259rbaycan Da\u011fl\u0131q Qaraba\u011f m&uuml;naqi\u015f\u0259si art\u0131q arxada qal\u0131r v\u0259 bunu beyn\u0259lxalq ekspertl\u0259r d\u0259 qeyd edirl\u0259r. Az\u0259rbaycan d&ouml;y&uuml;\u015f meydan\u0131nda parlaq Q\u0259l\u0259b\u0259 qazanaraq siyasi meydanda da ist\u0259diyin\u0259 nail ola bilmi\u015fdir. Bu torpaqlar\u0131n abadla\u015fd\u0131r\u0131lmas\u0131 il\u0259 ba\u011fl\u0131 t\u0259dbirl\u0259r g&ouml;r&uuml;l\u0259c\u0259k. \u0130lk n&ouml;vb\u0259d\u0259, minalardan t\u0259mizl\u0259m\u0259 i\u015fl\u0259ri apar\u0131lmal\u0131d\u0131r. Bu da &ccedil;ox vaxt aparan bir m\u0259s\u0259l\u0259dir. &Ccedil;&uuml;nki m\u0259nfur d&uuml;\u015fm\u0259n b&ouml;y&uuml;k \u0259razil\u0259ri minala\u015fd\u0131r\u0131b. Ondan sonra infrastruktur layih\u0259l\u0259ri il\u0259 ba\u011fl\u0131 i\u015fl\u0259r apar\u0131lmal\u0131d\u0131r. Art\u0131q g&ouml;st\u0259ri\u015f verilib, m&ouml;vcud infrastruktur t\u0259hlil edilir. Bizim indi peyk imkanlar\u0131m\u0131z v\u0259 dig\u0259r imkanlar var. M\u0259n F&uuml;zuli v\u0259 C\u0259bray\u0131l rayonlar\u0131na s\u0259f\u0259r ed\u0259rk\u0259n art\u0131q q\u0131sa m&uuml;dd\u0259t \u0259rzind\u0259 sal\u0131nm\u0131\u015f yeni yoldan istifad\u0259 etdim. O m&uuml;v\u0259qq\u0259ti yoldur, amma h\u0259r halda, bu yoldan istifad\u0259 etm\u0259k olar. Y\u0259ni, b&uuml;t&uuml;n bu i\u015fl\u0259ri biz g&ouml;r\u0259c\u0259yik v\u0259 bizim b&ouml;y&uuml;k qay\u0131d\u0131\u015f plan\u0131m\u0131z haz\u0131rda t\u0259rtib edilir. <\/span><\/p>\n<p style=\"text-align: justify; text-indent: 1cm;\"><span style=\"font-size: 12pt; font-family: 'Arial', sans-serif; color: #000000;\">M&uuml;harib\u0259y\u0259 g\u0259ldikd\u0259, bir daha dem\u0259liy\u0259m ki, Az\u0259rbaycan \u0259sg\u0259ri, zabiti q\u0259hr\u0259manl\u0131q g&ouml;st\u0259rib. Lakin Erm\u0259nistan ordusundan f\u0259rarilik ed\u0259nl\u0259rin say\u0131 10 mini &ouml;t&uuml;b, &ouml;z&uuml; d\u0259 bunu onlar &ouml;zl\u0259ri deyirl\u0259r, onlar\u0131n r\u0259smi \u015f\u0259xsl\u0259ri deyirl\u0259r &#8211; 10 mind\u0259n &ccedil;ox f\u0259rari olub. \u0130ndi bu, bir daha g&ouml;st\u0259rir ki, hans\u0131 ordu yenilm\u0259z ordudur? Hans\u0131 ordu q\u0259hr\u0259man ordudur? Onlar\u0131n ordusu, \u0259slind\u0259, o quldur d\u0259st\u0259si yaln\u0131z m&uuml;lki, \u0259liyal\u0131n insanlara qar\u015f\u0131 m&uuml;harib\u0259 apara bil\u0259rdi. Xocal\u0131 qatill\u0259ri, k\u0259ndl\u0259rimizi yand\u0131ran, insanlar\u0131m\u0131z\u0131, m&uuml;lki \u015f\u0259xsl\u0259ri &ouml;ld&uuml;r\u0259n dig\u0259r qatill\u0259r h\u0259rb&ccedil;i say\u0131la bilm\u0259z. Onlar\u0131n ordusu o\u011frulardan ibar\u0259tdir. Son iki il \u0259rzind\u0259 n\u0259 q\u0259d\u0259r o\u011fru erm\u0259ni general\u0131 h\u0259bs edildi?! Tu\u015fonka satan, \u0259sg\u0259rin pay\u0131n\u0131 satan generallar o\u011frudurlar. Onlar\u0131n &ldquo;q\u0259hr\u0259manlar\u0131&rdquo; qorxaqd\u0131rlar, onlar\u0131n r\u0259hb\u0259rl\u0259ri cinay\u0259tkard\u0131rlar. Erm\u0259nistan r\u0259hb\u0259rliyi art\u0131q &ouml;z&uuml; bunu deyir ki, 20 il \u0259rzind\u0259 &#8211; 1998-ci ild\u0259n 2018-ci il\u0259 q\u0259d\u0259r bu &ouml;lk\u0259y\u0259 quldurlar, o\u011frular, qorxaqlar, f\u0259raril\u0259r r\u0259hb\u0259rlik edib. Son iki il yar\u0131m \u0259rzind\u0259 is\u0259 kim r\u0259hb\u0259rlik edib? Art\u0131q b&uuml;t&uuml;n d&uuml;nya g&ouml;r&uuml;r v\u0259 bu &ouml;lk\u0259y\u0259 hans\u0131 ad verm\u0259k olar? Ancaq bir ad &ndash; u\u011fursuz &ouml;lk\u0259. Bu u\u011fursuzlu\u011fun s\u0259b\u0259bi n\u0259dir? \u0130\u015f\u011fal! M\u0259n bunu d\u0259f\u0259l\u0259rl\u0259 demi\u015f\u0259m. H\u0259r k\u0259s baxa bil\u0259r m\u0259nim &ccedil;\u0131x\u0131\u015flar\u0131ma, m&uuml;sahib\u0259l\u0259rim\u0259. Demi\u015f\u0259m ki, bu i\u015f\u011fal Erm\u0259nistan\u0131 u&ccedil;uruma aparacaq. Demi\u015f\u0259m ki, biz he&ccedil; vaxt bu i\u015f\u011falla bar\u0131\u015fmayaca\u011f\u0131q, gec-tez torpa\u011f\u0131m\u0131z\u0131 qaytaraca\u011f\u0131q. Ancaq Erm\u0259nistan o tarixi \u015fans\u0131 itir\u0259c\u0259k. Erm\u0259nistan bu 30 il\u0259 yax\u0131n m&uuml;dd\u0259td\u0259 m&uuml;st\u0259qil &ouml;lk\u0259 ola bilm\u0259di, bu g&uuml;n d\u0259 m&uuml;st\u0259qil deyil. Erm\u0259nistan faktiki olaraq m&uuml;st\u0259ml\u0259k\u0259dir. Bu idimi erm\u0259ni xalq\u0131n\u0131n arzular\u0131? Bu idimi onlar\u0131n g&ouml;zl\u0259ntil\u0259ri? Onlar n\u0259 &uuml;&ccedil;&uuml;n m&uuml;st\u0259qil &ouml;lk\u0259 ola bilm\u0259dil\u0259r? \u0130\u015f\u011fala g&ouml;r\u0259. \u0130\u015f\u011faldan n\u0259 qazand\u0131lar? He&ccedil; n\u0259. Biab\u0131r oldular siyasi m&uuml;st\u0259vid\u0259, b&uuml;t&uuml;n beyn\u0259lxalq t\u0259\u015fkilatlarda biz f\u0259al i\u015f apararaq onlar\u0131 biab\u0131r etdik v\u0259 biz\u0259 laz\u0131m olan, beyn\u0259lxalq h&uuml;ququ t\u0259l\u0259b ed\u0259n q\u0259tnam\u0259l\u0259r, q\u0259rarlar q\u0259bul olundu. Onlar d&ouml;y&uuml;\u015f meydan\u0131nda m\u0259\u011flub olaraq b&uuml;t&uuml;n d&uuml;nya qar\u015f\u0131s\u0131nda r\u0259zil oldular. Bundan sonra bu dam\u011fa il\u0259 ya\u015fayacaqlar, &ldquo;m\u0259\u011flub edilmi\u015f &ouml;lk\u0259&rdquo; dam\u011fas\u0131 il\u0259 ya\u015fayacaqlar. Onlar Bak\u0131da, G\u0259nc\u0259d\u0259, bizim ba\u015fqa \u015f\u0259h\u0259r, rayonlar\u0131m\u0131zda ya\u015fay\u0131rd\u0131lar. Onlara s&ouml;z dey\u0259n var idi? Yox. Onlar bundan m\u0259hrum oldular. Bizim xalq\u0131m\u0131z\u0131 oradan qovaraq, etnik t\u0259mizl\u0259m\u0259 siyas\u0259ti apararaq buradan da getm\u0259li oldular. N\u0259 qazand\u0131lar? He&ccedil; n\u0259. \u0130ndi is\u0259 bax, bu r\u0259zil durumda bir-birini didirl\u0259r, olan-qalan d&ouml;vl\u0259t&ccedil;iliyi d\u0259 m\u0259hv edirl\u0259r. M\u0259n o vaxt demi\u015fdim ki, onlar a\u011f\u0131llar\u0131n\u0131 ba\u015flar\u0131na y\u0131\u011fs\u0131nlar, bu i\u015f\u011fala son qoysunlar. Bu i\u015f\u011fal davam etdikc\u0259 Erm\u0259nistan inki\u015faf ed\u0259 bilm\u0259z v\u0259 bilm\u0259di. Siyasi c\u0259h\u0259td\u0259n as\u0131l\u0131, h\u0259rbi c\u0259h\u0259td\u0259n as\u0131l\u0131, iqtisadi c\u0259h\u0259td\u0259n natamam. \u0130deologiya bax\u0131m\u0131ndan &ccedil;ox ziyanl\u0131 bir ideoloji \u0259saslar formala\u015fd\u0131r\u0131blar. Bunlar\u0131n ideoloji \u0259saslar\u0131 yalan &uuml;z\u0259rind\u0259 qurulub, tarixi saxtakarl\u0131q &uuml;z\u0259rind\u0259 qurulub v\u0259 ke&ccedil;mi\u015f &uuml;z\u0259rind\u0259 qurulub. Saxtala\u015fd\u0131r\u0131lm\u0131\u015f ke&ccedil;mi\u015fd\u0259n \u0259l &ccedil;\u0259k\u0259 bilm\u0259y\u0259n &ouml;lk\u0259 nec\u0259 qaba\u011fa ged\u0259 bil\u0259r? Bax\u0131n, d&uuml;nyada n\u0259 q\u0259d\u0259r m&uuml;harib\u0259l\u0259r olub. El\u0259 bu son 100 ili, 200 ili g&ouml;t&uuml;r&uuml;n. N\u0259 q\u0259d\u0259r insanlar h\u0259lak olub m&uuml;harib\u0259l\u0259rd\u0259. Kim bu \u0259dav\u0259ti, kim bu kini-k&uuml;dur\u0259ti ya\u015fad\u0131b &ouml;z &uuml;r\u0259yind\u0259 ill\u0259rl\u0259? Kim &ouml;z u\u015faqlar\u0131n\u0131 nifr\u0259t hissi il\u0259 b&ouml;y&uuml;d&uuml;b? Budur, bunun g\u0259l\u0259c\u0259yi, budur, bunun reall\u0131qlar\u0131. Sovet \u0130ttifaq\u0131 Almaniya il\u0259 m&uuml;harib\u0259 zaman\u0131 on milyonlarla insan itirib, 10 il, 20 il ke&ccedil;\u0259nd\u0259n sonra art\u0131q bar\u0131\u015f\u0131q olub. \u0130ndi Rusiya il\u0259 Almaniya aras\u0131ndak\u0131 m&uuml;nasib\u0259tl\u0259r normal inki\u015faf edir. Avropa &ouml;lk\u0259l\u0259ri &ouml;zl\u0259ri. Fransa \u0130taliya il\u0259 n\u0259 q\u0259d\u0259r m&uuml;harib\u0259 apar\u0131b. Almaniya il\u0259 Fransa n\u0259 q\u0259d\u0259r m&uuml;harib\u0259 apar\u0131b. Hans\u0131 &ouml;lk\u0259nin xalq\u0131 bu nifr\u0259ti &ouml;z &uuml;r\u0259yind\u0259 ya\u015fad\u0131r, bunu, nec\u0259 dey\u0259rl\u0259r, alovland\u0131r\u0131r. Bax, budur, Erm\u0259nistan\u0131 bu g&uuml;n\u0259 salan. Onlar b&uuml;t&uuml;n &ouml;z b\u0259lalar\u0131nda &ouml;zl\u0259ri g&uuml;nahkard\u0131r. Dig\u0259r t\u0259r\u0259fd\u0259n, qon\u015fularla normal m&uuml;nasib\u0259t qura bilm\u0259y\u0259n &ouml;lk\u0259 nec\u0259 inki\u015faf ed\u0259 bil\u0259r? T&uuml;rkiy\u0259y\u0259 qar\u015f\u0131 \u0259razi iddias\u0131. He&ccedil; a\u011fl\u0131 yoxdur. T&uuml;rkiy\u0259 kimi b&ouml;y&uuml;k bir &ouml;lk\u0259y\u0259 qar\u015f\u0131 \u0259razi iddias\u0131 ir\u0259li s&uuml;rm\u0259k &ouml;z&uuml;n\u0259q\u0259sd dem\u0259kdir. Az\u0259rbaycana qar\u015f\u0131 \u0259razi iddias\u0131. Onlar bu iddian\u0131 m&uuml;\u0259yy\u0259n m&uuml;dd\u0259t \u0259rzind\u0259 realla\u015fd\u0131ra bilmi\u015fdil\u0259r, bizim torpaqlar\u0131m\u0131z\u0131 i\u015f\u011fal etmi\u015fdil\u0259r, qon\u015fu xalq\u0131 did\u0259rgin salm\u0131\u015fd\u0131lar. Hesab edirdil\u0259r ki, onlar haql\u0131d\u0131r v\u0259 saxta tarix yarad\u0131rd\u0131lar. \u0130ndi onlar b&uuml;t&uuml;n ba\u015fqa &ouml;lk\u0259l\u0259rd\u0259n yard\u0131m g&ouml;zl\u0259yirl\u0259r. El\u0259 bil ki, b&uuml;t&uuml;n d&uuml;nya bunlara borcludur. M&uuml;st\u0259qil &ouml;lk\u0259s\u0259n, m&uuml;st\u0259qil &ouml;lk\u0259 kimi ya\u015fa. M&uuml;st\u0259qil &ouml;lk\u0259 kimi ya\u015faya bilmirs\u0259n, get ba\u015fqa &ouml;lk\u0259nin t\u0259rkibin\u0259 gir. Endir o bayra\u011f\u0131 dir\u0259kd\u0259n, b&uuml;k, qoy cibin\u0259, get ba\u015fqa &ouml;lk\u0259nin t\u0259rkibind\u0259 ya\u015fa. Onlar &ouml;zl\u0259ri &ouml;z b\u0259lalar\u0131n\u0131n s\u0259b\u0259bkarlar\u0131d\u0131r. Onlara vurulmu\u015f bu z\u0259rb\u0259, onlar\u0131n ba\u015f\u0131na g\u0259l\u0259n bu hadis\u0259l\u0259r b\u0259lk\u0259 d\u0259 onlar\u0131 ay\u0131ltd\u0131 ki, onlar normal &ouml;lk\u0259 kimi bundan sonra ya\u015faya bilsinl\u0259r, \u0259g\u0259r d&uuml;zg&uuml;n se&ccedil;im ets\u0259l\u0259r, \u0259g\u0259r qon\u015fularla m&uuml;nasib\u0259tl\u0259ri normalla\u015fd\u0131rsalar. <\/span><\/p>\n<p style=\"text-align: justify; text-indent: 1cm;\"><span style=\"font-size: 12pt; font-family: 'Arial', sans-serif; color: #000000;\">M\u0259n n\u0259 &uuml;&ccedil;&uuml;n bu bar\u0259d\u0259 dan\u0131\u015f\u0131ram?! &Ccedil;&uuml;nki biz bu b&ouml;lg\u0259d\u0259 ya\u015fay\u0131r\u0131q v\u0259 ist\u0259r-ist\u0259m\u0259z bu qon\u015fuluq davam ed\u0259c\u0259k, ist\u0259s\u0259k d\u0259, ist\u0259m\u0259s\u0259k d\u0259. M\u0259n &ouml;lk\u0259 Prezidenti v\u0259 Ali Ba\u015f Komandan kimi maraql\u0131yam ki, b&ouml;lg\u0259mizd\u0259, C\u0259nubi Qafqazda \u0259dav\u0259t\u0259 art\u0131q son qoyulsun v\u0259 normal, i\u015fg&uuml;zar m&uuml;nasib\u0259tl\u0259r qurulsun. H\u0259r halda, biz bunu ist\u0259yirik. M\u0259n m&uuml;harib\u0259 d&ouml;vr&uuml;nd\u0259 demi\u015f\u0259m, bir daha deyir\u0259m, bizim erm\u0259ni xalq\u0131 il\u0259 he&ccedil; bir problemimiz yoxdur. Biz erm\u0259ni xalq\u0131na qar\u015f\u0131 enik t\u0259mizl\u0259m\u0259 aparmam\u0131\u015f\u0131q, nec\u0259 ki, onlar biz\u0259 qar\u015f\u0131 apar\u0131blar. Biz onlar\u0131n tarixi abid\u0259l\u0259rini da\u011f\u0131tmam\u0131\u015f\u0131q, biz onlar\u0131 qoruyuruq v\u0259 bildiyiniz kimi, bu m\u0259s\u0259l\u0259 il\u0259 ba\u011fl\u0131 &ouml;n\u0259mli add\u0131mlar atm\u0131\u015f\u0131q. <\/span><\/p>\n<p style=\"text-align: justify; text-indent: 1cm;\"><span style=\"font-size: 12pt; font-family: 'Arial', sans-serif; color: #000000;\">Biz onlar\u0131n \u015f\u0259h\u0259rl\u0259rini da\u011f\u0131tmam\u0131\u015f\u0131q, halbuki da\u011f\u0131da bil\u0259rdik. \u015eu\u015fan\u0131 g&ouml;t&uuml;r\u0259nd\u0259n sonra Xank\u0259ndini da\u011f\u0131tmaq n\u0259 b&ouml;y&uuml;k problem idi. Bir g&uuml;n \u0259rzind\u0259 da\u011f\u0131da bil\u0259rdik. Biz etdikmi bunu? Yox. Amma onlar n\u0259 g&uuml;n\u0259 sald\u0131lar bizim \u015f\u0259h\u0259rl\u0259rimizi. Ona g&ouml;r\u0259 bizim erm\u0259ni xalq\u0131 il\u0259 problemimiz yoxdur. Bir daha dem\u0259k ist\u0259yir\u0259m ki, vahid Az\u0259rbaycan d&ouml;vl\u0259tind\u0259 ya\u015fayan b&uuml;t&uuml;n xalqlar b\u0259rab\u0259r h&uuml;quqlara malikdir, o c&uuml;ml\u0259d\u0259n erm\u0259ni xalq\u0131. Az\u0259rbaycanda minl\u0259rl\u0259 erm\u0259ni ya\u015fay\u0131r. Onlara bir s&ouml;z dey\u0259n var &ouml;lk\u0259mizd\u0259? Yox. Az\u0259rbaycan v\u0259t\u0259nda\u015flar\u0131 kimi normal ya\u015fay\u0131rlar. \u018fmin\u0259m, bu g&uuml;n Da\u011fl\u0131q Qaraba\u011fda ya\u015fayan erm\u0259nil\u0259r d\u0259 g&uuml;n g\u0259l\u0259c\u0259k ba\u015fa d&uuml;\u015f\u0259c\u0259kl\u0259r ki, onlar &uuml;&ccedil;&uuml;n yegan\u0259 yol Az\u0259rbaycan xalq\u0131 il\u0259 yanbayan ya\u015famaq, qon\u015fuluq \u015f\u0259raitind\u0259 ya\u015famaq v\u0259 b&uuml;t&uuml;n bu &ccedil;irkin \u0259m\u0259ll\u0259rd\u0259n \u0259l &ccedil;\u0259km\u0259kdir. <\/span><\/p>\n<p style=\"text-align: justify; text-indent: 1cm;\"><span style=\"font-size: 12pt; font-family: 'Arial', sans-serif; color: #000000;\">O ki qald\u0131, bu g&uuml;n Erm\u0259nistan t\u0259r\u0259find\u0259n n&ouml;vb\u0259ti bir uydurman\u0131n ortal\u0131\u011fa at\u0131lmas\u0131na, m\u0259n ona da ayd\u0131nl\u0131q g\u0259tirm\u0259k ist\u0259yir\u0259m. \u0130ndi bel\u0259 bir r\u0259q\u0259m s\u0259sl\u0259ndirirl\u0259r ki, guya, Da\u011fl\u0131q Qaraba\u011fdan 90 min erm\u0259ni qa&ccedil;\u0131b, qa&ccedil;q\u0131n olub. Yaland\u0131r. Da\u011fl\u0131q Qaraba\u011f \u0259razisind\u0259 v\u0259 i\u015f\u011fal edilmi\u015f bizim torpaqlarda \u0130kinci Qaraba\u011f m&uuml;harib\u0259sin\u0259 q\u0259d\u0259r maksimum 60-65 min insan ya\u015fay\u0131b. Biz bunu haradan &ouml;yr\u0259nmi\u015fik? Bizd\u0259 operativ m\u0259lumat var. Bizim o b&ouml;lg\u0259d\u0259 bir &ccedil;ox informasiya m\u0259nb\u0259l\u0259rimiz var v\u0259 bizim u\u011furlar\u0131m\u0131z\u0131n s\u0259b\u0259bl\u0259rind\u0259n biri d\u0259 m\u0259hz bundad\u0131r. Biz tam d\u0259qiqlikl\u0259 bilirdik v\u0259 bilirik indi orada n\u0259 ba\u015f verir, onlar\u0131n xunta ba\u015f&ccedil;\u0131s\u0131 harada gizl\u0259nir. Y\u0259qin o da bilir ki, biz bilirdik. Ona g&ouml;r\u0259 burnunu &ccedil;\u0131xara bilmirdi k&uuml;&ccedil;\u0259y\u0259, bunkerd\u0259 otururdu. Bizim m\u0259lumat\u0131m\u0131z var, m\u0259nb\u0259l\u0259rimiz var, peyk g&ouml;r&uuml;nt&uuml;l\u0259ri var. Ona g&ouml;r\u0259 m\u0259n tam \u0259minlikl\u0259 deyir\u0259m ki, Da\u011fl\u0131q Qaraba\u011fda, o c&uuml;ml\u0259d\u0259n i\u015f\u011fal edilmi\u015f torpaqlarda maksimum 65 min insan ya\u015fay\u0131b. Yax\u015f\u0131, bel\u0259 olan halda 90 min qa&ccedil;q\u0131n haradan g\u0259ldi? Yen\u0259 saxtakarl\u0131q, yen\u0259 yalan. \u0130ndi yen\u0259 m\u0259liy\u0259-m\u0259liy\u0259, s&uuml;r&uuml;n\u0259-s&uuml;r\u0259n\u0259 onun-bunun \u0259t\u0259yind\u0259n yap\u0131\u015facaq ki, m\u0259n\u0259 k&ouml;m\u0259k edin. &ldquo;M\u0259n\u0259 k&ouml;m\u0259k edin&rdquo; onlar\u0131n ideologiyas\u0131n\u0131n \u0259sas prinsipidir. Bu ideologiya il\u0259 hans\u0131 xalq inki\u015faf ed\u0259 bil\u0259r? Ancaq kimd\u0259ns\u0259, n\u0259 is\u0259 g&ouml;zl\u0259m\u0259k, ummaq v\u0259 ondan sonra k&uuml;sm\u0259k, incim\u0259k, t\u0259l\u0259b ir\u0259li s&uuml;rm\u0259k kim\u0259 xeyir g\u0259tirib bu g&uuml;n\u0259 q\u0259d\u0259r? <\/span><\/p>\n<p style=\"text-align: justify; text-indent: 1cm;\"><span style=\"font-size: 12pt; font-family: 'Arial', sans-serif; color: #000000;\">Biz qa&ccedil;q\u0131nlar\u0131n say\u0131 il\u0259 ba\u011fl\u0131 bu yalanlar\u0131 if\u015fa ed\u0259c\u0259yik v\u0259 \u0259g\u0259r bu qa&ccedil;q\u0131nlar olubsa, o, bizim g&uuml;nah\u0131m\u0131z deyil. &Ccedil;&uuml;nki biz m&uuml;lki \u0259haliy\u0259 qar\u015f\u0131 vuru\u015fmam\u0131\u015f\u0131q. Onlar m&uuml;lki \u0259haliy\u0259 qar\u015f\u0131 vuru\u015fublar. Bizim m&uuml;lki v\u0259t\u0259nda\u015flar aras\u0131nda 94 \u015f\u0259hidimiz var, 400-d\u0259n &ccedil;ox yaral\u0131 m&uuml;lki \u015f\u0259xs var, 3000-d\u0259n &ccedil;ox evimiz da\u011f\u0131d\u0131l\u0131b. Onlarda m&uuml;lki \u015f\u0259xsl\u0259r aras\u0131nda itkil\u0259r qat-qat a\u015fa\u011f\u0131d\u0131r. Amma onlar bizim m&uuml;lki \u0259halini m\u0259qs\u0259dy&ouml;nl&uuml; \u015f\u0259kild\u0259 vururdular. G\u0259nc\u0259ni ballistik raketl\u0259rl\u0259 vurmu\u015fdular. Kasetli bombalarla B\u0259rd\u0259ni vurmu\u015fdular, fosforlu bombalarla. Bu, h\u0259rbi cinay\u0259tdir. T\u0259rt\u0259r \u015f\u0259h\u0259ri dem\u0259k olar ki, da\u011f\u0131d\u0131l\u0131b. \u018fn &ccedil;ox m\u0259rmi d&uuml;\u015f\u0259n T\u0259rt\u0259r idi. H\u0259r s\u0259h\u0259r m\u0259n\u0259 m\u0259lumat verilirdi n\u0259 q\u0259d\u0259r m\u0259rmi d&uuml;\u015f&uuml;r. G&uuml;n var idi ki, bir \u015f\u0259h\u0259r\u0259, &ouml;z&uuml; d\u0259 balaca \u015f\u0259h\u0259r\u0259 iki min m\u0259rmi d&uuml;\u015f&uuml;rd&uuml;. Bu, erm\u0259ni v\u0259h\u015filiyi deyilmi? Xocal\u0131 soyq\u0131r\u0131m\u0131n\u0131n t\u0259krar\u0131 deyilmi? G&ouml;r&uuml;n biz kiml\u0259rl\u0259 &uuml;z-&uuml;z\u0259 idik v\u0259 biz kimi m\u0259\u011flub etmi\u015fik? Yen\u0259 d\u0259 deyir\u0259m, bu, t\u0259kc\u0259 \u0259razi b&uuml;t&ouml;vl&uuml;y&uuml;m&uuml;z&uuml;n b\u0259rpas\u0131 deyil, erm\u0259ni fa\u015fizminin belinin q\u0131r\u0131lmas\u0131d\u0131r. Biz b&ouml;lg\u0259ni erm\u0259ni fa\u015fizmind\u0259n xilas etdik, d&uuml;nyan\u0131 erm\u0259ni fa\u015fizmind\u0259n xilas etdik. Amma ba\u015f qald\u0131ra bil\u0259r. Ancaq biz imkan verm\u0259y\u0259c\u0259yik. H\u0259r k\u0259s bunu bilsin. &Ouml;z&uuml;m&uuml;z&uuml; m&uuml;dafi\u0259 etm\u0259k &uuml;&ccedil;&uuml;n ist\u0259nil\u0259n add\u0131m\u0131 ataca\u011f\u0131q. &Ouml;z v\u0259t\u0259nda\u015flar\u0131m\u0131z\u0131 m&uuml;dafi\u0259 etm\u0259k &uuml;&ccedil;&uuml;n ist\u0259nil\u0259n add\u0131m\u0131 ataca\u011f\u0131q v\u0259 he&ccedil; kim bizi saxlaya bilm\u0259z. Bu 44 g&uuml;n \u0259rzind\u0259 b&uuml;t&uuml;n d&uuml;nya g&ouml;rd&uuml;. He&ccedil; kim bizim qaba\u011f\u0131m\u0131zda dura bilm\u0259z, biz\u0259 \u015f\u0259rt qoya bilm\u0259z. Biz\u0259 m&uuml;harib\u0259nin ilk g&uuml;nl\u0259rind\u0259 \u015f\u0259rt qoymaq ist\u0259y\u0259n, h\u0259d\u0259l\u0259m\u0259k ist\u0259y\u0259n, \u015f\u0259rl\u0259m\u0259k ist\u0259y\u0259n &ouml;lk\u0259l\u0259rin, b\u0259zi Q\u0259rb &ouml;lk\u0259l\u0259rinin n&uuml;may\u0259nd\u0259l\u0259ri s\u0259rt cavab\u0131m\u0131z\u0131 ald\u0131lar. G&ouml;rd&uuml;l\u0259r, biz o &ouml;lk\u0259l\u0259rd\u0259n deyilik ki, kimins\u0259 qaba\u011f\u0131nda ba\u015f \u0259y\u0259k v\u0259 m\u0259n d\u0259 o liderl\u0259rd\u0259n deyil\u0259m ki, kimd\u0259ns\u0259 n\u0259 is\u0259 q\u0259bul edim, hans\u0131sa s&ouml;z&uuml;. Art\u0131qlamas\u0131 il\u0259 cavab vermi\u015f\u0259m v\u0259 ver\u0259c\u0259y\u0259m laz\u0131m g\u0259ldikd\u0259. Ona g&ouml;r\u0259 \u0259g\u0259r erm\u0259ni fa\u015fizmi bir d\u0259 ba\u015f qald\u0131rsa, \u0259g\u0259r biz\u0259 qar\u015f\u0131 h\u0259r hans\u0131 bir t\u0259xribat t&ouml;r\u0259dil\u0259rs\u0259, 10 qat\u0131n\u0131 alacaqlar, 10 qat\u0131n\u0131 v\u0259 he&ccedil; kim bizi durdura bilm\u0259z.<\/span><\/p>\n<p style=\"text-align: justify; text-indent: 1cm;\"><span style=\"font-size: 12pt; font-family: 'Arial', sans-serif; color: #000000;\">Haz\u0131rda Qaraba\u011f b&ouml;lg\u0259sind\u0259 m&ouml;vcud olan co\u011frafi v\u0259ziyy\u0259t, \u0259lb\u0259tt\u0259 ki, bizim imkanlar\u0131m\u0131z\u0131 qat-qat art\u0131r\u0131b. Sad\u0259c\u0259 olaraq, x\u0259rit\u0259y\u0259 baxmaq kifay\u0259tdir, h\u0259r k\u0259s g&ouml;rs&uuml;n ki, kimin \u0259lind\u0259 hans\u0131 imkanlar var. Ona g&ouml;r\u0259 m\u0259n bir daha s&ouml;z&uuml;m&uuml; dem\u0259k ist\u0259yir\u0259m. \u0130ndi Erm\u0259nistanda daxili b&ouml;hran h&ouml;km s&uuml;r&uuml;r. Bu da t\u0259biidir. &Ccedil;&uuml;nki h\u0259rbi m\u0259\u011flubiyy\u0259t, &ouml;z&uuml; d\u0259 bel\u0259 biab\u0131r&ccedil;\u0131 m\u0259\u011flubiyy\u0259t, \u0259lb\u0259tt\u0259 ki, ist\u0259nil\u0259n &ouml;lk\u0259d\u0259 t\u0259lat&uuml;ml\u0259r\u0259 g\u0259tirib &ccedil;\u0131xara bil\u0259r. Ona g&ouml;r\u0259 y\u0259qin ki, indi bu b&ouml;hran da ke&ccedil;\u0259nd\u0259n sonra \u0259g\u0259r Erm\u0259nistanda sa\u011flam q&uuml;vv\u0259l\u0259r hakimiyy\u0259t\u0259 g\u0259l\u0259rs\u0259, biz o sa\u011flam q&uuml;vv\u0259l\u0259rl\u0259 normal m&uuml;nasib\u0259tl\u0259r qurma\u011fa haz\u0131r\u0131q. Ancaq c\u0259lladlarla, Az\u0259rbaycan xalq\u0131n\u0131n qan\u0131n\u0131 t&ouml;k\u0259nl\u0259rl\u0259 bizim he&ccedil; bir \u0259laq\u0259miz ola bilm\u0259z. Bunu h\u0259r k\u0259s bilsin! Bundan sonra t\u0259bii ki, bu b&ouml;lg\u0259d\u0259 Az\u0259rbaycan\u0131n imkanlar\u0131 geni\u015fl\u0259n\u0259c\u0259k, o c&uuml;ml\u0259d\u0259n t\u0259sir imkanlar\u0131. Amma bizim imkanlar\u0131m\u0131z yaln\u0131z \u0259m\u0259kda\u015fl\u0131\u011fa hesablan\u0131b. Bu g&uuml;n\u0259 q\u0259d\u0259r ya\u015fad\u0131\u011f\u0131m\u0131z bu b&ouml;lg\u0259d\u0259 g&ouml;rd&uuml;y&uuml;m&uuml;z b&uuml;t&uuml;n i\u015fl\u0259r \u0259m\u0259kda\u015fl\u0131\u011fa t\u0259kan verib. B&uuml;t&uuml;n layih\u0259l\u0259rimiz &#8211; energetika, n\u0259qliyyat, humanitar layih\u0259l\u0259rimiz \u0259m\u0259kda\u015fl\u0131\u011f\u0131 d\u0259rinl\u0259\u015fdirir. Biz bir d\u0259n\u0259 d\u0259 s\u0259hv add\u0131m atmam\u0131\u015f\u0131q, misal &uuml;&ccedil;&uuml;n qon\u015fumuza hans\u0131sa problem yarada bil\u0259c\u0259k bir d\u0259n\u0259 d\u0259 add\u0131m atmam\u0131\u015f\u0131q. Ona g&ouml;r\u0259 qon\u015fu &ouml;lk\u0259l\u0259rl\u0259 m&uuml;nasib\u0259tl\u0259rimiz normald\u0131r, yax\u015f\u0131d\u0131r. Dey\u0259 bil\u0259r\u0259m ki, bir &ccedil;oxlar\u0131 &uuml;&ccedil;&uuml;n n&uuml;mun\u0259 ola bil\u0259r. Erm\u0259nistan\u0131n qon\u015fular\u0131 il\u0259 m&uuml;nasib\u0259tl\u0259ri nec\u0259dir? Az\u0259rbaycanla bel\u0259 i\u015f\u011fal, T&uuml;rkiy\u0259y\u0259 qar\u015f\u0131 \u0259razi iddias\u0131. Rusiyaya indi, nec\u0259 dey\u0259rl\u0259r, naraz\u0131l\u0131q ifad\u0259 edir. M\u0259n bunu bilir\u0259m ki, n\u0259 &uuml;&ccedil;&uuml;n \u0130ran &uuml;z\u0259rind\u0259n silahlar\u0131 g\u0259tir\u0259 bilm\u0259yibl\u0259r. Ona g&ouml;r\u0259 ki, \u0130ran bizim dost, qarda\u015f &ouml;lk\u0259mizdir. Ona g&ouml;r\u0259 ki, bizim xahi\u015fimizi n\u0259z\u0259r\u0259 alaraq &ouml;z hava m\u0259kan\u0131n\u0131 ba\u011flay\u0131b. Ona g&ouml;r\u0259 ki, ist\u0259m\u0259yib, onlar g\u0259lib az\u0259rbaycanl\u0131lar\u0131 &ouml;ld&uuml;rs&uuml;nl\u0259r. G&uuml;rc&uuml;stana da eyni iddia ir\u0259li s&uuml;r&uuml;r. &Ccedil;&uuml;nki G&uuml;rc&uuml;stan da m&uuml;harib\u0259 d&ouml;vr&uuml;nd\u0259 &ouml;z hava sah\u0259sini ba\u011flay\u0131b v\u0259 quru yollarla silahlar\u0131n da\u015f\u0131nmas\u0131na imkan verm\u0259yib. O da ist\u0259m\u0259yib ki, v\u0259h\u015fi d&uuml;\u015fm\u0259n m&uuml;lki v\u0259t\u0259nda\u015flar\u0131m\u0131z\u0131 &ouml;ld&uuml;rs&uuml;n. Onlar Rusiyaya qar\u015f\u0131 iddia qald\u0131r\u0131rlar ki, Rusiya bunlara k&ouml;m\u0259k etm\u0259yib. Rusiya Prezidenti &ouml;z m&uuml;sahib\u0259sind\u0259 kifay\u0259t q\u0259d\u0259r a&ccedil;\u0131q v\u0259 tam d\u0259qiq m\u0259lumat verdi, &ouml;z m&ouml;vqeyini bildirdi. Az\u0259rbaycan beyn\u0259lxalq h&uuml;quq t\u0259r\u0259find\u0259n tan\u0131nm\u0131\u015f &ouml;z \u0259razisind\u0259 m&uuml;harib\u0259 apar\u0131rd\u0131. Ona g&ouml;r\u0259 burada hans\u0131sa bir m&uuml;tt\u0259fiqlik m&uuml;nasib\u0259tl\u0259rinin qar\u0131\u015fmas\u0131na imkan yarad\u0131lmas\u0131ndan s&ouml;hb\u0259t ged\u0259 bilm\u0259z. Ancaq bunlar ham\u0131ya irad tuturlar, ham\u0131dan naraz\u0131d\u0131rlar. Bel\u0259 t\u0259f\u0259kk&uuml;rl\u0259 nec\u0259 ya\u015famaq olar?<\/span><\/p>\n<p style=\"text-align: justify; text-indent: 1cm;\"><span style=\"color: #000000;\"><span style=\"font-size: 12pt; font-family: 'Arial', sans-serif;\">Biz is\u0259 bundan sonra inki\u015faf yolumuzla daha s&uuml;r\u0259tl\u0259 ged\u0259c\u0259yik. Biz d&ouml;y&uuml;\u015f meydan\u0131nda ist\u0259diyimiz\u0259 nail olduq. \u018fsg\u0259r v\u0259 zabitl\u0259rimiz &ouml;z g&uuml;c&uuml;n&uuml; g&ouml;st\u0259rdi. Biz siyasi m&uuml;st\u0259vid\u0259 g&uuml;c&uuml;m&uuml;z&uuml; g&ouml;st\u0259rdik v\u0259 &uuml;&ccedil;t\u0259r\u0259fli B\u0259yanat bizim maraqlar\u0131m\u0131za tam cavab verir. M\u0259hz buna g&ouml;r\u0259 bu B\u0259yanat d&uuml;nyan\u0131n g&ouml;z&uuml; qar\u015f\u0131s\u0131nda imzaland\u0131, Rusiya Prezidenti v\u0259 m\u0259n. Amma Erm\u0259nistan\u0131n ba\u015f naziri bunu harada imzalay\u0131b onu h\u0259l\u0259 ki, y\u0259qin etm\u0259k m&uuml;mk&uuml;n deyil. Amma o q\u0259d\u0259r d\u0259 &ouml;n\u0259mli deyil. Hans\u0131sa anbarda, ya qapal\u0131 bir yerd\u0259, ya ya\u015fad\u0131\u011f\u0131 bunkerd\u0259, f\u0259rqi yoxdur. Onun imzas\u0131 orada var. O, \u0259slind\u0259, kapitulyasiya akt\u0131d\u0131r. Bu, Az\u0259rbaycan\u0131n Q\u0259l\u0259b\u0259sidir, torpaqlar\u0131m\u0131z\u0131n qay\u0131tmas\u0131d\u0131r, bayra\u011f\u0131m\u0131z\u0131n ucald\u0131lmas\u0131d\u0131r. F&uuml;zuli, C\u0259bray\u0131l, Z\u0259ngilan, Qubadl\u0131, Hadrut, Suqovu\u015fan, Murov da\u011f\u0131, \u015eu\u015fa d&ouml;y&uuml;\u015f meydan\u0131nda i\u015f\u011fal&ccedil;\u0131lardan azad edilib, o c&uuml;ml\u0259d\u0259n La&ccedil;\u0131n rayonunun bir ne&ccedil;\u0259 k\u0259ndi, K\u0259lb\u0259c\u0259r rayonunun bir hiss\u0259si. Bu, \u015f\u0259rtl\u0259ndirib bizim q\u0259l\u0259b\u0259mizi. Bizim q\u0259l\u0259b\u0259miz art\u0131q Erm\u0259nistanda b&ouml;y&uuml;k probleml\u0259r yaratd\u0131. Amma bax\u0131n beyn\u0259lxalq t\u0259\u015fkilatlar\u0131n buna reaksiyas\u0131 n\u0259dir? Varm\u0131 reaksiya? Yoxdur. Erm\u0259nistanda g&uuml;nd\u0259 hans\u0131sa m&uuml;xalif\u0259t lideri h\u0259bs olunur, &ouml;z&uuml; d\u0259 tamamil\u0259 \u0259sass\u0131z. Bir Q\u0259rb &ouml;lk\u0259si buna reaksiya veribmi? Yox. Bunu q\u0131nay\u0131bm\u0131? Yox. \u018fsas m&uuml;xalif\u0259t partiyalar\u0131n\u0131n r\u0259hb\u0259rl\u0259ri h\u0259bs olunub. Bir n\u0259f\u0259r d\u0259 s&ouml;z demir. Avropa \u015euras\u0131 haradasan? Az\u0259rbaycana xor g&ouml;zl\u0259 baxan, bizi qaralama\u011fa &ccedil;al\u0131\u015fan, haradasan Avropa \u015euras\u0131, niy\u0259 susursan? Yaxud da ki, monitorinq komit\u0259si. Orada bizim Az\u0259rbaycan &uuml;zr\u0259 bir ne&ccedil;\u0259 m\u0259ruz\u0259&ccedil;i t\u0259yin edibl\u0259r. Erm\u0259nistan monitorinq alt\u0131nda olmal\u0131d\u0131r. Niy\u0259 susursan Avropa \u015euras\u0131? Han\u0131 s\u0259nin r\u0259hb\u0259rl\u0259rin, han\u0131 s\u0259nin monitorinq komit\u0259n, siyasi komit\u0259n. G&ouml;rm&uuml;rs&uuml;n&uuml;z ki, Erm\u0259nistanda repressiya ba\u015f al\u0131b gedir? G&ouml;rm&uuml;rs&uuml;n&uuml;z ki, diktator at oynad\u0131r? &Ouml;z&uuml; d\u0259 m\u0259\u011flub edilmi\u015f diktator, r\u0259zil v\u0259ziyy\u0259td\u0259 olan diktator. B\u0259s, niy\u0259 s\u0259sinizi &ccedil;\u0131xarm\u0131rs\u0131n\u0131z? B\u0259s, han\u0131 sizin demokratiyan\u0131z, insan haqlar\u0131n\u0131z? Cavab var? Yoxdur. Olmayacaq. M\u0259nim s&ouml;zl\u0259rimd\u0259n sonra bax, g&ouml;r\u0259rsiniz, olmayacaq. &Ouml;rt-basd\u0131r ed\u0259c\u0259k, &ouml;rt-basd\u0131r. Avropa Parlamenti Az\u0259rbaycana qar\u015f\u0131 10-dan &ccedil;ox eyb\u0259c\u0259r, yalan &uuml;z\u0259rind\u0259 qurulmu\u015f q\u0259tnam\u0259 q\u0259bul edib. Niy\u0259 susursan Avropa Parlamenti? &Ouml;z&uuml;n&uuml; guya d&uuml;nyan\u0131n demokratiya m\u0259rk\u0259zi say\u0131rsan. Bir s\u0259s &ccedil;\u0131xar, a&ccedil;\u0131qlama ver, b\u0259yanat ver, q\u0131na bunu. D&uuml;nyan\u0131n g&ouml;z&uuml; qar\u015f\u0131s\u0131nda diktator b&uuml;t&uuml;n m&uuml;xalif\u0259ti m\u0259hv edir. Bir adam\u0131 &ouml;ld&uuml;r&uuml;b. O parlamenti z\u0259bt ed\u0259nl\u0259r aras\u0131nda bir n\u0259f\u0259r art\u0131q &ouml;l&uuml; tap\u0131l\u0131b. N\u0259 &uuml;&ccedil;&uuml;n s\u0259s qald\u0131rm\u0131rs\u0131n\u0131z? Niy\u0259? M&uuml;nt\u0259z\u0259m olaraq biz\u0259 qar\u015f\u0131 &ccedil;irkin kampaniya aparan qeyri-h&ouml;kum\u0259t t\u0259\u015fkilatlar\u0131, niy\u0259 susursunuz, niy\u0259 s&ouml;z demirsiniz? Yax\u015f\u0131, ballistik raketl\u0259 bizi vurdu susdunuz, kasetli bombalarla, fosforlu bombalarla bizi vurdu susdunuz. B&ouml;y&uuml;k &ouml;lk\u0259l\u0259r, &ouml;zl\u0259rind\u0259n Avropan\u0131n lideri d&uuml;z\u0259ld\u0259n &ouml;lk\u0259l\u0259r, siz niy\u0259 susursunuz? Deyin, cavab verin. Yoxsa, yerind\u0259n duran burada biz\u0259 m\u0131z qoymaq ist\u0259yir, sata\u015fmaq ist\u0259yir. <\/span><span style=\"font-size: 12pt; font-family: 'Arial', sans-serif;\">Ham\u0131s\u0131n\u0131n cavab\u0131n\u0131 verir\u0259m, ham\u0131s\u0131n\u0131n, art\u0131qlamas\u0131 il\u0259. <\/span><\/span><\/p>\n<p style=\"text-align: justify; text-indent: 1cm;\"><span style=\"font-size: 12pt; font-family: 'Arial', sans-serif; color: #000000;\">Erm\u0259nistan diktatoru bunkerd\u0259 otura-otura &ouml;z&uuml;n&uuml; tamamil\u0259 d&uuml;nyadan, &ouml;z xalq\u0131ndan t\u0259crid edib, Az\u0259rbaycanda xalq-iqtidar birliyi. Bax, budur f\u0259rq. Budur bizim g&uuml;c&uuml;m&uuml;z. Bizim g&uuml;c&uuml;m&uuml;z birliyimizd\u0259dir. G&uuml;c v\u0259 birlik. Y\u0259qin, Az\u0259rbaycan xalq\u0131 xat\u0131rlay\u0131r, son 3-4 il \u0259rzind\u0259 m\u0259n &ouml;z &ccedil;\u0131x\u0131\u015flar\u0131mda d\u0259f\u0259l\u0259rl\u0259 demi\u015fdim ki, d&uuml;nya d\u0259yi\u015fir, m&uuml;nasib\u0259tl\u0259r d\u0259yi\u015fir, beyn\u0259lxalq h&uuml;quq i\u015fl\u0259mir, g&uuml;c amili &ouml;n\u0259 &ccedil;\u0131x\u0131r, &ldquo;kim g&uuml;cl&uuml;d&uuml;r o da haql\u0131d\u0131r&rdquo; prinsipi &uuml;st&uuml;nl&uuml;k t\u0259\u015fkil edir. B&uuml;t&uuml;n bunlar\u0131 m\u0259nim &ccedil;\u0131x\u0131\u015flar\u0131mda g&ouml;rm\u0259k olar. &Ccedil;&uuml;nki m\u0259n beyn\u0259lxalq v\u0259ziyy\u0259ti d&uuml;zg&uuml;n t\u0259hlil etmi\u015f\u0259m. Dem\u0259k ist\u0259mir\u0259m ki, biz d\u0259 bu yolla ged\u0259k. Yox. Bizim yolumuz \u0259dal\u0259t yoludur v\u0259 beyn\u0259lxalq h&uuml;quq yoludur. Biz beyn\u0259lxalq h&uuml;ququn k\u0259nar\u0131nda bir i\u015f g&ouml;rm\u0259mi\u015fik. Ancaq demi\u015f\u0259m ki, g&uuml;c amili &ouml;n plana &ccedil;\u0131x\u0131r v\u0259 biz buna haz\u0131r olmal\u0131y\u0131q v\u0259 haz\u0131rl\u0131q i\u015fl\u0259ri gedirdi, b&uuml;t&uuml;n bu ill\u0259r \u0259rzind\u0259, h\u0259m iqtisadi sah\u0259d\u0259, h\u0259m beyn\u0259lxalq m&uuml;nasib\u0259tl\u0259r sah\u0259sind\u0259, ilk n&ouml;vb\u0259d\u0259, ordu quruculu\u011fu sah\u0259sind\u0259. Bu g&uuml;c&uuml; toplad\u0131q, laz\u0131m olan anda vurduq, \u0259zdik d&uuml;\u015fm\u0259nin ba\u015f\u0131n\u0131. El\u0259 \u0259zdik ki, onu \u0259b\u0259di yadda saxlayacaq, \u0259b\u0259di. O dam\u011fan\u0131 vurduq. Az\u0259rbaycan xalq\u0131 m&uuml;z\u0259ff\u0259r xalqd\u0131r. Az\u0259rbaycan Ordusu m&uuml;z\u0259ff\u0259r ordudur. Biz d&ouml;y&uuml;\u015f meydan\u0131nda q\u0259l\u0259b\u0259 qazanm\u0131\u015f\u0131q, siyasi m&uuml;st\u0259vid\u0259 q\u0259l\u0259b\u0259 qazanm\u0131\u015f\u0131q, torpaqlar\u0131m\u0131z\u0131 i\u015f\u011fal&ccedil;\u0131lardan azad etmi\u015fik. <\/span><\/p>\n<p style=\"text-align: justify; text-indent: 1cm;\"><span style=\"font-size: 12pt; font-family: 'Arial', sans-serif; color: #000000;\">M\u0259n bu g&uuml;n A\u011fdam\u0131n azad olunmas\u0131 x\u0259b\u0259rini xalq\u0131ma b&ouml;y&uuml;k q&uuml;rur hissi il\u0259 &ccedil;atd\u0131r\u0131ram, bu m&uuml;jd\u0259ni verir\u0259m. Bu g&uuml;n bizim ya\u015fad\u0131\u011f\u0131m\u0131z g&uuml;nl\u0259r, ya\u015fad\u0131\u011f\u0131m\u0131z anlar, \u0259min\u0259m ki, h\u0259r bir az\u0259rbaycanl\u0131n\u0131n yadda\u015f\u0131nda \u0259b\u0259di qalacaq. Biz tarix yaz\u0131r\u0131q, yeni tarix. Xalq\u0131m\u0131z\u0131n, &ouml;lk\u0259mizin yeni \u015fanl\u0131 tarixini yaz\u0131r\u0131q. Bu, Z\u0259f\u0259r tarixidir. Bundan sonra biz, ilk n&ouml;vb\u0259d\u0259, i\u015f\u011faldan azad edilmi\u015f torpaqlara v\u0259t\u0259nda\u015flar\u0131m\u0131z\u0131n qaytar\u0131lmas\u0131n\u0131 t\u0259min etm\u0259liyik. B&uuml;t&uuml;n g&uuml;c&uuml;m&uuml;z&uuml; s\u0259f\u0259rb\u0259r etm\u0259liyik. B&uuml;t&uuml;n maddi imkanlar\u0131m\u0131z\u0131 s\u0259f\u0259rb\u0259r etm\u0259liyik ki, tezlikl\u0259 v\u0259t\u0259nda\u015flar\u0131m\u0131z\u0131 do\u011fma torpaqlar\u0131na qaytaraq.<\/span><\/p>\n<p style=\"text-align: justify; text-indent: 1cm;\"><span style=\"font-size: 12pt; font-family: 'Arial', sans-serif; color: #000000;\">\u018fziz xalq\u0131m, \u0259ziz a\u011fdaml\u0131lar, sizi bu g&ouml;z\u0259l tarixi hadis\u0259 m&uuml;nasib\u0259til\u0259 bir daha &uuml;r\u0259kd\u0259n t\u0259brik etm\u0259k ist\u0259yir\u0259m. Siz\u0259 cansa\u011fl\u0131\u011f\u0131, xo\u015fb\u0259xtlik arzulay\u0131ram. A\u011fdam bizimdir! Qaraba\u011f Az\u0259rbaycand\u0131r!<\/span><\/p>\n<p style=\"text-align: justify; text-indent: 1cm;\"><span style=\"font-size: 12pt; font-family: 'Arial', sans-serif;\"><\/span><\/p>","protected":false},"excerpt":{"rendered":"<p>Az\u0259rbaycan Prezidenti \u0130lham \u018fliyev xalqa m&uuml;raci\u0259t edib Bak\u0131, 20 noyabr, AZ\u018fRTAC&nbsp; Az\u0259rbaycan Respublikas\u0131n\u0131n Prezidenti \u0130lham \u018fliyev xalqa m&uuml;raci\u0259t edib. Prezident \u0130lham \u018fliyevin xalqa m&uuml;raci\u0259ti -\u018fziz h\u0259mv\u0259t\u0259nl\u0259r. M\u0259n sizi A\u011fdam rayonunun i\u015f\u011faldan azad olunmas\u0131 m&uuml;nasib\u0259til\u0259 &uuml;r\u0259kd\u0259n t\u0259brik edir\u0259m. B&uuml;t&uuml;n a\u011fdaml\u0131lar\u0131 &uuml;r\u0259kd\u0259n t\u0259brik edir\u0259m. \u018fziz a\u011fdaml\u0131lar, siz art\u0131q k&ouml;&ccedil;k&uuml;n deyilsiniz. Siz do\u011fma d\u0259d\u0259-baba torpa\u011f\u0131n\u0131za qay\u0131dacaqs\u0131n\u0131z. A\u011fdam rayonunun [&hellip;]<\/p>\n","protected":false},"author":1,"featured_media":0,"comment_status":"open","ping_status":"open","sticky":false,"template":"","format":"standard","meta":{"_eb_attr":"","ocean_post_layout":"","ocean_both_sidebars_style":"","ocean_both_sidebars_content_width":0,"ocean_both_sidebars_sidebars_width":0,"ocean_sidebar":"","ocean_second_sidebar":"","ocean_disable_margins":"enable","ocean_add_body_class":"","ocean_shortcode_before_top_bar":"","ocean_shortcode_after_top_bar":"","ocean_shortcode_before_header":"","ocean_shortcode_after_header":"","ocean_has_shortcode":"","ocean_shortcode_after_title":"","ocean_shortcode_before_footer_widgets":"","ocean_shortcode_after_footer_widgets":"","ocean_shortcode_before_footer_bottom":"","ocean_shortcode_after_footer_bottom":"","ocean_display_top_bar":"default","ocean_display_header":"default","ocean_header_style":"","ocean_center_header_left_menu":"","ocean_custom_header_template":"","ocean_custom_logo":0,"ocean_custom_retina_logo":0,"ocean_custom_logo_max_width":0,"ocean_custom_logo_tablet_max_width":0,"ocean_custom_logo_mobile_max_width":0,"ocean_custom_logo_max_height":0,"ocean_custom_logo_tablet_max_height":0,"ocean_custom_logo_mobile_max_height":0,"ocean_header_custom_menu":"","ocean_menu_typo_font_family":"","ocean_menu_typo_font_subset":"","ocean_menu_typo_font_size":0,"ocean_menu_typo_font_size_tablet":0,"ocean_menu_typo_font_size_mobile":0,"ocean_menu_typo_font_size_unit":"px","ocean_menu_typo_font_weight":"","ocean_menu_typo_font_weight_tablet":"","ocean_menu_typo_font_weight_mobile":"","ocean_menu_typo_transform":"","ocean_menu_typo_transform_tablet":"","ocean_menu_typo_transform_mobile":"","ocean_menu_typo_line_height":0,"ocean_menu_typo_line_height_tablet":0,"ocean_menu_typo_line_height_mobile":0,"ocean_menu_typo_line_height_unit":"","ocean_menu_typo_spacing":0,"ocean_menu_typo_spacing_tablet":0,"ocean_menu_typo_spacing_mobile":0,"ocean_menu_typo_spacing_unit":"","ocean_menu_link_color":"","ocean_menu_link_color_hover":"","ocean_menu_link_color_active":"","ocean_menu_link_background":"","ocean_menu_link_hover_background":"","ocean_menu_link_active_background":"","ocean_menu_social_links_bg":"","ocean_menu_social_hover_links_bg":"","ocean_menu_social_links_color":"","ocean_menu_social_hover_links_color":"","ocean_disable_title":"default","ocean_disable_heading":"default","ocean_post_title":"","ocean_post_subheading":"","ocean_post_title_style":"","ocean_post_title_background_color":"","ocean_post_title_background":0,"ocean_post_title_bg_image_position":"","ocean_post_title_bg_image_attachment":"","ocean_post_title_bg_image_repeat":"","ocean_post_title_bg_image_size":"","ocean_post_title_height":0,"ocean_post_title_bg_overlay":0.5,"ocean_post_title_bg_overlay_color":"","ocean_disable_breadcrumbs":"default","ocean_breadcrumbs_color":"","ocean_breadcrumbs_separator_color":"","ocean_breadcrumbs_links_color":"","ocean_breadcrumbs_links_hover_color":"","ocean_display_footer_widgets":"default","ocean_display_footer_bottom":"default","ocean_custom_footer_template":"","ocean_post_oembed":"","ocean_post_self_hosted_media":"","ocean_post_video_embed":"","ocean_link_format":"","ocean_link_format_target":"self","ocean_quote_format":"","ocean_quote_format_link":"post","ocean_gallery_link_images":"on","ocean_gallery_id":[],"footnotes":""},"categories":[63],"tags":[],"class_list":["post-15574","post","type-post","status-publish","format-standard","hentry","category-khaebaerlaer-az","entry"],"_links":{"self":[{"href":"https:\/\/mdu.edu.az\/ru\/wp-json\/wp\/v2\/posts\/15574","targetHints":{"allow":["GET"]}}],"collection":[{"href":"https:\/\/mdu.edu.az\/ru\/wp-json\/wp\/v2\/posts"}],"about":[{"href":"https:\/\/mdu.edu.az\/ru\/wp-json\/wp\/v2\/types\/post"}],"author":[{"embeddable":true,"href":"https:\/\/mdu.edu.az\/ru\/wp-json\/wp\/v2\/users\/1"}],"replies":[{"embeddable":true,"href":"https:\/\/mdu.edu.az\/ru\/wp-json\/wp\/v2\/comments?post=15574"}],"version-history":[{"count":0,"href":"https:\/\/mdu.edu.az\/ru\/wp-json\/wp\/v2\/posts\/15574\/revisions"}],"wp:attachment":[{"href":"https:\/\/mdu.edu.az\/ru\/wp-json\/wp\/v2\/media?parent=15574"}],"wp:term":[{"taxonomy":"category","embeddable":true,"href":"https:\/\/mdu.edu.az\/ru\/wp-json\/wp\/v2\/categories?post=15574"},{"taxonomy":"post_tag","embeddable":true,"href":"https:\/\/mdu.edu.az\/ru\/wp-json\/wp\/v2\/tags?post=15574"}],"curies":[{"name":"wp","href":"https:\/\/api.w.org\/{rel}","templated":true}]}}