{"id":15626,"date":"2020-12-11T18:07:41","date_gmt":"2020-12-11T15:07:41","guid":{"rendered":"https:\/\/mdu.edu.az\/konfrans-11-12-2020\/"},"modified":"2020-12-11T18:07:41","modified_gmt":"2020-12-11T15:07:41","slug":"konfrans-11-12-2020","status":"publish","type":"post","link":"https:\/\/mdu.edu.az\/ru\/konfrans-11-12-2020\/","title":{"rendered":"Ming\u0259\u00e7evir D\u00f6vl\u0259t Universitetind\u0259 respublika elmi konfrans\u0131 ke\u00e7irilib"},"content":{"rendered":"<p style=\"margin-top: 0cm; margin-right: -6.8pt; margin-bottom: 0cm; text-align: center; line-height: 150%; background: white none repeat scroll 0% 0%;\"><b><span style=\"font-size: 14pt; line-height: 150%; font-family: 'Arial', sans-serif; color: #002060;\">Ming\u0259&ccedil;evir D&ouml;vl\u0259t Universitetind\u0259 respublika elmi konfrans\u0131 ke&ccedil;irilib<\/span><\/b><\/p>\n<p>&nbsp;<\/p>\n<p style=\"margin-top: 0cm; margin-right: -6.8pt; margin-bottom: 0cm; text-align: center; line-height: 150%; background: white none repeat scroll 0% 0%;\"><b><span style=\"font-family: 'Arial', sans-serif;\"><\/span><\/b><\/p>\n<p style=\"margin-bottom: 0cm; text-align: justify; text-indent: 1cm; line-height: 150%;\"><span style=\"font-size: 12pt; line-height: 150%; font-family: 'Arial', sans-serif; color: #000000;\">2020-ci ilin 11 dekabr tarixind\u0259 Ming\u0259&ccedil;evir D&ouml;vl\u0259t Universitetind\u0259 (MDU) &ldquo;Regional inki\u015faf\u0131n t\u0259min olunmas\u0131nda innovativ tendensiyalar: reall\u0131qlar v\u0259 m&uuml;asir &ccedil;a\u011f\u0131r\u0131\u015flar&rdquo; m&ouml;vzusunda respublika elmi konfrans\u0131 ke&ccedil;irilib. Konfrans Az\u0259rbaycan Respublikas\u0131 T\u0259hsil Nazirliyinin m&uuml;vafiq \u0259mri il\u0259 t\u0259sdiq edilmi\u015f Az\u0259rbaycan Respublikas\u0131 T\u0259hsil Nazirliyi sistemind\u0259 f\u0259aliyy\u0259t g&ouml;st\u0259r\u0259n ali t\u0259hsil m&uuml;\u0259ssis\u0259l\u0259rind\u0259 2020-ci ild\u0259 ke&ccedil;irilm\u0259li olan beyn\u0259lxalq v\u0259 respublika s\u0259viyy\u0259li elmi konfrans v\u0259 simpoziumlar &ccedil;\u0259r&ccedil;iv\u0259sind\u0259 t\u0259\u015fkil olunub.<\/span><\/p>\n<p style=\"margin-top: 0cm; margin-right: -6.8pt; margin-bottom: 0cm; text-align: justify; text-indent: 1cm; line-height: 150%; background: white none repeat scroll 0% 0%;\"><span style=\"font-family: 'Arial', sans-serif; color: #000000;\">&ldquo;Microsoft Teams&rdquo; platformas\u0131 &uuml;z\u0259rind\u0259n online formatda ke&ccedil;iril\u0259n konfrans\u0131 giri\u015f s&ouml;z&uuml; il\u0259 a&ccedil;an MDU-nun rektoru \u015eahin Bayramov, ilk n&ouml;vb\u0259d\u0259, Ali Ba\u015f Komandan\u0131m\u0131z\u0131n r\u0259hb\u0259rliyi il\u0259 m&uuml;z\u0259ff\u0259r Az\u0259rbaycan Ordusunun \u0259ld\u0259 etdiyi tarixi q\u0259l\u0259b\u0259 m&uuml;nasib\u0259til\u0259 t\u0259dbir i\u015ftirak&ccedil;\u0131lar\u0131n\u0131 t\u0259brik edib, xalq\u0131m\u0131zda sonsuz f\u0259xar\u0259t v\u0259 sevinc hissl\u0259ri yaradan m&ouml;ht\u0259\u015f\u0259m z\u0259f\u0259rin qazan\u0131lmas\u0131nda, &ouml;lk\u0259mizin \u0259razi b&uuml;t&ouml;vl&uuml;y&uuml;n&uuml;n t\u0259min edilm\u0259sind\u0259 can\u0131n\u0131 f\u0259da etmi\u015f b&uuml;t&uuml;n \u015f\u0259hidl\u0259rimiz\u0259 Allahdan r\u0259hm\u0259t, qazil\u0259rimiz\u0259 is\u0259 \u015f\u0259fa dil\u0259yib.<\/span><\/p>\n<p style=\"margin-top: 0cm; margin-right: -6.8pt; margin-bottom: 0cm; text-align: justify; text-indent: 1cm; line-height: 150%; background: white none repeat scroll 0% 0%;\"><span style=\"font-family: 'Arial', sans-serif; color: #000000;\">Konfrans &uuml;&ccedil;&uuml;n se&ccedil;ilmi\u015f m&ouml;vzunun aktuall\u0131\u011f\u0131ndan b\u0259hs ed\u0259n \u015e.Bayramov \u0259sas\u0131 &uuml;mummilli liderimiz Heyd\u0259r \u018fliyev t\u0259r\u0259find\u0259n qoyulmu\u015f v\u0259 haz\u0131rda Az\u0259rbaycan Respublikas\u0131n\u0131n Prezidenti c\u0259nab \u0130lham \u018fliyev t\u0259r\u0259find\u0259n yeni keyfiyy\u0259t m\u0259rh\u0259l\u0259s\u0259ind\u0259 inki\u015faf etdiril\u0259n h\u0259rt\u0259r\u0259fli inki\u015faf konspesiyas\u0131n\u0131n m\u0259zmununda innovasiyalar\u0131n yarad\u0131lmas\u0131na v\u0259 innovativ yana\u015fman\u0131n t\u0259tbiqin\u0259 x&uuml;susi \u0259h\u0259miyy\u0259t verildiyini bildirib. &Uuml;&ccedil; b&ouml;lm\u0259 v\u0259 12 istiqam\u0259ti \u0259hat\u0259 ed\u0259n konfrans\u0131n &ouml;lk\u0259mizin t\u0259hsil v\u0259 elmi ictimaiyy\u0259tinin b&ouml;y&uuml;k mara\u011f\u0131na s\u0259b\u0259b oldu\u011funu vur\u011fulayan rektor bu elmi t\u0259dbir\u0259 respublikam\u0131z\u0131n 22 ali t\u0259hsil m&uuml;\u0259ssis\u0259sini, AMEA-n\u0131n 8 sah\u0259 elmi-t\u0259dqiqat institutunu v\u0259 dig\u0259r 6 t\u0259\u015fkilat\u0131 t\u0259msil ed\u0259n 270 n\u0259f\u0259r m&uuml;\u0259llifd\u0259n &uuml;mumilikd\u0259 230 m\u0259qal\u0259 v\u0259 tezisin t\u0259qdim olundu\u011funu diqq\u0259t\u0259 &ccedil;atd\u0131r\u0131b. <\/span><\/p>\n<p style=\"margin-top: 0cm; margin-right: 0cm; margin-bottom: 0cm; text-align: justify; text-indent: 1cm; line-height: 150%; background: white none repeat scroll 0% 0%;\"><span style=\"font-family: 'Arial', sans-serif; color: #000000;\">Milli M\u0259clisin Elm v\u0259 t\u0259hsil komit\u0259sinin s\u0259dri, AMEA-n\u0131n m&uuml;xbir &uuml;zv&uuml;, professor B\u0259xtiyar \u018fliyev &ldquo;Regional inki\u015fafda elm, t\u0259hsil v\u0259 innovasiyalar\u0131n artan roluna m&uuml;asir bax\u0131\u015f&rdquo; m&ouml;vzusunda &ccedil;\u0131x\u0131\u015f edib. Tarixi q\u0259l\u0259b\u0259 m&uuml;nasib\u0259til\u0259 t\u0259dbir i\u015ftirak&ccedil;\u0131lar\u0131n\u0131 t\u0259brik ed\u0259n B.\u018fliyev i\u015f\u011faldan azad edilmi\u015f b&ouml;lg\u0259l\u0259rimizin dir&ccedil;\u0259ldilm\u0259si v\u0259 inki\u015faf\u0131na ba\u015flan\u0131ld\u0131\u011f\u0131 bir d&ouml;vrd\u0259 bel\u0259 bir m&ouml;vzuda konfrans\u0131n ke&ccedil;irilm\u0259sini t\u0259qdir\u0259layiq hal kimi d\u0259y\u0259rl\u0259ndirib. D&ouml;rd&uuml;nc&uuml; s\u0259naye inqilab\u0131n\u0131n \u0259sas &ccedil;a\u011f\u0131r\u0131\u015flar\u0131ndan b\u0259hs ed\u0259n B.\u018fliyev innovativ inki\u015faf\u0131 t\u0259min ed\u0259 bil\u0259n ali t\u0259hsil proqramlar\u0131n\u0131n haz\u0131rlanmas\u0131, onlar\u0131n &ccedil;evik yenil\u0259nm\u0259si, ali t\u0259hsil m&uuml;\u0259ssis\u0259l\u0259rind\u0259 startaplar\u0131n t\u0259dris prosesin\u0259 inteqrasiyas\u0131, d&ouml;vl\u0259t, s\u0259naye v\u0259 universitet \u0259m\u0259kda\u015fl\u0131\u011f\u0131n\u0131n g&uuml;cl\u0259ndirilm\u0259si, elmi f\u0259aliyy\u0259t n\u0259tic\u0259l\u0259rinin kommersiyala\u015fd\u0131r\u0131lmas\u0131, sahibkarlarl\u0131q subyektl\u0259ri il\u0259 elm v\u0259 ali t\u0259hsil m&uuml;\u0259ssis\u0259l\u0259rinin birg\u0259 f\u0259aliyy\u0259tinin &ouml;n\u0259mi v\u0259 dig\u0259r m\u0259s\u0259l\u0259l\u0259r bar\u0259d\u0259 fikirl\u0259rini b&ouml;l&uuml;\u015f&uuml;b. \u0130nnovasiya siyas\u0259ti bar\u0259d\u0259 beyn\u0259lxalq t\u0259cr&uuml;b\u0259d\u0259n v\u0259 regionlar\u0131n inki\u015faf\u0131 sah\u0259sind\u0259 universitetl\u0259rin davaml\u0131 artan rolundan dan\u0131\u015fan B.\u018fliyev s&ouml;z&uuml;ged\u0259n m\u0259s\u0259l\u0259l\u0259rin haz\u0131rlanmaqda olan &ldquo;Ali t\u0259hsil haqq\u0131nda&rdquo; Az\u0259rbaycan Respublikas\u0131n\u0131n qanunu layih\u0259sinin m&uuml;vafiq m&uuml;dd\u0259alar\u0131nda \u0259ks olunaca\u011f\u0131n\u0131 bildirib. <\/span><\/p>\n<p style=\"margin-top: 0cm; margin-right: 0cm; margin-bottom: 0cm; text-align: justify; text-indent: 26.95pt; line-height: 150%; background: white none repeat scroll 0% 0%;\"><span style=\"font-size: 12pt; line-height: 150%; font-family: 'Arial', sans-serif; color: #000000;\">Rabit\u0259 v\u0259 Y&uuml;ks\u0259k Texnologiyalar Nazirliyinin tabeliyind\u0259 \u0130nnovasiyalar Agentliyinin \u0130dar\u0259 Hey\u0259tinin s\u0259dri Tural K\u0259rimli &ldquo;Y&uuml;ks\u0259k texnologiya parklar\u0131 v\u0259 startaplar\u0131 regional ekosistemin inki\u015faf\u0131n\u0131n h\u0259r\u0259k\u0259tverici amill\u0259ri kimi&rdquo; m&ouml;vzusunda &ccedil;\u0131x\u0131\u015f edib. Y&uuml;ks\u0259k texnologiyalar\u0131n h\u0259yat\u0131m\u0131zda m&uuml;h&uuml;m rol oynad\u0131\u011f\u0131n\u0131, r\u0259qab\u0259tqabiliyy\u0259tliliyin y&uuml;ks\u0259ldilm\u0259sin\u0259 \u0259h\u0259miyy\u0259tli t\u0259sir g&ouml;st\u0259rdiyini qeyd ed\u0259n T.K\u0259rimli ekosistemin modernl\u0259\u015fdirilm\u0259sinin m&uuml;h&uuml;m amili kimi texnoparklar\u0131n yarad\u0131lmas\u0131 v\u0259 onlar\u0131n f\u0259aliyy\u0259tinin d\u0259st\u0259kl\u0259nm\u0259sinin vacibliyi il\u0259 ba\u011fl\u0131 fikirl\u0259rini b&ouml;l&uuml;\u015f&uuml;b. O, neft-qaz ixrac ed\u0259n &ouml;lk\u0259d\u0259n y&uuml;ks\u0259k texnoloji m\u0259hsullar ixrac ed\u0259n &ouml;lk\u0259y\u0259 transformasiya prosesinin h\u0259r\u0259k\u0259tverici q&uuml;vv\u0259si kimi innovasiya infrastrukturlar\u0131n\u0131n \u0259h\u0259miyy\u0259tini diqq\u0259t\u0259 &ccedil;atd\u0131r\u0131b.<\/span><\/p>\n<p style=\"margin-top: 0cm; margin-right: 0cm; margin-bottom: 0cm; text-align: justify; text-indent: 26.95pt; line-height: 150%; background: white none repeat scroll 0% 0%;\"><span style=\"font-size: 12pt; line-height: 150%; font-family: 'Arial', sans-serif; color: #000000;\">MDU-nun rektoru \u015e.Bayramov &ldquo;\u0130nnovativ inki\u015faf m&uuml;asir d&ouml;vr&uuml;n \u0259sas &ccedil;a\u011f\u0131r\u0131\u015f\u0131 v\u0259 davaml\u0131 art\u0131m\u0131n z\u0259ruri \u015f\u0259rtidir&rdquo; m&ouml;vzusunda &ccedil;\u0131x\u0131\u015f edib. \u0130nnovativ inki\u015faf\u0131n davaml\u0131 iqtisadi art\u0131m\u0131n t\u0259min edilm\u0259sind\u0259ki m&uuml;h&uuml;m rolundan b\u0259hs ed\u0259n \u015e.Bayramov &ouml;lk\u0259mizd\u0259 innovasiya \u0259sasl\u0131 iqtisadi inki\u015faf modelin\u0259 ke&ccedil;id istiqam\u0259tind\u0259 h\u0259yata ke&ccedil;iril\u0259n kompleks t\u0259dbirl\u0259rin \u0259h\u0259miyy\u0259tind\u0259n dan\u0131\u015f\u0131b. Son d&ouml;vrd\u0259 Az\u0259rbaycan\u0131n &ouml;z&uuml;n\u0259m\u0259xsus innovativ idar\u0259etm\u0259 modelinin formala\u015fd\u0131\u011f\u0131n\u0131 vur\u011fulayan \u015e.Bayramov yarad\u0131lan yeni institusional mexanizml\u0259rin &ouml;lk\u0259mizd\u0259 iqtisadi art\u0131m\u0131n dayan\u0131ql\u0131\u011f\u0131n\u0131n g&uuml;cl\u0259ndirilm\u0259sin\u0259 xidm\u0259t etdiyini bildirib. &Ouml;lk\u0259mizd\u0259 innovasiya ekosisteminin inki\u015faf\u0131nda ali t\u0259hsil m&uuml;\u0259ssis\u0259l\u0259rinin rolunu vur\u011fulayan rektor universitetl\u0259rin &ldquo;t\u0259hsil&ndash;t\u0259dqiqat&ndash;innovasiya&rdquo; format\u0131nda inki\u015faf\u0131n\u0131n t\u0259\u015fviq edilm\u0259si m\u0259s\u0259l\u0259l\u0259rin\u0259 toxunub v\u0259 qeyd olunan istiqam\u0259tl\u0259r &uuml;zr\u0259 MDU-da g&ouml;r&uuml;l\u0259n i\u015fl\u0259rd\u0259n dan\u0131\u015f\u0131b.<\/span><\/p>\n<p style=\"margin-top: 0cm; margin-right: 0cm; margin-bottom: 0cm; text-align: justify; text-indent: 26.95pt; line-height: 150%; background: white none repeat scroll 0% 0%;\"><span style=\"font-size: 12pt; line-height: 150%; font-family: 'Arial', sans-serif; color: #000000;\">&ldquo;Az\u0259rbaycan \u0130stilik Elektrik Stansiyas\u0131 (\u0130ES)&rdquo; M\u0259hdud M\u0259suliyy\u0259tli C\u0259miyy\u0259tinin direktoru, dosent T\u0259hmasib H&uuml;seynov &ldquo;C\u0259nubi Qafqaz\u0131n \u0259n b&ouml;y&uuml;k elektrik enerjisi m&uuml;\u0259ssis\u0259si: \u0259sasl\u0131 yenid\u0259nqurulma, m&uuml;asir texnologiya, artan potensial&rdquo; m&ouml;vzusunda &ccedil;\u0131x\u0131\u015f edib. C\u0259nubi Qafqaz\u0131n \u0259n b&ouml;y&uuml;k elektrik enerjisi istehsal\u0131 m&uuml;\u0259ssis\u0259si olan &ldquo;Az\u0259rbaycan \u0130ES&rdquo;-in innovativ \u0259saslarla yenid\u0259n quruldu\u011funu diqq\u0259t\u0259 &ccedil;atd\u0131ran T.H&uuml;seynov elektrik enerjisi istehsal\u0131n\u0131n artmas\u0131nda v\u0259 texnoloji prosesin t\u0259kmill\u0259\u015fdirilm\u0259sind\u0259 innovasiyalar\u0131n rolundan b\u0259hs edib.<\/span><\/p>\n<p style=\"margin-top: 0cm; margin-right: 0cm; margin-bottom: 0cm; text-align: justify; text-indent: 26.95pt; line-height: 150%; background: white none repeat scroll 0% 0%;\"><span style=\"font-size: 12pt; line-height: 150%; font-family: 'Arial', sans-serif; color: #000000;\">Plenar iclas\u0131n sonunda Az\u0259rbaycan Texniki Universitetinin, L\u0259nk\u0259ran D&ouml;vl\u0259t Universitetinin v\u0259 dig\u0259r qurumlar\u0131n t\u0259msil&ccedil;il\u0259ri konfrans\u0131n \u0259h\u0259miyy\u0259ti bar\u0259d\u0259 fikirl\u0259rini b&ouml;l&uuml;\u015f&uuml;bl\u0259r.<\/span><\/p>\n<p style=\"margin-top: 0cm; margin-right: 0cm; margin-bottom: 0cm; text-align: justify; text-indent: 26.95pt; line-height: 150%; background: white none repeat scroll 0% 0%;\"><span style=\"font-size: 12pt; line-height: 150%; font-family: 'Arial', sans-serif; color: #000000;\">Sonra, konfrans\u0131n b&ouml;lm\u0259 iclaslar\u0131 (T\u0259bi\u0259t v\u0259 texnika; \u0130qtisadiyyat v\u0259 idar\u0259etm\u0259; T\u0259hsil v\u0259 humanitar) ke&ccedil;irilib. Konfrans &ouml;z i\u015fini 12 dekabr tarixind\u0259 davam etdir\u0259c\u0259k. <\/span><\/p>\n<p style=\"margin-top: 0cm; margin-right: 0cm; margin-bottom: 0cm; text-align: justify; text-indent: 26.95pt; line-height: 150%; background: white none repeat scroll 0% 0%;\"><span style=\"font-size: 12pt; line-height: 150%; font-family: 'Arial', sans-serif; color: #000000;\">Qeyd ed\u0259k ki, MDU-nun evsahibliyi il\u0259 ke&ccedil;iril\u0259n elmi konfrans\u0131n \u0259sas m\u0259qs\u0259di i\u015ftirak&ccedil;\u0131lara se&ccedil;ilmi\u015f m&ouml;vzu &uuml;zr\u0259 h\u0259yata ke&ccedil;irdikl\u0259ri t\u0259dqiqatlar\u0131n n\u0259tic\u0259l\u0259rini t\u0259qdim etm\u0259k, m&uuml;vafiq m&ouml;vzular \u0259traf\u0131nda elmi diskussiyalar aparmaq v\u0259 g\u0259l\u0259c\u0259k elmi f\u0259aliyy\u0259tl\u0259rin konturlar\u0131n\u0131 m&uuml;\u0259yy\u0259n etm\u0259k imkan\u0131 yarad\u0131lmas\u0131ndan ibar\u0259t olub.<\/span><\/p>\n<p>{phocagallery view=category|categoryid=472|limitstart=0|limitcount=0}<\/p>","protected":false},"excerpt":{"rendered":"<p>Ming\u0259&ccedil;evir D&ouml;vl\u0259t Universitetind\u0259 respublika elmi konfrans\u0131 ke&ccedil;irilib &nbsp; 2020-ci ilin 11 dekabr tarixind\u0259 Ming\u0259&ccedil;evir D&ouml;vl\u0259t Universitetind\u0259 (MDU) &ldquo;Regional inki\u015faf\u0131n t\u0259min olunmas\u0131nda innovativ tendensiyalar: reall\u0131qlar v\u0259 m&uuml;asir &ccedil;a\u011f\u0131r\u0131\u015flar&rdquo; m&ouml;vzusunda respublika elmi konfrans\u0131 ke&ccedil;irilib. Konfrans Az\u0259rbaycan Respublikas\u0131 T\u0259hsil Nazirliyinin m&uuml;vafiq \u0259mri il\u0259 t\u0259sdiq edilmi\u015f Az\u0259rbaycan Respublikas\u0131 T\u0259hsil Nazirliyi sistemind\u0259 f\u0259aliyy\u0259t g&ouml;st\u0259r\u0259n ali t\u0259hsil m&uuml;\u0259ssis\u0259l\u0259rind\u0259 2020-ci ild\u0259 ke&ccedil;irilm\u0259li [&hellip;]<\/p>\n","protected":false},"author":1,"featured_media":0,"comment_status":"open","ping_status":"open","sticky":false,"template":"","format":"standard","meta":{"_eb_attr":"","ocean_post_layout":"","ocean_both_sidebars_style":"","ocean_both_sidebars_content_width":0,"ocean_both_sidebars_sidebars_width":0,"ocean_sidebar":"","ocean_second_sidebar":"","ocean_disable_margins":"enable","ocean_add_body_class":"","ocean_shortcode_before_top_bar":"","ocean_shortcode_after_top_bar":"","ocean_shortcode_before_header":"","ocean_shortcode_after_header":"","ocean_has_shortcode":"","ocean_shortcode_after_title":"","ocean_shortcode_before_footer_widgets":"","ocean_shortcode_after_footer_widgets":"","ocean_shortcode_before_footer_bottom":"","ocean_shortcode_after_footer_bottom":"","ocean_display_top_bar":"default","ocean_display_header":"default","ocean_header_style":"","ocean_center_header_left_menu":"","ocean_custom_header_template":"","ocean_custom_logo":0,"ocean_custom_retina_logo":0,"ocean_custom_logo_max_width":0,"ocean_custom_logo_tablet_max_width":0,"ocean_custom_logo_mobile_max_width":0,"ocean_custom_logo_max_height":0,"ocean_custom_logo_tablet_max_height":0,"ocean_custom_logo_mobile_max_height":0,"ocean_header_custom_menu":"","ocean_menu_typo_font_family":"","ocean_menu_typo_font_subset":"","ocean_menu_typo_font_size":0,"ocean_menu_typo_font_size_tablet":0,"ocean_menu_typo_font_size_mobile":0,"ocean_menu_typo_font_size_unit":"px","ocean_menu_typo_font_weight":"","ocean_menu_typo_font_weight_tablet":"","ocean_menu_typo_font_weight_mobile":"","ocean_menu_typo_transform":"","ocean_menu_typo_transform_tablet":"","ocean_menu_typo_transform_mobile":"","ocean_menu_typo_line_height":0,"ocean_menu_typo_line_height_tablet":0,"ocean_menu_typo_line_height_mobile":0,"ocean_menu_typo_line_height_unit":"","ocean_menu_typo_spacing":0,"ocean_menu_typo_spacing_tablet":0,"ocean_menu_typo_spacing_mobile":0,"ocean_menu_typo_spacing_unit":"","ocean_menu_link_color":"","ocean_menu_link_color_hover":"","ocean_menu_link_color_active":"","ocean_menu_link_background":"","ocean_menu_link_hover_background":"","ocean_menu_link_active_background":"","ocean_menu_social_links_bg":"","ocean_menu_social_hover_links_bg":"","ocean_menu_social_links_color":"","ocean_menu_social_hover_links_color":"","ocean_disable_title":"default","ocean_disable_heading":"default","ocean_post_title":"","ocean_post_subheading":"","ocean_post_title_style":"","ocean_post_title_background_color":"","ocean_post_title_background":0,"ocean_post_title_bg_image_position":"","ocean_post_title_bg_image_attachment":"","ocean_post_title_bg_image_repeat":"","ocean_post_title_bg_image_size":"","ocean_post_title_height":0,"ocean_post_title_bg_overlay":0.5,"ocean_post_title_bg_overlay_color":"","ocean_disable_breadcrumbs":"default","ocean_breadcrumbs_color":"","ocean_breadcrumbs_separator_color":"","ocean_breadcrumbs_links_color":"","ocean_breadcrumbs_links_hover_color":"","ocean_display_footer_widgets":"default","ocean_display_footer_bottom":"default","ocean_custom_footer_template":"","ocean_post_oembed":"","ocean_post_self_hosted_media":"","ocean_post_video_embed":"","ocean_link_format":"","ocean_link_format_target":"self","ocean_quote_format":"","ocean_quote_format_link":"post","ocean_gallery_link_images":"on","ocean_gallery_id":[],"footnotes":""},"categories":[63],"tags":[],"class_list":["post-15626","post","type-post","status-publish","format-standard","hentry","category-khaebaerlaer-az","entry"],"_links":{"self":[{"href":"https:\/\/mdu.edu.az\/ru\/wp-json\/wp\/v2\/posts\/15626","targetHints":{"allow":["GET"]}}],"collection":[{"href":"https:\/\/mdu.edu.az\/ru\/wp-json\/wp\/v2\/posts"}],"about":[{"href":"https:\/\/mdu.edu.az\/ru\/wp-json\/wp\/v2\/types\/post"}],"author":[{"embeddable":true,"href":"https:\/\/mdu.edu.az\/ru\/wp-json\/wp\/v2\/users\/1"}],"replies":[{"embeddable":true,"href":"https:\/\/mdu.edu.az\/ru\/wp-json\/wp\/v2\/comments?post=15626"}],"version-history":[{"count":0,"href":"https:\/\/mdu.edu.az\/ru\/wp-json\/wp\/v2\/posts\/15626\/revisions"}],"wp:attachment":[{"href":"https:\/\/mdu.edu.az\/ru\/wp-json\/wp\/v2\/media?parent=15626"}],"wp:term":[{"taxonomy":"category","embeddable":true,"href":"https:\/\/mdu.edu.az\/ru\/wp-json\/wp\/v2\/categories?post=15626"},{"taxonomy":"post_tag","embeddable":true,"href":"https:\/\/mdu.edu.az\/ru\/wp-json\/wp\/v2\/tags?post=15626"}],"curies":[{"name":"wp","href":"https:\/\/api.w.org\/{rel}","templated":true}]}}