{"id":15711,"date":"2021-01-29T09:18:29","date_gmt":"2021-01-29T06:18:29","guid":{"rendered":"https:\/\/mdu.edu.az\/minzh-evir-d-vl-t-universitetinin-rektoru-ahin-bayramovun-az-rbaydzan-zh-zetind-m-zhal-si-d-rdz-olunub\/"},"modified":"2023-09-11T09:35:02","modified_gmt":"2023-09-11T06:35:02","slug":"minzh-evir-d-vl-t-universitetinin-rektoru-ahin-bayramovun-az-rbaydzan-zh-zetind-m-zhal-si-d-rdz-olunub","status":"publish","type":"post","link":"https:\/\/mdu.edu.az\/ru\/minzh-evir-d-vl-t-universitetinin-rektoru-ahin-bayramovun-az-rbaydzan-zh-zetind-m-zhal-si-d-rdz-olunub\/","title":{"rendered":"&#8220;Az\u0259rbaycan&#8221; q\u0259zetinin 29 yanvar 2021-ci il burax\u0131l\u0131\u015f\u0131nda rektor \u015eahin Bayramovun m\u0259qal\u0259si d\u0259rc olunub"},"content":{"rendered":"<p style=\"text-align: center;\"><b><span style=\"font-size: 26pt; font-family: Arial; color: red;\">Ming\u0259&ccedil;evir D&ouml;vl\u0259t Universiteti s&uuml;r\u0259tl\u0259 modernl\u0259\u015fir<\/span><\/b><\/p>\n<p style=\"text-align: center;\"><img decoding=\"async\" src=\"images\/photo\/tedris.jpeg\" alt=\"\" \/><\/p>\n<p><a href=\"http:\/\/azerbaijan-news.az\/posts\/detail\/mingecevir-dovlet-universiteti-suretle-modernlesir-1611866917#.YBMlLuQ0rDs\" target=\"_blank\" rel=\"noopener\">Az\u0259rbaycan q\u0259zeti, 29.01.2021<\/a><\/p>\n<p><a href=\"\/ru\/images\/pdf\/Meqale_Az.pdf\/\" target=\"_blank\" rel=\"noopener\">Q\u0259zetin PDF versiyas\u0131<\/a><\/p>\n<p style=\"text-align: center;\"><span style=\"font-family: Arial;\"><\/span><\/p>\n<p style=\"text-align: justify; text-indent: 27pt;\"><span style=\"color: #000000;\"><span style=\"font-family: Arial;\">D&uuml;nyan\u0131 b&uuml;r&uuml;m&uuml;\u015f COVID-19 infeksiyas\u0131na qar\u015f\u0131 m&uuml;bariz\u0259 t\u0259dbirl\u0259rinin davam etdirilm\u0259si ali t\u0259hsil m&uuml;\u0259ssis\u0259l\u0259ri qar\u015f\u0131s\u0131nda yeni &ccedil;a\u011f\u0131r\u0131\u015flar yaratm\u0131\u015f, \u0259vv\u0259lki d&ouml;vrl\u0259rd\u0259 rast g\u0259linm\u0259mi\u015f v\u0259zif\u0259l\u0259rin icras\u0131n\u0131 qa&ccedil;\u0131lmaz etmi\u015fdir. <\/span><span style=\"font-family: Arial;\">Ba\u015fqa s&ouml;zl\u0259, universitetl\u0259r q\u0131sa m&uuml;dd\u0259td\u0259 m&ouml;vcud reall\u0131qlara uy\u011funla\u015fma\u011fa, t\u0259dris prosesinin davaml\u0131l\u0131\u011f\u0131n\u0131n t\u0259min edilm\u0259si &uuml;&ccedil;&uuml;n b&uuml;t&uuml;n m&uuml;mk&uuml;n resurslar\u0131 s\u0259f\u0259rb\u0259r etm\u0259y\u0259, r\u0259q\u0259msalla\u015fman\u0131 s&uuml;r\u0259tl\u0259ndirm\u0259y\u0259, m\u0259saf\u0259d\u0259n t\u0259hsilin t\u0259\u015fkili &uuml;&ccedil;&uuml;n &ccedil;evik v\u0259 qeyri-\u0259n\u0259n\u0259vi q\u0259rarlar q\u0259bul etm\u0259y\u0259 &ccedil;al\u0131\u015f\u0131r.<\/span><\/span><\/p>\n<p style=\"text-align: justify; text-indent: 27pt;\"><span style=\"font-family: Arial; color: #000000;\">&Ouml;lk\u0259mizd\u0259 2020\/2021-ci t\u0259dris ilinin ba\u015fa &ccedil;atan pay\u0131z semestri pandemiya d&ouml;vr&uuml;n&uuml;n m&ouml;vcud &ccedil;\u0259tinlikl\u0259ri il\u0259 yana\u015f\u0131, m&uuml;z\u0259ff\u0259r Ali Ba\u015f Komandan\u0131m\u0131z\u0131n v\u0259 r\u0259\u015fad\u0259tli Az\u0259rbaycan Ordusunun say\u0259sind\u0259 m&ouml;ht\u0259\u015f\u0259m tarixi Z\u0259f\u0259rin \u0259ld\u0259 edilm\u0259sil\u0259 n\u0259tic\u0259l\u0259nmi\u015f 44 g&uuml;nl&uuml;k V\u0259t\u0259n m&uuml;harib\u0259si il\u0259 yadda qalm\u0131\u015fd\u0131r.<\/span><\/p>\n<p style=\"text-align: justify; text-indent: 27pt;\"><span style=\"font-family: Arial; color: #000000;\">Az\u0259rbaycan Respublikas\u0131n\u0131n Prezidenti c\u0259nab \u0130lham \u018fliyevin yeni d\u0259rs ilinin ba\u015flanmas\u0131 v\u0259 Bilik G&uuml;n&uuml; m&uuml;nasib\u0259til\u0259 15 sentyabr 2020-ci il tarixli m&uuml;raci\u0259tind\u0259 qar\u015f\u0131ya qoydu\u011fu v\u0259zif\u0259l\u0259rd\u0259n ir\u0259li g\u0259l\u0259r\u0259k, cari t\u0259dris ilinin pay\u0131z semestri \u0259rzind\u0259 ali t\u0259hsil prosesinin t\u0259\u015fkili zaman\u0131 t\u0259l\u0259b\u0259l\u0259rin m&uuml;asir bilik v\u0259 bacar\u0131qlar \u0259ld\u0259 etm\u0259si, g\u0259ncl\u0259rin sa\u011flaml\u0131\u011f\u0131 v\u0259 inki\u015faf\u0131 il\u0259 yana\u015f\u0131, onlar\u0131n milli-m\u0259n\u0259vi d\u0259y\u0259rl\u0259rimiz \u0259sas\u0131nda v\u0259 v\u0259t\u0259np\u0259rv\u0259rlik ruhunda t\u0259rbiy\u0259 olunmas\u0131n\u0131n prioritetliyi t\u0259min edilmi\u015fdir.<\/span><\/p>\n<p style=\"text-align: justify; text-indent: 27pt;\"><span style=\"font-family: Arial; color: #000000;\">Yeni d&ouml;vr&uuml;n ali t\u0259hsil m&uuml;\u0259ssis\u0259sin\u0259 &ccedil;evrilm\u0259yi, qabaqc\u0131l paytaxt universitetl\u0259ri s\u0259viyy\u0259sind\u0259 ali t\u0259hsil xidm\u0259tl\u0259ri g&ouml;st\u0259rm\u0259yi, \u015f\u0259h\u0259r v\u0259 \u0259traf rayonlar\u0131n h\u0259rt\u0259r\u0259fli inki\u015faf\u0131na t&ouml;hf\u0259nin art\u0131r\u0131lmas\u0131n\u0131 strateji v\u0259zif\u0259l\u0259r olaraq m&uuml;\u0259yy\u0259nl\u0259\u015fdir\u0259n Ming\u0259&ccedil;evir D&ouml;vl\u0259t Universiteti (MDU) f\u0259aliyy\u0259tini milli ali t\u0259hsilimizd\u0259 m&uuml;\u015fahid\u0259 olunan inki\u015faf trendl\u0259rini, beyn\u0259lxalq ali t\u0259hsil m\u0259kan\u0131nda ba\u015f ver\u0259n d\u0259yi\u015fiklikl\u0259r\u0259 \u0259saslanan yeni &ccedil;a\u011f\u0131r\u0131\u015flar\u0131, el\u0259c\u0259 d\u0259 universitetin m&ouml;vcud v\u0259 potensial imkanlar\u0131n\u0131 \u0259h\u0259miyy\u0259tli d\u0259r\u0259c\u0259d\u0259 n\u0259z\u0259r\u0259 almaqla h\u0259yata ke&ccedil;irir.<\/span><\/p>\n<p style=\"text-align: justify; text-indent: 27pt;\"><span style=\"font-family: Arial; color: #000000;\">Cari t\u0259dris ilinin pay\u0131z semestri \u0259rzind\u0259 m&ouml;vcud \u015f\u0259rtl\u0259r daxilind\u0259 t\u0259drisin keyfiyy\u0259tinin y&uuml;ks\u0259ldilm\u0259si, elmi f\u0259aliyy\u0259tin s\u0259m\u0259r\u0259liliyinin art\u0131r\u0131lmas\u0131, maddi-texniki bazan\u0131n g&uuml;cl\u0259ndirilm\u0259si, professor-m&uuml;\u0259llim v\u0259 inzibati-texniki hey\u0259t &uuml;zvl\u0259rinin h\u0259v\u0259sl\u0259ndirilm\u0259si v\u0259 sosial rifah\u0131n\u0131n yax\u015f\u0131la\u015fd\u0131r\u0131lmas\u0131, yerli v\u0259 xarici universitetl\u0259rl\u0259 qar\u015f\u0131l\u0131ql\u0131 faydal\u0131 \u0259m\u0259kda\u015fl\u0131\u011f\u0131n geni\u015fl\u0259ndirilm\u0259si, &ouml;z\u0259l v\u0259 d&ouml;vl\u0259t qurumlar\u0131 il\u0259 s\u0259m\u0259r\u0259li i\u015fbirliyinin yarad\u0131lmas\u0131 modernl\u0259\u015fm\u0259kd\u0259 olan MDU-nun prioritet f\u0259aliyy\u0259t istiqam\u0259tl\u0259ri kimi m&uuml;\u0259yy\u0259n edilmi\u015fdir.<\/span><\/p>\n<p style=\"text-align: justify; text-indent: 27pt;\"><span style=\"font-family: Arial; color: #000000;\">\u018fm\u0259k bazar\u0131n\u0131n t\u0259l\u0259bl\u0259rin\u0259 uy\u011fun y&uuml;ks\u0259kixtisasl\u0131 v\u0259 r\u0259qab\u0259tqabiliyy\u0259tli kadrlar\u0131n haz\u0131rlanmas\u0131, t\u0259hsilalanlara m&uuml;asir bilik v\u0259 bacar\u0131qlar\u0131n &ouml;t&uuml;r&uuml;lm\u0259si, onlar\u0131n karyera inki\u015faf\u0131na v\u0259 m\u0259\u015f\u011fulluq probleml\u0259rinin h\u0259llin\u0259 d\u0259st\u0259k g&ouml;st\u0259rilm\u0259si, universitetin innovasiya potensial\u0131n\u0131n geni\u015fl\u0259ndirilm\u0259si istiqam\u0259tind\u0259 birg\u0259 layih\u0259l\u0259rin realla\u015fd\u0131r\u0131lmas\u0131na b&ouml;y&uuml;k &uuml;st&uuml;nl&uuml;y&uuml;n verilm\u0259si, b&uuml;t&ouml;vl&uuml;kd\u0259 MDU-nun c\u0259lbediciliyinin artmas\u0131na, c\u0259miyy\u0259t h\u0259yat\u0131nda faydal\u0131 rolunun g&uuml;cl\u0259nm\u0259sin\u0259 v\u0259 regional eko-sistemin m&uuml;h&uuml;m aktorlar\u0131ndan birin\u0259 &ccedil;evrilm\u0259sin\u0259 h\u0259d\u0259fl\u0259nmi\u015fdir.<\/span><\/p>\n<p style=\"text-align: justify; text-indent: 27pt;\"><span style=\"font-family: Arial; color: #000000;\">Haz\u0131rda universitetd\u0259 iqtisadiyyat, m&uuml;h\u0259ndislik v\u0259 pedaqoji profill\u0259ri \u0259hat\u0259 ed\u0259n 23 ixtisas (bakalavriat) v\u0259 12 ixtisasla\u015fma (magistratura) &uuml;zr\u0259 kadr haz\u0131rl\u0131\u011f\u0131 h\u0259yata ke&ccedil;irilir. &Uuml;&ccedil; fak&uuml;lt\u0259nin, on kafedran\u0131n m&ouml;vcud oldu\u011fu universitetd\u0259 &uuml;mumilikd\u0259 2600-d\u0259n art\u0131q t\u0259l\u0259b\u0259 v\u0259 magistrant t\u0259hsil al\u0131r. Cari t\u0259dris ilind\u0259 universitet\u0259 y&uuml;ks\u0259k balla q\u0259bul olan v\u0259 &ldquo;G\u0259l\u0259c\u0259yin m&uuml;\u0259llimi&rdquo; t\u0259qa&uuml;d&uuml;n\u0259 layiq g&ouml;r&uuml;l\u0259n t\u0259l\u0259b\u0259l\u0259rin say\u0131nda art\u0131m\u0131n m&uuml;\u015fahid\u0259 edilm\u0259si son d&ouml;vrd\u0259 MDU-nun imicinin y&uuml;ks\u0259ldilm\u0259si istiqam\u0259tind\u0259 g&ouml;r&uuml;l\u0259n i\u015fl\u0259rin m&uuml;sb\u0259t n\u0259tic\u0259si kimi qiym\u0259tl\u0259ndirilir.<\/span><\/p>\n<p style=\"text-align: justify; text-indent: 27pt;\"><span style=\"font-family: Arial; color: #000000;\">Pandemiya \u015f\u0259raitind\u0259 universitetin \u0259sas v\u0259zif\u0259si t\u0259drisin keyfiyy\u0259tli \u015f\u0259kild\u0259 davaml\u0131l\u0131\u011f\u0131n\u0131n t\u0259min edilm\u0259si, m\u0259saf\u0259d\u0259n t\u0259hsil prosesind\u0259 t\u0259l\u0259b\u0259l\u0259rin y&uuml;ks\u0259k f\u0259all\u0131\u011f\u0131na v\u0259 m\u0259nims\u0259m\u0259 s\u0259viyy\u0259sin\u0259, biliyin qiym\u0259tl\u0259ndirilm\u0259si prosesinin optimal h\u0259llin\u0259 nail olunmas\u0131ndan ibar\u0259t olmu\u015fdur. Hesab etm\u0259k olar ki, b&uuml;t&uuml;n m&uuml;mk&uuml;n online kommunikasiya al\u0259tl\u0259rind\u0259n istifad\u0259, m&uuml;asir informasiya-kommunikasiya texnologiyalar\u0131n\u0131n t\u0259tbiqi, infrastruktur imkanlar\u0131n\u0131n v\u0259 kadr potensial\u0131n\u0131n s\u0259f\u0259rb\u0259r olunmas\u0131 say\u0259sind\u0259 MDU bu v\u0259zif\u0259l\u0259rin &ouml;hd\u0259sind\u0259n u\u011furla g\u0259l\u0259 bilmi\u015fdir.<\/span><\/p>\n<p style=\"text-align: justify; text-indent: 27pt;\"><span style=\"font-family: Arial; color: #000000;\">&ldquo;X&uuml;susi karantin rejimi d&ouml;vr&uuml;nd\u0259 Az\u0259rbaycan Respublikas\u0131n\u0131n \u0259razisind\u0259 f\u0259aliyy\u0259t g&ouml;st\u0259r\u0259n t\u0259hsil m&uuml;\u0259ssis\u0259l\u0259rinin f\u0259aliyy\u0259tinin t\u0259\u015fkilin\u0259 dair \u0259lav\u0259 t\u0259dbirl\u0259r bar\u0259d\u0259&rdquo; Nazirl\u0259r Kabinetinin 29 oktyabr 2020-ci il tarixli Q\u0259rar\u0131na \u0259sas\u0259n pay\u0131z semestrind\u0259 MDU-da t\u0259dris prosesi m\u0259saf\u0259d\u0259n t\u0259\u015fkil olunmu\u015fdur. T\u0259hsil Nazirliyinin m&uuml;vafiq d\u0259st\u0259yi il\u0259 universitetd\u0259 bakalavriat v\u0259 magistratura s\u0259viyy\u0259l\u0259ri &uuml;zr\u0259 t\u0259dris davaml\u0131 sur\u0259td\u0259 &ldquo;Microsoft Teams&rdquo; platformas\u0131 &uuml;z\u0259rind\u0259n h\u0259yata ke&ccedil;irilmi\u015fdir.<\/span><\/p>\n<p style=\"text-align: justify; text-indent: 27pt;\"><span style=\"font-family: Arial; color: #000000;\">M&ouml;vcud qanunvericiliyin t\u0259l\u0259bl\u0259ri v\u0259 apar\u0131c\u0131 ali t\u0259hsil m&uuml;\u0259ssis\u0259l\u0259rinin m&uuml;sb\u0259t t\u0259cr&uuml;b\u0259si \u0259sas\u0131nda universitetd\u0259 yeni t\u0259dris ilin\u0259 haz\u0131rl\u0131qla ba\u011fl\u0131 m&uuml;vafiq \u0259mrin verilm\u0259si v\u0259 buna \u0259sas\u0259n t\u0259dris prosesinin t\u0259\u015fkilin\u0259 dair qar\u015f\u0131ya konkret v\u0259zif\u0259l\u0259rin qoyulmas\u0131, struktur b&ouml;lm\u0259l\u0259r aras\u0131nda funksional i\u015f b&ouml;lg&uuml;s&uuml;n&uuml;n d\u0259qiq apar\u0131lmas\u0131 t\u0259drisin t\u0259\u015fkilind\u0259 s\u0259m\u0259r\u0259liliyin art\u0131r\u0131lmas\u0131na s\u0259b\u0259b olmu\u015fdur. Universitetd\u0259 t\u0259drisin m\u0259saf\u0259d\u0259n t\u0259\u015fkili il\u0259 ba\u011fl\u0131 at\u0131lan m\u0259qs\u0259dy&ouml;nl&uuml;, ard\u0131c\u0131l v\u0259 &ccedil;evik add\u0131mlar\u0131n say\u0259sind\u0259 t\u0259hsilver\u0259nl\u0259rin v\u0259 t\u0259hsilalanlar\u0131n onlayn d\u0259rsl\u0259rd\u0259 y&uuml;ks\u0259k i\u015ftirak&ccedil;\u0131l\u0131q s\u0259viyy\u0259si m&uuml;\u015fahid\u0259 edilmi\u015f, m&uuml;\u0259lliml\u0259rin 95-100 faizi, t\u0259l\u0259b\u0259l\u0259rin is\u0259 85-90 faizi m\u0259saf\u0259d\u0259n t\u0259hsil\u0259 c\u0259lb olunmu\u015fdur. Semestr \u0259rzind\u0259 m&uuml;vafiq f\u0259nl\u0259r &uuml;zr\u0259 m&uuml;hazir\u0259 m\u0259tnl\u0259ri, t\u0259qdimatlar, el\u0259c\u0259 d\u0259 d\u0259rslik v\u0259 d\u0259rs v\u0259saitl\u0259rinin elektron formatda b&uuml;t&uuml;n t\u0259l\u0259b\u0259l\u0259r\u0259 &ccedil;atd\u0131r\u0131lmas\u0131 t\u0259min edilmi\u015f, MDU-nun professor-m&uuml;\u0259llim hey\u0259ti t\u0259r\u0259find\u0259n haz\u0131rlanan videod\u0259rsl\u0259rin bazas\u0131 geni\u015fl\u0259ndirilmi\u015f v\u0259 &uuml;mumilkd\u0259 1500-d\u0259n art\u0131q videod\u0259rs &ccedil;\u0259kil\u0259r\u0259k t\u0259l\u0259b\u0259l\u0259rin istifad\u0259sin\u0259 verilmi\u015fdir.<\/span><\/p>\n<p style=\"text-align: justify; text-indent: 27pt;\"><span style=\"font-family: Arial; color: #000000;\">MDU-da 2020\/-2021-ci t\u0259dris ilinin pay\u0131z semestrinin imtahan sessiyas\u0131 m&ouml;vcud qaydalara uy\u011fun t\u0259\u015fkil edilmi\u015f, t\u0259l\u0259b\u0259l\u0259rin biliyinin qiym\u0259tl\u0259ndirilm\u0259sind\u0259 \u015f\u0259ffafl\u0131\u011f\u0131 v\u0259 obyektivliyi t\u0259min etm\u0259k, yarana bil\u0259c\u0259k neqativ hallar\u0131 operativ sur\u0259td\u0259 aradan qald\u0131rmaq m\u0259qs\u0259dil\u0259 z\u0259ruri t\u0259dbirl\u0259r g&ouml;r&uuml;lm&uuml;\u015fd&uuml;r. Universitetd\u0259 \u0130mtahan Q\u0259rargah\u0131, &ldquo;Qaynar x\u0259tt&rdquo; v\u0259 Appelyasiya Komissiyas\u0131n\u0131n &ccedil;evik v\u0259 operativ f\u0259aliyy\u0259ti t\u0259min edilmi\u015f, m&uuml;\u0259lliml\u0259rd\u0259n ibar\u0259t &ldquo;\u0130mtahanlara d\u0259st\u0259k qrupu&rdquo;, g\u0259nc \u0259m\u0259kda\u015flardan ibar\u0259t &ldquo;Texniki d\u0259st\u0259k qrupu&rdquo; v\u0259 t\u0259l\u0259b\u0259l\u0259rd\u0259n ibar\u0259t &ldquo;\u0130mtahan k&ouml;n&uuml;ll&uuml;l\u0259ri&rdquo; imtahan prosesinin s\u0259m\u0259r\u0259li t\u0259\u015fkilind\u0259 m&uuml;h&uuml;m rol oynay\u0131rlar.<\/span><\/p>\n<p style=\"text-align: justify; text-indent: 27pt;\"><span style=\"font-family: Arial; color: #000000;\">Pandemiya \u015f\u0259raitind\u0259 elmi istiqam\u0259t &uuml;zr\u0259 universitet f\u0259aliyy\u0259tinin davaml\u0131l\u0131\u011f\u0131 v\u0259 s\u0259m\u0259r\u0259liliyi diqq\u0259t m\u0259rk\u0259zind\u0259 saxlan\u0131lm\u0131\u015fd\u0131r. Bu d&ouml;vrd\u0259 MDU-da 10 kafedra t\u0259r\u0259find\u0259n \u0259n\u0259n\u0259vi formada realla\u015fd\u0131r\u0131lan elmi f\u0259aliyy\u0259t &ccedil;\u0259r&ccedil;iv\u0259sind\u0259 2021-2025-ci ill\u0259r &uuml;&ccedil;&uuml;n d&ouml;rd elm sah\u0259si &uuml;zr\u0259 (t\u0259bi\u0259t elml\u0259ri, texniki elml\u0259r, ictimai elml\u0259r, humanitar elml\u0259r) &uuml;mumilikd\u0259 16 problem\u0259 dair 43 m&ouml;vzunu \u0259hat\u0259 ed\u0259n perspektiv be\u015fillik elmi-t\u0259dqiqat i\u015fl\u0259rinin planlar\u0131 haz\u0131rlanm\u0131\u015f v\u0259 t\u0259sdiq edilmi\u015fdir.<\/span><\/p>\n<p style=\"text-align: justify; text-indent: 27pt;\"><span style=\"font-family: Arial; color: #000000;\">M&uuml;asirl\u0259\u015fm\u0259kd\u0259 olan MDU-nun kadr potensial\u0131n\u0131n g&uuml;cl\u0259ndirilm\u0259si m\u0259qs\u0259dil\u0259 g\u0259nc \u0259m\u0259kda\u015flar\u0131n qabaqc\u0131l universitetl\u0259rin doktoranturalar\u0131nda t\u0259hsil almas\u0131na x&uuml;susi diqq\u0259t yetirilmi\u015f, universitet tarixind\u0259 ilk d\u0259f\u0259 olaraq bir \u0259m\u0259kda\u015f\u0131m\u0131z T&uuml;rkiy\u0259nin Qazi Universitetinin T\u0259hsil Elml\u0259ri \u0130nstitutunda &ldquo;T\u0259hsilin idar\u0259 edilm\u0259si&rdquo; ixtisas\u0131 &uuml;zr\u0259 doktorantura ali t\u0259hsil s\u0259viyy\u0259sin\u0259 q\u0259bul olmu\u015fdur.<\/span><\/p>\n<p style=\"text-align: justify; text-indent: 27pt;\"><span style=\"font-family: Arial; color: #000000;\">&Ouml;t\u0259n ilin dekabr ay\u0131nda MDU-da Az\u0259rbaycan xalq\u0131n\u0131n &Uuml;mummilli Lideri Heyd\u0259r \u018fliyevin an\u0131m g&uuml;n&uuml;n\u0259 h\u0259sr olunmu\u015f &ldquo;Heyd\u0259r \u018fliyev m&uuml;asir Az\u0259rbaycan d&ouml;vl\u0259tinin banisi, m&uuml;st\u0259qilliyimizin r\u0259mzidir&rdquo; m&ouml;vzusunda onlayn formatda ke&ccedil;irilmi\u015f elmi konfrans m&uuml;h&uuml;m \u0259h\u0259miyy\u0259t k\u0259sb etmi\u015fdir. &ldquo;Regional inki\u015faf\u0131n t\u0259min olunmas\u0131nda innovativ tendensiyalar: reall\u0131qlar v\u0259 m&uuml;asir &ccedil;a\u011f\u0131r\u0131\u015flar&rdquo; m&ouml;vzusunda respublika elmi konfrans\u0131, &ldquo;Tarixi q\u0259l\u0259b\u0259nin davaml\u0131 iqtisadi inki\u015fafa potensial t\u0259sirl\u0259ri&rdquo; m&ouml;vzusunda n\u0259z\u0259ri-praktiki seminar, el\u0259c\u0259 d\u0259 qabaqc\u0131l yerli universitetl\u0259r v\u0259 s\u0259naye qurumlar\u0131 il\u0259 birg\u0259 &ouml;lk\u0259 v\u0259 region iqtisadiyyat\u0131n\u0131n aktual probleml\u0259rin\u0259 h\u0259sr olunan &ccedil;oxsayl\u0131 elmi t\u0259dbirl\u0259r universitet kolektivi, ali t\u0259hsil v\u0259 elmi ictimaiyy\u0259tin b&ouml;y&uuml;k mara\u011f\u0131na s\u0259b\u0259b olmu\u015fdur.<\/span><\/p>\n<p style=\"text-align: justify; text-indent: 27pt;\"><span style=\"font-family: Arial; color: #000000;\">Semestr \u0259rzind\u0259 &ouml;lk\u0259mizin qabaqc\u0131l ali t\u0259hsil m&uuml;\u0259ssis\u0259l\u0259rind\u0259n olan Bak\u0131 D&ouml;vl\u0259t Universiteti, Az\u0259rbaycan D&ouml;vl\u0259t \u0130qtisad Universiteti, Az\u0259rbaycan D&ouml;vl\u0259t Neft v\u0259 S\u0259naye Universiteti v\u0259 Az\u0259rbaycan Texniki Universiteti il\u0259 s\u0131x qar\u015f\u0131l\u0131ql\u0131 faydal\u0131 \u0259m\u0259kda\u015fl\u0131\u011f\u0131n davam etdirilm\u0259si MDU-nun potensial\u0131n\u0131n g&uuml;cl\u0259ndirilm\u0259si v\u0259 kadr haz\u0131rl\u0131\u011f\u0131n\u0131n keyfiyy\u0259tinin y&uuml;ks\u0259ldilm\u0259si i\u015fin\u0259 \u0259h\u0259miyy\u0259tli t&ouml;hf\u0259 vermi\u015fdir.<\/span><\/p>\n<p style=\"text-align: justify; text-indent: 27pt;\"><span style=\"font-family: Arial; color: #000000;\">Pay\u0131z semestri \u0259r\u0259f\u0259sind\u0259 Avropa \u0130ttifaq\u0131n\u0131n &ldquo;Erasmus+&rdquo; proqram\u0131 &ccedil;\u0259r&ccedil;iv\u0259sind\u0259 realla\u015fd\u0131r\u0131lan &ldquo;Sahil ekosisteml\u0259rinin iqlim d\u0259yi\u015fikliyin\u0259 uy\u011funla\u015fmas\u0131 &uuml;&ccedil;&uuml;n geom\u0259kan m&uuml;h\u0259ndisliyi &uuml;zr\u0259 yeni kurslar&rdquo; layih\u0259sin\u0259 MDU-nun t\u0259r\u0259fda\u015f qismind\u0259 daxil edilm\u0259si 2021-2023-c&uuml; ill\u0259rd\u0259 Almaniya, Niderland, Litva v\u0259 Rum\u0131niya universitetl\u0259rinin m&uuml;sb\u0259t t\u0259cr&uuml;b\u0259l\u0259rinin &ouml;yr\u0259nilm\u0259si, m&uuml;vafiq ixtisaslar &uuml;zr\u0259 kurikulumlar\u0131n t\u0259kmill\u0259\u015fdirilm\u0259si, laboratoriyalar\u0131n v\u0259 virtual otaqlar\u0131n yarad\u0131lmas\u0131 imkanlar\u0131n\u0131 qazand\u0131racaqd\u0131r.<\/span><\/p>\n<p style=\"text-align: justify; text-indent: 27pt;\"><span style=\"font-family: Arial; color: #000000;\">Almaniyan\u0131n Siegen Universiteti v\u0259 Prime Akademiyas\u0131 il\u0259 t\u0259r\u0259fda\u015fl\u0131q &ccedil;\u0259r&ccedil;iv\u0259sind\u0259 realla\u015fd\u0131r\u0131lm\u0131\u015f &ldquo;Sahibkarl\u0131q bacar\u0131qlar\u0131n\u0131n inki\u015faf etdirilm\u0259si&rdquo;, Almaniyan\u0131n Beyn\u0259lxalq \u018fm\u0259kda\u015fl\u0131q C\u0259miyy\u0259tinin (G\u0130Z) d\u0259st\u0259yi il\u0259 h\u0259yata ke&ccedil;iril\u0259n &ldquo;Karyera M\u0259rk\u0259zinin yarad\u0131lmas\u0131 v\u0259 inki\u015faf\u0131&rdquo; layih\u0259l\u0259ri MDU-nun beyn\u0259lxalq \u0259m\u0259kda\u015fl\u0131\u011f\u0131n\u0131n inki\u015faf\u0131nda yeni \u0259n\u0259n\u0259l\u0259rin \u0259sas\u0131n\u0131 qoymu\u015f v\u0259 universitetin modernl\u0259\u015fm\u0259si prosesin\u0259 ciddi t\u0259kan vermi\u015fdir. MDU Avropa Ali T\u0259hsil M\u0259kan\u0131 (EHEA) &ouml;lk\u0259l\u0259rinin Nazirl\u0259r Konfrans\u0131nda (Roma, \u0130taliya), K\u0259m\u0259r v\u0259 Yol Universitetl\u0259ri Alyans\u0131n\u0131n (UAB&amp;R) &ldquo;Post-pandemiya d&ouml;vr&uuml;nd\u0259 beyn\u0259lxalq \u0259m\u0259kda\u015fl\u0131q v\u0259 m&uuml;badil\u0259y\u0259 yeni yana\u015fma&rdquo; m&ouml;vzusunda ke&ccedil;irdiyi beyn\u0259lxalq konfransda (Lanzhou, &Ccedil;in) f\u0259al t\u0259msil olunmu\u015fdur. T\u0259drisin m\u0259zmununun t\u0259kmill\u0259\u015fdirilm\u0259si, el\u0259c\u0259 d\u0259 professor-m&uuml;\u0259llim v\u0259 t\u0259l\u0259b\u0259 hey\u0259tinin praktiki bilik v\u0259 bacar\u0131qlar\u0131n\u0131n inki\u015faf etdirilm\u0259si m\u0259qs\u0259dil\u0259 MDU-da &ldquo;Turizm sah\u0259si &uuml;zr\u0259 kadr haz\u0131rl\u0131\u011f\u0131nda yeni &ccedil;a\u011f\u0131r\u0131\u015flar: t\u0259cr&uuml;b\u0259 v\u0259 karyera imkanlar\u0131&rdquo;, &ldquo;Microsoft Teams Proqram\u0131 v\u0259 onun imkanlar\u0131&rdquo; v\u0259 dig\u0259r m&ouml;vzular &uuml;zr\u0259 m&uuml;t\u0259madi t\u0259liml\u0259r h\u0259yata ke&ccedil;irilmi\u015f, ingilis dili m&uuml;t\u0259x\u0259ssisi olan amerikal\u0131 professor t\u0259dris prosesin\u0259 c\u0259lb edilmi\u015fdir.<\/span><\/p>\n<p style=\"text-align: justify; text-indent: 27pt;\"><span style=\"font-family: Arial; color: #000000;\">X&uuml;susi qeyd etm\u0259k laz\u0131md\u0131r ki, 30 illik Qaraba\u011f h\u0259sr\u0259tin\u0259 son qoyulmas\u0131 v\u0259 \u0259razi b&uuml;t&ouml;vl&uuml;y&uuml;m&uuml;z&uuml;n t\u0259min edilm\u0259si il\u0259 n\u0259tic\u0259l\u0259n\u0259n 44 g&uuml;nl&uuml;k V\u0259t\u0259n m&uuml;harib\u0259si d&ouml;vr&uuml;nd\u0259 MDU-nun t\u0259l\u0259b\u0259, m\u0259zun v\u0259 \u0259m\u0259kda\u015flar\u0131 h\u0259m &ouml;n c\u0259bh\u0259d\u0259, h\u0259m d\u0259 arxa c\u0259bh\u0259d\u0259 f\u0259al i\u015ftirak etmi\u015f, y&uuml;ks\u0259k h\u0259mr\u0259ylik n&uuml;mayi\u015f etdirmi\u015fl\u0259r. Eyni zamanda koronavirus pandemiyas\u0131na qar\u015f\u0131 m&uuml;bariz\u0259 t\u0259dbirl\u0259ri &ccedil;\u0259r&ccedil;iv\u0259sind\u0259 MDU-da kollektiv v\u0259 t\u0259l\u0259b\u0259 hey\u0259ti aras\u0131nda m&uuml;t\u0259madi maarifl\u0259ndirm\u0259 t\u0259dbirl\u0259ri h\u0259yata ke&ccedil;irilmi\u015f, b&uuml;t&uuml;n t\u0259dris binalar\u0131nda d\u0259f\u0259l\u0259rl\u0259 tibbi-profilaktik v\u0259 dezinfeksiya i\u015fl\u0259ri apar\u0131lm\u0131\u015fd\u0131r.<\/span><\/p>\n<p style=\"text-align: justify; text-indent: 27pt;\"><span style=\"font-family: Arial; color: #000000;\">Fikrimizc\u0259, m&ouml;vcud reall\u0131qlar\u0131n do\u011furdu\u011fu yeni &ccedil;a\u011f\u0131r\u0131\u015flara v\u0259 m\u0259hdudiyy\u0259tl\u0259r\u0259 baxmayaraq, cari t\u0259dris ilinin pay\u0131z semestrind\u0259 universitetd\u0259 b&uuml;t&uuml;n istiqam\u0259tl\u0259r &uuml;zr\u0259 f\u0259aliyy\u0259tin davaml\u0131l\u0131\u011f\u0131n\u0131n t\u0259min edilm\u0259sind\u0259 T\u0259hsil Nazirliyi, Ming\u0259&ccedil;evir \u015e\u0259h\u0259r \u0130cra Hakimiyy\u0259ti v\u0259 dig\u0259r qurumlarla t\u0259r\u0259fda\u015fl\u0131q m&uuml;h&uuml;m rol oynam\u0131\u015fd\u0131r. D&ouml;vl\u0259t v\u0259 &ouml;z\u0259l qurumlar, qeyri-h&ouml;kum\u0259t v\u0259 g\u0259ncl\u0259r t\u0259\u015fkilatlar\u0131, o c&uuml;ml\u0259d\u0259n media il\u0259 qar\u015f\u0131l\u0131ql\u0131 faydal\u0131 \u0259laq\u0259l\u0259rin geni\u015fl\u0259ndirilm\u0259si s&uuml;r\u0259tl\u0259 modernl\u0259\u015f\u0259n MDU-nun milli ali t\u0259hsilin &uuml;mumi m\u0259nz\u0259r\u0259sind\u0259 m&ouml;vqeyinin g&uuml;cl\u0259nm\u0259si &uuml;&ccedil;&uuml;n ciddi \u0259saslar yarad\u0131r.<\/span><\/p>\n<p style=\"text-align: justify; text-indent: 27pt;\"><span style=\"font-size: 14pt; color: #000000;\"><strong><span style=\"font-family: Arial;\"><\/span><\/strong><\/span><\/p>\n<p style=\"text-align: justify; text-indent: 27pt;\"><span style=\"font-size: 14pt; color: #000000;\"><strong><span style=\"font-family: Arial;\">\u015eahin BAYRAMOV,<\/span><\/strong><\/span><\/p>\n<p style=\"text-align: justify; text-indent: 27pt;\"><span style=\"font-size: 14pt; color: #000000;\"><strong><span style=\"font-family: Arial;\">Ming\u0259&ccedil;evir D&ouml;vl\u0259t Universitetinin rektoru<\/span><\/strong><\/span><\/p>\n<p>&nbsp;<\/p>\n<p>&nbsp;<\/p>\n<p>&nbsp;<\/p>\n<p>&nbsp;<\/p>\n<p>&nbsp;<\/p>\n<p>&nbsp;<\/p>\n<p>&nbsp;<\/p>\n<p>&nbsp;<\/p>\n<p>&nbsp;<\/p>\n<p>&nbsp;<\/p>\n<p>&nbsp;<\/p>\n<p>&nbsp;<\/p>\n<p>&nbsp;<\/p>\n<p>&nbsp;<\/p>\n<p style=\"text-align: justify; text-indent: 27pt;\"><span style=\"font-family: Arial;\"><\/span><\/p>\n<p style=\"text-align: center;\"><b><span style=\"font-size: 26pt; font-family: Arial; color: red;\"><\/span><\/b><\/p>","protected":false},"excerpt":{"rendered":"<p>Ming\u0259&ccedil;evir D&ouml;vl\u0259t Universiteti s&uuml;r\u0259tl\u0259 modernl\u0259\u015fir Az\u0259rbaycan q\u0259zeti, 29.01.2021 Q\u0259zetin PDF versiyas\u0131 D&uuml;nyan\u0131 b&uuml;r&uuml;m&uuml;\u015f COVID-19 infeksiyas\u0131na qar\u015f\u0131 m&uuml;bariz\u0259 t\u0259dbirl\u0259rinin davam etdirilm\u0259si ali t\u0259hsil m&uuml;\u0259ssis\u0259l\u0259ri qar\u015f\u0131s\u0131nda yeni &ccedil;a\u011f\u0131r\u0131\u015flar yaratm\u0131\u015f, \u0259vv\u0259lki d&ouml;vrl\u0259rd\u0259 rast g\u0259linm\u0259mi\u015f v\u0259zif\u0259l\u0259rin icras\u0131n\u0131 qa&ccedil;\u0131lmaz etmi\u015fdir. Ba\u015fqa s&ouml;zl\u0259, universitetl\u0259r q\u0131sa m&uuml;dd\u0259td\u0259 m&ouml;vcud reall\u0131qlara uy\u011funla\u015fma\u011fa, t\u0259dris prosesinin davaml\u0131l\u0131\u011f\u0131n\u0131n t\u0259min edilm\u0259si &uuml;&ccedil;&uuml;n b&uuml;t&uuml;n m&uuml;mk&uuml;n resurslar\u0131 s\u0259f\u0259rb\u0259r etm\u0259y\u0259, r\u0259q\u0259msalla\u015fman\u0131 [&hellip;]<\/p>\n","protected":false},"author":1,"featured_media":0,"comment_status":"open","ping_status":"open","sticky":false,"template":"","format":"standard","meta":{"_eb_attr":"","ocean_post_layout":"","ocean_both_sidebars_style":"","ocean_both_sidebars_content_width":0,"ocean_both_sidebars_sidebars_width":0,"ocean_sidebar":"","ocean_second_sidebar":"","ocean_disable_margins":"enable","ocean_add_body_class":"","ocean_shortcode_before_top_bar":"","ocean_shortcode_after_top_bar":"","ocean_shortcode_before_header":"","ocean_shortcode_after_header":"","ocean_has_shortcode":"","ocean_shortcode_after_title":"","ocean_shortcode_before_footer_widgets":"","ocean_shortcode_after_footer_widgets":"","ocean_shortcode_before_footer_bottom":"","ocean_shortcode_after_footer_bottom":"","ocean_display_top_bar":"default","ocean_display_header":"default","ocean_header_style":"","ocean_center_header_left_menu":"","ocean_custom_header_template":"","ocean_custom_logo":0,"ocean_custom_retina_logo":0,"ocean_custom_logo_max_width":0,"ocean_custom_logo_tablet_max_width":0,"ocean_custom_logo_mobile_max_width":0,"ocean_custom_logo_max_height":0,"ocean_custom_logo_tablet_max_height":0,"ocean_custom_logo_mobile_max_height":0,"ocean_header_custom_menu":"","ocean_menu_typo_font_family":"","ocean_menu_typo_font_subset":"","ocean_menu_typo_font_size":0,"ocean_menu_typo_font_size_tablet":0,"ocean_menu_typo_font_size_mobile":0,"ocean_menu_typo_font_size_unit":"px","ocean_menu_typo_font_weight":"","ocean_menu_typo_font_weight_tablet":"","ocean_menu_typo_font_weight_mobile":"","ocean_menu_typo_transform":"","ocean_menu_typo_transform_tablet":"","ocean_menu_typo_transform_mobile":"","ocean_menu_typo_line_height":0,"ocean_menu_typo_line_height_tablet":0,"ocean_menu_typo_line_height_mobile":0,"ocean_menu_typo_line_height_unit":"","ocean_menu_typo_spacing":0,"ocean_menu_typo_spacing_tablet":0,"ocean_menu_typo_spacing_mobile":0,"ocean_menu_typo_spacing_unit":"","ocean_menu_link_color":"","ocean_menu_link_color_hover":"","ocean_menu_link_color_active":"","ocean_menu_link_background":"","ocean_menu_link_hover_background":"","ocean_menu_link_active_background":"","ocean_menu_social_links_bg":"","ocean_menu_social_hover_links_bg":"","ocean_menu_social_links_color":"","ocean_menu_social_hover_links_color":"","ocean_disable_title":"default","ocean_disable_heading":"default","ocean_post_title":"","ocean_post_subheading":"","ocean_post_title_style":"","ocean_post_title_background_color":"","ocean_post_title_background":0,"ocean_post_title_bg_image_position":"","ocean_post_title_bg_image_attachment":"","ocean_post_title_bg_image_repeat":"","ocean_post_title_bg_image_size":"","ocean_post_title_height":0,"ocean_post_title_bg_overlay":0.5,"ocean_post_title_bg_overlay_color":"","ocean_disable_breadcrumbs":"default","ocean_breadcrumbs_color":"","ocean_breadcrumbs_separator_color":"","ocean_breadcrumbs_links_color":"","ocean_breadcrumbs_links_hover_color":"","ocean_display_footer_widgets":"default","ocean_display_footer_bottom":"default","ocean_custom_footer_template":"","ocean_post_oembed":"","ocean_post_self_hosted_media":"","ocean_post_video_embed":"","ocean_link_format":"","ocean_link_format_target":"self","ocean_quote_format":"","ocean_quote_format_link":"post","ocean_gallery_link_images":"on","ocean_gallery_id":[],"footnotes":""},"categories":[149,63],"tags":[],"class_list":["post-15711","post","type-post","status-publish","format-standard","hentry","category-azerbaycan-qazeti","category-khaebaerlaer-az","entry"],"_links":{"self":[{"href":"https:\/\/mdu.edu.az\/ru\/wp-json\/wp\/v2\/posts\/15711","targetHints":{"allow":["GET"]}}],"collection":[{"href":"https:\/\/mdu.edu.az\/ru\/wp-json\/wp\/v2\/posts"}],"about":[{"href":"https:\/\/mdu.edu.az\/ru\/wp-json\/wp\/v2\/types\/post"}],"author":[{"embeddable":true,"href":"https:\/\/mdu.edu.az\/ru\/wp-json\/wp\/v2\/users\/1"}],"replies":[{"embeddable":true,"href":"https:\/\/mdu.edu.az\/ru\/wp-json\/wp\/v2\/comments?post=15711"}],"version-history":[{"count":1,"href":"https:\/\/mdu.edu.az\/ru\/wp-json\/wp\/v2\/posts\/15711\/revisions"}],"predecessor-version":[{"id":51237,"href":"https:\/\/mdu.edu.az\/ru\/wp-json\/wp\/v2\/posts\/15711\/revisions\/51237"}],"wp:attachment":[{"href":"https:\/\/mdu.edu.az\/ru\/wp-json\/wp\/v2\/media?parent=15711"}],"wp:term":[{"taxonomy":"category","embeddable":true,"href":"https:\/\/mdu.edu.az\/ru\/wp-json\/wp\/v2\/categories?post=15711"},{"taxonomy":"post_tag","embeddable":true,"href":"https:\/\/mdu.edu.az\/ru\/wp-json\/wp\/v2\/tags?post=15711"}],"curies":[{"name":"wp","href":"https:\/\/api.w.org\/{rel}","templated":true}]}}