{"id":15728,"date":"2021-02-09T09:56:31","date_gmt":"2021-02-09T06:56:31","guid":{"rendered":"https:\/\/mdu.edu.az\/mazhistraturaya-s-n-d-g-bulu-elan-edilir\/"},"modified":"2021-02-09T09:56:31","modified_gmt":"2021-02-09T06:56:31","slug":"mazhistraturaya-s-n-d-g-bulu-elan-edilir","status":"publish","type":"post","link":"https:\/\/mdu.edu.az\/ru\/mazhistraturaya-s-n-d-g-bulu-elan-edilir\/","title":{"rendered":"Magistraturaya s\u0259n\u0259d q\u0259bulu elan edilir"},"content":{"rendered":"<h1 style=\"text-align: center;\"><span style=\"color: navy;\">Magistraturaya s\u0259n\u0259d q\u0259bulu elan edilir<\/span><\/h1>\n<p style=\"text-align: center;\"><img decoding=\"async\" src=\"images\/photo\/MAG_elan.jpg\" alt=\"\" \/><\/p>\n<p style=\"text-align: justify;\"><span style=\"font-family: Arial;\"><\/span><\/p>\n<p style=\"text-align: justify; text-indent: 27pt;\"><span style=\"font-family: Arial;\"><\/span><\/p>\n<p style=\"text-align: justify; text-indent: 27pt;\"><span style=\"font-size: 9pt; font-family: Arial;\"><span style=\"color: #000000;\">Bak\u0131, 9 fevral,<\/span> <a href=\"https:\/\/azertag.az\/xeber\/Magistraturaya_sened_qebulu_elan_edilir-1707861\" target=\"_blank\" rel=\"noopener\">AZ\u018fRTAC<\/a><\/span><\/p>\n<p style=\"text-align: justify; text-indent: 27pt;\"><span style=\"font-family: Arial;\"><\/span><\/p>\n<p style=\"text-align: justify; text-indent: 27pt;\"><span style=\"font-family: Arial; color: #000000;\">D&ouml;vl\u0259t \u0130mtahan M\u0259rk\u0259zi (D\u0130M) 2021\/2022-ci t\u0259dris ili &uuml;&ccedil;&uuml;n Az\u0259rbaycan Respublikas\u0131n\u0131n ali t\u0259hsil m&uuml;\u0259ssis\u0259l\u0259rinin v\u0259 Az\u0259rbaycan Milli Elml\u0259r Akademiyas\u0131n\u0131n magistraturalar\u0131na q\u0259bul elan edir.<\/span><\/p>\n<p style=\"text-align: justify; text-indent: 27pt;\"><span style=\"font-family: Arial;\"><span style=\"color: #000000;\">D\u0130M-d\u0259n<\/span> <a href=\"https:\/\/azertag.az\" target=\"_blank\" rel=\"noopener\">AZ\u018fRTAC<\/a><span style=\"color: #000000;\">-a bildirilib ki, q\u0259bul imtahan\u0131nda i\u015ftirak etm\u0259k &uuml;&ccedil;&uuml;n bakalavrlar\u0131n \u0259riz\u0259l\u0259rinin q\u0259bulu internet vasit\u0259sil\u0259 apar\u0131l\u0131r. \u0130mtahanda i\u015ftirak etm\u0259k &uuml;&ccedil;&uuml;n bakalavr 2021-ci il fevral\u0131n 9-dan 18-d\u0259k M\u0259rk\u0259zin internet sayt\u0131n\u0131n ekabinet.dim.gov.az s\u0259hif\u0259sind\u0259 &ldquo;\u015e\u0259xsi kabinet&rdquo; yaratd\u0131qdan sonra \u0259riz\u0259 verm\u0259k &uuml;&ccedil;&uuml;n t\u0259l\u0259b olunan m\u0259bl\u0259\u011fi (50 AZN) &ldquo;\u015e\u0259xsi kabinet&rdquo;ind\u0259ki hesab\u0131na \u0259lav\u0259 edir. Hesaba m\u0259bl\u0259\u011fi \u0259lav\u0259 etm\u0259k &uuml;&ccedil;&uuml;n &ouml;d\u0259ni\u015f &uuml;sullar\u0131 il\u0259 epayment.dim.gov.az internet s\u0259hif\u0259sind\u0259 tan\u0131\u015f olmaq m&uuml;mk&uuml;nd&uuml;r.<\/span><\/span><\/p>\n<p style=\"text-align: justify; text-indent: 27pt;\"><span style=\"font-family: Arial;\"><span style=\"color: #000000;\">Bakalavr &ldquo;\u015e\u0259xsi kabinet&rdquo;inin istifad\u0259&ccedil;i ad\u0131 v\u0259 parolundan istifad\u0259 etm\u0259kl\u0259 fevral\u0131n 9-u saat 10:00-dan fevral\u0131n 18-i saat 23:59-d\u0259k M\u0259rk\u0259zin internet sayt\u0131n\u0131n m&uuml;vafiq s\u0259hif\u0259sin\u0259<\/span> (<a href=\"http:\/\/eservices.dim.gov.az\/erizemag\/erize\" target=\"_blank\" rel=\"noopener\">http:\/\/eservices.dim.gov.az\/erizemag\/erize<\/a>) <span style=\"color: #000000;\">daxil olub &ldquo;Bakalavr\u0131n elektron \u0259riz\u0259si&rdquo; formas\u0131n\u0131 doldurur v\u0259 t\u0259sdiq edir.<\/span><\/span><\/p>\n<p style=\"text-align: justify; text-indent: 27pt;\"><span style=\"font-family: Arial; color: #000000;\">Az\u0259rbaycan Respublikas\u0131nda yerl\u0259\u015f\u0259n ali t\u0259hsil m&uuml;\u0259ssis\u0259l\u0259rini bitir\u0259n v\u0259 Az\u0259rbaycan Respublikas\u0131n\u0131n v\u0259t\u0259nda\u015f\u0131 olan b&uuml;t&uuml;n bakalavrlar, h\u0259m&ccedil;inin T\u0259hsil Nazirliyi t\u0259r\u0259find\u0259n veril\u0259n, ixtisas\u0131n tan\u0131nmas\u0131n\u0131 v\u0259 ekvivalentliyinin m&uuml;\u0259yy\u0259n edilm\u0259sini t\u0259sdiql\u0259y\u0259n s\u0259n\u0259dl\u0259ri olan xarici &ouml;lk\u0259l\u0259rd\u0259 ali t\u0259hsil alm\u0131\u015f \u015f\u0259xsl\u0259r q\u0259bul imtahan\u0131nda i\u015ftirak etm\u0259k &uuml;&ccedil;&uuml;n \u0259riz\u0259 q\u0259bulu m&uuml;dd\u0259tind\u0259 M\u0259rk\u0259zin r\u0259smi internet sayt\u0131nda &ldquo;Bakalavr\u0131n elektron \u0259riz\u0259si&rdquo;ni doldurmal\u0131 v\u0259 &ouml;zl\u0259ri t\u0259sdiq etm\u0259lidirl\u0259r.<\/span><\/p>\n<p style=\"text-align: justify; text-indent: 27pt;\"><span style=\"font-family: Arial; color: #000000;\">Dig\u0259r bakalavrlar h\u0259min m&uuml;dd\u0259t \u0259rzind\u0259 s\u0259n\u0259dl\u0259rini M\u0259rk\u0259z t\u0259r\u0259find\u0259n yarad\u0131lm\u0131\u015f s\u0259n\u0259d q\u0259bulu komissiyalar\u0131na \u015f\u0259xs\u0259n t\u0259qdim etm\u0259kl\u0259 \u0259riz\u0259l\u0259rini t\u0259sdiql\u0259m\u0259lidirl\u0259r.<\/span><\/p>\n<p style=\"text-align: justify; text-indent: 27pt;\"><span style=\"font-family: Arial; color: #000000;\">Magistraturaya q\u0259bul imtahan\u0131 M\u0259rk\u0259z t\u0259r\u0259find\u0259n m\u0259rk\u0259zl\u0259\u015fdirilmi\u015f qaydada bakalavrlar\u0131n &uuml;mumi intellekt s\u0259viyy\u0259sinin (m\u0259ntiqi t\u0259f\u0259kk&uuml;r&uuml;n&uuml;n), informatika v\u0259 xarici dil bilikl\u0259rinin qiym\u0259tl\u0259ndirilm\u0259si &uuml;zr\u0259 ke&ccedil;irilir.<\/span><\/p>\n<p style=\"text-align: justify; text-indent: 27pt;\"><span style=\"font-family: Arial; color: #000000;\">\u0130mtahan 2021-ci il fevral\u0131n 28-d\u0259 (respublikam\u0131zda sanitar-epidemioloji v\u0259ziyy\u0259td\u0259n as\u0131l\u0131 olaraq imtahan\u0131n vaxt\u0131 d\u0259yi\u015fdiril\u0259 bil\u0259r) ke&ccedil;iril\u0259c\u0259k v\u0259 bakalavrlara &uuml;mumi intellektin (m\u0259ntiqi t\u0259f\u0259kk&uuml;r&uuml;n) inki\u015faf s\u0259viy&not;y\u0259sinin yoxlan\u0131lmas\u0131 &uuml;&ccedil;&uuml;n 50 (o c&uuml;ml\u0259d\u0259n a&ccedil;\u0131q formal\u0131 5), informatika &uuml;zr\u0259 25 (o c&uuml;ml\u0259d\u0259n a&ccedil;\u0131q formal\u0131 5) v\u0259 xarici dil &uuml;zr\u0259 25 (o c&uuml;ml\u0259d\u0259n a&ccedil;\u0131q formal\u0131 5) test tap\u015f\u0131r\u0131\u011f\u0131 t\u0259qdim olunacaq. Suallar\u0131n cavabland\u0131r\u0131lmas\u0131na 3 saat vaxt ayr\u0131lacaq.<\/span><\/p>\n<p style=\"text-align: justify; text-indent: 27pt;\"><span style=\"font-family: Arial; color: #000000;\">Qeyd ed\u0259k ki, cari ild\u0259 magistraturaya q\u0259bul imtahan\u0131n\u0131n iki d\u0259f\u0259 ke&ccedil;irilm\u0259si n\u0259z\u0259rd\u0259 tutulur. \u0130kinci q\u0259bul imtahan\u0131n\u0131n ke&ccedil;irilm\u0259 vaxt\u0131 v\u0259 s\u0259n\u0259d q\u0259bulu koronavirus pandemiyas\u0131 il\u0259 \u0259laq\u0259dar respublikam\u0131zda sanitar-epidemioloji v\u0259ziyy\u0259td\u0259n as\u0131l\u0131 olaraq m&uuml;\u0259yy\u0259nl\u0259\u015fdiril\u0259c\u0259k v\u0259 bu bar\u0259d\u0259 \u0259lav\u0259 m\u0259lumat veril\u0259c\u0259k.<\/span><\/p>\n<p style=\"text-align: justify; text-indent: 27pt;\"><span style=\"font-family: Arial; color: #000000;\">Q\u0259bul imtahan\u0131ndak\u0131, b\u0259zi ixtisasla\u015fmalar &uuml;&ccedil;&uuml;n, h\u0259m&ccedil;inin qabiliyy\u0259t imtahan\u0131ndak\u0131 n\u0259tic\u0259l\u0259ri M\u0259rk\u0259z t\u0259r\u0259find\u0259n T\u0259hsil Nazirliyi il\u0259 raz\u0131la\u015fd\u0131r\u0131lmaqla m&uuml;\u0259yy\u0259n edil\u0259n m&uuml;sabiq\u0259 \u015f\u0259rtini &ouml;d\u0259y\u0259n bakalavrlar ixtisasla\u015fma se&ccedil;imin\u0259 burax\u0131l\u0131r.<\/span><\/p>\n<p style=\"text-align: justify; text-indent: 27pt;\"><span style=\"font-family: Arial; color: #000000;\">X&uuml;susi qabiliyy\u0259t t\u0259l\u0259b ed\u0259n ixtisaslar &uuml;zr\u0259 ixtisas magistraturas\u0131n\u0131n ixtisasla\u015fmalar\u0131na v\u0259 jurnalistika &uuml;zr\u0259 magistratura ixtisasla\u015fmalar\u0131na q\u0259bul olmaq ist\u0259y\u0259n v\u0259 q\u0259bul imtahan\u0131ndak\u0131 n\u0259tic\u0259l\u0259ri M\u0259rk\u0259z t\u0259r\u0259find\u0259n T\u0259hsil Nazirliyi il\u0259 raz\u0131la\u015fd\u0131r\u0131lmaqla m&uuml;\u0259yy\u0259n edil\u0259n m&uuml;sabiq\u0259 \u015f\u0259rtini &ouml;d\u0259y\u0259n bakalavrlar q\u0259bul imtahan\u0131n\u0131 verdikd\u0259n sonra M\u0259rk\u0259z t\u0259r\u0259find\u0259n elan edil\u0259n m&uuml;dd\u0259td\u0259 qabiliyy\u0259t imtahan\u0131 verm\u0259lidirl\u0259r.<\/span><\/p>\n<p style=\"text-align: justify; text-indent: 27pt;\"><span style=\"font-family: Arial; color: #000000;\">Magistraturaya q\u0259bul olmaq &uuml;&ccedil;&uuml;n proqram v\u0259 ixtisasla\u015fma se&ccedil;imi q\u0259bul v\u0259 qabiliyy\u0259t imtahanlar\u0131n\u0131n n\u0259tic\u0259l\u0259ri elan olunduqdan sonra D\u0130M t\u0259r\u0259find\u0259n elan olunan m&uuml;dd\u0259td\u0259 apar\u0131l\u0131r. \u0130xtisasla\u015fma se&ccedil;imi &ldquo;Magistratura s\u0259viyy\u0259si &uuml;zr\u0259 ixtisasla\u015fma se&ccedil;imi c\u0259dv\u0259li&rdquo; il\u0259 t\u0259nziml\u0259nir (h\u0259min c\u0259dv\u0259l &ldquo;Magistr&rdquo; jurnal\u0131n\u0131n n&ouml;vb\u0259ti say\u0131nda d\u0259rc edil\u0259c\u0259k).<\/span><\/p>\n<p style=\"text-align: justify; text-indent: 27pt;\"><span style=\"font-family: Arial; color: #000000;\">\u0130xtisasla\u015fma se&ccedil;imin\u0259 q\u0259bul v\u0259 qabiliyy\u0259t imtahanlar\u0131nda g&ouml;st\u0259rdikl\u0259ri n\u0259tic\u0259 M\u0259rk\u0259z t\u0259r\u0259find\u0259n T\u0259hsil Nazirliyi il\u0259 raz\u0131la\u015fd\u0131r\u0131lmaqla m&uuml;\u0259yy\u0259n edil\u0259n m&uuml;sabiq\u0259 \u015f\u0259rtl\u0259rin\u0259 uy\u011fun olan bakalavrlar burax\u0131l\u0131rlar. <\/span><\/p>\n<p style=\"text-align: justify; text-indent: 27pt;\"><span style=\"font-family: Arial; color: #000000;\">Q\u0259bul elan\u0131n\u0131n tam m\u0259tni &ldquo;Magistr&rdquo; jurnal\u0131n\u0131n 2-ci say\u0131nda d\u0259rc olunub. Jurnal\u0131n bu say\u0131nda bakalavrlara k&ouml;m\u0259k m\u0259qs\u0259dil\u0259 &uuml;mumi intellektin (m\u0259ntiqi t\u0259f\u0259kk&uuml;r&uuml;n) inki\u015faf s\u0259viyy\u0259sini, informatika &uuml;zr\u0259 bilikl\u0259ri, xarici dill\u0259ri bilm\u0259 s\u0259viyy\u0259sini yoxlayan test tap\u015f\u0131r\u0131\u011f\u0131 n&uuml;mun\u0259l\u0259ri t\u0259qdim olunub. &ldquo;Magistr&rdquo; jurnal\u0131n\u0131n bu say\u0131nda, eyni zamanda, m&uuml;sabiq\u0259 \u015f\u0259rtl\u0259ri, &ldquo;Bakalavr\u0131n elektron \u0259riz\u0259si&rdquo;nin doldurulma qaydas\u0131 v\u0259 onun n&uuml;mun\u0259si d\u0259 d\u0259rc edilib.<\/span><\/p>\n<p style=\"text-align: justify; text-indent: 27pt;\"><span style=\"font-family: Arial;\"><span style=\"color: #000000;\">Jurnal\u0131 kitab k&ouml;\u015fkl\u0259rind\u0259n almaq v\u0259 ya<\/span>&nbsp;<a href=\"http:\/\/www.abiturient.az\" target=\"_blank\" rel=\"noopener\">www.abiturient.az<\/a> <span style=\"color: #000000;\">sayt\u0131ndan sifari\u015f etm\u0259k olar.<\/span><\/span><\/p>\n<p>&nbsp;<\/p>\n<p>&nbsp;<\/p>\n<p>&nbsp;<\/p>\n<p>&nbsp;<\/p>\n<p>&nbsp;<\/p>\n<p>&nbsp;<\/p>\n<p>&nbsp;<\/p>\n<p>&nbsp;<\/p>\n<p style=\"text-align: justify; text-indent: 27pt;\"><span style=\"font-family: Arial;\"><\/span><\/p>","protected":false},"excerpt":{"rendered":"<p>Magistraturaya s\u0259n\u0259d q\u0259bulu elan edilir Bak\u0131, 9 fevral, AZ\u018fRTAC D&ouml;vl\u0259t \u0130mtahan M\u0259rk\u0259zi (D\u0130M) 2021\/2022-ci t\u0259dris ili &uuml;&ccedil;&uuml;n Az\u0259rbaycan Respublikas\u0131n\u0131n ali t\u0259hsil m&uuml;\u0259ssis\u0259l\u0259rinin v\u0259 Az\u0259rbaycan Milli Elml\u0259r Akademiyas\u0131n\u0131n magistraturalar\u0131na q\u0259bul elan edir. D\u0130M-d\u0259n AZ\u018fRTAC-a bildirilib ki, q\u0259bul imtahan\u0131nda i\u015ftirak etm\u0259k &uuml;&ccedil;&uuml;n bakalavrlar\u0131n \u0259riz\u0259l\u0259rinin q\u0259bulu internet vasit\u0259sil\u0259 apar\u0131l\u0131r. \u0130mtahanda i\u015ftirak etm\u0259k &uuml;&ccedil;&uuml;n bakalavr 2021-ci il fevral\u0131n 9-dan [&hellip;]<\/p>\n","protected":false},"author":1,"featured_media":0,"comment_status":"open","ping_status":"open","sticky":false,"template":"","format":"standard","meta":{"_eb_attr":"","ocean_post_layout":"","ocean_both_sidebars_style":"","ocean_both_sidebars_content_width":0,"ocean_both_sidebars_sidebars_width":0,"ocean_sidebar":"","ocean_second_sidebar":"","ocean_disable_margins":"enable","ocean_add_body_class":"","ocean_shortcode_before_top_bar":"","ocean_shortcode_after_top_bar":"","ocean_shortcode_before_header":"","ocean_shortcode_after_header":"","ocean_has_shortcode":"","ocean_shortcode_after_title":"","ocean_shortcode_before_footer_widgets":"","ocean_shortcode_after_footer_widgets":"","ocean_shortcode_before_footer_bottom":"","ocean_shortcode_after_footer_bottom":"","ocean_display_top_bar":"default","ocean_display_header":"default","ocean_header_style":"","ocean_center_header_left_menu":"","ocean_custom_header_template":"","ocean_custom_logo":0,"ocean_custom_retina_logo":0,"ocean_custom_logo_max_width":0,"ocean_custom_logo_tablet_max_width":0,"ocean_custom_logo_mobile_max_width":0,"ocean_custom_logo_max_height":0,"ocean_custom_logo_tablet_max_height":0,"ocean_custom_logo_mobile_max_height":0,"ocean_header_custom_menu":"","ocean_menu_typo_font_family":"","ocean_menu_typo_font_subset":"","ocean_menu_typo_font_size":0,"ocean_menu_typo_font_size_tablet":0,"ocean_menu_typo_font_size_mobile":0,"ocean_menu_typo_font_size_unit":"px","ocean_menu_typo_font_weight":"","ocean_menu_typo_font_weight_tablet":"","ocean_menu_typo_font_weight_mobile":"","ocean_menu_typo_transform":"","ocean_menu_typo_transform_tablet":"","ocean_menu_typo_transform_mobile":"","ocean_menu_typo_line_height":0,"ocean_menu_typo_line_height_tablet":0,"ocean_menu_typo_line_height_mobile":0,"ocean_menu_typo_line_height_unit":"","ocean_menu_typo_spacing":0,"ocean_menu_typo_spacing_tablet":0,"ocean_menu_typo_spacing_mobile":0,"ocean_menu_typo_spacing_unit":"","ocean_menu_link_color":"","ocean_menu_link_color_hover":"","ocean_menu_link_color_active":"","ocean_menu_link_background":"","ocean_menu_link_hover_background":"","ocean_menu_link_active_background":"","ocean_menu_social_links_bg":"","ocean_menu_social_hover_links_bg":"","ocean_menu_social_links_color":"","ocean_menu_social_hover_links_color":"","ocean_disable_title":"default","ocean_disable_heading":"default","ocean_post_title":"","ocean_post_subheading":"","ocean_post_title_style":"","ocean_post_title_background_color":"","ocean_post_title_background":0,"ocean_post_title_bg_image_position":"","ocean_post_title_bg_image_attachment":"","ocean_post_title_bg_image_repeat":"","ocean_post_title_bg_image_size":"","ocean_post_title_height":0,"ocean_post_title_bg_overlay":0.5,"ocean_post_title_bg_overlay_color":"","ocean_disable_breadcrumbs":"default","ocean_breadcrumbs_color":"","ocean_breadcrumbs_separator_color":"","ocean_breadcrumbs_links_color":"","ocean_breadcrumbs_links_hover_color":"","ocean_display_footer_widgets":"default","ocean_display_footer_bottom":"default","ocean_custom_footer_template":"","ocean_post_oembed":"","ocean_post_self_hosted_media":"","ocean_post_video_embed":"","ocean_link_format":"","ocean_link_format_target":"self","ocean_quote_format":"","ocean_quote_format_link":"post","ocean_gallery_link_images":"on","ocean_gallery_id":[],"footnotes":""},"categories":[63],"tags":[],"class_list":["post-15728","post","type-post","status-publish","format-standard","hentry","category-khaebaerlaer-az","entry"],"_links":{"self":[{"href":"https:\/\/mdu.edu.az\/ru\/wp-json\/wp\/v2\/posts\/15728","targetHints":{"allow":["GET"]}}],"collection":[{"href":"https:\/\/mdu.edu.az\/ru\/wp-json\/wp\/v2\/posts"}],"about":[{"href":"https:\/\/mdu.edu.az\/ru\/wp-json\/wp\/v2\/types\/post"}],"author":[{"embeddable":true,"href":"https:\/\/mdu.edu.az\/ru\/wp-json\/wp\/v2\/users\/1"}],"replies":[{"embeddable":true,"href":"https:\/\/mdu.edu.az\/ru\/wp-json\/wp\/v2\/comments?post=15728"}],"version-history":[{"count":0,"href":"https:\/\/mdu.edu.az\/ru\/wp-json\/wp\/v2\/posts\/15728\/revisions"}],"wp:attachment":[{"href":"https:\/\/mdu.edu.az\/ru\/wp-json\/wp\/v2\/media?parent=15728"}],"wp:term":[{"taxonomy":"category","embeddable":true,"href":"https:\/\/mdu.edu.az\/ru\/wp-json\/wp\/v2\/categories?post=15728"},{"taxonomy":"post_tag","embeddable":true,"href":"https:\/\/mdu.edu.az\/ru\/wp-json\/wp\/v2\/tags?post=15728"}],"curies":[{"name":"wp","href":"https:\/\/api.w.org\/{rel}","templated":true}]}}