{"id":15746,"date":"2021-02-17T15:29:20","date_gmt":"2021-02-17T12:29:20","guid":{"rendered":"https:\/\/mdu.edu.az\/mdu-m-kda-vaksinasiyan-n-n-mind-n-dan-b\/"},"modified":"2021-02-17T15:29:20","modified_gmt":"2021-02-17T12:29:20","slug":"mdu-m-kda-vaksinasiyan-n-n-mind-n-dan-b","status":"publish","type":"post","link":"https:\/\/mdu.edu.az\/ru\/mdu-m-kda-vaksinasiyan-n-n-mind-n-dan-b\/","title":{"rendered":"MDU \u0259m\u0259kda\u015f\u0131 vaksinasiyan\u0131n \u00f6n\u0259mind\u0259n dan\u0131\u015f\u0131b"},"content":{"rendered":"<p style=\"margin-bottom: 0.0001pt; text-align: center; line-height: normal;\"><b><span style=\"font-size: 14pt; font-family: 'Arial', sans-serif; color: #002060;\">MDU \u0259m\u0259kda\u015f\u0131 vaksinasiyan\u0131n &ouml;n\u0259mind\u0259n dan\u0131\u015f\u0131b<\/span><\/b><\/p>\n<p>&nbsp;<\/p>\n<p style=\"margin-bottom: 0.0001pt; text-align: justify; text-indent: 1cm; line-height: normal;\"><span style=\"color: #000000;\"><span style=\"font-size: 12pt; font-family: 'Arial', sans-serif; border: 1pt none windowtext; padding: 0cm;\">&rdquo;Fevral\u0131n ay\u0131n\u0131n 8-i Ming\u0259&ccedil;evir \u015e\u0259h\u0259r M\u0259rk\u0259zi x\u0259st\u0259xanas\u0131nda<\/span><span style=\"font-size: 12pt; font-family: 'Arial', sans-serif; background: white none repeat scroll 0% 0%;\"> m\u0259n\u0259 COVID-19 \u0259leyhin\u0259 ilk vaksin vurulub. Vaksin vurulduqdan sonra he&ccedil; bir problemim olmad\u0131&rdquo;.<\/span><\/span><\/p>\n<p style=\"margin-bottom: 0.0001pt; text-align: justify; text-indent: 1cm; line-height: normal;\"><span style=\"font-size: 12pt; font-family: 'Arial', sans-serif; border: 1pt none windowtext; padding: 0cm; color: #000000;\">Bu s&ouml;zl\u0259ri&nbsp;Ming\u0259&ccedil;evir D&ouml;vl\u0259t Universitetinin (MDU) &ldquo;Humanitar f\u0259nl\u0259r&rdquo; kafedras\u0131n\u0131n m&uuml;\u0259llimi Mirz\u0259 Cavadov deyib. Az\u0259rbaycan\u0131n koronavirusa qar\u015f\u0131 peyv\u0259nd \u0259ld\u0259 ed\u0259n ilk &ouml;lk\u0259l\u0259r s\u0131ras\u0131nda olmas\u0131n\u0131 h\u0259yati vacib nailiyy\u0259t kimi qiym\u0259tl\u0259ndir\u0259n Mirz\u0259 m&uuml;\u0259llim geni\u015fmiqyasl\u0131 vaksinasiyan\u0131n \u0259n\u0259n\u0259vi t\u0259hsilin b\u0259rpas\u0131nda da m&uuml;h&uuml;m rol oynayaca\u011f\u0131ndan dan\u0131\u015f\u0131b.<\/span><\/p>\n<p style=\"margin-bottom: 0.0001pt; text-align: justify; text-indent: 1cm; line-height: normal;\"><span style=\"font-size: 12pt; font-family: 'Arial', sans-serif; border: 1pt none windowtext; padding: 0cm; color: #000000;\">O bildirib ki, vaksind\u0259n sonra he&ccedil; bir \u0259lav\u0259 f\u0259sad ya\u015famay\u0131b: &ldquo;Normal ke&ccedil;irdim, he&ccedil; bir d\u0259yi\u015fiklik hiss etm\u0259dim. Mart\u0131n 1-i vaksinin ikinci dozas\u0131n\u0131n vurulmas\u0131n\u0131 g&ouml;zl\u0259yir\u0259m. Koronavirusa yoluxmam\u0131\u015fam. Vaksini vurdurmaqdan &ccedil;\u0259kinm\u0259y\u0259 ehtiyac yoxdur. Peyv\u0259nd vurulandan h\u0259l\u0259 ki, \u015fikay\u0259tim olmay\u0131b. M\u0259sl\u0259h\u0259t g&ouml;r\u0259rdim ki, ham\u0131 peyv\u0259nd vurdursun, insanlar bir-birind\u0259n narahat olmas\u0131n&rdquo;. <\/span><\/p>\n<p style=\"margin-bottom: 0.0001pt; text-align: justify; text-indent: 1cm; line-height: normal;\"><span style=\"font-size: 12pt; font-family: 'Arial', sans-serif; border: 1pt none windowtext; padding: 0cm; color: #000000;\">Mirz\u0259 m&uuml;\u0259llim k&ouml;n&uuml;ll&uuml; i\u015ftirak etdiyi &ldquo;COV\u0130D-19&rdquo; \u0259leyhin\u0259 vaksinasiyan\u0131 c\u0259miyy\u0259tin sa\u011flam inki\u015faf\u0131 bax\u0131m\u0131ndan vacib hesab edib, \u0259n\u0259n\u0259vi h\u0259yata qay\u0131d\u0131\u015f v\u0259 yax\u0131n \u0259trafdak\u0131 insanlar\u0131n s\u0259hh\u0259tinin t\u0259hl&uuml;k\u0259 alt\u0131nda qalmamas\u0131 &uuml;&ccedil;&uuml;n m&uuml;h&uuml;m \u0259h\u0259miyy\u0259t k\u0259sb etdiyini bildirib. <\/span><\/p>\n<p style=\"margin-bottom: 0.0001pt; text-align: justify; text-indent: 1cm; line-height: normal;\"><span style=\"font-size: 12pt; font-family: 'Arial', sans-serif; border: 1pt none windowtext; padding: 0cm; color: #000000;\">Qeyd ed\u0259k ki, cari ilin 26 yanvar tarixind\u0259 Az\u0259rbaycan Respublikas\u0131 Nazirl\u0259r Kabinetinin m&uuml;vafiq Q\u0259rar\u0131 il\u0259 &ldquo;Az\u0259rbaycan Respublikas\u0131nda COVID-19 x\u0259st\u0259liyi \u0259leyhin\u0259 2021-2022-ci ill\u0259r &uuml;&ccedil;&uuml;n Vaksinasiya Strategiyas\u0131&rdquo; t\u0259sdiq edilib. Strategiya &ccedil;\u0259r&ccedil;iv\u0259sind\u0259 &ouml;lk\u0259d\u0259 m\u0259rh\u0259l\u0259l\u0259r &uuml;zr\u0259 vaksinasiya t\u0259dbirl\u0259ri h\u0259yata ke&ccedil;irilir. <\/span><\/p>\n<p style=\"margin-bottom: 0.0001pt; text-align: justify; text-indent: 1cm; line-height: normal;\"><span style=\"font-size: 12pt; font-family: 'Arial', sans-serif; border: 1pt none windowtext; padding: 0cm; color: #000000;\">Ya\u015f\u0131 65-d\u0259n yuxar\u0131 v\u0259t\u0259nda\u015flar\u0131n k&ouml;n&uuml;ll&uuml; peyv\u0259nd olundu\u011fu indiki m\u0259rh\u0259l\u0259y\u0259 MDU-nun m&uuml;vafiq \u0259m\u0259kda\u015flar\u0131 f\u0259al qo\u015fulublar. Eyni zamanda, \u0259hali aras\u0131nda vaksinasiya il\u0259 ba\u011fl\u0131 h\u0259yata ke&ccedil;iril\u0259n maarifl\u0259ndirm\u0259 t\u0259dbirl\u0259rind\u0259 MDU-nun professor-m&uuml;\u0259llim v\u0259 t\u0259l\u0259b\u0259 kollektivi f\u0259all\u0131q g&ouml;st\u0259rirl\u0259r.<\/span><\/p>\n<p><img decoding=\"async\" src=\"images\/photo\/mirze.JPG\" alt=\"\" style=\"display: block; margin-left: auto; margin-right: auto;\" \/><\/p>","protected":false},"excerpt":{"rendered":"<p>MDU \u0259m\u0259kda\u015f\u0131 vaksinasiyan\u0131n &ouml;n\u0259mind\u0259n dan\u0131\u015f\u0131b &nbsp; &rdquo;Fevral\u0131n ay\u0131n\u0131n 8-i Ming\u0259&ccedil;evir \u015e\u0259h\u0259r M\u0259rk\u0259zi x\u0259st\u0259xanas\u0131nda m\u0259n\u0259 COVID-19 \u0259leyhin\u0259 ilk vaksin vurulub. Vaksin vurulduqdan sonra he&ccedil; bir problemim olmad\u0131&rdquo;. Bu s&ouml;zl\u0259ri&nbsp;Ming\u0259&ccedil;evir D&ouml;vl\u0259t Universitetinin (MDU) &ldquo;Humanitar f\u0259nl\u0259r&rdquo; kafedras\u0131n\u0131n m&uuml;\u0259llimi Mirz\u0259 Cavadov deyib. Az\u0259rbaycan\u0131n koronavirusa qar\u015f\u0131 peyv\u0259nd \u0259ld\u0259 ed\u0259n ilk &ouml;lk\u0259l\u0259r s\u0131ras\u0131nda olmas\u0131n\u0131 h\u0259yati vacib nailiyy\u0259t kimi qiym\u0259tl\u0259ndir\u0259n Mirz\u0259 m&uuml;\u0259llim [&hellip;]<\/p>\n","protected":false},"author":1,"featured_media":0,"comment_status":"open","ping_status":"open","sticky":false,"template":"","format":"standard","meta":{"_eb_attr":"","ocean_post_layout":"","ocean_both_sidebars_style":"","ocean_both_sidebars_content_width":0,"ocean_both_sidebars_sidebars_width":0,"ocean_sidebar":"","ocean_second_sidebar":"","ocean_disable_margins":"enable","ocean_add_body_class":"","ocean_shortcode_before_top_bar":"","ocean_shortcode_after_top_bar":"","ocean_shortcode_before_header":"","ocean_shortcode_after_header":"","ocean_has_shortcode":"","ocean_shortcode_after_title":"","ocean_shortcode_before_footer_widgets":"","ocean_shortcode_after_footer_widgets":"","ocean_shortcode_before_footer_bottom":"","ocean_shortcode_after_footer_bottom":"","ocean_display_top_bar":"default","ocean_display_header":"default","ocean_header_style":"","ocean_center_header_left_menu":"","ocean_custom_header_template":"","ocean_custom_logo":0,"ocean_custom_retina_logo":0,"ocean_custom_logo_max_width":0,"ocean_custom_logo_tablet_max_width":0,"ocean_custom_logo_mobile_max_width":0,"ocean_custom_logo_max_height":0,"ocean_custom_logo_tablet_max_height":0,"ocean_custom_logo_mobile_max_height":0,"ocean_header_custom_menu":"","ocean_menu_typo_font_family":"","ocean_menu_typo_font_subset":"","ocean_menu_typo_font_size":0,"ocean_menu_typo_font_size_tablet":0,"ocean_menu_typo_font_size_mobile":0,"ocean_menu_typo_font_size_unit":"px","ocean_menu_typo_font_weight":"","ocean_menu_typo_font_weight_tablet":"","ocean_menu_typo_font_weight_mobile":"","ocean_menu_typo_transform":"","ocean_menu_typo_transform_tablet":"","ocean_menu_typo_transform_mobile":"","ocean_menu_typo_line_height":0,"ocean_menu_typo_line_height_tablet":0,"ocean_menu_typo_line_height_mobile":0,"ocean_menu_typo_line_height_unit":"","ocean_menu_typo_spacing":0,"ocean_menu_typo_spacing_tablet":0,"ocean_menu_typo_spacing_mobile":0,"ocean_menu_typo_spacing_unit":"","ocean_menu_link_color":"","ocean_menu_link_color_hover":"","ocean_menu_link_color_active":"","ocean_menu_link_background":"","ocean_menu_link_hover_background":"","ocean_menu_link_active_background":"","ocean_menu_social_links_bg":"","ocean_menu_social_hover_links_bg":"","ocean_menu_social_links_color":"","ocean_menu_social_hover_links_color":"","ocean_disable_title":"default","ocean_disable_heading":"default","ocean_post_title":"","ocean_post_subheading":"","ocean_post_title_style":"","ocean_post_title_background_color":"","ocean_post_title_background":0,"ocean_post_title_bg_image_position":"","ocean_post_title_bg_image_attachment":"","ocean_post_title_bg_image_repeat":"","ocean_post_title_bg_image_size":"","ocean_post_title_height":0,"ocean_post_title_bg_overlay":0.5,"ocean_post_title_bg_overlay_color":"","ocean_disable_breadcrumbs":"default","ocean_breadcrumbs_color":"","ocean_breadcrumbs_separator_color":"","ocean_breadcrumbs_links_color":"","ocean_breadcrumbs_links_hover_color":"","ocean_display_footer_widgets":"default","ocean_display_footer_bottom":"default","ocean_custom_footer_template":"","ocean_post_oembed":"","ocean_post_self_hosted_media":"","ocean_post_video_embed":"","ocean_link_format":"","ocean_link_format_target":"self","ocean_quote_format":"","ocean_quote_format_link":"post","ocean_gallery_link_images":"on","ocean_gallery_id":[],"footnotes":""},"categories":[63],"tags":[],"class_list":["post-15746","post","type-post","status-publish","format-standard","hentry","category-khaebaerlaer-az","entry"],"_links":{"self":[{"href":"https:\/\/mdu.edu.az\/ru\/wp-json\/wp\/v2\/posts\/15746","targetHints":{"allow":["GET"]}}],"collection":[{"href":"https:\/\/mdu.edu.az\/ru\/wp-json\/wp\/v2\/posts"}],"about":[{"href":"https:\/\/mdu.edu.az\/ru\/wp-json\/wp\/v2\/types\/post"}],"author":[{"embeddable":true,"href":"https:\/\/mdu.edu.az\/ru\/wp-json\/wp\/v2\/users\/1"}],"replies":[{"embeddable":true,"href":"https:\/\/mdu.edu.az\/ru\/wp-json\/wp\/v2\/comments?post=15746"}],"version-history":[{"count":0,"href":"https:\/\/mdu.edu.az\/ru\/wp-json\/wp\/v2\/posts\/15746\/revisions"}],"wp:attachment":[{"href":"https:\/\/mdu.edu.az\/ru\/wp-json\/wp\/v2\/media?parent=15746"}],"wp:term":[{"taxonomy":"category","embeddable":true,"href":"https:\/\/mdu.edu.az\/ru\/wp-json\/wp\/v2\/categories?post=15746"},{"taxonomy":"post_tag","embeddable":true,"href":"https:\/\/mdu.edu.az\/ru\/wp-json\/wp\/v2\/tags?post=15746"}],"curies":[{"name":"wp","href":"https:\/\/api.w.org\/{rel}","templated":true}]}}