{"id":15795,"date":"2021-03-15T10:27:26","date_gmt":"2021-03-15T07:27:26","guid":{"rendered":"https:\/\/mdu.edu.az\/kheber-azerbaydzanin-kharidzi-siyaseti\/"},"modified":"2021-03-15T10:27:26","modified_gmt":"2021-03-15T07:27:26","slug":"kheber-azerbaydzanin-kharidzi-siyaseti","status":"publish","type":"post","link":"https:\/\/mdu.edu.az\/ru\/kheber-azerbaydzanin-kharidzi-siyaseti\/","title":{"rendered":"Az\u0259rbaycan\u0131n xarici siyas\u0259td\u0259 qazand\u0131\u011f\u0131 u\u011furlar milli t\u0259hl\u00fck\u0259sizliyimiz\u0259 t\u00f6hf\u0259dir"},"content":{"rendered":"<p style=\"margin-bottom: 0.0001pt; text-align: center;\"><b><span style=\"font-size: 14pt; line-height: 107%; font-family: Arial; color: navy;\">Az\u0259rbaycan\u0131n xarici siyas\u0259td\u0259 qazand\u0131\u011f\u0131 u\u011furlar milli t\u0259hl&uuml;k\u0259sizliyimiz\u0259 t&ouml;hf\u0259dir<\/span><\/b><\/p>\n<p>&nbsp;<\/p>\n<p style=\"margin-bottom: 0.0001pt; text-align: justify; text-indent: 26.95pt;\"><span style=\"font-size: 12pt; line-height: 107%; font-family: Arial;\"><\/span><\/p>\n<p style=\"margin-bottom: 0.0001pt; text-align: justify; text-indent: 26.95pt;\"><span style=\"font-size: 12pt; line-height: 107%; font-family: Arial; color: #000000;\">Milli d&ouml;vl\u0259t&ccedil;ilik Az\u0259rbaycan xalq\u0131 &uuml;&ccedil;&uuml;n yeni anlay\u0131\u015f deyil. Min ill\u0259rl\u0259 Az\u0259rbaycan xalq\u0131n\u0131n &ccedil;ox q&uuml;dr\u0259tli d&ouml;vl\u0259tl\u0259ri olubdur v\u0259 onlar\u0131n m\u0259n\u0259vi-\u0259xlaqi davam\u0131 m&uuml;asir d&ouml;vl\u0259t&ccedil;iliyimizd\u0259 &ouml;z \u0259ksini tapmaqdad\u0131r. XIX \u0259srin \u0259vv\u0259llind\u0259 Az\u0259rbaycan tarixi s\u0259b\u0259bl\u0259r ucbat\u0131ndan &ouml;z milli d&ouml;vl\u0259t&ccedil;iliyind\u0259n m\u0259hrum oldu. Xalq\u0131m\u0131zda olan potensial &ouml;z&uuml;n&uuml; XX \u0259srd\u0259 &uuml;&ccedil; d\u0259f\u0259 milli d&ouml;vl\u0259tin yaranmas\u0131 fakt\u0131nda g&ouml;st\u0259rdi. M&uuml;st\u0259qillik xalq\u0131m\u0131z\u0131n \u0259ld\u0259 etdiyi \u0259n b&ouml;y&uuml;k v\u0259 \u0259n qiym\u0259tli tarixi nailiyy\u0259tdir. Bu g&uuml;n inki\u015faf etmi\u015f d&ouml;vl\u0259tl\u0259rin y&uuml;ks\u0259li\u015fini t\u0259min ed\u0259n amill\u0259rd\u0259n biri d\u0259 demokratik c\u0259miyy\u0259tin qurulmas\u0131d\u0131r. Demokratiya, h&uuml;quqi d&ouml;vl\u0259t, insan h&uuml;quqlar\u0131 prinsipl\u0259ri respublikam\u0131z &uuml;&ccedil;&uuml;n \u0259sas istiqam\u0259tl\u0259rdir v\u0259 &ouml;lk\u0259miz onlar\u0131n inki\u015faf\u0131na &ccedil;al\u0131\u015f\u0131r. Lakin bu g&uuml;n demokratiya bizim &uuml;&ccedil;&uuml;n m\u0259qs\u0259d deyil, milli d&ouml;vl\u0259t&ccedil;iliyimizin m&ouml;hk\u0259ml\u0259ndirilm\u0259si vasit\u0259sidir. M\u0259qs\u0259dimiz is\u0259 c\u0259nab prezidentimizin dediyi kimi, m&uuml;st\u0259qilliyimizin \u0259b\u0259di v\u0259 d&ouml;nm\u0259z xarakter almas\u0131d\u0131r, Az\u0259rbaycan\u0131n d&uuml;nya birliyind\u0259 &ouml;z layiqli yerini tutmas\u0131d\u0131r. Bunun &uuml;&ccedil;&uuml;ns\u0259 daxili v\u0259 xarici siyas\u0259tin formala\u015fmas\u0131 vacib \u015f\u0259rtdir. M&uuml;asir d&ouml;vl\u0259t&ccedil;ilik h&uuml;ququ, demokratik d&ouml;vl\u0259t quruculu\u011funu, insan h&uuml;quq v\u0259 azadl\u0131qlar\u0131n\u0131n t\u0259min edilm\u0259sini, azad sahibkarl\u0131\u011f\u0131, milli maraqlara cavab ver\u0259n &ccedil;evik xarici siyas\u0259tin yeridilm\u0259sini diqt\u0259 edir. Daxili iqtisadi-siyasi sabitlik v\u0259 inki\u015faf, d&ouml;vl\u0259t quruculu\u011funun m&ouml;hk\u0259ml\u0259ndirilm\u0259si, sosial \u0259dal\u0259t prinsipinin y&uuml;ks\u0259k s\u0259viyy\u0259d\u0259 qorunmas\u0131 xarici siyas\u0259tin d\u0259 g&uuml;cl&uuml; olmas\u0131na g\u0259tirib &ccedil;\u0131xar\u0131r. Xarici siyas\u0259td\u0259 is\u0259 istiqam\u0259tl\u0259rin, prioritetl\u0259rin v\u0259 m&uuml;tt\u0259fiql\u0259rin d&uuml;zg&uuml;n m&uuml;\u0259yy\u0259nl\u0259\u015fdirilm\u0259si, bu m&uuml;r\u0259kk\u0259b d&uuml;nyada d&uuml;zg&uuml;n q\u0259rar q\u0259bul edilm\u0259si Az\u0259rbaycan d&ouml;vl\u0259t&ccedil;iliyin\u0259 k&ouml;m\u0259k ed\u0259n vacib \u015f\u0259rtl\u0259rd\u0259ndir.<\/span><\/p>\n<p style=\"margin-bottom: 0.0001pt; text-align: justify; text-indent: 26.95pt;\"><span style=\"font-size: 12pt; line-height: 107%; font-family: Arial; color: #000000;\">Az\u0259rbaycan d&ouml;vl\u0259tinin \u0259sas\u0131n\u0131 t\u0259\u015fkil ed\u0259n tarixilik, realizm, m\u0259n\u0259vilik, m\u0259d\u0259niyy\u0259ttutumlu m&uuml;st\u0259qillik mill\u0259tin xarici siyasi mentall\u0131\u011f\u0131 il\u0259 t\u0259min edilir. Prezident \u0130lham \u018fliyev t\u0259r\u0259find\u0259n u\u011furla \u0259laq\u0259ndirilmi\u015f, Az\u0259rbaycan\u0131n h\u0259yata ke&ccedil;irdiyi siyas\u0259t milli v\u0259 b\u0259\u015f\u0259ri maraqlar\u0131n tarazl\u0131\u011f\u0131 &uuml;z\u0259rind\u0259 qurulmu\u015fdur. M\u0259hz buna g&ouml;r\u0259dir ki, Az\u0259rbaycan d&ouml;vl\u0259tinin probleml\u0259rin siyasi h\u0259lli modeli b&uuml;t&uuml;n d&ouml;vl\u0259tl\u0259rl\u0259 qar\u015f\u0131l\u0131ql\u0131 sur\u0259td\u0259 s\u0259m\u0259r\u0259li \u0259m\u0259kda\u015fl\u0131q perspektivl\u0259ria&ccedil;\u0131r.<\/span><\/p>\n<p style=\"margin-bottom: 0.0001pt; text-align: justify; text-indent: 26.95pt;\"><span style=\"font-size: 12pt; line-height: 107%; font-family: Arial; color: #000000;\">Haz\u0131rda m&uuml;st\u0259qil &ouml;lk\u0259 kimi m&uuml;st\u0259qil siyas\u0259t aparan &ouml;lk\u0259miz xarici siyasi \u0259laq\u0259l\u0259rini, siyasi, iqtisadi, h\u0259rbi, humanitar v\u0259 dig\u0259r sah\u0259l\u0259rd\u0259 m&uuml;tt\u0259fiql\u0259rini, \u0259m\u0259kda\u015fl\u0131q etdiyi &ouml;lk\u0259 v\u0259 beyn\u0259lxalq t\u0259\u015fkilatlar\u0131 &ouml;z&uuml; se&ccedil;ir. Az\u0259rbaycan &ouml;z t\u0259bii s\u0259rv\u0259tl\u0259rinin sahibi kimi enerji sah\u0259sind\u0259 \u0259m\u0259kda\u015fl\u0131q \u0259laq\u0259l\u0259rini d&ouml;vl\u0259t maraqlar\u0131 v\u0259 qar\u015f\u0131l\u0131ql\u0131 faydal\u0131l\u0131q prinsipl\u0259ri \u0259sas\u0131nda realla\u015fd\u0131r\u0131r. Prezident \u0130lham \u018fliyevin bildirdiyi kimi, Az\u0259rbaycan &ouml;z m&uuml;st\u0259qil siyas\u0259tin\u0259 sadiqdir: &ldquo;Bu siyas\u0259t Az\u0259rbaycan xalq\u0131n\u0131n milli maraqlar\u0131n\u0131 h\u0259r \u015feyd\u0259n &uuml;st&uuml;n tutur. Az\u0259rbaycan he&ccedil; bir xarici q&uuml;vv\u0259nin dikt\u0259si il\u0259 oturub-durmur, m&uuml;st\u0259qil siyas\u0259t apar\u0131r v\u0259 s&uuml;r\u0259tl\u0259 inki\u015faf edir, eyni zamanda, s&uuml;but edir ki, bu g&uuml;n m&uuml;s\u0259lman al\u0259mind\u0259 dinamik, m&uuml;asir, &ouml;z milli-m\u0259n\u0259vi d\u0259y\u0259rl\u0259rin\u0259 sadiq, g&uuml;cl&uuml; bir d&ouml;vl\u0259t vard\u0131r. Bu da b\u0259zi xarici dair\u0259l\u0259rin stereotipl\u0259rin\u0259, yaxud da ki yaratd\u0131qlar\u0131 stereotipl\u0259r\u0259 s\u0131\u011fm\u0131r&rdquo;. <\/span><\/p>\n<p style=\"margin-bottom: 0.0001pt; text-align: justify; text-indent: 26.95pt;\"><span style=\"font-size: 12pt; line-height: 107%; font-family: Arial; color: #000000;\">Dig\u0259r t\u0259r\u0259fd\u0259n, Az\u0259rbaycan b&ouml;lg\u0259d\u0259 v\u0259 beyn\u0259lxalq s\u0259viyy\u0259d\u0259 \u0259m\u0259kda\u015fl\u0131q v\u0259 t\u0259hl&uuml;k\u0259sizliy\u0259 d\u0259 m&uuml;h&uuml;m t&ouml;hf\u0259l\u0259r verir. Bu konteksd\u0259 son d&ouml;n\u0259ml\u0259rd\u0259 &ouml;lk\u0259mizin i\u015ftirak\u0131 il\u0259 ger&ccedil;\u0259kl\u0259\u015fdiril\u0259n enerji layih\u0259l\u0259rinin \u0259h\u0259miyy\u0259ti deyil\u0259nl\u0259ri t\u0259sdiq edir. M\u0259hz b&uuml;t&uuml;n bunlara g&ouml;r\u0259 d&uuml;nya siy\u0259s\u0259tinin apar\u0131c\u0131 qurumlar\u0131, h\u0259m&ccedil;inin m&ouml;t\u0259b\u0259r beyn\u0259lxalq t\u0259\u015fkilatlar da Az\u0259rbaycan\u0131n m&uuml;t\u0259r\u0259qqi xarici siyas\u0259tini regional t\u0259hl&uuml;k\u0259sizlik v\u0259 qlobal inki\u015fafa m&uuml;h&uuml;m t&ouml;hf\u0259 kimi qiym\u0259tl\u0259ndirirl\u0259r. Az\u0259rbaycan\u0131n u\u011furlu xarici siyas\u0259t kursu sivilizasiyalararas\u0131 dialoq v\u0259 qlobal inteqrasiya bax\u0131m\u0131ndan da x&uuml;susi \u0259h\u0259miyy\u0259t k\u0259sb edir. &Ouml;lk\u0259miz beyn\u0259lxalq dialoq v\u0259 \u0259m\u0259kda\u015fl\u0131q m\u0259kan\u0131 kimi &ccedil;\u0131x\u0131\u015f edir. Az\u0259rbaycan sivilizasiyalararas\u0131 dialoqun inki\u015faf\u0131na \u0259h\u0259miyy\u0259tli t&ouml;hf\u0259l\u0259r verm\u0259kl\u0259 yana\u015f\u0131, m&uuml;h&uuml;m siyasi, iqtisadi, m\u0259d\u0259ni v\u0259 humanitar xarakterli beyn\u0259lxalq t\u0259dbirl\u0259r\u0259 ev sahibliyi edir. Bir &ccedil;ox n&uuml;fuzlu beyn\u0259lxalq t\u0259dbirl\u0259rin respublikam\u0131zda ke&ccedil;irilm\u0259si Az\u0259rbaycan\u0131n beyn\u0259lxalq inteqrasiya prosesind\u0259 u\u011furla i\u015ftirak etm\u0259sind\u0259n x\u0259b\u0259r verir. Bel\u0259likl\u0259, Az\u0259rbaycan &ouml;z&uuml;n&uuml;n &ccedil;ox\u015fax\u0259li v\u0259 m&uuml;t\u0259r\u0259qqi siyas\u0259ti il\u0259 xalqlararas\u0131 \u0259m\u0259kda\u015fl\u0131\u011f\u0131n inki\u015faf\u0131nda v\u0259 sivilizasiyalararas\u0131 dialoqda m&uuml;h&uuml;m rol oynay\u0131r. Prezident \u0130lham \u018fliyevin qeyd etdiyi kimi, haz\u0131rda Az\u0259rbaycan C\u0259nubi Qafqaz regionunun siyasi, iqtisadi v\u0259 humanitar m\u0259rk\u0259zin\u0259 &ccedil;evrilmi\u015fdir.<\/span><\/p>\n<p style=\"margin-bottom: 0.0001pt; text-align: justify; text-indent: 26.95pt;\"><span style=\"font-size: 12pt; line-height: 107%; font-family: Arial; color: #000000;\">&Uuml;mumiyy\u0259tl\u0259, Az\u0259rbaycan &ouml;z t\u0259klif v\u0259 t\u0259\u015f\u0259bb&uuml;sl\u0259ri il\u0259 d&uuml;nyada s&uuml;lh&uuml;n v\u0259 t\u0259hl&uuml;k\u0259sizliyin m&ouml;hk\u0259ml\u0259nm\u0259sin\u0259, milli v\u0259 &uuml;mumb\u0259\u015f\u0259ri d\u0259y\u0259rl\u0259rin, milli v\u0259 dini m&uuml;xt\u0259lifliyin, multikulturalizm \u0259n\u0259n\u0259l\u0259rinin qorunub saxlanmas\u0131na v\u0259 inki\u015faf etdirilm\u0259sin\u0259, ayr\u0131-ayr\u0131 istiqam\u0259tl\u0259rd\u0259 m&uuml;\u015fahid\u0259 olunan probleml\u0259rin h\u0259llin\u0259 d\u0259y\u0259rli t&ouml;hf\u0259l\u0259r verir. Az\u0259rbaycan qlobal v\u0259 regional s\u0259viyy\u0259li t\u0259dbirl\u0259r\u0259 ev sahibliyi ed\u0259n, b&uuml;t&uuml;n d&uuml;nyan\u0131n diqq\u0259t m\u0259rk\u0259zind\u0259 olan m&uuml;h&uuml;m m\u0259s\u0259l\u0259l\u0259rin m&uuml;zakir\u0259 olundu\u011fu siyasi, iqtisadi v\u0259 humanitar m\u0259rk\u0259z kimi tan\u0131nma\u011fa ba\u015flay\u0131b.<\/span><\/p>\n<p style=\"margin-bottom: 0.0001pt; text-align: justify; text-indent: 26.95pt;\"><span style=\"font-size: 12pt; line-height: 107%; font-family: Arial; color: #000000;\"> M&uuml;asir d&ouml;vrd\u0259 qloballa\u015fma \u015f\u0259raitind\u0259 h\u0259r bir &ouml;lk\u0259nin inki\u015faf\u0131 v\u0259 t\u0259hl&uuml;k\u0259sizliyinin t\u0259min olunmas\u0131 bir s\u0131ra strateji faktorlardan as\u0131l\u0131d\u0131r. Bu s\u0131rada \u0259n m&uuml;h&uuml;m amil is\u0259 h\u0259yata ke&ccedil;iril\u0259n siyas\u0259tin milli maraqlara v\u0259 qlobal &ccedil;a\u011f\u0131r\u0131\u015flara n\u0259 q\u0259d\u0259r adekvat olmas\u0131d\u0131r. Haz\u0131rki reall\u0131qlar onu g&ouml;st\u0259rir ki, ictimai-siyasi sabitliyin b\u0259rq\u0259rar olunmas\u0131n\u0131, &ouml;lk\u0259nin beyn\u0259lxalq m&ouml;vqeyinin m&ouml;hk\u0259ml\u0259ndirilm\u0259sini, iqtisadi inki\u015faf\u0131n davaml\u0131l\u0131\u011f\u0131n\u0131n t\u0259min edilm\u0259sini strateji prioritetl\u0259r kimi m&uuml;\u0259yy\u0259nl\u0259\u015fdirmi\u015f d&ouml;vl\u0259tl\u0259r h\u0259d\u0259fl\u0259n\u0259n m\u0259qs\u0259dl\u0259r\u0259 nail olurlar. Lakin burada \u0259sas m\u0259qam iqtidar\u0131n siyasi kursunun milli v\u0259 d&ouml;vl\u0259t&ccedil;ilik maraqlar\u0131na uy\u011fun olmas\u0131 v\u0259 d&uuml;zg&uuml;n strateji kursun h\u0259yata ke&ccedil;irilm\u0259sidir.<\/span><\/p>\n<p style=\"margin-bottom: 0.0001pt; text-align: justify; text-indent: 26.95pt;\"><span style=\"font-size: 12pt; line-height: 107%; font-family: Arial; color: #000000;\">Az\u0259rbaycanda h\u0259yata ke&ccedil;iril\u0259n u\u011furlu daxili v\u0259 xarici siyas\u0259t kursu &ccedil;ox\u015fax\u0259li inki\u015faf v\u0259 sabitliyi t\u0259min edib. Siyasi, iqtisadi, h\u0259rbi, sosial, ekoloji v\u0259 dig\u0259r istiqam\u0259tl\u0259rd\u0259 t\u0259hl&uuml;k\u0259sizliyin t\u0259min olunmas\u0131 strateji maraqlar\u0131n ger&ccedil;\u0259kl\u0259\u015fm\u0259sin\u0259 v\u0259 inki\u015faf dinamikas\u0131n\u0131n davam etm\u0259sin\u0259 \u0259lveri\u015fli \u015f\u0259rait yarad\u0131b. \u015e&uuml;bh\u0259siz, h\u0259r bir &ouml;lk\u0259nin milli t\u0259hl&uuml;k\u0259sizliyi m&uuml;xt\u0259lif istiqam\u0259tl\u0259rd\u0259 t\u0259hdid &uuml;ns&uuml;rl\u0259rinin neytralla\u015fd\u0131r\u0131lmas\u0131 v\u0259 neqativ faktorlarla m&uuml;bariz\u0259 metodlar\u0131n\u0131n d&uuml;zg&uuml;n m&uuml;\u0259yy\u0259nl\u0259\u015fdirilm\u0259sind\u0259n as\u0131l\u0131d\u0131r. Az\u0259rbaycanda milli t\u0259hl&uuml;k\u0259sizliyin t\u0259min olunmas\u0131na konseptual yana\u015fma m&ouml;vcuddur v\u0259 t\u0259hdid &uuml;ns&uuml;rl\u0259ri effektiv vasit\u0259l\u0259rl\u0259neytralla\u015fd\u0131r\u0131lmaqdad\u0131r.<\/span><\/p>\n<p style=\"margin-bottom: 0.0001pt; text-align: justify; text-indent: 26.95pt;\"><span style=\"font-size: 12pt; line-height: 107%; font-family: Arial; color: #000000;\">Bel\u0259likl\u0259, \u0259ld\u0259 edil\u0259n nailiyy\u0259tl\u0259rin \u0259sas\u0131nda d&uuml;\u015f&uuml;n&uuml;lm&uuml;\u015f siyas\u0259t dayan\u0131r. Prezident \u0130lham \u018fliyevin qeyd etdiyi kimi: &ldquo;D&uuml;\u015f&uuml;n&uuml;lm&uuml;\u015f siyas\u0259t olan yerd\u0259 inki\u015faf da var. Az\u0259rbaycanda d&uuml;\u015f&uuml;n&uuml;lm&uuml;\u015f siyas\u0259t apar\u0131l\u0131r. M\u0259hz buna g&ouml;r\u0259 biz b&uuml;t&uuml;n b&ouml;lg\u0259d\u0259, d&uuml;nyada ya\u015fanan b&ouml;hranl\u0131 \u015f\u0259raitd\u0259n, s\u0131naqdan \u015f\u0259r\u0259fli &ccedil;\u0131x\u0131r\u0131q. H\u0259mi\u015f\u0259 demi\u015f\u0259m, Az\u0259rbaycan sabitlik, t\u0259hl&uuml;k\u0259sizlik m\u0259kan\u0131d\u0131r. Az\u0259rbaycan v\u0259t\u0259nda\u015f\u0131 t\u0259hl&uuml;k\u0259sizlik \u015f\u0259raitind\u0259 ya\u015fay\u0131r v\u0259 ya\u015famal\u0131d\u0131r, sabitlik \u015f\u0259raitind\u0259 ya\u015fay\u0131r v\u0259 ya\u015famal\u0131d\u0131r. Ancaq &ouml;lk\u0259 bu t\u0259qdird\u0259 inki\u015faf ed\u0259 bil\u0259r. Harada ki, t\u0259hl&uuml;k\u0259sizlik, sabitlik pozulur, orada &ouml;lk\u0259 da\u011f\u0131l\u0131r, iqtisadiyyat &ccedil;&ouml;k&uuml;r, sosial probleml\u0259r ya\u015fan\u0131r v\u0259 ba\u015fqa xo\u015fag\u0259lm\u0259z hallar &uuml;z\u0259 &ccedil;\u0131x\u0131r&rdquo;.<\/span><\/p>\n<p style=\"margin-bottom: 0.0001pt; text-align: justify; text-indent: 26.95pt;\"><span style=\"font-size: 12pt; line-height: 107%; font-family: Arial; color: #000000;\">B\u0259li, Az\u0259rbaycan\u0131n bu g&uuml;n milli g&uuml;c&uuml;n&uuml; art\u0131ran \u0259h\u0259miyy\u0259tli amill\u0259rd\u0259n biri d\u0259 m\u0259hz m&ouml;hk\u0259m t\u0259m\u0259ll\u0259r\u0259 s&ouml;yk\u0259n\u0259n ictimai-siyasi sabitlikdir. Bu m\u0259s\u0259l\u0259d\u0259 yerli v\u0259 xarici ekspertl\u0259rin &uuml;mumi r\u0259yi odur ki, Az\u0259rbaycanda m&ouml;vcud olan v\u0259 ard\u0131c\u0131l s\u0259ciyy\u0259 da\u015f\u0131yan sabitliyin \u0259sas\u0131nda duran ba\u015fl\u0131ca faktor hakimiyy\u0259tin h\u0259yata ke&ccedil;irdiyi siyasi kursun milli maraqlara tam cavab verm\u0259sidir. &Ouml;lk\u0259mizd\u0259 m&ouml;vcud olan milli h\u0259mr\u0259ylik, xalq- iqtidar birliyi d\u0259 Az\u0259rbaycan\u0131n milli g&uuml;c&uuml;n&uuml;n artmas\u0131nda ifad\u0259 olunur.<\/span><\/p>\n<p style=\"margin-bottom: 0.0001pt; text-align: justify; text-indent: 26.95pt;\"><span style=\"font-size: 12pt; line-height: 107%; font-family: Arial; color: #000000;\">Prezident \u0130lham \u018fliyevin q\u0259tiyy\u0259tli v\u0259 prinsipial m&ouml;vqeyi b&uuml;t&uuml;n sah\u0259l\u0259rd\u0259 oldu\u011fu kimi, diplomatiya sah\u0259sind\u0259 d\u0259 u\u011furlar\u0131m\u0131z\u0131 \u015f\u0259rtl\u0259ndirdi. V\u0259t\u0259n m&uuml;harib\u0259sinin 44 g&uuml;n&uuml; \u0259rzind\u0259 d&ouml;vl\u0259timiz, beyn\u0259lxalq h&uuml;quq prinsipl\u0259rini, x&uuml;susil\u0259 BMT Nizamnam\u0259sinin 51-ci madd\u0259sini r\u0259hb\u0259r tutub &ouml;z \u0259razil\u0259rini azad etm\u0259k h&uuml;ququndan istifad\u0259 ed\u0259r\u0259k u\u011furlu v\u0259 geni\u015fmiqyasl\u0131 \u0259ks-h&uuml;cum \u0259m\u0259liyyatlar\u0131 h\u0259yata ke&ccedil;irdi. N\u0259tic\u0259d\u0259 Erm\u0259nistan\u0131n i\u015f\u011fal\u0131na son qoyuldu v\u0259 prezident \u0130lham \u018fliyev b&ouml;y&uuml;k \u015fahmat oyununda s&uuml;lh dan\u0131\u015f\u0131qlar\u0131 zaman\u0131 Az\u0259rbaycana edil\u0259n t\u0259klifl\u0259rd\u0259n daha &ccedil;oxunu \u0259ld\u0259 etdi. Qaraba\u011f kimi &ccedil;ox &ccedil;\u0259tin problemi h\u0259ll ed\u0259r\u0259k Erm\u0259nistan\u0131, &uuml;mumd&uuml;nya erm\u0259ni diasporunu, erm\u0259ni kils\u0259sini v\u0259 onlar\u0131n havadarlar\u0131n\u0131 diz &uuml;st\u0259 &ccedil;&ouml;kd&uuml;r\u0259r\u0259k reall\u0131\u011f\u0131 q\u0259bul etm\u0259y\u0259 s&ouml;vq etdi. 300 il\u0259 yax\u0131n idi ki, b&ouml;y&uuml;k q\u0259l\u0259b\u0259y\u0259 ehtiyac\u0131 olan v\u0259 on ill\u0259r idi ki, erm\u0259nil\u0259rin h\u0259r d\u0259f\u0259 m&uuml;xt\u0259lif az\u011f\u0131nl\u0131qlar\u0131 il\u0259 qar\u015f\u0131la\u015fan xalq\u0131m\u0131z v\u0259 d&ouml;vl\u0259timiz n\u0259hay\u0259t ki, q\u0259l\u0259b\u0259y\u0259 imza ataraq tarixi \u0259dal\u0259ti b\u0259rpa etm\u0259y\u0259 m&uuml;v\u0259ff\u0259q oldu. \u0130lham \u018fliyevin Erm\u0259nistan &uuml;z\u0259rind\u0259 parlaq q\u0259l\u0259b\u0259 \u0259ld\u0259 etm\u0259si, h\u0259m d\u0259 onun hakimiyy\u0259t\u0259 g\u0259li\u015find\u0259n sonra apard\u0131\u011f\u0131 praqmatik, sistemli siyasi kurs, uzaqg&ouml;r\u0259n xarici diplomatiyan\u0131n b\u0259hr\u0259si idi. Prezident \u0130lham \u018fliyev s&uuml;but etdi ki, dahi siyas\u0259t&ccedil;inin v\u0259 b&ouml;y&uuml;k d&ouml;vl\u0259t xadiminin \u0259n layiqli varisidir. Prezident \u0130lham \u018fliyev s&uuml;but etdi ki, Az\u0259rbaycan xalq\u0131 q\u0259hr\u0259man xalqd\u0131r. O h\u0259m d\u0259 s&uuml;but etdi ki, Az\u0259rbaycan kimi &ccedil;\u0259tin co\u011frafi m&ouml;vqed\u0259 yerl\u0259\u015f\u0259n t&uuml;rk-m&uuml;s\u0259lman d&ouml;vl\u0259tinin taleyi onun liderind\u0259n &ccedil;ox as\u0131l\u0131d\u0131r.<\/span><\/p>\n<p style=\"margin-bottom: 0.0001pt; text-align: justify; text-indent: 26.95pt;\"><span style=\"font-size: 12pt; line-height: 107%; font-family: Arial; color: #000000;\">Xalq\u0131n etimad\u0131n\u0131 qazanmaqla tam m\u0259nada tarixi \u015f\u0259xsiyy\u0259t\u0259 &ccedil;evril\u0259n Prezident \u0130lham \u018fliyevin y&uuml;r&uuml;td&uuml;y&uuml; siyas\u0259t m&uuml;asir Az\u0259rbaycan\u0131n g&uuml;cl\u0259nm\u0259sin\u0259, &ouml;lk\u0259mizin beyn\u0259lxalq al\u0259md\u0259 m&ouml;vqeyinin daha da m&ouml;hk\u0259ml\u0259nm\u0259sin\u0259 v\u0259 n&uuml;fuzunun artmas\u0131na xidm\u0259t edir. D&ouml;vl\u0259t ba\u015f&ccedil;\u0131s\u0131n\u0131n m\u0259qs\u0259dy&ouml;nl&uuml; siyasi-diplomatik f\u0259aliyy\u0259ti, Az\u0259rbaycan\u0131n siyasi-iqtisadi m&uuml;st\u0259qilliyinin daha da m&ouml;hk\u0259ml\u0259nm\u0259si istiqam\u0259tind\u0259 h\u0259yata ke&ccedil;irdiyi m&uuml;h&uuml;m t\u0259dbirl\u0259r, q\u0259bul etdiyi strateji proqramlar, Heyd\u0259r \u018fliyev siyas\u0259tinin v\u0259 ideyalar\u0131n\u0131n ard\u0131c\u0131l v\u0259 d&ouml;nm\u0259z \u015f\u0259kild\u0259 ger&ccedil;\u0259kl\u0259\u015fdirilm\u0259si x\u0259tti Az\u0259rbaycan xalq\u0131n\u0131n xo\u015fb\u0259xt, firavan sabah\u0131na, m&uuml;st\u0259qilliyimizin \u0259b\u0259diliyin\u0259 inam\u0131 qat-qat art\u0131rm\u0131\u015fd\u0131r. Bu f\u0259aliyy\u0259t v\u0259 siyas\u0259t xalq t\u0259r\u0259find\u0259n b\u0259y\u0259nilir v\u0259 d\u0259st\u0259kl\u0259nir. <\/span><\/p>\n<p>&nbsp;<\/p>\n<p style=\"margin-bottom: 0.0001pt; text-align: justify; text-indent: 26.95pt;\"><span style=\"font-size: 12pt; line-height: 107%; font-family: Arial; color: #000000;\"><\/span><\/p>\n<p style=\"margin-bottom: 0.0001pt; text-align: justify; text-indent: 26.95pt;\"><span style=\"color: #000000;\"><b><span style=\"font-size: 12pt; line-height: 107%; font-family: Arial;\">G&uuml;l\u0259r \u018fjd\u0259rzad\u0259<\/span><\/b><\/span><\/p>\n<p style=\"margin-bottom: 0.0001pt; text-align: justify; text-indent: 26.95pt;\"><span style=\"color: #000000;\"><b><span style=\"font-size: 12pt; line-height: 107%; font-family: Arial;\">Ming\u0259&ccedil;evir D&ouml;vl\u0259t Universiteti<\/span><\/b><\/span><\/p>\n<p style=\"margin-bottom: 0.0001pt; text-align: justify; text-indent: 26.95pt;\"><span style=\"color: #000000;\"><b><span style=\"font-size: 12pt; line-height: 107%; font-family: Arial;\">Humanitar f\u0259nl\u0259r kafedras\u0131n\u0131n m&uuml;\u0259llimi<\/span><\/b><\/span><\/p>","protected":false},"excerpt":{"rendered":"<p>Az\u0259rbaycan\u0131n xarici siyas\u0259td\u0259 qazand\u0131\u011f\u0131 u\u011furlar milli t\u0259hl&uuml;k\u0259sizliyimiz\u0259 t&ouml;hf\u0259dir &nbsp; Milli d&ouml;vl\u0259t&ccedil;ilik Az\u0259rbaycan xalq\u0131 &uuml;&ccedil;&uuml;n yeni anlay\u0131\u015f deyil. Min ill\u0259rl\u0259 Az\u0259rbaycan xalq\u0131n\u0131n &ccedil;ox q&uuml;dr\u0259tli d&ouml;vl\u0259tl\u0259ri olubdur v\u0259 onlar\u0131n m\u0259n\u0259vi-\u0259xlaqi davam\u0131 m&uuml;asir d&ouml;vl\u0259t&ccedil;iliyimizd\u0259 &ouml;z \u0259ksini tapmaqdad\u0131r. XIX \u0259srin \u0259vv\u0259llind\u0259 Az\u0259rbaycan tarixi s\u0259b\u0259bl\u0259r ucbat\u0131ndan &ouml;z milli d&ouml;vl\u0259t&ccedil;iliyind\u0259n m\u0259hrum oldu. Xalq\u0131m\u0131zda olan potensial &ouml;z&uuml;n&uuml; XX \u0259srd\u0259 &uuml;&ccedil; d\u0259f\u0259 milli [&hellip;]<\/p>\n","protected":false},"author":1,"featured_media":0,"comment_status":"open","ping_status":"open","sticky":false,"template":"","format":"standard","meta":{"_eb_attr":"","ocean_post_layout":"","ocean_both_sidebars_style":"","ocean_both_sidebars_content_width":0,"ocean_both_sidebars_sidebars_width":0,"ocean_sidebar":"","ocean_second_sidebar":"","ocean_disable_margins":"enable","ocean_add_body_class":"","ocean_shortcode_before_top_bar":"","ocean_shortcode_after_top_bar":"","ocean_shortcode_before_header":"","ocean_shortcode_after_header":"","ocean_has_shortcode":"","ocean_shortcode_after_title":"","ocean_shortcode_before_footer_widgets":"","ocean_shortcode_after_footer_widgets":"","ocean_shortcode_before_footer_bottom":"","ocean_shortcode_after_footer_bottom":"","ocean_display_top_bar":"default","ocean_display_header":"default","ocean_header_style":"","ocean_center_header_left_menu":"","ocean_custom_header_template":"","ocean_custom_logo":0,"ocean_custom_retina_logo":0,"ocean_custom_logo_max_width":0,"ocean_custom_logo_tablet_max_width":0,"ocean_custom_logo_mobile_max_width":0,"ocean_custom_logo_max_height":0,"ocean_custom_logo_tablet_max_height":0,"ocean_custom_logo_mobile_max_height":0,"ocean_header_custom_menu":"","ocean_menu_typo_font_family":"","ocean_menu_typo_font_subset":"","ocean_menu_typo_font_size":0,"ocean_menu_typo_font_size_tablet":0,"ocean_menu_typo_font_size_mobile":0,"ocean_menu_typo_font_size_unit":"px","ocean_menu_typo_font_weight":"","ocean_menu_typo_font_weight_tablet":"","ocean_menu_typo_font_weight_mobile":"","ocean_menu_typo_transform":"","ocean_menu_typo_transform_tablet":"","ocean_menu_typo_transform_mobile":"","ocean_menu_typo_line_height":0,"ocean_menu_typo_line_height_tablet":0,"ocean_menu_typo_line_height_mobile":0,"ocean_menu_typo_line_height_unit":"","ocean_menu_typo_spacing":0,"ocean_menu_typo_spacing_tablet":0,"ocean_menu_typo_spacing_mobile":0,"ocean_menu_typo_spacing_unit":"","ocean_menu_link_color":"","ocean_menu_link_color_hover":"","ocean_menu_link_color_active":"","ocean_menu_link_background":"","ocean_menu_link_hover_background":"","ocean_menu_link_active_background":"","ocean_menu_social_links_bg":"","ocean_menu_social_hover_links_bg":"","ocean_menu_social_links_color":"","ocean_menu_social_hover_links_color":"","ocean_disable_title":"default","ocean_disable_heading":"default","ocean_post_title":"","ocean_post_subheading":"","ocean_post_title_style":"","ocean_post_title_background_color":"","ocean_post_title_background":0,"ocean_post_title_bg_image_position":"","ocean_post_title_bg_image_attachment":"","ocean_post_title_bg_image_repeat":"","ocean_post_title_bg_image_size":"","ocean_post_title_height":0,"ocean_post_title_bg_overlay":0.5,"ocean_post_title_bg_overlay_color":"","ocean_disable_breadcrumbs":"default","ocean_breadcrumbs_color":"","ocean_breadcrumbs_separator_color":"","ocean_breadcrumbs_links_color":"","ocean_breadcrumbs_links_hover_color":"","ocean_display_footer_widgets":"default","ocean_display_footer_bottom":"default","ocean_custom_footer_template":"","ocean_post_oembed":"","ocean_post_self_hosted_media":"","ocean_post_video_embed":"","ocean_link_format":"","ocean_link_format_target":"self","ocean_quote_format":"","ocean_quote_format_link":"post","ocean_gallery_link_images":"on","ocean_gallery_id":[],"footnotes":""},"categories":[63],"tags":[],"class_list":["post-15795","post","type-post","status-publish","format-standard","hentry","category-khaebaerlaer-az","entry"],"_links":{"self":[{"href":"https:\/\/mdu.edu.az\/ru\/wp-json\/wp\/v2\/posts\/15795","targetHints":{"allow":["GET"]}}],"collection":[{"href":"https:\/\/mdu.edu.az\/ru\/wp-json\/wp\/v2\/posts"}],"about":[{"href":"https:\/\/mdu.edu.az\/ru\/wp-json\/wp\/v2\/types\/post"}],"author":[{"embeddable":true,"href":"https:\/\/mdu.edu.az\/ru\/wp-json\/wp\/v2\/users\/1"}],"replies":[{"embeddable":true,"href":"https:\/\/mdu.edu.az\/ru\/wp-json\/wp\/v2\/comments?post=15795"}],"version-history":[{"count":0,"href":"https:\/\/mdu.edu.az\/ru\/wp-json\/wp\/v2\/posts\/15795\/revisions"}],"wp:attachment":[{"href":"https:\/\/mdu.edu.az\/ru\/wp-json\/wp\/v2\/media?parent=15795"}],"wp:term":[{"taxonomy":"category","embeddable":true,"href":"https:\/\/mdu.edu.az\/ru\/wp-json\/wp\/v2\/categories?post=15795"},{"taxonomy":"post_tag","embeddable":true,"href":"https:\/\/mdu.edu.az\/ru\/wp-json\/wp\/v2\/tags?post=15795"}],"curies":[{"name":"wp","href":"https:\/\/api.w.org\/{rel}","templated":true}]}}