{"id":15803,"date":"2021-03-18T08:52:42","date_gmt":"2021-03-18T05:52:42","guid":{"rendered":"https:\/\/mdu.edu.az\/minzh-evir-d-vl-t-universitetinin-alimi-kiyev-milli-igtisadiyyat-universiteti-kollektivin-nizami-zh-ndz-vi-hagg-nda-m-hazir-deyib\/"},"modified":"2021-03-18T08:52:42","modified_gmt":"2021-03-18T05:52:42","slug":"minzh-evir-d-vl-t-universitetinin-alimi-kiyev-milli-igtisadiyyat-universiteti-kollektivin-nizami-zh-ndz-vi-hagg-nda-m-hazir-deyib","status":"publish","type":"post","link":"https:\/\/mdu.edu.az\/ru\/minzh-evir-d-vl-t-universitetinin-alimi-kiyev-milli-igtisadiyyat-universiteti-kollektivin-nizami-zh-ndz-vi-hagg-nda-m-hazir-deyib\/","title":{"rendered":"Ming\u0259\u00e7evir D\u00f6vl\u0259t Universitetinin alimi Kiyev Milli \u0130qtisadiyyat Universiteti kollektivin\u0259 Nizami G\u0259nc\u0259vi haqq\u0131nda m\u00fchazir\u0259 deyib"},"content":{"rendered":"<p style=\"margin-bottom: 0.0001pt; text-align: center; line-height: normal;\"><b><span style=\"font-size: 14pt; font-family: Arial; color: navy;\">Ming\u0259&ccedil;evir D&ouml;vl\u0259t Universitetinin alimi Kiyev Milli \u0130qtisadiyyat Universiteti kollektivin\u0259 Nizami G\u0259nc\u0259vi haqq\u0131nda m&uuml;hazir\u0259 deyib<\/span><\/b><\/p>\n<p>&nbsp;<\/p>\n<p style=\"margin-bottom: 0.0001pt; text-align: justify; text-indent: 27pt; line-height: normal;\"><span style=\"font-size: 12pt; font-family: Arial; color: #000000;\">2021-ci ilin 17 mart tarixind\u0259 Ming\u0259&ccedil;evir D&ouml;vl\u0259t Universiteti (MDU) v\u0259 Kiyev Milli \u0130qtisadiyyat Universiteti (Kiev National Economic University &ndash; KNEU) aras\u0131nda \u0259m\u0259kda\u015fl\u0131q &ccedil;\u0259r&ccedil;iv\u0259sind\u0259 n&ouml;vb\u0259ti m&uuml;hazir\u0259 ke&ccedil;irilib.<\/span><\/p>\n<p style=\"margin-bottom: 0.0001pt; text-align: justify; text-indent: 27pt; line-height: normal;\"><span style=\"font-size: 12pt; font-family: Arial; color: #000000;\">&ldquo;Nizami G\u0259nc\u0259vi ili&rdquo;n\u0259 h\u0259sr olunan v\u0259 &ldquo;ZOOM&rdquo; platformas\u0131 &uuml;z\u0259rind\u0259n onlayn formatda t\u0259\u015fkil edil\u0259n m&uuml;hazir\u0259 m\u0259xsusi olaraq KNEU t\u0259l\u0259b\u0259l\u0259ri, magistrantlar\u0131, el\u0259c\u0259 d\u0259 akademik v\u0259 inzibati hey\u0259t &uuml;zvl\u0259ri &uuml;&ccedil;&uuml;n n\u0259z\u0259rd\u0259 tutulub.<\/span><\/p>\n<p style=\"margin-bottom: 0.0001pt; text-align: justify; text-indent: 27pt; line-height: normal;\"><span style=\"font-size: 12pt; font-family: Arial; color: #000000;\">MDU-nun &ldquo;Xarici dill\u0259r&rdquo; kafedras\u0131n\u0131n dosenti May\u0131l \u0130smay\u0131lov &#8220;Nizaminin Q\u0259rb \u0259d\u0259biyyat\u0131 v\u0259 m\u0259d\u0259niyy\u0259tin\u0259 t\u0259siri&#8221; m&ouml;vzusunda m&uuml;hazir\u0259 oxuyub. Ukrayna auditoriyas\u0131 &uuml;&ccedil;&uuml;n x&uuml;susi haz\u0131rlanm\u0131\u015f m\u0259ruz\u0259d\u0259 d&uuml;nya \u0259d\u0259biyyat\u0131n\u0131n g&ouml;rk\u0259mli n&uuml;may\u0259nd\u0259si Nizami G\u0259nc\u0259vinin h\u0259yat v\u0259 yarad\u0131c\u0131l\u0131\u011f\u0131ndan, dahi \u015f\u0259xsiyy\u0259tin f\u0259ls\u0259fi fikirl\u0259rind\u0259n, d&uuml;nyan\u0131n tan\u0131nm\u0131\u015f \u015f\u0259rq\u015f&uuml;naslar\u0131n\u0131n m&uuml;t\u0259f\u0259kkir haqq\u0131nda ara\u015fd\u0131rmalar\u0131ndan geni\u015f b\u0259hs olunub. Nizami G\u0259nc\u0259vinin z\u0259ngin irsinin Ukrayna \u0259d\u0259biyyat\u0131na t\u0259sirl\u0259rind\u0259n dan\u0131\u015fan M.\u0130smay\u0131lov &ouml;lm\u0259z \u015fairin ukrayna dilin\u0259 t\u0259rc&uuml;m\u0259 edil\u0259n \u0259s\u0259rl\u0259rind\u0259n par&ccedil;alar oxuyub.<\/span><\/p>\n<p style=\"margin-bottom: 0.0001pt; text-align: justify; text-indent: 27pt; line-height: normal;\"><span style=\"font-size: 12pt; font-family: Arial; color: #000000;\">KNEU t\u0259l\u0259b\u0259 v\u0259 akademik hey\u0259ti t\u0259r\u0259find\u0259n b&ouml;y&uuml;k maraqla qar\u015f\u0131lanan m&uuml;hazir\u0259d\u0259 i\u015ftirak&ccedil;\u0131lar\u0131n &ccedil;oxsayl\u0131 suallar\u0131 cavabland\u0131r\u0131l\u0131b. Nizami G\u0259nc\u0259vinin poetik d&uuml;\u015f&uuml;nc\u0259l\u0259ri \u0259traf\u0131nda geni\u015f fikir m&uuml;badil\u0259si apar\u0131lan m&uuml;hazir\u0259d\u0259 dahi \u015fairin h\u0259mi\u015f\u0259ya\u015far \u0259s\u0259rl\u0259rin\u0259 b\u0259st\u0259l\u0259nmi\u015f musiqil\u0259r s\u0259sl\u0259ndirilib.<\/span><\/p>\n<p style=\"margin-bottom: 0.0001pt; text-align: justify; text-indent: 27pt; line-height: normal;\"><span style=\"font-size: 12pt; font-family: Arial; color: #000000;\">Nizami G\u0259nc\u0259vinin 880 illik yubileyi m&uuml;nasib\u0259til\u0259 MDU-da h\u0259yata ke&ccedil;iril\u0259n t\u0259dbirl\u0259r &ccedil;\u0259r&ccedil;iv\u0259sind\u0259 t\u0259\u015fkil edil\u0259n m&uuml;hazir\u0259nin \u0259sas m\u0259qs\u0259di m&uuml;t\u0259f\u0259kkir \u015fairimizin yarad\u0131c\u0131l\u0131\u011f\u0131n\u0131n xarici &ouml;lk\u0259l\u0259rd\u0259 t\u0259bli\u011fin\u0259 t&ouml;hf\u0259 verm\u0259kd\u0259n ibar\u0259t olub.<\/span><\/p>\n<p style=\"margin-bottom: 0.0001pt; text-align: justify; text-indent: 27pt; line-height: normal;\"><span style=\"font-size: 12pt; font-family: Arial; color: #000000;\">Qeyd ed\u0259k ki, MDU v\u0259 KNEU aras\u0131nda birg\u0259 realla\u015fd\u0131r\u0131lan layih\u0259 h\u0259r t\u0259qvim ay\u0131 \u0259rzind\u0259 iki qar\u015f\u0131l\u0131ql\u0131 m&uuml;hazir\u0259nin t\u0259\u015fkilini n\u0259z\u0259rd\u0259 tutur. Bundan \u0259vv\u0259l, KNEU-nun \u0130qtisadiyyat v\u0259 idar\u0259etm\u0259 fak&uuml;lt\u0259sinin dosenti Elena Proxorova MDU kollektivi &uuml;&ccedil;&uuml;n &#8220;Kiyev Milli \u0130qtisadiyyat Universitetind\u0259 pandemiya d&ouml;vr&uuml;nd\u0259 onlayn v\u0259 \u0259n\u0259n\u0259vi t\u0259hsil&#8221; m&ouml;vzusunda m&uuml;hazir\u0259 oxuyub.<\/span><\/p>\n<p>{phocagallery view=category|categoryid=549|limitstart=0|limitcount=0}<\/p>","protected":false},"excerpt":{"rendered":"<p>Ming\u0259&ccedil;evir D&ouml;vl\u0259t Universitetinin alimi Kiyev Milli \u0130qtisadiyyat Universiteti kollektivin\u0259 Nizami G\u0259nc\u0259vi haqq\u0131nda m&uuml;hazir\u0259 deyib &nbsp; 2021-ci ilin 17 mart tarixind\u0259 Ming\u0259&ccedil;evir D&ouml;vl\u0259t Universiteti (MDU) v\u0259 Kiyev Milli \u0130qtisadiyyat Universiteti (Kiev National Economic University &ndash; KNEU) aras\u0131nda \u0259m\u0259kda\u015fl\u0131q &ccedil;\u0259r&ccedil;iv\u0259sind\u0259 n&ouml;vb\u0259ti m&uuml;hazir\u0259 ke&ccedil;irilib. &ldquo;Nizami G\u0259nc\u0259vi ili&rdquo;n\u0259 h\u0259sr olunan v\u0259 &ldquo;ZOOM&rdquo; platformas\u0131 &uuml;z\u0259rind\u0259n onlayn formatda t\u0259\u015fkil edil\u0259n m&uuml;hazir\u0259 [&hellip;]<\/p>\n","protected":false},"author":1,"featured_media":0,"comment_status":"open","ping_status":"open","sticky":false,"template":"","format":"standard","meta":{"_eb_attr":"","ocean_post_layout":"","ocean_both_sidebars_style":"","ocean_both_sidebars_content_width":0,"ocean_both_sidebars_sidebars_width":0,"ocean_sidebar":"","ocean_second_sidebar":"","ocean_disable_margins":"enable","ocean_add_body_class":"","ocean_shortcode_before_top_bar":"","ocean_shortcode_after_top_bar":"","ocean_shortcode_before_header":"","ocean_shortcode_after_header":"","ocean_has_shortcode":"","ocean_shortcode_after_title":"","ocean_shortcode_before_footer_widgets":"","ocean_shortcode_after_footer_widgets":"","ocean_shortcode_before_footer_bottom":"","ocean_shortcode_after_footer_bottom":"","ocean_display_top_bar":"default","ocean_display_header":"default","ocean_header_style":"","ocean_center_header_left_menu":"","ocean_custom_header_template":"","ocean_custom_logo":0,"ocean_custom_retina_logo":0,"ocean_custom_logo_max_width":0,"ocean_custom_logo_tablet_max_width":0,"ocean_custom_logo_mobile_max_width":0,"ocean_custom_logo_max_height":0,"ocean_custom_logo_tablet_max_height":0,"ocean_custom_logo_mobile_max_height":0,"ocean_header_custom_menu":"","ocean_menu_typo_font_family":"","ocean_menu_typo_font_subset":"","ocean_menu_typo_font_size":0,"ocean_menu_typo_font_size_tablet":0,"ocean_menu_typo_font_size_mobile":0,"ocean_menu_typo_font_size_unit":"px","ocean_menu_typo_font_weight":"","ocean_menu_typo_font_weight_tablet":"","ocean_menu_typo_font_weight_mobile":"","ocean_menu_typo_transform":"","ocean_menu_typo_transform_tablet":"","ocean_menu_typo_transform_mobile":"","ocean_menu_typo_line_height":0,"ocean_menu_typo_line_height_tablet":0,"ocean_menu_typo_line_height_mobile":0,"ocean_menu_typo_line_height_unit":"","ocean_menu_typo_spacing":0,"ocean_menu_typo_spacing_tablet":0,"ocean_menu_typo_spacing_mobile":0,"ocean_menu_typo_spacing_unit":"","ocean_menu_link_color":"","ocean_menu_link_color_hover":"","ocean_menu_link_color_active":"","ocean_menu_link_background":"","ocean_menu_link_hover_background":"","ocean_menu_link_active_background":"","ocean_menu_social_links_bg":"","ocean_menu_social_hover_links_bg":"","ocean_menu_social_links_color":"","ocean_menu_social_hover_links_color":"","ocean_disable_title":"default","ocean_disable_heading":"default","ocean_post_title":"","ocean_post_subheading":"","ocean_post_title_style":"","ocean_post_title_background_color":"","ocean_post_title_background":0,"ocean_post_title_bg_image_position":"","ocean_post_title_bg_image_attachment":"","ocean_post_title_bg_image_repeat":"","ocean_post_title_bg_image_size":"","ocean_post_title_height":0,"ocean_post_title_bg_overlay":0.5,"ocean_post_title_bg_overlay_color":"","ocean_disable_breadcrumbs":"default","ocean_breadcrumbs_color":"","ocean_breadcrumbs_separator_color":"","ocean_breadcrumbs_links_color":"","ocean_breadcrumbs_links_hover_color":"","ocean_display_footer_widgets":"default","ocean_display_footer_bottom":"default","ocean_custom_footer_template":"","ocean_post_oembed":"","ocean_post_self_hosted_media":"","ocean_post_video_embed":"","ocean_link_format":"","ocean_link_format_target":"self","ocean_quote_format":"","ocean_quote_format_link":"post","ocean_gallery_link_images":"on","ocean_gallery_id":[],"footnotes":""},"categories":[63],"tags":[],"class_list":["post-15803","post","type-post","status-publish","format-standard","hentry","category-khaebaerlaer-az","entry"],"_links":{"self":[{"href":"https:\/\/mdu.edu.az\/ru\/wp-json\/wp\/v2\/posts\/15803","targetHints":{"allow":["GET"]}}],"collection":[{"href":"https:\/\/mdu.edu.az\/ru\/wp-json\/wp\/v2\/posts"}],"about":[{"href":"https:\/\/mdu.edu.az\/ru\/wp-json\/wp\/v2\/types\/post"}],"author":[{"embeddable":true,"href":"https:\/\/mdu.edu.az\/ru\/wp-json\/wp\/v2\/users\/1"}],"replies":[{"embeddable":true,"href":"https:\/\/mdu.edu.az\/ru\/wp-json\/wp\/v2\/comments?post=15803"}],"version-history":[{"count":0,"href":"https:\/\/mdu.edu.az\/ru\/wp-json\/wp\/v2\/posts\/15803\/revisions"}],"wp:attachment":[{"href":"https:\/\/mdu.edu.az\/ru\/wp-json\/wp\/v2\/media?parent=15803"}],"wp:term":[{"taxonomy":"category","embeddable":true,"href":"https:\/\/mdu.edu.az\/ru\/wp-json\/wp\/v2\/categories?post=15803"},{"taxonomy":"post_tag","embeddable":true,"href":"https:\/\/mdu.edu.az\/ru\/wp-json\/wp\/v2\/tags?post=15803"}],"curies":[{"name":"wp","href":"https:\/\/api.w.org\/{rel}","templated":true}]}}