{"id":15804,"date":"2021-03-18T16:12:16","date_gmt":"2021-03-18T13:12:16","guid":{"rendered":"https:\/\/mdu.edu.az\/az-rbaydzan-n-b-t-vl-y-n-n-zhorunmas-ulu-nd-r-heyd-r-liyevin-tarikhi-missiyas-olub\/"},"modified":"2021-03-18T16:12:16","modified_gmt":"2021-03-18T13:12:16","slug":"az-rbaydzan-n-b-t-vl-y-n-n-zhorunmas-ulu-nd-r-heyd-r-liyevin-tarikhi-missiyas-olub","status":"publish","type":"post","link":"https:\/\/mdu.edu.az\/ru\/az-rbaydzan-n-b-t-vl-y-n-n-zhorunmas-ulu-nd-r-heyd-r-liyevin-tarikhi-missiyas-olub\/","title":{"rendered":"Az\u0259rbaycan\u0131n b\u00fct\u00f6vl\u00fcy\u00fcn\u00fcn qorunmas\u0131 Ulu \u00d6nd\u0259r Heyd\u0259r \u018fliyevin tarixi missiyas\u0131 olub"},"content":{"rendered":"<p style=\"margin-bottom: 0.0001pt; text-align: center; line-height: normal;\"><b><span style=\"font-size: 14pt; font-family: Arial; color: navy;\">Az\u0259rbaycan\u0131n b&uuml;t&ouml;vl&uuml;y&uuml;n&uuml;n qorunmas\u0131 Ulu &Ouml;nd\u0259r Heyd\u0259r \u018fliyevin tarixi missiyas\u0131 olub<\/span><\/b><\/p>\n<p>&nbsp;<\/p>\n<p style=\"margin-bottom: 0.0001pt; text-align: justify; text-indent: 27pt; line-height: normal;\"><span style=\"font-size: 12pt; font-family: Arial;\"><\/span><\/p>\n<p style=\"margin-bottom: 0.0001pt; text-align: justify; text-indent: 27pt; line-height: normal;\"><span style=\"font-size: 12pt; font-family: Arial; color: #000000;\">M&uuml;st\u0259qillik qazand\u0131qdan sonra &ouml;lk\u0259mizd\u0259 xo\u015fag\u0259lm\u0259z hallar da olub. 1995-ci ilin mart ay\u0131n\u0131nn 13-n\u0259 ke&ccedil;\u0259n gec\u0259 OMON-un&nbsp;<a href=\"https:\/\/az.wikipedia.org\/wiki\/A%C4%9Fstafa\" style=\"color: #000000;\" title=\"A\u011fstafa\"><span style=\"color: windowtext; text-decoration: none;\">A\u011fstafa<\/span><\/a>&nbsp;v\u0259&nbsp;<a href=\"https:\/\/az.wikipedia.org\/wiki\/Qazax\" style=\"color: #000000;\" title=\"Qazax\"><span style=\"color: windowtext; text-decoration: none;\">Qazax<\/span><\/a>&nbsp;rayonunda yerl\u0259\u015f\u0259n b&ouml;lm\u0259si t\u0259r\u0259find\u0259n d&ouml;vl\u0259t idar\u0259l\u0259rin\u0259 silahl\u0131 h&uuml;cum t\u0259\u015fkil edilmi\u015f v\u0259 d&ouml;vl\u0259t \u0259leyhin\u0259 ba\u015f ver\u0259n qiyam\u0131n qar\u015f\u0131s\u0131 Az\u0259rbaycan ordusunun b&ouml;lm\u0259l\u0259ri t\u0259r\u0259find\u0259n qiyam yat\u0131r\u0131lm\u0131\u015fd\u0131r. V\u0259ziyy\u0259t &ccedil;ox g\u0259rgin idi. &Ouml;lk\u0259, xalq t\u0259hl&uuml;k\u0259 il\u0259 &uuml;zl\u0259\u015firdi. Mart\u0131n 16-17-d\u0259&nbsp;X&uuml;susi T\u0259yinatl\u0131 Polis D\u0259st\u0259sinin&nbsp;komandiri <a href=\"https:\/\/az.wikipedia.org\/wiki\/R%C3%B6v%C5%9F%C9%99n_Cavadov\" style=\"color: #000000;\" title=\"R&ouml;v\u015f\u0259n Cavadov\"><span style=\"color: windowtext; text-decoration: none;\">R&ouml;v\u015f\u0259n Cavadov<\/span><\/a>un&nbsp; r\u0259hb\u0259rliyi il\u0259 Bak\u0131da d&ouml;vl\u0259t &ccedil;evrili\u015fin\u0259 c\u0259hdi ba\u015f tutmad\u0131. Az\u0259rbaycan Silahl\u0131 Q&uuml;vv\u0259l\u0259rinin d\u0259st\u0259l\u0259ri &uuml;syan&ccedil;\u0131lar\u0131n d&uuml;\u015f\u0259rg\u0259sini m&uuml;hasir\u0259y\u0259 ald\u0131 v\u0259 qiyam yat\u0131r\u0131ld\u0131.<\/span><\/p>\n<p style=\"margin-bottom: 0.0001pt; text-align: justify; text-indent: 27pt; line-height: normal;\"><span style=\"font-size: 12pt; font-family: Arial; color: #000000;\"> 1995-c ilin mart hadis\u0259l\u0259ri silahl\u0131 qiyam hesab olunmal\u0131d\u0131r. &ldquo;OMON&rdquo;-a d\u0259f\u0259l\u0259rl\u0259 t\u0259kid edilmi\u015fdi ki, D\u0130N-in daxilind\u0259 qeydiyyatdan ke&ccedil;sin v\u0259 bu qurumun tabe&ccedil;iliyin\u0259 verilsin. Amma &ldquo;OMON&rdquo;-&ccedil;u d\u0259st\u0259l\u0259r hakimiyy\u0259t\u0259 m&uuml;qavim\u0259t g&ouml;st\u0259rm\u0259k fikrind\u0259 idil\u0259r. M&ouml;vcud olan sabitlik v\u0259 firavanl\u0131q b\u0259zil\u0259rini qane etmirdi. A&ccedil;\u0131q \u015f\u0259kild\u0259 D&ouml;vl\u0259t \u015euras\u0131 yaradacaqlar\u0131n\u0131, orada El&ccedil;ib\u0259y v\u0259 M&uuml;t\u0259llibovun i\u015ftirak ed\u0259c\u0259kl\u0259rini b\u0259yan edirdil\u0259r. D&ouml;vl\u0259tin himay\u0259si il\u0259 yarad\u0131lm\u0131\u015f silahl\u0131 d\u0259st\u0259 sonradan d&ouml;vl\u0259tin \u0259leyhin\u0259 olan qiyam&ccedil;\u0131 d\u0259st\u0259y\u0259 &ccedil;evrildi. D&ouml;vl\u0259t ba\u015f&ccedil;\u0131s\u0131n\u0131n &ccedil;a\u011f\u0131r\u0131\u015flar\u0131na m\u0259h\u0259l qoyulmur, insanlar\u0131n fikirl\u0259rini &ccedil;a\u015fd\u0131r\u0131rd\u0131lar. Bu c&uuml;r g\u0259rgin zamanlarda insanlar yaln\u0131z q\u0259tiyy\u0259tli liderin yan\u0131nda durma\u011fa meyl g&ouml;st\u0259rir v\u0259 xalq bu do\u011fru yolu se&ccedil;di. Heyd\u0259r \u018fliyevin n&uuml;fuzu v\u0259 xalq\u0131n d\u0259st\u0259yi d&ouml;vl\u0259t &ccedil;evrili\u015finin qar\u015f\u0131s\u0131n\u0131 alma\u011f\u0131n\u0131n s\u0259b\u0259bidir. <\/span><\/p>\n<p style=\"margin-bottom: 0.0001pt; text-align: justify; text-indent: 27pt; line-height: normal;\"><span style=\"font-size: 12pt; font-family: Arial; color: #000000;\">15 mart 1995-ci il tarixind\u0259 Ulu &Ouml;nd\u0259r Heyd\u0259r \u018fliyev M&uuml;st\u0259qilliyimizi da\u011f\u0131tmaq niyy\u0259tli q&uuml;vv\u0259l\u0259rin d&ouml;vl\u0259t &ccedil;evrili\u015fin\u0259 c\u0259hd g&ouml;st\u0259rm\u0259si il\u0259 \u0259laq\u0259dar televiziya v\u0259 radio il\u0259 xalqa m&uuml;raci\u0259t etmi\u015fdir. Az\u0259rbaycan xalq\u0131n\u0131n Ulu &Ouml;nd\u0259r Heyd\u0259r \u018fliyev\u0259, qanuni hakimiyy\u0259t\u0259 birm\u0259nal\u0131 d\u0259st\u0259yi qiyam\u0131n ba\u015f tutmas\u0131n\u0131n qar\u015f\u0131s\u0131n\u0131 ald\u0131. Xalq &ouml;z liderini d\u0259st\u0259kl\u0259di, &ouml;lk\u0259ni par&ccedil;alanmaq v\u0259 v\u0259t\u0259nda\u015f m&uuml;harib\u0259si t\u0259hl&uuml;k\u0259sind\u0259n xilas edilm\u0259sinin yegan\u0259 yolu iqtidar xalq birliyi idi. Bu g&uuml;n d\u0259 Az\u0259rbaycanda iqtidar-xalq bir\u0131iyi m&ouml;vcuddur v\u0259 bu birlik d&ouml;vl\u0259timizin inki\u015faf\u0131n\u0131n t\u0259m\u0259lidir. <\/span><\/p>\n<p style=\"margin-bottom: 0.0001pt; text-align: justify; text-indent: 27pt; line-height: normal;\"><span style=\"font-size: 12pt; font-family: Arial; color: #000000;\">Az\u0259rbaycan\u0131n b&uuml;t&ouml;vl&uuml;y&uuml;n&uuml;n qorunmas\u0131 Ulu &Ouml;nd\u0259r Heyd\u0259r \u018fliyevin tarixi missiyas\u0131 olub, onun h\u0259yat\u0131n\u0131n m\u0259nas\u0131 d&ouml;vl\u0259timiz\u0259, xalq\u0131m\u0131za l\u0259yaq\u0259tl\u0259 xidm\u0259t edib. H\u0259r iki hakimiyy\u0259ti d&ouml;vr&uuml;nd\u0259 o yaln\u0131z Az\u0259rbaycan\u0131 inki\u015faf etdirm\u0259k, d&uuml;nyada tan\u0131tmaq, insanlar\u0131n h\u0259yat t\u0259rzini yax\u015f\u0131la\u015fd\u0131rmaq kimi arzular\u0131n\u0131 realla\u015fd\u0131ra bilib. O zaman Az\u0259rbaycan xalq\u0131n\u0131n &Uuml;mummilli Lideri Heyd\u0259r \u018fliyev v\u0259t\u0259nda\u015f qar\u015f\u0131durmas\u0131na s\u0259b\u0259b ola bil\u0259c\u0259k hadis\u0259nin qar\u015f\u0131s\u0131n\u0131 ald\u0131 v\u0259 &ouml;lk\u0259d\u0259 davam ed\u0259n hakimiyy\u0259t b&ouml;hran\u0131na, anarxiya v\u0259 &ouml;zba\u015f\u0131nal\u0131\u011fa son qoydu. H\u0259min hadis\u0259l\u0259r, bir daha g&ouml;st\u0259rdi ki, Az\u0259rbaycan xalq\u0131 v\u0259 onun ordusu &ouml;lk\u0259 daxilind\u0259 qar\u015f\u0131durma yaratmaq ist\u0259y\u0259nl\u0259ri d\u0259st\u0259kl\u0259mir v\u0259 onlar\u0131 m&uuml;dafi\u0259 etmir. <\/span><\/p>\n<p style=\"margin-bottom: 0.0001pt; text-align: justify; text-indent: 27pt; line-height: normal;\"><span style=\"font-size: 12pt; font-family: Arial; color: #000000;\">Tarix\u0259 n\u0259z\u0259r salanda g&ouml;r&uuml;r&uuml;k ki, 1995-ci ilin mart hadis\u0259l\u0259ri Az\u0259rbaycan d&ouml;vl\u0259t&ccedil;iliyin\u0259 qar\u015f\u0131 x\u0259yan\u0259tkarl\u0131q olub. D&ouml;vl\u0259t &ccedil;evrili\u015fin\u0259 c\u0259hd ed\u0259n qeyri &#8211; qanuni silahl\u0131 birl\u0259\u015fm\u0259l\u0259rin r\u0259hb\u0259ri R&ouml;v\u015f\u0259n Cavadov v\u0259 onun \u0259traf\u0131 hakimiyy\u0259ti silah g&uuml;c&uuml;n\u0259, qeyri-konstitusion yolla \u0259l\u0259 ke&ccedil;irm\u0259kd\u0259 tam israrl\u0131 idi. Onlar a\u011fsaqqallar\u0131, ziyal\u0131lar\u0131, h\u0259tta ya\u015fl\u0131 atalar\u0131n\u0131 da dinl\u0259m\u0259dil\u0259r. Onsuz da &ouml;lk\u0259d\u0259 m&uuml;harib\u0259 v\u0259ziyy\u0259ti idi, torpaqlar i\u015f\u011fal olunmu\u015f, insanlar yurd yuvalar\u0131ndan did\u0259rgin d&uuml;\u015fm&uuml;\u015fd&uuml;l\u0259r. Xalq birl\u0259\u015f\u0259r\u0259k bir d&uuml;\u015fm\u0259n\u0259 qar\u015f\u0131 m&uuml;bariz\u0259 aparmal\u0131 idi. Qar\u015f\u0131durma daha b&ouml;y&uuml;k f\u0259lak\u0259t ola bil\u0259rdi. N\u0259 yax\u015f\u0131 ki. &uuml;mummilli lider &ouml;z q\u0259tiyy\u0259ti v\u0259 xalqa olan sevgisi il\u0259 bu c&uuml;r d\u0259h\u015f\u0259tli qiyam\u0131n qar\u015f\u0131s\u0131n\u0131 ala bildi. Bu xalq\u0131m\u0131z\u0131n n&ouml;vb\u0259ti q\u0259l\u0259b\u0259si say\u0131la bil\u0259r. Az\u0259rbaycan xalq\u0131 &ccedil;ox &ccedil;\u0259tinlikl\u0259rl\u0259 qar\u015f\u0131la\u015f\u0131b v\u0259 h\u0259r zaman qalib olub. <\/span><\/p>\n<p style=\"margin-bottom: 0.0001pt; text-align: justify; text-indent: 27pt; line-height: normal;\"><span style=\"font-size: 12pt; font-family: Arial; color: #000000;\">Az\u0259rbaycan\u0131n iri s\u0259naye \u015f\u0259h\u0259rl\u0259rind\u0259n olan Ming\u0259&ccedil;evird\u0259 d\u0259 insanlar &ouml;z liderin\u0259 etimad g&ouml;st\u0259rib. Davam\u0131 olaraq bu siyasi x\u0259tti d\u0259st\u0259kl\u0259yib, Prezidentimiz \u0130lham \u018fliyevin r\u0259hb\u0259rliyi il\u0259 h\u0259yata ke&ccedil;iril\u0259n daxili v\u0259 xarici siyasi x\u0259ttin u\u011fur qazanaca\u011f\u0131na inam\u0131 olub. V\u0259 bu inam Az\u0259rbaycan\u0131 inki\u015faf etdirir. V\u0259t\u0259n m&uuml;harib\u0259sind\u0259 qazan\u0131lan b&ouml;y&uuml;k q\u0259l\u0259b\u0259 d\u0259 bu irad\u0259nin, siyasi s\u0259ri\u015ft\u0259nin bir hiss\u0259si hesab oluna bil\u0259r.<\/span><\/p>\n<p>&nbsp;<\/p>\n<p style=\"margin-bottom: 0.0001pt; text-align: justify; text-indent: 27pt; line-height: normal;\"><span style=\"font-size: 12pt; font-family: Arial; color: #000000;\"><\/span><\/p>\n<p style=\"margin-bottom: 0.0001pt; text-align: justify; text-indent: 27pt; line-height: normal;\"><span style=\"color: #000000;\"><b><span style=\"font-size: 14pt; font-family: Arial;\">Mirz\u0259 Cavadov<\/span><\/b><\/span><\/p>\n<p style=\"margin-bottom: 0.0001pt; text-align: justify; text-indent: 27pt; line-height: normal;\"><span style=\"color: #000000;\"><b><span style=\"font-size: 14pt; font-family: Arial;\">YAP Ming\u0259&ccedil;evir \u015f\u0259h\u0259r t\u0259\u015fkilat\u0131 Siyasi \u015euras\u0131n\u0131n &uuml;zv&uuml;<\/span><\/b><\/span><\/p>","protected":false},"excerpt":{"rendered":"<p>Az\u0259rbaycan\u0131n b&uuml;t&ouml;vl&uuml;y&uuml;n&uuml;n qorunmas\u0131 Ulu &Ouml;nd\u0259r Heyd\u0259r \u018fliyevin tarixi missiyas\u0131 olub &nbsp; M&uuml;st\u0259qillik qazand\u0131qdan sonra &ouml;lk\u0259mizd\u0259 xo\u015fag\u0259lm\u0259z hallar da olub. 1995-ci ilin mart ay\u0131n\u0131nn 13-n\u0259 ke&ccedil;\u0259n gec\u0259 OMON-un&nbsp;A\u011fstafa&nbsp;v\u0259&nbsp;Qazax&nbsp;rayonunda yerl\u0259\u015f\u0259n b&ouml;lm\u0259si t\u0259r\u0259find\u0259n d&ouml;vl\u0259t idar\u0259l\u0259rin\u0259 silahl\u0131 h&uuml;cum t\u0259\u015fkil edilmi\u015f v\u0259 d&ouml;vl\u0259t \u0259leyhin\u0259 ba\u015f ver\u0259n qiyam\u0131n qar\u015f\u0131s\u0131 Az\u0259rbaycan ordusunun b&ouml;lm\u0259l\u0259ri t\u0259r\u0259find\u0259n qiyam yat\u0131r\u0131lm\u0131\u015fd\u0131r. V\u0259ziyy\u0259t &ccedil;ox g\u0259rgin idi. &Ouml;lk\u0259, xalq [&hellip;]<\/p>\n","protected":false},"author":1,"featured_media":0,"comment_status":"open","ping_status":"open","sticky":false,"template":"","format":"standard","meta":{"_eb_attr":"","ocean_post_layout":"","ocean_both_sidebars_style":"","ocean_both_sidebars_content_width":0,"ocean_both_sidebars_sidebars_width":0,"ocean_sidebar":"","ocean_second_sidebar":"","ocean_disable_margins":"enable","ocean_add_body_class":"","ocean_shortcode_before_top_bar":"","ocean_shortcode_after_top_bar":"","ocean_shortcode_before_header":"","ocean_shortcode_after_header":"","ocean_has_shortcode":"","ocean_shortcode_after_title":"","ocean_shortcode_before_footer_widgets":"","ocean_shortcode_after_footer_widgets":"","ocean_shortcode_before_footer_bottom":"","ocean_shortcode_after_footer_bottom":"","ocean_display_top_bar":"default","ocean_display_header":"default","ocean_header_style":"","ocean_center_header_left_menu":"","ocean_custom_header_template":"","ocean_custom_logo":0,"ocean_custom_retina_logo":0,"ocean_custom_logo_max_width":0,"ocean_custom_logo_tablet_max_width":0,"ocean_custom_logo_mobile_max_width":0,"ocean_custom_logo_max_height":0,"ocean_custom_logo_tablet_max_height":0,"ocean_custom_logo_mobile_max_height":0,"ocean_header_custom_menu":"","ocean_menu_typo_font_family":"","ocean_menu_typo_font_subset":"","ocean_menu_typo_font_size":0,"ocean_menu_typo_font_size_tablet":0,"ocean_menu_typo_font_size_mobile":0,"ocean_menu_typo_font_size_unit":"px","ocean_menu_typo_font_weight":"","ocean_menu_typo_font_weight_tablet":"","ocean_menu_typo_font_weight_mobile":"","ocean_menu_typo_transform":"","ocean_menu_typo_transform_tablet":"","ocean_menu_typo_transform_mobile":"","ocean_menu_typo_line_height":0,"ocean_menu_typo_line_height_tablet":0,"ocean_menu_typo_line_height_mobile":0,"ocean_menu_typo_line_height_unit":"","ocean_menu_typo_spacing":0,"ocean_menu_typo_spacing_tablet":0,"ocean_menu_typo_spacing_mobile":0,"ocean_menu_typo_spacing_unit":"","ocean_menu_link_color":"","ocean_menu_link_color_hover":"","ocean_menu_link_color_active":"","ocean_menu_link_background":"","ocean_menu_link_hover_background":"","ocean_menu_link_active_background":"","ocean_menu_social_links_bg":"","ocean_menu_social_hover_links_bg":"","ocean_menu_social_links_color":"","ocean_menu_social_hover_links_color":"","ocean_disable_title":"default","ocean_disable_heading":"default","ocean_post_title":"","ocean_post_subheading":"","ocean_post_title_style":"","ocean_post_title_background_color":"","ocean_post_title_background":0,"ocean_post_title_bg_image_position":"","ocean_post_title_bg_image_attachment":"","ocean_post_title_bg_image_repeat":"","ocean_post_title_bg_image_size":"","ocean_post_title_height":0,"ocean_post_title_bg_overlay":0.5,"ocean_post_title_bg_overlay_color":"","ocean_disable_breadcrumbs":"default","ocean_breadcrumbs_color":"","ocean_breadcrumbs_separator_color":"","ocean_breadcrumbs_links_color":"","ocean_breadcrumbs_links_hover_color":"","ocean_display_footer_widgets":"default","ocean_display_footer_bottom":"default","ocean_custom_footer_template":"","ocean_post_oembed":"","ocean_post_self_hosted_media":"","ocean_post_video_embed":"","ocean_link_format":"","ocean_link_format_target":"self","ocean_quote_format":"","ocean_quote_format_link":"post","ocean_gallery_link_images":"on","ocean_gallery_id":[],"footnotes":""},"categories":[63],"tags":[],"class_list":["post-15804","post","type-post","status-publish","format-standard","hentry","category-khaebaerlaer-az","entry"],"_links":{"self":[{"href":"https:\/\/mdu.edu.az\/ru\/wp-json\/wp\/v2\/posts\/15804","targetHints":{"allow":["GET"]}}],"collection":[{"href":"https:\/\/mdu.edu.az\/ru\/wp-json\/wp\/v2\/posts"}],"about":[{"href":"https:\/\/mdu.edu.az\/ru\/wp-json\/wp\/v2\/types\/post"}],"author":[{"embeddable":true,"href":"https:\/\/mdu.edu.az\/ru\/wp-json\/wp\/v2\/users\/1"}],"replies":[{"embeddable":true,"href":"https:\/\/mdu.edu.az\/ru\/wp-json\/wp\/v2\/comments?post=15804"}],"version-history":[{"count":0,"href":"https:\/\/mdu.edu.az\/ru\/wp-json\/wp\/v2\/posts\/15804\/revisions"}],"wp:attachment":[{"href":"https:\/\/mdu.edu.az\/ru\/wp-json\/wp\/v2\/media?parent=15804"}],"wp:term":[{"taxonomy":"category","embeddable":true,"href":"https:\/\/mdu.edu.az\/ru\/wp-json\/wp\/v2\/categories?post=15804"},{"taxonomy":"post_tag","embeddable":true,"href":"https:\/\/mdu.edu.az\/ru\/wp-json\/wp\/v2\/tags?post=15804"}],"curies":[{"name":"wp","href":"https:\/\/api.w.org\/{rel}","templated":true}]}}