{"id":15831,"date":"2021-04-07T10:33:06","date_gmt":"2021-04-07T07:33:06","guid":{"rendered":"https:\/\/mdu.edu.az\/ispaniya-krall-n-n-valladolid-universiteti-s-n-d-zh-bulu-elan-edir\/"},"modified":"2022-10-07T16:26:01","modified_gmt":"2022-10-07T13:26:01","slug":"ispaniya-krall-n-n-valladolid-universiteti-s-n-d-zh-bulu-elan-edir","status":"publish","type":"post","link":"https:\/\/mdu.edu.az\/ru\/ispaniya-krall-n-n-valladolid-universiteti-s-n-d-zh-bulu-elan-edir\/","title":{"rendered":"\u0130spaniya Krall\u0131\u011f\u0131n\u0131n Valladolid Universiteti s\u0259n\u0259d q\u0259bulu elan edir"},"content":{"rendered":"<p style=\"margin-top: 0cm; margin-right: 0cm; margin-bottom: 0.0001pt; text-align: center;\"><b><span style=\"font-size: 14pt; font-family: Arial; color: navy;\">\u0130spaniya Krall\u0131\u011f\u0131n\u0131n Valladolid \u015f\u0259h\u0259rind\u0259 yerl\u0259\u015f\u0259n Valladolid Universiteti s\u0259n\u0259d q\u0259bulu <\/span><\/b><\/p>\n<p style=\"margin-top: 0cm; margin-right: 0cm; margin-bottom: 0.0001pt; text-align: center;\"><b><span style=\"font-size: 14pt; font-family: Arial; color: navy;\">elan edir (t\u0259l\u0259b\u0259 v\u0259 magistrantlar \u00fc\u00e7\u00fcn)<\/span><\/b><\/p>\n<p style=\"text-align: center;\"><img decoding=\"async\" src=\"images\/photo\/ERASMUS.jpg\" alt=\"\"><\/p>\n<p style=\"margin-top: 0cm; margin-right: 0cm; margin-bottom: 0.0001pt;\">\n<p style=\"margin-top: 0cm; margin-right: 0cm; margin-bottom: 0.0001pt; text-align: justify; text-indent: 27pt;\"><span style=\"color: #000000;\"><span style=\"font-size: 12pt; font-family: Arial;\">Avropa \u0130ttifaq\u0131n\u0131n maliyy\u0259l\u0259\u015fdirdiyi \u201cErasmus+\u201d proqram\u0131 \u00e7\u0259r\u00e7iv\u0259sind\u0259 \u0130spaniya Krall\u0131\u011f\u0131n\u0131n Valladolid universiteti t\u0259l\u0259b\u0259-m\u00fc\u0259llim m\u00fcbadil\u0259sininin h\u0259yata ke\u00e7irilm\u0259si \u00fc\u00e7\u00fcn s\u0259n\u0259d q\u0259buluna ba\u015flad\u0131. <\/span><span style=\"font-size: 12pt; font-family: Arial;\">Qeyd etm\u0259k laz\u0131md\u0131r ki, Ming\u0259\u00e7evir D\u00f6vl\u0259t Universiteti \u0130spaniya Krall\u0131\u011f\u0131n\u0131n Valladolid universiteti il\u0259 Erasmus+ proqram\u0131 \u00e7\u0259r\u00e7iv\u0259sind\u0259 m\u00fc\u0259llim-t\u0259l\u0259b\u0259 m\u00fcbadil\u0259sinin h\u0259yata ke\u00e7irilm\u0259si \u00fczr\u0259 ikili sazi\u015f ba\u011flam\u0131\u015fd\u0131r. Proqram \u00e7\u0259r\u00e7iv\u0259sind\u0259 2021\/2022-ci t\u0259dris ili \u00fc\u00e7\u00fcn b\u00fct\u00fcn t\u0259hsil pill\u0259l\u0259ri \u00fczr\u0259 (bakalavr, magistratura v\u0259 doktorantura) t\u0259l\u0259b\u0259 m\u00fcbadil\u0259si h\u0259yata ke\u00e7iril\u0259c\u0259kdir. T\u0259l\u0259b\u0259l\u0259r proqram \u00e7\u0259r\u00e7iv\u0259sind\u0259 bir v\u0259 ya iki semestr \u0259rzind\u0259 Valladolid universitetind\u0259 t\u0259hsil ala bil\u0259rl\u0259r. Universitetd\u0259 t\u0259dris ispan v\u0259 ingilis dilind\u0259 apar\u0131l\u0131r. M\u00fcbadil\u0259 il\u0259 ba\u011fl\u0131 b\u00fct\u00fcn x\u0259rcl\u0259r Erasmus+ t\u0259qa\u00fcd\u00fc hesab\u0131na \u00f6d\u0259nil\u0259c\u0259kdir. Proqramda i\u015ftirak etm\u0259k ist\u0259y\u0259n t\u0259l\u0259b\u0259l\u0259r a\u015fa\u011f\u0131dak\u0131 t\u0259l\u0259bl\u0259r\u0259 cavab verm\u0259lidir:<\/span><\/span><\/p>\n<p style=\"margin-top: 0cm; margin-right: 0cm; margin-bottom: 0.0001pt; text-align: justify; text-indent: 27pt;\"><span style=\"font-size: 12pt; font-family: Arial; color: #000000;\">I, II, III kurs t\u0259l\u0259b\u0259si olmaqla\u2013 minimum orta qiym\u0259t 75 olmal\u0131, (magistrl\u0259r \u00fc\u00e7\u00fcn 80); \u0130ngilis v\u0259 ya ispan dill\u0259rini B2 s\u0259viyy\u0259sind\u0259 bilm\u0259si t\u0259l\u0259b olunur.<\/span><\/p>\n<p style=\"margin-top: 0cm; margin-right: 0cm; margin-bottom: 0.0001pt; text-align: justify; text-indent: 27pt;\"><span style=\"font-size: 12pt; font-family: Arial; color: #000000;\">T\u0259qa\u00fcd \u00fc\u00e7\u00fcn a\u015fa\u011f\u0131da verilmi\u015f link\u0259 daxil olaraq qeydiyyatdan ke\u00e7m\u0259k lazimd\u0131r.<\/span><\/p>\n<p style=\"margin-top: 0cm; margin-right: 0cm; margin-bottom: 0.0001pt; text-align: justify; text-indent: 27pt;\"><span style=\"font-size: 12pt; font-family: Arial;\"><a href=\"https:\/\/uvamobplus.uva.es\/publico\/inicio\" target=\"_blank\" rel=\"noopener\">https:\/\/uvamobplus.uva.es\/publico\/inicio<\/a><\/span><\/p>\n<p style=\"margin-top: 0cm; margin-right: 0cm; margin-bottom: 0.0001pt; text-align: justify; text-indent: 27pt;\"><span style=\"font-size: 12pt; font-family: Arial; color: #000000;\">T\u0259l\u0259b olunan s\u0259n\u0259dl\u0259r: <\/span><\/p>\n<p style=\"margin-top: 0cm; margin-right: 0cm; margin-bottom: 0.0001pt; text-align: justify; text-indent: 27pt;\"><span style=\"font-size: 12pt; font-family: Arial;\"><a href=\"https:\/\/uvamobplus.uva.es\/files\/61356\/31\/CALL_2_EN.pdf\" target=\"_blank\" rel=\"noopener\">https:\/\/uvamobplus.uva.es\/files\/61356\/31\/CALL_2_EN.pdf&#8221;<\/a> <\/span><\/p>\n<p style=\"margin-top: 0cm; margin-right: 0cm; margin-bottom: 0.0001pt; text-align: justify; text-indent: 27pt;\"><span style=\"font-size: 12pt; font-family: Arial; color: #000000;\"> Proqramla ba\u011fl\u0131 daha \u0259trafl\u0131 m\u0259lumat almaq ist\u0259y\u0259nl\u0259r Beyn\u0259lxalq \u018fm\u0259kda\u015fl\u0131q ofisinin\u0259 m\u00fcraci\u0259t ed\u0259 bil\u0259rl\u0259r. Proqrama m\u00fcraci\u0259t \u00fczr\u0259 son tarix 16 aprel 2021-ci ildir.<\/span><\/p>\n<p style=\"margin-top: 0cm; margin-right: 0cm; margin-bottom: 0.0001pt; text-align: justify; text-indent: 27pt;\">\n<p style=\"margin-top: 0cm; margin-right: 0cm; margin-bottom: 0.0001pt; text-align: center;\">\n<p style=\"margin-top: 0cm; margin-right: 0cm; margin-bottom: 0.0001pt; text-align: center;\"><b><span style=\"font-size: 14pt; font-family: Arial; color: navy;\">\u0130spaniya Krall\u0131\u011f\u0131n\u0131n Valladolid \u015f\u0259h\u0259rind\u0259 yerl\u0259\u015f\u0259n Valladolid Universiteti s\u0259n\u0259d q\u0259bulu elan edir<\/span><\/b><\/p>\n<p style=\"margin-top: 0cm; margin-right: 0cm; margin-bottom: 0.0001pt; text-align: center;\"><b><span style=\"font-size: 14pt; font-family: Arial; color: navy;\">(\u0259m\u0259kda\u015flar \u00fc\u00e7\u00fcn)<\/span><\/b><\/p>\n<p style=\"margin-top: 0cm; margin-right: 0cm; margin-bottom: 0.0001pt;\">\n<p style=\"margin-top: 0cm; margin-right: 0cm; margin-bottom: 0.0001pt; text-align: justify; text-indent: 27pt;\"><span style=\"color: #000000;\"><span style=\"font-size: 12pt; font-family: Arial;\">Avropa \u0130ttifaq\u0131n\u0131n maliyy\u0259l\u0259\u015fdirdiyi Erasmus+ proqram\u0131 \u00e7\u0259r\u00e7iv\u0259sind\u0259 \u0130spaniya Krall\u0131\u011f\u0131n\u0131n Valladolid universiteti t\u0259l\u0259b\u0259-m\u00fc\u0259llim m\u00fcbadil\u0259sininin h\u0259yata ke\u00e7irilm\u0259si \u00fc\u00e7\u00fcn s\u0259n\u0259d q\u0259buluna ba\u015flad\u0131. <\/span><span style=\"font-size: 12pt; font-family: Arial;\">Qeyd etm\u0259k laz\u0131md\u0131r ki, Ming\u0259\u00e7evir D\u00f6vl\u0259t Universiteti \u0130spaniya Krall\u0131\u011f\u0131n\u0131n Valladolid universiteti il\u0259 Erasmus+ proqram\u0131 \u00e7\u0259r\u00e7iv\u0259sind\u0259 m\u00fc\u0259llim-t\u0259l\u0259b\u0259 m\u00fcbadil\u0259sinin h\u0259yata ke\u00e7irilm\u0259si \u00fczr\u0259 ikili sazi\u015f ba\u011flam\u0131\u015fd\u0131r. Proqram \u00e7\u0259r\u00e7iv\u0259sind\u0259 2021\/2022-ci t\u0259dris ili \u00fc\u00e7\u00fcn \u0259m\u0259kda\u015f m\u00fcbadil\u0259si h\u0259yata ke\u00e7iril\u0259c\u0259kdir. Proqram \u00e7\u0259r\u00e7iv\u0259sind\u0259 akademik v\u0259 inzibati hey\u0259t 5 g\u00fcn m\u00fcdd\u0259tind\u0259 Valladolid Universitetind\u0259 t\u0259liml\u0259rd\u0259 v\u0259 pedoqoji f\u0259aliyy\u0259tl\u0259rd\u0259 i\u015ftirak ed\u0259 bil\u0259rl\u0259r. Universitetd\u0259 t\u0259dris ispan v\u0259 ingilis dilind\u0259 apar\u0131l\u0131r. M\u00fcbadil\u0259 il\u0259 ba\u011fl\u0131 b\u00fct\u00fcn x\u0259rcl\u0259r Erasmus+ t\u0259qa\u00fcd\u00fc hesab\u0131na \u00f6d\u0259nil\u0259c\u0259kdir. Proqramda i\u015ftirak etm\u0259k ist\u0259y\u0259n \u0259m\u0259kda\u015flardan ingilis v\u0259 ya ispan dill\u0259rini C1 s\u0259viyy\u0259sind\u0259 bilm\u0259si t\u0259l\u0259b olunur. <\/span><\/span><\/p>\n<p style=\"margin-top: 0cm; margin-right: 0cm; margin-bottom: 0.0001pt; text-align: justify; text-indent: 27pt;\"><span style=\"font-size: 12pt; font-family: Arial; color: #000000;\">T\u0259qa\u00fcd \u00fc\u00e7\u00fcn a\u015fa\u011f\u0131da verilmi\u015f link\u0259 daxil olaraq qeydiyyatdan ke\u00e7m\u0259k lazimd\u0131r.<\/span><\/p>\n<p style=\"margin-top: 0cm; margin-right: 0cm; margin-bottom: 0.0001pt; text-align: justify; text-indent: 27pt;\"><span style=\"font-size: 12pt; font-family: Arial;\"><a href=\"https:\/\/uvamobplus.uva.es\/\" target=\"_blank\" rel=\"noopener\">https:\/\/uvamobplus.uva.es\/<\/a><\/span><\/p>\n<p style=\"margin-top: 0cm; margin-right: 0cm; margin-bottom: 0.0001pt; text-align: justify; text-indent: 27pt;\"><span style=\"font-size: 12pt; font-family: Arial; color: #000000;\">T\u0259l\u0259b olunan s\u0259n\u0259dl\u0259r:<\/span><\/p>\n<p style=\"margin-top: 0cm; margin-right: 0cm; margin-bottom: 0.0001pt; text-align: justify; text-indent: 27pt;\"><span style=\"font-size: 12pt; font-family: Arial;\"><a href=\"https:\/\/uvamobplus.uva.es\/files\/61356\/CALL_INCOMING_2021_EN.pdf\" target=\"_blank\" rel=\"noopener\">https:\/\/uvamobplus.uva.es\/files\/61356\/CALL_INCOMING_2021_EN.pdf<\/a><\/span><\/p>\n<p style=\"margin-top: 0cm; margin-right: 0cm; margin-bottom: 0.0001pt; text-align: justify; text-indent: 27pt;\"><span style=\"font-size: 12pt; font-family: Arial;\"><a href=\"https:\/\/uvamobplus.uva.es\/files\/61356\/Sellado_Correccin_Errores_1.pdf\" target=\"_blank\" rel=\"noopener\">https:\/\/uvamobplus.uva.es\/files\/61356\/Sellado_Correccin_Errores_1.pdf<\/a><\/span><\/p>\n<p style=\"margin-top: 0cm; margin-right: 0cm; margin-bottom: 0.0001pt; text-align: justify; text-indent: 27pt;\"><span style=\"font-size: 12pt; font-family: Arial; color: #000000;\">Proqramla ba\u011fl\u0131 daha \u0259trafl\u0131 m\u0259lumat almaq ist\u0259y\u0259nl\u0259r Beyn\u0259lxalq \u018fm\u0259kda\u015fl\u0131q ofisinin\u0259 m\u00fcraci\u0259t ed\u0259 bil\u0259rl\u0259r. Proqrama m\u00fcraci\u0259t \u00fczr\u0259 son tarix 16 aprel 2021-ci ildir.<\/span><\/p>\n<p style=\"margin-top: 0cm; margin-right: 0cm; margin-bottom: 0.0001pt; text-align: justify; text-indent: 27pt;\">\n<p style=\"margin-top: 0cm; margin-right: 0cm; margin-bottom: 0.0001pt; text-align: justify; text-indent: 27pt;\">\n<p style=\"margin-top: 0cm; margin-right: 0cm; margin-bottom: 0.0001pt; text-align: justify; text-indent: 27pt;\"><span style=\"font-size: 12pt; font-family: Arial;\"> \u018ftrafl\u0131 m\u0259lumat \u00fc\u00e7\u00fcn \u0259laq\u0259: <a href=\"mailto:iro@mdu.edu.az\">iro@mdu.edu.az<\/a><br \/>\n<\/span><\/p>\n<p style=\"margin-top: 0cm; margin-right: 0cm; margin-bottom: 0.0001pt; text-align: justify; text-indent: 27pt;\">\n<p style=\"margin-top: 0cm; margin-right: 0cm; margin-bottom: 0.0001pt; text-align: justify; text-indent: 27pt;\">\n<p style=\"margin-top: 0cm; margin-right: 0cm; margin-bottom: 0.0001pt; text-align: justify; text-indent: 27pt;\">","protected":false},"excerpt":{"rendered":"<p>\u0130spaniya Krall\u0131\u011f\u0131n\u0131n Valladolid \u015f\u0259h\u0259rind\u0259 yerl\u0259\u015f\u0259n Valladolid Universiteti s\u0259n\u0259d q\u0259bulu elan edir (t\u0259l\u0259b\u0259 v\u0259 magistrantlar \u00fc\u00e7\u00fcn) Avropa \u0130ttifaq\u0131n\u0131n maliyy\u0259l\u0259\u015fdirdiyi \u201cErasmus+\u201d proqram\u0131 \u00e7\u0259r\u00e7iv\u0259sind\u0259 \u0130spaniya Krall\u0131\u011f\u0131n\u0131n Valladolid universiteti t\u0259l\u0259b\u0259-m\u00fc\u0259llim m\u00fcbadil\u0259sininin h\u0259yata ke\u00e7irilm\u0259si \u00fc\u00e7\u00fcn s\u0259n\u0259d q\u0259buluna ba\u015flad\u0131. Qeyd etm\u0259k laz\u0131md\u0131r ki, Ming\u0259\u00e7evir D\u00f6vl\u0259t Universiteti \u0130spaniya Krall\u0131\u011f\u0131n\u0131n Valladolid universiteti il\u0259 Erasmus+ proqram\u0131 \u00e7\u0259r\u00e7iv\u0259sind\u0259 m\u00fc\u0259llim-t\u0259l\u0259b\u0259 m\u00fcbadil\u0259sinin h\u0259yata ke\u00e7irilm\u0259si \u00fczr\u0259 ikili sazi\u015f [&hellip;]<\/p>\n","protected":false},"author":1,"featured_media":23358,"comment_status":"open","ping_status":"open","sticky":false,"template":"","format":"gallery","meta":{"_eb_attr":"","ocean_post_layout":"","ocean_both_sidebars_style":"","ocean_both_sidebars_content_width":0,"ocean_both_sidebars_sidebars_width":0,"ocean_sidebar":"","ocean_second_sidebar":"","ocean_disable_margins":"enable","ocean_add_body_class":"","ocean_shortcode_before_top_bar":"","ocean_shortcode_after_top_bar":"","ocean_shortcode_before_header":"","ocean_shortcode_after_header":"","ocean_has_shortcode":"","ocean_shortcode_after_title":"","ocean_shortcode_before_footer_widgets":"","ocean_shortcode_after_footer_widgets":"","ocean_shortcode_before_footer_bottom":"","ocean_shortcode_after_footer_bottom":"","ocean_display_top_bar":"default","ocean_display_header":"default","ocean_header_style":"","ocean_center_header_left_menu":"","ocean_custom_header_template":"","ocean_custom_logo":0,"ocean_custom_retina_logo":0,"ocean_custom_logo_max_width":0,"ocean_custom_logo_tablet_max_width":0,"ocean_custom_logo_mobile_max_width":0,"ocean_custom_logo_max_height":0,"ocean_custom_logo_tablet_max_height":0,"ocean_custom_logo_mobile_max_height":0,"ocean_header_custom_menu":"","ocean_menu_typo_font_family":"","ocean_menu_typo_font_subset":"","ocean_menu_typo_font_size":0,"ocean_menu_typo_font_size_tablet":0,"ocean_menu_typo_font_size_mobile":0,"ocean_menu_typo_font_size_unit":"px","ocean_menu_typo_font_weight":"","ocean_menu_typo_font_weight_tablet":"","ocean_menu_typo_font_weight_mobile":"","ocean_menu_typo_transform":"","ocean_menu_typo_transform_tablet":"","ocean_menu_typo_transform_mobile":"","ocean_menu_typo_line_height":0,"ocean_menu_typo_line_height_tablet":0,"ocean_menu_typo_line_height_mobile":0,"ocean_menu_typo_line_height_unit":"","ocean_menu_typo_spacing":0,"ocean_menu_typo_spacing_tablet":0,"ocean_menu_typo_spacing_mobile":0,"ocean_menu_typo_spacing_unit":"","ocean_menu_link_color":"","ocean_menu_link_color_hover":"","ocean_menu_link_color_active":"","ocean_menu_link_background":"","ocean_menu_link_hover_background":"","ocean_menu_link_active_background":"","ocean_menu_social_links_bg":"","ocean_menu_social_hover_links_bg":"","ocean_menu_social_links_color":"","ocean_menu_social_hover_links_color":"","ocean_disable_title":"default","ocean_disable_heading":"default","ocean_post_title":"","ocean_post_subheading":"","ocean_post_title_style":"","ocean_post_title_background_color":"","ocean_post_title_background":0,"ocean_post_title_bg_image_position":"","ocean_post_title_bg_image_attachment":"","ocean_post_title_bg_image_repeat":"","ocean_post_title_bg_image_size":"","ocean_post_title_height":0,"ocean_post_title_bg_overlay":0.5,"ocean_post_title_bg_overlay_color":"","ocean_disable_breadcrumbs":"default","ocean_breadcrumbs_color":"","ocean_breadcrumbs_separator_color":"","ocean_breadcrumbs_links_color":"","ocean_breadcrumbs_links_hover_color":"","ocean_display_footer_widgets":"default","ocean_display_footer_bottom":"default","ocean_custom_footer_template":"","ocean_post_oembed":"","ocean_post_self_hosted_media":"","ocean_post_video_embed":"","ocean_link_format":"","ocean_link_format_target":"self","ocean_quote_format":"","ocean_quote_format_link":"post","ocean_gallery_link_images":"on","ocean_gallery_id":[23358],"footnotes":""},"categories":[116,34],"tags":[],"class_list":["post-15831","post","type-post","status-publish","format-gallery","has-post-thumbnail","hentry","category-beynlxalq_elan","category-elanlar","post_format-post-format-gallery","entry","has-media"],"_links":{"self":[{"href":"https:\/\/mdu.edu.az\/ru\/wp-json\/wp\/v2\/posts\/15831","targetHints":{"allow":["GET"]}}],"collection":[{"href":"https:\/\/mdu.edu.az\/ru\/wp-json\/wp\/v2\/posts"}],"about":[{"href":"https:\/\/mdu.edu.az\/ru\/wp-json\/wp\/v2\/types\/post"}],"author":[{"embeddable":true,"href":"https:\/\/mdu.edu.az\/ru\/wp-json\/wp\/v2\/users\/1"}],"replies":[{"embeddable":true,"href":"https:\/\/mdu.edu.az\/ru\/wp-json\/wp\/v2\/comments?post=15831"}],"version-history":[{"count":4,"href":"https:\/\/mdu.edu.az\/ru\/wp-json\/wp\/v2\/posts\/15831\/revisions"}],"predecessor-version":[{"id":37376,"href":"https:\/\/mdu.edu.az\/ru\/wp-json\/wp\/v2\/posts\/15831\/revisions\/37376"}],"wp:featuredmedia":[{"embeddable":true,"href":"https:\/\/mdu.edu.az\/ru\/wp-json\/wp\/v2\/media\/23358"}],"wp:attachment":[{"href":"https:\/\/mdu.edu.az\/ru\/wp-json\/wp\/v2\/media?parent=15831"}],"wp:term":[{"taxonomy":"category","embeddable":true,"href":"https:\/\/mdu.edu.az\/ru\/wp-json\/wp\/v2\/categories?post=15831"},{"taxonomy":"post_tag","embeddable":true,"href":"https:\/\/mdu.edu.az\/ru\/wp-json\/wp\/v2\/tags?post=15831"}],"curies":[{"name":"wp","href":"https:\/\/api.w.org\/{rel}","templated":true}]}}