{"id":15834,"date":"2021-04-12T20:19:09","date_gmt":"2021-04-12T17:19:09","guid":{"rendered":"https:\/\/mdu.edu.az\/minzh-evir-d-vl-t-universitetinin-pe-karla-zh-r-layih-sinin-n-vb-ti-gona-v-gar-bayramov-olub\/"},"modified":"2021-04-12T20:19:09","modified_gmt":"2021-04-12T17:19:09","slug":"minzh-evir-d-vl-t-universitetinin-pe-karla-zh-r-layih-sinin-n-vb-ti-gona-v-gar-bayramov-olub","status":"publish","type":"post","link":"https:\/\/mdu.edu.az\/ru\/minzh-evir-d-vl-t-universitetinin-pe-karla-zh-r-layih-sinin-n-vb-ti-gona-v-gar-bayramov-olub\/","title":{"rendered":"Ming\u0259\u00e7evir D\u00f6vl\u0259t Universitetinin \u201cPe\u015f\u0259karla g\u00f6r\u00fc\u015f\u201d layih\u0259sinin n\u00f6vb\u0259ti qona\u011f\u0131 V\u00fcqar Bayramov olub"},"content":{"rendered":"<p style=\"margin-bottom: 0.0001pt; text-align: center; line-height: 150%;\"><b><span style=\"font-size: 14pt; line-height: 150%; font-family: 'Arial', sans-serif; color: #002060;\">Ming\u0259&ccedil;evir D&ouml;vl\u0259t Universitetinin &ldquo;Pe\u015f\u0259karla g&ouml;r&uuml;\u015f&rdquo; <\/span><\/b><b><span style=\"font-size: 14pt; line-height: 150%; font-family: 'Arial', sans-serif; color: #002060;\">layih\u0259sinin n&ouml;vb\u0259ti qona\u011f\u0131 V&uuml;qar Bayramov olub<\/span><\/b><\/p>\n<p>&nbsp;<\/p>\n<p style=\"margin-bottom: 0.0001pt; text-align: justify; text-indent: 1cm; line-height: 150%;\"><span style=\"font-size: 12pt; line-height: 150%; font-family: 'Arial', sans-serif; color: #000000;\">2021-ci ilin 12 aprel tarixind\u0259 Ming\u0259&ccedil;evir D&ouml;vl\u0259t Universitetind\u0259 (MDU) &ldquo;Pe\u015f\u0259karla g&ouml;r&uuml;\u015f&rdquo; layih\u0259si &ccedil;\u0259r&ccedil;iv\u0259sind\u0259 n&ouml;vb\u0259ti t\u0259dbir ke&ccedil;irilib. &ldquo;Microsoft Teams&rdquo; platformas\u0131 &uuml;z\u0259rind\u0259n onlayn formatda t\u0259\u015fkil edil\u0259n g&ouml;r&uuml;\u015f&uuml;n qona\u011f\u0131 Az\u0259rbaycan Respublikas\u0131 Milli M\u0259clisinin deputat\u0131, \u0130qtisadi v\u0259 Sosial \u0130nki\u015faf M\u0259rk\u0259zinin (CESD) yarad\u0131c\u0131s\u0131 V&uuml;qar Bayramov olub.<\/span><\/p>\n<p style=\"margin-bottom: 0.0001pt; text-align: justify; text-indent: 1cm; line-height: 150%;\"><span style=\"font-size: 12pt; line-height: 150%; font-family: 'Arial', sans-serif; color: #000000;\">&ldquo;Z\u0259f\u0259rd\u0259n quruculu\u011fa: Qaraba\u011f\u0131n iqtisadi potensial\u0131 v\u0259 perspektivl\u0259r&rdquo; m&ouml;vzusunda ke&ccedil;iril\u0259n g&ouml;r&uuml;\u015f&uuml;n moderatoru olan MDU-nun rektoru \u015eahin Bayramov, ilk n&ouml;vb\u0259d\u0259, d\u0259v\u0259ti q\u0259bul edib t\u0259l\u0259b\u0259 v\u0259 m&uuml;\u0259llim kollektivi il\u0259 g&ouml;r&uuml;\u015fd\u0259 i\u015ftirak etdiyin\u0259 g&ouml;r\u0259 qona\u011fa t\u0259\u015f\u0259kk&uuml;r&uuml;n&uuml; bildirib. <\/span><\/p>\n<p style=\"margin-bottom: 0.0001pt; text-align: justify; text-indent: 1cm; line-height: 150%;\"><span style=\"font-size: 12pt; line-height: 150%; font-family: 'Arial', sans-serif; color: #000000;\">Layih\u0259nin \u0259sas m\u0259qs\u0259dini v\u0259 ba\u015fl\u0131ca \u0259h\u0259miyy\u0259tini diqq\u0259t\u0259 &ccedil;atd\u0131ran rektor iqtisad&ccedil;\u0131 alim, Milli M\u0259clisin \u0130qtisadi siyas\u0259t, s\u0259naye v\u0259 sahibkarl\u0131q, \u018fm\u0259k v\u0259 sosial siyas\u0259t komit\u0259l\u0259rinin &uuml;zv&uuml; V.Bayramovun bioqrafiyas\u0131, qanun yarad\u0131c\u0131l\u0131\u011f\u0131nda v\u0259 &ouml;lk\u0259mizin ictimai-siyasi h\u0259yat\u0131nda aktiv i\u015ftirak\u0131 bar\u0259d\u0259 m\u0259lumat verib, onun regionda \u0259n g&uuml;cl&uuml; hesab edil\u0259n beyin m\u0259rk\u0259zl\u0259rind\u0259n birinin t\u0259sis&ccedil;isi kimi f\u0259aliyy\u0259tind\u0259n b\u0259hs edib.<\/span><\/p>\n<p style=\"margin-bottom: 0.0001pt; text-align: justify; text-indent: 1cm; line-height: 150%;\"><span style=\"font-size: 12pt; line-height: 150%; font-family: 'Arial', sans-serif; color: #000000;\">M&uuml;z\u0259ff\u0259r Ali Ba\u015f Komandan\u0131m\u0131z\u0131n r\u0259hb\u0259rliyi v\u0259 yenilm\u0259z Az\u0259rbaycan \u018fsg\u0259rinin r\u0259\u015fad\u0259ti say\u0259sind\u0259 \u0259razi b&uuml;t&ouml;vl&uuml;y&uuml;m&uuml;z&uuml;n t\u0259min edilm\u0259sil\u0259 &ouml;lk\u0259mizd\u0259 yeni d&ouml;vr&uuml;n ba\u015fland\u0131\u011f\u0131n\u0131 qeyd ed\u0259n \u015e.Bayramov do\u011fma Qaraba\u011f\u0131m\u0131zda irimiqyasl\u0131 b\u0259rpa v\u0259 quruculuq i\u015fl\u0259rin\u0259 start verildiyini diqq\u0259t\u0259 &ccedil;atd\u0131r\u0131b. &Ouml;lk\u0259 m\u0259tbuat\u0131nda Qaraba\u011f\u0131n iqtisadi inki\u015faf perspektivl\u0259ri haqq\u0131nda V.Bayramovun ictimaiyy\u0259t &uuml;&ccedil;&uuml;n maraq do\u011furan &ccedil;oxsayl\u0131 fikirl\u0259rin\u0259 tez-tez rast g\u0259lindiyini vu\u011fulayan rektor g&ouml;r&uuml;\u015f&uuml;n t\u0259dbir i\u015ftirak&ccedil;\u0131lar\u0131 &uuml;&ccedil;&uuml;n faydal\u0131 olaca\u011f\u0131na \u0259minliyini bildirib.<\/span><\/p>\n<p style=\"margin-bottom: 0.0001pt; text-align: justify; text-indent: 1cm; line-height: 150%;\"><span style=\"font-size: 12pt; line-height: 150%; font-family: 'Arial', sans-serif; color: #000000;\">Universitetin professor-m&uuml;\u0259llim, t\u0259l\u0259b\u0259 v\u0259 m\u0259zun hey\u0259ti &uuml;zvl\u0259ri il\u0259 g&ouml;r&uuml;\u015fm\u0259kd\u0259n m\u0259mnunlu\u011funu ifad\u0259 ed\u0259n V.Bayramov son d&ouml;vrd\u0259 MDU-da yeni &ccedil;a\u011f\u0131r\u0131\u015flara uy\u011fun ba\u015f ver\u0259n pozitiv d\u0259yi\u015fiklikl\u0259ri maraqla izl\u0259diyini diqq\u0259t\u0259 &ccedil;atd\u0131r\u0131b. <\/span><\/p>\n<p style=\"margin-bottom: 0.0001pt; text-align: justify; text-indent: 1cm; line-height: 150%;\"><span style=\"font-size: 12pt; line-height: 150%; font-family: 'Arial', sans-serif; color: #000000;\">T\u0259dbirin m&ouml;vzusunun aktuall\u0131\u011f\u0131ndan dan\u0131\u015fan V.Bayramov, tarixi Z\u0259f\u0259rin qazan\u0131lmas\u0131 n\u0259tic\u0259sind\u0259 &ouml;lk\u0259mizd\u0259 iqtisadi bax\u0131mdan yeni inki\u015faf m\u0259rh\u0259l\u0259sin\u0259 ke&ccedil;id &uuml;&ccedil;&uuml;n geni\u015f imkanlar\u0131n yarand\u0131\u011f\u0131n\u0131 bildirib. <\/span><\/p>\n<p style=\"margin-bottom: 0.0001pt; text-align: justify; text-indent: 1cm; line-height: 150%;\"><span style=\"font-size: 12pt; line-height: 150%; font-family: 'Arial', sans-serif; color: #000000;\">B&ouml;y&uuml;k iqtisadi potensiala malik olan Yuxar\u0131-Qaraba\u011f v\u0259 K\u0259lb\u0259c\u0259r-La&ccedil;\u0131n iqtisadi rayonlar\u0131n\u0131n uzun m&uuml;dd\u0259t i\u015f\u011fal alt\u0131nda qald\u0131\u011f\u0131n\u0131 v\u0259 erm\u0259ni vandallar\u0131 t\u0259r\u0259find\u0259n v\u0259h\u015fic\u0259sin\u0259 talan edildiyini bildir\u0259n V.Bayramov bu iki m&uuml;h&uuml;m iqtisadi b&ouml;lg\u0259nin d&uuml;\u015fm\u0259n t\u0259cav&uuml;z&uuml;nd\u0259n azad edilm\u0259sinin perspektiv d&ouml;vrd\u0259 Az\u0259rbaycan\u0131n iqtisadi art\u0131m\u0131nda \u0259h\u0259miyy\u0259tli rol oynayaca\u011f\u0131n\u0131 vur\u011fulay\u0131b.<\/span><\/p>\n<p style=\"margin-bottom: 0.0001pt; text-align: justify; text-indent: 1cm; line-height: 150%;\"><span style=\"font-size: 12pt; line-height: 150%; font-family: 'Arial', sans-serif; color: #000000;\">M&ouml;ht\u0259r\u0259m Prezidentimizin t\u0259sdiq etdiyi &ldquo;Az\u0259rbaycan 2030: sosial-iqtisadi inki\u015fafa dair Milli Prioritetl\u0259r&rdquo; strateji s\u0259n\u0259dind\u0259 B&ouml;y&uuml;k Qay\u0131d\u0131\u015f\u0131n ayr\u0131ca prioritetl\u0259rd\u0259n biri kimi m&uuml;\u0259yy\u0259n edildiyini diqq\u0259t\u0259 &ccedil;atd\u0131ran V.Bayramov Qaraba\u011f\u0131n dir&ccedil;\u0259ldilm\u0259si istiqam\u0259tind\u0259 h\u0259yata ke&ccedil;iril\u0259n d&uuml;\u015f&uuml;n&uuml;lm&uuml;\u015f v\u0259 sistemli d&ouml;vl\u0259t t\u0259dbirl\u0259rind\u0259n dan\u0131\u015f\u0131b. <\/span><\/p>\n<p style=\"margin-bottom: 0.0001pt; text-align: justify; text-indent: 1cm; line-height: 150%;\"><span style=\"font-size: 12pt; line-height: 150%; font-family: 'Arial', sans-serif; color: #000000;\">Qaraba\u011fda s\u0259naye, k\u0259nd t\u0259s\u0259rr&uuml;fat\u0131, turizm v\u0259 dig\u0259r f\u0259rqli sektorlar\u0131n inki\u015faf\u0131 &uuml;&ccedil;&uuml;n z\u0259ngin potensial\u0131n m&ouml;vcud oldu\u011funu qeyd ed\u0259n V.Bayramov iqtisadi f\u0259aliyy\u0259t\u0259 reinteqrasiya olunmas\u0131ndan sonra Qaraba\u011f regionunun q\u0131sa m&uuml;dd\u0259t \u0259rzind\u0259 &ouml;lk\u0259 iqtisadiyyat\u0131nda pay\u0131n\u0131n \u0259h\u0259miyy\u0259tli d\u0259r\u0259c\u0259d\u0259 artmas\u0131n\u0131n g&ouml;zl\u0259nildiyini bildirib.<\/span><\/p>\n<p style=\"margin-bottom: 0.0001pt; text-align: justify; text-indent: 1cm; line-height: 150%;\"><span style=\"font-size: 12pt; line-height: 150%; font-family: 'Arial', sans-serif; color: #000000;\">Tarixi abid\u0259l\u0259rinin z\u0259nginliyi, t\u0259bi\u0259tinin c\u0259lbediciliyi v\u0259 dig\u0259r &ouml;z&uuml;n\u0259m\u0259xsus x&uuml;susiyy\u0259tl\u0259ri il\u0259 Qaraba\u011f\u0131n C\u0259nubi Qafqazda turizm potensial\u0131na g&ouml;r\u0259 se&ccedil;il\u0259n azsayl\u0131 b&ouml;lg\u0259l\u0259rd\u0259n hesab edildiyini vur\u011fulayan V.Bayramov regionun fasil\u0259siz turizm xidm\u0259tl\u0259ri t\u0259qdim etm\u0259k imkanlar\u0131ndan, yay, q\u0131\u015f, sa\u011flaml\u0131q, tarixi, m\u0259d\u0259ni v\u0259 dini turizm n&ouml;vl\u0259rinin inki\u015faf perspektivl\u0259rind\u0259n b\u0259hs edib.<\/span><\/p>\n<p style=\"margin-bottom: 0.0001pt; text-align: justify; text-indent: 1cm; line-height: 150%;\"><span style=\"font-size: 12pt; line-height: 150%; font-family: 'Arial', sans-serif; color: #000000;\">Torpaq fondunun b&ouml;y&uuml;k hiss\u0259sinin m\u0259hsuldar oldu\u011funu qeyd ed\u0259n iqtisad&ccedil;\u0131 alim b&ouml;lg\u0259d\u0259 aqrar sektorun inki\u015faf etdirilm\u0259si &uuml;&ccedil;&uuml;n m&ouml;vcud \u0259lveri\u015fli \u015f\u0259raitd\u0259n dan\u0131\u015f\u0131b v\u0259 i\u015f\u011faldan azad edilmi\u015f \u0259razil\u0259rd\u0259 k\u0259nd t\u0259s\u0259rr&uuml;fat\u0131n\u0131n b\u0259rpa edilm\u0259sinin yarada bil\u0259c\u0259yi \u0259lav\u0259 d\u0259y\u0259rd\u0259n dan\u0131\u015f\u0131b.<\/span><\/p>\n<p style=\"margin-bottom: 0.0001pt; text-align: justify; text-indent: 1cm; line-height: 150%;\"><span style=\"font-size: 12pt; line-height: 150%; font-family: 'Arial', sans-serif; color: #000000;\">Eyni zamanda, Qaraba\u011f\u0131n t\u0259bii ehtiyatlarla z\u0259ngin olmas\u0131n\u0131n s\u0259naye sektorunun formala\u015fmas\u0131 v\u0259 emaledici s\u0259nayenin inki\u015faf\u0131 bax\u0131m\u0131ndan m&uuml;h&uuml;m \u0259h\u0259miyy\u0259t k\u0259sb etdiyini bildir\u0259n V.Bayramov b&ouml;lg\u0259d\u0259 yeni s\u0259naye m&uuml;\u0259ssis\u0259l\u0259rinin f\u0259aliyy\u0259ti &uuml;&ccedil;&uuml;n m&ouml;vcud imkanlar bar\u0259d\u0259 \u0259trafl\u0131 m\u0259lumat verib.<\/span><\/p>\n<p style=\"margin-bottom: 0.0001pt; text-align: justify; text-indent: 1cm; line-height: 150%;\"><span style=\"font-size: 12pt; line-height: 150%; font-family: 'Arial', sans-serif; color: #000000;\">Regionda hava liman\u0131n\u0131n in\u015fas\u0131n\u0131n davam etdiyini, yeni yollar\u0131n &ccedil;\u0259kildiyini bildir\u0259n V.Bayramov Z\u0259ng\u0259zur n\u0259qliyyat d\u0259hlizinin istifad\u0259y\u0259 verilm\u0259sinin &ouml;lk\u0259mizin beyn\u0259lxalq y&uuml;kda\u015f\u0131malarda pay\u0131n\u0131n artmas\u0131na potensial m&uuml;sb\u0259t t\u0259sirl\u0259rind\u0259n dan\u0131\u015f\u0131b. <\/span><\/p>\n<p style=\"margin-bottom: 0.0001pt; text-align: justify; text-indent: 1cm; line-height: 150%;\"><span style=\"font-size: 12pt; line-height: 150%; font-family: 'Arial', sans-serif; color: #000000;\">B&uuml;t&ouml;vl&uuml;kd\u0259, Qaraba\u011fda h\u0259yata ke&ccedil;iril\u0259n b\u0259rpa v\u0259 yenid\u0259nqurma i\u015fl\u0259rinin &ouml;lk\u0259 iqtisadiyyat\u0131na b&ouml;y&uuml;k t&ouml;hf\u0259 ver\u0259c\u0259yini bildir\u0259n V.Bayramov yeni d&ouml;vrd\u0259 i\u015f\u011faldan azad edilmi\u015f \u0259razil\u0259rimizin Az\u0259rbaycan\u0131n iqtisadiyyat\u0131n\u0131n x&uuml;susi lokomotivin\u0259 &ccedil;evrilm\u0259sinin qeyri-neft sektoru hesab\u0131na iqtisadiyyat\u0131n diversifikasiyas\u0131n\u0131n s&uuml;r\u0259tl\u0259ndirilm\u0259sind\u0259 m&uuml;h&uuml;m rol oynayaca\u011f\u0131n\u0131 diqq\u0259t\u0259 &ccedil;atd\u0131r\u0131b. <\/span><\/p>\n<p style=\"margin-bottom: 0.0001pt; text-align: justify; text-indent: 1cm; line-height: 150%;\"><span style=\"font-size: 12pt; line-height: 150%; font-family: 'Arial', sans-serif; color: #000000;\">Sonra V.Bayramov g&ouml;r&uuml;\u015f i\u015ftirak&ccedil;\u0131lar\u0131n\u0131n Qaraba\u011f\u0131n iqtisadi inki\u015faf\u0131 il\u0259 ba\u011fl\u0131 ehtiyac duyulan aktual elmi-t\u0259dqiqat istiqam\u0259tl\u0259ri, b&ouml;lg\u0259nin regional turizm m\u0259rk\u0259zin\u0259 &ccedil;evrilm\u0259si imkanlar\u0131, yeni i\u015f yerl\u0259rinin yarad\u0131lmas\u0131, smart-k\u0259nd v\u0259 smart-\u015f\u0259h\u0259rl\u0259rin qurulmas\u0131 konsepsiyas\u0131, regionda &ouml;z\u0259l t\u0259\u015f\u0259bb&uuml;sl\u0259rin, d&ouml;vl\u0259t-&ouml;z\u0259l t\u0259r\u0259fda\u015fl\u0131\u011f\u0131n\u0131n stimulla\u015fd\u0131r\u0131lmas\u0131 mexanizml\u0259ri v\u0259 dig\u0259r m&ouml;vzular\u0131 \u0259hat\u0259 ed\u0259n &ccedil;oxsayl\u0131 suallar\u0131n\u0131 cavabland\u0131r\u0131b.<\/span><\/p>\n<p style=\"margin-bottom: 0.0001pt; text-align: justify; text-indent: 1cm; line-height: 150%;\"><span style=\"font-size: 12pt; line-height: 150%; font-family: 'Arial', sans-serif; color: #000000;\">G&ouml;r&uuml;\u015f h\u0259m i\u015ftirak&ccedil;\u0131lar\u0131n, h\u0259m d\u0259 qona\u011f\u0131n b&ouml;y&uuml;k mara\u011f\u0131na s\u0259b\u0259b olub.<\/span><\/p>\n<p style=\"margin-bottom: 0.0001pt; text-align: justify; text-indent: 1cm; line-height: 150%;\"><span style=\"font-size: 12pt; line-height: 150%; font-family: 'Arial', sans-serif; color: #000000;\"> <span style=\"color: black; background: white none repeat scroll 0% 0%;\">Qeyd ed\u0259k ki, &ldquo;Pe\u015f\u0259karla g&ouml;r&uuml;\u015f&rdquo; layih\u0259sinin \u0259sas m\u0259qs\u0259di MDU kollektivinin m&uuml;xt\u0259lif aktual m&ouml;vzular bar\u0259d\u0259 pe\u015f\u0259karlar\u0131n bilik v\u0259 bacar\u0131qlar\u0131ndan faydalanmas\u0131 &uuml;&ccedil;&uuml;n imkanlar\u0131n yarad\u0131lmas\u0131ndan ibar\u0259tdir. Davaml\u0131 olaraq ke&ccedil;iril\u0259n g&ouml;r&uuml;\u015fl\u0259rd\u0259 MDU-nun t\u0259l\u0259b\u0259l\u0259ri, magistrantlar\u0131, m\u0259zunlar\u0131 v\u0259 \u0259m\u0259kda\u015flar\u0131 i\u015ftirak edirl\u0259r. Layih\u0259 &ccedil;\u0259r&ccedil;iv\u0259sind\u0259 indiy\u0259d\u0259k BP \u015firk\u0259tinin vitse-prezidenti B\u0259xtiyar Aslanb\u0259yli, Mili M\u0259clisin Elm v\u0259 t\u0259hsil komit\u0259sinin s\u0259dri B\u0259xtiyar \u018fliyev, Az\u0259rbaycan Pedaqoji Universitetinin rektoru C\u0259f\u0259r C\u0259f\u0259rov, V\u0259t\u0259n M&uuml;harib\u0259si Q\u0259hr\u0259man\u0131 mayor Elnur \u015eirinov v\u0259 Milli M\u0259clisin deputat\u0131 Ceyhun M\u0259mm\u0259dov il\u0259 g&ouml;r&uuml;\u015fl\u0259r t\u0259\u015fkil olunub.<\/span><\/span><\/p>\n<p>{phocagallery view=category|categoryid=568|limitstart=0|limitcount=0}<\/p>","protected":false},"excerpt":{"rendered":"<p>Ming\u0259&ccedil;evir D&ouml;vl\u0259t Universitetinin &ldquo;Pe\u015f\u0259karla g&ouml;r&uuml;\u015f&rdquo; layih\u0259sinin n&ouml;vb\u0259ti qona\u011f\u0131 V&uuml;qar Bayramov olub &nbsp; 2021-ci ilin 12 aprel tarixind\u0259 Ming\u0259&ccedil;evir D&ouml;vl\u0259t Universitetind\u0259 (MDU) &ldquo;Pe\u015f\u0259karla g&ouml;r&uuml;\u015f&rdquo; layih\u0259si &ccedil;\u0259r&ccedil;iv\u0259sind\u0259 n&ouml;vb\u0259ti t\u0259dbir ke&ccedil;irilib. &ldquo;Microsoft Teams&rdquo; platformas\u0131 &uuml;z\u0259rind\u0259n onlayn formatda t\u0259\u015fkil edil\u0259n g&ouml;r&uuml;\u015f&uuml;n qona\u011f\u0131 Az\u0259rbaycan Respublikas\u0131 Milli M\u0259clisinin deputat\u0131, \u0130qtisadi v\u0259 Sosial \u0130nki\u015faf M\u0259rk\u0259zinin (CESD) yarad\u0131c\u0131s\u0131 V&uuml;qar Bayramov olub. &ldquo;Z\u0259f\u0259rd\u0259n quruculu\u011fa: [&hellip;]<\/p>\n","protected":false},"author":1,"featured_media":0,"comment_status":"open","ping_status":"open","sticky":false,"template":"","format":"standard","meta":{"_eb_attr":"","ocean_post_layout":"","ocean_both_sidebars_style":"","ocean_both_sidebars_content_width":0,"ocean_both_sidebars_sidebars_width":0,"ocean_sidebar":"","ocean_second_sidebar":"","ocean_disable_margins":"enable","ocean_add_body_class":"","ocean_shortcode_before_top_bar":"","ocean_shortcode_after_top_bar":"","ocean_shortcode_before_header":"","ocean_shortcode_after_header":"","ocean_has_shortcode":"","ocean_shortcode_after_title":"","ocean_shortcode_before_footer_widgets":"","ocean_shortcode_after_footer_widgets":"","ocean_shortcode_before_footer_bottom":"","ocean_shortcode_after_footer_bottom":"","ocean_display_top_bar":"default","ocean_display_header":"default","ocean_header_style":"","ocean_center_header_left_menu":"","ocean_custom_header_template":"","ocean_custom_logo":0,"ocean_custom_retina_logo":0,"ocean_custom_logo_max_width":0,"ocean_custom_logo_tablet_max_width":0,"ocean_custom_logo_mobile_max_width":0,"ocean_custom_logo_max_height":0,"ocean_custom_logo_tablet_max_height":0,"ocean_custom_logo_mobile_max_height":0,"ocean_header_custom_menu":"","ocean_menu_typo_font_family":"","ocean_menu_typo_font_subset":"","ocean_menu_typo_font_size":0,"ocean_menu_typo_font_size_tablet":0,"ocean_menu_typo_font_size_mobile":0,"ocean_menu_typo_font_size_unit":"px","ocean_menu_typo_font_weight":"","ocean_menu_typo_font_weight_tablet":"","ocean_menu_typo_font_weight_mobile":"","ocean_menu_typo_transform":"","ocean_menu_typo_transform_tablet":"","ocean_menu_typo_transform_mobile":"","ocean_menu_typo_line_height":0,"ocean_menu_typo_line_height_tablet":0,"ocean_menu_typo_line_height_mobile":0,"ocean_menu_typo_line_height_unit":"","ocean_menu_typo_spacing":0,"ocean_menu_typo_spacing_tablet":0,"ocean_menu_typo_spacing_mobile":0,"ocean_menu_typo_spacing_unit":"","ocean_menu_link_color":"","ocean_menu_link_color_hover":"","ocean_menu_link_color_active":"","ocean_menu_link_background":"","ocean_menu_link_hover_background":"","ocean_menu_link_active_background":"","ocean_menu_social_links_bg":"","ocean_menu_social_hover_links_bg":"","ocean_menu_social_links_color":"","ocean_menu_social_hover_links_color":"","ocean_disable_title":"default","ocean_disable_heading":"default","ocean_post_title":"","ocean_post_subheading":"","ocean_post_title_style":"","ocean_post_title_background_color":"","ocean_post_title_background":0,"ocean_post_title_bg_image_position":"","ocean_post_title_bg_image_attachment":"","ocean_post_title_bg_image_repeat":"","ocean_post_title_bg_image_size":"","ocean_post_title_height":0,"ocean_post_title_bg_overlay":0.5,"ocean_post_title_bg_overlay_color":"","ocean_disable_breadcrumbs":"default","ocean_breadcrumbs_color":"","ocean_breadcrumbs_separator_color":"","ocean_breadcrumbs_links_color":"","ocean_breadcrumbs_links_hover_color":"","ocean_display_footer_widgets":"default","ocean_display_footer_bottom":"default","ocean_custom_footer_template":"","ocean_post_oembed":"","ocean_post_self_hosted_media":"","ocean_post_video_embed":"","ocean_link_format":"","ocean_link_format_target":"self","ocean_quote_format":"","ocean_quote_format_link":"post","ocean_gallery_link_images":"on","ocean_gallery_id":[],"footnotes":""},"categories":[63],"tags":[],"class_list":["post-15834","post","type-post","status-publish","format-standard","hentry","category-khaebaerlaer-az","entry"],"_links":{"self":[{"href":"https:\/\/mdu.edu.az\/ru\/wp-json\/wp\/v2\/posts\/15834","targetHints":{"allow":["GET"]}}],"collection":[{"href":"https:\/\/mdu.edu.az\/ru\/wp-json\/wp\/v2\/posts"}],"about":[{"href":"https:\/\/mdu.edu.az\/ru\/wp-json\/wp\/v2\/types\/post"}],"author":[{"embeddable":true,"href":"https:\/\/mdu.edu.az\/ru\/wp-json\/wp\/v2\/users\/1"}],"replies":[{"embeddable":true,"href":"https:\/\/mdu.edu.az\/ru\/wp-json\/wp\/v2\/comments?post=15834"}],"version-history":[{"count":0,"href":"https:\/\/mdu.edu.az\/ru\/wp-json\/wp\/v2\/posts\/15834\/revisions"}],"wp:attachment":[{"href":"https:\/\/mdu.edu.az\/ru\/wp-json\/wp\/v2\/media?parent=15834"}],"wp:term":[{"taxonomy":"category","embeddable":true,"href":"https:\/\/mdu.edu.az\/ru\/wp-json\/wp\/v2\/categories?post=15834"},{"taxonomy":"post_tag","embeddable":true,"href":"https:\/\/mdu.edu.az\/ru\/wp-json\/wp\/v2\/tags?post=15834"}],"curies":[{"name":"wp","href":"https:\/\/api.w.org\/{rel}","templated":true}]}}