{"id":15836,"date":"2021-04-14T17:44:58","date_gmt":"2021-04-14T14:44:58","guid":{"rendered":"https:\/\/mdu.edu.az\/anl-zh-l-b-az-rbaydzan-n-zh-dr-tinin-zh-st-ridzisidir\/"},"modified":"2021-04-14T17:44:58","modified_gmt":"2021-04-14T14:44:58","slug":"anl-zh-l-b-az-rbaydzan-n-zh-dr-tinin-zh-st-ridzisidir","status":"publish","type":"post","link":"https:\/\/mdu.edu.az\/ru\/anl-zh-l-b-az-rbaydzan-n-zh-dr-tinin-zh-st-ridzisidir\/","title":{"rendered":"\u015eanl\u0131 Q\u0259l\u0259b\u0259 Az\u0259rbaycan\u0131n q\u00fcdr\u0259tinin g\u00f6st\u0259ricisidir"},"content":{"rendered":"<p style=\"text-align: center;\"><span style=\"color: #000000;\"><b><span style=\"font-size: 14pt; font-family: 'Arial', sans-serif;\">\u015eanl\u0131 Q\u0259l\u0259b\u0259 Az\u0259rbaycan\u0131n q&uuml;dr\u0259tinin g&ouml;st\u0259ricisidir<\/span><\/b><\/span><\/p>\n<p>&nbsp;<\/p>\n<p style=\"text-align: justify; text-indent: 1cm;\"><span style=\"font-size: 12pt; font-family: 'Arial', sans-serif; color: #000000;\">&nbsp;2021-ci il aprel ay\u0131n\u0131n 12-d\u0259 Bak\u0131da H\u0259rbi Q\u0259nim\u0259tl\u0259r Park\u0131n\u0131n a&ccedil;\u0131l\u0131\u015f\u0131 olub v\u0259 m\u0259rasimd\u0259 Prezident \u0130lham \u018fliyev &ccedil;\u0131x\u0131\u015f ed\u0259r\u0259k xalq\u0131m\u0131za qar\u015f\u0131 t&ouml;r\u0259dil\u0259n etnik t\u0259mizl\u0259m\u0259 v\u0259 soyq\u0131r\u0131m hadis\u0259l\u0259rind\u0259n dan\u0131\u015f\u0131araq, uzun ill\u0259rd\u0259n sonra qazan\u0131lan b&ouml;y&uuml;k q\u0259l\u0259b\u0259mizin d&uuml;nya &ouml;lk\u0259l\u0259ri &uuml;&ccedil;&uuml;n g&ouml;zl\u0259nilm\u0259z hal oldu\u011funu qeyd edib. Bildiyimiz kimi 2020-ci ilin pay\u0131z aylar\u0131nda Az\u0259rbaycan Ordusu 44 g&uuml;n \u0259rzind\u0259 d&uuml;\u015fm\u0259ni darmada\u011f\u0131n ed\u0259r\u0259k 30 il\u0259 yax\u0131n i\u015f\u011fal alt\u0131nda qalan torpaqlar\u0131m\u0131z\u0131 azad etmi\u015fdir. Bu d&ouml;y&uuml;\u015fl\u0259rd\u0259 Az\u0259rbaycan\u0131n c\u0259sur &ouml;vladlar\u0131 q\u0259hr\u0259manl\u0131qla d&ouml;y&uuml;\u015f\u0259r\u0259k \u0259srin q\u0259l\u0259b\u0259sini qazanm\u0131\u015flar. Az\u0259rbaycan xalq\u0131 intiqam\u0131n\u0131 d&uuml;\u015fm\u0259nd\u0259n d&ouml;y&uuml;\u015f meydan\u0131nda ald\u0131. Ill\u0259r uzunu d&uuml;\u015fm\u0259nin t&ouml;r\u0259tdiyi m\u0259krli hadis\u0259l\u0259r, soyq\u0131r\u0131m v\u0259 q\u0259tliamlarin qisas\u0131 c\u0259sur &ouml;vladlar\u0131m\u0131z t\u0259r\u0259find\u0259n al\u0131nd\u0131. <\/span><\/p>\n<p style=\"text-align: justify; text-indent: 1cm;\"><span style=\"font-size: 12pt; font-family: 'Arial', sans-serif; color: #000000;\">Torpaqlar\u0131m\u0131z azad olundu, \u0259razi b&uuml;t&ouml;vl&uuml;y&uuml;m&uuml;z b\u0259rpa edildi. \u015e\u0259hidl\u0259rimizin intiqam\u0131n\u0131 d&ouml;y&uuml;\u015f meydan\u0131nda ald\u0131q. H\u0259m \u0130kinci, h\u0259m d\u0259 Birinci Qaraba\u011f m&uuml;harib\u0259sinin \u015f\u0259hidl\u0259rinin, o c&uuml;ml\u0259d\u0259n g&uuml;nahs\u0131z insanlar\u0131n, Xocal\u0131 qurbanlar\u0131n\u0131n, dig\u0259r m&uuml;lki \u015f\u0259xsl\u0259rin intiqam\u0131n\u0131 m&uuml;z\u0259ff\u0259r ordumuzun d&ouml;y&uuml;\u015f&ccedil;&uuml;l\u0259ri d&uuml;\u015fm\u0259nd\u0259n d&ouml;y&uuml;\u015f meydan\u0131nda ald\u0131. <\/span><\/p>\n<p style=\"text-align: justify; text-indent: 1cm;\"><span style=\"font-size: 12pt; font-family: 'Arial', sans-serif; color: #000000;\">Prezident \u0130lham \u018fliyev haql\u0131 olaraq qeyd edir ki, &rdquo;44 g&uuml;nl&uuml;k V\u0259t\u0259n m&uuml;harib\u0259si bizim g&uuml;c&uuml;m&uuml;z&uuml;, irad\u0259mizi, birliyimizi g&ouml;st\u0259rdi. G&ouml;st\u0259rdi ki, he&ccedil; vaxt Az\u0259rbaycan xalq\u0131 bu v\u0259ziyy\u0259tl\u0259 bar\u0131\u015fmayacaq. Az\u0259rbaycan Silahl\u0131 Q&uuml;vv\u0259l\u0259ri 44 g&uuml;n \u0259rzind\u0259 bir d\u0259f\u0259 d\u0259 geriy\u0259 add\u0131m atmam\u0131\u015fd\u0131. Erm\u0259nistan bir d\u0259f\u0259 d\u0259 u\u011furlu \u0259m\u0259liyyat apara bilm\u0259mi\u015fdir. Erm\u0259nistan ordusunda 10 min f\u0259rari olub, &ouml;zl\u0259ri bunu etiraf edibl\u0259r. Az\u0259rbaycan Ordusunda, Silahl\u0131 Q&uuml;vv\u0259l\u0259rimizd\u0259 bir n\u0259f\u0259r d\u0259 f\u0259rari olmam\u0131\u015fd\u0131r. Yaralanm\u0131\u015f h\u0259rb&ccedil;il\u0259r, a\u011f\u0131r yaralanm\u0131\u015f h\u0259rb&ccedil;il\u0259r bir amalla ya\u015fay\u0131rd\u0131lar ki, tezlikl\u0259 sa\u011fal\u0131b yen\u0259 d\u0259 d&ouml;y&uuml;\u015f\u0259 qay\u0131ts\u0131nlar. Az\u0259rbaycan xalq\u0131, Az\u0259rbaycan \u0259sg\u0259r v\u0259 zabitl\u0259ri y&uuml;ks\u0259k m\u0259n\u0259vi ruh g&ouml;st\u0259rmi\u015fdir.<\/span><\/p>\n<p style=\"text-align: justify; text-indent: 1cm;\"><span style=\"font-size: 12pt; font-family: 'Arial', sans-serif; color: #000000;\">F\u0259r\u0259himiz sonsuzdur. &Ccedil;&uuml;nki, m&uuml;z\u0259ff\u0259r Az\u0259rbaycan xalq\u0131 &ouml;z&uuml;n&uuml; d&uuml;nyada t\u0259sdiq etdi. Erm\u0259nistan is\u0259 m\u0259\u011flub edilmi\u015f &ouml;lk\u0259dir, bizim qar\u015f\u0131m\u0131zda diz &ccedil;&ouml;km&uuml;\u015f &ouml;lk\u0259dir, ba\u015f\u0131n\u0131, boynunu b&uuml;km&uuml;\u015f &ouml;lk\u0259dir v\u0259 h\u0259mi\u015f\u0259 bel\u0259 olacaq. B&ouml;y&uuml;k Q\u0259l\u0259b\u0259 Az\u0259rbaycan d&ouml;vl\u0259tinin h\u0259rbi g&uuml;c&uuml;n&uuml;n t\u0259zah&uuml;r&uuml;d&uuml;r. Bu XXI \u0259srin m&uuml;harib\u0259si idi. &Ccedil;\u0259tin relyef \u015f\u0259raitind\u0259 d&uuml;\u015fm\u0259nin bir ne&ccedil;\u0259 istehkam\u0131n\u0131n qar\u015f\u0131s\u0131na Ali Ba\u015f Komandan \u0130lham \u018fliyevin r\u0259hb\u0259rliyi il\u0259 pe\u015f\u0259karl\u0131q, m\u0259har\u0259t, g&uuml;c, h\u0259rbi elm qoyuldu v\u0259 ist\u0259diyimiz\u0259 nail olduq, d&uuml;\u015fm\u0259n torpaqlar\u0131m\u0131zdan qovuldu, silah-sursatlar\u0131n\u0131 qoyaraq qa&ccedil;d\u0131lar. <\/span><\/p>\n<p style=\"text-align: justify; text-indent: 1cm;\"><span style=\"font-size: 12pt; font-family: 'Arial', sans-serif; color: #000000;\">&Ccedil;\u0131x\u0131\u015f\u0131 zaman\u0131 Prezidentimiz bildirib ki, &ldquo;Bu g&uuml;n art\u0131q sirr deyil ki, d&uuml;nyan\u0131n apar\u0131c\u0131 h\u0259rbi m\u0259kt\u0259bl\u0259rind\u0259 \u0130kinci Qaraba\u011f m&uuml;harib\u0259sind\u0259ki \u0259m\u0259liyyatlar\u0131m\u0131z, u\u011furlar\u0131m\u0131z, q\u0259l\u0259b\u0259miz &ouml;yr\u0259nilir. D&uuml;nya m\u0259tbuat\u0131nda art\u0131q d\u0259f\u0259l\u0259rl\u0259 m\u0259lumat verilmi\u015fdir ki, d&uuml;nyan\u0131n apar\u0131c\u0131 &ouml;lk\u0259l\u0259ri, o c&uuml;ml\u0259d\u0259n Amerika Birl\u0259\u015fmi\u015f \u015etatlar\u0131, B&ouml;y&uuml;k Britaniya, Almaniya v\u0259 inki\u015faf etmi\u015f dig\u0259r &ouml;lk\u0259l\u0259r \u0130kinci Qaraba\u011f m&uuml;harib\u0259sinin b&uuml;t&uuml;n aspektl\u0259rini &ouml;yr\u0259nirl\u0259r&rdquo;.<\/span><\/p>\n<p><span style=\"font-size: 12pt; font-family: 'Arial', sans-serif; color: #000000;\"><\/span><\/p>\n<p style=\"text-align: justify; text-indent: 1cm;\"><span style=\"color: #000000;\"><b><span style=\"font-size: 12pt; font-family: 'Arial', sans-serif;\">H\u0259rbi Q\u0259nim\u0259tl\u0259r Q\u0259l\u0259b\u0259nin m&ouml;ht\u0259\u015f\u0259mliyinin n&uuml;mayi\u015fidir<\/span><\/b><\/span><\/p>\n<p style=\"text-align: justify; text-indent: 1cm;\"><span style=\"font-size: 12pt; font-family: 'Arial', sans-serif; color: #000000;\">5 hektar \u0259razini \u0259hat\u0259 ed\u0259n Park paytaxt\u0131n X\u0259tai rayonundad\u0131r. Parkdak\u0131 eksponatlar aras\u0131nda Silahl\u0131 Q&uuml;vv\u0259l\u0259rimizin i\u015f\u011faldan azad olunan \u0259razil\u0259rd\u0259 erm\u0259nil\u0259rd\u0259n q\u0259nim\u0259t g&ouml;t&uuml;rd&uuml;y&uuml; 2 mind\u0259n &ccedil;ox h\u0259rbi avtomobill\u0259rin n&ouml;mr\u0259 ni\u015fanlar\u0131ndan haz\u0131rlanan v\u0259 &uuml;z\u0259rind\u0259 &ldquo;Qaraba\u011f Az\u0259rbaycand\u0131r!&rdquo; \u015f&uuml;ar\u0131 \u0259ks olunan kompozisiya, Erm\u0259nistan t\u0259r\u0259find\u0259n t&ouml;r\u0259dil\u0259n m&uuml;harib\u0259 cinay\u0259tl\u0259ri, o c&uuml;ml\u0259d\u0259n d&ouml;y&uuml;\u015f b&ouml;lg\u0259sind\u0259n uzaq olan \u0259razil\u0259rimizin raket z\u0259rb\u0259l\u0259rin\u0259 m\u0259ruz qalmas\u0131, dinc sakinl\u0259rin q\u0259tl\u0259 yetirilm\u0259si v\u0259 yaralanmas\u0131 bar\u0259d\u0259 faktlar, d&uuml;\u015fm\u0259n t\u0259r\u0259find\u0259n Az\u0259rbaycan \u0259razisin\u0259 at\u0131lm\u0131\u015f &ldquo;\u0130sg\u0259nd\u0259r-M&rdquo; raketinin qal\u0131qlar\u0131 var. Burada V\u0259t\u0259n m&uuml;harib\u0259sinin gedi\u015find\u0259 d&uuml;\u015fm\u0259nd\u0259n q\u0259nim\u0259t g&ouml;t&uuml;r&uuml;l\u0259n h\u0259rbi texnikan\u0131n bir qismi, &uuml;mumilikd\u0259 300-d\u0259n &ccedil;ox eksponat, o c&uuml;ml\u0259d\u0259n 150-d\u0259k a\u011f\u0131r texnika, tanklar, d&ouml;y&uuml;\u015f ma\u015f\u0131nlar\u0131, artilleriya qur\u011fular\u0131, zenit-raket kompleksl\u0259ri, at\u0131c\u0131 silahlar, h\u0259rbi n\u0259qliyyat s\u0259rgil\u0259nir. T\u0259qdim edil\u0259n eksponatlar, 10 s\u0259dd\u0259n ibar\u0259t m&uuml;dafi\u0259 sistemi, s\u0131\u011f\u0131nacaqlar, h\u0259rbi kazarmalar, V\u0259t\u0259n m&uuml;harib\u0259sinin gedi\u015fat\u0131 bar\u0259d\u0259 m\u0259lumatlar Az\u0259rbaycana z\u0259f\u0259r qazand\u0131ran d&ouml;y&uuml;\u015fl\u0259ri bir daha g&ouml;z &ouml;n&uuml;nd\u0259 canland\u0131rma\u011fa geni\u015f imkan yarad\u0131r.<\/span><\/p>\n<p style=\"text-align: justify; text-indent: 1cm;\"><span style=\"font-size: 12pt; font-family: 'Arial', sans-serif; color: #000000;\">Erm\u0259nil\u0259rin torpaqlar\u0131m\u0131zda t&ouml;r\u0259tdikl\u0259ri v\u0259h\u015filikl\u0259r d\u0259h\u015f\u0259tlidir. \u015e\u0259h\u0259rl\u0259r, m\u0259scidl\u0259r da\u011f\u0131d\u0131l\u0131b, m\u0259scidl\u0259rd\u0259 in\u0259k, donuz saxlay\u0131blar, b&uuml;t&uuml;n m&uuml;s\u0259lman al\u0259mini t\u0259hqir edib, q\u0259birl\u0259ri da\u011f\u0131d\u0131b, \u015fumlay\u0131b, d\u0259fn edilmi\u015f insanlar\u0131n q\u0131z\u0131l di\u015fl\u0259rini &ccedil;\u0131xar\u0131blar. Bunlar\u0131 sadalamaq da a\u011f\u0131rd\u0131r. M\u0259rh\u0259m\u0259tli v\u0259 insanp\u0259rv\u0259r Az\u0259rbaycan v\u0259t\u0259nda\u015flar\u0131 d&uuml;\u015fm\u0259nin bu h\u0259r\u0259k\u0259tl\u0259rind\u0259n dan\u0131\u015fanda t\u0259bii ki, d\u0259h\u015f\u0259t\u0259 g\u0259lir. H\u0259l\u0259 azad olunmu\u015f \u0259razil\u0259rd\u0259 olan xarici media n&uuml;may\u0259nd\u0259l\u0259ri, s\u0259firlikl\u0259rin t\u0259msil&ccedil;il\u0259ri bel\u0259 erm\u0259nil\u0259rin bu vandall\u0131\u011f\u0131n\u0131 g&ouml;r&uuml;b d\u0259h\u015f\u0259t\u0259 g\u0259libl\u0259r. Art\u0131q m&uuml;harib\u0259 bitib. Z\u0259f\u0259r Az\u0259rbaycan\u0131nd\u0131r. Biz yaln\u0131z q\u0259l\u0259b\u0259mizd\u0259n dan\u0131\u015fmal\u0131y\u0131q. Bir d\u0259 bu q\u0259l\u0259b\u0259ni biz\u0259 b\u0259x\u015f ed\u0259n milli birliyimizl\u0259 &ouml;y&uuml;nm\u0259liyik. Bu m&uuml;harib\u0259d\u0259 &ouml;l&uuml;m\u0259 do\u011fru ged\u0259n \u015f\u0259hid &ouml;vladlar\u0131m\u0131z\u0131n \u015f&uuml;ca\u0259tind\u0259n&nbsp;&nbsp; yazmal\u0131, onlar\u0131n q\u0259hr\u0259manl\u0131qlar\u0131ndan b&ouml;y&uuml;y\u0259n n\u0259sl\u0259 geni\u015f m\u0259lumatlar verm\u0259liyik. H\u0259m&ccedil;inin d&ouml;y&uuml;\u015fl\u0259rd\u0259 yaralanan qazil\u0259rimiz g&ouml;st\u0259rdikl\u0259ri \u015f&uuml;ca\u0259tl\u0259rl\u0259 f\u0259r\u0259hl\u0259nm\u0259liyik. &Ccedil;&uuml;nki bu c\u0259sur insanlar Az\u0259rbaycan v\u0259t\u0259nda\u015flar\u0131d\u0131r. <\/span><\/p>\n<p style=\"text-align: justify; text-indent: 1cm;\"><span style=\"font-size: 12pt; font-family: 'Arial', sans-serif; color: #000000;\">&Ouml;t\u0259n 17 il \u0259rzind\u0259 dan\u0131\u015f\u0131qlar fayda verm\u0259di. V\u0259 d&ouml;vl\u0259timizin ba\u015f&ccedil;\u0131s\u0131 Ordumuzun bazas\u0131n\u0131n m&ouml;hk\u0259ml\u0259ndirilm\u0259si istiqam\u0259tind\u0259 geni\u015f t\u0259dbirl\u0259r h\u0259yata ke&ccedil;irdi v\u0259 bu bizi q\u0259l\u0259b\u0259y\u0259 apard\u0131. Ordumuzun d&ouml;y&uuml;\u015f qabiliyy\u0259ti m&ouml;hk\u0259ml\u0259ndi, y&uuml;ks\u0259ldi, ordumuz m&uuml;asir silah-sursat, texnika il\u0259 t\u0259chiz edildi. <\/span><\/p>\n<p style=\"text-align: justify; text-indent: 1cm;\"><span style=\"font-size: 12pt; font-family: 'Arial', sans-serif; color: #000000;\">Siyasi sabitliyin, v\u0259t\u0259nda\u015f birliyinin t\u0259min edilm\u0259si xalq\u0131m\u0131z\u0131n ist\u0259diyi \u0259n birinci arzusudur. Biz he&ccedil; zaman m&uuml;harib\u0259nin, qan t&ouml;k&uuml;lm\u0259sinin t\u0259r\u0259fdar\u0131 olmam\u0131\u015f\u0131q. Yeri g\u0259lmi\u015fk\u0259n dem\u0259k olar ki, y&uuml;ks\u0259k iqtisadi inki\u015faf olmasayd\u0131 m&uuml;asir silahlar \u0259ld\u0259 ed\u0259 bilm\u0259zdik. Az\u0259rbaycan enerji m&uuml;st\u0259qilliyin\u0259 nail oldu v\u0259 tarixi layih\u0259l\u0259ri h\u0259yata ke&ccedil;irdi. 2006-2007-ci ill\u0259rd\u0259 neft-qaz k\u0259m\u0259rl\u0259ri in\u015fa edildi. \u018fg\u0259r, o k\u0259m\u0259rl\u0259r tikilm\u0259s\u0259ydi, bizim bu q\u0259d\u0259r v\u0259saitimiz olmazd\u0131. V\u0259sait yoxdursa, silah da olmayacaqd\u0131. <\/span><\/p>\n<p style=\"text-align: justify; text-indent: 1cm;\"><span style=\"font-size: 12pt; font-family: 'Arial', sans-serif; color: #000000;\">&Ccedil;\u0131x\u0131\u015f\u0131 zaman\u0131 Prezidentimiz tarix\u0259 n\u0259z\u0259r sal\u0131b. Qeyd edib ki, &ldquo;1987-ci ild\u0259 Ulu &Ouml;nd\u0259rin b&uuml;t&uuml;n v\u0259zif\u0259l\u0259rd\u0259n, o c&uuml;ml\u0259d\u0259n Siyasi B&uuml;ronun &uuml;zv&uuml; v\u0259zif\u0259sind\u0259n uzaqla\u015fd\u0131r\u0131lmas\u0131 il\u0259 erm\u0259nil\u0259rin \u0259lin\u0259 f&uuml;rs\u0259t d&uuml;\u015fd&uuml; v\u0259 onlar bu f&uuml;rs\u0259td\u0259n istifad\u0259 etdil\u0259r&rdquo;. \u0130ki h\u0259ft\u0259 ke&ccedil;m\u0259mi\u015f bir erm\u0259ni mill\u0259t&ccedil;isi &#8211; Qorba&ccedil;ovun m&uuml;\u015faviri, onun sa\u011f \u0259li Aqanbekyan 1987-ci ild\u0259 Fransada olark\u0259n Fransa q\u0259zetin\u0259 m&uuml;sahib\u0259 ver\u0259r\u0259k demi\u015fdir ki, Da\u011fl\u0131q Qaraba\u011f Erm\u0259nistana birl\u0259\u015fm\u0259lidir. Heyd\u0259r \u018fliyevin d&ouml;vr&uuml;nd\u0259 erm\u0259nil\u0259r he&ccedil; vaxt bu c&uuml;r t\u0259xribat v\u0259 cinay\u0259tl\u0259r\u0259 c&uuml;r\u0259t ed\u0259 bilmirdi. &Ccedil;&uuml;nki bilirdil\u0259r, o, n\u0259 q\u0259d\u0259r v\u0259zif\u0259d\u0259dir, he&ccedil; vaxt imkan verm\u0259z ki, erm\u0259ni mill\u0259t&ccedil;iliyi ba\u015f qald\u0131rs\u0131n.<\/span><\/p>\n<p style=\"text-align: justify; text-indent: 1cm;\"><span style=\"font-size: 12pt; font-family: 'Arial', sans-serif; color: #000000;\">M&uuml;st\u0259qilliyin ilk ill\u0259rind\u0259 faktiki olaraq hakimiyy\u0259t\u0259 g\u0259lmi\u015f v\u0259 bu g\u0259li\u015fini r\u0259smil\u0259\u015fdirm\u0259k ist\u0259y\u0259n AXC-M&uuml;savat c&uuml;tl&uuml;y&uuml;n&uuml;n x\u0259yan\u0259ti n\u0259tic\u0259sind\u0259 \u015eu\u015fa v\u0259 La&ccedil;\u0131n i\u015f\u011fal alt\u0131na d&uuml;\u015fd&uuml;. Faktiki olaraq hakimiyy\u0259t Xalq C\u0259bh\u0259si-M&uuml;savat\u0131n \u0259lind\u0259 idi. Onlar \u015eu\u015fa v\u0259 La&ccedil;\u0131n\u0131 erm\u0259nil\u0259r\u0259 t\u0259hvil ver\u0259rk\u0259n Bak\u0131dak\u0131 hakimiyy\u0259ti y\u0131xmaq ist\u0259mi\u015fdil\u0259r v\u0259 buna nail oldular. Ondan bir ay ke&ccedil;\u0259nd\u0259n sonra h\u0259rbi &ccedil;evrili\u015f ed\u0259r\u0259k, parlament binas\u0131n\u0131 z\u0259bt ed\u0259r\u0259k hakimiyy\u0259ti devirdil\u0259r v\u0259 qanunsuz olaraq hakimiyy\u0259t\u0259 g\u0259ldil\u0259r. <\/span><\/p>\n<p style=\"text-align: justify; text-indent: 1cm;\"><span style=\"font-size: 12pt; font-family: 'Arial', sans-serif; color: #000000;\">Ulu &Ouml;nd\u0259r Heyd\u0259r \u018fliyevin ikinci d\u0259f\u0259 hakimiyy\u0259t\u0259 g\u0259li\u015fi &ouml;lk\u0259mizd\u0259 m&ouml;vcud olan v\u0259t\u0259nda\u015f m&uuml;harib\u0259si t\u0259hl&uuml;k\u0259sinin qar\u015f\u0131s\u0131n\u0131 ald\u0131 v\u0259 inki\u015faf yoluna q\u0259d\u0259m qoydu. Bir ne&ccedil;\u0259 d\u0259f\u0259 x\u0259yan\u0259t, d&ouml;vl\u0259t &ccedil;evrili\u015fi c\u0259hdl\u0259ri olsa da xalq &ouml;z liderinin arxas\u0131nda durdu v\u0259 xarici himay\u0259darlar\u0131n\u0131n d\u0259st\u0259yi il\u0259 &ouml;lk\u0259mizd\u0259 yenid\u0259n h\u0259rc-m\u0259rclik yaratmaq ist\u0259y\u0259n q&uuml;vv\u0259l\u0259rin cavablar\u0131 verildi. <\/span><\/p>\n<p style=\"text-align: justify; text-indent: 1cm;\"><span style=\"font-size: 12pt; font-family: 'Arial', sans-serif; color: #000000;\">Tarix\u0259 n\u0259z\u0259r salanda g&ouml;r&uuml;r&uuml;k ki, erm\u0259ni d&ouml;vl\u0259ti bizim tarixi torpa\u011f\u0131m\u0131zda yarad\u0131l\u0131bd\u0131r. 1918-ci ild\u0259 Az\u0259rbaycan Xalq C&uuml;mhuriyy\u0259tinin ilk q\u0259rarlar\u0131ndan biri d\u0259 \u0130r\u0259van\u0131 Erm\u0259nistana verm\u0259k, paytaxt elan etm\u0259k idi. Az\u0259rbaycan Xalq C&uuml;mhuriyy\u0259tinin Az\u0259rbaycan xalq\u0131 qar\u015f\u0131s\u0131nda b&ouml;y&uuml;k xidm\u0259tl\u0259ri var. Ancaq biz tarixi h\u0259qiq\u0259tl\u0259ri bilm\u0259liyik. 1918-1920-ci ill\u0259rd\u0259ki m&uuml;st\u0259qilliyimiz yar\u0131m&ccedil;\u0131q idi. \u0130r\u0259van Erm\u0259nistana verildi. Az\u0259rbaycan Xalq C&uuml;mhuriyy\u0259ti tam hakimiyy\u0259ti t\u0259min ed\u0259 bilmirdi. \u0130ngilis generallar burada meydan sulay\u0131rd\u0131lar. B&uuml;t&uuml;n bunlar arxada qal\u0131b.<\/span><\/p>\n<p style=\"text-align: justify; text-indent: 1cm;\"><span style=\"font-size: 12pt; font-family: 'Arial', sans-serif; color: #000000;\">\u018fdal\u0259ti he&ccedil; bir yalan d\u0259yi\u015fdir\u0259 bilm\u0259z. Yurdumuzun \u0259razi b&uuml;t&ouml;vl&uuml;y&uuml; t\u0259min olundu. Xalq\u0131m\u0131z z\u0259f\u0259r t\u0259nt\u0259n\u0259sini ya\u015fay\u0131r. Bu b&ouml;y&uuml;k yolda, v\u0259t\u0259n m&uuml;harib\u0259sind\u0259 Ming\u0259&ccedil;evirin v\u0259t\u0259np\u0259rv\u0259r &ouml;vladlar\u0131 da r\u0259\u015fad\u0259tl\u0259 d&ouml;y&uuml;\u015fm&uuml;\u015f, \u015f\u0259hidlik zirv\u0259sin\u0259 y&uuml;ks\u0259lmi\u015fl\u0259r. Qazi kimi evl\u0259rin\u0259 d&ouml;n\u0259nl\u0259r yolda\u015flar\u0131n\u0131n qisas\u0131n\u0131 al\u0131blar. Ming\u0259&ccedil;evir ictimaiyy\u0259ti m&uuml;harib\u0259 g&uuml;nl\u0259rind\u0259 birliyimiz\u0259 sadiq qald\u0131. Bu g&uuml;n biz ming\u0259&ccedil;evirlil\u0259r \u015f\u0259hidl\u0259rimizin h\u0259r birini ehtiramla an\u0131r, m&uuml;q\u0259dd\u0259s \u015f\u0259hidl\u0259r xiyaban\u0131nda m\u0259zarlar\u0131n\u0131 ziyar\u0259t edirik. Az\u0259rbaycan\u0131n d&ouml;rd&uuml;nc&uuml; \u015f\u0259h\u0259ri olan Ming\u0259&ccedil;evirin g&ouml;zl\u0259rimizin &ouml;n&uuml;nd\u0259 s&uuml;r\u0259tli inki\u015faf\u0131n\u0131 g&ouml;rd&uuml;kc\u0259 d&ouml;vl\u0259timizin ba\u015f&ccedil;\u0131s\u0131 \u0130lham \u018fliyevin h\u0259yata ke&ccedil;irdiyi siyasi x\u0259tti d\u0259st\u0259kl\u0259yir v\u0259 inan\u0131r\u0131q ki, Az\u0259rbaycan bundan sonra daha da q&uuml;dr\u0259tl\u0259n\u0259c\u0259kdir.<\/span><\/p>\n<p style=\"text-align: justify; text-indent: 1cm;\"><span style=\"font-size: 12pt; font-family: 'Arial', sans-serif; color: #000000;\"><\/span><\/p>\n<p>&nbsp;<\/p>\n<p style=\"text-align: justify; text-indent: 1cm;\"><span style=\"color: #000000;\"><b><span style=\"font-size: 12pt; font-family: 'Arial', sans-serif;\">\u0130qtisad &uuml;zr\u0259 f\u0259ls\u0259f\u0259 doktoru<\/span><\/b><\/span><\/p>\n<p style=\"text-align: justify; text-indent: 1cm;\"><span style=\"color: #000000;\"><b><span style=\"font-size: 12pt; font-family: 'Arial', sans-serif;\">Ruhiyy\u0259 H&uuml;seynova<\/span><\/b><\/span><\/p>","protected":false},"excerpt":{"rendered":"<p>\u015eanl\u0131 Q\u0259l\u0259b\u0259 Az\u0259rbaycan\u0131n q&uuml;dr\u0259tinin g&ouml;st\u0259ricisidir &nbsp; &nbsp;2021-ci il aprel ay\u0131n\u0131n 12-d\u0259 Bak\u0131da H\u0259rbi Q\u0259nim\u0259tl\u0259r Park\u0131n\u0131n a&ccedil;\u0131l\u0131\u015f\u0131 olub v\u0259 m\u0259rasimd\u0259 Prezident \u0130lham \u018fliyev &ccedil;\u0131x\u0131\u015f ed\u0259r\u0259k xalq\u0131m\u0131za qar\u015f\u0131 t&ouml;r\u0259dil\u0259n etnik t\u0259mizl\u0259m\u0259 v\u0259 soyq\u0131r\u0131m hadis\u0259l\u0259rind\u0259n dan\u0131\u015f\u0131araq, uzun ill\u0259rd\u0259n sonra qazan\u0131lan b&ouml;y&uuml;k q\u0259l\u0259b\u0259mizin d&uuml;nya &ouml;lk\u0259l\u0259ri &uuml;&ccedil;&uuml;n g&ouml;zl\u0259nilm\u0259z hal oldu\u011funu qeyd edib. Bildiyimiz kimi 2020-ci ilin pay\u0131z aylar\u0131nda Az\u0259rbaycan Ordusu [&hellip;]<\/p>\n","protected":false},"author":1,"featured_media":0,"comment_status":"open","ping_status":"open","sticky":false,"template":"","format":"standard","meta":{"_eb_attr":"","ocean_post_layout":"","ocean_both_sidebars_style":"","ocean_both_sidebars_content_width":0,"ocean_both_sidebars_sidebars_width":0,"ocean_sidebar":"","ocean_second_sidebar":"","ocean_disable_margins":"enable","ocean_add_body_class":"","ocean_shortcode_before_top_bar":"","ocean_shortcode_after_top_bar":"","ocean_shortcode_before_header":"","ocean_shortcode_after_header":"","ocean_has_shortcode":"","ocean_shortcode_after_title":"","ocean_shortcode_before_footer_widgets":"","ocean_shortcode_after_footer_widgets":"","ocean_shortcode_before_footer_bottom":"","ocean_shortcode_after_footer_bottom":"","ocean_display_top_bar":"default","ocean_display_header":"default","ocean_header_style":"","ocean_center_header_left_menu":"","ocean_custom_header_template":"","ocean_custom_logo":0,"ocean_custom_retina_logo":0,"ocean_custom_logo_max_width":0,"ocean_custom_logo_tablet_max_width":0,"ocean_custom_logo_mobile_max_width":0,"ocean_custom_logo_max_height":0,"ocean_custom_logo_tablet_max_height":0,"ocean_custom_logo_mobile_max_height":0,"ocean_header_custom_menu":"","ocean_menu_typo_font_family":"","ocean_menu_typo_font_subset":"","ocean_menu_typo_font_size":0,"ocean_menu_typo_font_size_tablet":0,"ocean_menu_typo_font_size_mobile":0,"ocean_menu_typo_font_size_unit":"px","ocean_menu_typo_font_weight":"","ocean_menu_typo_font_weight_tablet":"","ocean_menu_typo_font_weight_mobile":"","ocean_menu_typo_transform":"","ocean_menu_typo_transform_tablet":"","ocean_menu_typo_transform_mobile":"","ocean_menu_typo_line_height":0,"ocean_menu_typo_line_height_tablet":0,"ocean_menu_typo_line_height_mobile":0,"ocean_menu_typo_line_height_unit":"","ocean_menu_typo_spacing":0,"ocean_menu_typo_spacing_tablet":0,"ocean_menu_typo_spacing_mobile":0,"ocean_menu_typo_spacing_unit":"","ocean_menu_link_color":"","ocean_menu_link_color_hover":"","ocean_menu_link_color_active":"","ocean_menu_link_background":"","ocean_menu_link_hover_background":"","ocean_menu_link_active_background":"","ocean_menu_social_links_bg":"","ocean_menu_social_hover_links_bg":"","ocean_menu_social_links_color":"","ocean_menu_social_hover_links_color":"","ocean_disable_title":"default","ocean_disable_heading":"default","ocean_post_title":"","ocean_post_subheading":"","ocean_post_title_style":"","ocean_post_title_background_color":"","ocean_post_title_background":0,"ocean_post_title_bg_image_position":"","ocean_post_title_bg_image_attachment":"","ocean_post_title_bg_image_repeat":"","ocean_post_title_bg_image_size":"","ocean_post_title_height":0,"ocean_post_title_bg_overlay":0.5,"ocean_post_title_bg_overlay_color":"","ocean_disable_breadcrumbs":"default","ocean_breadcrumbs_color":"","ocean_breadcrumbs_separator_color":"","ocean_breadcrumbs_links_color":"","ocean_breadcrumbs_links_hover_color":"","ocean_display_footer_widgets":"default","ocean_display_footer_bottom":"default","ocean_custom_footer_template":"","ocean_post_oembed":"","ocean_post_self_hosted_media":"","ocean_post_video_embed":"","ocean_link_format":"","ocean_link_format_target":"self","ocean_quote_format":"","ocean_quote_format_link":"post","ocean_gallery_link_images":"on","ocean_gallery_id":[],"footnotes":""},"categories":[63],"tags":[],"class_list":["post-15836","post","type-post","status-publish","format-standard","hentry","category-khaebaerlaer-az","entry"],"_links":{"self":[{"href":"https:\/\/mdu.edu.az\/ru\/wp-json\/wp\/v2\/posts\/15836","targetHints":{"allow":["GET"]}}],"collection":[{"href":"https:\/\/mdu.edu.az\/ru\/wp-json\/wp\/v2\/posts"}],"about":[{"href":"https:\/\/mdu.edu.az\/ru\/wp-json\/wp\/v2\/types\/post"}],"author":[{"embeddable":true,"href":"https:\/\/mdu.edu.az\/ru\/wp-json\/wp\/v2\/users\/1"}],"replies":[{"embeddable":true,"href":"https:\/\/mdu.edu.az\/ru\/wp-json\/wp\/v2\/comments?post=15836"}],"version-history":[{"count":0,"href":"https:\/\/mdu.edu.az\/ru\/wp-json\/wp\/v2\/posts\/15836\/revisions"}],"wp:attachment":[{"href":"https:\/\/mdu.edu.az\/ru\/wp-json\/wp\/v2\/media?parent=15836"}],"wp:term":[{"taxonomy":"category","embeddable":true,"href":"https:\/\/mdu.edu.az\/ru\/wp-json\/wp\/v2\/categories?post=15836"},{"taxonomy":"post_tag","embeddable":true,"href":"https:\/\/mdu.edu.az\/ru\/wp-json\/wp\/v2\/tags?post=15836"}],"curies":[{"name":"wp","href":"https:\/\/api.w.org\/{rel}","templated":true}]}}