{"id":15838,"date":"2021-04-15T22:16:28","date_gmt":"2021-04-15T19:16:28","guid":{"rendered":"https:\/\/mdu.edu.az\/minzh-evir-d-vl-t-universitetinin-rektoru-t-l-b-v-t-np-rv-rlik-inki-af-m-rk-zinin-koordinatorunu-zh-bul-edib\/"},"modified":"2021-04-15T22:16:28","modified_gmt":"2021-04-15T19:16:28","slug":"minzh-evir-d-vl-t-universitetinin-rektoru-t-l-b-v-t-np-rv-rlik-inki-af-m-rk-zinin-koordinatorunu-zh-bul-edib","status":"publish","type":"post","link":"https:\/\/mdu.edu.az\/ru\/minzh-evir-d-vl-t-universitetinin-rektoru-t-l-b-v-t-np-rv-rlik-inki-af-m-rk-zinin-koordinatorunu-zh-bul-edib\/","title":{"rendered":"Ming\u0259\u00e7evir D\u00f6vl\u0259t Universitetinin rektoru T\u0259l\u0259b\u0259 V\u0259t\u0259np\u0259rv\u0259rlik \u0130nki\u015faf\u0131 M\u0259rk\u0259zinin koordinatorunu q\u0259bul edib"},"content":{"rendered":"<p style=\"margin-bottom: 0.0001pt; text-align: center; line-height: 150%;\"><b><span style=\"font-size: 14pt; line-height: 150%; font-family: 'Arial', sans-serif; color: #002060;\">Ming\u0259&ccedil;evir D&ouml;vl\u0259t Universitetinin rektoru T\u0259l\u0259b\u0259 V\u0259t\u0259np\u0259rv\u0259rlik \u0130nki\u015faf\u0131 M\u0259rk\u0259zinin koordinatorunu q\u0259bul edib<\/span><\/b><\/p>\n<p>&nbsp;<\/p>\n<p style=\"text-align: center;\"><img decoding=\"async\" src=\"images\/photo\/MDU_bayraq.jpeg\" alt=\"\" \/><\/p>\n<p style=\"margin-bottom: 0.0001pt; text-align: justify; text-indent: 1cm; line-height: 150%;\"><span style=\"font-size: 12pt; line-height: 150%; font-family: 'Arial', sans-serif; color: #000000;\">14 aprel 2021-ci il tarixind\u0259 Ming\u0259&ccedil;evir D&ouml;vl\u0259t Universitetinin (MDU) rektoru \u015eahin Bayramov universitetin strukturunda yeni yarad\u0131lm\u0131\u015f T\u0259l\u0259b\u0259 V\u0259t\u0259np\u0259rv\u0259rlik \u0130nki\u015faf\u0131 M\u0259rk\u0259zinin (TV\u0130M) koordinatoru Minay\u0259 H&uuml;seynovan\u0131 q\u0259bul edib.<\/span><\/p>\n<p style=\"margin-bottom: 0.0001pt; text-align: justify; text-indent: 1cm; line-height: 150%;\"><span style=\"font-size: 12pt; line-height: 150%; font-family: 'Arial', sans-serif; color: #000000;\">Q\u0259bulda rektor m&uuml;z\u0259ff\u0259r Ali Ba\u015f Komandan\u0131m\u0131z\u0131n r\u0259hb\u0259rliyi v\u0259 yenilm\u0259z Az\u0259rbaycan Ordusunun r\u0259\u015fad\u0259ti say\u0259sind\u0259 \u0259ld\u0259 edil\u0259n \u015fanl\u0131 q\u0259l\u0259b\u0259d\u0259n dan\u0131\u015f\u0131b.<\/span><\/p>\n<p style=\"margin-bottom: 0.0001pt; text-align: justify; text-indent: 1cm; line-height: 150%;\"><span style=\"font-size: 12pt; line-height: 150%; font-family: 'Arial', sans-serif; color: #000000;\">&Ouml;lk\u0259mizd\u0259 \u015f\u0259hidl\u0259rin \u0259ziz xatir\u0259sinin b&ouml;y&uuml;k ehtiramla an\u0131ld\u0131\u011f\u0131n\u0131, d&ouml;vl\u0259timiz t\u0259r\u0259find\u0259n \u015f\u0259hid ail\u0259l\u0259rin\u0259 v\u0259 m&uuml;harib\u0259 i\u015ftirak&ccedil;\u0131lar\u0131na y&uuml;ks\u0259k diqq\u0259t v\u0259 qay\u011f\u0131 g&ouml;st\u0259rildiyini qeyd ed\u0259n \u015e.Bayramov c\u0259sur \u0259sg\u0259r v\u0259 zabitl\u0259rimizin g&ouml;st\u0259rdikl\u0259ri \u015f&uuml;ca\u0259t v\u0259 v\u0259t\u0259np\u0259rv\u0259rlik n&uuml;mun\u0259l\u0259rinin t\u0259l\u0259b\u0259 g\u0259ncl\u0259r aras\u0131nda t\u0259bli\u011f edilm\u0259si istiqam\u0259tind\u0259 TV\u0130M-in &uuml;z\u0259rin\u0259 d&uuml;\u015f\u0259n v\u0259zif\u0259l\u0259rd\u0259n dan\u0131\u015f\u0131b. <\/span><\/p>\n<p style=\"margin-bottom: 0.0001pt; text-align: justify; text-indent: 1cm; line-height: 150%;\"><span style=\"font-size: 12pt; line-height: 150%; font-family: 'Arial', sans-serif; color: #000000;\">H\u0259r birimiz\u0259 sonsuz sevinc v\u0259 f\u0259xar\u0259t hissl\u0259ri b\u0259x\u015f ed\u0259n tarixi z\u0259f\u0259r y&uuml;r&uuml;\u015f&uuml;nd\u0259 universitetin 4 \u0259m\u0259kda\u015f\u0131n\u0131n, 120-d\u0259n &ccedil;ox t\u0259l\u0259b\u0259 v\u0259 m\u0259zunlar\u0131n\u0131n i\u015ftirak etdiyini v\u0259 5 m\u0259zununun \u015f\u0259hdilik zirv\u0259sin\u0259 ucald\u0131\u011f\u0131n\u0131 bildir\u0259n rektor \u015f\u0259r\u0259fli d&ouml;y&uuml;\u015f yolu ke&ccedil;mi\u015f MDU ail\u0259sinin q\u0259hr\u0259man &uuml;zvl\u0259rinin h\u0259yat hekay\u0259l\u0259rinin i\u015f\u0131qland\u0131r\u0131lmas\u0131, t\u0259l\u0259b\u0259 g\u0259ncl\u0259r\u0259 a\u015f\u0131lanmas\u0131 istiqam\u0259tind\u0259 m&uuml;vafiq t&ouml;vsiy\u0259 v\u0259 tap\u015f\u0131r\u0131qlar\u0131n\u0131 verib.<\/span><\/p>\n<p style=\"margin-bottom: 0.0001pt; text-align: justify; text-indent: 1cm; line-height: 150%;\"><span style=\"font-size: 12pt; line-height: 150%; font-family: 'Arial', sans-serif; color: #000000;\">TV\u0130M-in koordinatoru v\u0259zif\u0259sin\u0259 yeni t\u0259yin edilmi\u015f M.H&uuml;seynova g&ouml;st\u0259ril\u0259n etimada g&ouml;r\u0259 MDU r\u0259hb\u0259rliyin\u0259 t\u0259\u015f\u0259kk&uuml;r&uuml;n&uuml; bildirib, M\u0259rk\u0259zin u\u011furlu f\u0259aliyy\u0259ti namin\u0259 &uuml;z\u0259rin\u0259 d&uuml;\u015f\u0259n \u015f\u0259r\u0259fli v\u0259zif\u0259l\u0259rin &ouml;hd\u0259sind\u0259n layiqinc\u0259 g\u0259l\u0259c\u0259yin\u0259 \u0259minliyini ifad\u0259 edib.<\/span><\/p>\n<p style=\"margin-bottom: 0.0001pt; text-align: justify; text-indent: 1cm; line-height: 150%;\"><span style=\"font-size: 12pt; line-height: 150%; font-family: 'Arial', sans-serif;\"><span style=\"color: #000000;\">Qeyd ed\u0259k ki, MDU T\u0259l\u0259b\u0259 V\u0259t\u0259np\u0259rv\u0259rlik \u0130nki\u015faf\u0131 M\u0259rk\u0259zi universitetd\u0259 t\u0259hsilin m\u0259zmununda v\u0259t\u0259np\u0259rv\u0259rlik t\u0259rbiy\u0259sinin &ouml;n\u0259minin daha da y&uuml;ks\u0259ldilm\u0259si m\u0259qs\u0259dil\u0259&nbsp;yarad\u0131l\u0131b. 44 g&uuml;nl&uuml;k V\u0259t\u0259n M&uuml;harib\u0259sind\u0259 \u015f\u0259hid olan MDU-nun m\u0259zunu \u018fz\u0259mi H&uuml;seynovun h\u0259yat yolda\u015f\u0131 M.H&uuml;seynova M\u0259rk\u0259zin koordinatoru v\u0259zif\u0259sin\u0259 i\u015f\u0259 q\u0259bul edilib.<\/span> <\/span><\/p>","protected":false},"excerpt":{"rendered":"<p>Ming\u0259&ccedil;evir D&ouml;vl\u0259t Universitetinin rektoru T\u0259l\u0259b\u0259 V\u0259t\u0259np\u0259rv\u0259rlik \u0130nki\u015faf\u0131 M\u0259rk\u0259zinin koordinatorunu q\u0259bul edib &nbsp; 14 aprel 2021-ci il tarixind\u0259 Ming\u0259&ccedil;evir D&ouml;vl\u0259t Universitetinin (MDU) rektoru \u015eahin Bayramov universitetin strukturunda yeni yarad\u0131lm\u0131\u015f T\u0259l\u0259b\u0259 V\u0259t\u0259np\u0259rv\u0259rlik \u0130nki\u015faf\u0131 M\u0259rk\u0259zinin (TV\u0130M) koordinatoru Minay\u0259 H&uuml;seynovan\u0131 q\u0259bul edib. Q\u0259bulda rektor m&uuml;z\u0259ff\u0259r Ali Ba\u015f Komandan\u0131m\u0131z\u0131n r\u0259hb\u0259rliyi v\u0259 yenilm\u0259z Az\u0259rbaycan Ordusunun r\u0259\u015fad\u0259ti say\u0259sind\u0259 \u0259ld\u0259 edil\u0259n \u015fanl\u0131 q\u0259l\u0259b\u0259d\u0259n [&hellip;]<\/p>\n","protected":false},"author":1,"featured_media":0,"comment_status":"open","ping_status":"open","sticky":false,"template":"","format":"standard","meta":{"_eb_attr":"","ocean_post_layout":"","ocean_both_sidebars_style":"","ocean_both_sidebars_content_width":0,"ocean_both_sidebars_sidebars_width":0,"ocean_sidebar":"","ocean_second_sidebar":"","ocean_disable_margins":"enable","ocean_add_body_class":"","ocean_shortcode_before_top_bar":"","ocean_shortcode_after_top_bar":"","ocean_shortcode_before_header":"","ocean_shortcode_after_header":"","ocean_has_shortcode":"","ocean_shortcode_after_title":"","ocean_shortcode_before_footer_widgets":"","ocean_shortcode_after_footer_widgets":"","ocean_shortcode_before_footer_bottom":"","ocean_shortcode_after_footer_bottom":"","ocean_display_top_bar":"default","ocean_display_header":"default","ocean_header_style":"","ocean_center_header_left_menu":"","ocean_custom_header_template":"","ocean_custom_logo":0,"ocean_custom_retina_logo":0,"ocean_custom_logo_max_width":0,"ocean_custom_logo_tablet_max_width":0,"ocean_custom_logo_mobile_max_width":0,"ocean_custom_logo_max_height":0,"ocean_custom_logo_tablet_max_height":0,"ocean_custom_logo_mobile_max_height":0,"ocean_header_custom_menu":"","ocean_menu_typo_font_family":"","ocean_menu_typo_font_subset":"","ocean_menu_typo_font_size":0,"ocean_menu_typo_font_size_tablet":0,"ocean_menu_typo_font_size_mobile":0,"ocean_menu_typo_font_size_unit":"px","ocean_menu_typo_font_weight":"","ocean_menu_typo_font_weight_tablet":"","ocean_menu_typo_font_weight_mobile":"","ocean_menu_typo_transform":"","ocean_menu_typo_transform_tablet":"","ocean_menu_typo_transform_mobile":"","ocean_menu_typo_line_height":0,"ocean_menu_typo_line_height_tablet":0,"ocean_menu_typo_line_height_mobile":0,"ocean_menu_typo_line_height_unit":"","ocean_menu_typo_spacing":0,"ocean_menu_typo_spacing_tablet":0,"ocean_menu_typo_spacing_mobile":0,"ocean_menu_typo_spacing_unit":"","ocean_menu_link_color":"","ocean_menu_link_color_hover":"","ocean_menu_link_color_active":"","ocean_menu_link_background":"","ocean_menu_link_hover_background":"","ocean_menu_link_active_background":"","ocean_menu_social_links_bg":"","ocean_menu_social_hover_links_bg":"","ocean_menu_social_links_color":"","ocean_menu_social_hover_links_color":"","ocean_disable_title":"default","ocean_disable_heading":"default","ocean_post_title":"","ocean_post_subheading":"","ocean_post_title_style":"","ocean_post_title_background_color":"","ocean_post_title_background":0,"ocean_post_title_bg_image_position":"","ocean_post_title_bg_image_attachment":"","ocean_post_title_bg_image_repeat":"","ocean_post_title_bg_image_size":"","ocean_post_title_height":0,"ocean_post_title_bg_overlay":0.5,"ocean_post_title_bg_overlay_color":"","ocean_disable_breadcrumbs":"default","ocean_breadcrumbs_color":"","ocean_breadcrumbs_separator_color":"","ocean_breadcrumbs_links_color":"","ocean_breadcrumbs_links_hover_color":"","ocean_display_footer_widgets":"default","ocean_display_footer_bottom":"default","ocean_custom_footer_template":"","ocean_post_oembed":"","ocean_post_self_hosted_media":"","ocean_post_video_embed":"","ocean_link_format":"","ocean_link_format_target":"self","ocean_quote_format":"","ocean_quote_format_link":"post","ocean_gallery_link_images":"on","ocean_gallery_id":[],"footnotes":""},"categories":[63],"tags":[],"class_list":["post-15838","post","type-post","status-publish","format-standard","hentry","category-khaebaerlaer-az","entry"],"_links":{"self":[{"href":"https:\/\/mdu.edu.az\/ru\/wp-json\/wp\/v2\/posts\/15838","targetHints":{"allow":["GET"]}}],"collection":[{"href":"https:\/\/mdu.edu.az\/ru\/wp-json\/wp\/v2\/posts"}],"about":[{"href":"https:\/\/mdu.edu.az\/ru\/wp-json\/wp\/v2\/types\/post"}],"author":[{"embeddable":true,"href":"https:\/\/mdu.edu.az\/ru\/wp-json\/wp\/v2\/users\/1"}],"replies":[{"embeddable":true,"href":"https:\/\/mdu.edu.az\/ru\/wp-json\/wp\/v2\/comments?post=15838"}],"version-history":[{"count":0,"href":"https:\/\/mdu.edu.az\/ru\/wp-json\/wp\/v2\/posts\/15838\/revisions"}],"wp:attachment":[{"href":"https:\/\/mdu.edu.az\/ru\/wp-json\/wp\/v2\/media?parent=15838"}],"wp:term":[{"taxonomy":"category","embeddable":true,"href":"https:\/\/mdu.edu.az\/ru\/wp-json\/wp\/v2\/categories?post=15838"},{"taxonomy":"post_tag","embeddable":true,"href":"https:\/\/mdu.edu.az\/ru\/wp-json\/wp\/v2\/tags?post=15838"}],"curies":[{"name":"wp","href":"https:\/\/api.w.org\/{rel}","templated":true}]}}