{"id":15844,"date":"2021-04-22T18:12:44","date_gmt":"2021-04-22T15:12:44","guid":{"rendered":"https:\/\/mdu.edu.az\/milli-maraglar-m-z-n-t-min-edilm-si-n-b-t-n-laz-mi-add-mlar-at-ladzag\/"},"modified":"2021-04-22T18:12:44","modified_gmt":"2021-04-22T15:12:44","slug":"milli-maraglar-m-z-n-t-min-edilm-si-n-b-t-n-laz-mi-add-mlar-at-ladzag","status":"publish","type":"post","link":"https:\/\/mdu.edu.az\/ru\/milli-maraglar-m-z-n-t-min-edilm-si-n-b-t-n-laz-mi-add-mlar-at-ladzag\/","title":{"rendered":"Milli maraqlar\u0131m\u0131z\u0131n t\u0259min edilm\u0259si \u00fc\u00e7\u00fcn  b\u00fct\u00fcn laz\u0131mi add\u0131mlar at\u0131lacaq"},"content":{"rendered":"<p style=\"text-align: center;\"><b><span style=\"font-size: 14pt; font-family: 'Arial', sans-serif; color: #002060;\">Milli maraqlar\u0131m\u0131z\u0131n t\u0259min edilm\u0259si &uuml;&ccedil;&uuml;n<\/span><\/b><\/p>\n<p style=\"text-align: center;\"><b><span style=\"font-size: 14pt; font-family: 'Arial', sans-serif; color: #002060;\"> b&uuml;t&uuml;n laz\u0131mi add\u0131mlar at\u0131lacaq<\/span><\/b><\/p>\n<p style=\"text-align: justify;\"><span style=\"font-size: 12pt; font-family: 'Arial', sans-serif;\"><\/span><\/p>\n<p style=\"text-align: justify; text-indent: 35.3pt;\"><span style=\"font-size: 12pt; font-family: 'Arial', sans-serif; color: #000000;\">M&uuml;st\u0259qillik \u0259ld\u0259 etdikd\u0259n sonra Az\u0259rbaycanda yaranm\u0131\u015f b&ouml;hran v\u0259 iqtisadi t\u0259n\u0259zz&uuml;l h\u0259yat t\u0259rzinin a\u015fa\u011f\u0131 d&uuml;\u015fm\u0259sin\u0259 \u015f\u0259rait yaratm\u0131\u015f, insanlar\u0131n sabaha olan inamlar\u0131 azalm\u0131\u015fd\u0131. Bel\u0259 bir d&ouml;vrd\u0259 xalq\u0131n t\u0259kidli &ccedil;a\u011f\u0131r\u0131\u015f\u0131 il\u0259 ikinci d\u0259f\u0259 hakimiyy\u0259t\u0259 qay\u0131dan Ulu &Ouml;nd\u0259r Heyd\u0259r \u018fliyev Az\u0259rbaycan\u0131n m&uuml;st\u0259qilliyinin qorunub saxlan\u0131lmas\u0131 v\u0259 iqtisadiyyat\u0131m\u0131z\u0131n inki\u015faf\u0131 &uuml;&ccedil;&uuml;n \u0259m\u0259li f\u0259aliyy\u0259ti il\u0259 &ouml;lk\u0259y\u0259 u\u011fur g\u0259tirirdi. Bu siyasi x\u0259tti u\u011furla davam etdir\u0259n d&ouml;vl\u0259timizin ba\u015f&ccedil;\u0131s\u0131 \u0130lham \u018fliyev 2003-c&uuml; ild\u0259 xalq\u0131n etimad\u0131 il\u0259 Prezident se&ccedil;ildikd\u0259n sonra ilk olaraq iqtisadiyyat\u0131m\u0131z\u0131n inki\u015faf\u0131 &uuml;&ccedil;&uuml;n&nbsp;&nbsp; &ouml;n\u0259mli olan layih\u0259l\u0259rin realla\u015fmas\u0131na diqq\u0259t g&ouml;st\u0259rdi. <\/span><\/p>\n<p style=\"text-align: justify; text-indent: 35.3pt;\"><span style=\"font-size: 12pt; font-family: 'Arial', sans-serif; color: #000000;\">2004-c&uuml; ild\u0259 t\u0259sdiq olunan &ldquo;Regionlar\u0131n sosial-iqtisadi inki\u015faf\u0131 D&ouml;vl\u0259t Proqram\u0131&rdquo;n\u0131n birinci m\u0259rh\u0259l\u0259si, daha sonra is\u0259 ikinci, &uuml;&ccedil;&uuml;nc&uuml;, d&ouml;rd&uuml;nc&uuml; m\u0259rh\u0259l\u0259sind\u0259 &ouml;lk\u0259mizin b&uuml;t&uuml;n b&ouml;lg\u0259l\u0259rind\u0259, \u015f\u0259h\u0259r v\u0259 rayonlarda, q\u0259s\u0259b\u0259 v\u0259 k\u0259ndl\u0259rd\u0259 geni\u015f abadl\u0131q &ndash;quruculuq i\u015fl\u0259ri realla\u015fdlr\u0131lm\u0131\u015fd\u0131r v\u0259 bu i\u015fl\u0259r haz\u0131rda u\u011furla davam etdirilir. <\/span><\/p>\n<p style=\"text-align: justify; text-indent: 35.3pt;\"><span style=\"font-size: 12pt; font-family: 'Arial', sans-serif; color: #000000;\">Bununla ba\u011fl\u0131 2021-ci il 20 aprel tarixind\u0259 Hac\u0131qabul rayonuna s\u0259f\u0259ri zaman\u0131 Prezident \u0130lham \u018fliyev Az\u0259rbaycan Televiziyas\u0131na geni\u015f m&uuml;sahib\u0259 vermi\u015f v\u0259 Az\u0259rbaycan\u0131n d&uuml;nya arenas\u0131nda n&uuml;fuz qazand\u0131\u011f\u0131 kimi, &ouml;lk\u0259 daxilind\u0259 d\u0259 m&uuml;v\u0259ff\u0259qiyy\u0259tl\u0259r\u0259 nail olmas\u0131ndan f\u0259r\u0259hl\u0259 dan\u0131\u015fm\u0131\u015fd\u0131r. Qeyd olunmu\u015fdur ki, proqram &ccedil;\u0259r&ccedil;iv\u0259sind\u0259, o c&uuml;ml\u0259d\u0259n Hac\u0131qabul rayonunda b&ouml;y&uuml;k i\u015fl\u0259r g&ouml;r&uuml;lm&uuml;\u015fd&uuml;r. Hac\u0131qabulda qazla\u015fd\u0131rman\u0131n s\u0259viyy\u0259si y&uuml;z faiz\u0259 &ccedil;at\u0131bd\u0131r. Elektrik enerjisi il\u0259 t\u0259chizat xeyli yax\u015f\u0131la\u015f\u0131b v\u0259 yeni yar\u0131mstansiyan\u0131n a&ccedil;\u0131l\u0131\u015f\u0131 da bunu g&ouml;st\u0259rir. K\u0259nd yollar\u0131n\u0131n 75 faizi yenid\u0259n &ccedil;\u0259kilib. X\u0259st\u0259xana, m\u0259d\u0259niyy\u0259t obyektl\u0259ri, 22 m\u0259kt\u0259b tikilib v\u0259 \u0259sasl\u0131 \u015f\u0259kild\u0259 t\u0259mir edilib. \u0130nsanlar\u0131n ya\u015fay\u0131\u015f s\u0259viyy\u0259si yax\u015f\u0131la\u015f\u0131b. Biznes &uuml;&ccedil;&uuml;n \u015f\u0259rait yax\u015f\u0131la\u015f\u0131b. Yeni a&ccedil;\u0131lan obyektl\u0259r rayonlar\u0131n g\u0259l\u0259c\u0259k iqtisadi potensial\u0131n\u0131 b&ouml;y&uuml;k d\u0259r\u0259c\u0259d\u0259 g&uuml;cl\u0259ndir\u0259c\u0259kdir.<\/span><\/p>\n<p style=\"text-align: justify; text-indent: 35.4pt;\"><span style=\"color: #000000;\"><span style=\"font-size: 12pt; font-family: 'Arial', sans-serif;\"> Qeyri-neft sektorunun inki\u015faf\u0131 &uuml;&ccedil;&uuml;n &ouml;lk\u0259mizd\u0259 yeni imkanlar\u0131n yarad\u0131lmas\u0131na da diqq\u0259t g&ouml;st\u0259rilir<b>.<\/b><\/span><span style=\"font-size: 12pt; font-family: 'Arial', sans-serif;\"> Az\u0259rbaycanda k\u0259nd t\u0259s\u0259rr&uuml;fat\u0131 sah\u0259sind\u0259 apar\u0131lan islahatlar dayanmadan \u015fax\u0259l\u0259nir. Eyni zamanda, ki&ccedil;ik fermer t\u0259s\u0259rr&uuml;fatlar\u0131n\u0131n inki\u015faf\u0131 il\u0259 ba\u011fl\u0131 praktiki i\u015fl\u0259r g&ouml;r&uuml;l&uuml;r. H\u0259r iki istiqam\u0259t &uuml;zr\u0259 k\u0259nd t\u0259s\u0259rr&uuml;fat\u0131 inki\u015faf edir.<\/span><\/span><\/p>\n<p style=\"text-align: justify; text-indent: 35.4pt;\"><span style=\"color: #000000;\"><span style=\"font-size: 12pt; font-family: 'Arial', sans-serif;\">Aqroparklar milli iqtisadiyyat\u0131m\u0131z\u0131n perspektiv istiqam\u0259t\u0259rind\u0259n biridir. <\/span><span style=\"font-size: 12pt; font-family: 'Arial', sans-serif;\">Hac\u0131qabulda iki b&ouml;y&uuml;k aqropark f\u0259aliyy\u0259t g&ouml;st\u0259rir v\u0259 y&uuml;zl\u0259rl\u0259 yerli sakin bu aqroparklarda i\u015fl\u0259 t\u0259min edilibdir. Bu c&uuml;r yana\u015fma b&uuml;t&uuml;n b&ouml;y&uuml;k t\u0259s\u0259rr&uuml;fatlarda v\u0259 ki&ccedil;ik fermer t\u0259s\u0259rr&uuml;fatlar\u0131nda t\u0259tbiq olunarsa, o zaman \u0259rzaq t\u0259hl&uuml;k\u0259sizliyi m\u0259s\u0259l\u0259l\u0259ri il\u0259 ba\u011fl\u0131 i\u015fl\u0259rd\u0259 d\u0259 u\u011furlar \u0259ld\u0259 olunacaq. B&uuml;t&ouml;vl&uuml;kd\u0259 Az\u0259rbaycanda 50-d\u0259k aqropark\u0131n yarad\u0131lmas\u0131 n\u0259z\u0259rd\u0259 tutulur. Onlardan bir &ccedil;oxu art\u0131q f\u0259aliyy\u0259td\u0259dir. T\u0259qdir olunmal\u0131 hald\u0131r ki, d&ouml;vl\u0259t h\u0259m g&uuml;z\u0259\u015ftli \u015f\u0259rtl\u0259rl\u0259 m&uuml;\u0259yy\u0259n m\u0259bl\u0259\u011fd\u0259 kreditl\u0259r verir, infrastruktur layih\u0259l\u0259ri h\u0259yata ke&ccedil;irir v\u0259 &ouml;z\u0259l sektor &uuml;&ccedil;&uuml;n \u015f\u0259rait yarad\u0131r.<\/span><\/span><\/p>\n<p style=\"text-align: justify; text-indent: 35.4pt;\"><span style=\"font-size: 12pt; font-family: 'Arial', sans-serif; color: #000000;\"> Qeyd edim ki, regionlar\u0131n sosial-iqtisadi inki\u015faf\u0131 D&ouml;vl\u0259t Proqram\u0131 &ccedil;\u0259r&ccedil;iv\u0259sind\u0259 &ouml;t\u0259n 17 il \u0259rzind\u0259 Ming\u0259&ccedil;evird\u0259 d\u0259 xeyli abadl\u0131q quruculuq i\u015fl\u0259ri g&ouml;r&uuml;lm&uuml;\u015fd&uuml;r. Bel\u0259 ki, yollar asfaltlanm\u0131\u015f, i\u015f\u0131qland\u0131rma sistemi m&uuml;asir formada yenid\u0259n qurulmu\u015f, qaz x\u0259tl\u0259ri yenil\u0259nmi\u015f, su x\u0259tl\u0259ri d\u0259yi\u015fdirilmi\u015fdir. H\u0259m&ccedil;inin \u015f\u0259h\u0259rimizd\u0259 bir ne&ccedil;\u0259 orta m\u0259kt\u0259b binalar\u0131 v\u0259 u\u015faq ba\u011f&ccedil;alar\u0131 yenid\u0259n in\u015fa olunmu\u015f v\u0259 ya \u0259sasl\u0131 t\u0259mir edilmi\u015fdir. Yeni parklar sal\u0131nm\u0131\u015f, istirah\u0259t m\u0259kanlar\u0131nda v\u0259 parklarda insanlar\u0131n m\u0259nal\u0131 istirah\u0259ti &uuml;&ccedil;&uuml;n g&ouml;z\u0259l \u015f\u0259rait yarad\u0131lm\u0131\u015f, ya\u015f\u0131ll\u0131q zolaqlar\u0131 geni\u015fl\u0259ndirilmi\u015fdir. M\u0259h\u0259ll\u0259l\u0259rd\u0259 \u0259sasl\u0131 tikinti i\u015fl\u0259ri apar\u0131lm\u0131\u015f, ya\u015fay\u0131\u015f binalar\u0131n\u0131n &uuml;z\u0259ri suvanaraq r\u0259ngl\u0259mi\u015fdir. \u015e\u0259h\u0259rimizd\u0259ki y&uuml;zl\u0259rl\u0259 &ccedil;oxm\u0259nzilli ya\u015fay\u0131\u015f binalar\u0131n\u0131n dam &ouml;rt&uuml;kl\u0259ri m&uuml;asir formada yenid\u0259n qurulmu\u015fdur. M\u0259h\u0259ll\u0259l\u0259rd\u0259 i\u015f\u0131qland\u0131rma sistemi qura\u015fd\u0131r\u0131lm\u0131\u015f, sakinl\u0259rin rahatl\u0131\u011f\u0131 &uuml;&ccedil;&uuml;n h\u0259r c&uuml;r \u015f\u0259rait yarad\u0131lm\u0131\u015fd\u0131r. <\/span><\/p>\n<p style=\"text-align: justify; text-indent: 35.4pt;\"><span style=\"font-size: 12pt; font-family: 'Arial', sans-serif; color: #000000;\">2020-ci ilin pay\u0131z\u0131nda Az\u0259rbaycan Ordusunun \u0259sg\u0259r v\u0259 zabitl\u0259rinin \u015f&uuml;ca\u0259ti say\u0259sind\u0259 i\u015f\u011faldan azad olunmu\u015f \u0259razil\u0259rd\u0259 quruculuq i\u015fl\u0259rinin ba\u015flanmas\u0131 bar\u0259d\u0259 d&ouml;vl\u0259timizin ba\u015f&ccedil;\u0131s\u0131n\u0131n verdiyi tap\u015f\u0131r\u0131qlar icra olunur. Bu \u0259razil\u0259rd\u0259 h\u0259yat\u0131n b\u0259rpas\u0131 &uuml;&ccedil;&uuml;n i\u015fl\u0259rin s&uuml;r\u0259tl\u0259nm\u0259si d\u0259 sevindiricidir. Bu bar\u0259d\u0259 dan\u0131\u015fan prezident \u0130lham \u018fliyev bildirib ki, &ldquo;Minalardan t\u0259mizl\u0259m\u0259 prosesi dayanmadan davam edir. Burada \u0259n b&ouml;y&uuml;k &ccedil;\u0259tinlik ondan ibar\u0259tdir ki, Erm\u0259nistan t\u0259r\u0259fi biz\u0259 mina x\u0259rit\u0259l\u0259rini vermir, bundan imtina edir. Halbuki biz d\u0259qiq bilirik ki, onlarda bel\u0259 x\u0259rit\u0259l\u0259r var. Sad\u0259c\u0259 olaraq, bu x\u0259rit\u0259l\u0259ri verm\u0259m\u0259k Erm\u0259nistan\u0131n n&ouml;vb\u0259ti h\u0259rbi cinay\u0259tidir. M&uuml;harib\u0259 ba\u015fa &ccedil;atandan sonra mina x\u0259rit\u0259l\u0259ri verilm\u0259diyi &uuml;&ccedil;&uuml;n 100-d\u0259n &ccedil;ox ancaq m&uuml;lki v\u0259t\u0259nda\u015f yaralan\u0131b v\u0259 h\u0259lak olub. Yeni avadanl\u0131q al\u0131n\u0131r, Minat\u0259mizl\u0259m\u0259 Agentliyinin \u015ftat vahidl\u0259rinin art\u0131r\u0131lmas\u0131 il\u0259 ba\u011fl\u0131 S\u0259r\u0259ncam verilib. Eyni zamanda, h\u0259m T&uuml;rkiy\u0259d\u0259n, h\u0259m Rusiyadan bu sah\u0259d\u0259 k&ouml;m\u0259k g&ouml;st\u0259r\u0259n h\u0259rb&ccedil;il\u0259r d\u0259 bu i\u015fl\u0259rl\u0259 m\u0259\u015f\u011fuldurlar. Az\u0259rbaycan M&uuml;dafi\u0259 Nazirliyind\u0259 bir ne&ccedil;\u0259 istehkam&ccedil;\u0131 tabor yarad\u0131l\u0131b ki, onlar da bu i\u015fl\u0259rd\u0259 f\u0259al i\u015ftirak edirl\u0259r v\u0259 bu g&uuml;n\u0259 q\u0259d\u0259r \u0259n b&ouml;y&uuml;k sah\u0259ni m\u0259hz M&uuml;dafi\u0259 Nazirliyi t\u0259mizl\u0259yib&rdquo;. B\u0259li, \u0259srin m&uuml;harib\u0259sind\u0259 m&ouml;ht\u0259\u015f\u0259\u0131m q\u0259l\u0259b\u0259 qazanan Az\u0259rbaycan xalq\u0131 bunun da &ouml;hd\u0259sind\u0259n g\u0259l\u0259c\u0259k. Bizim torpaqlar\u0131m\u0131z i\u015f\u011faldan azad olunub, bu b&ouml;y&uuml;k q\u0259l\u0259b\u0259dir. D&uuml;nya d&ouml;vl\u0259tl\u0259ri d\u0259 Az\u0259rbaycan Prezidentinin q\u0259tiyy\u0259tini, xalq\u0131m\u0131z\u0131n birliyini v\u0259 v\u0259t\u0259np\u0259rv\u0259rliyini g&ouml;rd&uuml;. \u018fdal\u0259t qalib g\u0259ldi. Prezidentimiz qeyd etdi ki,<b> &ldquo;<\/b>Azad edilmi\u015f \u0259razinin elektrik t\u0259chizat\u0131 bu ilin sonuna q\u0259d\u0259r ba\u015fa &ccedil;atacaq. H\u0259m x\u0259tl\u0259r &ccedil;\u0259kilir, h\u0259m yeni yar\u0131mstansiyalar tikilir. \u015eu\u015fa \u015f\u0259h\u0259ri indi elektrik enerjisi il\u0259 tam t\u0259min edilib v\u0259 haz\u0131rda Da\u015fk\u0259s\u0259nd\u0259n K\u0259lb\u0259c\u0259r\u0259 yeni &ouml;t&uuml;r&uuml;c&uuml; x\u0259tl\u0259r in\u015fa edilir. Bu, &ccedil;ox a\u011f\u0131r bir i\u015fdir. &Ccedil;&uuml;nki bu infrastruktur layih\u0259si Murov da\u011flar\u0131ndan ke&ccedil;m\u0259lidir. Orada da\u011flar\u0131n h&uuml;nd&uuml;rl&uuml;y&uuml; 3500 metr\u0259 &ccedil;at\u0131r&rdquo;.<\/span><\/p>\n<p style=\"text-align: justify; text-indent: 35.4pt;\"><span style=\"font-size: 12pt; font-family: 'Arial', sans-serif; color: #000000;\">\u018frazil\u0259rd\u0259 yol infrastrukturunun yarad\u0131lmas\u0131 il\u0259 ba\u011fl\u0131 b&uuml;t&uuml;n istiqam\u0259tl\u0259r &uuml;zr\u0259 i\u015fl\u0259r gedir. K\u0259ndl\u0259rin b\u0259rpas\u0131 m\u0259rh\u0259l\u0259l\u0259rl\u0259 realla\u015facaq. A\u011fdam, F&uuml;zuli, C\u0259bray\u0131l rayonlar\u0131n\u0131n ke&ccedil;mi\u015f t\u0259mas x\u0259ttin\u0259 yax\u0131n olan k\u0259ndl\u0259rinin b\u0259rpas\u0131 il\u0259 ba\u011fl\u0131 m&uuml;vafiq g&ouml;st\u0259ri\u015fl\u0259r verilib. F&uuml;zuli Beyn\u0259lxalq Hava Liman\u0131n\u0131n tikintisi s&uuml;r\u0259tl\u0259 gedir v\u0259 yax\u0131n g\u0259l\u0259c\u0259kd\u0259 Z\u0259ngilan rayonunda yeni hava liman\u0131n\u0131n tikintisin\u0259 start veril\u0259c\u0259kdir. &Uuml;&ccedil;&uuml;nc&uuml; hava liman\u0131 La&ccedil;\u0131n rayonu \u0259razisind\u0259 in\u015fa edil\u0259c\u0259k.<\/span><\/p>\n<p style=\"text-align: justify; text-indent: 35.4pt;\"><span style=\"font-size: 12pt; font-family: 'Arial', sans-serif; color: #000000;\">M&uuml;harib\u0259 ba\u015fa &ccedil;atandan d\u0259rhal sonra infrastruktur layih\u0259l\u0259rin\u0259 start verildi. M\u0259nfur d&uuml;\u015fm\u0259n torpaqlarda h\u0259r \u015feyi, b&uuml;t&uuml;n binalar\u0131 da\u011f\u0131d\u0131b. \u0130ndi bunu b&uuml;t&uuml;n xarici qonaqlar da g&ouml;r&uuml;rl\u0259r. &Ouml;z g&ouml;zl\u0259ri il\u0259 erm\u0259ni v\u0259h\u015filiyini g&ouml;r&uuml;rl\u0259r. D&uuml;nya tarixind\u0259 &ccedil;ox m&uuml;harib\u0259l\u0259r olub. Bu q\u0259d\u0259r q\u0259ddarl\u0131q v\u0259 d&uuml;\u015fm\u0259n&ccedil;ilik d&uuml;nya m&uuml;harib\u0259 tarixind\u0259 olmay\u0131b. H\u0259tta \u0130kinci D&uuml;nya m&uuml;harib\u0259sind\u0259 bel\u0259 v\u0259h\u015filiy\u0259 yol verilm\u0259yib. Erm\u0259ni fa\u015fizmi b&uuml;t&uuml;n &ouml;lk\u0259l\u0259rd\u0259 olmu\u015f fa\u015fizml\u0259rin \u0259n eyb\u0259c\u0259ridir, \u0259n q\u0259ddar fa\u015fizmdir. T\u0259k Az\u0259rbaycan xalq\u0131 qar\u015f\u0131s\u0131nda yox, d&uuml;nya qar\u015f\u0131s\u0131nda erm\u0259ni fa\u015fizmi m\u0259hv edilib. Onu m\u0259hv ed\u0259n Az\u0259rbaycan xalq\u0131 olmu\u015fdur.<\/span><\/p>\n<p style=\"text-align: justify; text-indent: 35.4pt;\"><span style=\"font-size: 12pt; font-family: 'Arial', sans-serif; color: #000000;\">Az\u0259rbaycan\u0131n t\u0259bii s\u0259rv\u0259tl\u0259rind\u0259n qanunsuz istifad\u0259 etmi\u015f Erm\u0259nistan v\u0259 onun xarici t\u0259r\u0259fda\u015flar\u0131 da beyn\u0259lxalq m\u0259hk\u0259m\u0259 il\u0259 &uuml;zl\u0259\u015f\u0259c\u0259kl\u0259r. C\u0259nab Prezident deyib ki, &ldquo;&Ccedil;&uuml;nki q\u0131z\u0131l yataqlar\u0131m\u0131z\u0131n, mis yataqlar\u0131m\u0131z\u0131n, dig\u0259r t\u0259bii s\u0259rv\u0259tl\u0259rimizin erm\u0259nil\u0259r t\u0259r\u0259find\u0259n talanmas\u0131, qanunsuz istismar\u0131 beyn\u0259lxalq cinay\u0259t hesab olunur v\u0259 bu istiqam\u0259td\u0259 d\u0259 h&uuml;quqi prosedurlara start verilib&rdquo;.<\/span><\/p>\n<p style=\"text-align: justify; text-indent: 35.4pt;\"><span style=\"font-size: 12pt; font-family: 'Arial', sans-serif; color: #000000;\">Prezidentimiz q\u0259tiyy\u0259tl\u0259 dedi ki, &ldquo;\u0130sg\u0259nd\u0259r-M&rdquo; raketl\u0259rinin \u015eu\u015fa \u015f\u0259h\u0259rind\u0259 tap\u0131lmas\u0131 v\u0259 bu m\u0259s\u0259l\u0259 il\u0259 ba\u011fl\u0131 bu g&uuml;n\u0259 q\u0259d\u0259r tam cavab\u0131n verilm\u0259m\u0259si, \u0259lb\u0259tt\u0259 ki, Az\u0259rbaycan xalq\u0131nda v\u0259 Az\u0259rbaycan r\u0259hb\u0259rliyind\u0259 haql\u0131 olaraq t\u0259\u0259ss&uuml;f v\u0259 t\u0259\u0259cc&uuml;b hissi oyad\u0131r. Bu m\u0259s\u0259l\u0259y\u0259 ayd\u0131nl\u0131q g\u0259tiril\u0259c\u0259k. Strateji t\u0259r\u0259fda\u015flar aras\u0131nda m&uuml;nasib\u0259tl\u0259r s\u0259mimi olmal\u0131d\u0131r. Az\u0259rbaycan b&uuml;t&uuml;n strateji t\u0259r\u0259fda\u015flarla h\u0259mi\u015f\u0259 s\u0259mimi olub, h\u0259mi\u015f\u0259 &ouml;z s&ouml;z&uuml;n&uuml;n &uuml;st&uuml;nd\u0259 durmu\u015fdur, &ouml;z s&ouml;z&uuml;n&uuml; yerin\u0259 yetirmi\u015fdir. D&ouml;vl\u0259timiz, xalq\u0131m\u0131z kimin-kim oldu\u011funu yax\u015f\u0131 bilir. Dostumuz da b\u0259llidir, d&uuml;\u015fm\u0259nimiz d\u0259. Az\u0259rbaycan xalq\u0131 is\u0259 &ouml;z prezidentinin \u0259traf\u0131nda s\u0131x birl\u0259\u015f\u0259r\u0259k q\u0259l\u0259b\u0259 sevincini ya\u015fay\u0131r v\u0259 yurdumuzun bundan sonra daha da inki\u015faf ed\u0259c\u0259yin\u0259 inan\u0131r.<\/span><\/p>\n<p><span style=\"color: #000000;\"><b><span style=\"font-size: 12pt; line-height: 107%; font-family: 'Arial', sans-serif;\"><\/span><\/b><\/span><\/p>\n<p><span style=\"color: #000000;\"><b><span style=\"font-size: 12pt; line-height: 107%; font-family: 'Arial', sans-serif;\">Mirz\u0259 Cavadov, <\/span><\/b><\/span><\/p>\n<p><span style=\"color: #000000;\"><b><span style=\"font-size: 12pt; line-height: 107%; font-family: 'Arial', sans-serif;\">MDU-nun Tarix m&uuml;\u0259llimi<\/span><\/b><\/span><\/p>","protected":false},"excerpt":{"rendered":"<p>Milli maraqlar\u0131m\u0131z\u0131n t\u0259min edilm\u0259si &uuml;&ccedil;&uuml;n b&uuml;t&uuml;n laz\u0131mi add\u0131mlar at\u0131lacaq M&uuml;st\u0259qillik \u0259ld\u0259 etdikd\u0259n sonra Az\u0259rbaycanda yaranm\u0131\u015f b&ouml;hran v\u0259 iqtisadi t\u0259n\u0259zz&uuml;l h\u0259yat t\u0259rzinin a\u015fa\u011f\u0131 d&uuml;\u015fm\u0259sin\u0259 \u015f\u0259rait yaratm\u0131\u015f, insanlar\u0131n sabaha olan inamlar\u0131 azalm\u0131\u015fd\u0131. Bel\u0259 bir d&ouml;vrd\u0259 xalq\u0131n t\u0259kidli &ccedil;a\u011f\u0131r\u0131\u015f\u0131 il\u0259 ikinci d\u0259f\u0259 hakimiyy\u0259t\u0259 qay\u0131dan Ulu &Ouml;nd\u0259r Heyd\u0259r \u018fliyev Az\u0259rbaycan\u0131n m&uuml;st\u0259qilliyinin qorunub saxlan\u0131lmas\u0131 v\u0259 iqtisadiyyat\u0131m\u0131z\u0131n inki\u015faf\u0131 &uuml;&ccedil;&uuml;n \u0259m\u0259li f\u0259aliyy\u0259ti [&hellip;]<\/p>\n","protected":false},"author":1,"featured_media":0,"comment_status":"open","ping_status":"open","sticky":false,"template":"","format":"standard","meta":{"_eb_attr":"","ocean_post_layout":"","ocean_both_sidebars_style":"","ocean_both_sidebars_content_width":0,"ocean_both_sidebars_sidebars_width":0,"ocean_sidebar":"","ocean_second_sidebar":"","ocean_disable_margins":"enable","ocean_add_body_class":"","ocean_shortcode_before_top_bar":"","ocean_shortcode_after_top_bar":"","ocean_shortcode_before_header":"","ocean_shortcode_after_header":"","ocean_has_shortcode":"","ocean_shortcode_after_title":"","ocean_shortcode_before_footer_widgets":"","ocean_shortcode_after_footer_widgets":"","ocean_shortcode_before_footer_bottom":"","ocean_shortcode_after_footer_bottom":"","ocean_display_top_bar":"default","ocean_display_header":"default","ocean_header_style":"","ocean_center_header_left_menu":"","ocean_custom_header_template":"","ocean_custom_logo":0,"ocean_custom_retina_logo":0,"ocean_custom_logo_max_width":0,"ocean_custom_logo_tablet_max_width":0,"ocean_custom_logo_mobile_max_width":0,"ocean_custom_logo_max_height":0,"ocean_custom_logo_tablet_max_height":0,"ocean_custom_logo_mobile_max_height":0,"ocean_header_custom_menu":"","ocean_menu_typo_font_family":"","ocean_menu_typo_font_subset":"","ocean_menu_typo_font_size":0,"ocean_menu_typo_font_size_tablet":0,"ocean_menu_typo_font_size_mobile":0,"ocean_menu_typo_font_size_unit":"px","ocean_menu_typo_font_weight":"","ocean_menu_typo_font_weight_tablet":"","ocean_menu_typo_font_weight_mobile":"","ocean_menu_typo_transform":"","ocean_menu_typo_transform_tablet":"","ocean_menu_typo_transform_mobile":"","ocean_menu_typo_line_height":0,"ocean_menu_typo_line_height_tablet":0,"ocean_menu_typo_line_height_mobile":0,"ocean_menu_typo_line_height_unit":"","ocean_menu_typo_spacing":0,"ocean_menu_typo_spacing_tablet":0,"ocean_menu_typo_spacing_mobile":0,"ocean_menu_typo_spacing_unit":"","ocean_menu_link_color":"","ocean_menu_link_color_hover":"","ocean_menu_link_color_active":"","ocean_menu_link_background":"","ocean_menu_link_hover_background":"","ocean_menu_link_active_background":"","ocean_menu_social_links_bg":"","ocean_menu_social_hover_links_bg":"","ocean_menu_social_links_color":"","ocean_menu_social_hover_links_color":"","ocean_disable_title":"default","ocean_disable_heading":"default","ocean_post_title":"","ocean_post_subheading":"","ocean_post_title_style":"","ocean_post_title_background_color":"","ocean_post_title_background":0,"ocean_post_title_bg_image_position":"","ocean_post_title_bg_image_attachment":"","ocean_post_title_bg_image_repeat":"","ocean_post_title_bg_image_size":"","ocean_post_title_height":0,"ocean_post_title_bg_overlay":0.5,"ocean_post_title_bg_overlay_color":"","ocean_disable_breadcrumbs":"default","ocean_breadcrumbs_color":"","ocean_breadcrumbs_separator_color":"","ocean_breadcrumbs_links_color":"","ocean_breadcrumbs_links_hover_color":"","ocean_display_footer_widgets":"default","ocean_display_footer_bottom":"default","ocean_custom_footer_template":"","ocean_post_oembed":"","ocean_post_self_hosted_media":"","ocean_post_video_embed":"","ocean_link_format":"","ocean_link_format_target":"self","ocean_quote_format":"","ocean_quote_format_link":"post","ocean_gallery_link_images":"on","ocean_gallery_id":[],"footnotes":""},"categories":[63],"tags":[],"class_list":["post-15844","post","type-post","status-publish","format-standard","hentry","category-khaebaerlaer-az","entry"],"_links":{"self":[{"href":"https:\/\/mdu.edu.az\/ru\/wp-json\/wp\/v2\/posts\/15844","targetHints":{"allow":["GET"]}}],"collection":[{"href":"https:\/\/mdu.edu.az\/ru\/wp-json\/wp\/v2\/posts"}],"about":[{"href":"https:\/\/mdu.edu.az\/ru\/wp-json\/wp\/v2\/types\/post"}],"author":[{"embeddable":true,"href":"https:\/\/mdu.edu.az\/ru\/wp-json\/wp\/v2\/users\/1"}],"replies":[{"embeddable":true,"href":"https:\/\/mdu.edu.az\/ru\/wp-json\/wp\/v2\/comments?post=15844"}],"version-history":[{"count":0,"href":"https:\/\/mdu.edu.az\/ru\/wp-json\/wp\/v2\/posts\/15844\/revisions"}],"wp:attachment":[{"href":"https:\/\/mdu.edu.az\/ru\/wp-json\/wp\/v2\/media?parent=15844"}],"wp:term":[{"taxonomy":"category","embeddable":true,"href":"https:\/\/mdu.edu.az\/ru\/wp-json\/wp\/v2\/categories?post=15844"},{"taxonomy":"post_tag","embeddable":true,"href":"https:\/\/mdu.edu.az\/ru\/wp-json\/wp\/v2\/tags?post=15844"}],"curies":[{"name":"wp","href":"https:\/\/api.w.org\/{rel}","templated":true}]}}