{"id":15856,"date":"2021-04-28T15:28:33","date_gmt":"2021-04-28T12:28:33","guid":{"rendered":"https:\/\/mdu.edu.az\/az-rbaydzanda-f-aliyy-t-zh-st-r-n-siyasi-partiyalar-birlik-n-mayi-etdirirl-r\/"},"modified":"2021-04-28T15:28:33","modified_gmt":"2021-04-28T12:28:33","slug":"az-rbaydzanda-f-aliyy-t-zh-st-r-n-siyasi-partiyalar-birlik-n-mayi-etdirirl-r","status":"publish","type":"post","link":"https:\/\/mdu.edu.az\/ru\/az-rbaydzanda-f-aliyy-t-zh-st-r-n-siyasi-partiyalar-birlik-n-mayi-etdirirl-r\/","title":{"rendered":"Az\u0259rbaycanda f\u0259aliyy\u0259t g\u00f6st\u0259r\u0259n  siyasi partiyalar birlik n\u00fcmayi\u015f etdirirl\u0259r"},"content":{"rendered":"<p style=\"margin-bottom: 0.0001pt; text-align: center; line-height: normal;\"><b><span style=\"font-size: 14pt; font-family: Arial; color: navy;\">Az\u0259rbaycanda f\u0259aliyy\u0259t g&ouml;st\u0259r\u0259n siyasi partiyalar birlik n&uuml;mayi\u015f etdirirl\u0259r<\/span><\/b><\/p>\n<p>&nbsp;<\/p>\n<p style=\"margin-bottom: 0.0001pt; text-align: justify; text-indent: 27pt; line-height: normal;\"><span style=\"font-size: 12pt; font-family: Arial;\"><\/span><\/p>\n<p style=\"margin-bottom: 0.0001pt; text-align: justify; text-indent: 27pt; line-height: normal;\"><span style=\"font-size: 12pt; font-family: Arial; color: #000000;\"> Az\u0259rbaycan uzun ill\u0259r erm\u0259ni terrorunun z\u0259rb\u0259sind\u0259n ziyan &ccedil;\u0259kib. Bel\u0259 ki, iyirminci \u0259srin doxsan\u0131nc\u0131 ill\u0259rind\u0259 erm\u0259ni separat&ccedil;\u0131lar\u0131 yurdumuzun \u0259razi b&uuml;t&ouml;vl&uuml;y&uuml;n\u0259 t\u0259cav&uuml;z etm\u0259kl\u0259 torpaqlar\u0131m\u0131z\u0131n 20 faizin i\u015f\u011fal etmi\u015f, minl\u0259rl\u0259 insan yurd yuvalar\u0131ndan m\u0259cburi k&ouml;&ccedil;k&uuml;n d&uuml;\u015fm&uuml;\u015fd&uuml;. Uzun ill\u0259r Az\u0259rbaycan prezidenti torpaqlar\u0131m\u0131z\u0131n azad edilm\u0259si &uuml;&ccedil;&uuml;n dan\u0131\u015f\u0131qlar aparsa da, h\u0259ms\u0259dr d&ouml;vl\u0259tl\u0259rin erm\u0259nip\u0259r\u0259st m&ouml;vqeyi \u0259dal\u0259tin b\u0259rpa olunmas\u0131na yol vermirdi. BMT-nin ka\u011f\u0131z &uuml;z\u0259rind\u0259 qalan 4 q\u0259tnam\u0259sin\u0259 bel\u0259 erm\u0259ni da\u015fnaklar\u0131 \u0259h\u0259miyy\u0259t vermir, h\u0259tta s\u0259rh\u0259d b&ouml;lg\u0259l\u0259rimizd\u0259 yeni i\u015f\u011fal&ccedil;\u0131l\u0131q planlar\u0131 h\u0259yata ke&ccedil;irm\u0259kd\u0259, g&uuml;nahs\u0131z insanlar\u0131 q\u0259tl\u0259 yetirm\u0259kd\u0259 idil\u0259r. Az\u0259rbaycan t\u0259r\u0259fi olaraq biz, Az\u0259rbaycan xalq\u0131, d&ouml;vl\u0259timizin ba\u015f&ccedil;\u0131s\u0131 \u0130lham \u018fliyev, ordumuz m&uuml;harib\u0259 etm\u0259k ist\u0259mir, s&uuml;lh yolu il\u0259 \u0259dal\u0259tin b\u0259rpas\u0131n\u0131 arzu edirdik. Lakin zaman &ouml;z s&ouml;z&uuml;n&uuml; dedi. Daha do\u011frusu, torpaqlar\u0131m\u0131z\u0131n azad edilm\u0259si &uuml;&ccedil;&uuml;n el\u0259 bir \u015f\u0259rait yarand\u0131 ki, d&uuml;\u015fm\u0259nin n&ouml;vb\u0259ti d\u0259f\u0259, h\u0259m d\u0259 m&uuml;xt\u0259lif istiqam\u0259tl\u0259rd\u0259n sialhl\u0131 h&uuml;cumlar\u0131na Az\u0259rbaycan Ordusu adekvat cavab verdi v\u0259 ilk g&uuml;nd\u0259c\u0259 d&uuml;\u015fm\u0259ni susdurdu. 44 g&uuml;nl&uuml;k v\u0259t\u0259n m&uuml;harib\u0259sind\u0259 b&ouml;y&uuml;k \u015f&uuml;ca\u0259tl\u0259r g&ouml;st\u0259r\u0259n Az\u0259rbaycan ordusunun \u0259sg\u0259r v\u0259 zabitl\u0259ri, bir d\u0259 xalq\u0131m\u0131z\u0131n birliyi Az\u0259rbaycan\u0131n b&ouml;y&uuml;k q\u0259l\u0259b\u0259sini realla\u015fd\u0131rd\u0131. 200 ild\u0259n sonra Az\u0259rbaycan torpa\u011f\u0131, q\u0259hr\u0259man xalq\u0131m\u0131z z\u0259f\u0259rin f\u0259r\u0259hini ya\u015fad\u0131. Biz g\u0259ncl\u0259r d\u0259 torpaqlar\u0131m\u0131z\u0131n azad olunmas\u0131 &uuml;&ccedil;&uuml;n xalq\u0131m\u0131z\u0131n birliyini sevincl\u0259 qar\u015f\u0131lad\u0131q. Qeyd etm\u0259k yerin\u0259 d&uuml;\u015f\u0259r ki, m&uuml;harib\u0259nin ilk g&uuml;nl\u0259rind\u0259 Az\u0259rbaycanda siyasi partiyalar\u0131n birl\u0259\u015f\u0259r\u0259k b\u0259yanat imzalamalar\u0131 da q\u0259l\u0259b\u0259miz\u0259 b&ouml;y&uuml;k t&ouml;hf\u0259 oldu. <\/span><\/p>\n<p style=\"margin-bottom: 0.0001pt; text-align: justify; text-indent: 27pt; line-height: normal;\"><span style=\"font-size: 12pt; font-family: Arial; color: #000000;\">Bir ne&ccedil;\u0259 g&uuml;n \u0259vv\u0259l AB\u015e prezidentinin yanl\u0131\u015f b\u0259yanat verm\u0259kl\u0259 fikirl\u0259ri &ccedil;a\u015fd\u0131rmas\u0131, T&uuml;rkiy\u0259y\u0259 b&ouml;htan atmas\u0131 Az\u0259rbaycan xalq\u0131n\u0131 hidd\u0259tl\u0259ndirib. B&ouml;y&uuml;k T&uuml;rk birliyinin g&uuml;cl\u0259nm\u0259sind\u0259n, iqtisadi inki\u015faf\u0131ndan, n&uuml;fuzunun &ccedil;oxalmas\u0131ndan qorxuya d&uuml;\u015f\u0259n d&ouml;vl\u0259tl\u0259rin ba\u015f&ccedil;\u0131lar\u0131 &ouml;z m\u0259lumatlar\u0131n\u0131n n\u0259 q\u0259d\u0259r z\u0259if oldu\u011funu bu c&uuml;r b\u0259yanatlar verm\u0259kl\u0259 g&ouml;st\u0259rirl\u0259r. T\u0259bii ki, Baydenin bu c&uuml;r m&uuml;nasib\u0259tin\u0259 cavablar verilir. \u018fdal\u0259tin t\u0259hrifin\u0259 yol verm\u0259k m&uuml;mk&uuml;n deyil. Az\u0259rbaycanda 48 siyasi partiyan\u0131n birl\u0259\u015f\u0259r\u0259k bu saxta b\u0259yanata etiraz haqda b\u0259yanat yaymas\u0131 iki d&ouml;vl\u0259tin birliyinin t\u0259c\u0259ss&uuml;m&uuml;d&uuml;r.&nbsp;&nbsp; <\/span><\/p>\n<p style=\"margin-bottom: 0.0001pt; text-align: justify; text-indent: 27pt; line-height: normal;\"><span style=\"font-size: 12pt; font-family: Arial; color: #000000;\"> Qeyd etm\u0259k yerin\u0259 d&uuml;\u015f\u0259r ki, tarixi saxtakarl\u0131qlar &uuml;z\u0259rind\u0259 qurulmu\u015f erm\u0259ni d&ouml;vl\u0259t&ccedil;iliyi b&uuml;t&uuml;n d&ouml;vrl\u0259rd\u0259 m&uuml;xt\u0259lif t\u0259xribatlara \u0259l at\u0131b. Onillikl\u0259r \u0259rzind\u0259 erm\u0259ni t\u0259bli\u011fat ma\u015f\u0131n\u0131 v\u0259 onun havadarlar\u0131 Osmanl\u0131 imperiyas\u0131nda erm\u0259nil\u0259r\u0259 qar\u015f\u0131 soyq\u0131r\u0131m\u0131 t&ouml;r\u0259dildiyini s&uuml;but etm\u0259y\u0259 v\u0259 b&uuml;t&uuml;n d&uuml;nyan\u0131 buna inand\u0131rma\u011fa c\u0259hd g&ouml;st\u0259rib. T\u0259kc\u0259 1918-ci ilin mart soyq\u0131r\u0131m\u0131 zaman\u0131 12 mind\u0259n &ccedil;ox t&uuml;rk-m&uuml;s\u0259lman &ouml;ld&uuml;r&uuml;l&uuml;b.&nbsp;Onlar\u0131n &ccedil;oxunun meyitl\u0259ri tap\u0131lmay\u0131b.&nbsp;XX \u0259srin dig\u0259r faci\u0259si Xocal\u0131 soyq\u0131r\u0131m\u0131d\u0131r. 1992-ci il fevral\u0131n 26-da Erm\u0259nistan h\u0259rbi birl\u0259\u015fm\u0259l\u0259ri t\u0259r\u0259find\u0259n 7 min \u0259halisi olan Xocal\u0131 \u015f\u0259h\u0259rind\u0259 amans\u0131z cinay\u0259t t&ouml;r\u0259dildi. Ba\u015f vermi\u015f bu faci\u0259l\u0259r t\u0259kc\u0259 Az\u0259rbaycan xalq\u0131na deyil, b&uuml;t&uuml;n insanl\u0131\u011fa, b\u0259\u015f\u0259riyy\u0259t\u0259 qar\u015f\u0131 y&ouml;n\u0259lmi\u015f \u0259n a\u011f\u0131r cinay\u0259tl\u0259rd\u0259ndir. Aqressiv erm\u0259ni siyas\u0259tinin bariz t\u0259c\u0259ss&uuml;m&uuml; olan bu cinay\u0259tl\u0259rin uzun ill\u0259rd\u0259n b\u0259ri &ouml;z siyasi-h&uuml;quqi qiym\u0259tini almamas\u0131 ikili siyas\u0259tin t\u0259c\u0259ss&uuml;m&uuml;d&uuml;r.<\/span><\/p>\n<p style=\"margin-bottom: 0.0001pt; text-align: justify; text-indent: 27pt; line-height: normal;\"><span style=\"font-size: 12pt; font-family: Arial; color: #000000;\">Son d&ouml;vrl\u0259r qondarma &ldquo;erm\u0259ni soyq\u0131r\u0131m\u0131&rdquo; iddialar\u0131n\u0131n d&uuml;nya g&uuml;nd\u0259mind\u0259 yer almas\u0131n\u0131n s\u0259b\u0259bkar\u0131 t\u0259kc\u0259 Erm\u0259nistan v\u0259 erm\u0259ni lobbisi deyil, h\u0259m&ccedil;inin regionla ba\u011fl\u0131 imperialist maraqlar g&uuml;d\u0259n qlobal g&uuml;cl\u0259rdir. Qondarma &ldquo;erm\u0259ni soyq\u0131r\u0131m\u0131&rdquo; anlay\u0131\u015f\u0131 yaln\u0131z siyasi t\u0259zyiq al\u0259tidir v\u0259 ikili standartlar siyas\u0259tinin t\u0259zah&uuml;r&uuml;d&uuml;r. Az\u0259rbaycanda f\u0259aliyy\u0259t g&ouml;st\u0259r\u0259n siyasi partiyalar h\u0259r zaman qarda\u015f T&uuml;rkiy\u0259nin yan\u0131nda olduqlar\u0131n\u0131 bildirir v\u0259 x\u0259st\u0259 erm\u0259ni&ccedil;ilik ideallar\u0131 b\u0259sl\u0259y\u0259n AB\u015e Prezidentinin qondarma &ldquo;erm\u0259ni soyq\u0131r\u0131m\u0131&rdquo; m\u0259s\u0259l\u0259sin\u0259 dair m&ouml;vqeyini q\u0259tiyy\u0259tl\u0259 pisl\u0259yirl\u0259r. &Ouml;lk\u0259l\u0259r v\u0259 xalqlar aras\u0131nda d&ouml;z&uuml;ms&uuml;zl&uuml;k t\u0259lqin ed\u0259n bu c&uuml;r yana\u015fmalar ayr\u0131-ayr\u0131 regionlar\u0131n v\u0259 &uuml;mumilikd\u0259 b\u0259\u015f\u0259riyy\u0259tin dayan\u0131ql\u0131 s&uuml;lhp\u0259rv\u0259r inki\u015faf\u0131na t\u0259hdid t&ouml;r\u0259dir.<\/span><\/p>\n<p style=\"margin-bottom: 0.0001pt; text-align: justify; text-indent: 27pt; line-height: normal;\"><span style=\"font-size: 12pt; font-family: Arial; color: #000000;\">Az\u0259rbaycan\u0131n g\u0259l\u0259c\u0259yi olan biz g\u0259ncl\u0259r d\u0259 tyarixin saxtala\u015fd\u0131r\u0131lmas\u0131n\u0131 q\u0259bul etmirik. G\u0259ncl\u0259r sosial \u015f\u0259b\u0259k\u0131l\u0259r v\u0259 dig\u0259r informasiya vasit\u0259l\u0259ri il\u0259 bel\u0259 b\u0259yanatlar\u0131n yay\u0131lmamas\u0131 &uuml;&ccedil;&uuml;n birlik n&uuml;mayi\u015f etdirirl\u0259r. YAP Ming\u0259&ccedil;evir \u015f\u0259h\u0259r t\u0259\u015fkilat\u0131n\u0131n &ccedil;oxminli g\u0259ncl\u0259r ordusu da siyasi partiyalar\u0131n birl\u0259\u015f\u0259r\u0259k v\u0259hd\u0259t n&uuml;mayi\u015f etdirm\u0259sini alq\u0131\u015flay\u0131r. &Ccedil;&uuml;nki g&uuml;c birlikd\u0259dir. \u0130ki d&ouml;vl\u0259tin g&uuml;cl\u0259nm\u0259si, h\u0259m&ccedil;inin g\u0259ncl\u0259rin y&uuml;ks\u0259k s\u0259viyy\u0259d\u0259 t\u0259hsil almas\u0131, elmi bilikl\u0259rini m\u0259nims\u0259m\u0259si g\u0259l\u0259c\u0259kd\u0259 d&ouml;vl\u0259tl\u0259rimizin daha da t\u0259r\u0259qqisi &uuml;&ccedil;&uuml;n &ouml;n\u0259mlidir. Az\u0259rbaycan Respublakas\u0131n\u0131n Prezidenti \u0130lham \u018fliyev h\u0259r zaman g\u0259ncl\u0259r\u0259 diqq\u0259t g&ouml;st\u0259rir. Y&uuml;ks\u0259k t\u0259hsili v\u0259 yurdumuzun l\u0259yaq\u0259tli v\u0259t\u0259nda\u015f\u0131 kimi yeti\u015fm\u0259si &uuml;&ccedil;&uuml;n laz\u0131m olan t\u0259dbirl\u0259tin g&ouml;r&uuml;lm\u0259si &uuml;&ccedil;&uuml;n tap\u015f\u0131r\u0131qlar verir. Biz d\u0259 inan\u0131r\u0131q ki, he&ccedil; bir saxtakarl\u0131q iki d&ouml;vl\u0259tin g&uuml;c&uuml;n&uuml; v\u0259 birliyini sars\u0131da bilm\u0259z. <\/span><\/p>\n<p>&nbsp;<\/p>\n<p style=\"margin-bottom: 0.0001pt; text-align: justify; text-indent: 27pt; line-height: normal;\"><span style=\"font-size: 12pt; font-family: Arial; color: #000000;\"><\/span><\/p>\n<p style=\"margin-bottom: 0.0001pt; text-align: justify; text-indent: 27pt; line-height: normal;\"><span style=\"color: #000000;\"><strong><span style=\"font-size: 12pt; font-family: Arial;\">B\u0259xtiyar Mustafayev,<\/span><\/strong><\/span><\/p>\n<p style=\"margin-bottom: 0.0001pt; text-align: justify; text-indent: 27pt; line-height: normal;\"><span style=\"color: #000000;\"><strong><span style=\"font-size: 12pt; font-family: Arial;\">YAP Ming\u0259&ccedil;evir \u015f\u0259h\u0259r t\u0259\u015fkilat\u0131 G\u0259ncl\u0259r Birliyinin s\u0259dri<\/span><\/strong><\/span><\/p>\n<p style=\"margin-bottom: 0.0001pt; text-align: justify; text-indent: 27pt; line-height: normal;\"><span style=\"color: #000000;\"><strong><span style=\"font-size: 12pt; font-family: Arial;\"><\/span><\/strong><\/span><\/p>\n<p style=\"margin-bottom: 0.0001pt; text-align: justify; text-indent: 27pt; line-height: normal;\"><span style=\"font-size: 12pt; font-family: Arial; color: #000000;\"><\/span><\/p>","protected":false},"excerpt":{"rendered":"<p>Az\u0259rbaycanda f\u0259aliyy\u0259t g&ouml;st\u0259r\u0259n siyasi partiyalar birlik n&uuml;mayi\u015f etdirirl\u0259r &nbsp; Az\u0259rbaycan uzun ill\u0259r erm\u0259ni terrorunun z\u0259rb\u0259sind\u0259n ziyan &ccedil;\u0259kib. Bel\u0259 ki, iyirminci \u0259srin doxsan\u0131nc\u0131 ill\u0259rind\u0259 erm\u0259ni separat&ccedil;\u0131lar\u0131 yurdumuzun \u0259razi b&uuml;t&ouml;vl&uuml;y&uuml;n\u0259 t\u0259cav&uuml;z etm\u0259kl\u0259 torpaqlar\u0131m\u0131z\u0131n 20 faizin i\u015f\u011fal etmi\u015f, minl\u0259rl\u0259 insan yurd yuvalar\u0131ndan m\u0259cburi k&ouml;&ccedil;k&uuml;n d&uuml;\u015fm&uuml;\u015fd&uuml;. Uzun ill\u0259r Az\u0259rbaycan prezidenti torpaqlar\u0131m\u0131z\u0131n azad edilm\u0259si &uuml;&ccedil;&uuml;n dan\u0131\u015f\u0131qlar aparsa da, h\u0259ms\u0259dr d&ouml;vl\u0259tl\u0259rin [&hellip;]<\/p>\n","protected":false},"author":1,"featured_media":0,"comment_status":"open","ping_status":"open","sticky":false,"template":"","format":"standard","meta":{"_eb_attr":"","ocean_post_layout":"","ocean_both_sidebars_style":"","ocean_both_sidebars_content_width":0,"ocean_both_sidebars_sidebars_width":0,"ocean_sidebar":"","ocean_second_sidebar":"","ocean_disable_margins":"enable","ocean_add_body_class":"","ocean_shortcode_before_top_bar":"","ocean_shortcode_after_top_bar":"","ocean_shortcode_before_header":"","ocean_shortcode_after_header":"","ocean_has_shortcode":"","ocean_shortcode_after_title":"","ocean_shortcode_before_footer_widgets":"","ocean_shortcode_after_footer_widgets":"","ocean_shortcode_before_footer_bottom":"","ocean_shortcode_after_footer_bottom":"","ocean_display_top_bar":"default","ocean_display_header":"default","ocean_header_style":"","ocean_center_header_left_menu":"","ocean_custom_header_template":"","ocean_custom_logo":0,"ocean_custom_retina_logo":0,"ocean_custom_logo_max_width":0,"ocean_custom_logo_tablet_max_width":0,"ocean_custom_logo_mobile_max_width":0,"ocean_custom_logo_max_height":0,"ocean_custom_logo_tablet_max_height":0,"ocean_custom_logo_mobile_max_height":0,"ocean_header_custom_menu":"","ocean_menu_typo_font_family":"","ocean_menu_typo_font_subset":"","ocean_menu_typo_font_size":0,"ocean_menu_typo_font_size_tablet":0,"ocean_menu_typo_font_size_mobile":0,"ocean_menu_typo_font_size_unit":"px","ocean_menu_typo_font_weight":"","ocean_menu_typo_font_weight_tablet":"","ocean_menu_typo_font_weight_mobile":"","ocean_menu_typo_transform":"","ocean_menu_typo_transform_tablet":"","ocean_menu_typo_transform_mobile":"","ocean_menu_typo_line_height":0,"ocean_menu_typo_line_height_tablet":0,"ocean_menu_typo_line_height_mobile":0,"ocean_menu_typo_line_height_unit":"","ocean_menu_typo_spacing":0,"ocean_menu_typo_spacing_tablet":0,"ocean_menu_typo_spacing_mobile":0,"ocean_menu_typo_spacing_unit":"","ocean_menu_link_color":"","ocean_menu_link_color_hover":"","ocean_menu_link_color_active":"","ocean_menu_link_background":"","ocean_menu_link_hover_background":"","ocean_menu_link_active_background":"","ocean_menu_social_links_bg":"","ocean_menu_social_hover_links_bg":"","ocean_menu_social_links_color":"","ocean_menu_social_hover_links_color":"","ocean_disable_title":"default","ocean_disable_heading":"default","ocean_post_title":"","ocean_post_subheading":"","ocean_post_title_style":"","ocean_post_title_background_color":"","ocean_post_title_background":0,"ocean_post_title_bg_image_position":"","ocean_post_title_bg_image_attachment":"","ocean_post_title_bg_image_repeat":"","ocean_post_title_bg_image_size":"","ocean_post_title_height":0,"ocean_post_title_bg_overlay":0.5,"ocean_post_title_bg_overlay_color":"","ocean_disable_breadcrumbs":"default","ocean_breadcrumbs_color":"","ocean_breadcrumbs_separator_color":"","ocean_breadcrumbs_links_color":"","ocean_breadcrumbs_links_hover_color":"","ocean_display_footer_widgets":"default","ocean_display_footer_bottom":"default","ocean_custom_footer_template":"","ocean_post_oembed":"","ocean_post_self_hosted_media":"","ocean_post_video_embed":"","ocean_link_format":"","ocean_link_format_target":"self","ocean_quote_format":"","ocean_quote_format_link":"post","ocean_gallery_link_images":"on","ocean_gallery_id":[],"footnotes":""},"categories":[63],"tags":[],"class_list":["post-15856","post","type-post","status-publish","format-standard","hentry","category-khaebaerlaer-az","entry"],"_links":{"self":[{"href":"https:\/\/mdu.edu.az\/ru\/wp-json\/wp\/v2\/posts\/15856","targetHints":{"allow":["GET"]}}],"collection":[{"href":"https:\/\/mdu.edu.az\/ru\/wp-json\/wp\/v2\/posts"}],"about":[{"href":"https:\/\/mdu.edu.az\/ru\/wp-json\/wp\/v2\/types\/post"}],"author":[{"embeddable":true,"href":"https:\/\/mdu.edu.az\/ru\/wp-json\/wp\/v2\/users\/1"}],"replies":[{"embeddable":true,"href":"https:\/\/mdu.edu.az\/ru\/wp-json\/wp\/v2\/comments?post=15856"}],"version-history":[{"count":0,"href":"https:\/\/mdu.edu.az\/ru\/wp-json\/wp\/v2\/posts\/15856\/revisions"}],"wp:attachment":[{"href":"https:\/\/mdu.edu.az\/ru\/wp-json\/wp\/v2\/media?parent=15856"}],"wp:term":[{"taxonomy":"category","embeddable":true,"href":"https:\/\/mdu.edu.az\/ru\/wp-json\/wp\/v2\/categories?post=15856"},{"taxonomy":"post_tag","embeddable":true,"href":"https:\/\/mdu.edu.az\/ru\/wp-json\/wp\/v2\/tags?post=15856"}],"curies":[{"name":"wp","href":"https:\/\/api.w.org\/{rel}","templated":true}]}}