{"id":15859,"date":"2021-04-29T14:34:33","date_gmt":"2021-04-29T11:34:33","guid":{"rendered":"https:\/\/mdu.edu.az\/minzh-evir-d-vl-t-universiteti-v-ankara-hadz-bayram-veli-universiteti-aras-nda-m-kda-l-a-start-verilib\/"},"modified":"2021-04-29T14:34:33","modified_gmt":"2021-04-29T11:34:33","slug":"minzh-evir-d-vl-t-universiteti-v-ankara-hadz-bayram-veli-universiteti-aras-nda-m-kda-l-a-start-verilib","status":"publish","type":"post","link":"https:\/\/mdu.edu.az\/ru\/minzh-evir-d-vl-t-universiteti-v-ankara-hadz-bayram-veli-universiteti-aras-nda-m-kda-l-a-start-verilib\/","title":{"rendered":"Ming\u0259\u00e7evir D\u00f6vl\u0259t Universiteti v\u0259 Ankara Hac\u0131 Bayram Veli Universiteti aras\u0131nda \u0259m\u0259kda\u015fl\u0131\u011fa start verilib"},"content":{"rendered":"<p style=\"margin-top: 0cm; margin-right: 0cm; margin-bottom: 0.0001pt; text-align: center; line-height: 150%; background: white none repeat scroll 0% 0%;\"><b><span style=\"font-size: 14pt; line-height: 150%; font-family: Arial; color: navy;\">Ming\u0259&ccedil;evir D&ouml;vl\u0259t Universiteti v\u0259 Ankara Hac\u0131 Bayram Veli Universiteti aras\u0131nda \u0259m\u0259kda\u015fl\u0131\u011fa start verilib<\/span><\/b><\/p>\n<p>&nbsp;<\/p>\n<p style=\"margin-top: 0cm; margin-right: 0cm; margin-bottom: 0.0001pt; text-align: justify; text-indent: 27pt; line-height: 150%; background: white none repeat scroll 0% 0%;\"><span style=\"font-family: Arial; color: #000000;\">2021-ci ilin 29 aprel tarixind\u0259 <span style=\"background: white none repeat scroll 0% 0%;\">Ming\u0259&ccedil;evir D&ouml;vl\u0259t Universiteti (MDU) v\u0259&nbsp;<\/span>Ankara Hac\u0131 Bayram Veli Universiteti <span style=\"background: white none repeat scroll 0% 0%;\">(AHBV&Uuml;) aras\u0131nda \u0259m\u0259kda\u015fl\u0131q &ccedil;\u0259r&ccedil;iv\u0259sind\u0259 silsil\u0259vi m&uuml;hazir\u0259l\u0259rin ke&ccedil;irilm\u0259sini n\u0259z\u0259rd\u0259 tutan birg\u0259 layih\u0259nin a&ccedil;\u0131l\u0131\u015f m\u0259rasimi ke&ccedil;irilib.<\/span><\/span><\/p>\n<p style=\"margin-top: 0cm; margin-right: 0cm; margin-bottom: 0.0001pt; text-align: justify; text-indent: 27pt; line-height: 150%; background: white none repeat scroll 0% 0%;\"><span style=\"font-family: Arial; color: #000000; background: white none repeat scroll 0% 0%;\">&ldquo;ZOOM&rdquo; platformas\u0131 &uuml;z\u0259rind\u0259n onlayn formatda t\u0259\u015fkil edil\u0259n t\u0259dbird\u0259 giri\u015f s&ouml;z&uuml; il\u0259 &ccedil;\u0131x\u0131\u015f ed\u0259n MDU-nun rektorunun m&uuml;\u015faviri Hamiz Mahmudov, ilk n&ouml;vb\u0259d\u0259, i\u015ftirak&ccedil;\u0131lara rektor \u015eahin Bayramovun salamlar\u0131n\u0131 &ccedil;atd\u0131r\u0131b.<\/span><\/p>\n<p style=\"margin-top: 0cm; margin-right: 0cm; margin-bottom: 0.0001pt; text-align: justify; text-indent: 27pt; line-height: 150%; background: white none repeat scroll 0% 0%;\"><span style=\"font-family: Arial; color: #000000; background: white none repeat scroll 0% 0%;\">15 mart 2021-ci il tarixind\u0259 MDU v\u0259 AHBV&Uuml; rektorlar\u0131 aras\u0131nda ke&ccedil;iril\u0259n g&ouml;r&uuml;\u015fd\u0259 universitetl\u0259r aras\u0131nda \u0259m\u0259kda\u015fl\u0131\u011f\u0131n \u0259sas\u0131n\u0131n qoyuldu\u011funu xat\u0131rladan H.Mahmudov birg\u0259 t\u0259dbirin ke&ccedil;irilm\u0259sind\u0259 \u0259m\u0259yi olan h\u0259r iki universitetin \u0259m\u0259kda\u015flar\u0131na t\u0259\u015f\u0259kk&uuml;r&uuml;n&uuml; bildirib.<\/span><\/p>\n<p style=\"margin-top: 0cm; margin-right: 0cm; margin-bottom: 0.0001pt; text-align: justify; text-indent: 27pt; line-height: 150%; background: white none repeat scroll 0% 0%;\"><span style=\"font-family: Arial; color: #000000; background: white none repeat scroll 0% 0%;\">Qar\u015f\u0131l\u0131ql\u0131 m&uuml;hazir\u0259l\u0259rin ke&ccedil;irilm\u0259sinin AHBV&Uuml;-nin Turizm fak&uuml;lt\u0259si il\u0259 MDU-nun \u0130qtisadiyyat v\u0259 idar\u0259etm\u0259 fak&uuml;lt\u0259si aras\u0131nda yarad\u0131lm\u0131\u015f i\u015fbirliyi &ccedil;\u0259r&ccedil;iv\u0259sind\u0259 ilk t\u0259dbir oldu\u011funu vur\u011fulayan rektorun m&uuml;\u015faviri g\u0259l\u0259c\u0259k d&ouml;vrd\u0259 \u0259m\u0259kda\u015fl\u0131\u011f\u0131n davam etdirilm\u0259si m\u0259qs\u0259dil\u0259 n\u0259z\u0259rd\u0259 tutulmu\u015f f\u0259aliyy\u0259t plan\u0131n\u0131 diqq\u0259t\u0259 &ccedil;atd\u0131r\u0131b.<\/span><\/p>\n<p style=\"margin-top: 0cm; margin-right: 0cm; margin-bottom: 0.0001pt; text-align: justify; text-indent: 27pt; line-height: 150%; background: white none repeat scroll 0% 0%;\"><span style=\"font-family: Arial; color: #000000; background: white none repeat scroll 0% 0%;\">AHBV&Uuml;-nin T&uuml;rkiy\u0259d\u0259 n&uuml;fuzlu, z\u0259ngin \u0259n\u0259n\u0259l\u0259r\u0259 v\u0259 g&uuml;cl&uuml; kadr potensial\u0131na malik olan ali t\u0259hsil m&uuml;\u0259ssis\u0259l\u0259rind\u0259n biri oldu\u011funu qeyd ed\u0259n H.Mahmudov bel\u0259 bir universitetl\u0259 \u0259m\u0259kda\u015fl\u0131\u011f\u0131n MDU-nun potensial\u0131n\u0131n inki\u015faf\u0131na m&uuml;h&uuml;m t&ouml;hf\u0259 ver\u0259c\u0259yin\u0259 \u0259minliyini ifad\u0259 edib.<\/span><\/p>\n<p style=\"margin-top: 0cm; margin-right: 0cm; margin-bottom: 0.0001pt; text-align: justify; text-indent: 27pt; line-height: 150%; background: white none repeat scroll 0% 0%;\"><span style=\"font-family: Arial; color: #000000; background: white none repeat scroll 0% 0%;\">Sonra birg\u0259 layih\u0259 &ccedil;\u0259r&ccedil;iv\u0259sind\u0259 ilk m&uuml;hazir\u0259y\u0259 start verilib. M&uuml;hazir\u0259d\u0259 MDU-nun \u0130qtisadiyyat v\u0259 idar\u0259etm\u0259 fak&uuml;lt\u0259sini t\u0259msil ed\u0259n t\u0259l\u0259b\u0259 v\u0259 magistrantlar, el\u0259c\u0259 d\u0259 akademik v\u0259 inzibati hey\u0259t &uuml;zvl\u0259ri i\u015ftirak edib.<\/span><\/p>\n<p style=\"margin-top: 0cm; margin-right: 0cm; margin-bottom: 0.0001pt; text-align: justify; text-indent: 27pt; line-height: 150%; background: white none repeat scroll 0% 0%;\"><span style=\"font-family: Arial; color: #000000; background: white none repeat scroll 0% 0%;\">Birinci m&uuml;hazir\u0259&ccedil;i, AHBV&Uuml; Turizm fak&uuml;lt\u0259sinin dosenti Yal&ccedil;\u0131n Arslant&uuml;rk &ldquo;Turizmd\u0259 yeni tendensiyalar&rdquo; m&ouml;vzusunda m\u0259ruz\u0259 il\u0259 &ccedil;\u0131x\u0131\u015f edib. M\u0259ruz\u0259d\u0259 &ldquo;S\u0259naye 4.0&rdquo; d&ouml;vr&uuml;nd\u0259 texnoloji d\u0259yi\u015fiklikl\u0259rin v\u0259 &ldquo;COV\u0130D 19&rdquo; pandemiyas\u0131n\u0131n turizm sektoruna t\u0259sirl\u0259rind\u0259n, &ccedil;evik t\u0259til (flexcation), i\u015fg&uuml;zar istirah\u0259t (bleisure), qal\u0131c\u0131 t\u0259til (staycation), insan y&ouml;n&uuml;ml&uuml; s\u0259yah\u0259tl\u0259r, r\u0259q\u0259msalla\u015fma v\u0259 avtomatla\u015fma, f\u0259rdi n\u0259qliyyat v\u0259 t\u0259til se&ccedil;iml\u0259ri, t\u0259bi\u0259t turizmi, idar\u0259 olunan virtual turlar, turizmd\u0259 davaml\u0131l\u0131q v\u0259 dig\u0259r m\u0259s\u0259l\u0259l\u0259rd\u0259n b\u0259hs edilib.<\/span><\/p>\n<p style=\"margin-top: 0cm; margin-right: 0cm; margin-bottom: 0.0001pt; text-align: justify; text-indent: 27pt; line-height: 150%; background: white none repeat scroll 0% 0%;\"><span style=\"font-family: Arial; color: #000000; background: white none repeat scroll 0% 0%;\">\u0130kinci m&uuml;hazir\u0259&ccedil;i, MDU-nin \u0130qtisadiyyat v\u0259 idar\u0259etm\u0259 fak&uuml;lt\u0259sinin m&uuml;\u0259llimi C\u0259lil Ba\u011f\u0131rov &ldquo;Az\u0259rbaycanda turizm v\u0259 rekreasiya imkanlar\u0131&rdquo; m&ouml;vzusunda m\u0259ruz\u0259 il\u0259 &ccedil;\u0131x\u0131\u015f edib. M\u0259ruz\u0259d\u0259 iqtisadi-co\u011frafi rayonlar &uuml;zr\u0259 Az\u0259rbaycan\u0131n turizm v\u0259 rekreasiya potensial\u0131, yay, q\u0131\u015f, sa\u011flaml\u0131q, tarixi, m\u0259d\u0259ni, dini, da\u011f, ov, yaylaq v\u0259 dig\u0259r turizm n&ouml;vl\u0259rinin inki\u015faf perspektivl\u0259ri, &ouml;lk\u0259mizin turizm m\u0259hsullar\u0131n\u0131n brendl\u0259\u015fdirilm\u0259si istiqam*\u0259tind\u0259 g&ouml;r&uuml;l\u0259n i\u015fl\u0259r haqq\u0131nda \u0259trafl\u0131 m\u0259lumat verilib.<\/span><\/p>\n<p style=\"margin-top: 0cm; margin-right: 0cm; margin-bottom: 0.0001pt; text-align: justify; text-indent: 27pt; line-height: 150%; background: white none repeat scroll 0% 0%;\"><span style=\"font-family: Arial; color: #000000; background: white none repeat scroll 0% 0%;\">MDU-nun t\u0259l\u0259b\u0259 v\u0259 akademik hey\u0259ti t\u0259r\u0259find\u0259n maraqla qar\u015f\u0131lanan m&uuml;hazir\u0259l\u0259rd\u0259 i\u015ftirak&ccedil;\u0131lar\u0131n &ccedil;oxsayl\u0131 suallar\u0131 cavabland\u0131r\u0131l\u0131b. T&uuml;rkiy\u0259 v\u0259 Az\u0259rbaycan\u0131n turistik destinasiyalar\u0131 aras\u0131nda m&uuml;qayis\u0259l\u0259r apar\u0131laraq &ouml;lk\u0259mizd\u0259 turizmin strateji idar\u0259 edilm\u0259sind\u0259 qarda\u015f &ouml;lk\u0259nin t\u0259cr&uuml;b\u0259si, tarixi z\u0259f\u0259rd\u0259n sonra do\u011fma Qaraba\u011f\u0131m\u0131zda turizmin inki\u015faf istiqam\u0259tl\u0259ri il\u0259 ba\u011fl\u0131 geni\u015f fikir m&uuml;badil\u0259si apar\u0131l\u0131b. <\/span><\/p>\n<p style=\"margin-top: 0cm; margin-right: 0cm; margin-bottom: 0.0001pt; text-align: justify; text-indent: 27pt; line-height: 150%; background: white none repeat scroll 0% 0%;\"><span style=\"font-family: Arial; color: #000000; background: white none repeat scroll 0% 0%;\">Sonda, AHBV&Uuml;-nin Turzim fak&uuml;lt\u0259si il\u0259 \u0259m\u0259kda\u015fl\u0131qdan m\u0259mnunlu\u011funu ifad\u0259 ed\u0259n t\u0259dbir i\u015ftirak&ccedil;\u0131lar\u0131 universitetl\u0259r aras\u0131nda yarad\u0131lm\u0131\u015f i\u015fbirliyinin g\u0259l\u0259c\u0259kd\u0259 MDU-da turizm sah\u0259sind\u0259 y&uuml;ks\u0259kixtisasl\u0131 kadr haz\u0131rl\u0131\u011f\u0131n\u0131n keyfiyy\u0259tinin y&uuml;ks\u0259lm\u0259sin\u0259 t&ouml;hf\u0259 ver\u0259c\u0259yin\u0259 \u0259minlikl\u0259rini bildiribl\u0259r.<\/span><\/p>\n<p style=\"margin-top: 0cm; margin-right: 0cm; margin-bottom: 0.0001pt; text-align: justify; text-indent: 27pt; line-height: 150%; background: white none repeat scroll 0% 0%;\"><span style=\"font-family: Arial; color: #000000; background: white none repeat scroll 0% 0%;\"> Qeyd ed\u0259k ki, cari ilin mart ay\u0131nda MDU v\u0259 AHBV&Uuml; aras\u0131nda \u0259m\u0259kda\u015fl\u0131q \u0259laq\u0259l\u0259ri qurulmu\u015fdur. H\u0259r iki universitet aras\u0131nda h\u0259yata ke&ccedil;iril\u0259c\u0259k i\u015fbirliyi &ccedil;\u0259r&ccedil;iv\u0259sind\u0259 t\u0259l\u0259b\u0259 v\u0259 m&uuml;\u0259llim m&uuml;badil\u0259si, ortaq konfranslar\u0131n, seminar v\u0259 t\u0259liml\u0259rin ke&ccedil;irilm\u0259si, fak&uuml;lt\u0259 idar\u0259&ccedil;iliyinin t\u0259kmill\u0259\u015fdirilm\u0259si istiqam\u0259tind\u0259 t\u0259cr&uuml;b\u0259 m&uuml;badil\u0259si, professor-m&uuml;\u0259llim v\u0259 t\u0259l\u0259b\u0259 hey\u0259ti aras\u0131nda \u0259laq\u0259l\u0259ri g&uuml;cl\u0259ndir\u0259n m&uuml;xt\u0259lif formatl\u0131 t\u0259dbirl\u0259rin realla\u015fd\u0131r\u0131lmas\u0131 v\u0259 dig\u0259r m\u0259s\u0259l\u0259l\u0259r n\u0259z\u0259rd\u0259 tutulub.<\/span><\/p>\n<p>{phocagallery view=category|categoryid=581|limitstart=0|limitcount=0}<\/p>","protected":false},"excerpt":{"rendered":"<p>Ming\u0259&ccedil;evir D&ouml;vl\u0259t Universiteti v\u0259 Ankara Hac\u0131 Bayram Veli Universiteti aras\u0131nda \u0259m\u0259kda\u015fl\u0131\u011fa start verilib &nbsp; 2021-ci ilin 29 aprel tarixind\u0259 Ming\u0259&ccedil;evir D&ouml;vl\u0259t Universiteti (MDU) v\u0259&nbsp;Ankara Hac\u0131 Bayram Veli Universiteti (AHBV&Uuml;) aras\u0131nda \u0259m\u0259kda\u015fl\u0131q &ccedil;\u0259r&ccedil;iv\u0259sind\u0259 silsil\u0259vi m&uuml;hazir\u0259l\u0259rin ke&ccedil;irilm\u0259sini n\u0259z\u0259rd\u0259 tutan birg\u0259 layih\u0259nin a&ccedil;\u0131l\u0131\u015f m\u0259rasimi ke&ccedil;irilib. &ldquo;ZOOM&rdquo; platformas\u0131 &uuml;z\u0259rind\u0259n onlayn formatda t\u0259\u015fkil edil\u0259n t\u0259dbird\u0259 giri\u015f s&ouml;z&uuml; il\u0259 &ccedil;\u0131x\u0131\u015f ed\u0259n [&hellip;]<\/p>\n","protected":false},"author":1,"featured_media":0,"comment_status":"open","ping_status":"open","sticky":false,"template":"","format":"standard","meta":{"_eb_attr":"","ocean_post_layout":"","ocean_both_sidebars_style":"","ocean_both_sidebars_content_width":0,"ocean_both_sidebars_sidebars_width":0,"ocean_sidebar":"","ocean_second_sidebar":"","ocean_disable_margins":"enable","ocean_add_body_class":"","ocean_shortcode_before_top_bar":"","ocean_shortcode_after_top_bar":"","ocean_shortcode_before_header":"","ocean_shortcode_after_header":"","ocean_has_shortcode":"","ocean_shortcode_after_title":"","ocean_shortcode_before_footer_widgets":"","ocean_shortcode_after_footer_widgets":"","ocean_shortcode_before_footer_bottom":"","ocean_shortcode_after_footer_bottom":"","ocean_display_top_bar":"default","ocean_display_header":"default","ocean_header_style":"","ocean_center_header_left_menu":"","ocean_custom_header_template":"","ocean_custom_logo":0,"ocean_custom_retina_logo":0,"ocean_custom_logo_max_width":0,"ocean_custom_logo_tablet_max_width":0,"ocean_custom_logo_mobile_max_width":0,"ocean_custom_logo_max_height":0,"ocean_custom_logo_tablet_max_height":0,"ocean_custom_logo_mobile_max_height":0,"ocean_header_custom_menu":"","ocean_menu_typo_font_family":"","ocean_menu_typo_font_subset":"","ocean_menu_typo_font_size":0,"ocean_menu_typo_font_size_tablet":0,"ocean_menu_typo_font_size_mobile":0,"ocean_menu_typo_font_size_unit":"px","ocean_menu_typo_font_weight":"","ocean_menu_typo_font_weight_tablet":"","ocean_menu_typo_font_weight_mobile":"","ocean_menu_typo_transform":"","ocean_menu_typo_transform_tablet":"","ocean_menu_typo_transform_mobile":"","ocean_menu_typo_line_height":0,"ocean_menu_typo_line_height_tablet":0,"ocean_menu_typo_line_height_mobile":0,"ocean_menu_typo_line_height_unit":"","ocean_menu_typo_spacing":0,"ocean_menu_typo_spacing_tablet":0,"ocean_menu_typo_spacing_mobile":0,"ocean_menu_typo_spacing_unit":"","ocean_menu_link_color":"","ocean_menu_link_color_hover":"","ocean_menu_link_color_active":"","ocean_menu_link_background":"","ocean_menu_link_hover_background":"","ocean_menu_link_active_background":"","ocean_menu_social_links_bg":"","ocean_menu_social_hover_links_bg":"","ocean_menu_social_links_color":"","ocean_menu_social_hover_links_color":"","ocean_disable_title":"default","ocean_disable_heading":"default","ocean_post_title":"","ocean_post_subheading":"","ocean_post_title_style":"","ocean_post_title_background_color":"","ocean_post_title_background":0,"ocean_post_title_bg_image_position":"","ocean_post_title_bg_image_attachment":"","ocean_post_title_bg_image_repeat":"","ocean_post_title_bg_image_size":"","ocean_post_title_height":0,"ocean_post_title_bg_overlay":0.5,"ocean_post_title_bg_overlay_color":"","ocean_disable_breadcrumbs":"default","ocean_breadcrumbs_color":"","ocean_breadcrumbs_separator_color":"","ocean_breadcrumbs_links_color":"","ocean_breadcrumbs_links_hover_color":"","ocean_display_footer_widgets":"default","ocean_display_footer_bottom":"default","ocean_custom_footer_template":"","ocean_post_oembed":"","ocean_post_self_hosted_media":"","ocean_post_video_embed":"","ocean_link_format":"","ocean_link_format_target":"self","ocean_quote_format":"","ocean_quote_format_link":"post","ocean_gallery_link_images":"on","ocean_gallery_id":[],"footnotes":""},"categories":[63],"tags":[],"class_list":["post-15859","post","type-post","status-publish","format-standard","hentry","category-khaebaerlaer-az","entry"],"_links":{"self":[{"href":"https:\/\/mdu.edu.az\/ru\/wp-json\/wp\/v2\/posts\/15859","targetHints":{"allow":["GET"]}}],"collection":[{"href":"https:\/\/mdu.edu.az\/ru\/wp-json\/wp\/v2\/posts"}],"about":[{"href":"https:\/\/mdu.edu.az\/ru\/wp-json\/wp\/v2\/types\/post"}],"author":[{"embeddable":true,"href":"https:\/\/mdu.edu.az\/ru\/wp-json\/wp\/v2\/users\/1"}],"replies":[{"embeddable":true,"href":"https:\/\/mdu.edu.az\/ru\/wp-json\/wp\/v2\/comments?post=15859"}],"version-history":[{"count":0,"href":"https:\/\/mdu.edu.az\/ru\/wp-json\/wp\/v2\/posts\/15859\/revisions"}],"wp:attachment":[{"href":"https:\/\/mdu.edu.az\/ru\/wp-json\/wp\/v2\/media?parent=15859"}],"wp:term":[{"taxonomy":"category","embeddable":true,"href":"https:\/\/mdu.edu.az\/ru\/wp-json\/wp\/v2\/categories?post=15859"},{"taxonomy":"post_tag","embeddable":true,"href":"https:\/\/mdu.edu.az\/ru\/wp-json\/wp\/v2\/tags?post=15859"}],"curies":[{"name":"wp","href":"https:\/\/api.w.org\/{rel}","templated":true}]}}