{"id":15898,"date":"2021-05-26T11:25:39","date_gmt":"2021-05-26T08:25:39","guid":{"rendered":"https:\/\/mdu.edu.az\/minzh-evir-d-vl-t-universiteti-v-ankara-hadz-bayram-veli-universitetinin-birzh-t-kilat-l-il-konfrans-ke-irilib\/"},"modified":"2021-05-26T11:25:39","modified_gmt":"2021-05-26T08:25:39","slug":"minzh-evir-d-vl-t-universiteti-v-ankara-hadz-bayram-veli-universitetinin-birzh-t-kilat-l-il-konfrans-ke-irilib","status":"publish","type":"post","link":"https:\/\/mdu.edu.az\/ru\/minzh-evir-d-vl-t-universiteti-v-ankara-hadz-bayram-veli-universitetinin-birzh-t-kilat-l-il-konfrans-ke-irilib\/","title":{"rendered":"Ming\u0259\u00e7evir D\u00f6vl\u0259t Universiteti v\u0259 Ankara Hac\u0131 Bayram Veli Universitetinin birg\u0259 t\u0259\u015fkilat\u00e7\u0131l\u0131\u011f\u0131 il\u0259 konfrans ke\u00e7irilib"},"content":{"rendered":"<p style=\"margin-top: 0cm; margin-right: 0cm; margin-bottom: 0.0001pt; text-align: center; line-height: 150%; background: white none repeat scroll 0% 0%;\"><b><span style=\"font-size: 14pt; line-height: 150%; font-family: 'Arial', sans-serif; color: #002060; background: white none repeat scroll 0% 0%;\">Ming<\/span><\/b><b><span style=\"font-size: 14pt; line-height: 150%; font-family: 'Arial', sans-serif; color: #002060; background: white none repeat scroll 0% 0%;\">\u0259&ccedil;evir D&ouml;vl\u0259t Universiteti v\u0259 Ankara Hac\u0131 Bayram Veli Universitetinin birg\u0259 t\u0259\u015fkilat&ccedil;\u0131l\u0131\u011f\u0131 il\u0259 konfrans ke&ccedil;irilib<\/span><\/b><\/p>\n<p>&nbsp;<\/p>\n<p style=\"margin-top: 0cm; margin-right: 0cm; margin-bottom: 0.0001pt; text-align: justify; text-indent: 1cm; line-height: 150%; background: white none repeat scroll 0% 0%;\"><span style=\"color: #000000;\"><span style=\"font-family: 'Arial', sans-serif; background: white none repeat scroll 0% 0%;\">2021-ci ilin 25 may tarixind\u0259 Ming\u0259&ccedil;evir D&ouml;vl\u0259t Universiteti (MDU) v\u0259 Ankara Hac\u0131 Bayram Veli Universiteti (AHBVU) aras\u0131nda \u0259m\u0259kda\u015fl\u0131q &ccedil;\u0259r&ccedil;iv\u0259sind\u0259 &ldquo;<\/span><span style=\"font-family: 'Arial', sans-serif;\">Tarixi Z\u0259f\u0259rd\u0259n sonra v\u0259 postpandemiya d&ouml;vr&uuml;nd\u0259 Az\u0259rbaycan-T&uuml;rkiy\u0259 turizm \u0259m\u0259kda\u015fl\u0131\u011f\u0131nda yeni imkanlar<span style=\"background: white none repeat scroll 0% 0%;\">&rdquo; m&ouml;vzusunda birg\u0259 elmi konfrans ke&ccedil;irilib.<\/span><\/span><\/span><\/p>\n<p style=\"margin-top: 0cm; margin-right: 0cm; margin-bottom: 0.0001pt; text-align: justify; text-indent: 1cm; line-height: 150%; background: white none repeat scroll 0% 0%;\"><span style=\"font-family: 'Arial', sans-serif; background: white none repeat scroll 0% 0%; color: #000000;\">&ldquo;Zoom&rdquo; platformas\u0131 &uuml;z\u0259rind\u0259n onlayn formatda t\u0259\u015fkil edil\u0259n konfrans\u0131n a&ccedil;\u0131l\u0131\u015f\u0131nda i\u015ftirak&ccedil;\u0131lar\u0131 salamlayan AHBVU-nun rektoru Yusuf Tekin, ilk n&ouml;vb\u0259d\u0259, iki qarda\u015f &ouml;lk\u0259nin universitetl\u0259ri aras\u0131nda i\u015fbirliyind\u0259n m\u0259mnunlu\u011funu ifad\u0259 edib. AHBVU olaraq MDU il\u0259 h\u0259rt\u0259r\u0259fli \u0259m\u0259kda\u015fl\u0131\u011fa daim a&ccedil;\u0131q olduqlar\u0131n\u0131 b\u0259yan ed\u0259n Y.Tekin u\u011furla davam ed\u0259n birg\u0259 t\u0259dbirl\u0259rin qar\u015f\u0131l\u0131ql\u0131 faydal\u0131l\u0131\u011f\u0131ndan b\u0259hs edib. <\/span><\/p>\n<p style=\"margin-top: 0cm; margin-right: 0cm; margin-bottom: 0.0001pt; text-align: justify; text-indent: 1cm; line-height: 150%; background: white none repeat scroll 0% 0%;\"><span style=\"font-family: 'Arial', sans-serif; background: white none repeat scroll 0% 0%; color: #000000;\">Turizm t\u0259hsilinin inki\u015faf etdirilm\u0259sinin ikit\u0259r\u0259fli \u0259m\u0259kda\u015fl\u0131qda \u0259sas h\u0259d\u0259fl\u0259rd\u0259n biri oldu\u011funu qeyd ed\u0259n rektor yax\u0131n g\u0259l\u0259c\u0259kd\u0259 MDU il\u0259 i\u015fbirliyinin yeni keyfiyy\u0259t s\u0259viyy\u0259sin\u0259 y&uuml;ks\u0259l\u0259c\u0259yin\u0259 \u0259minliyini bildirib.<\/span><\/p>\n<p style=\"margin-top: 0cm; margin-right: 0cm; margin-bottom: 0.0001pt; text-align: justify; text-indent: 1cm; line-height: 150%; background: white none repeat scroll 0% 0%;\"><span style=\"font-family: 'Arial', sans-serif; background: white none repeat scroll 0% 0%; color: #000000;\">Tarixi Z\u0259f\u0259rd\u0259n sonra i\u015f\u011faldan azad edilmi\u015f b&ouml;lg\u0259l\u0259r\u0259 \u0259h\u0259miyy\u0259tli d\u0259r\u0259c\u0259d\u0259 artan turizm maraqlar\u0131n\u0131n yeni imkanlar yaratd\u0131\u011f\u0131n\u0131 vur\u011fulayan Y.Tekin birg\u0259 konfrans\u0131n m&ouml;vzusunun aktuall\u0131\u011f\u0131n\u0131 diqq\u0259t\u0259 &ccedil;atd\u0131r\u0131b. O, qarda\u015f universitetl\u0259r aras\u0131nda i\u015fbirliyinin inki\u015faf\u0131na g&ouml;st\u0259rdikl\u0259ri d\u0259st\u0259y\u0259 g&ouml;r\u0259 b&uuml;t&uuml;n akademik v\u0259 inzibati hey\u0259t &uuml;zvl\u0259rin\u0259 t\u0259\u015f\u0259kk&uuml;r edib v\u0259 konfrans\u0131n i\u015fin\u0259 u\u011furlar arzulay\u0131b.<\/span><\/p>\n<p style=\"margin-top: 0cm; margin-right: 0cm; margin-bottom: 0.0001pt; text-align: justify; text-indent: 1cm; line-height: 150%; background: white none repeat scroll 0% 0%;\"><span style=\"font-family: 'Arial', sans-serif; background: white none repeat scroll 0% 0%; color: #000000;\">A&ccedil;\u0131l\u0131\u015f nitqind\u0259 T&uuml;rkiy\u0259nin &ccedil;a\u011fda\u015f v\u0259 yenilik&ccedil;i ali t\u0259hsil m&uuml;\u0259ssis\u0259l\u0259rind\u0259n biri olan AHBVU il\u0259 i\u015fbirliyind\u0259n m\u0259mnun oldu\u011funu qeyd ed\u0259n MDU-nun rektoru \u015eahin Bayramov birg\u0259 t\u0259\u015fkil edil\u0259n konfrans\u0131 ikit\u0259r\u0259fli \u0259m\u0259kda\u015fl\u0131q &ccedil;\u0259r&ccedil;iv\u0259sind\u0259 at\u0131lan n&ouml;vb\u0259ti u\u011furlu add\u0131m kimi d\u0259y\u0259rl\u0259ndirib. <\/span><\/p>\n<p style=\"margin-top: 0cm; margin-right: 0cm; margin-bottom: 0.0001pt; text-align: justify; text-indent: 1cm; line-height: 150%; background: white none repeat scroll 0% 0%;\"><span style=\"font-family: 'Arial', sans-serif; background: white none repeat scroll 0% 0%; color: #000000;\">\u015e.Bayramov m&uuml;z\u0259ff\u0259r Ali Ba\u015f Komandan\u0131m\u0131z\u0131n v\u0259 q\u0259hr\u0259man Az\u0259rbaycan \u0259sg\u0259rinin say\u0259sind\u0259 44 g&uuml;nl&uuml;k V\u0259t\u0259n M&uuml;harib\u0259sind\u0259 qazand\u0131\u011f\u0131m\u0131z tarixi Z\u0259f\u0259rin &ouml;lk\u0259mizin yeni m\u0259rh\u0259l\u0259d\u0259 inki\u015faf\u0131 &uuml;&ccedil;&uuml;n b&ouml;y&uuml;k imkanlar qazand\u0131rd\u0131\u011f\u0131n\u0131 diqq\u0259t\u0259 &ccedil;atd\u0131r\u0131b. Do\u011fma Qaraba\u011f\u0131n dir&ccedil;\u0259ldilm\u0259si, el\u0259c\u0259 d\u0259 b&ouml;lg\u0259nin z\u0259ngin turizm potensial\u0131n\u0131n inki\u015faf etdirilm\u0259sinin d&ouml;vl\u0259t siyas\u0259tinin prioritetl\u0259rind\u0259n oldu\u011funu qeyd ed\u0259n rektor birg\u0259 konfrans\u0131n \u0259h\u0259miyy\u0259tind\u0259n b\u0259hs edib. <\/span><\/p>\n<p style=\"margin-top: 0cm; margin-right: 0cm; margin-bottom: 0.0001pt; text-align: justify; text-indent: 1cm; line-height: 150%; background: white none repeat scroll 0% 0%;\"><span style=\"font-family: 'Arial', sans-serif; background: white none repeat scroll 0% 0%; color: #000000;\">Az\u0259rbaycan-T&uuml;rkiy\u0259 qarda\u015fl\u0131\u011f\u0131n\u0131n n&uuml;mun\u0259l\u0259rind\u0259n biri kimi qym\u0259tl\u0259ndiril\u0259 bil\u0259n universitetl\u0259r aras\u0131nda qar\u015f\u0131l\u0131ql\u0131 faydal\u0131 \u0259m\u0259kda\u015fl\u0131\u011f\u0131n davaml\u0131 olmas\u0131n\u0131 arzulayan rektor birg\u0259 konfrans\u0131n ke&ccedil;irilm\u0259sind\u0259 d\u0259st\u0259yi olan h\u0259r iki ali t\u0259hsil m&uuml;\u0259ssis\u0259sinin \u0259m\u0259kda\u015flar\u0131na, m\u0259ruz\u0259&ccedil;il\u0259r\u0259 v\u0259 i\u015ftirak&ccedil;\u0131lara t\u0259\u015f\u0259kk&uuml;r&uuml;n&uuml; bildirib.<\/span><\/p>\n<p style=\"margin-top: 0cm; margin-right: 0cm; margin-bottom: 0.0001pt; text-align: justify; text-indent: 1cm; line-height: 150%; background: white none repeat scroll 0% 0%;\"><span style=\"font-family: 'Arial', sans-serif; color: #000000;\">Konfrans\u0131n moderatoru, AHBVU-nun professoru Azize Hassan a&ccedil;\u0131l\u0131\u015f nitql\u0259rind\u0259n sonra proqramda n\u0259z\u0259rd\u0259 tutulmu\u015f m&ouml;vzular\u0131 diqq\u0259t\u0259 &ccedil;atd\u0131r\u0131b v\u0259 s&ouml;z&uuml; m\u0259ruz\u0259&ccedil;il\u0259r\u0259 verib.<\/span><\/p>\n<p style=\"margin-top: 0cm; margin-right: 0cm; margin-bottom: 0.0001pt; text-align: justify; text-indent: 1cm; line-height: 150%; background: white none repeat scroll 0% 0%;\"><span style=\"font-family: 'Arial', sans-serif; color: #000000;\">&ldquo;T&uuml;rkiy\u0259 ali t\u0259hsil sistemind\u0259 turizm&rdquo; m&ouml;vzusunda &ccedil;\u0131x\u0131\u015f ed\u0259n AHBVU-nun professoru Selma Meydan Uygur turizm t\u0259hsilinin m\u0259zmunu, \u0259h\u0259miyy\u0259ti v\u0259 m\u0259qs\u0259dl\u0259ri, T&uuml;rkiy\u0259d\u0259 turizm t\u0259hsilinin tarixi inki\u015faf\u0131 v\u0259 m&ouml;vcud v\u0259ziyy\u0259ti, turizm t\u0259hsilinin qurulu\u015fu v\u0259 formalar\u0131ndan dan\u0131\u015f\u0131b, AHBVU Turizm fak&uuml;lt\u0259sinin ali t\u0259hsil proqramlar\u0131, t\u0259dris planlar\u0131 v\u0259 beyn\u0259lxalq m&uuml;badil\u0259 proqramlar\u0131 haqq\u0131nda \u0259trafl\u0131 m\u0259lumat verib, Turizm T\u0259tbiq v\u0259 Ara\u015fd\u0131rma M\u0259rk\u0259zinin f\u0259aliyy\u0259tind\u0259n s&ouml;hb\u0259t a&ccedil;\u0131b. <\/span><\/p>\n<p style=\"margin-top: 0cm; margin-right: 0cm; margin-bottom: 0.0001pt; text-align: justify; text-indent: 1cm; line-height: 150%; background: white none repeat scroll 0% 0%;\"><span style=\"color: #000000;\"><span style=\"font-family: 'Arial', sans-serif; background: white none repeat scroll 0% 0%;\">&ldquo;<\/span><span style=\"font-family: 'Arial', sans-serif;\">Covid-19 pandemiyas\u0131 d&ouml;vr&uuml;nd\u0259 T&uuml;rkiy\u0259 turizmin\u0259 g\u0259l\u0259c\u0259k bax\u0131\u015f&rdquo; m&ouml;vzusunda &ccedil;\u0131x\u0131\u015f ed\u0259n AHBVU-nun professoru Bilgehan G&uuml;lcan pandemiyadan \u0259vv\u0259l d&uuml;nyada v\u0259 T&uuml;rkiy\u0259d\u0259 turizmin inki\u015faf\u0131, T&uuml;rkiy\u0259nin qlobal turizm bazar\u0131nda m&ouml;vqeyi, pandemiyan\u0131n qlobal turizm\u0259 t\u0259sirl\u0259ri, d\u0259yi\u015f\u0259n turizm trendl\u0259ri v\u0259 T&uuml;rkiy\u0259nin inki\u015faf planlar\u0131, &ldquo;T&uuml;rkiy\u0259 2023: turizm strategiyas\u0131&rdquo;n\u0131n m\u0259qs\u0259d v\u0259 h\u0259d\u0259fl\u0259rind\u0259n b\u0259hs edib. T&uuml;rkiy\u0259-Az\u0259rbaycan turizm i\u015fbirliyinin m&ouml;vcud v\u0259ziyy\u0259ti haqq\u0131nda dan\u0131\u015fan m\u0259ruz\u0259&ccedil;i post-pandemiya d&ouml;vr&uuml;nd\u0259 turizm \u0259m\u0259kda\u015fl\u0131\u011f\u0131n\u0131n inki\u015faf\u0131nda meydana &ccedil;\u0131xan yeni imkanlar\u0131 diqq\u0259t\u0259 &ccedil;atd\u0131r\u0131b.<\/span><\/span><\/p>\n<p style=\"margin-top: 0cm; margin-right: 0cm; margin-bottom: 0.0001pt; text-align: justify; text-indent: 1cm; line-height: 150%; background: white none repeat scroll 0% 0%;\"><span style=\"font-family: 'Arial', sans-serif; color: #000000;\">&ldquo;Qaraba\u011f\u0131n turizm ehtiyatlar\u0131&rdquo; m&ouml;vzusunda &ccedil;\u0131x\u0131\u015f ed\u0259n MDU-nun m&uuml;\u0259llimi M\u0259din\u0259 Quliyeva \u0259z\u0259li yurdumuz Qaraba\u011f\u0131n z\u0259ngin turizm potensial\u0131, i\u015f\u011faldan azad edilmi\u015f b&ouml;lg\u0259l\u0259rd\u0259 turizmin ekoloji, tarixi, m\u0259d\u0259ni, da\u011f, q\u0131\u015f, ov, sa\u011flaml\u0131q v\u0259 dig\u0259r n&ouml;vl\u0259rinin inki\u015faf\u0131 &uuml;&ccedil;&uuml;n m&ouml;vcud imkanlar, turizm potensial\u0131n\u0131n &ouml;lk\u0259 xaricind\u0259 tan\u0131d\u0131lmas\u0131 istiqam\u0259tind\u0259 g&ouml;r&uuml;l\u0259n t\u0259bli\u011fati i\u015fl\u0259r v\u0259 yeni turizm m\u0259hsullar\u0131n\u0131n yarad\u0131lmas\u0131 perspektivl\u0259rind\u0259n dan\u0131\u015f\u0131b. <\/span><\/p>\n<p style=\"margin-top: 0cm; margin-right: 0cm; margin-bottom: 0.0001pt; text-align: justify; text-indent: 1cm; line-height: 150%; background: white none repeat scroll 0% 0%;\"><span style=\"font-family: 'Arial', sans-serif; color: #000000;\">&ldquo;Qaraba\u011fda turizm sah\u0259sin\u0259 investisiya qoyulu\u015funun prioritet istiqam\u0259tl\u0259ri&rdquo; m&ouml;vzusunda &ccedil;\u0131x\u0131\u015f ed\u0259n MDU-nun m&uuml;\u0259llimi C\u0259lil Ba\u011f\u0131rov Qaraba\u011f\u0131n dir&ccedil;\u0259ldilm\u0259si istiqam\u0259tind\u0259 d&ouml;vl\u0259t t\u0259r\u0259find\u0259n h\u0259yata ke&ccedil;iril\u0259n sistemli v\u0259 irimiqyasl\u0131 i\u015fl\u0259rd\u0259n, regionun h\u0259rt\u0259r\u0259fli inki\u015faf\u0131nda turizmin rolundan, b&ouml;lg\u0259nin investorlar &uuml;&ccedil;&uuml;n c\u0259lbedici olan turizm imkanlar\u0131ndan, turizm sektoruna xarici investisiyalar\u0131n t\u0259\u015fviq edilm\u0259sind\u0259n v\u0259 dig\u0259r m\u0259s\u0259l\u0259l\u0259rd\u0259n b\u0259hs edib. <\/span><\/p>\n<p style=\"margin-top: 0cm; margin-right: 0cm; margin-bottom: 0.0001pt; text-align: justify; text-indent: 1cm; line-height: 150%; background: white none repeat scroll 0% 0%;\"><span style=\"font-family: 'Arial', sans-serif; color: #000000;\">Konfrans i\u015ftirak&ccedil;\u0131lar\u0131 t\u0259r\u0259find\u0259n b&ouml;y&uuml;k maraqla qar\u015f\u0131lanan m\u0259ruz\u0259l\u0259r \u0259traf\u0131nda geni\u015f m&uuml;zakir\u0259l\u0259r apar\u0131l\u0131b v\u0259 t\u0259qdim olunan suallar \u0259trafl\u0131 cavablan\u0131r\u0131l\u0131b. <\/span><\/p>\n<p style=\"margin-top: 0cm; margin-right: 0cm; margin-bottom: 0.0001pt; text-align: justify; text-indent: 1cm; line-height: 150%; background: white none repeat scroll 0% 0%;\"><span style=\"font-family: 'Arial', sans-serif; color: #000000;\">Sonda yekun nitqi s&ouml;yl\u0259y\u0259n MDU rektorunun m&uuml;\u015faviri Hamiz Mahmudov v\u0259 AHBVU Turizm fak&uuml;lt\u0259sinin dekan\u0131 \u0130rfan Yaz\u0131c\u0131o\u011flu birg\u0259 \u0259m\u0259kda\u015fl\u0131q &ccedil;\u0259r&ccedil;iv\u0259sind\u0259 realla\u015fd\u0131r\u0131lan v\u0259 y&uuml;z \u0259llid\u0259n &ccedil;ox i\u015ftirak&ccedil;\u0131n\u0131n qat\u0131ld\u0131\u011f\u0131 faydal\u0131 elmi konfrans\u0131n t\u0259\u015fkilin\u0259 g&ouml;st\u0259rdikl\u0259ri d\u0259st\u0259y\u0259 g&ouml;r\u0259 h\u0259r iki universitetin r\u0259hb\u0259rliyin\u0259 v\u0259 m\u0259ruz\u0259&ccedil;il\u0259r\u0259 t\u0259\u015f\u0259kk&uuml;r edibl\u0259r.<\/span><\/p>\n<p style=\"margin-top: 0cm; margin-right: 0cm; margin-bottom: 0.0001pt; text-align: justify; text-indent: 1cm; line-height: 150%; background: white none repeat scroll 0% 0%;\"><span style=\"font-family: 'Arial', sans-serif; color: black; background: white none repeat scroll 0% 0%;\"><span style=\"color: #000000;\">Qeyd ed\u0259k ki, MDU v\u0259 AHBVU aras\u0131nda \u0259m\u0259kda\u015fl\u0131q \u0259laq\u0259l\u0259ri 2021-ci ilin mart ay\u0131nda qurulub. S&ouml;z&uuml;ged\u0259n \u0259m\u0259kda\u015fl\u0131\u011f\u0131n \u0259sas istiqam\u0259tl\u0259rind\u0259n biri kimi h\u0259r iki universitetin akademik hey\u0259t &uuml;zvl\u0259ri, t\u0259l\u0259b\u0259 v\u0259 magistrantlar\u0131n\u0131n i\u015ftirak\u0131 il\u0259 ortaq konfranslar\u0131n ke&ccedil;irilm\u0259si n\u0259z\u0259rd\u0259 tutulub.<\/span> <\/span><\/p>\n<p>{phocagallery view=category|categoryid=606|limitstart=0|limitcount=0}<\/p>","protected":false},"excerpt":{"rendered":"<p>Ming\u0259&ccedil;evir D&ouml;vl\u0259t Universiteti v\u0259 Ankara Hac\u0131 Bayram Veli Universitetinin birg\u0259 t\u0259\u015fkilat&ccedil;\u0131l\u0131\u011f\u0131 il\u0259 konfrans ke&ccedil;irilib &nbsp; 2021-ci ilin 25 may tarixind\u0259 Ming\u0259&ccedil;evir D&ouml;vl\u0259t Universiteti (MDU) v\u0259 Ankara Hac\u0131 Bayram Veli Universiteti (AHBVU) aras\u0131nda \u0259m\u0259kda\u015fl\u0131q &ccedil;\u0259r&ccedil;iv\u0259sind\u0259 &ldquo;Tarixi Z\u0259f\u0259rd\u0259n sonra v\u0259 postpandemiya d&ouml;vr&uuml;nd\u0259 Az\u0259rbaycan-T&uuml;rkiy\u0259 turizm \u0259m\u0259kda\u015fl\u0131\u011f\u0131nda yeni imkanlar&rdquo; m&ouml;vzusunda birg\u0259 elmi konfrans ke&ccedil;irilib. &ldquo;Zoom&rdquo; platformas\u0131 &uuml;z\u0259rind\u0259n onlayn formatda [&hellip;]<\/p>\n","protected":false},"author":1,"featured_media":0,"comment_status":"open","ping_status":"open","sticky":false,"template":"","format":"standard","meta":{"_eb_attr":"","ocean_post_layout":"","ocean_both_sidebars_style":"","ocean_both_sidebars_content_width":0,"ocean_both_sidebars_sidebars_width":0,"ocean_sidebar":"","ocean_second_sidebar":"","ocean_disable_margins":"enable","ocean_add_body_class":"","ocean_shortcode_before_top_bar":"","ocean_shortcode_after_top_bar":"","ocean_shortcode_before_header":"","ocean_shortcode_after_header":"","ocean_has_shortcode":"","ocean_shortcode_after_title":"","ocean_shortcode_before_footer_widgets":"","ocean_shortcode_after_footer_widgets":"","ocean_shortcode_before_footer_bottom":"","ocean_shortcode_after_footer_bottom":"","ocean_display_top_bar":"default","ocean_display_header":"default","ocean_header_style":"","ocean_center_header_left_menu":"","ocean_custom_header_template":"","ocean_custom_logo":0,"ocean_custom_retina_logo":0,"ocean_custom_logo_max_width":0,"ocean_custom_logo_tablet_max_width":0,"ocean_custom_logo_mobile_max_width":0,"ocean_custom_logo_max_height":0,"ocean_custom_logo_tablet_max_height":0,"ocean_custom_logo_mobile_max_height":0,"ocean_header_custom_menu":"","ocean_menu_typo_font_family":"","ocean_menu_typo_font_subset":"","ocean_menu_typo_font_size":0,"ocean_menu_typo_font_size_tablet":0,"ocean_menu_typo_font_size_mobile":0,"ocean_menu_typo_font_size_unit":"px","ocean_menu_typo_font_weight":"","ocean_menu_typo_font_weight_tablet":"","ocean_menu_typo_font_weight_mobile":"","ocean_menu_typo_transform":"","ocean_menu_typo_transform_tablet":"","ocean_menu_typo_transform_mobile":"","ocean_menu_typo_line_height":0,"ocean_menu_typo_line_height_tablet":0,"ocean_menu_typo_line_height_mobile":0,"ocean_menu_typo_line_height_unit":"","ocean_menu_typo_spacing":0,"ocean_menu_typo_spacing_tablet":0,"ocean_menu_typo_spacing_mobile":0,"ocean_menu_typo_spacing_unit":"","ocean_menu_link_color":"","ocean_menu_link_color_hover":"","ocean_menu_link_color_active":"","ocean_menu_link_background":"","ocean_menu_link_hover_background":"","ocean_menu_link_active_background":"","ocean_menu_social_links_bg":"","ocean_menu_social_hover_links_bg":"","ocean_menu_social_links_color":"","ocean_menu_social_hover_links_color":"","ocean_disable_title":"default","ocean_disable_heading":"default","ocean_post_title":"","ocean_post_subheading":"","ocean_post_title_style":"","ocean_post_title_background_color":"","ocean_post_title_background":0,"ocean_post_title_bg_image_position":"","ocean_post_title_bg_image_attachment":"","ocean_post_title_bg_image_repeat":"","ocean_post_title_bg_image_size":"","ocean_post_title_height":0,"ocean_post_title_bg_overlay":0.5,"ocean_post_title_bg_overlay_color":"","ocean_disable_breadcrumbs":"default","ocean_breadcrumbs_color":"","ocean_breadcrumbs_separator_color":"","ocean_breadcrumbs_links_color":"","ocean_breadcrumbs_links_hover_color":"","ocean_display_footer_widgets":"default","ocean_display_footer_bottom":"default","ocean_custom_footer_template":"","ocean_post_oembed":"","ocean_post_self_hosted_media":"","ocean_post_video_embed":"","ocean_link_format":"","ocean_link_format_target":"self","ocean_quote_format":"","ocean_quote_format_link":"post","ocean_gallery_link_images":"on","ocean_gallery_id":[],"footnotes":""},"categories":[63],"tags":[],"class_list":["post-15898","post","type-post","status-publish","format-standard","hentry","category-khaebaerlaer-az","entry"],"_links":{"self":[{"href":"https:\/\/mdu.edu.az\/ru\/wp-json\/wp\/v2\/posts\/15898","targetHints":{"allow":["GET"]}}],"collection":[{"href":"https:\/\/mdu.edu.az\/ru\/wp-json\/wp\/v2\/posts"}],"about":[{"href":"https:\/\/mdu.edu.az\/ru\/wp-json\/wp\/v2\/types\/post"}],"author":[{"embeddable":true,"href":"https:\/\/mdu.edu.az\/ru\/wp-json\/wp\/v2\/users\/1"}],"replies":[{"embeddable":true,"href":"https:\/\/mdu.edu.az\/ru\/wp-json\/wp\/v2\/comments?post=15898"}],"version-history":[{"count":0,"href":"https:\/\/mdu.edu.az\/ru\/wp-json\/wp\/v2\/posts\/15898\/revisions"}],"wp:attachment":[{"href":"https:\/\/mdu.edu.az\/ru\/wp-json\/wp\/v2\/media?parent=15898"}],"wp:term":[{"taxonomy":"category","embeddable":true,"href":"https:\/\/mdu.edu.az\/ru\/wp-json\/wp\/v2\/categories?post=15898"},{"taxonomy":"post_tag","embeddable":true,"href":"https:\/\/mdu.edu.az\/ru\/wp-json\/wp\/v2\/tags?post=15898"}],"curies":[{"name":"wp","href":"https:\/\/api.w.org\/{rel}","templated":true}]}}