{"id":15899,"date":"2021-05-27T11:16:05","date_gmt":"2021-05-27T08:16:05","guid":{"rendered":"https:\/\/mdu.edu.az\/minzh-evir-d-vl-t-universitetind-elmi-praktik-seminar-ke-irilib\/"},"modified":"2021-05-27T11:16:05","modified_gmt":"2021-05-27T08:16:05","slug":"minzh-evir-d-vl-t-universitetind-elmi-praktik-seminar-ke-irilib","status":"publish","type":"post","link":"https:\/\/mdu.edu.az\/ru\/minzh-evir-d-vl-t-universitetind-elmi-praktik-seminar-ke-irilib\/","title":{"rendered":"Ming\u0259\u00e7evir D\u00f6vl\u0259t Universitetind\u0259 elmi-praktik seminar ke\u00e7irilib"},"content":{"rendered":"<p style=\"margin-bottom: 0.0001pt; text-align: center; line-height: 150%;\"><span style=\"font-family: arial, helvetica, sans-serif; color: #0000ff; font-size: 14pt;\"><b><span style=\"font-size: 12pt; line-height: 150%; font-family: Arial, sans-serif;\">Ming\u0259&ccedil;evir D&ouml;vl\u0259t Universitetind\u0259 elmi-praktik seminar ke&ccedil;irilib<\/span><\/b><\/span><\/p>\n<p style=\"margin-bottom: 0.0001pt; text-align: justify; text-indent: 1cm; line-height: 150%;\"><span style=\"font-size: 12pt; line-height: 150%; font-family: arial, helvetica, sans-serif; color: #000000;\">2021-ci ilin 24 may tarixind\u0259 Ming\u0259&ccedil;evir D&ouml;vl\u0259t Universitetind\u0259 (MDU) &ldquo;B\u0259rk m\u0259i\u015f\u0259t tullant\u0131lar\u0131n\u0131n idar\u0259 edilm\u0259si: probleml\u0259r v\u0259 perspektivl\u0259r&rdquo; m&ouml;vzusunda elmi-praktik seminar ke&ccedil;irilib.<\/span><\/p>\n<p style=\"margin-bottom: 0.0001pt; text-align: justify; text-indent: 1cm; line-height: 150%;\"><span style=\"font-size: 12pt; line-height: 150%; font-family: arial, helvetica, sans-serif; color: #000000;\">&ldquo;ZOOM&rdquo; platformas\u0131 &uuml;z\u0259rind\u0259n onlayn formatda t\u0259\u015fkil edil\u0259n seminar\u0131 giri\u015f s&ouml;z&uuml; il\u0259 a&ccedil;an MDU-nun elmi i\u015fl\u0259r &uuml;zr\u0259 prorektor \u0259v\u0259zi Veys\u0259l \u018fyyubov Az\u0259rbaycan Respublikas\u0131 Prezidentinin m&uuml;vafiq S\u0259r\u0259ncam\u0131 il\u0259 t\u0259sdiq edilmi\u015f &ldquo;Az\u0259rbaycan Respublikas\u0131nda b\u0259rk m\u0259i\u015f\u0259t tullant\u0131lar\u0131n\u0131n idar\u0259 edilm\u0259sinin t\u0259kmill\u0259\u015fdirilm\u0259sin\u0259 dair 2018&ndash;2022-ci ill\u0259r &uuml;&ccedil;&uuml;n Milli Strategiya&rdquo; &ccedil;\u0259r&ccedil;iv\u0259sind\u0259 &ouml;lk\u0259mizd\u0259 h\u0259yata ke&ccedil;iril\u0259n m\u0259qs\u0259dy&ouml;nl&uuml; t\u0259dbirl\u0259rd\u0259n b\u0259hs edib. Strategiya &ccedil;\u0259r&ccedil;iv\u0259sind\u0259 b\u0259rk m\u0259i\u015f\u0259t tullant\u0131lar\u0131n\u0131n idar\u0259 edilm\u0259si sah\u0259sind\u0259 maarifl\u0259ndirm\u0259 i\u015finin g&uuml;cl\u0259ndirilm\u0259sinin \u0259sas f\u0259aliyy\u0259t istiqam\u0259tl\u0259rind\u0259n biri oldu\u011funu diqq\u0259t\u0259 &ccedil;atd\u0131ran V.\u018fyyubov seminar\u0131n \u0259h\u0259miyy\u0259tind\u0259n dan\u0131\u015f\u0131b. <\/span><\/p>\n<p style=\"margin-bottom: 0.0001pt; text-align: justify; text-indent: 1cm; line-height: 150%;\"><span style=\"font-family: arial, helvetica, sans-serif; color: #000000;\"><span style=\"font-size: 12pt; line-height: 150%; font-family: Arial, sans-serif; color: black;\">Moderator, Elm v\u0259 innovasiyalar \u015f&ouml;b\u0259sinin m&uuml;diri <\/span><span style=\"font-size: 12pt; line-height: 150%; font-family: Arial, sans-serif;\">V&uuml;qar Mustafayev seminar\u0131n g&uuml;nd\u0259liyini t\u0259dbir i\u015ftirak&ccedil;\u0131lar\u0131n\u0131n diqq\u0259tin\u0259 &ccedil;atd\u0131rd\u0131qdan sonra m\u0259ruz\u0259l\u0259r dinl\u0259nilib. <\/span><\/span><\/p>\n<p style=\"margin-bottom: 0.0001pt; text-align: justify; text-indent: 1cm; line-height: 150%;\"><span style=\"font-size: 12pt; line-height: 150%; font-family: arial, helvetica, sans-serif; color: #000000;\">MDU-nun Fizika v\u0259 ekologiya kafedras\u0131n\u0131n \u0259m\u0259kda\u015flar\u0131ndan ba\u015f m&uuml;\u0259llim V&uuml;sal\u0259 Mustafayeva &ldquo;B\u0259rk m\u0259i\u015f\u0259t tullant\u0131lar\u0131n\u0131n emal &uuml;&ccedil;&uuml;n &ccedil;e\u015fidl\u0259nm\u0259si&rdquo; m&ouml;vzusunda, m&uuml;\u0259llim Leyla \u018fhm\u0259dova &ldquo;B\u0259rk s\u0259naye tullant\u0131lar\u0131n\u0131n t\u0259krar emal\u0131n\u0131n iqtisadi s\u0259m\u0259r\u0259liliyi&rdquo; m&ouml;vzusunda, m&uuml;\u0259llim Aytac Cavadova &ldquo;Elektron tullant\u0131lar\u0131n utilizasiyas\u0131&rdquo; m&ouml;vzusunda, m&uuml;\u0259llim G&uuml;lmir\u0259 M\u0259mm\u0259dova &ldquo;Kosmosun antropogen tullant\u0131larla &ccedil;irkl\u0259nm\u0259si&rdquo; m&ouml;vzusunda, Ming\u0259&ccedil;evir \u015f\u0259h\u0259r Gigiyena v\u0259 Epidemologiya M\u0259rk\u0259zinin h\u0259kim-gigiyenisti &Uuml;lk\u0259r Eyvazova &ldquo;Ming\u0259&ccedil;evir \u015f\u0259h\u0259rind\u0259 tibbi tullant\u0131lar\u0131n idar\u0259 edilm\u0259si&rdquo; m&ouml;vzusunda, 8 sayl\u0131 Regional Ekologiya v\u0259 T\u0259bii S\u0259rv\u0259tl\u0259r idar\u0259sinin apar\u0131c\u0131 m\u0259sl\u0259h\u0259t&ccedil;isi G&uuml;nel \u018fliyeva &ldquo;Plastik tullant\u0131lar\u0131n \u0259traf m&uuml;hit\u0259 v\u0259 insan sa\u011flaml\u0131\u011f\u0131na t\u0259siri&rdquo; m&ouml;vzusunda m\u0259ruz\u0259l\u0259r il\u0259 &ccedil;\u0131x\u0131\u015f edibl\u0259r.<\/span><\/p>\n<p style=\"margin-bottom: 0.0001pt; text-align: justify; text-indent: 1cm; line-height: 150%;\"><span style=\"font-size: 12pt; line-height: 150%; font-family: arial, helvetica, sans-serif; color: #000000;\">M\u0259i\u015f\u0259t tullant\u0131lar\u0131n\u0131n y\u0131\u011f\u0131lmas\u0131, &ccedil;e\u015fidl\u0259nm\u0259si, yand\u0131r\u0131lmas\u0131 v\u0259 t\u0259krar emala verilm\u0259si prosesinin bir-biri il\u0259 uzla\u015fd\u0131r\u0131lmas\u0131 istiqam\u0259tind\u0259 apar\u0131lan t\u0259dqiqatlar seminar i\u015ftirak&ccedil;\u0131lar\u0131 t\u0259r\u0259find\u0259n maraqla qar\u015f\u0131lan\u0131b v\u0259 t\u0259qdim olunan &ccedil;oxsayl\u0131 suallar \u0259trafl\u0131 cavabland\u0131r\u0131l\u0131b.<\/span><\/p>\n<p style=\"margin-bottom: 0.0001pt; text-align: justify; text-indent: 1cm; line-height: 150%;\"><span style=\"font-size: 12pt; line-height: 150%; font-family: arial, helvetica, sans-serif; color: #000000;\">Qeyd ed\u0259k ki, &ouml;lk\u0259mizd\u0259 y&uuml;ks\u0259k keyfiyy\u0259tli ekoloji m&uuml;hitin t\u0259min edilm\u0259si istiqam\u0259tind\u0259 h\u0259yata ke&ccedil;iril\u0259n t\u0259dbirl\u0259r\u0259 t&ouml;hf\u0259 verm\u0259k m\u0259qs\u0259dil\u0259 MDU-da ekoloji t\u0259hsilin inki\u015faf etdirilm\u0259sin\u0259, aktual m&ouml;vzulara h\u0259sr edilmi\u015f m&uuml;xt\u0259lif ekoloji maarifl\u0259ndirm\u0259 t\u0259dbirl\u0259rinin h\u0259yata ke&ccedil;irilm\u0259sin\u0259 x&uuml;susi \u0259h\u0259miyy\u0259t verilir.<\/span><\/p>\n<p>{phocagallery view=category|categoryid=608|limitstart=0|limitcount=0}<\/p>","protected":false},"excerpt":{"rendered":"<p>Ming\u0259&ccedil;evir D&ouml;vl\u0259t Universitetind\u0259 elmi-praktik seminar ke&ccedil;irilib 2021-ci ilin 24 may tarixind\u0259 Ming\u0259&ccedil;evir D&ouml;vl\u0259t Universitetind\u0259 (MDU) &ldquo;B\u0259rk m\u0259i\u015f\u0259t tullant\u0131lar\u0131n\u0131n idar\u0259 edilm\u0259si: probleml\u0259r v\u0259 perspektivl\u0259r&rdquo; m&ouml;vzusunda elmi-praktik seminar ke&ccedil;irilib. &ldquo;ZOOM&rdquo; platformas\u0131 &uuml;z\u0259rind\u0259n onlayn formatda t\u0259\u015fkil edil\u0259n seminar\u0131 giri\u015f s&ouml;z&uuml; il\u0259 a&ccedil;an MDU-nun elmi i\u015fl\u0259r &uuml;zr\u0259 prorektor \u0259v\u0259zi Veys\u0259l \u018fyyubov Az\u0259rbaycan Respublikas\u0131 Prezidentinin m&uuml;vafiq S\u0259r\u0259ncam\u0131 il\u0259 t\u0259sdiq edilmi\u015f [&hellip;]<\/p>\n","protected":false},"author":1,"featured_media":0,"comment_status":"open","ping_status":"open","sticky":false,"template":"","format":"standard","meta":{"_eb_attr":"","ocean_post_layout":"","ocean_both_sidebars_style":"","ocean_both_sidebars_content_width":0,"ocean_both_sidebars_sidebars_width":0,"ocean_sidebar":"","ocean_second_sidebar":"","ocean_disable_margins":"enable","ocean_add_body_class":"","ocean_shortcode_before_top_bar":"","ocean_shortcode_after_top_bar":"","ocean_shortcode_before_header":"","ocean_shortcode_after_header":"","ocean_has_shortcode":"","ocean_shortcode_after_title":"","ocean_shortcode_before_footer_widgets":"","ocean_shortcode_after_footer_widgets":"","ocean_shortcode_before_footer_bottom":"","ocean_shortcode_after_footer_bottom":"","ocean_display_top_bar":"default","ocean_display_header":"default","ocean_header_style":"","ocean_center_header_left_menu":"","ocean_custom_header_template":"","ocean_custom_logo":0,"ocean_custom_retina_logo":0,"ocean_custom_logo_max_width":0,"ocean_custom_logo_tablet_max_width":0,"ocean_custom_logo_mobile_max_width":0,"ocean_custom_logo_max_height":0,"ocean_custom_logo_tablet_max_height":0,"ocean_custom_logo_mobile_max_height":0,"ocean_header_custom_menu":"","ocean_menu_typo_font_family":"","ocean_menu_typo_font_subset":"","ocean_menu_typo_font_size":0,"ocean_menu_typo_font_size_tablet":0,"ocean_menu_typo_font_size_mobile":0,"ocean_menu_typo_font_size_unit":"px","ocean_menu_typo_font_weight":"","ocean_menu_typo_font_weight_tablet":"","ocean_menu_typo_font_weight_mobile":"","ocean_menu_typo_transform":"","ocean_menu_typo_transform_tablet":"","ocean_menu_typo_transform_mobile":"","ocean_menu_typo_line_height":0,"ocean_menu_typo_line_height_tablet":0,"ocean_menu_typo_line_height_mobile":0,"ocean_menu_typo_line_height_unit":"","ocean_menu_typo_spacing":0,"ocean_menu_typo_spacing_tablet":0,"ocean_menu_typo_spacing_mobile":0,"ocean_menu_typo_spacing_unit":"","ocean_menu_link_color":"","ocean_menu_link_color_hover":"","ocean_menu_link_color_active":"","ocean_menu_link_background":"","ocean_menu_link_hover_background":"","ocean_menu_link_active_background":"","ocean_menu_social_links_bg":"","ocean_menu_social_hover_links_bg":"","ocean_menu_social_links_color":"","ocean_menu_social_hover_links_color":"","ocean_disable_title":"default","ocean_disable_heading":"default","ocean_post_title":"","ocean_post_subheading":"","ocean_post_title_style":"","ocean_post_title_background_color":"","ocean_post_title_background":0,"ocean_post_title_bg_image_position":"","ocean_post_title_bg_image_attachment":"","ocean_post_title_bg_image_repeat":"","ocean_post_title_bg_image_size":"","ocean_post_title_height":0,"ocean_post_title_bg_overlay":0.5,"ocean_post_title_bg_overlay_color":"","ocean_disable_breadcrumbs":"default","ocean_breadcrumbs_color":"","ocean_breadcrumbs_separator_color":"","ocean_breadcrumbs_links_color":"","ocean_breadcrumbs_links_hover_color":"","ocean_display_footer_widgets":"default","ocean_display_footer_bottom":"default","ocean_custom_footer_template":"","ocean_post_oembed":"","ocean_post_self_hosted_media":"","ocean_post_video_embed":"","ocean_link_format":"","ocean_link_format_target":"self","ocean_quote_format":"","ocean_quote_format_link":"post","ocean_gallery_link_images":"on","ocean_gallery_id":[],"footnotes":""},"categories":[63],"tags":[],"class_list":["post-15899","post","type-post","status-publish","format-standard","hentry","category-khaebaerlaer-az","entry"],"_links":{"self":[{"href":"https:\/\/mdu.edu.az\/ru\/wp-json\/wp\/v2\/posts\/15899","targetHints":{"allow":["GET"]}}],"collection":[{"href":"https:\/\/mdu.edu.az\/ru\/wp-json\/wp\/v2\/posts"}],"about":[{"href":"https:\/\/mdu.edu.az\/ru\/wp-json\/wp\/v2\/types\/post"}],"author":[{"embeddable":true,"href":"https:\/\/mdu.edu.az\/ru\/wp-json\/wp\/v2\/users\/1"}],"replies":[{"embeddable":true,"href":"https:\/\/mdu.edu.az\/ru\/wp-json\/wp\/v2\/comments?post=15899"}],"version-history":[{"count":0,"href":"https:\/\/mdu.edu.az\/ru\/wp-json\/wp\/v2\/posts\/15899\/revisions"}],"wp:attachment":[{"href":"https:\/\/mdu.edu.az\/ru\/wp-json\/wp\/v2\/media?parent=15899"}],"wp:term":[{"taxonomy":"category","embeddable":true,"href":"https:\/\/mdu.edu.az\/ru\/wp-json\/wp\/v2\/categories?post=15899"},{"taxonomy":"post_tag","embeddable":true,"href":"https:\/\/mdu.edu.az\/ru\/wp-json\/wp\/v2\/tags?post=15899"}],"curies":[{"name":"wp","href":"https:\/\/api.w.org\/{rel}","templated":true}]}}