{"id":15932,"date":"2021-06-10T21:20:07","date_gmt":"2021-06-10T18:20:07","guid":{"rendered":"https:\/\/mdu.edu.az\/10-06-2021\/"},"modified":"2021-06-10T21:20:07","modified_gmt":"2021-06-10T18:20:07","slug":"10-06-2021","status":"publish","type":"post","link":"https:\/\/mdu.edu.az\/ru\/10-06-2021\/","title":{"rendered":"Ming\u0259\u00e7evir D\u00f6vl\u0259t Universitetind\u0259 n\u00f6vb\u0259ti \u201cA\u00e7\u0131q qap\u0131\u201d g\u00fcn\u00fc ke\u00e7irilib"},"content":{"rendered":"<p style=\"margin-top: 0cm; margin-right: 0cm; margin-bottom: 0.0001pt; text-align: center; line-height: 150%; background: white none repeat scroll 0% 0%;\"><b><span style=\"font-size: 14pt; line-height: 150%; font-family: 'Arial', sans-serif; color: #002060;\">Ming\u0259&ccedil;evir D&ouml;vl\u0259t Universitetind\u0259 n&ouml;vb\u0259ti &ldquo;A&ccedil;\u0131q qap\u0131&rdquo; g&uuml;n&uuml; ke&ccedil;irilib<\/span><\/b><\/p>\n<p>&nbsp;<\/p>\n<p style=\"margin-top: 0cm; margin-right: 0cm; margin-bottom: 0.0001pt; text-align: justify; text-indent: 1cm; line-height: 150%; background: white none repeat scroll 0% 0%;\"><span style=\"color: #000000;\"><span style=\"font-family: 'Helvetica', sans-serif; color: #666666;\"><\/span><span style=\"font-family: 'Arial', sans-serif; color: black;\">2021-ci ilin <\/span><span style=\"font-family: 'Arial', sans-serif; color: black;\">10 iyun<\/span><span style=\"font-family: 'Arial', sans-serif; color: black;\"> tarixind\u0259 Ming\u0259&ccedil;evir D&ouml;vl\u0259t Universitetind\u0259 (MDU) 2020\/2021-ci t\u0259dris ilinin <\/span><span style=\"font-family: 'Arial', sans-serif; color: black;\">yaz <\/span><span style=\"font-family: 'Arial', sans-serif; color: black;\">imtahan sessiyas\u0131 &ccedil;\u0259r&ccedil;iv\u0259sind\u0259 n&ouml;vb\u0259ti &ldquo;A&ccedil;\u0131q qap\u0131&rdquo; g&uuml;n&uuml; ke&ccedil;irilib. &ldquo;Microsoft Teams&rdquo; platformas\u0131 &uuml;z\u0259rind\u0259n on<\/span><span style=\"font-family: 'Arial', sans-serif; color: black;\">layn <\/span><span style=\"font-family: 'Arial', sans-serif; color: black;\">formatda t\u0259\u015fkil olunan &ldquo;A&ccedil;\u0131q qap\u0131&rdquo; g&uuml;n&uuml;nd\u0259 MDU-nun rektoru \u015eahin Bayramov universitetin t\u0259l\u0259b\u0259 v\u0259 magistrantlar\u0131 il\u0259 g&ouml;r&uuml;\u015f&uuml;b.<\/span><\/span><\/p>\n<p style=\"margin-top: 0cm; margin-right: 0cm; margin-bottom: 0.0001pt; text-align: justify; text-indent: 1cm; line-height: 150%; background: white none repeat scroll 0% 0%;\"><span style=\"color: #000000;\"><span style=\"font-family: 'Arial', sans-serif; color: black;\">T<\/span><span style=\"font-family: 'Arial', sans-serif; color: black;\">\u0259l\u0259b\u0259l\u0259rin ist\u0259kl\u0259rini, probleml\u0259rini v\u0259 t\u0259klifl\u0259rini &ouml;yr\u0259nm\u0259k<\/span><span style=\"font-family: 'Arial', sans-serif; color: black;\"> m\u0259qs\u0259dil\u0259<\/span><span style=\"font-family: 'Arial', sans-serif; color: black;\"> <\/span><span style=\"font-family: 'Arial', sans-serif; color: black;\">h\u0259r h\u0259ft\u0259 <\/span><span style=\"font-family: 'Arial', sans-serif; color: black;\">&ldquo;A&ccedil;\u0131q qap\u0131&rdquo; g&uuml;nl\u0259rinin ke&ccedil;irildiyini <\/span><span style=\"font-family: 'Arial', sans-serif; color: black;\">diqq\u0259t\u0259 &ccedil;atd\u0131ran<\/span><span style=\"font-family: 'Arial', sans-serif; color: black;\"> rektor m&ouml;vcud \u015f\u0259raitd\u0259 t\u0259hsilalanlar il\u0259 &ccedil;evik <\/span><span style=\"font-family: 'Arial', sans-serif; color: black;\">onlayn <\/span><span style=\"font-family: 'Arial', sans-serif; color: black;\">kommunikasiya<\/span><span style=\"font-family: 'Arial', sans-serif; color: black;\">n\u0131n &ouml;n\u0259mind\u0259n dan\u0131\u015f\u0131b.<\/span><\/span><\/p>\n<p style=\"margin-top: 0cm; margin-right: 0cm; margin-bottom: 0.0001pt; text-align: justify; text-indent: 1cm; line-height: 150%; background: white none repeat scroll 0% 0%;\"><span style=\"font-family: 'Arial', sans-serif; color: #000000;\">Cari imtahan sessiyas\u0131n\u0131n ilk h\u0259ft\u0259sinin u\u011furla ba\u015fa &ccedil;atd\u0131\u011f\u0131n\u0131 vur\u011fulayan \u015e.Bayramov onlayn imtahanlar zaman\u0131 he&ccedil; bir texniki &ccedil;\u0259tinliyin yaranmad\u0131\u011f\u0131n\u0131 qeyd edib.<\/span><\/p>\n<p style=\"margin-top: 0cm; margin-right: 0cm; margin-bottom: 0.0001pt; text-align: justify; text-indent: 26.95pt; line-height: 150%; background: white none repeat scroll 0% 0%;\"><span style=\"font-family: 'Arial', sans-serif; color: #000000;\">\u0130mtahanlarda i\u015ftirak&ccedil;\u0131l\u0131q, m\u0259nims\u0259m\u0259 v\u0259 keyfiyy\u0259t g&ouml;st\u0259ricil\u0259rinin &uuml;r\u0259ka&ccedil;an s\u0259viyy\u0259d\u0259 oldu\u011funu, n\u0259z\u0259rd\u0259 tutulmu\u015f b&uuml;t&uuml;n imtahanlar\u0131n ba\u015f tutdu\u011funu diqq\u0259t\u0259 &ccedil;atd\u0131ran rektor yaz imtahan sessiyas\u0131n\u0131n obyektiv, \u015f\u0259ffaf, \u0259dal\u0259tli v\u0259 m&uuml;t\u0259\u015f\u0259kkil ke&ccedil;irilm\u0259sind\u0259 \u0259m\u0259yi olan MDU-nun professor-m&uuml;\u0259llim, inzibati v\u0259 texniki hey\u0259t &uuml;zvl\u0259rin\u0259, k&ouml;n&uuml;ll&uuml; t\u0259l\u0259b\u0259l\u0259r\u0259 t\u0259\u015f\u0259kk&uuml;r&uuml;n&uuml; bildirib. <\/span><\/p>\n<p style=\"margin-top: 0cm; margin-right: 0cm; margin-bottom: 0.0001pt; text-align: justify; text-indent: 1cm; line-height: 150%; background: white none repeat scroll 0% 0%;\"><span style=\"font-family: 'Arial', sans-serif; color: #000000; background: white none repeat scroll 0% 0%;\">S\u0259mimi ortamda ke&ccedil;\u0259n g&ouml;r&uuml;\u015fd\u0259 universitetd\u0259 imtahan sessiyas\u0131n\u0131n t\u0259\u015fkilind\u0259n v\u0259 yarad\u0131lan \u015f\u0259raitd\u0259n raz\u0131l\u0131q ifad\u0259 edilib.<\/span><\/p>\n<p style=\"margin-top: 0cm; margin-right: 0cm; margin-bottom: 0.0001pt; text-align: justify; text-indent: 1cm; line-height: 150%; background: white none repeat scroll 0% 0%;\"><span style=\"color: #000000;\"><span style=\"font-family: 'Arial', sans-serif; color: black;\">Qeyd ed\u0259k ki, &ldquo;A&ccedil;\u0131q qap\u0131&rdquo; g&uuml;nl\u0259rinin cari ilin 5 iyul tarixin\u0259d\u0259k h\u0259r h\u0259ft\u0259nin c&uuml;m\u0259 ax\u015fam\u0131 g&uuml;n&uuml; t\u0259\u015fkil olunmas\u0131 n\u0259z\u0259rd\u0259 tutulub.<\/span><span style=\"font-size: 10.5pt; line-height: 150%; font-family: 'Arial', sans-serif; color: black; background: white none repeat scroll 0% 0%;\"> <\/span><span style=\"font-family: 'Arial', sans-serif; color: black;\">Cari imtahan sessiyas\u0131 \u0259rzind\u0259 ilk &ldquo;A&ccedil;\u0131q qap\u0131&rdquo; g&uuml;n&uuml; 3 iyun tarixind\u0259 ke&ccedil;irilib.<\/span><\/span><\/p>\n<p>{phocagallery view=category|categoryid=626|limitstart=0|limitcount=0}<\/p>\n<p style=\"margin-bottom: 0.0001pt; line-height: 150%;\"><span style=\"font-size: 12pt; line-height: 150%; color: #000000;\"><\/span><\/p>","protected":false},"excerpt":{"rendered":"<p>Ming\u0259&ccedil;evir D&ouml;vl\u0259t Universitetind\u0259 n&ouml;vb\u0259ti &ldquo;A&ccedil;\u0131q qap\u0131&rdquo; g&uuml;n&uuml; ke&ccedil;irilib &nbsp; 2021-ci ilin 10 iyun tarixind\u0259 Ming\u0259&ccedil;evir D&ouml;vl\u0259t Universitetind\u0259 (MDU) 2020\/2021-ci t\u0259dris ilinin yaz imtahan sessiyas\u0131 &ccedil;\u0259r&ccedil;iv\u0259sind\u0259 n&ouml;vb\u0259ti &ldquo;A&ccedil;\u0131q qap\u0131&rdquo; g&uuml;n&uuml; ke&ccedil;irilib. &ldquo;Microsoft Teams&rdquo; platformas\u0131 &uuml;z\u0259rind\u0259n onlayn formatda t\u0259\u015fkil olunan &ldquo;A&ccedil;\u0131q qap\u0131&rdquo; g&uuml;n&uuml;nd\u0259 MDU-nun rektoru \u015eahin Bayramov universitetin t\u0259l\u0259b\u0259 v\u0259 magistrantlar\u0131 il\u0259 g&ouml;r&uuml;\u015f&uuml;b. T\u0259l\u0259b\u0259l\u0259rin ist\u0259kl\u0259rini, probleml\u0259rini v\u0259 [&hellip;]<\/p>\n","protected":false},"author":1,"featured_media":0,"comment_status":"open","ping_status":"open","sticky":false,"template":"","format":"standard","meta":{"_eb_attr":"","ocean_post_layout":"","ocean_both_sidebars_style":"","ocean_both_sidebars_content_width":0,"ocean_both_sidebars_sidebars_width":0,"ocean_sidebar":"","ocean_second_sidebar":"","ocean_disable_margins":"enable","ocean_add_body_class":"","ocean_shortcode_before_top_bar":"","ocean_shortcode_after_top_bar":"","ocean_shortcode_before_header":"","ocean_shortcode_after_header":"","ocean_has_shortcode":"","ocean_shortcode_after_title":"","ocean_shortcode_before_footer_widgets":"","ocean_shortcode_after_footer_widgets":"","ocean_shortcode_before_footer_bottom":"","ocean_shortcode_after_footer_bottom":"","ocean_display_top_bar":"default","ocean_display_header":"default","ocean_header_style":"","ocean_center_header_left_menu":"","ocean_custom_header_template":"","ocean_custom_logo":0,"ocean_custom_retina_logo":0,"ocean_custom_logo_max_width":0,"ocean_custom_logo_tablet_max_width":0,"ocean_custom_logo_mobile_max_width":0,"ocean_custom_logo_max_height":0,"ocean_custom_logo_tablet_max_height":0,"ocean_custom_logo_mobile_max_height":0,"ocean_header_custom_menu":"","ocean_menu_typo_font_family":"","ocean_menu_typo_font_subset":"","ocean_menu_typo_font_size":0,"ocean_menu_typo_font_size_tablet":0,"ocean_menu_typo_font_size_mobile":0,"ocean_menu_typo_font_size_unit":"px","ocean_menu_typo_font_weight":"","ocean_menu_typo_font_weight_tablet":"","ocean_menu_typo_font_weight_mobile":"","ocean_menu_typo_transform":"","ocean_menu_typo_transform_tablet":"","ocean_menu_typo_transform_mobile":"","ocean_menu_typo_line_height":0,"ocean_menu_typo_line_height_tablet":0,"ocean_menu_typo_line_height_mobile":0,"ocean_menu_typo_line_height_unit":"","ocean_menu_typo_spacing":0,"ocean_menu_typo_spacing_tablet":0,"ocean_menu_typo_spacing_mobile":0,"ocean_menu_typo_spacing_unit":"","ocean_menu_link_color":"","ocean_menu_link_color_hover":"","ocean_menu_link_color_active":"","ocean_menu_link_background":"","ocean_menu_link_hover_background":"","ocean_menu_link_active_background":"","ocean_menu_social_links_bg":"","ocean_menu_social_hover_links_bg":"","ocean_menu_social_links_color":"","ocean_menu_social_hover_links_color":"","ocean_disable_title":"default","ocean_disable_heading":"default","ocean_post_title":"","ocean_post_subheading":"","ocean_post_title_style":"","ocean_post_title_background_color":"","ocean_post_title_background":0,"ocean_post_title_bg_image_position":"","ocean_post_title_bg_image_attachment":"","ocean_post_title_bg_image_repeat":"","ocean_post_title_bg_image_size":"","ocean_post_title_height":0,"ocean_post_title_bg_overlay":0.5,"ocean_post_title_bg_overlay_color":"","ocean_disable_breadcrumbs":"default","ocean_breadcrumbs_color":"","ocean_breadcrumbs_separator_color":"","ocean_breadcrumbs_links_color":"","ocean_breadcrumbs_links_hover_color":"","ocean_display_footer_widgets":"default","ocean_display_footer_bottom":"default","ocean_custom_footer_template":"","ocean_post_oembed":"","ocean_post_self_hosted_media":"","ocean_post_video_embed":"","ocean_link_format":"","ocean_link_format_target":"self","ocean_quote_format":"","ocean_quote_format_link":"post","ocean_gallery_link_images":"on","ocean_gallery_id":[],"footnotes":""},"categories":[63],"tags":[],"class_list":["post-15932","post","type-post","status-publish","format-standard","hentry","category-khaebaerlaer-az","entry"],"_links":{"self":[{"href":"https:\/\/mdu.edu.az\/ru\/wp-json\/wp\/v2\/posts\/15932","targetHints":{"allow":["GET"]}}],"collection":[{"href":"https:\/\/mdu.edu.az\/ru\/wp-json\/wp\/v2\/posts"}],"about":[{"href":"https:\/\/mdu.edu.az\/ru\/wp-json\/wp\/v2\/types\/post"}],"author":[{"embeddable":true,"href":"https:\/\/mdu.edu.az\/ru\/wp-json\/wp\/v2\/users\/1"}],"replies":[{"embeddable":true,"href":"https:\/\/mdu.edu.az\/ru\/wp-json\/wp\/v2\/comments?post=15932"}],"version-history":[{"count":0,"href":"https:\/\/mdu.edu.az\/ru\/wp-json\/wp\/v2\/posts\/15932\/revisions"}],"wp:attachment":[{"href":"https:\/\/mdu.edu.az\/ru\/wp-json\/wp\/v2\/media?parent=15932"}],"wp:term":[{"taxonomy":"category","embeddable":true,"href":"https:\/\/mdu.edu.az\/ru\/wp-json\/wp\/v2\/categories?post=15932"},{"taxonomy":"post_tag","embeddable":true,"href":"https:\/\/mdu.edu.az\/ru\/wp-json\/wp\/v2\/tags?post=15932"}],"curies":[{"name":"wp","href":"https:\/\/api.w.org\/{rel}","templated":true}]}}