{"id":15949,"date":"2021-06-18T19:02:21","date_gmt":"2021-06-18T16:02:21","guid":{"rendered":"https:\/\/mdu.edu.az\/minzh-evir-d-vl-t-universiteti-il-t-rkiy-nin-y-ld-z-tekhniki-universiteti-aras-nda-m-kda-l-zh-inki-af-edir\/"},"modified":"2021-06-18T19:02:21","modified_gmt":"2021-06-18T16:02:21","slug":"minzh-evir-d-vl-t-universiteti-il-t-rkiy-nin-y-ld-z-tekhniki-universiteti-aras-nda-m-kda-l-zh-inki-af-edir","status":"publish","type":"post","link":"https:\/\/mdu.edu.az\/ru\/minzh-evir-d-vl-t-universiteti-il-t-rkiy-nin-y-ld-z-tekhniki-universiteti-aras-nda-m-kda-l-zh-inki-af-edir\/","title":{"rendered":"Ming\u0259\u00e7evir D\u00f6vl\u0259t Universiteti il\u0259 T\u00fcrkiy\u0259nin Y\u0131ld\u0131z Texniki Universiteti aras\u0131nda \u0259m\u0259kda\u015fl\u0131q inki\u015faf edir"},"content":{"rendered":"<p style=\"margin-bottom: 6pt; text-indent: 35.45pt; text-align: center;\"><span style=\"font-size: 14pt;\"><strong><span style=\"line-height: 107%; font-family: Arial, sans-serif; color: #0000ff;\">Ming\u0259&ccedil;evir D&ouml;vl\u0259t Universiteti il\u0259 T&uuml;rkiy\u0259nin Y\u0131ld\u0131z Texniki Universiteti aras\u0131nda \u0259m\u0259kda\u015fl\u0131q inki\u015faf edir<\/span><\/strong><\/span><\/p>\n<p style=\"margin-bottom: 6pt; text-align: justify; text-indent: 35.45pt;\"><span style=\"font-size: 12pt; line-height: 107%; font-family: Arial, sans-serif; color: #000000;\">2021-ci iln 18 iyun tarixind\u0259 T&uuml;rkiy\u0259nin Y\u0131ld\u0131z Texniki Universitetinin (YTU) rektoru Tamer Y\u0131lmaz\u0131n r\u0259hb\u0259rlik etdiyi n&uuml;may\u0259nd\u0259 hey\u0259til\u0259 Az\u0259rbaycan Texniki Universitetind\u0259 (AzTU) g&ouml;r&uuml;\u015f ke&ccedil;irilib. G&ouml;r&uuml;\u015fd\u0259 AzTU-nun rektoru Vilay\u0259t V\u0259liyev v\u0259 Ming\u0259&ccedil;evir D&ouml;vl\u0259t Universitetinin (MDU) rektoru \u015eahin Bayramov i\u015ftirak edibl\u0259r.<\/span><\/p>\n<p style=\"margin-bottom: 6pt; text-align: justify; text-indent: 35.45pt;\"><span style=\"font-size: 12pt; line-height: 107%; font-family: Arial, sans-serif; color: #000000;\">G&ouml;r&uuml;\u015fd\u0259 universitetl\u0259r aras\u0131nda t\u0259l\u0259b\u0259 v\u0259 m&uuml;\u0259llim m&uuml;badil\u0259si, birg\u0259 ara\u015fd\u0131rma m\u0259rk\u0259zinin yarad\u0131lmas\u0131, ortaq layih\u0259l\u0259rin h\u0259yata ke&ccedil;irilm\u0259si, t\u0259cr&uuml;b\u0259 m&uuml;badil\u0259si v\u0259 qar\u015f\u0131l\u0131ql\u0131 maraq do\u011furan dig\u0259r sah\u0259l\u0259rd\u0259 \u0259m\u0259kda\u015fl\u0131\u011f\u0131n potensial istiqam\u0259tl\u0259ri bar\u0259d\u0259 \u0259trafl\u0131 m&uuml;zakir\u0259l\u0259r apar\u0131l\u0131b, &uuml;&ccedil;t\u0259r\u0259fli \u0259m\u0259kda\u015fl\u0131q format\u0131n\u0131n inki\u015faf etdirilm\u0259si il\u0259 ba\u011fl\u0131 potensial imkanlar y&uuml;ks\u0259k qiym\u0259tl\u0259ndirilib, m&uuml;vafiq t\u0259klifl\u0259r n\u0259z\u0259rd\u0259n ke&ccedil;irilib.<\/span><\/p>\n<p style=\"margin-bottom: 6pt; text-align: justify; text-indent: 35.45pt;\"><span style=\"font-size: 12pt; line-height: 107%; font-family: Arial, sans-serif; color: #000000;\">G&ouml;r&uuml;\u015f &ccedil;\u0259r&ccedil;iv\u0259sind\u0259 AzTU v\u0259 YTU aras\u0131nda beyn\u0259lxalq t\u0259hsil \u0259m\u0259kda\u015fl\u0131\u011f\u0131 &uuml;zr\u0259 anla\u015fma memorandumu imzalan\u0131b.<\/span><\/p>\n<p style=\"margin-bottom: 6pt; text-align: justify; text-indent: 35.45pt;\"><span style=\"font-size: 12pt; line-height: 107%; font-family: Arial, sans-serif; color: #000000;\">Daha sonra, MDU v\u0259 YTU aras\u0131nda Mevlana M&uuml;badil\u0259 Protokolu imzalan\u0131b. S\u0259n\u0259d n&ouml;vb\u0259ti t\u0259dris ilind\u0259 universitetl\u0259r aras\u0131nda t\u0259l\u0259b\u0259, m&uuml;\u0259llim v\u0259 inzibati hey\u0259t &uuml;zvl\u0259rinin m&uuml;badil\u0259sini n\u0259z\u0259rd\u0259 tutur.<\/span><\/p>\n<p style=\"margin-bottom: 6pt; text-align: justify; text-indent: 35.45pt;\"><span style=\"font-size: 12pt; line-height: 107%; font-family: Arial, sans-serif; color: #000000;\">M\u0259lumat verildiyi kimi, YTU il\u0259 MDU aras\u0131nda \u0259laq\u0259l\u0259rin \u0259sas\u0131 2021-ci ilin mart ay\u0131nda rektor \u015e.Bayramovun qarda\u015f &ouml;lk\u0259y\u0259 s\u0259f\u0259ri &ccedil;\u0259r&ccedil;iv\u0259sind\u0259 \u0259m\u0259kda\u015fl\u0131q protokolunun imzalanmas\u0131 il\u0259 qoyulub. H\u0259r iki universitet &uuml;&ccedil;&uuml;n qar\u015f\u0131l\u0131ql\u0131 maraq do\u011furan sah\u0259l\u0259rd\u0259 potensial \u0259m\u0259kda\u015fl\u0131\u011f\u0131n yarad\u0131lmas\u0131n\u0131 n\u0259z\u0259rd\u0259 tutan protokol t\u0259l\u0259b\u0259 v\u0259 m&uuml;\u0259llim m&uuml;badil\u0259sini, ortaq m&uuml;hazir\u0259l\u0259rin t\u0259\u015fkilini, birg\u0259 t\u0259dqiqatlar\u0131n apar\u0131lmas\u0131n\u0131, q\u0131sam&uuml;dd\u0259tli akademik proqramlar\u0131n h\u0259yata ke&ccedil;irilm\u0259sini v\u0259 dig\u0259r m\u0259s\u0259l\u0259l\u0259ri \u0259hat\u0259 edir.<\/span><\/p>\n<p style=\"margin-bottom: 6pt; text-align: justify; text-indent: 35.45pt;\"><span style=\"font-size: 12pt; line-height: 107%; font-family: Arial, sans-serif; color: #000000;\">Qeyd ed\u0259k ki, haz\u0131rda s&uuml;r\u0259tl\u0259 modernl\u0259\u015f\u0259n MDU-da T&uuml;rkiy\u0259nin qabaqc\u0131l ali t\u0259hsil m&uuml;\u0259ssis\u0259l\u0259rind\u0259n olan YTU il\u0259, el\u0259c\u0259 d\u0259 y&uuml;ks\u0259k maddi-texniki bazaya v\u0259 akademik potensiala malik olan AzTU il\u0259 qar\u015f\u0131l\u0131ql\u0131 faydal\u0131 \u0259m\u0259kda\u015fl\u0131\u011fa x&uuml;susi &ouml;n\u0259m verilir. N&ouml;vb\u0259ti m\u0259rh\u0259l\u0259d\u0259, s&ouml;z&uuml;ged\u0259n universitetl\u0259r aras\u0131nda &uuml;&ccedil;t\u0259r\u0259fli formatda da \u0259m\u0259kda\u015fl\u0131\u011f\u0131n inki\u015faf etdirilm\u0259si diqq\u0259t m\u0259rk\u0259zind\u0259 saxlan\u0131lacaqd\u0131r.<\/span><\/p>\n<p>{phocagallery view=category|categoryid=633|limitstart=0|limitcount=0}<\/p>","protected":false},"excerpt":{"rendered":"<p>Ming\u0259&ccedil;evir D&ouml;vl\u0259t Universiteti il\u0259 T&uuml;rkiy\u0259nin Y\u0131ld\u0131z Texniki Universiteti aras\u0131nda \u0259m\u0259kda\u015fl\u0131q inki\u015faf edir 2021-ci iln 18 iyun tarixind\u0259 T&uuml;rkiy\u0259nin Y\u0131ld\u0131z Texniki Universitetinin (YTU) rektoru Tamer Y\u0131lmaz\u0131n r\u0259hb\u0259rlik etdiyi n&uuml;may\u0259nd\u0259 hey\u0259til\u0259 Az\u0259rbaycan Texniki Universitetind\u0259 (AzTU) g&ouml;r&uuml;\u015f ke&ccedil;irilib. G&ouml;r&uuml;\u015fd\u0259 AzTU-nun rektoru Vilay\u0259t V\u0259liyev v\u0259 Ming\u0259&ccedil;evir D&ouml;vl\u0259t Universitetinin (MDU) rektoru \u015eahin Bayramov i\u015ftirak edibl\u0259r. G&ouml;r&uuml;\u015fd\u0259 universitetl\u0259r aras\u0131nda t\u0259l\u0259b\u0259 v\u0259 [&hellip;]<\/p>\n","protected":false},"author":1,"featured_media":0,"comment_status":"open","ping_status":"open","sticky":false,"template":"","format":"standard","meta":{"_eb_attr":"","ocean_post_layout":"","ocean_both_sidebars_style":"","ocean_both_sidebars_content_width":0,"ocean_both_sidebars_sidebars_width":0,"ocean_sidebar":"","ocean_second_sidebar":"","ocean_disable_margins":"enable","ocean_add_body_class":"","ocean_shortcode_before_top_bar":"","ocean_shortcode_after_top_bar":"","ocean_shortcode_before_header":"","ocean_shortcode_after_header":"","ocean_has_shortcode":"","ocean_shortcode_after_title":"","ocean_shortcode_before_footer_widgets":"","ocean_shortcode_after_footer_widgets":"","ocean_shortcode_before_footer_bottom":"","ocean_shortcode_after_footer_bottom":"","ocean_display_top_bar":"default","ocean_display_header":"default","ocean_header_style":"","ocean_center_header_left_menu":"","ocean_custom_header_template":"","ocean_custom_logo":0,"ocean_custom_retina_logo":0,"ocean_custom_logo_max_width":0,"ocean_custom_logo_tablet_max_width":0,"ocean_custom_logo_mobile_max_width":0,"ocean_custom_logo_max_height":0,"ocean_custom_logo_tablet_max_height":0,"ocean_custom_logo_mobile_max_height":0,"ocean_header_custom_menu":"","ocean_menu_typo_font_family":"","ocean_menu_typo_font_subset":"","ocean_menu_typo_font_size":0,"ocean_menu_typo_font_size_tablet":0,"ocean_menu_typo_font_size_mobile":0,"ocean_menu_typo_font_size_unit":"px","ocean_menu_typo_font_weight":"","ocean_menu_typo_font_weight_tablet":"","ocean_menu_typo_font_weight_mobile":"","ocean_menu_typo_transform":"","ocean_menu_typo_transform_tablet":"","ocean_menu_typo_transform_mobile":"","ocean_menu_typo_line_height":0,"ocean_menu_typo_line_height_tablet":0,"ocean_menu_typo_line_height_mobile":0,"ocean_menu_typo_line_height_unit":"","ocean_menu_typo_spacing":0,"ocean_menu_typo_spacing_tablet":0,"ocean_menu_typo_spacing_mobile":0,"ocean_menu_typo_spacing_unit":"","ocean_menu_link_color":"","ocean_menu_link_color_hover":"","ocean_menu_link_color_active":"","ocean_menu_link_background":"","ocean_menu_link_hover_background":"","ocean_menu_link_active_background":"","ocean_menu_social_links_bg":"","ocean_menu_social_hover_links_bg":"","ocean_menu_social_links_color":"","ocean_menu_social_hover_links_color":"","ocean_disable_title":"default","ocean_disable_heading":"default","ocean_post_title":"","ocean_post_subheading":"","ocean_post_title_style":"","ocean_post_title_background_color":"","ocean_post_title_background":0,"ocean_post_title_bg_image_position":"","ocean_post_title_bg_image_attachment":"","ocean_post_title_bg_image_repeat":"","ocean_post_title_bg_image_size":"","ocean_post_title_height":0,"ocean_post_title_bg_overlay":0.5,"ocean_post_title_bg_overlay_color":"","ocean_disable_breadcrumbs":"default","ocean_breadcrumbs_color":"","ocean_breadcrumbs_separator_color":"","ocean_breadcrumbs_links_color":"","ocean_breadcrumbs_links_hover_color":"","ocean_display_footer_widgets":"default","ocean_display_footer_bottom":"default","ocean_custom_footer_template":"","ocean_post_oembed":"","ocean_post_self_hosted_media":"","ocean_post_video_embed":"","ocean_link_format":"","ocean_link_format_target":"self","ocean_quote_format":"","ocean_quote_format_link":"post","ocean_gallery_link_images":"on","ocean_gallery_id":[],"footnotes":""},"categories":[63],"tags":[],"class_list":["post-15949","post","type-post","status-publish","format-standard","hentry","category-khaebaerlaer-az","entry"],"_links":{"self":[{"href":"https:\/\/mdu.edu.az\/ru\/wp-json\/wp\/v2\/posts\/15949","targetHints":{"allow":["GET"]}}],"collection":[{"href":"https:\/\/mdu.edu.az\/ru\/wp-json\/wp\/v2\/posts"}],"about":[{"href":"https:\/\/mdu.edu.az\/ru\/wp-json\/wp\/v2\/types\/post"}],"author":[{"embeddable":true,"href":"https:\/\/mdu.edu.az\/ru\/wp-json\/wp\/v2\/users\/1"}],"replies":[{"embeddable":true,"href":"https:\/\/mdu.edu.az\/ru\/wp-json\/wp\/v2\/comments?post=15949"}],"version-history":[{"count":0,"href":"https:\/\/mdu.edu.az\/ru\/wp-json\/wp\/v2\/posts\/15949\/revisions"}],"wp:attachment":[{"href":"https:\/\/mdu.edu.az\/ru\/wp-json\/wp\/v2\/media?parent=15949"}],"wp:term":[{"taxonomy":"category","embeddable":true,"href":"https:\/\/mdu.edu.az\/ru\/wp-json\/wp\/v2\/categories?post=15949"},{"taxonomy":"post_tag","embeddable":true,"href":"https:\/\/mdu.edu.az\/ru\/wp-json\/wp\/v2\/tags?post=15949"}],"curies":[{"name":"wp","href":"https:\/\/api.w.org\/{rel}","templated":true}]}}