{"id":15966,"date":"2021-06-29T11:27:29","date_gmt":"2021-06-29T08:27:29","guid":{"rendered":"https:\/\/mdu.edu.az\/az-rbaydzan-ordusu-d-nyan-n-n-zh-dzl-ordular-s-ras-ndad-r\/"},"modified":"2021-06-29T11:27:29","modified_gmt":"2021-06-29T08:27:29","slug":"az-rbaydzan-ordusu-d-nyan-n-n-zh-dzl-ordular-s-ras-ndad-r","status":"publish","type":"post","link":"https:\/\/mdu.edu.az\/ru\/az-rbaydzan-ordusu-d-nyan-n-n-zh-dzl-ordular-s-ras-ndad-r\/","title":{"rendered":"Az\u0259rbaycan Ordusu d\u00fcnyan\u0131n \u0259n g\u00fccl\u00fc ordular\u0131 s\u0131ras\u0131ndad\u0131r."},"content":{"rendered":"<p style=\"text-align: center;\"><span style=\"color: #000000;\"><b><span style=\"font-size: 12pt; font-family: Arial, sans-serif;\"><\/span><\/b><\/span><\/p>\n<p style=\"text-align: center;\"><span style=\"color: #0000ff; font-size: 14pt;\"><b><span style=\"font-family: Arial, sans-serif;\">Az\u0259rbaycan Ordusu d&uuml;nyan\u0131n \u0259n g&uuml;cl&uuml; ordular\u0131 s\u0131ras\u0131ndad\u0131r.<\/span><\/b><\/span><\/p>\n<p style=\"text-align: justify;\"><span style=\"font-size: 12pt; font-family: Arial, sans-serif; color: #000000;\"><\/span><\/p>\n<p style=\"text-align: justify;\"><span style=\"font-size: 12pt; font-family: Arial, sans-serif; color: #000000;\">&nbsp;&nbsp;&nbsp;&nbsp;&nbsp;&nbsp;&nbsp;&nbsp;&nbsp;&nbsp; &Ouml;lk\u0259 ba\u015f&ccedil;\u0131s\u0131,Silahl\u0131 Q&uuml;vv\u0259l\u0259rin Ali Ba\u015f Komandan\u0131 \u0130lham \u018fliyev 26 iyun Silahl\u0131 Q&uuml;vv\u0259l\u0259rin yaranmas\u0131 g&uuml;n&uuml; yaranmas\u0131 g&uuml;n&uuml; m&uuml;nasib\u0259til\u0259 g&ouml;r&uuml;\u015f&uuml; zaman\u0131 Az\u0259rbaycan Ordusunun ke&ccedil;diyi inki\u015faf yolundan b\u0259hs etdi. \u018fld\u0259 edil\u0259n u\u011furlardan geni\u015f b\u0259hs ed\u0259n &ouml;lk\u0259 ba\u015f&ccedil;\u0131s\u0131 bug&uuml;n Az\u0259rbaycan Ordusunun d&uuml;nyan\u0131n \u0259n g&uuml;cl&uuml; ordusu s\u0131ralar\u0131nda oldu\u011funu vur\u011fulayaraq ist\u0259nil\u0259n d&ouml;y&uuml;\u015f tap\u015f\u0131r\u0131\u011f\u0131n\u0131n u\u011furla icra ed\u0259 bilm\u0259k qabiliyy\u0259tind\u0259 olmas\u0131n\u0131n q&uuml;rurunu ya\u015fad\u0131\u011fm\u0131z\u0131 bildirdi. T\u0259bii ki, \u0259ld\u0259 edil\u0259n u\u011furlar bizl\u0259ri d\u0259 &uuml;r\u0259kd\u0259n sevindirir v\u0259 bizl\u0259rd\u0259 ordumuzla q&uuml;rur duyuruq.<\/span><\/p>\n<p style=\"text-align: justify; text-indent: 35.4pt;\"><span style=\"font-size: 12pt; font-family: Arial, sans-serif; color: #000000;\">Uzun ill\u0259r davam ed\u0259n dan\u0131\u015f\u0131qlar he&ccedil; bir n\u0259tic\u0259 verm\u0259di v\u0259 Az\u0259rbaycan &ouml;z \u0259razi b&uuml;t&ouml;vl&uuml;y&uuml;n&uuml;, tarixi \u0259dal\u0259ti, beyn\u0259lxalq h&uuml;ququ d&ouml;y&uuml;\u015f meydan\u0131nda t\u0259min etdi. Q&uuml;rur hissi il\u0259 dey\u0259 bil\u0259rik ki, biz Silahl\u0131 Q&uuml;vv\u0259l\u0259r G&uuml;n&uuml;n&uuml; m&uuml;z\u0259ff\u0259r ordu kimi, qalib xalq kimi qeyd edirik. Bu, tarixi nailiyy\u0259tdir. Az\u0259rbaycan xalq\u0131n\u0131n &ccedil;ox\u0259srlik tarixind\u0259 buna b\u0259nz\u0259r parlaq z\u0259f\u0259r olmam\u0131\u015fd\u0131r. Biz b&uuml;t&uuml;n g&uuml;c&uuml;m&uuml;z&uuml; s\u0259f\u0259rb\u0259r ed\u0259r\u0259k d&uuml;\u015fm\u0259n\u0259 sars\u0131d\u0131c\u0131 z\u0259rb\u0259l\u0259r endirib d&uuml;\u015fm\u0259ni m\u0259\u011flub etdik, tarixi \u0259dal\u0259ti v\u0259 &ouml;lk\u0259mizin \u0259razi b&uuml;t&ouml;vl&uuml;y&uuml;n&uuml; b\u0259rpa etdik.<\/span><\/p>\n<p style=\"text-align: justify; text-indent: 35.4pt;\"><span style=\"font-size: 12pt; font-family: Arial, sans-serif; color: #000000;\">Bu tarix Az\u0259rbaycan xalq\u0131n\u0131n &uuml;r\u0259yind\u0259 \u0259b\u0259di ya\u015fayacaq. Bu, q&uuml;rurun t\u0259nt\u0259n\u0259si idi, milli l\u0259yaq\u0259tin t\u0259nt\u0259n\u0259si idi, Az\u0259rbaycan xalq\u0131n\u0131n \u0259yilm\u0259z ruhunun t\u0259nt\u0259n\u0259si idi. Biz b&uuml;t&uuml;n g&uuml;c&uuml;m&uuml;z&uuml; s\u0259f\u0259rb\u0259r edib bu m&uuml;harib\u0259d\u0259 Q\u0259l\u0259b\u0259 qazanaraq d&uuml;\u015fm\u0259ni torpaqlar\u0131m\u0131zdan qovduq. M&uuml;harib\u0259 n\u0259tic\u0259sind\u0259 Erm\u0259nistan ordusu m\u0259hv edilib. Erm\u0259nistan ordusu yoxdur. 336 tank m\u0259hv edilib, ya da ki, q\u0259nim\u0259t kimi g&ouml;t&uuml;r&uuml;l&uuml;b. S\u0259kkiz S300 qur\u011fusu m\u0259hv edilib, onlar\u0131n hava h&uuml;cumuna qar\u015f\u0131 dig\u0259r artilleriya qur\u011fular\u0131 m\u0259hv edilib. Biz \u015eu\u015fan\u0131 i\u015f\u011fal&ccedil;\u0131lardan azad ed\u0259nd\u0259n sonra i\u015f\u011fal&ccedil;\u0131lar m\u0259cbur olub noyabr\u0131n 9-dan 10-na ke&ccedil;\u0259n gec\u0259 kapitulyasiya akt\u0131na imza atd\u0131lar. \u0130kinci Qaraba\u011f m&uuml;harib\u0259si \u015fanl\u0131 tarix kimi, \u015fanl\u0131 q\u0259l\u0259b\u0259 kimi Az\u0259rbaycan tarixin\u0259 q\u0131z\u0131l h\u0259rfl\u0259rl\u0259 \u0259b\u0259di yaz\u0131ld\u0131. Az\u0259rbaycan bundan sonra m&uuml;z\u0259ff\u0259r &ouml;lk\u0259 kimi ya\u015fayacaq, Erm\u0259nistan is\u0259 bundan sonra m\u0259\u011flub edilmi\u015f &ouml;lk\u0259 kimi ya\u015fayacaq.<\/span><\/p>\n<p style=\"text-align: justify; text-indent: 35.4pt;\"><span style=\"font-size: 12pt; font-family: Arial, sans-serif; color: #000000;\">Da\u011fl\u0131q Qaraba\u011f adl\u0131 \u0259razi vahidi yoxdur, Da\u011fl\u0131q Qaraba\u011f m&uuml;naqi\u015f\u0259si anlay\u0131\u015f\u0131 yoxdur. Da\u011fl\u0131q Qaraba\u011f m&uuml;naqi\u015f\u0259si h\u0259ll olunub, Erm\u0259nistan da bunu bel\u0259 q\u0259bul etm\u0259lidir. Biz qalib &ouml;lk\u0259yik. Erm\u0259nistan\u0131 m\u0259hv etmi\u015fik. Erm\u0259nistan tam d\u0259rk etm\u0259lidir ki, biz ist\u0259nil\u0259n h\u0259rbi v\u0259zif\u0259ni icra ed\u0259 bil\u0259rik v\u0259 he&ccedil; kim bizi dayand\u0131ra bilm\u0259z.<\/span><\/p>\n<p style=\"text-align: justify; text-indent: 35.4pt;\"><span style=\"font-size: 12pt; font-family: Arial, sans-serif; color: #000000;\">30 il \u0259rzind\u0259 Erm\u0259nistanda m&uuml;st\u0259qil d&ouml;vl\u0259t qura bilm\u0259dil\u0259r v\u0259 indi onlar xarici dair\u0259l\u0259rd\u0259n v\u0259 xarici h\u0259rbi yard\u0131mdan tam as\u0131l\u0131d\u0131r. Xaricd\u0259n g\u0259l\u0259n siyasi sifari\u015fl\u0259rd\u0259n tam as\u0131l\u0131d\u0131r. D&uuml;\u015fm\u0259n&ccedil;ilik v\u0259 Az\u0259rbaycan xalq\u0131na nifr\u0259t Erm\u0259nistan\u0131 bu g&uuml;n\u0259 sald\u0131 v\u0259 \u0259dal\u0259t &ouml;z&uuml;n&uuml; g&ouml;st\u0259rdi.<\/span><\/p>\n<p style=\"text-align: justify;\"><span style=\"font-size: 12pt; font-family: Arial, sans-serif; color: #000000;\">&nbsp;&nbsp;&nbsp;&nbsp;&nbsp;&nbsp;&nbsp;&nbsp;&nbsp;&nbsp; Ordu quruculu\u011fu sah\u0259sind\u0259 b&ouml;y&uuml;k islahatlar apar\u0131lm\u0131\u015fd\u0131r. \u0130lk n&ouml;vb\u0259d\u0259, beyn\u0259lxalq m&uuml;st\u0259vid\u0259 u\u011fur qazanmal\u0131 idik v\u0259 buna nail olduq. Son ill\u0259r \u0259rzind\u0259 apar\u0131c\u0131 beyn\u0259lxalq t\u0259\u015fkilatlar bizim m&ouml;vqeyimizi d\u0259st\u0259kl\u0259y\u0259n q\u0259rar v\u0259 q\u0259tnam\u0259l\u0259r q\u0259bul etmi\u015fl\u0259r. Biz s&uuml;but etm\u0259li idik ki, beyn\u0259lxalq h&uuml;quq bizim t\u0259r\u0259fimizd\u0259dir. Biz s&uuml;but etm\u0259li idik ki, Da\u011fl\u0131q Qaraba\u011f \u0259z\u0259li Az\u0259rbaycan torpa\u011f\u0131d\u0131r. &Ccedil;&uuml;nki Erm\u0259nistan, onun xaricd\u0259ki havadarlar\u0131, erm\u0259ni lobbisi v\u0259ziyy\u0259tl\u0259 ba\u011fl\u0131 tam t\u0259hrif edilmi\u015f m\u0259nz\u0259r\u0259 ortaya qoyurdular. Ona g&ouml;r\u0259 beyn\u0259lxalq m&uuml;st\u0259vid\u0259 real h\u0259qiq\u0259tl\u0259ri d&uuml;nya ictimaiyy\u0259tin\u0259 &ccedil;atd\u0131rmaq, m&ouml;t\u0259b\u0259r beyn\u0259lxalq t\u0259\u015fkilatlar\u0131n q\u0259rarlar\u0131n\u0131 q\u0259bul etdirm\u0259k bizim &uuml;&ccedil;&uuml;n ba\u015fl\u0131ca v\u0259zif\u0259 idi. Bel\u0259 d\u0259 oldu. Apar\u0131c\u0131 beyn\u0259lxalq t\u0259\u015fkilatlar &ndash; BMT, Qo\u015fulmama H\u0259r\u0259kat\u0131, \u0130slam \u018fm\u0259kda\u015fl\u0131q T\u0259\u015fkilat\u0131, h\u0259tta daim biz\u0259 qar\u015f\u0131 \u0259dal\u0259tsiz m&ouml;vqe s\u0259rgil\u0259y\u0259n Avropa Parlamenti, Avropa \u015euras\u0131 m\u0259cbur olub h\u0259qiq\u0259ti \u0259ks etdir\u0259n, bizim maraqlar\u0131m\u0131za cavab ver\u0259n q\u0259rar v\u0259 q\u0259tnam\u0259l\u0259r q\u0259bul etmi\u015fl\u0259r.<\/span><\/p>\n<p style=\"text-align: justify; text-indent: 35.4pt;\"><span style=\"font-size: 12pt; font-family: Arial, sans-serif; color: #000000;\">Bu g&uuml;n Az\u0259rbaycanla daha yax\u0131n \u0259laq\u0259l\u0259r qurmaq ist\u0259y\u0259n &ouml;lk\u0259l\u0259rin say\u0131 durmadan art\u0131r v\u0259 \u0130kinci Qaraba\u011f m&uuml;harib\u0259si onu bir daha g&ouml;st\u0259rdi. Erm\u0259nistan tamamil\u0259 t\u0259crid edilmi\u015f v\u0259ziyy\u0259td\u0259 idi. Yorulmaz f\u0259aliyy\u0259tin n\u0259tic\u0259sind\u0259 b&uuml;t&ouml;vl&uuml;kd\u0259 d&uuml;nyada bu m&uuml;harib\u0259 il\u0259 ba\u011fl\u0131 art\u0131q tam konkret v\u0259 h\u0259qiq\u0259ti \u0259ks etdir\u0259n t\u0259s\u0259vv&uuml;r var idi. O c&uuml;ml\u0259d\u0259n, ikit\u0259r\u0259fli formatda bir &ccedil;ox &ouml;lk\u0259l\u0259rl\u0259 b\u0259rab\u0259rh&uuml;quqlu v\u0259 qar\u015f\u0131l\u0131ql\u0131 maraqlar &uuml;z\u0259rind\u0259 qurdu\u011fumuz m&uuml;nasib\u0259tl\u0259r bizim g&uuml;c&uuml;m&uuml;z&uuml; art\u0131r\u0131rd\u0131. Qarda\u015f &ouml;lk\u0259l\u0259r &ndash; T&uuml;rkiy\u0259 ba\u015fda olmaqla Pakistan v\u0259 \u018ffqan\u0131stan, eyni zamanda, \u0130slam \u018fm\u0259kda\u015fl\u0131q T\u0259\u015fkilat\u0131, Qo\u015fulmama H\u0259r\u0259kat\u0131 v\u0259 dig\u0259r &ouml;lk\u0259l\u0259r m&uuml;harib\u0259nin ilk saatlar\u0131ndan &ouml;z d\u0259st\u0259yini g&ouml;st\u0259rirdi.<\/span><\/p>\n<p style=\"text-align: justify; text-indent: 35.4pt;\"><span style=\"font-size: 12pt; font-family: Arial, sans-serif; color: #000000;\">Bu g&uuml;n inki\u015faf etmi\u015f &ouml;lk\u0259l\u0259rd\u0259 xarici borc o &ouml;lk\u0259l\u0259rin &uuml;mumi daxili m\u0259hsulundan daha &ccedil;oxdur. Amma Az\u0259rbaycanda xarici borc &uuml;mumi daxili m\u0259hsulun he&ccedil; 20 faizini t\u0259\u015fkil etmir. Bundan \u0259lav\u0259, bizim valyuta ehtiyatlar\u0131m\u0131z xarici borcumuzu 6 d\u0259f\u0259 &uuml;st\u0259l\u0259yir. Ona g&ouml;r\u0259 iqtisadi m&uuml;st\u0259qilliyi \u0259ld\u0259 etm\u0259k, &ouml;z&uuml; d\u0259 &ccedil;\u0259tin geosiyasi v\u0259ziyy\u0259td\u0259 v\u0259 o q\u0259d\u0259r d\u0259 b&ouml;y&uuml;k maliyy\u0259 resursumuz olmayan d&ouml;vrd\u0259 \u0259sl siyasi m\u0259har\u0259t v\u0259 uzaqg&ouml;r\u0259nlik t\u0259l\u0259b edirdi v\u0259 biz buna nail olduq. Az\u0259rbaycan art\u0131q ne&ccedil;\u0259 ildir ki, he&ccedil; kimd\u0259n as\u0131l\u0131 deyil. \u018fksin\u0259, Az\u0259rbaycan &ouml;z&uuml; k&ouml;m\u0259k g&ouml;st\u0259rir, Az\u0259rbaycan donor &ouml;lk\u0259dir, pandemiya d&ouml;vr&uuml;nd\u0259 30-dan &ccedil;ox &ouml;lk\u0259y\u0259 k&ouml;m\u0259k g&ouml;st\u0259rib v\u0259 bu &ouml;lk\u0259l\u0259r bizim dost &ouml;lk\u0259l\u0259rimizdir.<\/span><\/p>\n<p style=\"text-align: justify; text-indent: 35.4pt;\"><span style=\"font-size: 12pt; font-family: Arial, sans-serif; color: #000000;\">M&uuml;harib\u0259d\u0259n c\u0259mi 7 ay ke&ccedil;m\u0259sin\u0259 baxmayaraq,b&ouml;y&uuml;k i\u015fl\u0259r g&ouml;r&uuml;l&uuml;b. \u018fg\u0259r bizd\u0259 bu haz\u0131rl\u0131q olmasayd\u0131, biz bunu ed\u0259 bilm\u0259zdik. \u0130ndi n\u0259 q\u0259d\u0259r v\u0259saitin olursa-olsun, \u0259g\u0259r s\u0259nin texniki imkan\u0131n yoxdursa, kadr potensial\u0131n yoxdursa, infrastruktur layih\u0259l\u0259ri vaxt\u0131nda icra edilm\u0259yibs\u0259, bunlar\u0131n he&ccedil; y&uuml;zd\u0259birini ed\u0259 bilm\u0259zs\u0259n. Amma bu g&uuml;n misli g&ouml;r&uuml;nm\u0259mi\u015f b\u0259rpa i\u015fl\u0259ri apar\u0131l\u0131r. M\u0259hz haz\u0131rl\u0131q hesab\u0131na g&uuml;cl&uuml; d&ouml;vl\u0259t yaratm\u0131\u015f\u0131q. Bug&uuml;nk&uuml; Az\u0259rbaycan b&uuml;t&uuml;n tarix boyunca \u0259n q&uuml;dr\u0259tli Az\u0259rbaycand\u0131r v\u0259 &ccedil;ox\u0259srlik tarixind\u0259 he&ccedil; vaxt Az\u0259rbaycan indiki q\u0259d\u0259r g&uuml;cl&uuml; olmam\u0131\u015fd\u0131r.<\/span><\/p>\n<p style=\"text-align: justify; text-indent: 35.4pt;\"><span style=\"font-size: 12pt; font-family: Arial, sans-serif; color: #000000;\">D&ouml;vl\u0259t siyas\u0259ti xalq t\u0259r\u0259find\u0259n d\u0259st\u0259kl\u0259nir v\u0259 bu siyas\u0259t\u0259 b&ouml;y&uuml;k inam var. M&uuml;harib\u0259 v\u0259 onun n\u0259tic\u0259l\u0259ri bir daha xalq-iqtidar birliyini v\u0259 qar\u015f\u0131l\u0131ql\u0131 inam\u0131 n&uuml;may\u0131\u015f etdirmi\u015fdir.<\/span><\/p>\n<p style=\"text-align: justify; text-indent: 35.4pt;\"><span style=\"font-size: 12pt; font-family: Arial, sans-serif; color: #000000;\">M&uuml;harib\u0259 d&ouml;vr&uuml;nd\u0259 b\u0259zi &ouml;lk\u0259l\u0259r, BMT T\u0259hl&uuml;k\u0259sizlik \u015euras\u0131n\u0131n &uuml;zvl\u0259ri BMT T\u0259hl&uuml;k\u0259sizlik \u015euras\u0131nda bizim \u0259leyhimiz\u0259 b\u0259zi t\u0259\u015f\u0259bb&uuml;sl\u0259r ir\u0259li s&uuml;rm&uuml;\u015fd&uuml;l\u0259r v\u0259 o t\u0259\u015f\u0259bb&uuml;sl\u0259rin &ccedil;ox m\u0259nfi f\u0259sadlar\u0131 ola bil\u0259rdi. Bu, bir daha Az\u0259rbaycana qar\u015f\u0131 \u0259dal\u0259tsizliyin n&ouml;vb\u0259ti t\u0259zah&uuml;r&uuml; idi. &Ccedil;&uuml;nki biz &ouml;z torpa\u011f\u0131m\u0131zda vuru\u015furduq, &ouml;z \u0259razi b&uuml;t&ouml;vl&uuml;y&uuml;m&uuml;z&uuml; b\u0259rpa edirdik.<\/span><\/p>\n<p style=\"text-align: justify;\"><span style=\"font-size: 12pt; font-family: Arial, sans-serif; color: #000000;\">&nbsp;&nbsp;&nbsp;&nbsp;&nbsp;&nbsp;&nbsp;&nbsp; Ordumuzun silah-sursatla t\u0259chiz edilm\u0259si bizim imkanlar\u0131m\u0131z\u0131 b&uuml;t&uuml;n d&uuml;nyaya g&ouml;st\u0259rdi. B\u0259zi apar\u0131c\u0131 Q\u0259rb m\u0259tbu orqanlar\u0131nda, analitik d\u0259rgil\u0259rd\u0259 bel\u0259 bir fikir ortal\u0131\u011fa at\u0131l\u0131b ki, h\u0259tta d&uuml;nyan\u0131n apar\u0131c\u0131 &ouml;lk\u0259si bizim qar\u015f\u0131m\u0131zda olsayd\u0131, onlar\u0131n da bizim qaba\u011f\u0131m\u0131zda he&ccedil; bir \u015fans\u0131 olmayacaqd\u0131. Biz el\u0259 bir g&uuml;cl&uuml; ordu yaratm\u0131\u015f\u0131q ki, ist\u0259nil\u0259n v\u0259zif\u0259ni icra ed\u0259 bil\u0259rik. Ordumuzun m&uuml;asir texnika il\u0259 t\u0259chizat\u0131, m&uuml;nt\u0259z\u0259m olaraq ke&ccedil;irilmi\u015f t\u0259liml\u0259r, ordumuzun d&ouml;y&uuml;\u015f potensial\u0131n\u0131n g&uuml;cl\u0259ndirilm\u0259si, h\u0259rbi s\u0259nayenin yarad\u0131lmas\u0131 v\u0259 idxaldan m&uuml;\u0259yy\u0259n d\u0259r\u0259c\u0259d\u0259 as\u0131l\u0131l\u0131\u011f\u0131n azald\u0131lmas\u0131 &#8211; b&uuml;t&uuml;n bunlar m\u0259qs\u0259dy&ouml;nl&uuml; \u015f\u0259kild\u0259 apar\u0131lan siyas\u0259tin t\u0259rkib hiss\u0259sidir.<\/span><\/p>\n<p style=\"text-align: justify; text-indent: 35.4pt;\"><span style=\"font-size: 12pt; font-family: Arial, sans-serif; color: #000000;\">Erm\u0259nistan d\u0259rk etm\u0259lidir ki, Az\u0259rbaycan bundan sonra da g&uuml;cl\u0259n\u0259c\u0259k. O c&uuml;ml\u0259d\u0259n bizim h\u0259rbi g&uuml;c&uuml;m&uuml;z artacaq. M&uuml;harib\u0259d\u0259n sonra art\u0131q m&uuml;vafiq g&ouml;st\u0259ri\u015fl\u0259r verildi, yeni kontraktlar imzaland\u0131, yeni silahlar\u0131n, texnikan\u0131n, m&uuml;asir texnologiyalar\u0131n \u0259sas\u0131nda texnikan\u0131n al\u0131nmas\u0131 prosesi ba\u015flam\u0131\u015fd\u0131r. Silahl\u0131 Q&uuml;vv\u0259l\u0259rimizin struktur islahatlar\u0131 t\u0259sdiql\u0259ndi. Silahl\u0131 Q&uuml;vv\u0259l\u0259rimizin, Ordumuzun say t\u0259rkibi art\u0131r\u0131lacaq. \u0130kinci Qaraba\u011f m&uuml;harib\u0259sinin n\u0259tic\u0259l\u0259rini v\u0259 gedi\u015fat\u0131n\u0131 d&uuml;zg&uuml;n t\u0259hlil ed\u0259r\u0259k, &ouml;z h\u0259rbi g&uuml;c&uuml;m&uuml;z&uuml; art\u0131raca\u011f\u0131q. Erm\u0259nistan\u0131n is\u0259, \u0259g\u0259r onlar yen\u0259 d\u0259 biz\u0259 qar\u015f\u0131 d&uuml;\u015fm\u0259n&ccedil;ilik siyas\u0259tind\u0259n \u0259l &ccedil;\u0259km\u0259s\u0259l\u0259r, n\u0259inki h\u0259rbi g&uuml;c&uuml;n&uuml;, n\u0259inki da\u011f\u0131lm\u0131\u015f, m\u0259hv edilmi\u015f ordusunu b\u0259rpa etm\u0259k imkan\u0131 olmayacaq, eyni zamanda, iqtisadi f\u0259all\u0131\u011f\u0131 b\u0259rpa etm\u0259k imkanlar\u0131 da &ccedil;ox m\u0259hduddur.<\/span><\/p>\n<p style=\"text-align: justify; text-indent: 35.4pt;\"><span style=\"font-size: 12pt; font-family: Arial, sans-serif; color: #000000;\">Bizl\u0259rd\u0259 Az\u0259rbaycan Ordusu &ouml;lk\u0259mizin \u0259razi b&uuml;t&ouml;vl&uuml;y&uuml;n&uuml;, toxunulmazl\u0131\u011f\u0131n\u0131 qorumaq g&uuml;c&uuml;nd\u0259dir. B&uuml;t&uuml;n bunlara g&ouml;r\u0259 &ouml;lk\u0259 ba\u015f&ccedil;\u0131s\u0131, Silahl\u0131 Q&uuml;vv\u0259l\u0259rin Ali Ba\u015f Komandan\u0131 c\u0259nab \u0130lham \u018fliyev\u0259 d\u0259rin t\u0259\u015f\u0259kk&uuml;r edir v\u0259 h\u0259rzaman Ordumuzun yan\u0131nday\u0131q.<\/span><\/p>\n<p><span style=\"color: #000000;\"><b><span style=\"font-family: Arial, sans-serif;\"><\/span><\/b><\/span><\/p>\n<p><span style=\"color: #000000;\"><b><span style=\"font-family: Arial, sans-serif;\">Nizami T\u0259hm\u0259zov,<\/span><\/b><\/span><\/p>\n<p><span style=\"color: #000000;\"><b><span style=\"font-family: Arial, sans-serif;\">&ldquo;Az\u0259rbaycan Ordusunun 100 illiyi medal&ccedil;\u0131s\u0131&rdquo;<\/span><\/b><\/span><\/p>","protected":false},"excerpt":{"rendered":"<p>Az\u0259rbaycan Ordusu d&uuml;nyan\u0131n \u0259n g&uuml;cl&uuml; ordular\u0131 s\u0131ras\u0131ndad\u0131r. &nbsp;&nbsp;&nbsp;&nbsp;&nbsp;&nbsp;&nbsp;&nbsp;&nbsp;&nbsp; &Ouml;lk\u0259 ba\u015f&ccedil;\u0131s\u0131,Silahl\u0131 Q&uuml;vv\u0259l\u0259rin Ali Ba\u015f Komandan\u0131 \u0130lham \u018fliyev 26 iyun Silahl\u0131 Q&uuml;vv\u0259l\u0259rin yaranmas\u0131 g&uuml;n&uuml; yaranmas\u0131 g&uuml;n&uuml; m&uuml;nasib\u0259til\u0259 g&ouml;r&uuml;\u015f&uuml; zaman\u0131 Az\u0259rbaycan Ordusunun ke&ccedil;diyi inki\u015faf yolundan b\u0259hs etdi. \u018fld\u0259 edil\u0259n u\u011furlardan geni\u015f b\u0259hs ed\u0259n &ouml;lk\u0259 ba\u015f&ccedil;\u0131s\u0131 bug&uuml;n Az\u0259rbaycan Ordusunun d&uuml;nyan\u0131n \u0259n g&uuml;cl&uuml; ordusu s\u0131ralar\u0131nda oldu\u011funu vur\u011fulayaraq ist\u0259nil\u0259n d&ouml;y&uuml;\u015f tap\u015f\u0131r\u0131\u011f\u0131n\u0131n [&hellip;]<\/p>\n","protected":false},"author":1,"featured_media":0,"comment_status":"open","ping_status":"open","sticky":false,"template":"","format":"standard","meta":{"_eb_attr":"","ocean_post_layout":"","ocean_both_sidebars_style":"","ocean_both_sidebars_content_width":0,"ocean_both_sidebars_sidebars_width":0,"ocean_sidebar":"","ocean_second_sidebar":"","ocean_disable_margins":"enable","ocean_add_body_class":"","ocean_shortcode_before_top_bar":"","ocean_shortcode_after_top_bar":"","ocean_shortcode_before_header":"","ocean_shortcode_after_header":"","ocean_has_shortcode":"","ocean_shortcode_after_title":"","ocean_shortcode_before_footer_widgets":"","ocean_shortcode_after_footer_widgets":"","ocean_shortcode_before_footer_bottom":"","ocean_shortcode_after_footer_bottom":"","ocean_display_top_bar":"default","ocean_display_header":"default","ocean_header_style":"","ocean_center_header_left_menu":"","ocean_custom_header_template":"","ocean_custom_logo":0,"ocean_custom_retina_logo":0,"ocean_custom_logo_max_width":0,"ocean_custom_logo_tablet_max_width":0,"ocean_custom_logo_mobile_max_width":0,"ocean_custom_logo_max_height":0,"ocean_custom_logo_tablet_max_height":0,"ocean_custom_logo_mobile_max_height":0,"ocean_header_custom_menu":"","ocean_menu_typo_font_family":"","ocean_menu_typo_font_subset":"","ocean_menu_typo_font_size":0,"ocean_menu_typo_font_size_tablet":0,"ocean_menu_typo_font_size_mobile":0,"ocean_menu_typo_font_size_unit":"px","ocean_menu_typo_font_weight":"","ocean_menu_typo_font_weight_tablet":"","ocean_menu_typo_font_weight_mobile":"","ocean_menu_typo_transform":"","ocean_menu_typo_transform_tablet":"","ocean_menu_typo_transform_mobile":"","ocean_menu_typo_line_height":0,"ocean_menu_typo_line_height_tablet":0,"ocean_menu_typo_line_height_mobile":0,"ocean_menu_typo_line_height_unit":"","ocean_menu_typo_spacing":0,"ocean_menu_typo_spacing_tablet":0,"ocean_menu_typo_spacing_mobile":0,"ocean_menu_typo_spacing_unit":"","ocean_menu_link_color":"","ocean_menu_link_color_hover":"","ocean_menu_link_color_active":"","ocean_menu_link_background":"","ocean_menu_link_hover_background":"","ocean_menu_link_active_background":"","ocean_menu_social_links_bg":"","ocean_menu_social_hover_links_bg":"","ocean_menu_social_links_color":"","ocean_menu_social_hover_links_color":"","ocean_disable_title":"default","ocean_disable_heading":"default","ocean_post_title":"","ocean_post_subheading":"","ocean_post_title_style":"","ocean_post_title_background_color":"","ocean_post_title_background":0,"ocean_post_title_bg_image_position":"","ocean_post_title_bg_image_attachment":"","ocean_post_title_bg_image_repeat":"","ocean_post_title_bg_image_size":"","ocean_post_title_height":0,"ocean_post_title_bg_overlay":0.5,"ocean_post_title_bg_overlay_color":"","ocean_disable_breadcrumbs":"default","ocean_breadcrumbs_color":"","ocean_breadcrumbs_separator_color":"","ocean_breadcrumbs_links_color":"","ocean_breadcrumbs_links_hover_color":"","ocean_display_footer_widgets":"default","ocean_display_footer_bottom":"default","ocean_custom_footer_template":"","ocean_post_oembed":"","ocean_post_self_hosted_media":"","ocean_post_video_embed":"","ocean_link_format":"","ocean_link_format_target":"self","ocean_quote_format":"","ocean_quote_format_link":"post","ocean_gallery_link_images":"on","ocean_gallery_id":[],"footnotes":""},"categories":[63],"tags":[],"class_list":["post-15966","post","type-post","status-publish","format-standard","hentry","category-khaebaerlaer-az","entry"],"_links":{"self":[{"href":"https:\/\/mdu.edu.az\/ru\/wp-json\/wp\/v2\/posts\/15966","targetHints":{"allow":["GET"]}}],"collection":[{"href":"https:\/\/mdu.edu.az\/ru\/wp-json\/wp\/v2\/posts"}],"about":[{"href":"https:\/\/mdu.edu.az\/ru\/wp-json\/wp\/v2\/types\/post"}],"author":[{"embeddable":true,"href":"https:\/\/mdu.edu.az\/ru\/wp-json\/wp\/v2\/users\/1"}],"replies":[{"embeddable":true,"href":"https:\/\/mdu.edu.az\/ru\/wp-json\/wp\/v2\/comments?post=15966"}],"version-history":[{"count":0,"href":"https:\/\/mdu.edu.az\/ru\/wp-json\/wp\/v2\/posts\/15966\/revisions"}],"wp:attachment":[{"href":"https:\/\/mdu.edu.az\/ru\/wp-json\/wp\/v2\/media?parent=15966"}],"wp:term":[{"taxonomy":"category","embeddable":true,"href":"https:\/\/mdu.edu.az\/ru\/wp-json\/wp\/v2\/categories?post=15966"},{"taxonomy":"post_tag","embeddable":true,"href":"https:\/\/mdu.edu.az\/ru\/wp-json\/wp\/v2\/tags?post=15966"}],"curies":[{"name":"wp","href":"https:\/\/api.w.org\/{rel}","templated":true}]}}