{"id":15974,"date":"2021-07-05T10:35:24","date_gmt":"2021-07-05T07:35:24","guid":{"rendered":"https:\/\/mdu.edu.az\/lk-mizd-m-vdzud-olan-sabitlik-h-rbir-investor-n-sas-rtl-rd-n-biridir\/"},"modified":"2021-07-05T10:35:24","modified_gmt":"2021-07-05T07:35:24","slug":"lk-mizd-m-vdzud-olan-sabitlik-h-rbir-investor-n-sas-rtl-rd-n-biridir","status":"publish","type":"post","link":"https:\/\/mdu.edu.az\/ru\/lk-mizd-m-vdzud-olan-sabitlik-h-rbir-investor-n-sas-rtl-rd-n-biridir\/","title":{"rendered":"\u00d6lk\u0259mizd\u0259 m\u00f6vcud olan sabitlik h\u0259rbir investor \u00fc\u00e7\u00fcn \u0259sas \u015f\u0259rtl\u0259rd\u0259n biridir"},"content":{"rendered":"<p style=\"text-align: center;\"><b><span style=\"font-size: 14pt; color: navy;\">&Ouml;lk\u0259mizd\u0259 m&ouml;vcud olan sabitlik h\u0259rbir investor &uuml;&ccedil;&uuml;n \u0259sas \u015f\u0259rtl\u0259rd\u0259n biridir<\/span><\/b><\/p>\n<p>&nbsp;<\/p>\n<p style=\"text-align: justify; text-indent: 27pt;\"><span style=\"color: #000000;\">Az\u0259rbaycanda qeyri-neft sektorunun inki\u015faf\u0131n\u0131n t\u0259min olunmas\u0131, iqtisadiyyat\u0131n m&uuml;xt\u0259lif sah\u0259l\u0259rinin \u015fax\u0259l\u0259ndirilm\u0259si, &ouml;lk\u0259mizin ixrac potensial\u0131n\u0131n art\u0131r\u0131lmas\u0131, xarici investisiyan\u0131n c\u0259lb edilm\u0259si, biznes v\u0259 investisiya m&uuml;hitinin daha da yax\u015f\u0131la\u015fd\u0131r\u0131lmas\u0131 istiqam\u0259tind\u0259 &ccedil;ox vacib layih\u0259l\u0259r icra olunub.<\/span><\/p>\n<p style=\"text-align: justify; text-indent: 27pt;\"><span style=\"color: #000000;\">Pandemiyan\u0131n d&uuml;nyada yaratd\u0131\u011f\u0131 b&ouml;y&uuml;k iqtisadi v\u0259 maliyy\u0259 &ccedil;\u0259tinlikl\u0259rin\u0259 baxmayaraq, Az\u0259rbaycanda bu prosesl\u0259r u\u011furla davam edir. \u018fl\u0259t Azad \u0130qtisadi Zonas\u0131n\u0131n yarad\u0131lmas\u0131 bunun bariz n&uuml;mun\u0259sidir. Bu layih\u0259nin icras\u0131 Az\u0259rbaycana b&ouml;y&uuml;k iqtisadi dividendl\u0259r qazand\u0131rmaqla yana\u015f\u0131, &ouml;lk\u0259mizin regionda m&ouml;vqel\u0259rini daha da g&uuml;cl\u0259ndir\u0259c\u0259k, \u015e\u0259rq-Q\u0259rb v\u0259 \u015eimal-C\u0259nub tranzit-n\u0259qliyyat d\u0259hlizl\u0259rind\u0259 m&uuml;h&uuml;m rolu olan respublikam\u0131z\u0131n strateji \u0259h\u0259miyy\u0259tini daha da art\u0131racaq. Bu iqtisadi zonan\u0131n yarad\u0131lmas\u0131 d&ouml;vl\u0259t g\u0259lirl\u0259rinin v\u0259 b&uuml;dc\u0259y\u0259 daxil olan v\u0259saitin artmas\u0131na, yeni investisiyalar\u0131n c\u0259lb edilm\u0259sin\u0259 \u015f\u0259rait yaradacaq.<\/span><\/p>\n<p style=\"text-align: justify; text-indent: 27pt;\"><span style=\"color: #000000;\">\u018fl\u0259t Azad \u0130qtisadi Zonas\u0131n\u0131n yarad\u0131lmas\u0131 ideyas\u0131n\u0131n t\u0259m\u0259lind\u0259 d&ouml;vl\u0259tin siyas\u0259ti dayan\u0131r. X&uuml;susil\u0259 son ill\u0259r qeyri-neft sektorunun inki\u015faf\u0131 il\u0259 \u0259laq\u0259dar g&ouml;r&uuml;l\u0259n i\u015fl\u0259r bu zonan\u0131n yarad\u0131lmas\u0131na t\u0259kan vermi\u015fdir. Qeyri-neft sektoruna qoyulan s\u0259rmay\u0259 daha &ccedil;ox d&ouml;vl\u0259t s\u0259rmay\u0259sidir, yaxud da ki, yerli \u015firk\u0259tl\u0259rin s\u0259rmay\u0259sidir. Xarici \u015firk\u0259tl\u0259r daha &ccedil;ox neft-qaz sektoruna s\u0259rmay\u0259 qoyma\u011fa meyillidirl\u0259r.<\/span><\/p>\n<p style=\"text-align: justify; text-indent: 27pt;\"><span style=\"color: #000000;\">Yarad\u0131lacaq infrastruktur investorlar &uuml;&ccedil;&uuml;n c\u0259lbedici olacaq, &ouml;lk\u0259miz\u0259 yeni texnologiyalar g\u0259l\u0259c\u0259k, yeni i\u015f yerl\u0259ri yarad\u0131lacaq v\u0259 burada i\u015fl\u0259y\u0259c\u0259k Az\u0259rbaycan v\u0259t\u0259nda\u015flar\u0131n\u0131n \u0259m\u0259khaqq\u0131 y&uuml;ks\u0259k olacaq, r\u0259qab\u0259tqabiliyy\u0259tli m\u0259hsul istehsal edil\u0259c\u0259k v\u0259 qeyri-neft sektorunun ixrac imkanlar\u0131 geni\u015fl\u0259n\u0259c\u0259k.<\/span><\/p>\n<p style=\"text-align: justify; text-indent: 27pt;\"><span style=\"color: #000000;\">\u0130lk n&ouml;vb\u0259d\u0259, t\u0259\u015fkilati i\u015fl\u0259ri g&ouml;r&uuml;lm\u0259li v\u0259 el\u0259 bir \u015f\u0259rait yarad\u0131lmal\u0131 idi ki, investorlar\u0131 c\u0259lb etsin. Az\u0259rbaycan a&ccedil;\u0131q d\u0259nizl\u0259r\u0259 &ccedil;\u0131x\u0131\u015f\u0131 olmayan &ouml;lk\u0259l\u0259rd\u0259ndir v\u0259 bel\u0259 &ouml;lk\u0259l\u0259rd\u0259 azad iqtisadi zonalar\u0131 yaratmaq daha &ccedil;\u0259tindir. &Ccedil;&uuml;nki \u0259lveri\u015fli co\u011frafi v\u0259ziyy\u0259ti olan &ouml;lk\u0259l\u0259rd\u0259 bu zonalar &ccedil;ox b&ouml;y&uuml;k u\u011fur qazan\u0131b v\u0259 ilk n&ouml;vb\u0259d\u0259, co\u011frafi yerl\u0259\u015fm\u0259y\u0259 g&ouml;r\u0259. Ona g&ouml;r\u0259, bu co\u011frafi v\u0259ziyy\u0259t n\u0259z\u0259r\u0259 al\u0131naraq daha da s\u0259m\u0259r\u0259li i\u015fl\u0259m\u0259k v\u0259 investorlar &uuml;&ccedil;&uuml;n daha da c\u0259lbedici \u015f\u0259rtl\u0259r t\u0259qdim etm\u0259k t\u0259l\u0259b olunurdu. \u0130lk n&ouml;vb\u0259d\u0259, qanunvericilik sah\u0259sind\u0259 i\u015fl\u0259r g&ouml;r&uuml;lm\u0259li idi v\u0259 Prezident \u0130lham \u018fliyev t\u0259r\u0259find\u0259n 2017-ci ild\u0259 \u018fl\u0259t Azad \u0130qtisadi Zonas\u0131n\u0131n yarad\u0131lmas\u0131n\u0131n s&uuml;r\u0259tl\u0259ndirilm\u0259sin\u0259 dair m&uuml;vafiq S\u0259r\u0259ncam imzand\u0131. 2018-ci ild\u0259 qanun q\u0259bul edildi.. Qanunvericilikd\u0259 investorlar &uuml;&ccedil;&uuml;n hans\u0131sa qeyri-m&uuml;\u0259yy\u0259n m\u0259qamlar olsayd\u0131, \u0259lb\u0259tt\u0259 ki, onlar\u0131 buraya c\u0259lb etm\u0259k m&uuml;mk&uuml;n olmazd\u0131. X&uuml;susil\u0259 son ill\u0259rd\u0259 d&uuml;nyada c\u0259r\u0259yan ed\u0259n iqtisadi v\u0259 maliyy\u0259 b&ouml;hran\u0131 investisiyalar\u0131n h\u0259cmini d\u0259 azald\u0131b. \u018flb\u0259tt\u0259 ki, pandemiya da d&uuml;nya iqtisadiyyat\u0131na m\u0259nfi t\u0259sir g&ouml;st\u0259rib. Bel\u0259 bir tarixi m\u0259qamda bu add\u0131m\u0131 atmaq, \u0259lb\u0259tt\u0259 ki, h\u0259m b&ouml;y&uuml;k c\u0259sar\u0259t t\u0259l\u0259b edir, h\u0259m d\u0259 d&ouml;vl\u0259tin inam\u0131na \u0259saslan\u0131r. Ona g&ouml;r\u0259 qanunvericilik sah\u0259sind\u0259 g&ouml;r&uuml;l\u0259n i\u015fl\u0259r h\u0259m investorlar\u0131n, h\u0259m d\u0259 Az\u0259rbaycan d&ouml;vl\u0259tinin maraqlar\u0131n\u0131 tam t\u0259min edir. Bundan sonra 2018-ci ild\u0259 art\u0131q praktiki i\u015fl\u0259r\u0259 ba\u015flan\u0131lm\u0131\u015fd\u0131r.<\/span><\/p>\n<p style=\"text-align: justify; text-indent: 27pt;\"><span style=\"color: #000000;\">\u0130lk n&ouml;vb\u0259d\u0259, \u018fl\u0259t q\u0259s\u0259b\u0259sinin \u0259razisind\u0259 b&ouml;y&uuml;k bo\u015f torpaq sah\u0259l\u0259ri var v\u0259 bu torpaq sah\u0259l\u0259rinin m&uuml;tl\u0259q \u0259ks\u0259riyy\u0259ti k\u0259nd t\u0259s\u0259rr&uuml;fat\u0131 &uuml;&ccedil;&uuml;n yarars\u0131z torpaqlard\u0131r. Dig\u0259r t\u0259r\u0259fd\u0259n, \u018fl\u0259t q\u0259s\u0259b\u0259si Bak\u0131 \u015f\u0259h\u0259rin\u0259 yax\u0131nd\u0131r. Bu da vacib \u015f\u0259rtl\u0259rd\u0259n biridir. \u0130nfrastruktur layih\u0259l\u0259rinin icras\u0131 &uuml;&ccedil;&uuml;n art\u0131q b&uuml;t&uuml;n ilkin \u015f\u0259rtl\u0259r vard\u0131r. S\u0259ng\u0259&ccedil;alda 300 meqavat g&uuml;c&uuml;nd\u0259 elektrik stansiyas\u0131 m&ouml;vcuddur v\u0259 infrastruktur layih\u0259l\u0259rin\u0259 qoyulan x\u0259rcl\u0259r d\u0259 nisb\u0259t\u0259n az olacaq.Burada Beyn\u0259lxalq D\u0259niz Liman\u0131 yerl\u0259\u015fir. Bu da iqtisadi zonan\u0131n f\u0259aliyy\u0259ti &uuml;&ccedil;&uuml;n &ouml;n\u0259mli amill\u0259rd\u0259n biridir. \u018fl\u0259tin inki\u015faf perspektivi d\u0259 &ccedil;ox u\u011furlu ola bil\u0259r. \u018fg\u0259r bu zona planda oldu\u011fu kimi formala\u015fsa, bu b&ouml;lg\u0259nin inki\u015faf dinamikas\u0131 &ouml;lk\u0259nin &uuml;mumi inki\u015faf\u0131na da b&ouml;y&uuml;k m&uuml;sb\u0259t t\u0259sir g&ouml;st\u0259r\u0259c\u0259k. Bu amill\u0259r bu yerin se&ccedil;ilm\u0259sind\u0259 \u0259sas rol oynam\u0131\u015fd\u0131r. Eyni zamanda, buradan beyn\u0259lxalq d\u0259hlizl\u0259r d\u0259 ke&ccedil;ir. \u015e\u0259rq-Q\u0259rb d\u0259hlizi, \u015eimal-C\u0259nub d\u0259hlizi \u018fl\u0259t \u0259razisind\u0259n ke&ccedil;ir. Ona g&ouml;r\u0259 logistika, n\u0259qliyyat bax\u0131m\u0131ndan bu yer &ccedil;ox \u0259lveri\u015flidir. M\u0259hz buna g&ouml;r\u0259 \u018fl\u0259t bu m\u0259qs\u0259dl\u0259r &uuml;&ccedil;&uuml;n se&ccedil;ilmi\u015fdir;<\/span><\/p>\n<p style=\"text-align: justify; text-indent: 27pt;\"><span style=\"color: #000000;\">T\u0259sad&uuml;fi deyil ki, D&uuml;nya Bank\u0131n\u0131n &ldquo;Doing Business&rdquo; hesabat\u0131nda Az\u0259rbaycan 190 &ouml;lk\u0259 aras\u0131nda 28-ci yer\u0259 layiq g&ouml;r&uuml;l&uuml;b. Bu, d&uuml;nya miqyas\u0131nda &ccedil;ox b&ouml;y&uuml;k nailiyy\u0259tdir.<\/span><\/p>\n<p style=\"text-align: justify; text-indent: 27pt;\"><span style=\"color: #000000;\">Az\u0259rbaycan bir &ccedil;ox inki\u015faf etmi\u015f &ouml;lk\u0259l\u0259ri bu parametrl\u0259r &uuml;zr\u0259 qabaqlay\u0131b. G&ouml;z\u0259l investisiya iqlimi investorlar\u0131 c\u0259lb etm\u0259k &uuml;&ccedil;&uuml;n \u0259lb\u0259tt\u0259 ki, \u0259sas \u015f\u0259rtl\u0259rd\u0259n biridir. Dig\u0259r vacib m\u0259s\u0259l\u0259, m&uuml;asir infrastrukturun m&ouml;vcudlu\u011fudur. Bu infrastruktur son ill\u0259r \u0259rzind\u0259 ard\u0131c\u0131l \u015f\u0259kild\u0259 yarad\u0131l\u0131b. Bu g&uuml;n yen\u0259 d\u0259 beyn\u0259lxalq m&ouml;t\u0259b\u0259r qurumlara istinadla dey\u0259 bil\u0259rik ki, bu sah\u0259d\u0259 d\u0259 b&ouml;y&uuml;k u\u011furlar \u0259ld\u0259 edilib. Potensial investorlar, ilk n&ouml;vb\u0259d\u0259, D&uuml;nya Bank\u0131n\u0131n &ldquo;Doing Business&rdquo; hesabat\u0131na bax\u0131rlar, eyni zamanda, Davos &Uuml;mumd&uuml;nya \u0130qtisadi Forumunun reytinq c\u0259dv\u0259lin\u0259 bax\u0131rlar. H\u0259r iki yerd\u0259 Az\u0259rbaycan\u0131n &uuml;st&uuml;nl&uuml;y&uuml; g&ouml;z qaba\u011f\u0131ndad\u0131r.\u0130nfrastruktur layih\u0259l\u0259rinin s\u0259viyy\u0259sin\u0259 g&ouml;r\u0259, elektrik t\u0259chizat\u0131 sah\u0259sind\u0259 Az\u0259rbaycan Davos Forumunun hesabat\u0131nda d&uuml;nya miqyas\u0131nda ikinci yerd\u0259dir. T\u0259s\u0259vv&uuml;r edin, d&uuml;nya miqyas\u0131nda ikinci yerd\u0259. D\u0259mir yolu xidm\u0259tl\u0259rinin s\u0259m\u0259r\u0259liliyin\u0259 g&ouml;r\u0259 11-ci yerd\u0259. Hava n\u0259qliyyat\u0131n\u0131n s\u0259m\u0259r\u0259liliyin\u0259 g&ouml;r\u0259 12-ci yerd\u0259. Avtomobil yollar\u0131n\u0131n keyfiyy\u0259tin\u0259 g&ouml;r\u0259 24-27-ci yerl\u0259ri b&ouml;l&uuml;\u015f&uuml;r. X\u0259z\u0259r g\u0259mi&ccedil;iliyi g\u0259mi&ccedil;ilik xidm\u0259tl\u0259rin\u0259 g&ouml;r\u0259 25-ci yerd\u0259dir. B&uuml;t&uuml;n bunlar Az\u0259rbaycan\u0131n \u0259ld\u0259 etdiyi b&ouml;y&uuml;k u\u011furlard\u0131r. Bu u\u011furlar bu g&uuml;n &ouml;lk\u0259mizin dinamik inki\u015faf\u0131n\u0131 t\u0259min edir. &Ccedil;&uuml;nki \u0259sas infrastruktur layih\u0259l\u0259ri art\u0131q ya ba\u015fa &ccedil;at\u0131b, ya da ba\u015fa &ccedil;atmaq &uuml;zr\u0259dir. \u0130nvestorlar &uuml;&ccedil;&uuml;n bunlar &ccedil;ox &ouml;n\u0259mli \u015f\u0259rtl\u0259rdir.<\/span><\/p>\n<p style=\"text-align: justify; text-indent: 27pt;\"><span style=\"color: #000000;\">Az\u0259rbaycanda t\u0259hl&uuml;k\u0259sizlik t\u0259min edilir. Az\u0259rbaycan d&uuml;nyan\u0131n \u0259n t\u0259hl&uuml;k\u0259siz &ouml;lk\u0259l\u0259rind\u0259n biridir. \u0130nvestorlar &uuml;&ccedil;&uuml;n bu amil d\u0259 &ccedil;ox &ouml;n\u0259mlidir. Az\u0259rbaycanda m\u0259d\u0259niyy\u0259tl\u0259raras\u0131 dialoq, dini tolerantl\u0131q m\u0259s\u0259l\u0259l\u0259ri d&uuml;nya miqyas\u0131nda art\u0131q n&uuml;mun\u0259 kimi g&ouml;st\u0259rilir. Bu g&uuml;n Az\u0259rbaycana qoyulan v\u0259 qoyulacaq s\u0259rmay\u0259l\u0259rin \u0259sas \u015f\u0259rtl\u0259rind\u0259n biri, b\u0259lk\u0259 d\u0259 birincisi ictimai-siyasi sabitlikdir, xalq-iqtidar aras\u0131ndak\u0131 birlikdir.Bu amil &ccedil;ox &ouml;n\u0259mlidir. Dig\u0259r vacib amil ondan ibar\u0259tdir ki, Az\u0259rbaycan Prezidentinin s&ouml;z&uuml; il\u0259 \u0259m\u0259li he&ccedil; vaxt f\u0259rql\u0259nmir. Y\u0259ni, n\u0259yi deyirs\u0259, onu da edir..B&uuml;t&uuml;n bu amill\u0259r v\u0259 \u0259lb\u0259tt\u0259 ki, \u0130kinci Qaraba\u011f m&uuml;harib\u0259sind\u0259 qazan\u0131lan Q\u0259l\u0259b\u0259 v\u0259 Da\u011fl\u0131q Qaraba\u011f m&uuml;naqi\u015f\u0259sinin h\u0259lli art\u0131q yeni bir v\u0259ziyy\u0259t yarad\u0131b. Uzunm&uuml;dd\u0259tli sabitlik, s&uuml;lh art\u0131q investorlar &uuml;&ccedil;&uuml;n d\u0259 g&uuml;n kimi ayd\u0131n m\u0259s\u0259l\u0259dir. B&uuml;t&uuml;n bu amill\u0259rin m&ouml;vcudlu\u011fu v\u0259 g\u0259l\u0259c\u0259y\u0259 olan inam, xarici s\u0259rmay\u0259darlar\u0131 bu zonaya c\u0259lb ed\u0259c\u0259k.<\/span><\/p>\n<p style=\"text-align: justify; text-indent: 27pt;\"><span style=\"color: #000000;\">Azad \u0130qtisadi Zonan\u0131n n&uuml;may\u0259nd\u0259l\u0259ri m&uuml;xt\u0259lif &ouml;lk\u0259l\u0259r\u0259 ezam olunacaq, h\u0259m&ccedil;inin xaricd\u0259n potensial investorlar d\u0259v\u0259t edil\u0259c\u0259k. Bununla b\u0259rab\u0259r, Prezident \u0130lham \u018fliyev t\u0259r\u0259find\u0259n b&uuml;t&uuml;n xarici &ouml;lk\u0259l\u0259rd\u0259ki s\u0259firlikl\u0259r\u0259 &ouml;z t\u0259maslar\u0131 \u0259snas\u0131nda bu zonan\u0131n yarad\u0131lmas\u0131 il\u0259 ba\u011fl\u0131 potensial investorlara m\u0259lumat verm\u0259k g&ouml;st\u0259ri\u015f verilib.<\/span><\/p>\n<p style=\"text-align: justify; text-indent: 27pt;\"><span style=\"color: #000000;\">Bel\u0259likl\u0259, bir ild\u0259n sonra &#8211; g\u0259l\u0259n ilin iyul ay\u0131nda zona investorlar\u0131 q\u0259bul etm\u0259y\u0259 haz\u0131r olacaq. G&ouml;zl\u0259nil\u0259n m\u0259nz\u0259r\u0259 h\u0259yatda &ouml;z \u0259ksini tapacaq. &Ccedil;&uuml;nki bu g&uuml;n\u0259 q\u0259d\u0259r b&uuml;t&uuml;n t\u0259\u015f\u0259bb&uuml;sl\u0259r, b&uuml;t&uuml;n planlar h\u0259yatda &ouml;z \u0259ksini tap\u0131b. El\u0259 bir t\u0259\u015f\u0259bb&uuml;s olmay\u0131b ki, o, reall\u0131\u011fa &ccedil;evrilm\u0259sin. \u018fn &ccedil;\u0259tin layih\u0259l\u0259r, transmilli layih\u0259l\u0259r, &ccedil;ox &ccedil;\u0259tin geosiyasi v\u0259ziyy\u0259td\u0259 h\u0259yata ke&ccedil;iril\u0259n layih\u0259l\u0259r u\u011furla ba\u015fa &ccedil;at\u0131b. Ona g&ouml;r\u0259, bu zonan\u0131n yarad\u0131lmas\u0131 Az\u0259rbaycan\u0131n u\u011furunun n&ouml;vb\u0259ti add\u0131m\u0131 olacaqd\u0131r.<\/span><\/p>\n<p style=\"text-align: justify; text-indent: 27pt;\"><span style=\"color: #000000;\">&Ouml;lk\u0259miz durmadan &ouml;z inki\u015faf yolu il\u0259 inamla ir\u0259lil\u0259yir. Az\u0259rbaycan bug&uuml;n n\u0259inki regionun h\u0259md\u0259 d&uuml;nyan\u0131n \u0259sas iqtsadi m\u0259rk\u0259zin\u0259 &ccedil;evrilm\u0259kd\u0259dir. Bu da bizl\u0259ri &uuml;r\u0259kd\u0259n sevindirir v\u0259 &ouml;lk\u0259mizl\u0259 h\u0259rzaman q&uuml;rur duyuruq.<\/span><\/p>\n<p style=\"text-align: justify; text-indent: 27pt;\"><span style=\"color: #000000;\">Ya\u015fas\u0131n g&uuml;cl&uuml; Az\u0259rbaycan.<\/span><\/p>\n<p>&nbsp;<\/p>\n<p style=\"text-align: justify; text-indent: 27pt;\"><span style=\"color: #000000;\"><b>&Uuml;lk\u0259r A\u015furova,<\/b><\/span><\/p>\n<p style=\"text-align: justify; text-indent: 27pt;\"><span style=\"color: #000000;\"><b>Texnika elml\u0259ri &uuml;zr\u0259 f\u0259ls\u0259f\u0259 doktoru, dosent<\/b><\/span><\/p>\n<p style=\"text-align: justify; text-indent: 27pt;\"><span style=\"color: #000000;\"><b>&nbsp;<\/b><\/span><\/p>\n<p style=\"text-align: justify; text-indent: 27pt;\"><span style=\"color: #000000;\"><b>&nbsp;<\/b><\/span><\/p>","protected":false},"excerpt":{"rendered":"<p>&Ouml;lk\u0259mizd\u0259 m&ouml;vcud olan sabitlik h\u0259rbir investor &uuml;&ccedil;&uuml;n \u0259sas \u015f\u0259rtl\u0259rd\u0259n biridir &nbsp; Az\u0259rbaycanda qeyri-neft sektorunun inki\u015faf\u0131n\u0131n t\u0259min olunmas\u0131, iqtisadiyyat\u0131n m&uuml;xt\u0259lif sah\u0259l\u0259rinin \u015fax\u0259l\u0259ndirilm\u0259si, &ouml;lk\u0259mizin ixrac potensial\u0131n\u0131n art\u0131r\u0131lmas\u0131, xarici investisiyan\u0131n c\u0259lb edilm\u0259si, biznes v\u0259 investisiya m&uuml;hitinin daha da yax\u015f\u0131la\u015fd\u0131r\u0131lmas\u0131 istiqam\u0259tind\u0259 &ccedil;ox vacib layih\u0259l\u0259r icra olunub. Pandemiyan\u0131n d&uuml;nyada yaratd\u0131\u011f\u0131 b&ouml;y&uuml;k iqtisadi v\u0259 maliyy\u0259 &ccedil;\u0259tinlikl\u0259rin\u0259 baxmayaraq, Az\u0259rbaycanda bu prosesl\u0259r u\u011furla [&hellip;]<\/p>\n","protected":false},"author":1,"featured_media":0,"comment_status":"open","ping_status":"open","sticky":false,"template":"","format":"standard","meta":{"_eb_attr":"","ocean_post_layout":"","ocean_both_sidebars_style":"","ocean_both_sidebars_content_width":0,"ocean_both_sidebars_sidebars_width":0,"ocean_sidebar":"","ocean_second_sidebar":"","ocean_disable_margins":"enable","ocean_add_body_class":"","ocean_shortcode_before_top_bar":"","ocean_shortcode_after_top_bar":"","ocean_shortcode_before_header":"","ocean_shortcode_after_header":"","ocean_has_shortcode":"","ocean_shortcode_after_title":"","ocean_shortcode_before_footer_widgets":"","ocean_shortcode_after_footer_widgets":"","ocean_shortcode_before_footer_bottom":"","ocean_shortcode_after_footer_bottom":"","ocean_display_top_bar":"default","ocean_display_header":"default","ocean_header_style":"","ocean_center_header_left_menu":"","ocean_custom_header_template":"","ocean_custom_logo":0,"ocean_custom_retina_logo":0,"ocean_custom_logo_max_width":0,"ocean_custom_logo_tablet_max_width":0,"ocean_custom_logo_mobile_max_width":0,"ocean_custom_logo_max_height":0,"ocean_custom_logo_tablet_max_height":0,"ocean_custom_logo_mobile_max_height":0,"ocean_header_custom_menu":"","ocean_menu_typo_font_family":"","ocean_menu_typo_font_subset":"","ocean_menu_typo_font_size":0,"ocean_menu_typo_font_size_tablet":0,"ocean_menu_typo_font_size_mobile":0,"ocean_menu_typo_font_size_unit":"px","ocean_menu_typo_font_weight":"","ocean_menu_typo_font_weight_tablet":"","ocean_menu_typo_font_weight_mobile":"","ocean_menu_typo_transform":"","ocean_menu_typo_transform_tablet":"","ocean_menu_typo_transform_mobile":"","ocean_menu_typo_line_height":0,"ocean_menu_typo_line_height_tablet":0,"ocean_menu_typo_line_height_mobile":0,"ocean_menu_typo_line_height_unit":"","ocean_menu_typo_spacing":0,"ocean_menu_typo_spacing_tablet":0,"ocean_menu_typo_spacing_mobile":0,"ocean_menu_typo_spacing_unit":"","ocean_menu_link_color":"","ocean_menu_link_color_hover":"","ocean_menu_link_color_active":"","ocean_menu_link_background":"","ocean_menu_link_hover_background":"","ocean_menu_link_active_background":"","ocean_menu_social_links_bg":"","ocean_menu_social_hover_links_bg":"","ocean_menu_social_links_color":"","ocean_menu_social_hover_links_color":"","ocean_disable_title":"default","ocean_disable_heading":"default","ocean_post_title":"","ocean_post_subheading":"","ocean_post_title_style":"","ocean_post_title_background_color":"","ocean_post_title_background":0,"ocean_post_title_bg_image_position":"","ocean_post_title_bg_image_attachment":"","ocean_post_title_bg_image_repeat":"","ocean_post_title_bg_image_size":"","ocean_post_title_height":0,"ocean_post_title_bg_overlay":0.5,"ocean_post_title_bg_overlay_color":"","ocean_disable_breadcrumbs":"default","ocean_breadcrumbs_color":"","ocean_breadcrumbs_separator_color":"","ocean_breadcrumbs_links_color":"","ocean_breadcrumbs_links_hover_color":"","ocean_display_footer_widgets":"default","ocean_display_footer_bottom":"default","ocean_custom_footer_template":"","ocean_post_oembed":"","ocean_post_self_hosted_media":"","ocean_post_video_embed":"","ocean_link_format":"","ocean_link_format_target":"self","ocean_quote_format":"","ocean_quote_format_link":"post","ocean_gallery_link_images":"on","ocean_gallery_id":[],"footnotes":""},"categories":[63],"tags":[],"class_list":["post-15974","post","type-post","status-publish","format-standard","hentry","category-khaebaerlaer-az","entry"],"_links":{"self":[{"href":"https:\/\/mdu.edu.az\/ru\/wp-json\/wp\/v2\/posts\/15974","targetHints":{"allow":["GET"]}}],"collection":[{"href":"https:\/\/mdu.edu.az\/ru\/wp-json\/wp\/v2\/posts"}],"about":[{"href":"https:\/\/mdu.edu.az\/ru\/wp-json\/wp\/v2\/types\/post"}],"author":[{"embeddable":true,"href":"https:\/\/mdu.edu.az\/ru\/wp-json\/wp\/v2\/users\/1"}],"replies":[{"embeddable":true,"href":"https:\/\/mdu.edu.az\/ru\/wp-json\/wp\/v2\/comments?post=15974"}],"version-history":[{"count":0,"href":"https:\/\/mdu.edu.az\/ru\/wp-json\/wp\/v2\/posts\/15974\/revisions"}],"wp:attachment":[{"href":"https:\/\/mdu.edu.az\/ru\/wp-json\/wp\/v2\/media?parent=15974"}],"wp:term":[{"taxonomy":"category","embeddable":true,"href":"https:\/\/mdu.edu.az\/ru\/wp-json\/wp\/v2\/categories?post=15974"},{"taxonomy":"post_tag","embeddable":true,"href":"https:\/\/mdu.edu.az\/ru\/wp-json\/wp\/v2\/tags?post=15974"}],"curies":[{"name":"wp","href":"https:\/\/api.w.org\/{rel}","templated":true}]}}