{"id":16051,"date":"2021-09-25T22:13:01","date_gmt":"2021-09-25T19:13:01","guid":{"rendered":"https:\/\/mdu.edu.az\/mdu-m-kda-n-n-yaz-s-azedu-sayt-nda-yay-mlan-b\/"},"modified":"2021-09-25T22:13:01","modified_gmt":"2021-09-25T19:13:01","slug":"mdu-m-kda-n-n-yaz-s-azedu-sayt-nda-yay-mlan-b","status":"publish","type":"post","link":"https:\/\/mdu.edu.az\/ru\/mdu-m-kda-n-n-yaz-s-azedu-sayt-nda-yay-mlan-b\/","title":{"rendered":"MDU \u0259m\u0259kda\u015f\u0131n\u0131n yaz\u0131s\u0131 &#8220;AzEdu &#8221; t\u0259hsil portal\u0131nda yay\u0131mlan\u0131b"},"content":{"rendered":"<p style=\"text-align: center;\"><span style=\"color: #000000;\"><strong><span style=\"font-size: 14pt; line-height: 107%; font-family: 'Arial', sans-serif;\">V\u0259t\u0259n m&uuml;harib\u0259si \u015f\u0259hidl\u0259ri aras\u0131nda Ming\u0259&ccedil;evir D&ouml;vl\u0259t Universitetinin m\u0259zunlar\u0131 da var<\/span><\/strong><\/span><\/p>\n<p style=\"text-align: center;\"><img decoding=\"async\" src=\"images\/photo\/Shehidler.jpeg\" alt=\"\" \/><\/p>\n<p style=\"text-align: justify; text-indent: 1cm;\"><span style=\"color: #000000;\"><b><span style=\"font-size: 12pt; font-family: 'Arial', sans-serif;\"><\/span><\/b><\/span><\/p>\n<p><span style=\"font-size: 14pt;\"><a href=\"https:\/\/azedu.az\/az\/news\/48356\" target=\"_blank\" rel=\"noopener\">www.azedu.az&nbsp;&nbsp;&nbsp; 25.09.2021<\/a><\/span><\/p>\n<p style=\"text-align: justify; text-indent: 1cm;\"><span style=\"font-size: 12pt; font-family: 'Arial', sans-serif; color: #000000;\">Sentyabr\u0131n 27-si Az\u0259rbaycanda An\u0131m G&uuml;n&uuml; qeyd olunacaq.<\/span><\/p>\n<p style=\"text-align: justify; text-indent: 1cm;\"><span style=\"font-size: 12pt; font-family: 'Arial', sans-serif; color: #000000;\">Ming\u0259&ccedil;evir D&ouml;vl\u0259t Universitetinin bir ne&ccedil;\u0259 m\u0259zunu V\u0259t\u0259n m&uuml;harib\u0259sind\u0259 k&ouml;n&uuml;ll&uuml; olaraq i\u015ftirak edib.<\/span><\/p>\n<p style=\"text-align: justify; text-indent: 1cm;\"><span style=\"font-size: 12pt; font-family: 'Arial', sans-serif; color: #000000;\">&nbsp;<b>AzEdu.az<\/b> x\u0259b\u0259r verir ki, 2020-ci il sentyabr\u0131n 27-d\u0259n Az\u0259rbaycan Respublikas\u0131 Silahl\u0131 Q&uuml;vv\u0259l\u0259ri Ali Ba\u015f Komandan\u0131n\u0131n r\u0259hb\u0259rliyi alt\u0131nda Erm\u0259nistan\u0131n&nbsp; &ouml;lk\u0259miz\u0259 qar\u015f\u0131 ba\u015flayan n&ouml;vb\u0259ti h\u0259rbi t\u0259cav&uuml;z&uuml;n\u0259 cavab olaraq, i\u015f\u011fal alt\u0131ndak\u0131 torpaqlar\u0131m\u0131z\u0131n azad edilm\u0259si m\u0259qs\u0259dil\u0259 V\u0259t\u0259n m&uuml;harib\u0259si ba\u015flam\u0131\u015fd\u0131r.<\/span><\/p>\n<p style=\"text-align: justify; text-indent: 1cm;\"><span style=\"font-size: 12pt; font-family: 'Arial', sans-serif; color: #000000;\">&nbsp;Az\u0259rbaycan\u0131n \u0259razi b&uuml;t&ouml;vl&uuml;y&uuml; u\u011frunda ged\u0259n m&uuml;bariz\u0259d\u0259 q\u0259hr\u0259mancas\u0131na d&ouml;y&uuml;\u015f\u0259n \u0259sg\u0259r v\u0259 zabitl\u0259rimiz, b&uuml;t&ouml;vl&uuml;kd\u0259 Az\u0259rbaycan xalq\u0131 \u0259zm, irad\u0259 v\u0259 h\u0259mr\u0259ylik n&uuml;mayi\u015f etdir\u0259r\u0259k, d&uuml;\u015fm\u0259n\u0259 layiqli cavab vermi\u015fdir.<\/span><\/p>\n<p style=\"text-align: justify; text-indent: 1cm;\"><span style=\"font-size: 12pt; font-family: 'Arial', sans-serif; color: #000000;\">\u0130kinci Qaraba\u011f m&uuml;harib\u0259sind\u0259 r\u0259\u015fad\u0259tli ordumuzun&nbsp; 2904 h\u0259rbi qulluq&ccedil;usu h\u0259lak olmu\u015f, 10 h\u0259rbi qulluq&ccedil;umuz itkin d&uuml;\u015fm&uuml;\u015f, 1000 n\u0259f\u0259rd\u0259n art\u0131q \u0259sg\u0259rimiz yaralanm\u0131\u015fd\u0131r.<\/span><\/p>\n<p style=\"text-align: justify; text-indent: 1cm;\"><span style=\"font-size: 12pt; font-family: 'Arial', sans-serif; color: #000000;\">Canlar\u0131n\u0131 &ldquo;V\u0259t\u0259n sa\u011f olsun!&rdquo; dey\u0259r\u0259k ortaya qoyan, xalq\u0131n azadl\u0131\u011f\u0131 u\u011frunda igidlikl\u0259 d&ouml;y&uuml;\u015f\u0259n \u015f\u0259hidl\u0259rimiz aras\u0131nda Ming\u0259&ccedil;evir D&ouml;vl\u0259t Universitetinin (MDU) m\u0259zunlar\u0131 da var. Bel\u0259 ki, K\u0259nan Abdullayev, \u018fz\u0259mi H&uuml;seynov, Oruc N\u0259c\u0259fli, Yusif C\u0259f\u0259rov, Faiq H\u0259s\u0259nov v\u0259t\u0259n u\u011frunda can\u0131ndan ke&ccedil;\u0259n, xalq\u0131n azadl\u0131\u011f\u0131 u\u011frunda g&ouml;zl\u0259rini \u0259b\u0259di yuman igidl\u0259rimizdir.<\/span><\/p>\n<p style=\"text-align: justify; text-indent: 1cm;\"><span style=\"font-size: 12pt; font-family: 'Arial', sans-serif; color: #000000;\">1 il \u0259rzind\u0259 Ming\u0259&ccedil;evir D&ouml;vl\u0259t Universitetinin rektoru c\u0259nab \u015eahin Bayramovun ba\u015f&ccedil;\u0131l\u0131\u011f\u0131 alt\u0131nda bir qrup \u0259m\u0259kda\u015f tez-tez MDU-nun m\u0259zunlar\u0131 olan \u015f\u0259hidl\u0259rin ail\u0259l\u0259rini ziyar\u0259t edib, a\u011f\u0131r g&uuml;nl\u0259rind\u0259 onlar\u0131n d\u0259rdin\u0259 \u015f\u0259rik &ccedil;\u0131x\u0131b. Bu bir ild\u0259 MDU-da ke&ccedil;iril\u0259n bir &ccedil;ox t\u0259dbirl\u0259rin a&ccedil;\u0131l\u0131\u015f\u0131nda c\u0259nab rektor universitetimizin &nbsp;\u015f\u0259hidl\u0259rinin timsal\u0131nda b&uuml;t&uuml;n \u015f\u0259hidl\u0259rin valideynl\u0259rin\u0259 d\u0259rin ehtiram\u0131n\u0131 ifad\u0259 edib v\u0259 \u015f\u0259hidl\u0259rimizin&nbsp; xatir\u0259sinin daim uca tutulaca\u011f\u0131na \u0259minliyini bildirib.<\/span><\/p>\n<p style=\"text-align: justify; text-indent: 1cm;\"><span style=\"font-size: 12pt; font-family: 'Arial', sans-serif; color: #000000;\">V\u0259t\u0259n m&uuml;harib\u0259sind\u0259 can\u0131 bahas\u0131na d&ouml;y&uuml;\u015f\u0259n igidl\u0259rimiz aras\u0131nda Ming\u0259&ccedil;evir D&ouml;vl\u0259t Universitetinin 4 \u0259m\u0259kda\u015f\u0131, 120-d\u0259n &ccedil;ox t\u0259l\u0259b\u0259 v\u0259 m\u0259zunu k&ouml;n&uuml;ll&uuml; olaraq i\u015ftirak edib.<\/span><\/p>\n<p style=\"text-align: justify; text-indent: 1cm;\"><span style=\"font-size: 12pt; font-family: 'Arial', sans-serif; color: #000000;\">MDU-nun \u015f\u0259hid m\u0259zunlar\u0131n\u0131 xat\u0131rlad\u0131qca, t\u0259kc\u0259 onlar\u0131n g&ouml;st\u0259rdikl\u0259ri \u015f&uuml;ca\u0259tl\u0259r yox, eyni zamanda insani keyfiyy\u0259tl\u0259ri, t\u0259hsil h\u0259yatlar\u0131nda yadda qalan \u0259xlaqi v\u0259 m\u0259d\u0259ni x&uuml;susiyy\u0259tl\u0259ri, \u0259ld\u0259 etdikl\u0259ri u\u011fur v\u0259 m&uuml;v\u0259ff\u0259qiyy\u0259tl\u0259r d\u0259 g&ouml;z &ouml;n&uuml;nd\u0259 canlan\u0131r.<\/span><\/p>\n<p style=\"text-align: justify; text-indent: 1cm;\"><span style=\"font-size: 12pt; font-family: 'Arial', sans-serif; color: #000000;\">M\u0259lumdur ki, Az\u0259rbaycan Respublikas\u0131n\u0131n Prezidenti \u0130lham \u018fliyevin 2020-ci il 2 dekabr tarixli S\u0259r\u0259ncam\u0131 il\u0259 h\u0259r il sentyabr\u0131n 27-sinin Az\u0259rbaycan Respublikas\u0131nda An\u0131m G&uuml;n&uuml; kimi qeyd edilm\u0259si q\u0259rara al\u0131n\u0131b. &Uuml;mid edirik ki, h\u0259min g&uuml;n Az\u0259rbaycan\u0131n suverenliyi u\u011frunda, xalq\u0131n dincliyi, \u0259min-amanl\u0131\u011f\u0131 yolunda can\u0131ndan ke&ccedil;\u0259n, adlar\u0131n\u0131 tarixin s\u0259hif\u0259l\u0259rin\u0259 q\u0131z\u0131l h\u0259rfl\u0259rl\u0259&nbsp; yazd\u0131ran q\u0259hr\u0259man \u015f\u0259hidl\u0259rimizin xatir\u0259si h\u0259r k\u0259s t\u0259r\u0259find\u0259n d\u0259rin h&ouml;rm\u0259tl\u0259 an\u0131lacaq.&nbsp;<\/span><\/p>\n<p style=\"text-align: justify; text-indent: 1cm;\"><span style=\"font-size: 12pt; font-family: 'Arial', sans-serif; color: #000000;\">M&uuml;asir d&ouml;vr&uuml;n&nbsp; Cavan\u015firl\u0259ri, Bab\u0259kl\u0259ri, Koro\u011flular\u0131d\u0131r bizim r\u0259\u015fad\u0259tli ordumuzun \u015f\u0259hidl\u0259ri, qazil\u0259ri,&nbsp; \u0259sg\u0259r v\u0259 zabitl\u0259ri!<\/span><\/p>\n<p style=\"text-align: justify; text-indent: 1cm;\"><span style=\"font-size: 12pt; font-family: 'Arial', sans-serif; color: #000000;\">Qaraba\u015f u\u011frunda sava\u015fan g\u0259ncl\u0259rimizi, \u015f\u0259hidl\u0259rimizi d&uuml;nyaya g\u0259tir\u0259n, b&ouml;y&uuml;d&uuml;b boya-ba\u015fa &ccedil;atd\u0131ran \u015f\u0259hid analar\u0131 qar\u015f\u0131s\u0131nda ba\u015f \u0259yir, g\u0259nc valideynl\u0259ri &ouml;z &ouml;vladlar\u0131n\u0131 \u018fz\u0259mi, K\u0259nan, Oruc, Polad, Xudayar v\u0259 dig\u0259r q\u0259hr\u0259manlar\u0131m\u0131z kimi v\u0259t\u0259np\u0259rv\u0259r, m\u0259rd ruhlu b&ouml;y&uuml;tm\u0259y\u0259 s\u0259sl\u0259yir\u0259m.<\/span><\/p>\n<p style=\"text-align: justify; text-indent: 1cm;\"><span style=\"font-size: 12pt; font-family: 'Arial', sans-serif; color: #000000;\">Allahdan \u015f\u0259hidl\u0259rimiz\u0259 r\u0259hm\u0259t, yax\u0131nlar\u0131na is\u0259 s\u0259br dil\u0259yir\u0259m!<\/span><\/p>\n<p style=\"text-align: justify; text-indent: 1cm;\"><span style=\"font-size: 12pt; font-family: 'Arial', sans-serif; color: #000000;\"><\/span><\/p>\n<p style=\"text-align: justify; text-indent: 1cm;\"><span style=\"font-size: 12pt; font-family: 'Arial', sans-serif; color: #000000;\"><\/span><\/p>\n<p style=\"text-align: justify; text-indent: 1cm;\"><span style=\"color: #000000;\"><b><span style=\"font-size: 12pt; font-family: 'Arial', sans-serif;\">Ming\u0259&ccedil;evir D&ouml;vl\u0259t Universiteti<\/span><\/b><\/span><\/p>\n<p style=\"text-align: justify; text-indent: 1cm;\"><span style=\"color: #000000;\"><b><span style=\"font-size: 12pt; font-family: 'Arial', sans-serif;\">Xarici dill\u0259r kafedras\u0131n\u0131n m&uuml;\u0259llimi<\/span><\/b><\/span><\/p>\n<p style=\"text-align: justify; text-indent: 1cm;\"><span style=\"color: #000000;\"><b><span style=\"font-size: 12pt; font-family: 'Arial', sans-serif;\">X\u0259dic\u0259 \u018fliyeva<\/span><\/b><\/span><\/p>\n<p style=\"text-align: justify; text-indent: 1cm;\"><span style=\"font-size: 12pt; font-family: 'Arial', sans-serif; color: #000000;\"><\/span><\/p>","protected":false},"excerpt":{"rendered":"<p>V\u0259t\u0259n m&uuml;harib\u0259si \u015f\u0259hidl\u0259ri aras\u0131nda Ming\u0259&ccedil;evir D&ouml;vl\u0259t Universitetinin m\u0259zunlar\u0131 da var www.azedu.az&nbsp;&nbsp;&nbsp; 25.09.2021 Sentyabr\u0131n 27-si Az\u0259rbaycanda An\u0131m G&uuml;n&uuml; qeyd olunacaq. Ming\u0259&ccedil;evir D&ouml;vl\u0259t Universitetinin bir ne&ccedil;\u0259 m\u0259zunu V\u0259t\u0259n m&uuml;harib\u0259sind\u0259 k&ouml;n&uuml;ll&uuml; olaraq i\u015ftirak edib. &nbsp;AzEdu.az x\u0259b\u0259r verir ki, 2020-ci il sentyabr\u0131n 27-d\u0259n Az\u0259rbaycan Respublikas\u0131 Silahl\u0131 Q&uuml;vv\u0259l\u0259ri Ali Ba\u015f Komandan\u0131n\u0131n r\u0259hb\u0259rliyi alt\u0131nda Erm\u0259nistan\u0131n&nbsp; &ouml;lk\u0259miz\u0259 qar\u015f\u0131 ba\u015flayan n&ouml;vb\u0259ti h\u0259rbi t\u0259cav&uuml;z&uuml;n\u0259 [&hellip;]<\/p>\n","protected":false},"author":1,"featured_media":0,"comment_status":"open","ping_status":"open","sticky":false,"template":"","format":"standard","meta":{"_eb_attr":"","ocean_post_layout":"","ocean_both_sidebars_style":"","ocean_both_sidebars_content_width":0,"ocean_both_sidebars_sidebars_width":0,"ocean_sidebar":"","ocean_second_sidebar":"","ocean_disable_margins":"enable","ocean_add_body_class":"","ocean_shortcode_before_top_bar":"","ocean_shortcode_after_top_bar":"","ocean_shortcode_before_header":"","ocean_shortcode_after_header":"","ocean_has_shortcode":"","ocean_shortcode_after_title":"","ocean_shortcode_before_footer_widgets":"","ocean_shortcode_after_footer_widgets":"","ocean_shortcode_before_footer_bottom":"","ocean_shortcode_after_footer_bottom":"","ocean_display_top_bar":"default","ocean_display_header":"default","ocean_header_style":"","ocean_center_header_left_menu":"","ocean_custom_header_template":"","ocean_custom_logo":0,"ocean_custom_retina_logo":0,"ocean_custom_logo_max_width":0,"ocean_custom_logo_tablet_max_width":0,"ocean_custom_logo_mobile_max_width":0,"ocean_custom_logo_max_height":0,"ocean_custom_logo_tablet_max_height":0,"ocean_custom_logo_mobile_max_height":0,"ocean_header_custom_menu":"","ocean_menu_typo_font_family":"","ocean_menu_typo_font_subset":"","ocean_menu_typo_font_size":0,"ocean_menu_typo_font_size_tablet":0,"ocean_menu_typo_font_size_mobile":0,"ocean_menu_typo_font_size_unit":"px","ocean_menu_typo_font_weight":"","ocean_menu_typo_font_weight_tablet":"","ocean_menu_typo_font_weight_mobile":"","ocean_menu_typo_transform":"","ocean_menu_typo_transform_tablet":"","ocean_menu_typo_transform_mobile":"","ocean_menu_typo_line_height":0,"ocean_menu_typo_line_height_tablet":0,"ocean_menu_typo_line_height_mobile":0,"ocean_menu_typo_line_height_unit":"","ocean_menu_typo_spacing":0,"ocean_menu_typo_spacing_tablet":0,"ocean_menu_typo_spacing_mobile":0,"ocean_menu_typo_spacing_unit":"","ocean_menu_link_color":"","ocean_menu_link_color_hover":"","ocean_menu_link_color_active":"","ocean_menu_link_background":"","ocean_menu_link_hover_background":"","ocean_menu_link_active_background":"","ocean_menu_social_links_bg":"","ocean_menu_social_hover_links_bg":"","ocean_menu_social_links_color":"","ocean_menu_social_hover_links_color":"","ocean_disable_title":"default","ocean_disable_heading":"default","ocean_post_title":"","ocean_post_subheading":"","ocean_post_title_style":"","ocean_post_title_background_color":"","ocean_post_title_background":0,"ocean_post_title_bg_image_position":"","ocean_post_title_bg_image_attachment":"","ocean_post_title_bg_image_repeat":"","ocean_post_title_bg_image_size":"","ocean_post_title_height":0,"ocean_post_title_bg_overlay":0.5,"ocean_post_title_bg_overlay_color":"","ocean_disable_breadcrumbs":"default","ocean_breadcrumbs_color":"","ocean_breadcrumbs_separator_color":"","ocean_breadcrumbs_links_color":"","ocean_breadcrumbs_links_hover_color":"","ocean_display_footer_widgets":"default","ocean_display_footer_bottom":"default","ocean_custom_footer_template":"","ocean_post_oembed":"","ocean_post_self_hosted_media":"","ocean_post_video_embed":"","ocean_link_format":"","ocean_link_format_target":"self","ocean_quote_format":"","ocean_quote_format_link":"post","ocean_gallery_link_images":"on","ocean_gallery_id":[],"footnotes":""},"categories":[63],"tags":[],"class_list":["post-16051","post","type-post","status-publish","format-standard","hentry","category-khaebaerlaer-az","entry"],"_links":{"self":[{"href":"https:\/\/mdu.edu.az\/ru\/wp-json\/wp\/v2\/posts\/16051","targetHints":{"allow":["GET"]}}],"collection":[{"href":"https:\/\/mdu.edu.az\/ru\/wp-json\/wp\/v2\/posts"}],"about":[{"href":"https:\/\/mdu.edu.az\/ru\/wp-json\/wp\/v2\/types\/post"}],"author":[{"embeddable":true,"href":"https:\/\/mdu.edu.az\/ru\/wp-json\/wp\/v2\/users\/1"}],"replies":[{"embeddable":true,"href":"https:\/\/mdu.edu.az\/ru\/wp-json\/wp\/v2\/comments?post=16051"}],"version-history":[{"count":0,"href":"https:\/\/mdu.edu.az\/ru\/wp-json\/wp\/v2\/posts\/16051\/revisions"}],"wp:attachment":[{"href":"https:\/\/mdu.edu.az\/ru\/wp-json\/wp\/v2\/media?parent=16051"}],"wp:term":[{"taxonomy":"category","embeddable":true,"href":"https:\/\/mdu.edu.az\/ru\/wp-json\/wp\/v2\/categories?post=16051"},{"taxonomy":"post_tag","embeddable":true,"href":"https:\/\/mdu.edu.az\/ru\/wp-json\/wp\/v2\/tags?post=16051"}],"curies":[{"name":"wp","href":"https:\/\/api.w.org\/{rel}","templated":true}]}}