{"id":16052,"date":"2021-09-27T10:44:36","date_gmt":"2021-09-27T07:44:36","guid":{"rendered":"https:\/\/mdu.edu.az\/rektor-ahin-bayramovun-an-m-zh-n-il-ba-l-az-rtadz-a-a-zhlamas\/"},"modified":"2021-09-27T10:44:36","modified_gmt":"2021-09-27T07:44:36","slug":"rektor-ahin-bayramovun-an-m-zh-n-il-ba-l-az-rtadz-a-a-zhlamas","status":"publish","type":"post","link":"https:\/\/mdu.edu.az\/ru\/rektor-ahin-bayramovun-an-m-zh-n-il-ba-l-az-rtadz-a-a-zhlamas\/","title":{"rendered":"Rektor \u015eahin Bayramovun &#8220;An\u0131m G\u00fcn\u00fc&#8221; il\u0259 ba\u011fl\u0131 &#8220;AZ\u018fRTAC&#8221;a a\u00e7\u0131qlamas\u0131"},"content":{"rendered":"<p style=\"text-align: center;\"><span style=\"color: #000000;\"><b><span style=\"font-size: 14pt; font-family: Arial;\">Xalq\u0131m\u0131z \u015f\u0259hidl\u0259rimizin \u0259ziz xatir\u0259sini b&ouml;y&uuml;k h&ouml;rm\u0259t v\u0259 d\u0259rin ehtiramla yad edir<\/span><\/b><\/span><\/p>\n<p style=\"text-align: center;\"><img decoding=\"async\" src=\"images\/photo\/Rektor7.jpg\" alt=\"\" \/><\/p>\n<p style=\"text-align: justify; text-indent: 27pt;\"><span style=\"font-family: Arial; color: #000000;\"><\/span><\/p>\n<p style=\"text-align: justify; text-indent: 27pt;\"><span style=\"font-family: Arial;\"><span style=\"color: #000000;\">Bak\u0131, 27 sentyabr,<\/span> <a href=\"https:\/\/azertag.az\/xeber\/Xalqimiz_sehidlerimizin_eziz_xatiresini_boyuk_hormet_ve_derin_ehtiramla_yad_edir-1886101\" target=\"_blank\" rel=\"noopener\">AZ\u018fRTAC<\/a><\/span><\/p>\n<p style=\"text-align: justify; text-indent: 27pt;\"><span style=\"font-family: Arial;\"><\/span><\/p>\n<p style=\"text-align: justify; text-indent: 27pt;\"><span style=\"color: #000000;\"><span style=\"font-family: Arial;\">Tarixi Z\u0259f\u0259rin qazan\u0131lmas\u0131 il\u0259 n\u0259tic\u0259l\u0259n\u0259n 44 g&uuml;nl&uuml;k V\u0259t\u0259n m&uuml;harib\u0259sinin ba\u015flanmas\u0131ndan bir il ke&ccedil;ir. <\/span><span style=\"font-family: Arial;\">M&uuml;asir Az\u0259rbaycan tarixinin \u0259n \u015fanl\u0131 s\u0259hif\u0259l\u0259rinin yaz\u0131lmas\u0131 il\u0259 xarakteriz\u0259 olunan bu d&ouml;vr M&uuml;z\u0259ff\u0259r Ali Ba\u015f Komandan\u0131m\u0131z\u0131n v\u0259 r\u0259\u015fad\u0259tli Az\u0259rbaycan \u018fsg\u0259rinin \u015fah \u0259s\u0259ri hesab olunur. M\u0259hz 2020-ci ilin 27 sentyabr tarixind\u0259 d&uuml;\u015fm\u0259nin n&ouml;vb\u0259ti t\u0259xribatlar\u0131na cavab olaraq &ldquo;D\u0259mir yumruq&rdquo; \u0259m\u0259liyyatlar\u0131na start verildi. 30 il\u0259 yax\u0131n m&uuml;dd\u0259td\u0259 d&uuml;\u015fm\u0259n tapda\u011f\u0131nda olan tarixi torpaqlar\u0131m\u0131z Ali Ba\u015f Komandan\u0131m\u0131z\u0131n b&ouml;y&uuml;k siyasi irad\u0259si v\u0259 y&uuml;ks\u0259k m\u0259har\u0259ti, \u015f\u0259hidl\u0259rimizin qan\u0131, qazil\u0259rimizin can\u0131, \u0259sg\u0259rl\u0259rimizin \u015f&uuml;ca\u0259ti v\u0259 xalq\u0131m\u0131z\u0131n h\u0259mr\u0259yliyi say\u0259sind\u0259 i\u015f\u011faldan azad edildi. Faktiki olaraq, xain d&uuml;\u015fm\u0259n Az\u0259rbaycan\u0131n h\u0259rbi q&uuml;dr\u0259ti v\u0259 siyasi \u0259z\u0259m\u0259ti qar\u015f\u0131s\u0131nda diz &ccedil;&ouml;kd&uuml;.<\/span><\/span><\/p>\n<p style=\"text-align: justify; text-indent: 27pt;\"><span style=\"font-family: Arial;\"><span style=\"color: #000000;\">Bunu<\/span> <\/span><span style=\"font-family: Arial;\"><a href=\"https:\/\/azertag.az\" target=\"_blank\" rel=\"noopener\">AZ\u018fRTAC<\/a><\/span><span style=\"font-family: Arial; color: #000000;\">-a a&ccedil;\u0131qlamas\u0131nda Ming\u0259&ccedil;evir D&ouml;vl\u0259t Universitetinin rektoru \u015eahin Bayramov bildirib.<\/span><\/p>\n<p style=\"text-align: justify; text-indent: 27pt;\"><span style=\"font-family: Arial; color: #000000;\">O deyib: &ldquo;Q\u0259dirbil\u0259n Az\u0259rbaycan xalq\u0131 \u0259razi b&uuml;t&ouml;vl&uuml;y&uuml;m&uuml;z&uuml;n t\u0259min olunmas\u0131 yolunda can\u0131ndan ke&ccedil;\u0259r\u0259k \u015f\u0259hidlik zirv\u0259sin\u0259 y&uuml;ks\u0259l\u0259n m\u0259rd o\u011fullar\u0131m\u0131z\u0131n \u0259ziz xatir\u0259sini b&ouml;y&uuml;k h&ouml;rm\u0259t v\u0259 d\u0259rin ehtiramla yad edir. \u018fz\u0259li torpaqlar\u0131m\u0131z\u0131 erm\u0259ni vandalizminin \u0259sirliyind\u0259n xilas ed\u0259n \u015f\u0259hidl\u0259rimizin ad\u0131n\u0131n \u0259b\u0259dil\u0259\u015fdirilm\u0259si v\u0259 onlar\u0131n g&ouml;st\u0259rdiyi q\u0259hr\u0259manl\u0131qlar\u0131n t\u0259bli\u011fi sah\u0259sind\u0259 d&ouml;vl\u0259timiz t\u0259r\u0259find\u0259n realla\u015fd\u0131r\u0131lan kompleks t\u0259dbirl\u0259r q&uuml;rurvericidir.<\/span><\/p>\n<p style=\"text-align: justify; text-indent: 27pt;\"><span style=\"font-family: Arial; color: #000000;\">Onun s&ouml;zl\u0259rin\u0259 g&ouml;r\u0259, 27 sentyabr tarixinin Az\u0259rbaycanda An\u0131m G&uuml;n&uuml; kimi qeyd edilm\u0259si v\u0259 bu &ccedil;\u0259r&ccedil;iv\u0259d\u0259 at\u0131lan sistemli add\u0131mlar \u015f\u0259hidl\u0259rimizin m&uuml;q\u0259dd\u0259s ruhuna ehtiram\u0131n v\u0259 qazil\u0259rimizin \u015f&uuml;ca\u0259tin\u0259 veril\u0259n d\u0259y\u0259rin bariz n&uuml;mun\u0259sidir. \u018fminik ki, bu g&uuml;n \u015f\u0259hidl\u0259rimizin ruhu \u015fadd\u0131r. &Ccedil;&uuml;nki, \u015f\u0259hidl\u0259rimizin u\u011frunda canlar\u0131ndan ke&ccedil;dikl\u0259ri torpaqlarda haz\u0131rda h\u0259yat yenid\u0259n qurulur, m&uuml;st\u0259qil Az\u0259rbaycan\u0131n Qaraba\u011f v\u0259 \u015e\u0259rqi Z\u0259ng\u0259zur iqtisadi rayonlar\u0131nda s&uuml;r\u0259tli dir&ccedil;\u0259li\u015f i\u015fl\u0259ri apar\u0131l\u0131r.<\/span><\/p>\n<p style=\"text-align: justify; text-indent: 27pt;\"><span style=\"color: #000000;\"><span style=\"font-family: Arial;\">&ldquo;\u0130nan\u0131r\u0131q ki, bu g&uuml;n m&uuml;st\u0259qil Az\u0259rbaycan\u0131n qurucusu, &uuml;mummilli lider Heyd\u0259r \u018fliyevin d\u0259 ruhu \u015fadd\u0131r. Bu bax\u0131mdan, m&ouml;ht\u0259r\u0259m Prezidentimiz c\u0259ab \u0130lham \u018fliyevin bu g&uuml;nl\u0259rd\u0259 s\u0259sl\u0259ndirdiyi a\u015fa\u011f\u0131dak\u0131 fikirl\u0259r h\u0259m q&uuml;rurverici, h\u0259m d\u0259 t\u0259sirlidir: &ldquo;\u015eu\u015fa azad edil\u0259nd\u0259 \u015e\u0259hidl\u0259r xiyaban\u0131n\u0131, atam\u0131n m\u0259zar\u0131n\u0131 ziyar\u0259t ed\u0259nd\u0259, ilk n&ouml;vb\u0259d\u0259, q&uuml;rur duyurdum. M\u0259n ona \u0259sg\u0259ri salam verdim v\u0259 tarixi missiyam\u0131 yerin\u0259 yetirm\u0259yim, onun v\u0259siyy\u0259tin\u0259 \u0259m\u0259l etm\u0259yim bar\u0259d\u0259 m\u0259ruz\u0259 etdim, q&uuml;rur hissi ke&ccedil;irirdim, h\u0259m d\u0259 t\u0259\u0259ss&uuml;fl\u0259nirdim ki, atam bunu g&ouml;rm\u0259di. Lakin m\u0259nd\u0259 bir daxili \u0259minlik vard\u0131r ki, y\u0259qin onun ruhu biziml\u0259dir v\u0259 q\u0259lb\u0259n sevinir&rdquo;. <\/span><span style=\"font-family: Arial;\">Qaraba\u011f Az\u0259rbaycand\u0131r!&rdquo;, &#8211; dey\u0259 Ming\u0259&ccedil;evir D&ouml;vl\u0259t Universitetinin rektoru qeyd edib.<\/span><\/span><\/p>\n<p style=\"text-align: justify; text-indent: 27pt;\"><span style=\"font-family: Arial; color: #000000;\"><\/span><\/p>","protected":false},"excerpt":{"rendered":"<p>Xalq\u0131m\u0131z \u015f\u0259hidl\u0259rimizin \u0259ziz xatir\u0259sini b&ouml;y&uuml;k h&ouml;rm\u0259t v\u0259 d\u0259rin ehtiramla yad edir Bak\u0131, 27 sentyabr, AZ\u018fRTAC Tarixi Z\u0259f\u0259rin qazan\u0131lmas\u0131 il\u0259 n\u0259tic\u0259l\u0259n\u0259n 44 g&uuml;nl&uuml;k V\u0259t\u0259n m&uuml;harib\u0259sinin ba\u015flanmas\u0131ndan bir il ke&ccedil;ir. M&uuml;asir Az\u0259rbaycan tarixinin \u0259n \u015fanl\u0131 s\u0259hif\u0259l\u0259rinin yaz\u0131lmas\u0131 il\u0259 xarakteriz\u0259 olunan bu d&ouml;vr M&uuml;z\u0259ff\u0259r Ali Ba\u015f Komandan\u0131m\u0131z\u0131n v\u0259 r\u0259\u015fad\u0259tli Az\u0259rbaycan \u018fsg\u0259rinin \u015fah \u0259s\u0259ri hesab olunur. M\u0259hz 2020-ci ilin [&hellip;]<\/p>\n","protected":false},"author":1,"featured_media":0,"comment_status":"open","ping_status":"open","sticky":false,"template":"","format":"standard","meta":{"_eb_attr":"","ocean_post_layout":"","ocean_both_sidebars_style":"","ocean_both_sidebars_content_width":0,"ocean_both_sidebars_sidebars_width":0,"ocean_sidebar":"","ocean_second_sidebar":"","ocean_disable_margins":"enable","ocean_add_body_class":"","ocean_shortcode_before_top_bar":"","ocean_shortcode_after_top_bar":"","ocean_shortcode_before_header":"","ocean_shortcode_after_header":"","ocean_has_shortcode":"","ocean_shortcode_after_title":"","ocean_shortcode_before_footer_widgets":"","ocean_shortcode_after_footer_widgets":"","ocean_shortcode_before_footer_bottom":"","ocean_shortcode_after_footer_bottom":"","ocean_display_top_bar":"default","ocean_display_header":"default","ocean_header_style":"","ocean_center_header_left_menu":"","ocean_custom_header_template":"","ocean_custom_logo":0,"ocean_custom_retina_logo":0,"ocean_custom_logo_max_width":0,"ocean_custom_logo_tablet_max_width":0,"ocean_custom_logo_mobile_max_width":0,"ocean_custom_logo_max_height":0,"ocean_custom_logo_tablet_max_height":0,"ocean_custom_logo_mobile_max_height":0,"ocean_header_custom_menu":"","ocean_menu_typo_font_family":"","ocean_menu_typo_font_subset":"","ocean_menu_typo_font_size":0,"ocean_menu_typo_font_size_tablet":0,"ocean_menu_typo_font_size_mobile":0,"ocean_menu_typo_font_size_unit":"px","ocean_menu_typo_font_weight":"","ocean_menu_typo_font_weight_tablet":"","ocean_menu_typo_font_weight_mobile":"","ocean_menu_typo_transform":"","ocean_menu_typo_transform_tablet":"","ocean_menu_typo_transform_mobile":"","ocean_menu_typo_line_height":0,"ocean_menu_typo_line_height_tablet":0,"ocean_menu_typo_line_height_mobile":0,"ocean_menu_typo_line_height_unit":"","ocean_menu_typo_spacing":0,"ocean_menu_typo_spacing_tablet":0,"ocean_menu_typo_spacing_mobile":0,"ocean_menu_typo_spacing_unit":"","ocean_menu_link_color":"","ocean_menu_link_color_hover":"","ocean_menu_link_color_active":"","ocean_menu_link_background":"","ocean_menu_link_hover_background":"","ocean_menu_link_active_background":"","ocean_menu_social_links_bg":"","ocean_menu_social_hover_links_bg":"","ocean_menu_social_links_color":"","ocean_menu_social_hover_links_color":"","ocean_disable_title":"default","ocean_disable_heading":"default","ocean_post_title":"","ocean_post_subheading":"","ocean_post_title_style":"","ocean_post_title_background_color":"","ocean_post_title_background":0,"ocean_post_title_bg_image_position":"","ocean_post_title_bg_image_attachment":"","ocean_post_title_bg_image_repeat":"","ocean_post_title_bg_image_size":"","ocean_post_title_height":0,"ocean_post_title_bg_overlay":0.5,"ocean_post_title_bg_overlay_color":"","ocean_disable_breadcrumbs":"default","ocean_breadcrumbs_color":"","ocean_breadcrumbs_separator_color":"","ocean_breadcrumbs_links_color":"","ocean_breadcrumbs_links_hover_color":"","ocean_display_footer_widgets":"default","ocean_display_footer_bottom":"default","ocean_custom_footer_template":"","ocean_post_oembed":"","ocean_post_self_hosted_media":"","ocean_post_video_embed":"","ocean_link_format":"","ocean_link_format_target":"self","ocean_quote_format":"","ocean_quote_format_link":"post","ocean_gallery_link_images":"on","ocean_gallery_id":[],"footnotes":""},"categories":[63],"tags":[],"class_list":["post-16052","post","type-post","status-publish","format-standard","hentry","category-khaebaerlaer-az","entry"],"_links":{"self":[{"href":"https:\/\/mdu.edu.az\/ru\/wp-json\/wp\/v2\/posts\/16052","targetHints":{"allow":["GET"]}}],"collection":[{"href":"https:\/\/mdu.edu.az\/ru\/wp-json\/wp\/v2\/posts"}],"about":[{"href":"https:\/\/mdu.edu.az\/ru\/wp-json\/wp\/v2\/types\/post"}],"author":[{"embeddable":true,"href":"https:\/\/mdu.edu.az\/ru\/wp-json\/wp\/v2\/users\/1"}],"replies":[{"embeddable":true,"href":"https:\/\/mdu.edu.az\/ru\/wp-json\/wp\/v2\/comments?post=16052"}],"version-history":[{"count":0,"href":"https:\/\/mdu.edu.az\/ru\/wp-json\/wp\/v2\/posts\/16052\/revisions"}],"wp:attachment":[{"href":"https:\/\/mdu.edu.az\/ru\/wp-json\/wp\/v2\/media?parent=16052"}],"wp:term":[{"taxonomy":"category","embeddable":true,"href":"https:\/\/mdu.edu.az\/ru\/wp-json\/wp\/v2\/categories?post=16052"},{"taxonomy":"post_tag","embeddable":true,"href":"https:\/\/mdu.edu.az\/ru\/wp-json\/wp\/v2\/tags?post=16052"}],"curies":[{"name":"wp","href":"https:\/\/api.w.org\/{rel}","templated":true}]}}