{"id":16053,"date":"2021-09-27T18:42:33","date_gmt":"2021-09-27T15:42:33","guid":{"rendered":"https:\/\/mdu.edu.az\/rektor-ahin-bayramovun-trend-kh-b-r-azhentliyinin-sayt-nda-yaz-s-d-rdz-olunub\/"},"modified":"2021-09-27T18:42:33","modified_gmt":"2021-09-27T15:42:33","slug":"rektor-ahin-bayramovun-trend-kh-b-r-azhentliyinin-sayt-nda-yaz-s-d-rdz-olunub","status":"publish","type":"post","link":"https:\/\/mdu.edu.az\/ru\/rektor-ahin-bayramovun-trend-kh-b-r-azhentliyinin-sayt-nda-yaz-s-d-rdz-olunub\/","title":{"rendered":"Rektor \u015eahin Bayramovun &#8220;TREND&#8221; x\u0259b\u0259r agentliyinin sayt\u0131nda yaz\u0131s\u0131 d\u0259rc olunub"},"content":{"rendered":"<p style=\"text-align: center;\"><span style=\"color: #000000;\"><b><span style=\"font-size: 14pt; font-family: 'Arial', sans-serif;\">Yeni tariximizin q\u0259hr\u0259manl\u0131q salnam\u0259sini yazan igid \u0259sg\u0259r v\u0259 zabitl\u0259rimizl\u0259 q&uuml;rur duyuruq &#8211; \u015eahin Bayramov<\/span><\/b><\/span><\/p>\n<p style=\"text-align: center;\"><img fetchpriority=\"high\" decoding=\"async\" class=\"size-full wp-image-9878\" src=\"https:\/\/mdu.edu.az\/wp-content\/uploads\/2021\/09\/Rektor.jpg\" alt=\"\" width=\"941\" height=\"768\" \/><\/p>\n<p style=\"text-align: justify; text-indent: 1cm;\"><span style=\"font-size: 12pt; font-family: 'Arial', sans-serif; color: #000000;\"><\/span><\/p>\n<p style=\"text-align: justify; text-indent: 1cm;\"><span style=\"color: #000080;\"><a href=\"https:\/\/az.trend.az\/azerbaijan\/politics\/3490345.html\" target=\"_blank\" style=\"color: #000080;\" rel=\"noopener\"><span style=\"font-size: 12pt; font-family: 'Arial', sans-serif;\">Bak\u0131. Trend:<\/span><span style=\"font-size: 12pt; font-family: 'Arial', sans-serif;\"> 27.09.2021<\/span><\/a><\/span><\/p>\n<p style=\"text-align: justify; text-indent: 1cm;\"><span style=\"font-size: 12pt; font-family: 'Arial', sans-serif; color: #000000;\"><\/span><\/p>\n<p style=\"text-align: justify; text-indent: 1cm;\"><span style=\"font-size: 12pt; font-family: 'Arial', sans-serif; color: #000000;\">Bu g&uuml;n Az\u0259rbaycan xalq\u0131n\u0131n g&uuml;c&uuml;n&uuml;, birliyini v\u0259 yenilm\u0259zliyini b&uuml;t&uuml;n d&uuml;nyaya n&uuml;mayi\u015f etdir\u0259n tarixi Z\u0259f\u0259rin qazan\u0131lmas\u0131 il\u0259 n\u0259tic\u0259l\u0259n\u0259n 44 g&uuml;nl&uuml;k V\u0259t\u0259n m&uuml;harib\u0259sinin ba\u015flanmas\u0131ndan d&uuml;z bir il &ouml;t&uuml;r.<\/span><\/p>\n<p style=\"text-align: justify; text-indent: 1cm;\"><span style=\"font-size: 12pt; font-family: 'Arial', sans-serif; color: #000000;\">M&uuml;z\u0259ff\u0259r Ali Ba\u015f Komandan\u0131m\u0131z\u0131n r\u0259hb\u0259rliyi v\u0259 yenilm\u0259z Az\u0259rbaycan \u018fsg\u0259rinin r\u0259\u015fad\u0259ti say\u0259sind\u0259 bu haqq sava\u015f\u0131m\u0131zda \u0259razi b&uuml;t&ouml;vl&uuml;y&uuml;m&uuml;z t\u0259min edildi, tarixi \u0259dal\u0259t v\u0259 milli q&uuml;rurumuz b\u0259rpa olundu. M&ouml;ht\u0259r\u0259m Prezidentimiz \u0130lham \u018fliyevin qeyd etdiyi kimi, &ldquo;Biz d&uuml;\u015fm\u0259ni torpaqlar\u0131m\u0131zdan qovduq v\u0259 \u0259dal\u0259ti, beyn\u0259lxalq h&uuml;ququ b\u0259rpa etdik. Biz milli l\u0259yaq\u0259timizi b\u0259rpa etdik. Bu g&uuml;n Az\u0259rbaycan xalq\u0131 m&uuml;z\u0259ff\u0259r xalq kimi ya\u015fay\u0131r. Bu g&uuml;n Az\u0259rbaycan d&ouml;vl\u0259ti qalib d&ouml;vl\u0259t kimi ya\u015fay\u0131r. Biz bundan sonra m&uuml;z\u0259ff\u0259r xalq v\u0259 qalib d&ouml;vl\u0259t kimi \u0259b\u0259di ya\u015fayaca\u011f\u0131q&rdquo;.<\/span><\/p>\n<p style=\"text-align: justify; text-indent: 1cm;\"><span style=\"font-size: 12pt; font-family: 'Arial', sans-serif; color: #000000;\">Az\u0259rbaycan Respublikas\u0131 Prezidentinin m&uuml;vafiq S\u0259r\u0259ncam\u0131 il\u0259 Sentyabr\u0131n 27-i &ouml;lk\u0259mizd\u0259 An\u0131m G&uuml;n&uuml; kimi qeyd olunur. D&ouml;vl\u0259timizin suverenliyi v\u0259 xo\u015fb\u0259xt g\u0259l\u0259c\u0259yi u\u011frunda canlar\u0131n\u0131 f\u0259da ed\u0259r\u0259k m&uuml;q\u0259dd\u0259s \u015f\u0259hidlik m\u0259qam\u0131na y&uuml;ks\u0259l\u0259n q\u0259hr\u0259manlar\u0131m\u0131z\u0131 b&ouml;y&uuml;k ehtiramla an\u0131r\u0131q. Q\u0259l\u0259b\u0259mizin r\u0259mzin\u0259 &ccedil;evril\u0259n &ldquo;D\u0259mir yumruq&rdquo; il\u0259 erm\u0259ni fa\u015fizminin ba\u015f\u0131n\u0131 \u0259z\u0259n, sars\u0131d\u0131c\u0131 z\u0259rb\u0259l\u0259rl\u0259 d&uuml;\u015fm\u0259n ordusunun belini q\u0131ran v\u0259 yeni tariximizin q\u0259hr\u0259manl\u0131q salnam\u0259sini yazan Az\u0259rbaycan Silahl\u0131 Q&uuml;vv\u0259l\u0259rinin igid \u0259sg\u0259r v\u0259 zabitl\u0259ri il\u0259 q&uuml;rur duyuruq.<\/span><\/p>\n<p style=\"text-align: justify; text-indent: 1cm;\"><span style=\"font-size: 12pt; font-family: 'Arial', sans-serif; color: #000000;\">Bu g&uuml;n V\u0259t\u0259n u\u011frunda y&uuml;ks\u0259k \u015f&uuml;ca\u0259t, f\u0259dakarl\u0131q, c\u0259sar\u0259t v\u0259 v\u0259t\u0259np\u0259rv\u0259rlik n&uuml;mun\u0259l\u0259rini ortaya qoyan \u015f\u0259hidl\u0259rimizin adlar\u0131n\u0131n \u0259b\u0259dil\u0259\u015fdirilm\u0259si &ouml;lk\u0259mizd\u0259 diqq\u0259t m\u0259rk\u0259zind\u0259 saxlan\u0131l\u0131r, \u015f\u0259hid ail\u0259l\u0259ri v\u0259 qazil\u0259rimiz d&ouml;vl\u0259t t\u0259r\u0259find\u0259n daim y&uuml;ks\u0259k diqq\u0259t v\u0259 qay\u011f\u0131 il\u0259 \u0259hat\u0259 olunub.<\/span><\/p>\n<p style=\"text-align: justify; text-indent: 1cm;\"><span style=\"font-size: 12pt; font-family: 'Arial', sans-serif; color: #000000;\">M&uuml;st\u0259qil v\u0259 xo\u015fb\u0259xt g\u0259l\u0259c\u0259yimiz u\u011frunda can\u0131ndan v\u0259 qan\u0131ndan ke&ccedil;\u0259n q\u0259hr\u0259manlar\u0131m\u0131z m&uuml;asir g\u0259nclik &uuml;&ccedil;&uuml;n \u0259n g&ouml;z\u0259l v\u0259t\u0259np\u0259rv\u0259rlik n&uuml;mun\u0259si hesab edilir. Onlar\u0131n \u0259ziz xatir\u0259l\u0259rini ya\u015fatmaq, adlar\u0131n\u0131 daim uca tutmaq v\u0259 g&ouml;st\u0259rdikl\u0259ri \u015f&uuml;ca\u0259tl\u0259ri t\u0259bli\u011f etm\u0259k h\u0259r bir az\u0259rbaycanl\u0131n\u0131n m\u0259n\u0259vi v\u0259 v\u0259t\u0259nda\u015fl\u0131q borcudur. Birinci vitse-prezidentimiz Mehriban xan\u0131m \u018fliyevan\u0131n qeyd etdiyi kimi, &ldquo;H\u0259r birimiz bu Z\u0259f\u0259rin n\u0259yin bahas\u0131na qazan\u0131ld\u0131\u011f\u0131n\u0131 yadda saxlama\u011fa borcluyuq. Biz V\u0259t\u0259n m&uuml;harib\u0259si \u015f\u0259hidl\u0259rini he&ccedil; vaxt unutmayaca\u011f\u0131q&rdquo;.<\/span><\/p>\n<p style=\"text-align: justify; text-indent: 1cm;\"><span style=\"font-size: 12pt; font-family: 'Arial', sans-serif; color: #000000;\">B&ouml;y&uuml;k q&uuml;rur hissl\u0259ri il\u0259 qeyd etm\u0259k ist\u0259rdim ki, tarixi z\u0259f\u0259r y&uuml;r&uuml;\u015f&uuml;nd\u0259 Ming\u0259&ccedil;evir D&ouml;vl\u0259t Universitetinin (MDU) 4 \u0259m\u0259kda\u015f\u0131, 120-d\u0259n &ccedil;ox t\u0259l\u0259b\u0259 v\u0259 m\u0259zunu i\u015ftirak edib, 5 m\u0259zunu is\u0259 \u015f\u0259hidlik zirv\u0259sin\u0259 ucal\u0131b. D&ouml;y&uuml;\u015f tap\u015f\u0131r\u0131qlar\u0131n\u0131 \u015f\u0259r\u0259fl\u0259 yerin\u0259 yetir\u0259n, m\u0259rdlik v\u0259 igidlik g&ouml;st\u0259r\u0259n q\u0259hr\u0259man t\u0259l\u0259b\u0259 v\u0259 m\u0259zunlar\u0131m\u0131z &ouml;lk\u0259 ba\u015f&ccedil;\u0131s\u0131 t\u0259r\u0259find\u0259n medallarla t\u0259ltif edilib.<\/span><\/p>\n<p style=\"text-align: justify; text-indent: 1cm;\"><span style=\"font-size: 12pt; font-family: 'Arial', sans-serif; color: #000000;\">Universitetimizd\u0259 g\u0259ncl\u0259rin xalq\u0131na, v\u0259t\u0259nin\u0259 v\u0259 d&ouml;vl\u0259tin\u0259 ba\u011fl\u0131 layiqli v\u0259t\u0259nda\u015f kimi yeti\u015fdirilm\u0259si i\u015fin\u0259 x&uuml;susi &ouml;n\u0259m verilir v\u0259 bu istiqam\u0259td\u0259 yeni yarad\u0131lan T\u0259l\u0259b\u0259 V\u0259t\u0259np\u0259rv\u0259rlik \u0130nki\u015faf\u0131 M\u0259rk\u0259zinin f\u0259aliyy\u0259tini x&uuml;susi vur\u011fulamaq ist\u0259rdim. M\u0259rk\u0259zin t\u0259\u015fkilat&ccedil;\u0131l\u0131\u011f\u0131 il\u0259 m&uuml;nt\u0259z\u0259m olaraq universitetimizin \u015f\u0259hid m\u0259zunlar\u0131n\u0131n ail\u0259l\u0259ri ziyar\u0259t edilir, \u015e\u0259hidl\u0259r Xiyaban\u0131nda onlar\u0131n \u0259ziz xatir\u0259l\u0259ri an\u0131l\u0131r, qazi m\u0259zunlarla g&ouml;r&uuml;\u015fl\u0259r ke&ccedil;irilir, H\u0259rbi Q\u0259nim\u0259tl\u0259r Park\u0131na ekskursiya t\u0259\u015fkil edilir, \u015f\u0259h\u0259r v\u0259 respublika miqyas\u0131nda q\u0259hr\u0259manlar\u0131m\u0131za h\u0259sr olunmu\u015f t\u0259dbirl\u0259rd\u0259 t\u0259l\u0259b\u0259 v\u0259 \u0259m\u0259kda\u015flar\u0131n f\u0259al i\u015ftirak\u0131 t\u0259min edilir. Eyni zamanda, MDU-nun \u015f\u0259hid m\u0259zunlar\u0131n\u0131n tan\u0131d\u0131lmas\u0131, onlar\u0131n g\u0259ncl\u0259r &uuml;&ccedil;&uuml;n &ouml;rn\u0259k olan h\u0259yat hekay\u0259l\u0259rinin, \u015f\u0259r\u0259fli d&ouml;y&uuml;\u015f yollar\u0131n\u0131n i\u015f\u0131qland\u0131r\u0131lmas\u0131 v\u0259 g\u0259l\u0259c\u0259k n\u0259sill\u0259r\u0259 &ouml;t&uuml;r&uuml;lm\u0259si m\u0259qs\u0259dil\u0259 &ldquo;\u015e\u0259hid m\u0259zunlar&rdquo; rubrikas\u0131nda silsil\u0259 yaz\u0131lar d\u0259rc olunur.<br \/> Allah b&uuml;t&uuml;n \u015f\u0259hidl\u0259rimiz\u0259 r\u0259hm\u0259t el\u0259sin! Bu g&uuml;n onlar\u0131n ruhu \u015fadd\u0131r. \u015e\u0259hidl\u0259rimizin ayaq v\u0259 qan izl\u0259rinin oldu\u011fu b&uuml;t&uuml;n \u0259z\u0259li torpaqlar\u0131m\u0131z &ouml;z azadl\u0131\u011f\u0131na qovu\u015fub. Haz\u0131rda d&uuml;\u015fm\u0259n vandalizmind\u0259n xilas edil\u0259n do\u011fma yurdlar\u0131m\u0131z\u0131n s&uuml;r\u0259tl\u0259 dir&ccedil;\u0259ldilm\u0259si h\u0259r birimizd\u0259 b&ouml;y&uuml;k sevinc v\u0259 q&uuml;rur hissl\u0259ri ya\u015fad\u0131r. Qaraba\u011f Az\u0259rbaycand\u0131r!<\/span><\/p>\n<p style=\"text-align: justify; text-indent: 1cm;\"><span style=\"font-size: 12pt; font-family: 'Arial', sans-serif; color: #000000;\"><\/span><\/p>\n<p style=\"text-align: justify; text-indent: 1cm;\"><span style=\"font-size: 12pt; font-family: 'Arial', sans-serif; color: #000000;\"><\/span><\/p>\n<p style=\"text-align: justify; text-indent: 1cm;\"><span style=\"color: #000000;\"><b><span style=\"font-size: 12pt; font-family: 'Arial', sans-serif;\">\u015eahin BAYRAMOV,<\/span><\/b><\/span><\/p>\n<p style=\"text-align: justify; text-indent: 1cm;\"><span style=\"color: #000000;\"><b><span style=\"font-size: 12pt; font-family: 'Arial', sans-serif;\">Ming\u0259&ccedil;evir D&ouml;vl\u0259t Universitetinin rektoru<\/span><\/b><\/span><\/p>\n<p style=\"text-align: justify; text-indent: 1cm;\"><span style=\"font-size: 12pt; font-family: 'Arial', sans-serif;\"><\/span><\/p>","protected":false},"excerpt":{"rendered":"<p>Yeni tariximizin q\u0259hr\u0259manl\u0131q salnam\u0259sini yazan igid \u0259sg\u0259r v\u0259 zabitl\u0259rimizl\u0259 q&uuml;rur duyuruq &#8211; \u015eahin Bayramov Bak\u0131. Trend: 27.09.2021 Bu g&uuml;n Az\u0259rbaycan xalq\u0131n\u0131n g&uuml;c&uuml;n&uuml;, birliyini v\u0259 yenilm\u0259zliyini b&uuml;t&uuml;n d&uuml;nyaya n&uuml;mayi\u015f etdir\u0259n tarixi Z\u0259f\u0259rin qazan\u0131lmas\u0131 il\u0259 n\u0259tic\u0259l\u0259n\u0259n 44 g&uuml;nl&uuml;k V\u0259t\u0259n m&uuml;harib\u0259sinin ba\u015flanmas\u0131ndan d&uuml;z bir il &ouml;t&uuml;r. M&uuml;z\u0259ff\u0259r Ali Ba\u015f Komandan\u0131m\u0131z\u0131n r\u0259hb\u0259rliyi v\u0259 yenilm\u0259z Az\u0259rbaycan \u018fsg\u0259rinin r\u0259\u015fad\u0259ti say\u0259sind\u0259 bu [&hellip;]<\/p>\n","protected":false},"author":1,"featured_media":0,"comment_status":"open","ping_status":"open","sticky":false,"template":"","format":"standard","meta":{"_eb_attr":"","ocean_post_layout":"","ocean_both_sidebars_style":"","ocean_both_sidebars_content_width":0,"ocean_both_sidebars_sidebars_width":0,"ocean_sidebar":"","ocean_second_sidebar":"","ocean_disable_margins":"enable","ocean_add_body_class":"","ocean_shortcode_before_top_bar":"","ocean_shortcode_after_top_bar":"","ocean_shortcode_before_header":"","ocean_shortcode_after_header":"","ocean_has_shortcode":"","ocean_shortcode_after_title":"","ocean_shortcode_before_footer_widgets":"","ocean_shortcode_after_footer_widgets":"","ocean_shortcode_before_footer_bottom":"","ocean_shortcode_after_footer_bottom":"","ocean_display_top_bar":"default","ocean_display_header":"default","ocean_header_style":"","ocean_center_header_left_menu":"","ocean_custom_header_template":"","ocean_custom_logo":0,"ocean_custom_retina_logo":0,"ocean_custom_logo_max_width":0,"ocean_custom_logo_tablet_max_width":0,"ocean_custom_logo_mobile_max_width":0,"ocean_custom_logo_max_height":0,"ocean_custom_logo_tablet_max_height":0,"ocean_custom_logo_mobile_max_height":0,"ocean_header_custom_menu":"","ocean_menu_typo_font_family":"","ocean_menu_typo_font_subset":"","ocean_menu_typo_font_size":0,"ocean_menu_typo_font_size_tablet":0,"ocean_menu_typo_font_size_mobile":0,"ocean_menu_typo_font_size_unit":"px","ocean_menu_typo_font_weight":"","ocean_menu_typo_font_weight_tablet":"","ocean_menu_typo_font_weight_mobile":"","ocean_menu_typo_transform":"","ocean_menu_typo_transform_tablet":"","ocean_menu_typo_transform_mobile":"","ocean_menu_typo_line_height":0,"ocean_menu_typo_line_height_tablet":0,"ocean_menu_typo_line_height_mobile":0,"ocean_menu_typo_line_height_unit":"","ocean_menu_typo_spacing":0,"ocean_menu_typo_spacing_tablet":0,"ocean_menu_typo_spacing_mobile":0,"ocean_menu_typo_spacing_unit":"","ocean_menu_link_color":"","ocean_menu_link_color_hover":"","ocean_menu_link_color_active":"","ocean_menu_link_background":"","ocean_menu_link_hover_background":"","ocean_menu_link_active_background":"","ocean_menu_social_links_bg":"","ocean_menu_social_hover_links_bg":"","ocean_menu_social_links_color":"","ocean_menu_social_hover_links_color":"","ocean_disable_title":"default","ocean_disable_heading":"default","ocean_post_title":"","ocean_post_subheading":"","ocean_post_title_style":"","ocean_post_title_background_color":"","ocean_post_title_background":0,"ocean_post_title_bg_image_position":"","ocean_post_title_bg_image_attachment":"","ocean_post_title_bg_image_repeat":"","ocean_post_title_bg_image_size":"","ocean_post_title_height":0,"ocean_post_title_bg_overlay":0.5,"ocean_post_title_bg_overlay_color":"","ocean_disable_breadcrumbs":"default","ocean_breadcrumbs_color":"","ocean_breadcrumbs_separator_color":"","ocean_breadcrumbs_links_color":"","ocean_breadcrumbs_links_hover_color":"","ocean_display_footer_widgets":"default","ocean_display_footer_bottom":"default","ocean_custom_footer_template":"","ocean_post_oembed":"","ocean_post_self_hosted_media":"","ocean_post_video_embed":"","ocean_link_format":"","ocean_link_format_target":"self","ocean_quote_format":"","ocean_quote_format_link":"post","ocean_gallery_link_images":"on","ocean_gallery_id":[],"footnotes":""},"categories":[63],"tags":[],"class_list":["post-16053","post","type-post","status-publish","format-standard","hentry","category-khaebaerlaer-az","entry"],"_links":{"self":[{"href":"https:\/\/mdu.edu.az\/ru\/wp-json\/wp\/v2\/posts\/16053","targetHints":{"allow":["GET"]}}],"collection":[{"href":"https:\/\/mdu.edu.az\/ru\/wp-json\/wp\/v2\/posts"}],"about":[{"href":"https:\/\/mdu.edu.az\/ru\/wp-json\/wp\/v2\/types\/post"}],"author":[{"embeddable":true,"href":"https:\/\/mdu.edu.az\/ru\/wp-json\/wp\/v2\/users\/1"}],"replies":[{"embeddable":true,"href":"https:\/\/mdu.edu.az\/ru\/wp-json\/wp\/v2\/comments?post=16053"}],"version-history":[{"count":0,"href":"https:\/\/mdu.edu.az\/ru\/wp-json\/wp\/v2\/posts\/16053\/revisions"}],"wp:attachment":[{"href":"https:\/\/mdu.edu.az\/ru\/wp-json\/wp\/v2\/media?parent=16053"}],"wp:term":[{"taxonomy":"category","embeddable":true,"href":"https:\/\/mdu.edu.az\/ru\/wp-json\/wp\/v2\/categories?post=16053"},{"taxonomy":"post_tag","embeddable":true,"href":"https:\/\/mdu.edu.az\/ru\/wp-json\/wp\/v2\/tags?post=16053"}],"curies":[{"name":"wp","href":"https:\/\/api.w.org\/{rel}","templated":true}]}}