{"id":16074,"date":"2021-10-08T08:33:39","date_gmt":"2021-10-08T05:33:39","guid":{"rendered":"https:\/\/mdu.edu.az\/minzh-evir-d-vl-t-universitetind-hid-m-zun-z-mi-h-seynova-h-sr-olunan-an-m-t-dbiri-ke-irilib\/"},"modified":"2021-10-08T08:33:39","modified_gmt":"2021-10-08T05:33:39","slug":"minzh-evir-d-vl-t-universitetind-hid-m-zun-z-mi-h-seynova-h-sr-olunan-an-m-t-dbiri-ke-irilib","status":"publish","type":"post","link":"https:\/\/mdu.edu.az\/ru\/minzh-evir-d-vl-t-universitetind-hid-m-zun-z-mi-h-seynova-h-sr-olunan-an-m-t-dbiri-ke-irilib\/","title":{"rendered":"Ming\u0259\u00e7evir D\u00f6vl\u0259t Universitetind\u0259 \u015f\u0259hid m\u0259zun \u018fz\u0259mi H\u00fcseynova h\u0259sr olunan an\u0131m t\u0259dbiri ke\u00e7irilib"},"content":{"rendered":"<p style=\"margin-bottom: 0.0001pt; text-align: center; line-height: 150%;\"><b><span style=\"font-size: 14pt; line-height: 150%; font-family: 'Arial', sans-serif; color: #002060;\">Ming\u0259&ccedil;evir D&ouml;vl\u0259t Universitetind\u0259 <\/span><\/b><b><span style=\"font-size: 14pt; line-height: 150%; font-family: 'Arial', sans-serif; color: #002060;\">\u015f<\/span><\/b><b><span style=\"font-size: 14pt; line-height: 150%; font-family: 'Arial', sans-serif; color: #002060;\">\u0259hid m\u0259zun \u018fz\u0259mi H&uuml;seynova h\u0259sr olunan an\u0131m t\u0259dbiri ke&ccedil;irilib<\/span><\/b><\/p>\n<p>&nbsp;<\/p>\n<p style=\"margin-bottom: 0.0001pt; text-align: center; text-indent: 1cm; line-height: 150%;\"><b><span style=\"font-size: 12pt; line-height: 150%; font-family: 'Arial', sans-serif;\"><\/span><\/b><\/p>\n<p style=\"margin-bottom: 0.0001pt; text-align: justify; text-indent: 1cm; line-height: 150%;\"><span style=\"font-size: 12pt; line-height: 150%; font-family: 'Arial', sans-serif; color: #000000;\">2021-ci ilin 6 oktyabr tarixind\u0259 Ming\u0259&ccedil;evir D&ouml;vl\u0259t Universitetinin (MDU) T\u0259l\u0259b\u0259 V\u0259t\u0259np\u0259rv\u0259rlik \u0130nki\u015faf\u0131 M\u0259rk\u0259zinin t\u0259\u015fkilat&ccedil;\u0131l\u0131\u011f\u0131 il\u0259 universitetin \u015f\u0259hid m\u0259zunu \u018fz\u0259mi H&uuml;seynovun xatir\u0259sin\u0259 h\u0259sr olunan an\u0131m t\u0259dbiri ke&ccedil;irilib. <\/span><\/p>\n<p style=\"margin-bottom: 0.0001pt; text-align: justify; text-indent: 1cm; line-height: 150%;\"><span style=\"font-size: 12pt; line-height: 150%; font-family: 'Arial', sans-serif; color: #000000;\">B&ouml;y&uuml;k akt zal\u0131nda t\u0259\u015fkil olunan t\u0259dbird\u0259 \u015f\u0259hidin ail\u0259 &uuml;zvl\u0259ri v\u0259 d&ouml;y&uuml;\u015f yolda\u015flar\u0131, \u015f\u0259h\u0259r ictimaiyy\u0259ti n&uuml;may\u0259nd\u0259l\u0259ri, universitetin akademik v\u0259 inzibati hey\u0259t &uuml;zvl\u0259ri, t\u0259l\u0259b\u0259 v\u0259 magistrantlar i\u015ftirak edibl\u0259r.<\/span><\/p>\n<p style=\"margin-bottom: 0.0001pt; text-align: justify; text-indent: 1cm; line-height: 150%;\"><span style=\"font-size: 12pt; line-height: 150%; font-family: 'Arial', sans-serif; color: #000000;\">Torpaqlar\u0131m\u0131z\u0131n i\u015f\u011faldan azad edilm\u0259si u\u011frunda \u015f\u0259hidlik zirv\u0259sin\u0259 ucalan q\u0259hr\u0259manlar\u0131m\u0131z\u0131n \u0259ziz xatir\u0259sinin bir d\u0259qiq\u0259lik s&uuml;kutla yad edilm\u0259si il\u0259 ba\u015flayan t\u0259dbirin a&ccedil;\u0131l\u0131\u015f\u0131nda MDU-nun rektoru \u015eahin Bayramov &ccedil;\u0131x\u0131\u015f edib.<\/span><\/p>\n<p style=\"margin-bottom: 0.0001pt; text-align: justify; text-indent: 1cm; line-height: 150%;\"><span style=\"font-size: 12pt; line-height: 150%; font-family: 'Arial', sans-serif; color: #000000;\">M&uuml;z\u0259ff\u0259r Ali Ba\u015f Komandan\u0131m\u0131z c\u0259nab \u0130lham \u018fliyevin r\u0259hb\u0259rliyi v\u0259 yenilm\u0259z Az\u0259rbaycan Silahl\u0131 Q&uuml;vv\u0259l\u0259rinin r\u0259\u015fad\u0259ti say\u0259sind\u0259 tarixi Z\u0259f\u0259rin qazan\u0131lmas\u0131 il\u0259 n\u0259tic\u0259l\u0259n\u0259n 44 g&uuml;nl&uuml;k V\u0259t\u0259n M&uuml;harib\u0259sind\u0259n bir il &ouml;td&uuml;y&uuml;n&uuml; qeyd ed\u0259n rektor milli tariximiz\u0259 q\u0131z\u0131l h\u0259rfl\u0259rl\u0259 \u0259b\u0259di h\u0259kk olunan m&ouml;ht\u0259\u015f\u0259m qalibiyy\u0259ti xalq\u0131m\u0131za ya\u015fadan b&uuml;t&uuml;n igid \u0259sg\u0259r v\u0259 zabitl\u0259rimizl\u0259 q&uuml;rur duydu\u011funu bildirib.<\/span><\/p>\n<p style=\"margin-bottom: 0.0001pt; text-align: justify; text-indent: 1cm; line-height: 150%;\"><span style=\"font-size: 12pt; line-height: 150%; font-family: 'Arial', sans-serif; color: #000000;\">Az\u0259rbaycan\u0131n suverenliyi v\u0259 xo\u015fb\u0259xt g\u0259l\u0259c\u0259yi yolunda y&uuml;ks\u0259k f\u0259dakarl\u0131q v\u0259 \u015f&uuml;ca\u0259t g&ouml;st\u0259r\u0259n \u018fz\u0259mi kimi q\u0259hr\u0259man o\u011fullar\u0131n \u0259ziz xatir\u0259sinin q\u0259lbimizd\u0259 daim ya\u015fayaca\u011f\u0131n\u0131 v\u0259 b&ouml;y&uuml;k ehtiramla an\u0131laca\u011f\u0131n\u0131 bildir\u0259n rektor \u0259z\u0259li torpaqlar\u0131m\u0131z\u0131n d&uuml;\u015fm\u0259n i\u015f\u011fal\u0131ndan azad edilm\u0259si u\u011frunda can\u0131ndan ke&ccedil;\u0259n \u015f\u0259hidl\u0259rimiz\u0259 r\u0259hm\u0259t, qazil\u0259rimiz\u0259 is\u0259 \u015f\u0259fa dil\u0259yib.<\/span><\/p>\n<p style=\"margin-bottom: 0.0001pt; text-align: justify; text-indent: 1cm; line-height: 150%;\"><span style=\"font-size: 12pt; line-height: 150%; font-family: 'Arial', sans-serif; color: #000000;\">Xalq\u0131m\u0131z\u0131n q\u0259hr\u0259manl\u0131q salnam\u0259sini yazaraq m&uuml;asir g\u0259nclik &uuml;&ccedil;&uuml;n \u0259n parlaq v\u0259t\u0259np\u0259rv\u0259rlik n&uuml;mun\u0259l\u0259rini ortaya qoyan \u015f\u0259hidl\u0259rimizin adlar\u0131n\u0131n \u0259b\u0259dil\u0259\u015fdirilm\u0259sinin d&ouml;vl\u0259tin daim diqq\u0259t m\u0259rk\u0259zind\u0259 oldu\u011funu dey\u0259n rektor MDU-da \u015f\u0259hid m\u0259zunlar\u0131n t\u0259l\u0259b\u0259 g\u0259ncl\u0259r\u0259 tan\u0131d\u0131lmas\u0131 v\u0259 onlar\u0131n g&ouml;st\u0259rdikl\u0259ri \u015f&uuml;ca\u0259tl\u0259rin t\u0259bli\u011f edilm\u0259si istiqam\u0259tind\u0259 g&ouml;r&uuml;l\u0259n i\u015fl\u0259rd\u0259n s&ouml;hb\u0259t a&ccedil;\u0131b.<\/span><\/p>\n<p style=\"margin-bottom: 0.0001pt; text-align: justify; text-indent: 1cm; line-height: 150%;\"><span style=\"font-size: 12pt; line-height: 150%; font-family: 'Arial', sans-serif; color: #000000;\">T\u0259hsil ald\u0131qlar\u0131, g\u0259nclik d&ouml;vr&uuml;n&uuml;n \u0259n maraql\u0131 v\u0259 yaddaqalan anlar\u0131n\u0131 ke&ccedil;irdikl\u0259ri do\u011fma universitetd\u0259 b&uuml;t&uuml;n \u015f\u0259hid m\u0259zunlar\u0131n \u0259ziz xatir\u0259l\u0259rinin daim ya\u015fayaca\u011f\u0131n\u0131 qeyd ed\u0259n \u015e.Bayramov bu m\u0259qs\u0259dl\u0259 universitetd\u0259 yeni yarad\u0131lan TV\u0130M-in f\u0259aliyy\u0259tini x&uuml;susi vur\u011fulay\u0131b. <\/span><\/p>\n<p style=\"margin-bottom: 0.0001pt; text-align: justify; text-indent: 1cm; line-height: 150%;\"><span style=\"font-size: 12pt; line-height: 150%; font-family: 'Arial', sans-serif; color: #000000;\">\u018fz\u0259mi kimi v\u0259t\u0259n\u0259, xalqa v\u0259 d&ouml;vl\u0259t\u0259 layiqli &ouml;vladlar yeti\u015fdir\u0259n valideynl\u0259r\u0259 d\u0259rin ehtiram\u0131n\u0131 bildir\u0259n rektor d\u0259v\u0259ti q\u0259bul edib t\u0259dbird\u0259 i\u015ftirak etdikl\u0259rin\u0259 g&ouml;r\u0259 \u015f\u0259hidin ail\u0259 &uuml;zvl\u0259rin\u0259 v\u0259 d&ouml;y&uuml;\u015f yolda\u015flar\u0131na t\u0259\u015f\u0259kk&uuml;r&uuml;n&uuml; ifad\u0259 edib.<\/span><\/p>\n<p style=\"margin-bottom: 0.0001pt; text-align: justify; text-indent: 1cm; line-height: 150%;\"><span style=\"font-size: 12pt; line-height: 150%; font-family: 'Arial', sans-serif; color: #000000;\">\u018fz\u0259mi H&uuml;seynovun u\u011frunda \u015f\u0259hid oldu\u011fu do\u011fma Qaraba\u011f\u0131n g&uuml;n&uuml;-g&uuml;nd\u0259n dir&ccedil;\u0259ldiyini vur\u011fulayan \u015e.Bayramov bu g&uuml;n b&uuml;t&uuml;n \u015f\u0259hidl\u0259rimizin ruhunun \u015fad oldu\u011funa \u0259minliyini ifad\u0259 edib.<\/span><\/p>\n<p style=\"margin-bottom: 0.0001pt; text-align: justify; text-indent: 1cm; line-height: 150%;\"><span style=\"font-size: 12pt; line-height: 150%; font-family: 'Arial', sans-serif; color: #000000;\">Sonra, \u015f\u0259hid \u018fz\u0259mi H&uuml;seynovun \u0259ziz xatir\u0259sin\u0259 h\u0259sr olunan video&ccedil;arx n&uuml;mayi\u015f etdirilib. Video&ccedil;arxda q\u0259hr\u0259man m\u0259zunun u\u015faql\u0131q ill\u0259rind\u0259n, orta m\u0259kt\u0259b v\u0259 universitet xatir\u0259l\u0259rind\u0259n, ke&ccedil;diyi \u015f\u0259r\u0259fli d&ouml;y&uuml;\u015f yollar\u0131ndan b\u0259hs edilib.<\/span><\/p>\n<p style=\"margin-bottom: 0.0001pt; text-align: justify; text-indent: 1cm; line-height: 150%;\"><span style=\"font-size: 12pt; line-height: 150%; font-family: 'Arial', sans-serif; color: #000000;\">T\u0259dbird\u0259 \u015f\u0259hidin anas\u0131 Sayad H&uuml;seynova v\u0259 bac\u0131s\u0131 Elnar\u0259 H&uuml;seynova \u018fz\u0259mi il\u0259 ba\u011fl\u0131 xatir\u0259l\u0259rini b&ouml;l&uuml;\u015f&uuml;bl\u0259r, onun u\u015faql\u0131qdan V\u0259t\u0259n\u0259 olan sonsuz sevgisind\u0259n dan\u0131\u015f\u0131blar v\u0259 \u0259n b&ouml;y&uuml;k arzular\u0131ndan birinin \u015eu\u015fan\u0131n azadl\u0131\u011f\u0131n\u0131 g&ouml;rm\u0259k oldu\u011funu qeyd edibl\u0259r. \u015e\u0259hidin ail\u0259 &uuml;zvl\u0259ri \u018fz\u0259minin v\u0259 dig\u0259r b&uuml;t&uuml;n q\u0259hr\u0259man &ouml;vladlar\u0131n m\u0259zunu olduqlar\u0131 universitetd\u0259 adlar\u0131n\u0131n uca tutulmas\u0131ndan m\u0259mnunluqlar\u0131n\u0131 ifad\u0259 edibl\u0259r.<\/span><\/p>\n<p style=\"margin-bottom: 0.0001pt; text-align: justify; text-indent: 35.4pt; line-height: 150%;\"><span style=\"font-size: 12pt; line-height: 150%; font-family: 'Arial', sans-serif; color: #000000;\">\u018fz\u0259mi H&uuml;seynovun t\u0259l\u0259b\u0259lik ill\u0259rind\u0259n dan\u0131\u015fan MDU-nun M&uuml;h\u0259ndislik fakult\u0259sinin dekan \u0259v\u0259zi Almaz \u018fliyeva, Mexanika kafedras\u0131n\u0131n m&uuml;diri Mahir \u0130smay\u0131lov, Magistratura v\u0259 doktorantlarla i\u015f \u015f&ouml;b\u0259sinin ba\u015f m&uuml;t\u0259x\u0259ssisi V\u0259fa M\u0259h\u0259rr\u0259mova onun nizam-intizaml\u0131, v\u0259t\u0259np\u0259rv\u0259r, m\u0259rh\u0259m\u0259tli v\u0259 a\u011f\u0131ll\u0131 bir g\u0259nc oldu\u011funu, m&uuml;\u0259lliml\u0259rin\u0259 d\u0259rin h&ouml;rm\u0259t v\u0259 ehtiramla yana\u015fd\u0131\u011f\u0131n\u0131 qeyd edibl\u0259r, universitetin \u0259n d\u0259y\u0259rli m\u0259zunlar\u0131ndan biri kimi \u018fz\u0259mi il\u0259 h\u0259r zaman q&uuml;rur duyduqlar\u0131n\u0131 bildiribl\u0259r.<\/span><\/p>\n<p style=\"margin-bottom: 0.0001pt; text-align: justify; text-indent: 35.4pt; line-height: 150%;\"><span style=\"font-size: 12pt; line-height: 150%; font-family: 'Arial', sans-serif; color: #000000;\">\u015e\u0259hidin d&ouml;y&uuml;\u015f yolda\u015flar\u0131 qazi Cahid Bax\u015fal\u0131zad\u0259 v\u0259 qazi M&uuml;rs\u0259l Hac\u0131yev \u018fz\u0259mi il\u0259 tan\u0131\u015fl\u0131qlar\u0131ndan, birlikd\u0259 i\u015ftirak etdikl\u0259ri d&ouml;y&uuml;\u015fl\u0259rd\u0259n, onun g&ouml;st\u0259rdiyi f\u0259dakarl\u0131q v\u0259 \u015f&uuml;ca\u0259td\u0259n dan\u0131\u015f\u0131blar, g\u0259ncl\u0259rin v\u0259t\u0259np\u0259rv\u0259r ruhda yeti\u015fdirilm\u0259sind\u0259 b&ouml;y&uuml;k &ouml;n\u0259m k\u0259sb ed\u0259n bel\u0259 bir t\u0259dbirl\u0259rin ke&ccedil;irilm\u0259sini t\u0259qdir\u0259layiq hesab edibl\u0259r.<\/span><\/p>\n<p style=\"margin-bottom: 0.0001pt; text-align: justify; text-indent: 35.4pt; line-height: 150%;\"><span style=\"font-size: 12pt; line-height: 150%; font-family: 'Arial', sans-serif; color: #000000;\">Sonra, MDU-nun t\u0259l\u0259b\u0259 g\u0259ncl\u0259rinin ifas\u0131nda v\u0259t\u0259np\u0259rlik m&ouml;vzusunda \u015feirl\u0259r v\u0259 mahn\u0131lar s\u0259sl\u0259ndirilib, q\u0259hr\u0259man \u015f\u0259hidl\u0259rimiz\u0259 h\u0259sr edil\u0259n video&ccedil;arxlar n&uuml;mayi\u015f etdirilib.<\/span><\/p>\n<p style=\"margin-bottom: 0.0001pt; text-align: justify; text-indent: 35.4pt; line-height: 150%;\"><span style=\"font-size: 12pt; line-height: 150%; font-family: 'Arial', sans-serif; color: #000000;\">Bildirilib ki, MDU-nun \u015f\u0259hid m\u0259zunu \u018f.H&uuml;seynov 1992-ci il avqustun 29-da Ming\u0259&ccedil;evir \u015f\u0259h\u0259rind\u0259 anadan olub.&nbsp;\u018f.H&uuml;seynov 2010-2014-c&uuml; ill\u0259rd\u0259 MDU-da ali t\u0259hsil al\u0131b. 2020-ci ilin oktyabr\u0131n 8-d\u0259 44 g&uuml;nl&uuml;k V\u0259t\u0259n M&uuml;harib\u0259sind\u0259 Suqovu\u015fan istiqam\u0259tind\u0259 ged\u0259n d&ouml;y&uuml;\u015fl\u0259rd\u0259 q\u0259hr\u0259mancas\u0131na \u015f\u0259hid olan \u018f.H&uuml;seynov d&ouml;vl\u0259t ba\u015f&ccedil;\u0131m\u0131z\u0131n m&uuml;vafiq S\u0259r\u0259ncam\u0131na \u0259sas\u0259n &ldquo;V\u0259t\u0259n u\u011frunda&rdquo; v\u0259 Suqovu\u015fan\u0131n azad olunmas\u0131na g&ouml;r\u0259&rdquo; medallar\u0131 il\u0259 t\u0259ltif edilib.<\/span><\/p>\n<p style=\"margin-bottom: 0.0001pt; text-align: justify; text-indent: 35.4pt; line-height: 150%;\"><span style=\"font-size: 12pt; line-height: 150%; font-family: 'Arial', sans-serif; color: #000000;\">Qeyd ed\u0259k ki, t\u0259l\u0259b\u0259 g\u0259ncl\u0259rin xalq\u0131na, v\u0259t\u0259nin\u0259 v\u0259 d&ouml;vl\u0259tin\u0259 ba\u011fl\u0131 layiqli v\u0259t\u0259nda\u015f kimi yeti\u015fdirilm\u0259si i\u015fin\u0259 x&uuml;susi &ouml;n\u0259m ver\u0259n MDU-da V\u0259t\u0259n m&uuml;harib\u0259sin\u0259 v\u0259 \u0259ld\u0259 edil\u0259n tarixi Z\u0259f\u0259r\u0259 h\u0259sr olunan, q\u0259hr\u0259man \u015f\u0259hidl\u0259rimizin adlar\u0131n\u0131n \u0259b\u0259dil\u0259\u015fdirilm\u0259sin\u0259, c\u0259sur \u0259sg\u0259r v\u0259 zabitl\u0259rimizin g&ouml;st\u0259rdikl\u0259ri \u015f&uuml;ca\u0259t v\u0259 v\u0259t\u0259np\u0259rv\u0259rlik n&uuml;mun\u0259l\u0259rinin t\u0259l\u0259b\u0259 g\u0259ncl\u0259r\u0259 &ouml;t&uuml;r&uuml;lm\u0259sin\u0259 xidm\u0259t ed\u0259n, tariximizin faci\u0259vi v\u0259 \u015fanl\u0131 s\u0259hif\u0259l\u0259rinin &ouml;yr\u0259nilm\u0259sin\u0259 v\u0259 t\u0259bli\u011f edilm\u0259sin\u0259 h\u0259d\u0259fl\u0259n\u0259n m&uuml;xt\u0259lif formatl\u0131 &ccedil;oxsayl\u0131 t\u0259dbirl\u0259rin ke&ccedil;irilm\u0259si diqq\u0259t m\u0259rk\u0259zind\u0259 saxlan\u0131l\u0131r. Bu istiqam\u0259td\u0259 f\u0259aliyy\u0259tl\u0259ri &ccedil;evik v\u0259 s\u0259m\u0259r\u0259li \u0259laq\u0259l\u0259ndirm\u0259k &uuml;&ccedil;&uuml;n universitetd\u0259 T\u0259l\u0259b\u0259 V\u0259t\u0259np\u0259rv\u0259rlik \u0130nki\u015faf\u0131 M\u0259rk\u0259zi yarad\u0131l\u0131b. Universitetin \u015f\u0259hid m\u0259zunu \u018fz\u0259mi H&uuml;seynovun h\u0259yat yolda\u015f\u0131 Minay\u0259 H&uuml;seynova haz\u0131rda M\u0259rk\u0259zin koordinatoru v\u0259zif\u0259sind\u0259 &ccedil;al\u0131\u015f\u0131r.<\/span><\/p>\n<p>{phocagallery view=category|categoryid=696|limitstart=0|limitcount=0}<\/p>","protected":false},"excerpt":{"rendered":"<p>Ming\u0259&ccedil;evir D&ouml;vl\u0259t Universitetind\u0259 \u015f\u0259hid m\u0259zun \u018fz\u0259mi H&uuml;seynova h\u0259sr olunan an\u0131m t\u0259dbiri ke&ccedil;irilib &nbsp; 2021-ci ilin 6 oktyabr tarixind\u0259 Ming\u0259&ccedil;evir D&ouml;vl\u0259t Universitetinin (MDU) T\u0259l\u0259b\u0259 V\u0259t\u0259np\u0259rv\u0259rlik \u0130nki\u015faf\u0131 M\u0259rk\u0259zinin t\u0259\u015fkilat&ccedil;\u0131l\u0131\u011f\u0131 il\u0259 universitetin \u015f\u0259hid m\u0259zunu \u018fz\u0259mi H&uuml;seynovun xatir\u0259sin\u0259 h\u0259sr olunan an\u0131m t\u0259dbiri ke&ccedil;irilib. B&ouml;y&uuml;k akt zal\u0131nda t\u0259\u015fkil olunan t\u0259dbird\u0259 \u015f\u0259hidin ail\u0259 &uuml;zvl\u0259ri v\u0259 d&ouml;y&uuml;\u015f yolda\u015flar\u0131, \u015f\u0259h\u0259r ictimaiyy\u0259ti n&uuml;may\u0259nd\u0259l\u0259ri, universitetin [&hellip;]<\/p>\n","protected":false},"author":1,"featured_media":0,"comment_status":"open","ping_status":"open","sticky":false,"template":"","format":"standard","meta":{"_eb_attr":"","ocean_post_layout":"","ocean_both_sidebars_style":"","ocean_both_sidebars_content_width":0,"ocean_both_sidebars_sidebars_width":0,"ocean_sidebar":"","ocean_second_sidebar":"","ocean_disable_margins":"enable","ocean_add_body_class":"","ocean_shortcode_before_top_bar":"","ocean_shortcode_after_top_bar":"","ocean_shortcode_before_header":"","ocean_shortcode_after_header":"","ocean_has_shortcode":"","ocean_shortcode_after_title":"","ocean_shortcode_before_footer_widgets":"","ocean_shortcode_after_footer_widgets":"","ocean_shortcode_before_footer_bottom":"","ocean_shortcode_after_footer_bottom":"","ocean_display_top_bar":"default","ocean_display_header":"default","ocean_header_style":"","ocean_center_header_left_menu":"","ocean_custom_header_template":"","ocean_custom_logo":0,"ocean_custom_retina_logo":0,"ocean_custom_logo_max_width":0,"ocean_custom_logo_tablet_max_width":0,"ocean_custom_logo_mobile_max_width":0,"ocean_custom_logo_max_height":0,"ocean_custom_logo_tablet_max_height":0,"ocean_custom_logo_mobile_max_height":0,"ocean_header_custom_menu":"","ocean_menu_typo_font_family":"","ocean_menu_typo_font_subset":"","ocean_menu_typo_font_size":0,"ocean_menu_typo_font_size_tablet":0,"ocean_menu_typo_font_size_mobile":0,"ocean_menu_typo_font_size_unit":"px","ocean_menu_typo_font_weight":"","ocean_menu_typo_font_weight_tablet":"","ocean_menu_typo_font_weight_mobile":"","ocean_menu_typo_transform":"","ocean_menu_typo_transform_tablet":"","ocean_menu_typo_transform_mobile":"","ocean_menu_typo_line_height":0,"ocean_menu_typo_line_height_tablet":0,"ocean_menu_typo_line_height_mobile":0,"ocean_menu_typo_line_height_unit":"","ocean_menu_typo_spacing":0,"ocean_menu_typo_spacing_tablet":0,"ocean_menu_typo_spacing_mobile":0,"ocean_menu_typo_spacing_unit":"","ocean_menu_link_color":"","ocean_menu_link_color_hover":"","ocean_menu_link_color_active":"","ocean_menu_link_background":"","ocean_menu_link_hover_background":"","ocean_menu_link_active_background":"","ocean_menu_social_links_bg":"","ocean_menu_social_hover_links_bg":"","ocean_menu_social_links_color":"","ocean_menu_social_hover_links_color":"","ocean_disable_title":"default","ocean_disable_heading":"default","ocean_post_title":"","ocean_post_subheading":"","ocean_post_title_style":"","ocean_post_title_background_color":"","ocean_post_title_background":0,"ocean_post_title_bg_image_position":"","ocean_post_title_bg_image_attachment":"","ocean_post_title_bg_image_repeat":"","ocean_post_title_bg_image_size":"","ocean_post_title_height":0,"ocean_post_title_bg_overlay":0.5,"ocean_post_title_bg_overlay_color":"","ocean_disable_breadcrumbs":"default","ocean_breadcrumbs_color":"","ocean_breadcrumbs_separator_color":"","ocean_breadcrumbs_links_color":"","ocean_breadcrumbs_links_hover_color":"","ocean_display_footer_widgets":"default","ocean_display_footer_bottom":"default","ocean_custom_footer_template":"","ocean_post_oembed":"","ocean_post_self_hosted_media":"","ocean_post_video_embed":"","ocean_link_format":"","ocean_link_format_target":"self","ocean_quote_format":"","ocean_quote_format_link":"post","ocean_gallery_link_images":"on","ocean_gallery_id":[],"footnotes":""},"categories":[63],"tags":[],"class_list":["post-16074","post","type-post","status-publish","format-standard","hentry","category-khaebaerlaer-az","entry"],"_links":{"self":[{"href":"https:\/\/mdu.edu.az\/ru\/wp-json\/wp\/v2\/posts\/16074","targetHints":{"allow":["GET"]}}],"collection":[{"href":"https:\/\/mdu.edu.az\/ru\/wp-json\/wp\/v2\/posts"}],"about":[{"href":"https:\/\/mdu.edu.az\/ru\/wp-json\/wp\/v2\/types\/post"}],"author":[{"embeddable":true,"href":"https:\/\/mdu.edu.az\/ru\/wp-json\/wp\/v2\/users\/1"}],"replies":[{"embeddable":true,"href":"https:\/\/mdu.edu.az\/ru\/wp-json\/wp\/v2\/comments?post=16074"}],"version-history":[{"count":0,"href":"https:\/\/mdu.edu.az\/ru\/wp-json\/wp\/v2\/posts\/16074\/revisions"}],"wp:attachment":[{"href":"https:\/\/mdu.edu.az\/ru\/wp-json\/wp\/v2\/media?parent=16074"}],"wp:term":[{"taxonomy":"category","embeddable":true,"href":"https:\/\/mdu.edu.az\/ru\/wp-json\/wp\/v2\/categories?post=16074"},{"taxonomy":"post_tag","embeddable":true,"href":"https:\/\/mdu.edu.az\/ru\/wp-json\/wp\/v2\/tags?post=16074"}],"curies":[{"name":"wp","href":"https:\/\/api.w.org\/{rel}","templated":true}]}}